{"id":55262,"date":"2021-01-27T22:39:22","date_gmt":"2021-01-27T22:39:22","guid":{"rendered":"http:\/\/www.celttv.com.ar\/?p=55262"},"modified":"2021-01-27T22:39:22","modified_gmt":"2021-01-27T22:39:22","slug":"garcia-la-informacion-oficial-indica-que-este-ano-vuelve-a-pasar-el-tren-por-la-estacion-de-sierra-de-la-ventana","status":"publish","type":"post","link":"https:\/\/www.celttv.com.ar\/index.php\/2021\/01\/27\/garcia-la-informacion-oficial-indica-que-este-ano-vuelve-a-pasar-el-tren-por-la-estacion-de-sierra-de-la-ventana\/","title":{"rendered":"Garc\u00eda: &#8220;La informaci\u00f3n oficial indica que este a\u00f1o vuelve a pasar el tren por la estaci\u00f3n de Sierra de la Ventana&#8221;"},"content":{"rendered":"<p>El Jefe de la Estaci\u00f3n de Tren de Sierra de la Ventana, Marcelo Garc\u00eda, se refiri\u00f3 a la venta de pasajes que se est\u00e1 realizando desde la localidad serrana -con descuentos para el sector pasivo- y al inminente regreso del servicio por el Ramal Pringles.<\/p>\n<div class=\"jeg_video_container jeg_video_content\"><iframe loading=\"lazy\" title=\"2021 01 27 COMUNICACION VIA SKYPE CON MARCELO GARCIA\" width=\"500\" height=\"281\" src=\"https:\/\/www.youtube.com\/embed\/L9GoU9jVNe4?feature=oembed\" frameborder=\"0\" allow=\"accelerometer; autoplay; clipboard-write; encrypted-media; gyroscope; picture-in-picture; web-share\" referrerpolicy=\"strict-origin-when-cross-origin\" allowfullscreen><\/iframe><\/div>\n","protected":false},"excerpt":{"rendered":"<p>El Jefe de la Estaci\u00f3n de Tren de Sierra de la Ventana, Marcelo Garc\u00eda, se refiri\u00f3 a la venta de pasajes que se est\u00e1 realizando desde la localidad serrana -con descuentos para el sector pasivo- y al inminente regreso del servicio por el Ramal Pringles.<\/p>\n","protected":false},"author":1,"featured_media":55263,"comment_status":"closed","ping_status":"open","sticky":false,"template":"","format":"standard","meta":{"footnotes":""},"categories":[55,51,52,58],"tags":[],"class_list":["post-55262","post","type-post","status-publish","format-standard","has-post-thumbnail","hentry","category-celt-tv-noticias","category-comunidad","category-destacadas","category-turismo"],"yoast_head":"<!-- This site is optimized with the Yoast SEO plugin v19.7.1 - https:\/\/yoast.com\/wordpress\/plugins\/seo\/ -->\n<title>Garc\u00eda: &quot;La informaci\u00f3n oficial indica que este a\u00f1o vuelve a pasar el tren por la estaci\u00f3n de Sierra de la Ventana&quot; - CELTTV<\/title>\n<meta name=\"description\" content=\"Sitio web de noticias de la localidad de Tornquist, provincia de Buenos Aires, Rep\u00fablica Argentina. Contenido propio originado por periodistas de CELTTV, el canal de TV local de la Cooperativa El\u00e9ctrica de Tornquist. Turismo, Pol\u00edtica, Sociedad, Deporte, Cultura y todo el contenido de inter\u00e9s general que la gente del pueblo y la regi\u00f3n debe conocer.\" \/>\n<meta name=\"robots\" content=\"index, follow, max-snippet:-1, max-image-preview:large, max-video-preview:-1\" \/>\n<link rel=\"canonical\" href=\"https:\/\/www.celttv.com.ar\/index.php\/2021\/01\/27\/garcia-la-informacion-oficial-indica-que-este-ano-vuelve-a-pasar-el-tren-por-la-estacion-de-sierra-de-la-ventana\/\" \/>\n<meta property=\"og:locale\" content=\"es_ES\" \/>\n<meta property=\"og:type\" content=\"article\" \/>\n<meta property=\"og:title\" content=\"Garc\u00eda: &quot;La informaci\u00f3n oficial indica que este a\u00f1o vuelve a pasar el tren por la estaci\u00f3n de Sierra de la Ventana&quot; - CELTTV\" \/>\n<meta property=\"og:description\" content=\"Sitio web de noticias de la localidad de Tornquist, provincia de Buenos Aires, Rep\u00fablica Argentina. Contenido propio originado por periodistas de CELTTV, el canal de TV local de la Cooperativa El\u00e9ctrica de Tornquist. Turismo, Pol\u00edtica, Sociedad, Deporte, Cultura y todo el contenido de inter\u00e9s general que la gente del pueblo y la regi\u00f3n debe conocer.\" \/>\n<meta property=\"og:url\" content=\"https:\/\/www.celttv.com.ar\/index.php\/2021\/01\/27\/garcia-la-informacion-oficial-indica-que-este-ano-vuelve-a-pasar-el-tren-por-la-estacion-de-sierra-de-la-ventana\/\" \/>\n<meta property=\"og:site_name\" content=\"CELTTV\" \/>\n<meta property=\"article:publisher\" content=\"https:\/\/www.facebook.com\/celtTV\/\" \/>\n<meta property=\"article:published_time\" content=\"2021-01-27T22:39:22+00:00\" \/>\n<meta property=\"og:image\" content=\"https:\/\/www.celttv.com.ar\/wp-content\/uploads\/2021\/01\/PES-NOV-2013-321.jpg\" \/>\n\t<meta property=\"og:image:width\" content=\"1600\" \/>\n\t<meta property=\"og:image:height\" content=\"964\" \/>\n\t<meta property=\"og:image:type\" content=\"image\/jpeg\" \/>\n<meta name=\"author\" content=\"ulises\" \/>\n<meta name=\"twitter:card\" content=\"summary_large_image\" \/>\n<meta name=\"twitter:label1\" content=\"Escrito por\" \/>\n\t<meta name=\"twitter:data1\" content=\"ulises\" \/>\n<script type=\"application\/ld+json\" class=\"yoast-schema-graph\">{\"@context\":\"https:\/\/schema.org\",\"@graph\":[{\"@type\":\"NewsArticle\",\"@id\":\"https:\/\/www.celttv.com.ar\/index.php\/2021\/01\/27\/garcia-la-informacion-oficial-indica-que-este-ano-vuelve-a-pasar-el-tren-por-la-estacion-de-sierra-de-la-ventana\/#article\",\"isPartOf\":{\"@id\":\"https:\/\/www.celttv.com.ar\/index.php\/2021\/01\/27\/garcia-la-informacion-oficial-indica-que-este-ano-vuelve-a-pasar-el-tren-por-la-estacion-de-sierra-de-la-ventana\/\"},\"author\":{\"name\":\"ulises\",\"@id\":\"https:\/\/www.celttv.com.ar\/#\/schema\/person\/6d99c072dba59953809c81446e9d0ace\"},\"headline\":\"Garc\u00eda: &#8220;La informaci\u00f3n oficial indica que este a\u00f1o vuelve a pasar el tren por la estaci\u00f3n de Sierra de la Ventana&#8221;\",\"datePublished\":\"2021-01-27T22:39:22+00:00\",\"dateModified\":\"2021-01-27T22:39:22+00:00\",\"mainEntityOfPage\":{\"@id\":\"https:\/\/www.celttv.com.ar\/index.php\/2021\/01\/27\/garcia-la-informacion-oficial-indica-que-este-ano-vuelve-a-pasar-el-tren-por-la-estacion-de-sierra-de-la-ventana\/\"},\"wordCount\":81,\"publisher\":{\"@id\":\"https:\/\/www.celttv.com.ar\/#organization\"},\"articleSection\":[\"Celt TV Noticias\",\"Comunidad\",\"Destacadas\",\"Turismo\"],\"inLanguage\":\"es\"},{\"@type\":\"WebPage\",\"@id\":\"https:\/\/www.celttv.com.ar\/index.php\/2021\/01\/27\/garcia-la-informacion-oficial-indica-que-este-ano-vuelve-a-pasar-el-tren-por-la-estacion-de-sierra-de-la-ventana\/\",\"url\":\"https:\/\/www.celttv.com.ar\/index.php\/2021\/01\/27\/garcia-la-informacion-oficial-indica-que-este-ano-vuelve-a-pasar-el-tren-por-la-estacion-de-sierra-de-la-ventana\/\",\"name\":\"Garc\u00eda: \\\"La informaci\u00f3n oficial indica que este a\u00f1o vuelve a pasar el tren por la estaci\u00f3n de Sierra de la Ventana\\\" - CELTTV\",\"isPartOf\":{\"@id\":\"https:\/\/www.celttv.com.ar\/#website\"},\"datePublished\":\"2021-01-27T22:39:22+00:00\",\"dateModified\":\"2021-01-27T22:39:22+00:00\",\"description\":\"Sitio web de noticias de la localidad de Tornquist, provincia de Buenos Aires, Rep\u00fablica Argentina. Contenido propio originado por periodistas de CELTTV, el canal de TV local de la Cooperativa El\u00e9ctrica de Tornquist. Turismo, Pol\u00edtica, Sociedad, Deporte, Cultura y todo el contenido de inter\u00e9s general que la gente del pueblo y la regi\u00f3n debe conocer.\",\"breadcrumb\":{\"@id\":\"https:\/\/www.celttv.com.ar\/index.php\/2021\/01\/27\/garcia-la-informacion-oficial-indica-que-este-ano-vuelve-a-pasar-el-tren-por-la-estacion-de-sierra-de-la-ventana\/#breadcrumb\"},\"inLanguage\":\"es\",\"potentialAction\":[{\"@type\":\"ReadAction\",\"target\":[\"https:\/\/www.celttv.com.ar\/index.php\/2021\/01\/27\/garcia-la-informacion-oficial-indica-que-este-ano-vuelve-a-pasar-el-tren-por-la-estacion-de-sierra-de-la-ventana\/\"]}]},{\"@type\":\"BreadcrumbList\",\"@id\":\"https:\/\/www.celttv.com.ar\/index.php\/2021\/01\/27\/garcia-la-informacion-oficial-indica-que-este-ano-vuelve-a-pasar-el-tren-por-la-estacion-de-sierra-de-la-ventana\/#breadcrumb\",\"itemListElement\":[{\"@type\":\"ListItem\",\"position\":1,\"name\":\"Inicio\",\"item\":\"https:\/\/www.celttv.com.ar\/\"},{\"@type\":\"ListItem\",\"position\":2,\"name\":\"Garc\u00eda: &#8220;La informaci\u00f3n oficial indica que este a\u00f1o vuelve a pasar el tren por la estaci\u00f3n de Sierra de la Ventana&#8221;\"}]},{\"@type\":\"WebSite\",\"@id\":\"https:\/\/www.celttv.com.ar\/#website\",\"url\":\"https:\/\/www.celttv.com.ar\/\",\"name\":\"CELTTV\",\"description\":\"Cooperativa El\u00e9ctrica de Tornquist\",\"publisher\":{\"@id\":\"https:\/\/www.celttv.com.ar\/#organization\"},\"potentialAction\":[{\"@type\":\"SearchAction\",\"target\":{\"@type\":\"EntryPoint\",\"urlTemplate\":\"https:\/\/www.celttv.com.ar\/?s={search_term_string}\"},\"query-input\":\"required name=search_term_string\"}],\"inLanguage\":\"es\"},{\"@type\":\"Organization\",\"@id\":\"https:\/\/www.celttv.com.ar\/#organization\",\"name\":\"CELTTV\",\"url\":\"https:\/\/www.celttv.com.ar\/\",\"sameAs\":[\"https:\/\/www.youtube.com\/channel\/UCz_oIt8Hig64Ub-EmcNPIhg\",\"https:\/\/www.facebook.com\/celtTV\/\"],\"logo\":{\"@type\":\"ImageObject\",\"inLanguage\":\"es\",\"@id\":\"https:\/\/www.celttv.com.ar\/#\/schema\/logo\/image\/\",\"url\":\"http:\/\/www.celttv.com.ar\/wp-content\/uploads\/2022\/08\/logo-1.png\",\"contentUrl\":\"http:\/\/www.celttv.com.ar\/wp-content\/uploads\/2022\/08\/logo-1.png\",\"width\":461,\"height\":159,\"caption\":\"CELTTV\"},\"image\":{\"@id\":\"https:\/\/www.celttv.com.ar\/#\/schema\/logo\/image\/\"}},{\"@type\":\"Person\",\"@id\":\"https:\/\/www.celttv.com.ar\/#\/schema\/person\/6d99c072dba59953809c81446e9d0ace\",\"name\":\"ulises\",\"image\":{\"@type\":\"ImageObject\",\"inLanguage\":\"es\",\"@id\":\"https:\/\/www.celttv.com.ar\/#\/schema\/person\/image\/\",\"url\":\"https:\/\/secure.gravatar.com\/avatar\/7f2c48bdc33b30088f941fb6082e555f2874c98e20cb159d7b92b50eadfce793?s=96&d=mm&r=g\",\"contentUrl\":\"https:\/\/secure.gravatar.com\/avatar\/7f2c48bdc33b30088f941fb6082e555f2874c98e20cb159d7b92b50eadfce793?s=96&d=mm&r=g\",\"caption\":\"ulises\"},\"sameAs\":[\"http:\/\/www.celttv.com.ar\"]}]}<\/script>\n<!-- \/ Yoast SEO plugin. -->","yoast_head_json":{"title":"Garc\u00eda: \"La informaci\u00f3n oficial indica que este a\u00f1o vuelve a pasar el tren por la estaci\u00f3n de Sierra de la Ventana\" - CELTTV","description":"Sitio web de noticias de la localidad de Tornquist, provincia de Buenos Aires, Rep\u00fablica Argentina. Contenido propio originado por periodistas de CELTTV, el canal de TV local de la Cooperativa El\u00e9ctrica de Tornquist. Turismo, Pol\u00edtica, Sociedad, Deporte, Cultura y todo el contenido de inter\u00e9s general que la gente del pueblo y la regi\u00f3n debe conocer.","robots":{"index":"index","follow":"follow","max-snippet":"max-snippet:-1","max-image-preview":"max-image-preview:large","max-video-preview":"max-video-preview:-1"},"canonical":"https:\/\/www.celttv.com.ar\/index.php\/2021\/01\/27\/garcia-la-informacion-oficial-indica-que-este-ano-vuelve-a-pasar-el-tren-por-la-estacion-de-sierra-de-la-ventana\/","og_locale":"es_ES","og_type":"article","og_title":"Garc\u00eda: \"La informaci\u00f3n oficial indica que este a\u00f1o vuelve a pasar el tren por la estaci\u00f3n de Sierra de la Ventana\" - CELTTV","og_description":"Sitio web de noticias de la localidad de Tornquist, provincia de Buenos Aires, Rep\u00fablica Argentina. Contenido propio originado por periodistas de CELTTV, el canal de TV local de la Cooperativa El\u00e9ctrica de Tornquist. Turismo, Pol\u00edtica, Sociedad, Deporte, Cultura y todo el contenido de inter\u00e9s general que la gente del pueblo y la regi\u00f3n debe conocer.","og_url":"https:\/\/www.celttv.com.ar\/index.php\/2021\/01\/27\/garcia-la-informacion-oficial-indica-que-este-ano-vuelve-a-pasar-el-tren-por-la-estacion-de-sierra-de-la-ventana\/","og_site_name":"CELTTV","article_publisher":"https:\/\/www.facebook.com\/celtTV\/","article_published_time":"2021-01-27T22:39:22+00:00","og_image":[{"width":1600,"height":964,"url":"https:\/\/www.celttv.com.ar\/wp-content\/uploads\/2021\/01\/PES-NOV-2013-321.jpg","type":"image\/jpeg"}],"author":"ulises","twitter_card":"summary_large_image","twitter_misc":{"Escrito por":"ulises"},"schema":{"@context":"https:\/\/schema.org","@graph":[{"@type":"NewsArticle","@id":"https:\/\/www.celttv.com.ar\/index.php\/2021\/01\/27\/garcia-la-informacion-oficial-indica-que-este-ano-vuelve-a-pasar-el-tren-por-la-estacion-de-sierra-de-la-ventana\/#article","isPartOf":{"@id":"https:\/\/www.celttv.com.ar\/index.php\/2021\/01\/27\/garcia-la-informacion-oficial-indica-que-este-ano-vuelve-a-pasar-el-tren-por-la-estacion-de-sierra-de-la-ventana\/"},"author":{"name":"ulises","@id":"https:\/\/www.celttv.com.ar\/#\/schema\/person\/6d99c072dba59953809c81446e9d0ace"},"headline":"Garc\u00eda: &#8220;La informaci\u00f3n oficial indica que este a\u00f1o vuelve a pasar el tren por la estaci\u00f3n de Sierra de la Ventana&#8221;","datePublished":"2021-01-27T22:39:22+00:00","dateModified":"2021-01-27T22:39:22+00:00","mainEntityOfPage":{"@id":"https:\/\/www.celttv.com.ar\/index.php\/2021\/01\/27\/garcia-la-informacion-oficial-indica-que-este-ano-vuelve-a-pasar-el-tren-por-la-estacion-de-sierra-de-la-ventana\/"},"wordCount":81,"publisher":{"@id":"https:\/\/www.celttv.com.ar\/#organization"},"articleSection":["Celt TV Noticias","Comunidad","Destacadas","Turismo"],"inLanguage":"es"},{"@type":"WebPage","@id":"https:\/\/www.celttv.com.ar\/index.php\/2021\/01\/27\/garcia-la-informacion-oficial-indica-que-este-ano-vuelve-a-pasar-el-tren-por-la-estacion-de-sierra-de-la-ventana\/","url":"https:\/\/www.celttv.com.ar\/index.php\/2021\/01\/27\/garcia-la-informacion-oficial-indica-que-este-ano-vuelve-a-pasar-el-tren-por-la-estacion-de-sierra-de-la-ventana\/","name":"Garc\u00eda: \"La informaci\u00f3n oficial indica que este a\u00f1o vuelve a pasar el tren por la estaci\u00f3n de Sierra de la Ventana\" - CELTTV","isPartOf":{"@id":"https:\/\/www.celttv.com.ar\/#website"},"datePublished":"2021-01-27T22:39:22+00:00","dateModified":"2021-01-27T22:39:22+00:00","description":"Sitio web de noticias de la localidad de Tornquist, provincia de Buenos Aires, Rep\u00fablica Argentina. Contenido propio originado por periodistas de CELTTV, el canal de TV local de la Cooperativa El\u00e9ctrica de Tornquist. Turismo, Pol\u00edtica, Sociedad, Deporte, Cultura y todo el contenido de inter\u00e9s general que la gente del pueblo y la regi\u00f3n debe conocer.","breadcrumb":{"@id":"https:\/\/www.celttv.com.ar\/index.php\/2021\/01\/27\/garcia-la-informacion-oficial-indica-que-este-ano-vuelve-a-pasar-el-tren-por-la-estacion-de-sierra-de-la-ventana\/#breadcrumb"},"inLanguage":"es","potentialAction":[{"@type":"ReadAction","target":["https:\/\/www.celttv.com.ar\/index.php\/2021\/01\/27\/garcia-la-informacion-oficial-indica-que-este-ano-vuelve-a-pasar-el-tren-por-la-estacion-de-sierra-de-la-ventana\/"]}]},{"@type":"BreadcrumbList","@id":"https:\/\/www.celttv.com.ar\/index.php\/2021\/01\/27\/garcia-la-informacion-oficial-indica-que-este-ano-vuelve-a-pasar-el-tren-por-la-estacion-de-sierra-de-la-ventana\/#breadcrumb","itemListElement":[{"@type":"ListItem","position":1,"name":"Inicio","item":"https:\/\/www.celttv.com.ar\/"},{"@type":"ListItem","position":2,"name":"Garc\u00eda: &#8220;La informaci\u00f3n oficial indica que este a\u00f1o vuelve a pasar el tren por la estaci\u00f3n de Sierra de la Ventana&#8221;"}]},{"@type":"WebSite","@id":"https:\/\/www.celttv.com.ar\/#website","url":"https:\/\/www.celttv.com.ar\/","name":"CELTTV","description":"Cooperativa El\u00e9ctrica de Tornquist","publisher":{"@id":"https:\/\/www.celttv.com.ar\/#organization"},"potentialAction":[{"@type":"SearchAction","target":{"@type":"EntryPoint","urlTemplate":"https:\/\/www.celttv.com.ar\/?s={search_term_string}"},"query-input":"required name=search_term_string"}],"inLanguage":"es"},{"@type":"Organization","@id":"https:\/\/www.celttv.com.ar\/#organization","name":"CELTTV","url":"https:\/\/www.celttv.com.ar\/","sameAs":["https:\/\/www.youtube.com\/channel\/UCz_oIt8Hig64Ub-EmcNPIhg","https:\/\/www.facebook.com\/celtTV\/"],"logo":{"@type":"ImageObject","inLanguage":"es","@id":"https:\/\/www.celttv.com.ar\/#\/schema\/logo\/image\/","url":"http:\/\/www.celttv.com.ar\/wp-content\/uploads\/2022\/08\/logo-1.png","contentUrl":"http:\/\/www.celttv.com.ar\/wp-content\/uploads\/2022\/08\/logo-1.png","width":461,"height":159,"caption":"CELTTV"},"image":{"@id":"https:\/\/www.celttv.com.ar\/#\/schema\/logo\/image\/"}},{"@type":"Person","@id":"https:\/\/www.celttv.com.ar\/#\/schema\/person\/6d99c072dba59953809c81446e9d0ace","name":"ulises","image":{"@type":"ImageObject","inLanguage":"es","@id":"https:\/\/www.celttv.com.ar\/#\/schema\/person\/image\/","url":"https:\/\/secure.gravatar.com\/avatar\/7f2c48bdc33b30088f941fb6082e555f2874c98e20cb159d7b92b50eadfce793?s=96&d=mm&r=g","contentUrl":"https:\/\/secure.gravatar.com\/avatar\/7f2c48bdc33b30088f941fb6082e555f2874c98e20cb159d7b92b50eadfce793?s=96&d=mm&r=g","caption":"ulises"},"sameAs":["http:\/\/www.celttv.com.ar"]}]}},"_links":{"self":[{"href":"https:\/\/www.celttv.com.ar\/index.php\/wp-json\/wp\/v2\/posts\/55262","targetHints":{"allow":["GET"]}}],"collection":[{"href":"https:\/\/www.celttv.com.ar\/index.php\/wp-json\/wp\/v2\/posts"}],"about":[{"href":"https:\/\/www.celttv.com.ar\/index.php\/wp-json\/wp\/v2\/types\/post"}],"author":[{"embeddable":true,"href":"https:\/\/www.celttv.com.ar\/index.php\/wp-json\/wp\/v2\/users\/1"}],"replies":[{"embeddable":true,"href":"https:\/\/www.celttv.com.ar\/index.php\/wp-json\/wp\/v2\/comments?post=55262"}],"version-history":[{"count":0,"href":"https:\/\/www.celttv.com.ar\/index.php\/wp-json\/wp\/v2\/posts\/55262\/revisions"}],"wp:featuredmedia":[{"embeddable":true,"href":"https:\/\/www.celttv.com.ar\/index.php\/wp-json\/wp\/v2\/media\/55263"}],"wp:attachment":[{"href":"https:\/\/www.celttv.com.ar\/index.php\/wp-json\/wp\/v2\/media?parent=55262"}],"wp:term":[{"taxonomy":"category","embeddable":true,"href":"https:\/\/www.celttv.com.ar\/index.php\/wp-json\/wp\/v2\/categories?post=55262"},{"taxonomy":"post_tag","embeddable":true,"href":"https:\/\/www.celttv.com.ar\/index.php\/wp-json\/wp\/v2\/tags?post=55262"}],"curies":[{"name":"wp","href":"https:\/\/api.w.org\/{rel}","templated":true}]}}