{"id":55291,"date":"2021-01-28T17:13:47","date_gmt":"2021-01-28T17:13:47","guid":{"rendered":"http:\/\/www.celttv.com.ar\/?p=55291"},"modified":"2021-01-28T17:13:47","modified_gmt":"2021-01-28T17:13:47","slug":"marcolini-la-pandemia-hizo-que-los-empleados-de-papelera-nos-adaptaramos-a-la-situacion-para-poder-seguir-trabajando","status":"publish","type":"post","link":"https:\/\/www.celttv.com.ar\/index.php\/2021\/01\/28\/marcolini-la-pandemia-hizo-que-los-empleados-de-papelera-nos-adaptaramos-a-la-situacion-para-poder-seguir-trabajando\/","title":{"rendered":"MARCOLINI: &#8220;La pandemia hizo que los empleados de Papelera nos adapt\u00e1ramos a la situaci\u00f3n para poder seguir trabajando&#8221;"},"content":{"rendered":"<p>El secretario gremial del <strong>Sindicato de Papeleros de Tornquist<\/strong>, <strong>Ceferino Marcolini<\/strong>, dialog\u00f3 con <strong>CELTTV NOTICIAS<\/strong> y realiz\u00f3 un balance de la situaci\u00f3n sanitaria y laboral que han atravesado -desde el inicio de la pandemia a la actualidad- los trabajadores de Papelera del Sur.<\/p>\n<div class=\"jeg_video_container jeg_video_content\"><iframe loading=\"lazy\" title=\"2021 01 28 NOTA A CEFERINO MARCOLINI   SITUACION SANITARIA Y LABORAL DE PAPELERA DEL SUR\" width=\"500\" height=\"281\" src=\"https:\/\/www.youtube.com\/embed\/3r8DHku21Jk?feature=oembed\" frameborder=\"0\" allow=\"accelerometer; autoplay; clipboard-write; encrypted-media; gyroscope; picture-in-picture; web-share\" referrerpolicy=\"strict-origin-when-cross-origin\" allowfullscreen><\/iframe><\/div>\n","protected":false},"excerpt":{"rendered":"<p>El secretario gremial del Sindicato de Papeleros de Tornquist, Ceferino Marcolini, dialog\u00f3 con CELTTV NOTICIAS y realiz\u00f3 un balance de la situaci\u00f3n sanitaria y laboral que han atravesado -desde el inicio de la pandemia a la actualidad- los trabajadores de Papelera del Sur.<\/p>\n","protected":false},"author":1,"featured_media":55292,"comment_status":"closed","ping_status":"open","sticky":false,"template":"","format":"standard","meta":{"footnotes":""},"categories":[55,51,52],"tags":[],"class_list":["post-55291","post","type-post","status-publish","format-standard","has-post-thumbnail","hentry","category-celt-tv-noticias","category-comunidad","category-destacadas"],"yoast_head":"<!-- This site is optimized with the Yoast SEO plugin v19.7.1 - https:\/\/yoast.com\/wordpress\/plugins\/seo\/ -->\n<title>MARCOLINI: &quot;La pandemia hizo que los empleados de Papelera nos adapt\u00e1ramos a la situaci\u00f3n para poder seguir trabajando&quot; - CELTTV<\/title>\n<meta name=\"description\" content=\"Sitio web de noticias de la localidad de Tornquist, provincia de Buenos Aires, Rep\u00fablica Argentina. Contenido propio originado por periodistas de CELTTV, el canal de TV local de la Cooperativa El\u00e9ctrica de Tornquist. Turismo, Pol\u00edtica, Sociedad, Deporte, Cultura y todo el contenido de inter\u00e9s general que la gente del pueblo y la regi\u00f3n debe conocer.\" \/>\n<meta name=\"robots\" content=\"index, follow, max-snippet:-1, max-image-preview:large, max-video-preview:-1\" \/>\n<link rel=\"canonical\" href=\"https:\/\/www.celttv.com.ar\/index.php\/2021\/01\/28\/marcolini-la-pandemia-hizo-que-los-empleados-de-papelera-nos-adaptaramos-a-la-situacion-para-poder-seguir-trabajando\/\" \/>\n<meta property=\"og:locale\" content=\"es_ES\" \/>\n<meta property=\"og:type\" content=\"article\" \/>\n<meta property=\"og:title\" content=\"MARCOLINI: &quot;La pandemia hizo que los empleados de Papelera nos adapt\u00e1ramos a la situaci\u00f3n para poder seguir trabajando&quot; - CELTTV\" \/>\n<meta property=\"og:description\" content=\"Sitio web de noticias de la localidad de Tornquist, provincia de Buenos Aires, Rep\u00fablica Argentina. Contenido propio originado por periodistas de CELTTV, el canal de TV local de la Cooperativa El\u00e9ctrica de Tornquist. Turismo, Pol\u00edtica, Sociedad, Deporte, Cultura y todo el contenido de inter\u00e9s general que la gente del pueblo y la regi\u00f3n debe conocer.\" \/>\n<meta property=\"og:url\" content=\"https:\/\/www.celttv.com.ar\/index.php\/2021\/01\/28\/marcolini-la-pandemia-hizo-que-los-empleados-de-papelera-nos-adaptaramos-a-la-situacion-para-poder-seguir-trabajando\/\" \/>\n<meta property=\"og:site_name\" content=\"CELTTV\" \/>\n<meta property=\"article:publisher\" content=\"https:\/\/www.facebook.com\/celtTV\/\" \/>\n<meta property=\"article:published_time\" content=\"2021-01-28T17:13:47+00:00\" \/>\n<meta property=\"og:image\" content=\"https:\/\/www.celttv.com.ar\/wp-content\/uploads\/2021\/01\/9a85f2b6-c812-4e5f-9d6e-66dd02a821ee-1.jpg\" \/>\n\t<meta property=\"og:image:width\" content=\"469\" \/>\n\t<meta property=\"og:image:height\" content=\"399\" \/>\n\t<meta property=\"og:image:type\" content=\"image\/jpeg\" \/>\n<meta name=\"author\" content=\"ulises\" \/>\n<meta name=\"twitter:card\" content=\"summary_large_image\" \/>\n<meta name=\"twitter:label1\" content=\"Escrito por\" \/>\n\t<meta name=\"twitter:data1\" content=\"ulises\" \/>\n<script type=\"application\/ld+json\" class=\"yoast-schema-graph\">{\"@context\":\"https:\/\/schema.org\",\"@graph\":[{\"@type\":\"NewsArticle\",\"@id\":\"https:\/\/www.celttv.com.ar\/index.php\/2021\/01\/28\/marcolini-la-pandemia-hizo-que-los-empleados-de-papelera-nos-adaptaramos-a-la-situacion-para-poder-seguir-trabajando\/#article\",\"isPartOf\":{\"@id\":\"https:\/\/www.celttv.com.ar\/index.php\/2021\/01\/28\/marcolini-la-pandemia-hizo-que-los-empleados-de-papelera-nos-adaptaramos-a-la-situacion-para-poder-seguir-trabajando\/\"},\"author\":{\"name\":\"ulises\",\"@id\":\"https:\/\/www.celttv.com.ar\/#\/schema\/person\/6d99c072dba59953809c81446e9d0ace\"},\"headline\":\"MARCOLINI: &#8220;La pandemia hizo que los empleados de Papelera nos adapt\u00e1ramos a la situaci\u00f3n para poder seguir trabajando&#8221;\",\"datePublished\":\"2021-01-28T17:13:47+00:00\",\"dateModified\":\"2021-01-28T17:13:47+00:00\",\"mainEntityOfPage\":{\"@id\":\"https:\/\/www.celttv.com.ar\/index.php\/2021\/01\/28\/marcolini-la-pandemia-hizo-que-los-empleados-de-papelera-nos-adaptaramos-a-la-situacion-para-poder-seguir-trabajando\/\"},\"wordCount\":73,\"publisher\":{\"@id\":\"https:\/\/www.celttv.com.ar\/#organization\"},\"articleSection\":[\"Celt TV Noticias\",\"Comunidad\",\"Destacadas\"],\"inLanguage\":\"es\"},{\"@type\":\"WebPage\",\"@id\":\"https:\/\/www.celttv.com.ar\/index.php\/2021\/01\/28\/marcolini-la-pandemia-hizo-que-los-empleados-de-papelera-nos-adaptaramos-a-la-situacion-para-poder-seguir-trabajando\/\",\"url\":\"https:\/\/www.celttv.com.ar\/index.php\/2021\/01\/28\/marcolini-la-pandemia-hizo-que-los-empleados-de-papelera-nos-adaptaramos-a-la-situacion-para-poder-seguir-trabajando\/\",\"name\":\"MARCOLINI: \\\"La pandemia hizo que los empleados de Papelera nos adapt\u00e1ramos a la situaci\u00f3n para poder seguir trabajando\\\" - CELTTV\",\"isPartOf\":{\"@id\":\"https:\/\/www.celttv.com.ar\/#website\"},\"datePublished\":\"2021-01-28T17:13:47+00:00\",\"dateModified\":\"2021-01-28T17:13:47+00:00\",\"description\":\"Sitio web de noticias de la localidad de Tornquist, provincia de Buenos Aires, Rep\u00fablica Argentina. Contenido propio originado por periodistas de CELTTV, el canal de TV local de la Cooperativa El\u00e9ctrica de Tornquist. Turismo, Pol\u00edtica, Sociedad, Deporte, Cultura y todo el contenido de inter\u00e9s general que la gente del pueblo y la regi\u00f3n debe conocer.\",\"breadcrumb\":{\"@id\":\"https:\/\/www.celttv.com.ar\/index.php\/2021\/01\/28\/marcolini-la-pandemia-hizo-que-los-empleados-de-papelera-nos-adaptaramos-a-la-situacion-para-poder-seguir-trabajando\/#breadcrumb\"},\"inLanguage\":\"es\",\"potentialAction\":[{\"@type\":\"ReadAction\",\"target\":[\"https:\/\/www.celttv.com.ar\/index.php\/2021\/01\/28\/marcolini-la-pandemia-hizo-que-los-empleados-de-papelera-nos-adaptaramos-a-la-situacion-para-poder-seguir-trabajando\/\"]}]},{\"@type\":\"BreadcrumbList\",\"@id\":\"https:\/\/www.celttv.com.ar\/index.php\/2021\/01\/28\/marcolini-la-pandemia-hizo-que-los-empleados-de-papelera-nos-adaptaramos-a-la-situacion-para-poder-seguir-trabajando\/#breadcrumb\",\"itemListElement\":[{\"@type\":\"ListItem\",\"position\":1,\"name\":\"Inicio\",\"item\":\"https:\/\/www.celttv.com.ar\/\"},{\"@type\":\"ListItem\",\"position\":2,\"name\":\"MARCOLINI: &#8220;La pandemia hizo que los empleados de Papelera nos adapt\u00e1ramos a la situaci\u00f3n para poder seguir trabajando&#8221;\"}]},{\"@type\":\"WebSite\",\"@id\":\"https:\/\/www.celttv.com.ar\/#website\",\"url\":\"https:\/\/www.celttv.com.ar\/\",\"name\":\"CELTTV\",\"description\":\"Cooperativa El\u00e9ctrica de Tornquist\",\"publisher\":{\"@id\":\"https:\/\/www.celttv.com.ar\/#organization\"},\"potentialAction\":[{\"@type\":\"SearchAction\",\"target\":{\"@type\":\"EntryPoint\",\"urlTemplate\":\"https:\/\/www.celttv.com.ar\/?s={search_term_string}\"},\"query-input\":\"required name=search_term_string\"}],\"inLanguage\":\"es\"},{\"@type\":\"Organization\",\"@id\":\"https:\/\/www.celttv.com.ar\/#organization\",\"name\":\"CELTTV\",\"url\":\"https:\/\/www.celttv.com.ar\/\",\"sameAs\":[\"https:\/\/www.youtube.com\/channel\/UCz_oIt8Hig64Ub-EmcNPIhg\",\"https:\/\/www.facebook.com\/celtTV\/\"],\"logo\":{\"@type\":\"ImageObject\",\"inLanguage\":\"es\",\"@id\":\"https:\/\/www.celttv.com.ar\/#\/schema\/logo\/image\/\",\"url\":\"http:\/\/www.celttv.com.ar\/wp-content\/uploads\/2022\/08\/logo-1.png\",\"contentUrl\":\"http:\/\/www.celttv.com.ar\/wp-content\/uploads\/2022\/08\/logo-1.png\",\"width\":461,\"height\":159,\"caption\":\"CELTTV\"},\"image\":{\"@id\":\"https:\/\/www.celttv.com.ar\/#\/schema\/logo\/image\/\"}},{\"@type\":\"Person\",\"@id\":\"https:\/\/www.celttv.com.ar\/#\/schema\/person\/6d99c072dba59953809c81446e9d0ace\",\"name\":\"ulises\",\"image\":{\"@type\":\"ImageObject\",\"inLanguage\":\"es\",\"@id\":\"https:\/\/www.celttv.com.ar\/#\/schema\/person\/image\/\",\"url\":\"https:\/\/secure.gravatar.com\/avatar\/7f2c48bdc33b30088f941fb6082e555f2874c98e20cb159d7b92b50eadfce793?s=96&d=mm&r=g\",\"contentUrl\":\"https:\/\/secure.gravatar.com\/avatar\/7f2c48bdc33b30088f941fb6082e555f2874c98e20cb159d7b92b50eadfce793?s=96&d=mm&r=g\",\"caption\":\"ulises\"},\"sameAs\":[\"http:\/\/www.celttv.com.ar\"]}]}<\/script>\n<!-- \/ Yoast SEO plugin. -->","yoast_head_json":{"title":"MARCOLINI: \"La pandemia hizo que los empleados de Papelera nos adapt\u00e1ramos a la situaci\u00f3n para poder seguir trabajando\" - CELTTV","description":"Sitio web de noticias de la localidad de Tornquist, provincia de Buenos Aires, Rep\u00fablica Argentina. Contenido propio originado por periodistas de CELTTV, el canal de TV local de la Cooperativa El\u00e9ctrica de Tornquist. Turismo, Pol\u00edtica, Sociedad, Deporte, Cultura y todo el contenido de inter\u00e9s general que la gente del pueblo y la regi\u00f3n debe conocer.","robots":{"index":"index","follow":"follow","max-snippet":"max-snippet:-1","max-image-preview":"max-image-preview:large","max-video-preview":"max-video-preview:-1"},"canonical":"https:\/\/www.celttv.com.ar\/index.php\/2021\/01\/28\/marcolini-la-pandemia-hizo-que-los-empleados-de-papelera-nos-adaptaramos-a-la-situacion-para-poder-seguir-trabajando\/","og_locale":"es_ES","og_type":"article","og_title":"MARCOLINI: \"La pandemia hizo que los empleados de Papelera nos adapt\u00e1ramos a la situaci\u00f3n para poder seguir trabajando\" - CELTTV","og_description":"Sitio web de noticias de la localidad de Tornquist, provincia de Buenos Aires, Rep\u00fablica Argentina. Contenido propio originado por periodistas de CELTTV, el canal de TV local de la Cooperativa El\u00e9ctrica de Tornquist. Turismo, Pol\u00edtica, Sociedad, Deporte, Cultura y todo el contenido de inter\u00e9s general que la gente del pueblo y la regi\u00f3n debe conocer.","og_url":"https:\/\/www.celttv.com.ar\/index.php\/2021\/01\/28\/marcolini-la-pandemia-hizo-que-los-empleados-de-papelera-nos-adaptaramos-a-la-situacion-para-poder-seguir-trabajando\/","og_site_name":"CELTTV","article_publisher":"https:\/\/www.facebook.com\/celtTV\/","article_published_time":"2021-01-28T17:13:47+00:00","og_image":[{"width":469,"height":399,"url":"https:\/\/www.celttv.com.ar\/wp-content\/uploads\/2021\/01\/9a85f2b6-c812-4e5f-9d6e-66dd02a821ee-1.jpg","type":"image\/jpeg"}],"author":"ulises","twitter_card":"summary_large_image","twitter_misc":{"Escrito por":"ulises"},"schema":{"@context":"https:\/\/schema.org","@graph":[{"@type":"NewsArticle","@id":"https:\/\/www.celttv.com.ar\/index.php\/2021\/01\/28\/marcolini-la-pandemia-hizo-que-los-empleados-de-papelera-nos-adaptaramos-a-la-situacion-para-poder-seguir-trabajando\/#article","isPartOf":{"@id":"https:\/\/www.celttv.com.ar\/index.php\/2021\/01\/28\/marcolini-la-pandemia-hizo-que-los-empleados-de-papelera-nos-adaptaramos-a-la-situacion-para-poder-seguir-trabajando\/"},"author":{"name":"ulises","@id":"https:\/\/www.celttv.com.ar\/#\/schema\/person\/6d99c072dba59953809c81446e9d0ace"},"headline":"MARCOLINI: &#8220;La pandemia hizo que los empleados de Papelera nos adapt\u00e1ramos a la situaci\u00f3n para poder seguir trabajando&#8221;","datePublished":"2021-01-28T17:13:47+00:00","dateModified":"2021-01-28T17:13:47+00:00","mainEntityOfPage":{"@id":"https:\/\/www.celttv.com.ar\/index.php\/2021\/01\/28\/marcolini-la-pandemia-hizo-que-los-empleados-de-papelera-nos-adaptaramos-a-la-situacion-para-poder-seguir-trabajando\/"},"wordCount":73,"publisher":{"@id":"https:\/\/www.celttv.com.ar\/#organization"},"articleSection":["Celt TV Noticias","Comunidad","Destacadas"],"inLanguage":"es"},{"@type":"WebPage","@id":"https:\/\/www.celttv.com.ar\/index.php\/2021\/01\/28\/marcolini-la-pandemia-hizo-que-los-empleados-de-papelera-nos-adaptaramos-a-la-situacion-para-poder-seguir-trabajando\/","url":"https:\/\/www.celttv.com.ar\/index.php\/2021\/01\/28\/marcolini-la-pandemia-hizo-que-los-empleados-de-papelera-nos-adaptaramos-a-la-situacion-para-poder-seguir-trabajando\/","name":"MARCOLINI: \"La pandemia hizo que los empleados de Papelera nos adapt\u00e1ramos a la situaci\u00f3n para poder seguir trabajando\" - CELTTV","isPartOf":{"@id":"https:\/\/www.celttv.com.ar\/#website"},"datePublished":"2021-01-28T17:13:47+00:00","dateModified":"2021-01-28T17:13:47+00:00","description":"Sitio web de noticias de la localidad de Tornquist, provincia de Buenos Aires, Rep\u00fablica Argentina. Contenido propio originado por periodistas de CELTTV, el canal de TV local de la Cooperativa El\u00e9ctrica de Tornquist. Turismo, Pol\u00edtica, Sociedad, Deporte, Cultura y todo el contenido de inter\u00e9s general que la gente del pueblo y la regi\u00f3n debe conocer.","breadcrumb":{"@id":"https:\/\/www.celttv.com.ar\/index.php\/2021\/01\/28\/marcolini-la-pandemia-hizo-que-los-empleados-de-papelera-nos-adaptaramos-a-la-situacion-para-poder-seguir-trabajando\/#breadcrumb"},"inLanguage":"es","potentialAction":[{"@type":"ReadAction","target":["https:\/\/www.celttv.com.ar\/index.php\/2021\/01\/28\/marcolini-la-pandemia-hizo-que-los-empleados-de-papelera-nos-adaptaramos-a-la-situacion-para-poder-seguir-trabajando\/"]}]},{"@type":"BreadcrumbList","@id":"https:\/\/www.celttv.com.ar\/index.php\/2021\/01\/28\/marcolini-la-pandemia-hizo-que-los-empleados-de-papelera-nos-adaptaramos-a-la-situacion-para-poder-seguir-trabajando\/#breadcrumb","itemListElement":[{"@type":"ListItem","position":1,"name":"Inicio","item":"https:\/\/www.celttv.com.ar\/"},{"@type":"ListItem","position":2,"name":"MARCOLINI: &#8220;La pandemia hizo que los empleados de Papelera nos adapt\u00e1ramos a la situaci\u00f3n para poder seguir trabajando&#8221;"}]},{"@type":"WebSite","@id":"https:\/\/www.celttv.com.ar\/#website","url":"https:\/\/www.celttv.com.ar\/","name":"CELTTV","description":"Cooperativa El\u00e9ctrica de Tornquist","publisher":{"@id":"https:\/\/www.celttv.com.ar\/#organization"},"potentialAction":[{"@type":"SearchAction","target":{"@type":"EntryPoint","urlTemplate":"https:\/\/www.celttv.com.ar\/?s={search_term_string}"},"query-input":"required name=search_term_string"}],"inLanguage":"es"},{"@type":"Organization","@id":"https:\/\/www.celttv.com.ar\/#organization","name":"CELTTV","url":"https:\/\/www.celttv.com.ar\/","sameAs":["https:\/\/www.youtube.com\/channel\/UCz_oIt8Hig64Ub-EmcNPIhg","https:\/\/www.facebook.com\/celtTV\/"],"logo":{"@type":"ImageObject","inLanguage":"es","@id":"https:\/\/www.celttv.com.ar\/#\/schema\/logo\/image\/","url":"http:\/\/www.celttv.com.ar\/wp-content\/uploads\/2022\/08\/logo-1.png","contentUrl":"http:\/\/www.celttv.com.ar\/wp-content\/uploads\/2022\/08\/logo-1.png","width":461,"height":159,"caption":"CELTTV"},"image":{"@id":"https:\/\/www.celttv.com.ar\/#\/schema\/logo\/image\/"}},{"@type":"Person","@id":"https:\/\/www.celttv.com.ar\/#\/schema\/person\/6d99c072dba59953809c81446e9d0ace","name":"ulises","image":{"@type":"ImageObject","inLanguage":"es","@id":"https:\/\/www.celttv.com.ar\/#\/schema\/person\/image\/","url":"https:\/\/secure.gravatar.com\/avatar\/7f2c48bdc33b30088f941fb6082e555f2874c98e20cb159d7b92b50eadfce793?s=96&d=mm&r=g","contentUrl":"https:\/\/secure.gravatar.com\/avatar\/7f2c48bdc33b30088f941fb6082e555f2874c98e20cb159d7b92b50eadfce793?s=96&d=mm&r=g","caption":"ulises"},"sameAs":["http:\/\/www.celttv.com.ar"]}]}},"_links":{"self":[{"href":"https:\/\/www.celttv.com.ar\/index.php\/wp-json\/wp\/v2\/posts\/55291","targetHints":{"allow":["GET"]}}],"collection":[{"href":"https:\/\/www.celttv.com.ar\/index.php\/wp-json\/wp\/v2\/posts"}],"about":[{"href":"https:\/\/www.celttv.com.ar\/index.php\/wp-json\/wp\/v2\/types\/post"}],"author":[{"embeddable":true,"href":"https:\/\/www.celttv.com.ar\/index.php\/wp-json\/wp\/v2\/users\/1"}],"replies":[{"embeddable":true,"href":"https:\/\/www.celttv.com.ar\/index.php\/wp-json\/wp\/v2\/comments?post=55291"}],"version-history":[{"count":0,"href":"https:\/\/www.celttv.com.ar\/index.php\/wp-json\/wp\/v2\/posts\/55291\/revisions"}],"wp:featuredmedia":[{"embeddable":true,"href":"https:\/\/www.celttv.com.ar\/index.php\/wp-json\/wp\/v2\/media\/55292"}],"wp:attachment":[{"href":"https:\/\/www.celttv.com.ar\/index.php\/wp-json\/wp\/v2\/media?parent=55291"}],"wp:term":[{"taxonomy":"category","embeddable":true,"href":"https:\/\/www.celttv.com.ar\/index.php\/wp-json\/wp\/v2\/categories?post=55291"},{"taxonomy":"post_tag","embeddable":true,"href":"https:\/\/www.celttv.com.ar\/index.php\/wp-json\/wp\/v2\/tags?post=55291"}],"curies":[{"name":"wp","href":"https:\/\/api.w.org\/{rel}","templated":true}]}}