{"id":55315,"date":"2021-01-29T19:06:39","date_gmt":"2021-01-29T19:06:39","guid":{"rendered":"http:\/\/www.celttv.com.ar\/?p=55315"},"modified":"2021-01-29T19:06:39","modified_gmt":"2021-01-29T19:06:39","slug":"la-escuela-municipal-de-atletismo-y-verano-atr-de-villa-ventana-cerraron-juntos-el-mes-de-enero","status":"publish","type":"post","link":"https:\/\/www.celttv.com.ar\/index.php\/2021\/01\/29\/la-escuela-municipal-de-atletismo-y-verano-atr-de-villa-ventana-cerraron-juntos-el-mes-de-enero\/","title":{"rendered":"La Escuela Municipal de Atletismo y Verano ATR de Villa Ventana cerraron juntos el mes de enero"},"content":{"rendered":"<p>La Escuela Municipal de Atletismo y la sede de Villa Ventana del programa \u2018Verano ATR\u2019, llevaron a cabo este viernes por la ma\u00f1ana diferentes actividades en conjunto.<\/p>\n<p>La jornada tuvo lugar en la pista de atletismo de Villa Ventana y fue coordinada por el Prof. Nicolas Cabral. All\u00ed, los ni\u00f1os y ni\u00f1as realizaron diferentes juegos relacionados a la actividad, tales como saltos, lanzamientos y carreras.<\/p>\n<p>El objetivo principal de la iniciativa fue fomentar la importancia de la pr\u00e1ctica del deporte y, en esta ocasi\u00f3n, el atletismo en particular.<\/p>\n<p>En ese sentido, desde la Direcci\u00f3n de Deportes de Tornquist Municipio, recuerdan los d\u00edas y horarios de la Escuela de Atletismo, con sede en cuatro localidades del distrito, para todos aquellos que se quieran sumar:<\/p>\n<p>Tornquist: Lunes y mi\u00e9rcoles 19.30 hs \u2013 Pista de atletismo;<\/p>\n<p>Sierra de la Ventana: Martes y jueves 19 hs \u2013 Centro Cultural;<\/p>\n<p>Saldungaray: Martes y jueves 20.30 hs \u2013 Play\u00f3n deportivo;<\/p>\n<p>Villa Ventana: Lunes y mi\u00e9rcoles 11 hs \u2013 Pista de atletismo.<\/p>\n<p>Por consultas, comunicarse al 2914738240.<\/p>\n<p><a href=\"http:\/\/www.celttv.com.ar\/?attachment_id=55316\" rel=\"attachment wp-att-55316\"><img loading=\"lazy\" decoding=\"async\" class=\"alignleft size-full wp-image-55316\" src=\"http:\/\/www.celttv.com.ar\/wp-content\/uploads\/2021\/01\/Atletismoyveranoatr-1.jpeg\" alt=\"\" width=\"1133\" height=\"726\" srcset=\"https:\/\/www.celttv.com.ar\/wp-content\/uploads\/2021\/01\/Atletismoyveranoatr-1.jpeg 1133w, https:\/\/www.celttv.com.ar\/wp-content\/uploads\/2021\/01\/Atletismoyveranoatr-1-300x192.jpeg 300w, https:\/\/www.celttv.com.ar\/wp-content\/uploads\/2021\/01\/Atletismoyveranoatr-1-1024x656.jpeg 1024w, https:\/\/www.celttv.com.ar\/wp-content\/uploads\/2021\/01\/Atletismoyveranoatr-1-768x492.jpeg 768w, https:\/\/www.celttv.com.ar\/wp-content\/uploads\/2021\/01\/Atletismoyveranoatr-1-750x481.jpeg 750w\" sizes=\"auto, (max-width: 1133px) 100vw, 1133px\" \/><\/a> <a href=\"http:\/\/www.celttv.com.ar\/?attachment_id=55317\" rel=\"attachment wp-att-55317\"><img loading=\"lazy\" decoding=\"async\" class=\"alignleft size-medium wp-image-55317\" src=\"http:\/\/www.celttv.com.ar\/wp-content\/uploads\/2021\/01\/Atletismoyveranoatr-2.jpeg\" alt=\"\" width=\"780\" height=\"520\" srcset=\"https:\/\/www.celttv.com.ar\/wp-content\/uploads\/2021\/01\/Atletismoyveranoatr-2.jpeg 1280w, https:\/\/www.celttv.com.ar\/wp-content\/uploads\/2021\/01\/Atletismoyveranoatr-2-300x200.jpeg 300w, https:\/\/www.celttv.com.ar\/wp-content\/uploads\/2021\/01\/Atletismoyveranoatr-2-1024x682.jpeg 1024w, https:\/\/www.celttv.com.ar\/wp-content\/uploads\/2021\/01\/Atletismoyveranoatr-2-768x512.jpeg 768w, https:\/\/www.celttv.com.ar\/wp-content\/uploads\/2021\/01\/Atletismoyveranoatr-2-750x500.jpeg 750w, https:\/\/www.celttv.com.ar\/wp-content\/uploads\/2021\/01\/Atletismoyveranoatr-2-1140x760.jpeg 1140w\" sizes=\"auto, (max-width: 780px) 100vw, 780px\" \/><\/a> <a href=\"http:\/\/www.celttv.com.ar\/?attachment_id=55318\" rel=\"attachment wp-att-55318\"><img loading=\"lazy\" decoding=\"async\" class=\"alignleft size-medium wp-image-55318\" src=\"http:\/\/www.celttv.com.ar\/wp-content\/uploads\/2021\/01\/Atletismoyveranoatr-3.jpeg\" alt=\"\" width=\"780\" height=\"519\" srcset=\"https:\/\/www.celttv.com.ar\/wp-content\/uploads\/2021\/01\/Atletismoyveranoatr-3.jpeg 1120w, https:\/\/www.celttv.com.ar\/wp-content\/uploads\/2021\/01\/Atletismoyveranoatr-3-300x200.jpeg 300w, https:\/\/www.celttv.com.ar\/wp-content\/uploads\/2021\/01\/Atletismoyveranoatr-3-1024x681.jpeg 1024w, https:\/\/www.celttv.com.ar\/wp-content\/uploads\/2021\/01\/Atletismoyveranoatr-3-768x511.jpeg 768w, https:\/\/www.celttv.com.ar\/wp-content\/uploads\/2021\/01\/Atletismoyveranoatr-3-750x499.jpeg 750w\" sizes=\"auto, (max-width: 780px) 100vw, 780px\" \/><\/a><\/p>\n","protected":false},"excerpt":{"rendered":"<p>La Escuela Municipal de Atletismo y la sede de Villa Ventana del programa \u2018Verano ATR\u2019, llevaron a cabo este viernes por la ma\u00f1ana diferentes actividades en conjunto. La jornada tuvo lugar en la pista de atletismo de Villa Ventana y fue coordinada por el Prof. Nicolas Cabral. All\u00ed, los ni\u00f1os y ni\u00f1as realizaron diferentes juegos [&hellip;]<\/p>\n","protected":false},"author":1,"featured_media":55317,"comment_status":"closed","ping_status":"open","sticky":false,"template":"","format":"standard","meta":{"footnotes":""},"categories":[55,51,60,62,52,63],"tags":[],"class_list":["post-55315","post","type-post","status-publish","format-standard","has-post-thumbnail","hentry","category-celt-tv-noticias","category-comunidad","category-deporte","category-deportes","category-destacadas","category-magazine-sport"],"yoast_head":"<!-- This site is optimized with the Yoast SEO plugin v19.7.1 - https:\/\/yoast.com\/wordpress\/plugins\/seo\/ -->\n<title>La Escuela Municipal de Atletismo y Verano ATR de Villa Ventana cerraron juntos el mes de enero - CELTTV<\/title>\n<meta name=\"description\" content=\"Sitio web de noticias de la localidad de Tornquist, provincia de Buenos Aires, Rep\u00fablica Argentina. Contenido propio originado por periodistas de CELTTV, el canal de TV local de la Cooperativa El\u00e9ctrica de Tornquist. Turismo, Pol\u00edtica, Sociedad, Deporte, Cultura y todo el contenido de inter\u00e9s general que la gente del pueblo y la regi\u00f3n debe conocer.\" \/>\n<meta name=\"robots\" content=\"index, follow, max-snippet:-1, max-image-preview:large, max-video-preview:-1\" \/>\n<link rel=\"canonical\" href=\"https:\/\/www.celttv.com.ar\/index.php\/2021\/01\/29\/la-escuela-municipal-de-atletismo-y-verano-atr-de-villa-ventana-cerraron-juntos-el-mes-de-enero\/\" \/>\n<meta property=\"og:locale\" content=\"es_ES\" \/>\n<meta property=\"og:type\" content=\"article\" \/>\n<meta property=\"og:title\" content=\"La Escuela Municipal de Atletismo y Verano ATR de Villa Ventana cerraron juntos el mes de enero - CELTTV\" \/>\n<meta property=\"og:description\" content=\"Sitio web de noticias de la localidad de Tornquist, provincia de Buenos Aires, Rep\u00fablica Argentina. Contenido propio originado por periodistas de CELTTV, el canal de TV local de la Cooperativa El\u00e9ctrica de Tornquist. Turismo, Pol\u00edtica, Sociedad, Deporte, Cultura y todo el contenido de inter\u00e9s general que la gente del pueblo y la regi\u00f3n debe conocer.\" \/>\n<meta property=\"og:url\" content=\"https:\/\/www.celttv.com.ar\/index.php\/2021\/01\/29\/la-escuela-municipal-de-atletismo-y-verano-atr-de-villa-ventana-cerraron-juntos-el-mes-de-enero\/\" \/>\n<meta property=\"og:site_name\" content=\"CELTTV\" \/>\n<meta property=\"article:publisher\" content=\"https:\/\/www.facebook.com\/celtTV\/\" \/>\n<meta property=\"article:published_time\" content=\"2021-01-29T19:06:39+00:00\" \/>\n<meta property=\"og:image\" content=\"https:\/\/www.celttv.com.ar\/wp-content\/uploads\/2021\/01\/Atletismoyveranoatr-2.jpeg\" \/>\n\t<meta property=\"og:image:width\" content=\"1280\" \/>\n\t<meta property=\"og:image:height\" content=\"853\" \/>\n\t<meta property=\"og:image:type\" content=\"image\/jpeg\" \/>\n<meta name=\"author\" content=\"ulises\" \/>\n<meta name=\"twitter:card\" content=\"summary_large_image\" \/>\n<meta name=\"twitter:label1\" content=\"Escrito por\" \/>\n\t<meta name=\"twitter:data1\" content=\"ulises\" \/>\n\t<meta name=\"twitter:label2\" content=\"Tiempo de lectura\" \/>\n\t<meta name=\"twitter:data2\" content=\"1 minuto\" \/>\n<script type=\"application\/ld+json\" class=\"yoast-schema-graph\">{\"@context\":\"https:\/\/schema.org\",\"@graph\":[{\"@type\":\"NewsArticle\",\"@id\":\"https:\/\/www.celttv.com.ar\/index.php\/2021\/01\/29\/la-escuela-municipal-de-atletismo-y-verano-atr-de-villa-ventana-cerraron-juntos-el-mes-de-enero\/#article\",\"isPartOf\":{\"@id\":\"https:\/\/www.celttv.com.ar\/index.php\/2021\/01\/29\/la-escuela-municipal-de-atletismo-y-verano-atr-de-villa-ventana-cerraron-juntos-el-mes-de-enero\/\"},\"author\":{\"name\":\"ulises\",\"@id\":\"https:\/\/www.celttv.com.ar\/#\/schema\/person\/6d99c072dba59953809c81446e9d0ace\"},\"headline\":\"La Escuela Municipal de Atletismo y Verano ATR de Villa Ventana cerraron juntos el mes de enero\",\"datePublished\":\"2021-01-29T19:06:39+00:00\",\"dateModified\":\"2021-01-29T19:06:39+00:00\",\"mainEntityOfPage\":{\"@id\":\"https:\/\/www.celttv.com.ar\/index.php\/2021\/01\/29\/la-escuela-municipal-de-atletismo-y-verano-atr-de-villa-ventana-cerraron-juntos-el-mes-de-enero\/\"},\"wordCount\":188,\"publisher\":{\"@id\":\"https:\/\/www.celttv.com.ar\/#organization\"},\"articleSection\":[\"Celt TV Noticias\",\"Comunidad\",\"Deporte\",\"Deportes\",\"Destacadas\",\"Magazine Sport\"],\"inLanguage\":\"es\"},{\"@type\":\"WebPage\",\"@id\":\"https:\/\/www.celttv.com.ar\/index.php\/2021\/01\/29\/la-escuela-municipal-de-atletismo-y-verano-atr-de-villa-ventana-cerraron-juntos-el-mes-de-enero\/\",\"url\":\"https:\/\/www.celttv.com.ar\/index.php\/2021\/01\/29\/la-escuela-municipal-de-atletismo-y-verano-atr-de-villa-ventana-cerraron-juntos-el-mes-de-enero\/\",\"name\":\"La Escuela Municipal de Atletismo y Verano ATR de Villa Ventana cerraron juntos el mes de enero - CELTTV\",\"isPartOf\":{\"@id\":\"https:\/\/www.celttv.com.ar\/#website\"},\"datePublished\":\"2021-01-29T19:06:39+00:00\",\"dateModified\":\"2021-01-29T19:06:39+00:00\",\"description\":\"Sitio web de noticias de la localidad de Tornquist, provincia de Buenos Aires, Rep\u00fablica Argentina. Contenido propio originado por periodistas de CELTTV, el canal de TV local de la Cooperativa El\u00e9ctrica de Tornquist. Turismo, Pol\u00edtica, Sociedad, Deporte, Cultura y todo el contenido de inter\u00e9s general que la gente del pueblo y la regi\u00f3n debe conocer.\",\"breadcrumb\":{\"@id\":\"https:\/\/www.celttv.com.ar\/index.php\/2021\/01\/29\/la-escuela-municipal-de-atletismo-y-verano-atr-de-villa-ventana-cerraron-juntos-el-mes-de-enero\/#breadcrumb\"},\"inLanguage\":\"es\",\"potentialAction\":[{\"@type\":\"ReadAction\",\"target\":[\"https:\/\/www.celttv.com.ar\/index.php\/2021\/01\/29\/la-escuela-municipal-de-atletismo-y-verano-atr-de-villa-ventana-cerraron-juntos-el-mes-de-enero\/\"]}]},{\"@type\":\"BreadcrumbList\",\"@id\":\"https:\/\/www.celttv.com.ar\/index.php\/2021\/01\/29\/la-escuela-municipal-de-atletismo-y-verano-atr-de-villa-ventana-cerraron-juntos-el-mes-de-enero\/#breadcrumb\",\"itemListElement\":[{\"@type\":\"ListItem\",\"position\":1,\"name\":\"Inicio\",\"item\":\"https:\/\/www.celttv.com.ar\/\"},{\"@type\":\"ListItem\",\"position\":2,\"name\":\"La Escuela Municipal de Atletismo y Verano ATR de Villa Ventana cerraron juntos el mes de enero\"}]},{\"@type\":\"WebSite\",\"@id\":\"https:\/\/www.celttv.com.ar\/#website\",\"url\":\"https:\/\/www.celttv.com.ar\/\",\"name\":\"CELTTV\",\"description\":\"Cooperativa El\u00e9ctrica de Tornquist\",\"publisher\":{\"@id\":\"https:\/\/www.celttv.com.ar\/#organization\"},\"potentialAction\":[{\"@type\":\"SearchAction\",\"target\":{\"@type\":\"EntryPoint\",\"urlTemplate\":\"https:\/\/www.celttv.com.ar\/?s={search_term_string}\"},\"query-input\":\"required name=search_term_string\"}],\"inLanguage\":\"es\"},{\"@type\":\"Organization\",\"@id\":\"https:\/\/www.celttv.com.ar\/#organization\",\"name\":\"CELTTV\",\"url\":\"https:\/\/www.celttv.com.ar\/\",\"sameAs\":[\"https:\/\/www.youtube.com\/channel\/UCz_oIt8Hig64Ub-EmcNPIhg\",\"https:\/\/www.facebook.com\/celtTV\/\"],\"logo\":{\"@type\":\"ImageObject\",\"inLanguage\":\"es\",\"@id\":\"https:\/\/www.celttv.com.ar\/#\/schema\/logo\/image\/\",\"url\":\"http:\/\/www.celttv.com.ar\/wp-content\/uploads\/2022\/08\/logo-1.png\",\"contentUrl\":\"http:\/\/www.celttv.com.ar\/wp-content\/uploads\/2022\/08\/logo-1.png\",\"width\":461,\"height\":159,\"caption\":\"CELTTV\"},\"image\":{\"@id\":\"https:\/\/www.celttv.com.ar\/#\/schema\/logo\/image\/\"}},{\"@type\":\"Person\",\"@id\":\"https:\/\/www.celttv.com.ar\/#\/schema\/person\/6d99c072dba59953809c81446e9d0ace\",\"name\":\"ulises\",\"image\":{\"@type\":\"ImageObject\",\"inLanguage\":\"es\",\"@id\":\"https:\/\/www.celttv.com.ar\/#\/schema\/person\/image\/\",\"url\":\"https:\/\/secure.gravatar.com\/avatar\/7f2c48bdc33b30088f941fb6082e555f2874c98e20cb159d7b92b50eadfce793?s=96&d=mm&r=g\",\"contentUrl\":\"https:\/\/secure.gravatar.com\/avatar\/7f2c48bdc33b30088f941fb6082e555f2874c98e20cb159d7b92b50eadfce793?s=96&d=mm&r=g\",\"caption\":\"ulises\"},\"sameAs\":[\"http:\/\/www.celttv.com.ar\"]}]}<\/script>\n<!-- \/ Yoast SEO plugin. -->","yoast_head_json":{"title":"La Escuela Municipal de Atletismo y Verano ATR de Villa Ventana cerraron juntos el mes de enero - CELTTV","description":"Sitio web de noticias de la localidad de Tornquist, provincia de Buenos Aires, Rep\u00fablica Argentina. Contenido propio originado por periodistas de CELTTV, el canal de TV local de la Cooperativa El\u00e9ctrica de Tornquist. Turismo, Pol\u00edtica, Sociedad, Deporte, Cultura y todo el contenido de inter\u00e9s general que la gente del pueblo y la regi\u00f3n debe conocer.","robots":{"index":"index","follow":"follow","max-snippet":"max-snippet:-1","max-image-preview":"max-image-preview:large","max-video-preview":"max-video-preview:-1"},"canonical":"https:\/\/www.celttv.com.ar\/index.php\/2021\/01\/29\/la-escuela-municipal-de-atletismo-y-verano-atr-de-villa-ventana-cerraron-juntos-el-mes-de-enero\/","og_locale":"es_ES","og_type":"article","og_title":"La Escuela Municipal de Atletismo y Verano ATR de Villa Ventana cerraron juntos el mes de enero - CELTTV","og_description":"Sitio web de noticias de la localidad de Tornquist, provincia de Buenos Aires, Rep\u00fablica Argentina. Contenido propio originado por periodistas de CELTTV, el canal de TV local de la Cooperativa El\u00e9ctrica de Tornquist. Turismo, Pol\u00edtica, Sociedad, Deporte, Cultura y todo el contenido de inter\u00e9s general que la gente del pueblo y la regi\u00f3n debe conocer.","og_url":"https:\/\/www.celttv.com.ar\/index.php\/2021\/01\/29\/la-escuela-municipal-de-atletismo-y-verano-atr-de-villa-ventana-cerraron-juntos-el-mes-de-enero\/","og_site_name":"CELTTV","article_publisher":"https:\/\/www.facebook.com\/celtTV\/","article_published_time":"2021-01-29T19:06:39+00:00","og_image":[{"width":1280,"height":853,"url":"https:\/\/www.celttv.com.ar\/wp-content\/uploads\/2021\/01\/Atletismoyveranoatr-2.jpeg","type":"image\/jpeg"}],"author":"ulises","twitter_card":"summary_large_image","twitter_misc":{"Escrito por":"ulises","Tiempo de lectura":"1 minuto"},"schema":{"@context":"https:\/\/schema.org","@graph":[{"@type":"NewsArticle","@id":"https:\/\/www.celttv.com.ar\/index.php\/2021\/01\/29\/la-escuela-municipal-de-atletismo-y-verano-atr-de-villa-ventana-cerraron-juntos-el-mes-de-enero\/#article","isPartOf":{"@id":"https:\/\/www.celttv.com.ar\/index.php\/2021\/01\/29\/la-escuela-municipal-de-atletismo-y-verano-atr-de-villa-ventana-cerraron-juntos-el-mes-de-enero\/"},"author":{"name":"ulises","@id":"https:\/\/www.celttv.com.ar\/#\/schema\/person\/6d99c072dba59953809c81446e9d0ace"},"headline":"La Escuela Municipal de Atletismo y Verano ATR de Villa Ventana cerraron juntos el mes de enero","datePublished":"2021-01-29T19:06:39+00:00","dateModified":"2021-01-29T19:06:39+00:00","mainEntityOfPage":{"@id":"https:\/\/www.celttv.com.ar\/index.php\/2021\/01\/29\/la-escuela-municipal-de-atletismo-y-verano-atr-de-villa-ventana-cerraron-juntos-el-mes-de-enero\/"},"wordCount":188,"publisher":{"@id":"https:\/\/www.celttv.com.ar\/#organization"},"articleSection":["Celt TV Noticias","Comunidad","Deporte","Deportes","Destacadas","Magazine Sport"],"inLanguage":"es"},{"@type":"WebPage","@id":"https:\/\/www.celttv.com.ar\/index.php\/2021\/01\/29\/la-escuela-municipal-de-atletismo-y-verano-atr-de-villa-ventana-cerraron-juntos-el-mes-de-enero\/","url":"https:\/\/www.celttv.com.ar\/index.php\/2021\/01\/29\/la-escuela-municipal-de-atletismo-y-verano-atr-de-villa-ventana-cerraron-juntos-el-mes-de-enero\/","name":"La Escuela Municipal de Atletismo y Verano ATR de Villa Ventana cerraron juntos el mes de enero - CELTTV","isPartOf":{"@id":"https:\/\/www.celttv.com.ar\/#website"},"datePublished":"2021-01-29T19:06:39+00:00","dateModified":"2021-01-29T19:06:39+00:00","description":"Sitio web de noticias de la localidad de Tornquist, provincia de Buenos Aires, Rep\u00fablica Argentina. Contenido propio originado por periodistas de CELTTV, el canal de TV local de la Cooperativa El\u00e9ctrica de Tornquist. Turismo, Pol\u00edtica, Sociedad, Deporte, Cultura y todo el contenido de inter\u00e9s general que la gente del pueblo y la regi\u00f3n debe conocer.","breadcrumb":{"@id":"https:\/\/www.celttv.com.ar\/index.php\/2021\/01\/29\/la-escuela-municipal-de-atletismo-y-verano-atr-de-villa-ventana-cerraron-juntos-el-mes-de-enero\/#breadcrumb"},"inLanguage":"es","potentialAction":[{"@type":"ReadAction","target":["https:\/\/www.celttv.com.ar\/index.php\/2021\/01\/29\/la-escuela-municipal-de-atletismo-y-verano-atr-de-villa-ventana-cerraron-juntos-el-mes-de-enero\/"]}]},{"@type":"BreadcrumbList","@id":"https:\/\/www.celttv.com.ar\/index.php\/2021\/01\/29\/la-escuela-municipal-de-atletismo-y-verano-atr-de-villa-ventana-cerraron-juntos-el-mes-de-enero\/#breadcrumb","itemListElement":[{"@type":"ListItem","position":1,"name":"Inicio","item":"https:\/\/www.celttv.com.ar\/"},{"@type":"ListItem","position":2,"name":"La Escuela Municipal de Atletismo y Verano ATR de Villa Ventana cerraron juntos el mes de enero"}]},{"@type":"WebSite","@id":"https:\/\/www.celttv.com.ar\/#website","url":"https:\/\/www.celttv.com.ar\/","name":"CELTTV","description":"Cooperativa El\u00e9ctrica de Tornquist","publisher":{"@id":"https:\/\/www.celttv.com.ar\/#organization"},"potentialAction":[{"@type":"SearchAction","target":{"@type":"EntryPoint","urlTemplate":"https:\/\/www.celttv.com.ar\/?s={search_term_string}"},"query-input":"required name=search_term_string"}],"inLanguage":"es"},{"@type":"Organization","@id":"https:\/\/www.celttv.com.ar\/#organization","name":"CELTTV","url":"https:\/\/www.celttv.com.ar\/","sameAs":["https:\/\/www.youtube.com\/channel\/UCz_oIt8Hig64Ub-EmcNPIhg","https:\/\/www.facebook.com\/celtTV\/"],"logo":{"@type":"ImageObject","inLanguage":"es","@id":"https:\/\/www.celttv.com.ar\/#\/schema\/logo\/image\/","url":"http:\/\/www.celttv.com.ar\/wp-content\/uploads\/2022\/08\/logo-1.png","contentUrl":"http:\/\/www.celttv.com.ar\/wp-content\/uploads\/2022\/08\/logo-1.png","width":461,"height":159,"caption":"CELTTV"},"image":{"@id":"https:\/\/www.celttv.com.ar\/#\/schema\/logo\/image\/"}},{"@type":"Person","@id":"https:\/\/www.celttv.com.ar\/#\/schema\/person\/6d99c072dba59953809c81446e9d0ace","name":"ulises","image":{"@type":"ImageObject","inLanguage":"es","@id":"https:\/\/www.celttv.com.ar\/#\/schema\/person\/image\/","url":"https:\/\/secure.gravatar.com\/avatar\/7f2c48bdc33b30088f941fb6082e555f2874c98e20cb159d7b92b50eadfce793?s=96&d=mm&r=g","contentUrl":"https:\/\/secure.gravatar.com\/avatar\/7f2c48bdc33b30088f941fb6082e555f2874c98e20cb159d7b92b50eadfce793?s=96&d=mm&r=g","caption":"ulises"},"sameAs":["http:\/\/www.celttv.com.ar"]}]}},"_links":{"self":[{"href":"https:\/\/www.celttv.com.ar\/index.php\/wp-json\/wp\/v2\/posts\/55315","targetHints":{"allow":["GET"]}}],"collection":[{"href":"https:\/\/www.celttv.com.ar\/index.php\/wp-json\/wp\/v2\/posts"}],"about":[{"href":"https:\/\/www.celttv.com.ar\/index.php\/wp-json\/wp\/v2\/types\/post"}],"author":[{"embeddable":true,"href":"https:\/\/www.celttv.com.ar\/index.php\/wp-json\/wp\/v2\/users\/1"}],"replies":[{"embeddable":true,"href":"https:\/\/www.celttv.com.ar\/index.php\/wp-json\/wp\/v2\/comments?post=55315"}],"version-history":[{"count":0,"href":"https:\/\/www.celttv.com.ar\/index.php\/wp-json\/wp\/v2\/posts\/55315\/revisions"}],"wp:featuredmedia":[{"embeddable":true,"href":"https:\/\/www.celttv.com.ar\/index.php\/wp-json\/wp\/v2\/media\/55317"}],"wp:attachment":[{"href":"https:\/\/www.celttv.com.ar\/index.php\/wp-json\/wp\/v2\/media?parent=55315"}],"wp:term":[{"taxonomy":"category","embeddable":true,"href":"https:\/\/www.celttv.com.ar\/index.php\/wp-json\/wp\/v2\/categories?post=55315"},{"taxonomy":"post_tag","embeddable":true,"href":"https:\/\/www.celttv.com.ar\/index.php\/wp-json\/wp\/v2\/tags?post=55315"}],"curies":[{"name":"wp","href":"https:\/\/api.w.org\/{rel}","templated":true}]}}