{"id":55323,"date":"2021-01-29T22:42:57","date_gmt":"2021-01-29T22:42:57","guid":{"rendered":"http:\/\/www.celttv.com.ar\/?p=55323"},"modified":"2021-01-29T22:42:57","modified_gmt":"2021-01-29T22:42:57","slug":"futbol-jugadores-de-clubes-de-coronel-suarez-piden-solicitan-a-la-liga-el-regreso-de-la-actividad","status":"publish","type":"post","link":"https:\/\/www.celttv.com.ar\/index.php\/2021\/01\/29\/futbol-jugadores-de-clubes-de-coronel-suarez-piden-solicitan-a-la-liga-el-regreso-de-la-actividad\/","title":{"rendered":"F\u00fatbol: Jugadores de clubes de Coronel Su\u00e1rez solicitan a la liga el regreso de la actividad"},"content":{"rendered":"<h5>Jugadores que representan a los ocho clubes del distrito de Coronel Su\u00e1rez, enviaron una carta firmada por todos a la Liga Regional de f\u00fatbol, para que se permita la vuelta al f\u00fatbol con un campeonato no oficial tanto en las categor\u00edas superiores como en inferiores.<\/h5>\n<p>Adem\u00e1s plantearon las problem\u00e1ticas que trae tanto tiempo sin entrenar y la misma manifiesta que no puede ser que se hagan torneos de forma amateur en las diferentes canchas de la ciudad, pero de la misma forma los jugadores no puedan entrenar en las instalaciones de los clubes.<\/p>\n<p><strong>La carta:<\/strong><\/p>\n<p>Coronel Suarez, 18 de enero de 2021<\/p>\n<p>Presidente y miembros de la \u00a0LRF de Coronel Suarez<\/p>\n<p>Su despacho<\/p>\n<p>De nuestra mayor consideraci\u00f3n:<\/p>\n<p>Por medio de la presente, queremos expresar nuestra preocupaci\u00f3n por la situaci\u00f3n actual en la cual se encuentra inmerso el futbol regional, as\u00ed tambi\u00e9n sugerir posibles alternativas para su soluci\u00f3n.<\/p>\n<p>Todos estamos al tanto de la situaci\u00f3n sanitaria actual, pero debemos, como representantes de los jugadores de todos los clubes del distrito de Coronel Suarez, intentar colaborar para lograr la vuelta de todos (inferiores y planteles superiores) a las canchas de futbol.<\/p>\n<p>Creemos que es imperativo, el retorno de los chicos y grandes a las canchas, ya que a partir de lo que los especialistas nos hicieron saber y recomendaron (psic\u00f3logos, kinesi\u00f3logos, doctores a los cuales consultamos) el deporte y en especial el futbol, proporciona un ambiente de sociabilizaci\u00f3n, camarader\u00eda y tambi\u00e9n de fortalecimiento de la salud integral en todos sus aspectos (ps\u00edquicos, f\u00edsico y social) en las personas que lo practican. Sumado a esto, est\u00e1 la problem\u00e1tica futbol\u00edstica, que puede llegar a ser irreversible si no se hace algo pronto, ya que cada vez vemos m\u00e1s chicos que abandonan la actividad, y lo que es m\u00e1s grave a pr\u00e1cticas nocivas para la salud (sedentarismo, malos h\u00e1bitos alimenticios, ocio improductivo etc.) ante la falta de motivaciones superadoras.<\/p>\n<p>Si bien comprendemos que la LRF tiene un ente superior al cual tiene que responder, el protocolo que el Consejo Federal acerco, est\u00e1 lejos de la realidad regional y la capacidad de los clubes de realizarlos. Por eso planteamos la organizaci\u00f3n de un torneo no oficial en el Municipio de Coronel Suarez, solo con equipos pertenecientes al mismo (por ej. copa de verano que organizaba la Direcci\u00f3n de Deportes), hasta tanto y en cuanto cambien las medidas.<\/p>\n<p>Hemos visto como diferentes deportes, as\u00ed tambi\u00e9n como torneos de futbol amateurs (en las mismas canchas donde no podemos siquiera entrenar) pueden realizar competencias sin ning\u00fan problema, con protocolos m\u00e1s viables que se adecuan a nuestras posibilidades.<\/p>\n<p>No somos ajenos a que a la situaci\u00f3n sanitaria se le suma la econ\u00f3mica, el impedimento de que haya publico complica la misma a\u00fan m\u00e1s, pero como se vio en varios torneos, podr\u00edan utilizarse sistemas de \u00a0parcelas para que la gente pueda ir, a esto agregar cantinas, variar horarios (poder jugar de noche ya que todas las canchas poseen luz artificial), colaboraci\u00f3n de la Direcci\u00f3n de Deportes (como en la copa de verano), y de esta forma hacer \u00a0viable la realizaci\u00f3n de \u00a0un campeonato no oficial entre los equipos que componen las localidades del Municipio de Coronel Suarez, tanto en inferiores (donde no se cobra entrada) como en los planteles superiores (pudiendo cobrar) .<\/p>\n<p>Para todo esto, solicitamos poder reunirnos con ustedes a la brevedad, y convocar a la dirigencia a buscar soluciones a este problema y darle forma a todas las inquietudes que planteamos.<\/p>\n<p>Sin otro particular, y a la espera de una respuesta favorable, bregando por que volvamos a ver rodar una pelota en las canchas de nuestra zona y no solo por televisi\u00f3n, los saludamos atentamente.<\/p>\n<p><strong>Capitanes de 1era Divisi\u00f3n del:<\/strong><\/p>\n<p>Club Atl\u00e9tico Huanguelen<\/p>\n<p>Club Boca jrs<\/p>\n<p>Club Tiro Federal (VB)<\/p>\n<p>Club Independiente<\/p>\n<p>Club San Martin (ST)<\/p>\n<p>Club Deportivo Sarmiento<\/p>\n<p>Centro Blanco y Negro<\/p>\n<p>Club El Progreso<\/p>\n<p><strong>FUENTE<\/strong>:<strong> Nuevo D\u00eda Digital<\/strong><\/p>\n<p><a href=\"http:\/\/www.celttv.com.ar\/?attachment_id=55324\" rel=\"attachment wp-att-55324\"><img loading=\"lazy\" decoding=\"async\" class=\"alignleft size-full wp-image-55324\" src=\"http:\/\/www.celttv.com.ar\/wp-content\/uploads\/2021\/01\/WhatsApp-Image-2021-01-26-at-20.53.16-696x696-1.jpeg\" alt=\"\" width=\"696\" height=\"696\" srcset=\"https:\/\/www.celttv.com.ar\/wp-content\/uploads\/2021\/01\/WhatsApp-Image-2021-01-26-at-20.53.16-696x696-1.jpeg 696w, https:\/\/www.celttv.com.ar\/wp-content\/uploads\/2021\/01\/WhatsApp-Image-2021-01-26-at-20.53.16-696x696-1-300x300.jpeg 300w, https:\/\/www.celttv.com.ar\/wp-content\/uploads\/2021\/01\/WhatsApp-Image-2021-01-26-at-20.53.16-696x696-1-150x150.jpeg 150w, https:\/\/www.celttv.com.ar\/wp-content\/uploads\/2021\/01\/WhatsApp-Image-2021-01-26-at-20.53.16-696x696-1-75x75.jpeg 75w\" sizes=\"auto, (max-width: 696px) 100vw, 696px\" \/><\/a><\/p>\n","protected":false},"excerpt":{"rendered":"<p>Jugadores que representan a los ocho clubes del distrito de Coronel Su\u00e1rez, enviaron una carta firmada por todos a la Liga Regional de f\u00fatbol, para que se permita la vuelta al f\u00fatbol con un campeonato no oficial tanto en las categor\u00edas superiores como en inferiores. Adem\u00e1s plantearon las problem\u00e1ticas que trae tanto tiempo sin entrenar [&hellip;]<\/p>\n","protected":false},"author":1,"featured_media":55324,"comment_status":"closed","ping_status":"open","sticky":false,"template":"","format":"standard","meta":{"footnotes":""},"categories":[55,51,60,62,52,63],"tags":[],"class_list":["post-55323","post","type-post","status-publish","format-standard","has-post-thumbnail","hentry","category-celt-tv-noticias","category-comunidad","category-deporte","category-deportes","category-destacadas","category-magazine-sport"],"yoast_head":"<!-- This site is optimized with the Yoast SEO plugin v19.7.1 - https:\/\/yoast.com\/wordpress\/plugins\/seo\/ -->\n<title>F\u00fatbol: Jugadores de clubes de Coronel Su\u00e1rez solicitan a la liga el regreso de la actividad - CELTTV<\/title>\n<meta name=\"description\" content=\"Sitio web de noticias de la localidad de Tornquist, provincia de Buenos Aires, Rep\u00fablica Argentina. Contenido propio originado por periodistas de CELTTV, el canal de TV local de la Cooperativa El\u00e9ctrica de Tornquist. Turismo, Pol\u00edtica, Sociedad, Deporte, Cultura y todo el contenido de inter\u00e9s general que la gente del pueblo y la regi\u00f3n debe conocer.\" \/>\n<meta name=\"robots\" content=\"index, follow, max-snippet:-1, max-image-preview:large, max-video-preview:-1\" \/>\n<link rel=\"canonical\" href=\"https:\/\/www.celttv.com.ar\/index.php\/2021\/01\/29\/futbol-jugadores-de-clubes-de-coronel-suarez-piden-solicitan-a-la-liga-el-regreso-de-la-actividad\/\" \/>\n<meta property=\"og:locale\" content=\"es_ES\" \/>\n<meta property=\"og:type\" content=\"article\" \/>\n<meta property=\"og:title\" content=\"F\u00fatbol: Jugadores de clubes de Coronel Su\u00e1rez solicitan a la liga el regreso de la actividad - CELTTV\" \/>\n<meta property=\"og:description\" content=\"Sitio web de noticias de la localidad de Tornquist, provincia de Buenos Aires, Rep\u00fablica Argentina. Contenido propio originado por periodistas de CELTTV, el canal de TV local de la Cooperativa El\u00e9ctrica de Tornquist. Turismo, Pol\u00edtica, Sociedad, Deporte, Cultura y todo el contenido de inter\u00e9s general que la gente del pueblo y la regi\u00f3n debe conocer.\" \/>\n<meta property=\"og:url\" content=\"https:\/\/www.celttv.com.ar\/index.php\/2021\/01\/29\/futbol-jugadores-de-clubes-de-coronel-suarez-piden-solicitan-a-la-liga-el-regreso-de-la-actividad\/\" \/>\n<meta property=\"og:site_name\" content=\"CELTTV\" \/>\n<meta property=\"article:publisher\" content=\"https:\/\/www.facebook.com\/celtTV\/\" \/>\n<meta property=\"article:published_time\" content=\"2021-01-29T22:42:57+00:00\" \/>\n<meta property=\"og:image\" content=\"https:\/\/www.celttv.com.ar\/wp-content\/uploads\/2021\/01\/WhatsApp-Image-2021-01-26-at-20.53.16-696x696-1.jpeg\" \/>\n\t<meta property=\"og:image:width\" content=\"696\" \/>\n\t<meta property=\"og:image:height\" content=\"696\" \/>\n\t<meta property=\"og:image:type\" content=\"image\/jpeg\" \/>\n<meta name=\"author\" content=\"ulises\" \/>\n<meta name=\"twitter:card\" content=\"summary_large_image\" \/>\n<meta name=\"twitter:label1\" content=\"Escrito por\" \/>\n\t<meta name=\"twitter:data1\" content=\"ulises\" \/>\n\t<meta name=\"twitter:label2\" content=\"Tiempo de lectura\" \/>\n\t<meta name=\"twitter:data2\" content=\"3 minutos\" \/>\n<script type=\"application\/ld+json\" class=\"yoast-schema-graph\">{\"@context\":\"https:\/\/schema.org\",\"@graph\":[{\"@type\":\"NewsArticle\",\"@id\":\"https:\/\/www.celttv.com.ar\/index.php\/2021\/01\/29\/futbol-jugadores-de-clubes-de-coronel-suarez-piden-solicitan-a-la-liga-el-regreso-de-la-actividad\/#article\",\"isPartOf\":{\"@id\":\"https:\/\/www.celttv.com.ar\/index.php\/2021\/01\/29\/futbol-jugadores-de-clubes-de-coronel-suarez-piden-solicitan-a-la-liga-el-regreso-de-la-actividad\/\"},\"author\":{\"name\":\"ulises\",\"@id\":\"https:\/\/www.celttv.com.ar\/#\/schema\/person\/6d99c072dba59953809c81446e9d0ace\"},\"headline\":\"F\u00fatbol: Jugadores de clubes de Coronel Su\u00e1rez solicitan a la liga el regreso de la actividad\",\"datePublished\":\"2021-01-29T22:42:57+00:00\",\"dateModified\":\"2021-01-29T22:42:57+00:00\",\"mainEntityOfPage\":{\"@id\":\"https:\/\/www.celttv.com.ar\/index.php\/2021\/01\/29\/futbol-jugadores-de-clubes-de-coronel-suarez-piden-solicitan-a-la-liga-el-regreso-de-la-actividad\/\"},\"wordCount\":699,\"publisher\":{\"@id\":\"https:\/\/www.celttv.com.ar\/#organization\"},\"articleSection\":[\"Celt TV Noticias\",\"Comunidad\",\"Deporte\",\"Deportes\",\"Destacadas\",\"Magazine Sport\"],\"inLanguage\":\"es\"},{\"@type\":\"WebPage\",\"@id\":\"https:\/\/www.celttv.com.ar\/index.php\/2021\/01\/29\/futbol-jugadores-de-clubes-de-coronel-suarez-piden-solicitan-a-la-liga-el-regreso-de-la-actividad\/\",\"url\":\"https:\/\/www.celttv.com.ar\/index.php\/2021\/01\/29\/futbol-jugadores-de-clubes-de-coronel-suarez-piden-solicitan-a-la-liga-el-regreso-de-la-actividad\/\",\"name\":\"F\u00fatbol: Jugadores de clubes de Coronel Su\u00e1rez solicitan a la liga el regreso de la actividad - CELTTV\",\"isPartOf\":{\"@id\":\"https:\/\/www.celttv.com.ar\/#website\"},\"datePublished\":\"2021-01-29T22:42:57+00:00\",\"dateModified\":\"2021-01-29T22:42:57+00:00\",\"description\":\"Sitio web de noticias de la localidad de Tornquist, provincia de Buenos Aires, Rep\u00fablica Argentina. Contenido propio originado por periodistas de CELTTV, el canal de TV local de la Cooperativa El\u00e9ctrica de Tornquist. Turismo, Pol\u00edtica, Sociedad, Deporte, Cultura y todo el contenido de inter\u00e9s general que la gente del pueblo y la regi\u00f3n debe conocer.\",\"breadcrumb\":{\"@id\":\"https:\/\/www.celttv.com.ar\/index.php\/2021\/01\/29\/futbol-jugadores-de-clubes-de-coronel-suarez-piden-solicitan-a-la-liga-el-regreso-de-la-actividad\/#breadcrumb\"},\"inLanguage\":\"es\",\"potentialAction\":[{\"@type\":\"ReadAction\",\"target\":[\"https:\/\/www.celttv.com.ar\/index.php\/2021\/01\/29\/futbol-jugadores-de-clubes-de-coronel-suarez-piden-solicitan-a-la-liga-el-regreso-de-la-actividad\/\"]}]},{\"@type\":\"BreadcrumbList\",\"@id\":\"https:\/\/www.celttv.com.ar\/index.php\/2021\/01\/29\/futbol-jugadores-de-clubes-de-coronel-suarez-piden-solicitan-a-la-liga-el-regreso-de-la-actividad\/#breadcrumb\",\"itemListElement\":[{\"@type\":\"ListItem\",\"position\":1,\"name\":\"Inicio\",\"item\":\"https:\/\/www.celttv.com.ar\/\"},{\"@type\":\"ListItem\",\"position\":2,\"name\":\"F\u00fatbol: Jugadores de clubes de Coronel Su\u00e1rez solicitan a la liga el regreso de la actividad\"}]},{\"@type\":\"WebSite\",\"@id\":\"https:\/\/www.celttv.com.ar\/#website\",\"url\":\"https:\/\/www.celttv.com.ar\/\",\"name\":\"CELTTV\",\"description\":\"Cooperativa El\u00e9ctrica de Tornquist\",\"publisher\":{\"@id\":\"https:\/\/www.celttv.com.ar\/#organization\"},\"potentialAction\":[{\"@type\":\"SearchAction\",\"target\":{\"@type\":\"EntryPoint\",\"urlTemplate\":\"https:\/\/www.celttv.com.ar\/?s={search_term_string}\"},\"query-input\":\"required name=search_term_string\"}],\"inLanguage\":\"es\"},{\"@type\":\"Organization\",\"@id\":\"https:\/\/www.celttv.com.ar\/#organization\",\"name\":\"CELTTV\",\"url\":\"https:\/\/www.celttv.com.ar\/\",\"sameAs\":[\"https:\/\/www.youtube.com\/channel\/UCz_oIt8Hig64Ub-EmcNPIhg\",\"https:\/\/www.facebook.com\/celtTV\/\"],\"logo\":{\"@type\":\"ImageObject\",\"inLanguage\":\"es\",\"@id\":\"https:\/\/www.celttv.com.ar\/#\/schema\/logo\/image\/\",\"url\":\"http:\/\/www.celttv.com.ar\/wp-content\/uploads\/2022\/08\/logo-1.png\",\"contentUrl\":\"http:\/\/www.celttv.com.ar\/wp-content\/uploads\/2022\/08\/logo-1.png\",\"width\":461,\"height\":159,\"caption\":\"CELTTV\"},\"image\":{\"@id\":\"https:\/\/www.celttv.com.ar\/#\/schema\/logo\/image\/\"}},{\"@type\":\"Person\",\"@id\":\"https:\/\/www.celttv.com.ar\/#\/schema\/person\/6d99c072dba59953809c81446e9d0ace\",\"name\":\"ulises\",\"image\":{\"@type\":\"ImageObject\",\"inLanguage\":\"es\",\"@id\":\"https:\/\/www.celttv.com.ar\/#\/schema\/person\/image\/\",\"url\":\"https:\/\/secure.gravatar.com\/avatar\/7f2c48bdc33b30088f941fb6082e555f2874c98e20cb159d7b92b50eadfce793?s=96&d=mm&r=g\",\"contentUrl\":\"https:\/\/secure.gravatar.com\/avatar\/7f2c48bdc33b30088f941fb6082e555f2874c98e20cb159d7b92b50eadfce793?s=96&d=mm&r=g\",\"caption\":\"ulises\"},\"sameAs\":[\"http:\/\/www.celttv.com.ar\"]}]}<\/script>\n<!-- \/ Yoast SEO plugin. -->","yoast_head_json":{"title":"F\u00fatbol: Jugadores de clubes de Coronel Su\u00e1rez solicitan a la liga el regreso de la actividad - CELTTV","description":"Sitio web de noticias de la localidad de Tornquist, provincia de Buenos Aires, Rep\u00fablica Argentina. Contenido propio originado por periodistas de CELTTV, el canal de TV local de la Cooperativa El\u00e9ctrica de Tornquist. Turismo, Pol\u00edtica, Sociedad, Deporte, Cultura y todo el contenido de inter\u00e9s general que la gente del pueblo y la regi\u00f3n debe conocer.","robots":{"index":"index","follow":"follow","max-snippet":"max-snippet:-1","max-image-preview":"max-image-preview:large","max-video-preview":"max-video-preview:-1"},"canonical":"https:\/\/www.celttv.com.ar\/index.php\/2021\/01\/29\/futbol-jugadores-de-clubes-de-coronel-suarez-piden-solicitan-a-la-liga-el-regreso-de-la-actividad\/","og_locale":"es_ES","og_type":"article","og_title":"F\u00fatbol: Jugadores de clubes de Coronel Su\u00e1rez solicitan a la liga el regreso de la actividad - CELTTV","og_description":"Sitio web de noticias de la localidad de Tornquist, provincia de Buenos Aires, Rep\u00fablica Argentina. Contenido propio originado por periodistas de CELTTV, el canal de TV local de la Cooperativa El\u00e9ctrica de Tornquist. Turismo, Pol\u00edtica, Sociedad, Deporte, Cultura y todo el contenido de inter\u00e9s general que la gente del pueblo y la regi\u00f3n debe conocer.","og_url":"https:\/\/www.celttv.com.ar\/index.php\/2021\/01\/29\/futbol-jugadores-de-clubes-de-coronel-suarez-piden-solicitan-a-la-liga-el-regreso-de-la-actividad\/","og_site_name":"CELTTV","article_publisher":"https:\/\/www.facebook.com\/celtTV\/","article_published_time":"2021-01-29T22:42:57+00:00","og_image":[{"width":696,"height":696,"url":"https:\/\/www.celttv.com.ar\/wp-content\/uploads\/2021\/01\/WhatsApp-Image-2021-01-26-at-20.53.16-696x696-1.jpeg","type":"image\/jpeg"}],"author":"ulises","twitter_card":"summary_large_image","twitter_misc":{"Escrito por":"ulises","Tiempo de lectura":"3 minutos"},"schema":{"@context":"https:\/\/schema.org","@graph":[{"@type":"NewsArticle","@id":"https:\/\/www.celttv.com.ar\/index.php\/2021\/01\/29\/futbol-jugadores-de-clubes-de-coronel-suarez-piden-solicitan-a-la-liga-el-regreso-de-la-actividad\/#article","isPartOf":{"@id":"https:\/\/www.celttv.com.ar\/index.php\/2021\/01\/29\/futbol-jugadores-de-clubes-de-coronel-suarez-piden-solicitan-a-la-liga-el-regreso-de-la-actividad\/"},"author":{"name":"ulises","@id":"https:\/\/www.celttv.com.ar\/#\/schema\/person\/6d99c072dba59953809c81446e9d0ace"},"headline":"F\u00fatbol: Jugadores de clubes de Coronel Su\u00e1rez solicitan a la liga el regreso de la actividad","datePublished":"2021-01-29T22:42:57+00:00","dateModified":"2021-01-29T22:42:57+00:00","mainEntityOfPage":{"@id":"https:\/\/www.celttv.com.ar\/index.php\/2021\/01\/29\/futbol-jugadores-de-clubes-de-coronel-suarez-piden-solicitan-a-la-liga-el-regreso-de-la-actividad\/"},"wordCount":699,"publisher":{"@id":"https:\/\/www.celttv.com.ar\/#organization"},"articleSection":["Celt TV Noticias","Comunidad","Deporte","Deportes","Destacadas","Magazine Sport"],"inLanguage":"es"},{"@type":"WebPage","@id":"https:\/\/www.celttv.com.ar\/index.php\/2021\/01\/29\/futbol-jugadores-de-clubes-de-coronel-suarez-piden-solicitan-a-la-liga-el-regreso-de-la-actividad\/","url":"https:\/\/www.celttv.com.ar\/index.php\/2021\/01\/29\/futbol-jugadores-de-clubes-de-coronel-suarez-piden-solicitan-a-la-liga-el-regreso-de-la-actividad\/","name":"F\u00fatbol: Jugadores de clubes de Coronel Su\u00e1rez solicitan a la liga el regreso de la actividad - CELTTV","isPartOf":{"@id":"https:\/\/www.celttv.com.ar\/#website"},"datePublished":"2021-01-29T22:42:57+00:00","dateModified":"2021-01-29T22:42:57+00:00","description":"Sitio web de noticias de la localidad de Tornquist, provincia de Buenos Aires, Rep\u00fablica Argentina. Contenido propio originado por periodistas de CELTTV, el canal de TV local de la Cooperativa El\u00e9ctrica de Tornquist. Turismo, Pol\u00edtica, Sociedad, Deporte, Cultura y todo el contenido de inter\u00e9s general que la gente del pueblo y la regi\u00f3n debe conocer.","breadcrumb":{"@id":"https:\/\/www.celttv.com.ar\/index.php\/2021\/01\/29\/futbol-jugadores-de-clubes-de-coronel-suarez-piden-solicitan-a-la-liga-el-regreso-de-la-actividad\/#breadcrumb"},"inLanguage":"es","potentialAction":[{"@type":"ReadAction","target":["https:\/\/www.celttv.com.ar\/index.php\/2021\/01\/29\/futbol-jugadores-de-clubes-de-coronel-suarez-piden-solicitan-a-la-liga-el-regreso-de-la-actividad\/"]}]},{"@type":"BreadcrumbList","@id":"https:\/\/www.celttv.com.ar\/index.php\/2021\/01\/29\/futbol-jugadores-de-clubes-de-coronel-suarez-piden-solicitan-a-la-liga-el-regreso-de-la-actividad\/#breadcrumb","itemListElement":[{"@type":"ListItem","position":1,"name":"Inicio","item":"https:\/\/www.celttv.com.ar\/"},{"@type":"ListItem","position":2,"name":"F\u00fatbol: Jugadores de clubes de Coronel Su\u00e1rez solicitan a la liga el regreso de la actividad"}]},{"@type":"WebSite","@id":"https:\/\/www.celttv.com.ar\/#website","url":"https:\/\/www.celttv.com.ar\/","name":"CELTTV","description":"Cooperativa El\u00e9ctrica de Tornquist","publisher":{"@id":"https:\/\/www.celttv.com.ar\/#organization"},"potentialAction":[{"@type":"SearchAction","target":{"@type":"EntryPoint","urlTemplate":"https:\/\/www.celttv.com.ar\/?s={search_term_string}"},"query-input":"required name=search_term_string"}],"inLanguage":"es"},{"@type":"Organization","@id":"https:\/\/www.celttv.com.ar\/#organization","name":"CELTTV","url":"https:\/\/www.celttv.com.ar\/","sameAs":["https:\/\/www.youtube.com\/channel\/UCz_oIt8Hig64Ub-EmcNPIhg","https:\/\/www.facebook.com\/celtTV\/"],"logo":{"@type":"ImageObject","inLanguage":"es","@id":"https:\/\/www.celttv.com.ar\/#\/schema\/logo\/image\/","url":"http:\/\/www.celttv.com.ar\/wp-content\/uploads\/2022\/08\/logo-1.png","contentUrl":"http:\/\/www.celttv.com.ar\/wp-content\/uploads\/2022\/08\/logo-1.png","width":461,"height":159,"caption":"CELTTV"},"image":{"@id":"https:\/\/www.celttv.com.ar\/#\/schema\/logo\/image\/"}},{"@type":"Person","@id":"https:\/\/www.celttv.com.ar\/#\/schema\/person\/6d99c072dba59953809c81446e9d0ace","name":"ulises","image":{"@type":"ImageObject","inLanguage":"es","@id":"https:\/\/www.celttv.com.ar\/#\/schema\/person\/image\/","url":"https:\/\/secure.gravatar.com\/avatar\/7f2c48bdc33b30088f941fb6082e555f2874c98e20cb159d7b92b50eadfce793?s=96&d=mm&r=g","contentUrl":"https:\/\/secure.gravatar.com\/avatar\/7f2c48bdc33b30088f941fb6082e555f2874c98e20cb159d7b92b50eadfce793?s=96&d=mm&r=g","caption":"ulises"},"sameAs":["http:\/\/www.celttv.com.ar"]}]}},"_links":{"self":[{"href":"https:\/\/www.celttv.com.ar\/index.php\/wp-json\/wp\/v2\/posts\/55323","targetHints":{"allow":["GET"]}}],"collection":[{"href":"https:\/\/www.celttv.com.ar\/index.php\/wp-json\/wp\/v2\/posts"}],"about":[{"href":"https:\/\/www.celttv.com.ar\/index.php\/wp-json\/wp\/v2\/types\/post"}],"author":[{"embeddable":true,"href":"https:\/\/www.celttv.com.ar\/index.php\/wp-json\/wp\/v2\/users\/1"}],"replies":[{"embeddable":true,"href":"https:\/\/www.celttv.com.ar\/index.php\/wp-json\/wp\/v2\/comments?post=55323"}],"version-history":[{"count":0,"href":"https:\/\/www.celttv.com.ar\/index.php\/wp-json\/wp\/v2\/posts\/55323\/revisions"}],"wp:featuredmedia":[{"embeddable":true,"href":"https:\/\/www.celttv.com.ar\/index.php\/wp-json\/wp\/v2\/media\/55324"}],"wp:attachment":[{"href":"https:\/\/www.celttv.com.ar\/index.php\/wp-json\/wp\/v2\/media?parent=55323"}],"wp:term":[{"taxonomy":"category","embeddable":true,"href":"https:\/\/www.celttv.com.ar\/index.php\/wp-json\/wp\/v2\/categories?post=55323"},{"taxonomy":"post_tag","embeddable":true,"href":"https:\/\/www.celttv.com.ar\/index.php\/wp-json\/wp\/v2\/tags?post=55323"}],"curies":[{"name":"wp","href":"https:\/\/api.w.org\/{rel}","templated":true}]}}