{"id":55330,"date":"2021-01-30T14:57:10","date_gmt":"2021-01-30T14:57:10","guid":{"rendered":"http:\/\/www.celttv.com.ar\/?p=55330"},"modified":"2021-01-30T14:57:10","modified_gmt":"2021-01-30T14:57:10","slug":"covid-19-se-reporto-un-nuevo-fallecido-y-siete-positivos","status":"publish","type":"post","link":"https:\/\/www.celttv.com.ar\/index.php\/2021\/01\/30\/covid-19-se-reporto-un-nuevo-fallecido-y-siete-positivos\/","title":{"rendered":"COVID-19: Se report\u00f3 un nuevo fallecido y siete positivos"},"content":{"rendered":"<p>La secretar\u00eda de Salud del distrito de Tornquist report\u00f3 un nuevo fallecido y siete casos positivos de Covid-19 en las \u00f9ltimas horas.<\/p>\n<p>Los casos activos son 35, con 730 confirmados, 682 recuperados, sin sospechosos, 727 descartados, 215 personas aisladas de manera preventiva y 13 fallecidos.<\/p>\n<p><a href=\"http:\/\/www.celttv.com.ar\/?attachment_id=55331\" rel=\"attachment wp-att-55331\"><img loading=\"lazy\" decoding=\"async\" class=\"alignleft size-full wp-image-55331\" src=\"http:\/\/www.celttv.com.ar\/wp-content\/uploads\/2021\/01\/31b9880c-95d6-4069-a3af-f133c1f3c55b.jpg\" alt=\"\" width=\"1080\" height=\"1080\" srcset=\"https:\/\/www.celttv.com.ar\/wp-content\/uploads\/2021\/01\/31b9880c-95d6-4069-a3af-f133c1f3c55b.jpg 1080w, https:\/\/www.celttv.com.ar\/wp-content\/uploads\/2021\/01\/31b9880c-95d6-4069-a3af-f133c1f3c55b-300x300.jpg 300w, https:\/\/www.celttv.com.ar\/wp-content\/uploads\/2021\/01\/31b9880c-95d6-4069-a3af-f133c1f3c55b-1024x1024.jpg 1024w, https:\/\/www.celttv.com.ar\/wp-content\/uploads\/2021\/01\/31b9880c-95d6-4069-a3af-f133c1f3c55b-150x150.jpg 150w, https:\/\/www.celttv.com.ar\/wp-content\/uploads\/2021\/01\/31b9880c-95d6-4069-a3af-f133c1f3c55b-768x768.jpg 768w, https:\/\/www.celttv.com.ar\/wp-content\/uploads\/2021\/01\/31b9880c-95d6-4069-a3af-f133c1f3c55b-75x75.jpg 75w, https:\/\/www.celttv.com.ar\/wp-content\/uploads\/2021\/01\/31b9880c-95d6-4069-a3af-f133c1f3c55b-750x750.jpg 750w\" sizes=\"auto, (max-width: 1080px) 100vw, 1080px\" \/><\/a><\/p>\n","protected":false},"excerpt":{"rendered":"<p>La secretar\u00eda de Salud del distrito de Tornquist report\u00f3 un nuevo fallecido y siete casos positivos de Covid-19 en las \u00f9ltimas horas. Los casos activos son 35, con 730 confirmados, 682 recuperados, sin sospechosos, 727 descartados, 215 personas aisladas de manera preventiva y 13 fallecidos.<\/p>\n","protected":false},"author":1,"featured_media":55331,"comment_status":"closed","ping_status":"open","sticky":false,"template":"","format":"standard","meta":{"footnotes":""},"categories":[54,55,51,52],"tags":[],"class_list":["post-55330","post","type-post","status-publish","format-standard","has-post-thumbnail","hentry","category-atencion-salud","category-celt-tv-noticias","category-comunidad","category-destacadas"],"yoast_head":"<!-- This site is optimized with the Yoast SEO plugin v19.7.1 - https:\/\/yoast.com\/wordpress\/plugins\/seo\/ -->\n<title>COVID-19: Se report\u00f3 un nuevo fallecido y siete positivos - CELTTV<\/title>\n<meta name=\"description\" content=\"Sitio web de noticias de la localidad de Tornquist, provincia de Buenos Aires, Rep\u00fablica Argentina. Contenido propio originado por periodistas de CELTTV, el canal de TV local de la Cooperativa El\u00e9ctrica de Tornquist. Turismo, Pol\u00edtica, Sociedad, Deporte, Cultura y todo el contenido de inter\u00e9s general que la gente del pueblo y la regi\u00f3n debe conocer.\" \/>\n<meta name=\"robots\" content=\"index, follow, max-snippet:-1, max-image-preview:large, max-video-preview:-1\" \/>\n<link rel=\"canonical\" href=\"https:\/\/www.celttv.com.ar\/index.php\/2021\/01\/30\/covid-19-se-reporto-un-nuevo-fallecido-y-siete-positivos\/\" \/>\n<meta property=\"og:locale\" content=\"es_ES\" \/>\n<meta property=\"og:type\" content=\"article\" \/>\n<meta property=\"og:title\" content=\"COVID-19: Se report\u00f3 un nuevo fallecido y siete positivos - CELTTV\" \/>\n<meta property=\"og:description\" content=\"Sitio web de noticias de la localidad de Tornquist, provincia de Buenos Aires, Rep\u00fablica Argentina. Contenido propio originado por periodistas de CELTTV, el canal de TV local de la Cooperativa El\u00e9ctrica de Tornquist. Turismo, Pol\u00edtica, Sociedad, Deporte, Cultura y todo el contenido de inter\u00e9s general que la gente del pueblo y la regi\u00f3n debe conocer.\" \/>\n<meta property=\"og:url\" content=\"https:\/\/www.celttv.com.ar\/index.php\/2021\/01\/30\/covid-19-se-reporto-un-nuevo-fallecido-y-siete-positivos\/\" \/>\n<meta property=\"og:site_name\" content=\"CELTTV\" \/>\n<meta property=\"article:publisher\" content=\"https:\/\/www.facebook.com\/celtTV\/\" \/>\n<meta property=\"article:published_time\" content=\"2021-01-30T14:57:10+00:00\" \/>\n<meta property=\"og:image\" content=\"https:\/\/www.celttv.com.ar\/wp-content\/uploads\/2021\/01\/31b9880c-95d6-4069-a3af-f133c1f3c55b.jpg\" \/>\n\t<meta property=\"og:image:width\" content=\"1080\" \/>\n\t<meta property=\"og:image:height\" content=\"1080\" \/>\n\t<meta property=\"og:image:type\" content=\"image\/jpeg\" \/>\n<meta name=\"author\" content=\"ulises\" \/>\n<meta name=\"twitter:card\" content=\"summary_large_image\" \/>\n<meta name=\"twitter:label1\" content=\"Escrito por\" \/>\n\t<meta name=\"twitter:data1\" content=\"ulises\" \/>\n<script type=\"application\/ld+json\" class=\"yoast-schema-graph\">{\"@context\":\"https:\/\/schema.org\",\"@graph\":[{\"@type\":\"NewsArticle\",\"@id\":\"https:\/\/www.celttv.com.ar\/index.php\/2021\/01\/30\/covid-19-se-reporto-un-nuevo-fallecido-y-siete-positivos\/#article\",\"isPartOf\":{\"@id\":\"https:\/\/www.celttv.com.ar\/index.php\/2021\/01\/30\/covid-19-se-reporto-un-nuevo-fallecido-y-siete-positivos\/\"},\"author\":{\"name\":\"ulises\",\"@id\":\"https:\/\/www.celttv.com.ar\/#\/schema\/person\/6d99c072dba59953809c81446e9d0ace\"},\"headline\":\"COVID-19: Se report\u00f3 un nuevo fallecido y siete positivos\",\"datePublished\":\"2021-01-30T14:57:10+00:00\",\"dateModified\":\"2021-01-30T14:57:10+00:00\",\"mainEntityOfPage\":{\"@id\":\"https:\/\/www.celttv.com.ar\/index.php\/2021\/01\/30\/covid-19-se-reporto-un-nuevo-fallecido-y-siete-positivos\/\"},\"wordCount\":49,\"publisher\":{\"@id\":\"https:\/\/www.celttv.com.ar\/#organization\"},\"articleSection\":[\"Atenci\u00f3n Salud\",\"Celt TV Noticias\",\"Comunidad\",\"Destacadas\"],\"inLanguage\":\"es\"},{\"@type\":\"WebPage\",\"@id\":\"https:\/\/www.celttv.com.ar\/index.php\/2021\/01\/30\/covid-19-se-reporto-un-nuevo-fallecido-y-siete-positivos\/\",\"url\":\"https:\/\/www.celttv.com.ar\/index.php\/2021\/01\/30\/covid-19-se-reporto-un-nuevo-fallecido-y-siete-positivos\/\",\"name\":\"COVID-19: Se report\u00f3 un nuevo fallecido y siete positivos - CELTTV\",\"isPartOf\":{\"@id\":\"https:\/\/www.celttv.com.ar\/#website\"},\"datePublished\":\"2021-01-30T14:57:10+00:00\",\"dateModified\":\"2021-01-30T14:57:10+00:00\",\"description\":\"Sitio web de noticias de la localidad de Tornquist, provincia de Buenos Aires, Rep\u00fablica Argentina. Contenido propio originado por periodistas de CELTTV, el canal de TV local de la Cooperativa El\u00e9ctrica de Tornquist. Turismo, Pol\u00edtica, Sociedad, Deporte, Cultura y todo el contenido de inter\u00e9s general que la gente del pueblo y la regi\u00f3n debe conocer.\",\"breadcrumb\":{\"@id\":\"https:\/\/www.celttv.com.ar\/index.php\/2021\/01\/30\/covid-19-se-reporto-un-nuevo-fallecido-y-siete-positivos\/#breadcrumb\"},\"inLanguage\":\"es\",\"potentialAction\":[{\"@type\":\"ReadAction\",\"target\":[\"https:\/\/www.celttv.com.ar\/index.php\/2021\/01\/30\/covid-19-se-reporto-un-nuevo-fallecido-y-siete-positivos\/\"]}]},{\"@type\":\"BreadcrumbList\",\"@id\":\"https:\/\/www.celttv.com.ar\/index.php\/2021\/01\/30\/covid-19-se-reporto-un-nuevo-fallecido-y-siete-positivos\/#breadcrumb\",\"itemListElement\":[{\"@type\":\"ListItem\",\"position\":1,\"name\":\"Inicio\",\"item\":\"https:\/\/www.celttv.com.ar\/\"},{\"@type\":\"ListItem\",\"position\":2,\"name\":\"COVID-19: Se report\u00f3 un nuevo fallecido y siete positivos\"}]},{\"@type\":\"WebSite\",\"@id\":\"https:\/\/www.celttv.com.ar\/#website\",\"url\":\"https:\/\/www.celttv.com.ar\/\",\"name\":\"CELTTV\",\"description\":\"Cooperativa El\u00e9ctrica de Tornquist\",\"publisher\":{\"@id\":\"https:\/\/www.celttv.com.ar\/#organization\"},\"potentialAction\":[{\"@type\":\"SearchAction\",\"target\":{\"@type\":\"EntryPoint\",\"urlTemplate\":\"https:\/\/www.celttv.com.ar\/?s={search_term_string}\"},\"query-input\":\"required name=search_term_string\"}],\"inLanguage\":\"es\"},{\"@type\":\"Organization\",\"@id\":\"https:\/\/www.celttv.com.ar\/#organization\",\"name\":\"CELTTV\",\"url\":\"https:\/\/www.celttv.com.ar\/\",\"sameAs\":[\"https:\/\/www.youtube.com\/channel\/UCz_oIt8Hig64Ub-EmcNPIhg\",\"https:\/\/www.facebook.com\/celtTV\/\"],\"logo\":{\"@type\":\"ImageObject\",\"inLanguage\":\"es\",\"@id\":\"https:\/\/www.celttv.com.ar\/#\/schema\/logo\/image\/\",\"url\":\"http:\/\/www.celttv.com.ar\/wp-content\/uploads\/2022\/08\/logo-1.png\",\"contentUrl\":\"http:\/\/www.celttv.com.ar\/wp-content\/uploads\/2022\/08\/logo-1.png\",\"width\":461,\"height\":159,\"caption\":\"CELTTV\"},\"image\":{\"@id\":\"https:\/\/www.celttv.com.ar\/#\/schema\/logo\/image\/\"}},{\"@type\":\"Person\",\"@id\":\"https:\/\/www.celttv.com.ar\/#\/schema\/person\/6d99c072dba59953809c81446e9d0ace\",\"name\":\"ulises\",\"image\":{\"@type\":\"ImageObject\",\"inLanguage\":\"es\",\"@id\":\"https:\/\/www.celttv.com.ar\/#\/schema\/person\/image\/\",\"url\":\"https:\/\/secure.gravatar.com\/avatar\/7f2c48bdc33b30088f941fb6082e555f2874c98e20cb159d7b92b50eadfce793?s=96&d=mm&r=g\",\"contentUrl\":\"https:\/\/secure.gravatar.com\/avatar\/7f2c48bdc33b30088f941fb6082e555f2874c98e20cb159d7b92b50eadfce793?s=96&d=mm&r=g\",\"caption\":\"ulises\"},\"sameAs\":[\"http:\/\/www.celttv.com.ar\"]}]}<\/script>\n<!-- \/ Yoast SEO plugin. -->","yoast_head_json":{"title":"COVID-19: Se report\u00f3 un nuevo fallecido y siete positivos - CELTTV","description":"Sitio web de noticias de la localidad de Tornquist, provincia de Buenos Aires, Rep\u00fablica Argentina. Contenido propio originado por periodistas de CELTTV, el canal de TV local de la Cooperativa El\u00e9ctrica de Tornquist. Turismo, Pol\u00edtica, Sociedad, Deporte, Cultura y todo el contenido de inter\u00e9s general que la gente del pueblo y la regi\u00f3n debe conocer.","robots":{"index":"index","follow":"follow","max-snippet":"max-snippet:-1","max-image-preview":"max-image-preview:large","max-video-preview":"max-video-preview:-1"},"canonical":"https:\/\/www.celttv.com.ar\/index.php\/2021\/01\/30\/covid-19-se-reporto-un-nuevo-fallecido-y-siete-positivos\/","og_locale":"es_ES","og_type":"article","og_title":"COVID-19: Se report\u00f3 un nuevo fallecido y siete positivos - CELTTV","og_description":"Sitio web de noticias de la localidad de Tornquist, provincia de Buenos Aires, Rep\u00fablica Argentina. Contenido propio originado por periodistas de CELTTV, el canal de TV local de la Cooperativa El\u00e9ctrica de Tornquist. Turismo, Pol\u00edtica, Sociedad, Deporte, Cultura y todo el contenido de inter\u00e9s general que la gente del pueblo y la regi\u00f3n debe conocer.","og_url":"https:\/\/www.celttv.com.ar\/index.php\/2021\/01\/30\/covid-19-se-reporto-un-nuevo-fallecido-y-siete-positivos\/","og_site_name":"CELTTV","article_publisher":"https:\/\/www.facebook.com\/celtTV\/","article_published_time":"2021-01-30T14:57:10+00:00","og_image":[{"width":1080,"height":1080,"url":"https:\/\/www.celttv.com.ar\/wp-content\/uploads\/2021\/01\/31b9880c-95d6-4069-a3af-f133c1f3c55b.jpg","type":"image\/jpeg"}],"author":"ulises","twitter_card":"summary_large_image","twitter_misc":{"Escrito por":"ulises"},"schema":{"@context":"https:\/\/schema.org","@graph":[{"@type":"NewsArticle","@id":"https:\/\/www.celttv.com.ar\/index.php\/2021\/01\/30\/covid-19-se-reporto-un-nuevo-fallecido-y-siete-positivos\/#article","isPartOf":{"@id":"https:\/\/www.celttv.com.ar\/index.php\/2021\/01\/30\/covid-19-se-reporto-un-nuevo-fallecido-y-siete-positivos\/"},"author":{"name":"ulises","@id":"https:\/\/www.celttv.com.ar\/#\/schema\/person\/6d99c072dba59953809c81446e9d0ace"},"headline":"COVID-19: Se report\u00f3 un nuevo fallecido y siete positivos","datePublished":"2021-01-30T14:57:10+00:00","dateModified":"2021-01-30T14:57:10+00:00","mainEntityOfPage":{"@id":"https:\/\/www.celttv.com.ar\/index.php\/2021\/01\/30\/covid-19-se-reporto-un-nuevo-fallecido-y-siete-positivos\/"},"wordCount":49,"publisher":{"@id":"https:\/\/www.celttv.com.ar\/#organization"},"articleSection":["Atenci\u00f3n Salud","Celt TV Noticias","Comunidad","Destacadas"],"inLanguage":"es"},{"@type":"WebPage","@id":"https:\/\/www.celttv.com.ar\/index.php\/2021\/01\/30\/covid-19-se-reporto-un-nuevo-fallecido-y-siete-positivos\/","url":"https:\/\/www.celttv.com.ar\/index.php\/2021\/01\/30\/covid-19-se-reporto-un-nuevo-fallecido-y-siete-positivos\/","name":"COVID-19: Se report\u00f3 un nuevo fallecido y siete positivos - CELTTV","isPartOf":{"@id":"https:\/\/www.celttv.com.ar\/#website"},"datePublished":"2021-01-30T14:57:10+00:00","dateModified":"2021-01-30T14:57:10+00:00","description":"Sitio web de noticias de la localidad de Tornquist, provincia de Buenos Aires, Rep\u00fablica Argentina. Contenido propio originado por periodistas de CELTTV, el canal de TV local de la Cooperativa El\u00e9ctrica de Tornquist. Turismo, Pol\u00edtica, Sociedad, Deporte, Cultura y todo el contenido de inter\u00e9s general que la gente del pueblo y la regi\u00f3n debe conocer.","breadcrumb":{"@id":"https:\/\/www.celttv.com.ar\/index.php\/2021\/01\/30\/covid-19-se-reporto-un-nuevo-fallecido-y-siete-positivos\/#breadcrumb"},"inLanguage":"es","potentialAction":[{"@type":"ReadAction","target":["https:\/\/www.celttv.com.ar\/index.php\/2021\/01\/30\/covid-19-se-reporto-un-nuevo-fallecido-y-siete-positivos\/"]}]},{"@type":"BreadcrumbList","@id":"https:\/\/www.celttv.com.ar\/index.php\/2021\/01\/30\/covid-19-se-reporto-un-nuevo-fallecido-y-siete-positivos\/#breadcrumb","itemListElement":[{"@type":"ListItem","position":1,"name":"Inicio","item":"https:\/\/www.celttv.com.ar\/"},{"@type":"ListItem","position":2,"name":"COVID-19: Se report\u00f3 un nuevo fallecido y siete positivos"}]},{"@type":"WebSite","@id":"https:\/\/www.celttv.com.ar\/#website","url":"https:\/\/www.celttv.com.ar\/","name":"CELTTV","description":"Cooperativa El\u00e9ctrica de Tornquist","publisher":{"@id":"https:\/\/www.celttv.com.ar\/#organization"},"potentialAction":[{"@type":"SearchAction","target":{"@type":"EntryPoint","urlTemplate":"https:\/\/www.celttv.com.ar\/?s={search_term_string}"},"query-input":"required name=search_term_string"}],"inLanguage":"es"},{"@type":"Organization","@id":"https:\/\/www.celttv.com.ar\/#organization","name":"CELTTV","url":"https:\/\/www.celttv.com.ar\/","sameAs":["https:\/\/www.youtube.com\/channel\/UCz_oIt8Hig64Ub-EmcNPIhg","https:\/\/www.facebook.com\/celtTV\/"],"logo":{"@type":"ImageObject","inLanguage":"es","@id":"https:\/\/www.celttv.com.ar\/#\/schema\/logo\/image\/","url":"http:\/\/www.celttv.com.ar\/wp-content\/uploads\/2022\/08\/logo-1.png","contentUrl":"http:\/\/www.celttv.com.ar\/wp-content\/uploads\/2022\/08\/logo-1.png","width":461,"height":159,"caption":"CELTTV"},"image":{"@id":"https:\/\/www.celttv.com.ar\/#\/schema\/logo\/image\/"}},{"@type":"Person","@id":"https:\/\/www.celttv.com.ar\/#\/schema\/person\/6d99c072dba59953809c81446e9d0ace","name":"ulises","image":{"@type":"ImageObject","inLanguage":"es","@id":"https:\/\/www.celttv.com.ar\/#\/schema\/person\/image\/","url":"https:\/\/secure.gravatar.com\/avatar\/7f2c48bdc33b30088f941fb6082e555f2874c98e20cb159d7b92b50eadfce793?s=96&d=mm&r=g","contentUrl":"https:\/\/secure.gravatar.com\/avatar\/7f2c48bdc33b30088f941fb6082e555f2874c98e20cb159d7b92b50eadfce793?s=96&d=mm&r=g","caption":"ulises"},"sameAs":["http:\/\/www.celttv.com.ar"]}]}},"_links":{"self":[{"href":"https:\/\/www.celttv.com.ar\/index.php\/wp-json\/wp\/v2\/posts\/55330","targetHints":{"allow":["GET"]}}],"collection":[{"href":"https:\/\/www.celttv.com.ar\/index.php\/wp-json\/wp\/v2\/posts"}],"about":[{"href":"https:\/\/www.celttv.com.ar\/index.php\/wp-json\/wp\/v2\/types\/post"}],"author":[{"embeddable":true,"href":"https:\/\/www.celttv.com.ar\/index.php\/wp-json\/wp\/v2\/users\/1"}],"replies":[{"embeddable":true,"href":"https:\/\/www.celttv.com.ar\/index.php\/wp-json\/wp\/v2\/comments?post=55330"}],"version-history":[{"count":0,"href":"https:\/\/www.celttv.com.ar\/index.php\/wp-json\/wp\/v2\/posts\/55330\/revisions"}],"wp:featuredmedia":[{"embeddable":true,"href":"https:\/\/www.celttv.com.ar\/index.php\/wp-json\/wp\/v2\/media\/55331"}],"wp:attachment":[{"href":"https:\/\/www.celttv.com.ar\/index.php\/wp-json\/wp\/v2\/media?parent=55330"}],"wp:term":[{"taxonomy":"category","embeddable":true,"href":"https:\/\/www.celttv.com.ar\/index.php\/wp-json\/wp\/v2\/categories?post=55330"},{"taxonomy":"post_tag","embeddable":true,"href":"https:\/\/www.celttv.com.ar\/index.php\/wp-json\/wp\/v2\/tags?post=55330"}],"curies":[{"name":"wp","href":"https:\/\/api.w.org\/{rel}","templated":true}]}}