{"id":55365,"date":"2021-02-01T19:47:38","date_gmt":"2021-02-01T19:47:38","guid":{"rendered":"http:\/\/www.celttv.com.ar\/?p=55365"},"modified":"2021-02-01T19:47:38","modified_gmt":"2021-02-01T19:47:38","slug":"villa-ventana-tendra-nueva-delegada-municipal","status":"publish","type":"post","link":"https:\/\/www.celttv.com.ar\/index.php\/2021\/02\/01\/villa-ventana-tendra-nueva-delegada-municipal\/","title":{"rendered":"Villa Ventana tendr\u00e1 nueva delegada municipal"},"content":{"rendered":"<p>A partir del lunes 8 de febrero, Villa Ventana tendr\u00e1 nueva delegada municipal: se trata de la Lic. Florencia Testa, quien reemplazar\u00e1 a Hugo Scabuso, que se aleja del cargo por cuestiones personales.<\/p>\n<p>En ese marco, este lunes la funcionaria entrante mantuvo una reuni\u00f3n con su predecesor, a fin de coordinar la transici\u00f3n del mandato y dialogar sobre los temas inherentes a la labor en la delegaci\u00f3n.<\/p>\n<p>En la jornada tambi\u00e9n estuvieron presentes el intendente municipal, Sergio Bordoni, y el Secretario de Gobierno y Seguridad, Ezequiel Gabella, quienes presentaron a la futura delegada ante los empleados comunales de la localidad.<\/p>\n<p>Florencia Testa tiene 27 a\u00f1os, es Licenciada en Ciencias Pol\u00edticas y Relaciones Internacionales egresada de la Universidad Cat\u00f3lica Argentina de La Plata, y actualmente se desempe\u00f1a como docente.<\/p>\n<p>El intendente Bordoni agradeci\u00f3 a Scabuso por la labor realizada durante sus tres a\u00f1os al frente de la delegaci\u00f3n, destacando su compromiso con la comunidad y su trabajo en pos del crecimiento de la localidad y del mejoramiento de la calidad de vida de los residentes y los visitantes.<\/p>\n<p><a href=\"http:\/\/www.celttv.com.ar\/?attachment_id=55366\" rel=\"attachment wp-att-55366\"><img loading=\"lazy\" decoding=\"async\" class=\"alignleft size-full wp-image-55366\" src=\"http:\/\/www.celttv.com.ar\/wp-content\/uploads\/2021\/02\/Delegada-de-Villa-Ventana-1-Medium.jpeg\" alt=\"\" width=\"1024\" height=\"768\" srcset=\"https:\/\/www.celttv.com.ar\/wp-content\/uploads\/2021\/02\/Delegada-de-Villa-Ventana-1-Medium.jpeg 1024w, https:\/\/www.celttv.com.ar\/wp-content\/uploads\/2021\/02\/Delegada-de-Villa-Ventana-1-Medium-300x225.jpeg 300w, https:\/\/www.celttv.com.ar\/wp-content\/uploads\/2021\/02\/Delegada-de-Villa-Ventana-1-Medium-768x576.jpeg 768w, https:\/\/www.celttv.com.ar\/wp-content\/uploads\/2021\/02\/Delegada-de-Villa-Ventana-1-Medium-750x563.jpeg 750w\" sizes=\"auto, (max-width: 1024px) 100vw, 1024px\" \/><\/a> <a href=\"http:\/\/www.celttv.com.ar\/?attachment_id=55367\" rel=\"attachment wp-att-55367\"><img loading=\"lazy\" decoding=\"async\" class=\"alignleft size-medium wp-image-55367\" src=\"http:\/\/www.celttv.com.ar\/wp-content\/uploads\/2021\/02\/Delegada-de-Villa-Ventana-2-Medium.jpeg\" alt=\"\" width=\"780\" height=\"543\" srcset=\"https:\/\/www.celttv.com.ar\/wp-content\/uploads\/2021\/02\/Delegada-de-Villa-Ventana-2-Medium.jpeg 1104w, https:\/\/www.celttv.com.ar\/wp-content\/uploads\/2021\/02\/Delegada-de-Villa-Ventana-2-Medium-300x209.jpeg 300w, https:\/\/www.celttv.com.ar\/wp-content\/uploads\/2021\/02\/Delegada-de-Villa-Ventana-2-Medium-1024x712.jpeg 1024w, https:\/\/www.celttv.com.ar\/wp-content\/uploads\/2021\/02\/Delegada-de-Villa-Ventana-2-Medium-768x534.jpeg 768w, https:\/\/www.celttv.com.ar\/wp-content\/uploads\/2021\/02\/Delegada-de-Villa-Ventana-2-Medium-750x522.jpeg 750w\" sizes=\"auto, (max-width: 780px) 100vw, 780px\" \/><\/a> <a href=\"http:\/\/www.celttv.com.ar\/?attachment_id=55368\" rel=\"attachment wp-att-55368\"><img loading=\"lazy\" decoding=\"async\" class=\"alignleft size-medium wp-image-55368\" src=\"http:\/\/www.celttv.com.ar\/wp-content\/uploads\/2021\/02\/Delegada-de-Villa-Ventana-3-Medium.jpeg\" alt=\"\" width=\"780\" height=\"585\" srcset=\"https:\/\/www.celttv.com.ar\/wp-content\/uploads\/2021\/02\/Delegada-de-Villa-Ventana-3-Medium.jpeg 1024w, https:\/\/www.celttv.com.ar\/wp-content\/uploads\/2021\/02\/Delegada-de-Villa-Ventana-3-Medium-300x225.jpeg 300w, https:\/\/www.celttv.com.ar\/wp-content\/uploads\/2021\/02\/Delegada-de-Villa-Ventana-3-Medium-768x576.jpeg 768w, https:\/\/www.celttv.com.ar\/wp-content\/uploads\/2021\/02\/Delegada-de-Villa-Ventana-3-Medium-750x563.jpeg 750w\" sizes=\"auto, (max-width: 780px) 100vw, 780px\" \/><\/a><\/p>\n","protected":false},"excerpt":{"rendered":"<p>A partir del lunes 8 de febrero, Villa Ventana tendr\u00e1 nueva delegada municipal: se trata de la Lic. Florencia Testa, quien reemplazar\u00e1 a Hugo Scabuso, que se aleja del cargo por cuestiones personales. En ese marco, este lunes la funcionaria entrante mantuvo una reuni\u00f3n con su predecesor, a fin de coordinar la transici\u00f3n del mandato [&hellip;]<\/p>\n","protected":false},"author":1,"featured_media":55367,"comment_status":"closed","ping_status":"open","sticky":false,"template":"","format":"standard","meta":{"footnotes":""},"categories":[51,52],"tags":[194],"class_list":["post-55365","post","type-post","status-publish","format-standard","has-post-thumbnail","hentry","category-comunidad","category-destacadas","tag-nueva-delegada-en-villa-ventana"],"yoast_head":"<!-- This site is optimized with the Yoast SEO plugin v19.7.1 - https:\/\/yoast.com\/wordpress\/plugins\/seo\/ -->\n<title>Villa Ventana tendr\u00e1 nueva delegada municipal - CELTTV<\/title>\n<meta name=\"description\" content=\"Sitio web de noticias de la localidad de Tornquist, provincia de Buenos Aires, Rep\u00fablica Argentina. Contenido propio originado por periodistas de CELTTV, el canal de TV local de la Cooperativa El\u00e9ctrica de Tornquist. Turismo, Pol\u00edtica, Sociedad, Deporte, Cultura y todo el contenido de inter\u00e9s general que la gente del pueblo y la regi\u00f3n debe conocer.\" \/>\n<meta name=\"robots\" content=\"index, follow, max-snippet:-1, max-image-preview:large, max-video-preview:-1\" \/>\n<link rel=\"canonical\" href=\"https:\/\/www.celttv.com.ar\/index.php\/2021\/02\/01\/villa-ventana-tendra-nueva-delegada-municipal\/\" \/>\n<meta property=\"og:locale\" content=\"es_ES\" \/>\n<meta property=\"og:type\" content=\"article\" \/>\n<meta property=\"og:title\" content=\"Villa Ventana tendr\u00e1 nueva delegada municipal - CELTTV\" \/>\n<meta property=\"og:description\" content=\"Sitio web de noticias de la localidad de Tornquist, provincia de Buenos Aires, Rep\u00fablica Argentina. Contenido propio originado por periodistas de CELTTV, el canal de TV local de la Cooperativa El\u00e9ctrica de Tornquist. Turismo, Pol\u00edtica, Sociedad, Deporte, Cultura y todo el contenido de inter\u00e9s general que la gente del pueblo y la regi\u00f3n debe conocer.\" \/>\n<meta property=\"og:url\" content=\"https:\/\/www.celttv.com.ar\/index.php\/2021\/02\/01\/villa-ventana-tendra-nueva-delegada-municipal\/\" \/>\n<meta property=\"og:site_name\" content=\"CELTTV\" \/>\n<meta property=\"article:publisher\" content=\"https:\/\/www.facebook.com\/celtTV\/\" \/>\n<meta property=\"article:published_time\" content=\"2021-02-01T19:47:38+00:00\" \/>\n<meta property=\"og:image\" content=\"https:\/\/www.celttv.com.ar\/wp-content\/uploads\/2021\/02\/Delegada-de-Villa-Ventana-2-Medium.jpeg\" \/>\n\t<meta property=\"og:image:width\" content=\"1104\" \/>\n\t<meta property=\"og:image:height\" content=\"768\" \/>\n\t<meta property=\"og:image:type\" content=\"image\/jpeg\" \/>\n<meta name=\"author\" content=\"ulises\" \/>\n<meta name=\"twitter:card\" content=\"summary_large_image\" \/>\n<meta name=\"twitter:label1\" content=\"Escrito por\" \/>\n\t<meta name=\"twitter:data1\" content=\"ulises\" \/>\n\t<meta name=\"twitter:label2\" content=\"Tiempo de lectura\" \/>\n\t<meta name=\"twitter:data2\" content=\"1 minuto\" \/>\n<script type=\"application\/ld+json\" class=\"yoast-schema-graph\">{\"@context\":\"https:\/\/schema.org\",\"@graph\":[{\"@type\":\"NewsArticle\",\"@id\":\"https:\/\/www.celttv.com.ar\/index.php\/2021\/02\/01\/villa-ventana-tendra-nueva-delegada-municipal\/#article\",\"isPartOf\":{\"@id\":\"https:\/\/www.celttv.com.ar\/index.php\/2021\/02\/01\/villa-ventana-tendra-nueva-delegada-municipal\/\"},\"author\":{\"name\":\"ulises\",\"@id\":\"https:\/\/www.celttv.com.ar\/#\/schema\/person\/6d99c072dba59953809c81446e9d0ace\"},\"headline\":\"Villa Ventana tendr\u00e1 nueva delegada municipal\",\"datePublished\":\"2021-02-01T19:47:38+00:00\",\"dateModified\":\"2021-02-01T19:47:38+00:00\",\"mainEntityOfPage\":{\"@id\":\"https:\/\/www.celttv.com.ar\/index.php\/2021\/02\/01\/villa-ventana-tendra-nueva-delegada-municipal\/\"},\"wordCount\":191,\"publisher\":{\"@id\":\"https:\/\/www.celttv.com.ar\/#organization\"},\"keywords\":[\"Nueva delegada en Villa Ventana\"],\"articleSection\":[\"Comunidad\",\"Destacadas\"],\"inLanguage\":\"es\"},{\"@type\":\"WebPage\",\"@id\":\"https:\/\/www.celttv.com.ar\/index.php\/2021\/02\/01\/villa-ventana-tendra-nueva-delegada-municipal\/\",\"url\":\"https:\/\/www.celttv.com.ar\/index.php\/2021\/02\/01\/villa-ventana-tendra-nueva-delegada-municipal\/\",\"name\":\"Villa Ventana tendr\u00e1 nueva delegada municipal - CELTTV\",\"isPartOf\":{\"@id\":\"https:\/\/www.celttv.com.ar\/#website\"},\"datePublished\":\"2021-02-01T19:47:38+00:00\",\"dateModified\":\"2021-02-01T19:47:38+00:00\",\"description\":\"Sitio web de noticias de la localidad de Tornquist, provincia de Buenos Aires, Rep\u00fablica Argentina. Contenido propio originado por periodistas de CELTTV, el canal de TV local de la Cooperativa El\u00e9ctrica de Tornquist. Turismo, Pol\u00edtica, Sociedad, Deporte, Cultura y todo el contenido de inter\u00e9s general que la gente del pueblo y la regi\u00f3n debe conocer.\",\"breadcrumb\":{\"@id\":\"https:\/\/www.celttv.com.ar\/index.php\/2021\/02\/01\/villa-ventana-tendra-nueva-delegada-municipal\/#breadcrumb\"},\"inLanguage\":\"es\",\"potentialAction\":[{\"@type\":\"ReadAction\",\"target\":[\"https:\/\/www.celttv.com.ar\/index.php\/2021\/02\/01\/villa-ventana-tendra-nueva-delegada-municipal\/\"]}]},{\"@type\":\"BreadcrumbList\",\"@id\":\"https:\/\/www.celttv.com.ar\/index.php\/2021\/02\/01\/villa-ventana-tendra-nueva-delegada-municipal\/#breadcrumb\",\"itemListElement\":[{\"@type\":\"ListItem\",\"position\":1,\"name\":\"Inicio\",\"item\":\"https:\/\/www.celttv.com.ar\/\"},{\"@type\":\"ListItem\",\"position\":2,\"name\":\"Villa Ventana tendr\u00e1 nueva delegada municipal\"}]},{\"@type\":\"WebSite\",\"@id\":\"https:\/\/www.celttv.com.ar\/#website\",\"url\":\"https:\/\/www.celttv.com.ar\/\",\"name\":\"CELTTV\",\"description\":\"Cooperativa El\u00e9ctrica de Tornquist\",\"publisher\":{\"@id\":\"https:\/\/www.celttv.com.ar\/#organization\"},\"potentialAction\":[{\"@type\":\"SearchAction\",\"target\":{\"@type\":\"EntryPoint\",\"urlTemplate\":\"https:\/\/www.celttv.com.ar\/?s={search_term_string}\"},\"query-input\":\"required name=search_term_string\"}],\"inLanguage\":\"es\"},{\"@type\":\"Organization\",\"@id\":\"https:\/\/www.celttv.com.ar\/#organization\",\"name\":\"CELTTV\",\"url\":\"https:\/\/www.celttv.com.ar\/\",\"sameAs\":[\"https:\/\/www.youtube.com\/channel\/UCz_oIt8Hig64Ub-EmcNPIhg\",\"https:\/\/www.facebook.com\/celtTV\/\"],\"logo\":{\"@type\":\"ImageObject\",\"inLanguage\":\"es\",\"@id\":\"https:\/\/www.celttv.com.ar\/#\/schema\/logo\/image\/\",\"url\":\"http:\/\/www.celttv.com.ar\/wp-content\/uploads\/2022\/08\/logo-1.png\",\"contentUrl\":\"http:\/\/www.celttv.com.ar\/wp-content\/uploads\/2022\/08\/logo-1.png\",\"width\":461,\"height\":159,\"caption\":\"CELTTV\"},\"image\":{\"@id\":\"https:\/\/www.celttv.com.ar\/#\/schema\/logo\/image\/\"}},{\"@type\":\"Person\",\"@id\":\"https:\/\/www.celttv.com.ar\/#\/schema\/person\/6d99c072dba59953809c81446e9d0ace\",\"name\":\"ulises\",\"image\":{\"@type\":\"ImageObject\",\"inLanguage\":\"es\",\"@id\":\"https:\/\/www.celttv.com.ar\/#\/schema\/person\/image\/\",\"url\":\"https:\/\/secure.gravatar.com\/avatar\/7f2c48bdc33b30088f941fb6082e555f2874c98e20cb159d7b92b50eadfce793?s=96&d=mm&r=g\",\"contentUrl\":\"https:\/\/secure.gravatar.com\/avatar\/7f2c48bdc33b30088f941fb6082e555f2874c98e20cb159d7b92b50eadfce793?s=96&d=mm&r=g\",\"caption\":\"ulises\"},\"sameAs\":[\"http:\/\/www.celttv.com.ar\"]}]}<\/script>\n<!-- \/ Yoast SEO plugin. -->","yoast_head_json":{"title":"Villa Ventana tendr\u00e1 nueva delegada municipal - CELTTV","description":"Sitio web de noticias de la localidad de Tornquist, provincia de Buenos Aires, Rep\u00fablica Argentina. Contenido propio originado por periodistas de CELTTV, el canal de TV local de la Cooperativa El\u00e9ctrica de Tornquist. Turismo, Pol\u00edtica, Sociedad, Deporte, Cultura y todo el contenido de inter\u00e9s general que la gente del pueblo y la regi\u00f3n debe conocer.","robots":{"index":"index","follow":"follow","max-snippet":"max-snippet:-1","max-image-preview":"max-image-preview:large","max-video-preview":"max-video-preview:-1"},"canonical":"https:\/\/www.celttv.com.ar\/index.php\/2021\/02\/01\/villa-ventana-tendra-nueva-delegada-municipal\/","og_locale":"es_ES","og_type":"article","og_title":"Villa Ventana tendr\u00e1 nueva delegada municipal - CELTTV","og_description":"Sitio web de noticias de la localidad de Tornquist, provincia de Buenos Aires, Rep\u00fablica Argentina. Contenido propio originado por periodistas de CELTTV, el canal de TV local de la Cooperativa El\u00e9ctrica de Tornquist. Turismo, Pol\u00edtica, Sociedad, Deporte, Cultura y todo el contenido de inter\u00e9s general que la gente del pueblo y la regi\u00f3n debe conocer.","og_url":"https:\/\/www.celttv.com.ar\/index.php\/2021\/02\/01\/villa-ventana-tendra-nueva-delegada-municipal\/","og_site_name":"CELTTV","article_publisher":"https:\/\/www.facebook.com\/celtTV\/","article_published_time":"2021-02-01T19:47:38+00:00","og_image":[{"width":1104,"height":768,"url":"https:\/\/www.celttv.com.ar\/wp-content\/uploads\/2021\/02\/Delegada-de-Villa-Ventana-2-Medium.jpeg","type":"image\/jpeg"}],"author":"ulises","twitter_card":"summary_large_image","twitter_misc":{"Escrito por":"ulises","Tiempo de lectura":"1 minuto"},"schema":{"@context":"https:\/\/schema.org","@graph":[{"@type":"NewsArticle","@id":"https:\/\/www.celttv.com.ar\/index.php\/2021\/02\/01\/villa-ventana-tendra-nueva-delegada-municipal\/#article","isPartOf":{"@id":"https:\/\/www.celttv.com.ar\/index.php\/2021\/02\/01\/villa-ventana-tendra-nueva-delegada-municipal\/"},"author":{"name":"ulises","@id":"https:\/\/www.celttv.com.ar\/#\/schema\/person\/6d99c072dba59953809c81446e9d0ace"},"headline":"Villa Ventana tendr\u00e1 nueva delegada municipal","datePublished":"2021-02-01T19:47:38+00:00","dateModified":"2021-02-01T19:47:38+00:00","mainEntityOfPage":{"@id":"https:\/\/www.celttv.com.ar\/index.php\/2021\/02\/01\/villa-ventana-tendra-nueva-delegada-municipal\/"},"wordCount":191,"publisher":{"@id":"https:\/\/www.celttv.com.ar\/#organization"},"keywords":["Nueva delegada en Villa Ventana"],"articleSection":["Comunidad","Destacadas"],"inLanguage":"es"},{"@type":"WebPage","@id":"https:\/\/www.celttv.com.ar\/index.php\/2021\/02\/01\/villa-ventana-tendra-nueva-delegada-municipal\/","url":"https:\/\/www.celttv.com.ar\/index.php\/2021\/02\/01\/villa-ventana-tendra-nueva-delegada-municipal\/","name":"Villa Ventana tendr\u00e1 nueva delegada municipal - CELTTV","isPartOf":{"@id":"https:\/\/www.celttv.com.ar\/#website"},"datePublished":"2021-02-01T19:47:38+00:00","dateModified":"2021-02-01T19:47:38+00:00","description":"Sitio web de noticias de la localidad de Tornquist, provincia de Buenos Aires, Rep\u00fablica Argentina. Contenido propio originado por periodistas de CELTTV, el canal de TV local de la Cooperativa El\u00e9ctrica de Tornquist. Turismo, Pol\u00edtica, Sociedad, Deporte, Cultura y todo el contenido de inter\u00e9s general que la gente del pueblo y la regi\u00f3n debe conocer.","breadcrumb":{"@id":"https:\/\/www.celttv.com.ar\/index.php\/2021\/02\/01\/villa-ventana-tendra-nueva-delegada-municipal\/#breadcrumb"},"inLanguage":"es","potentialAction":[{"@type":"ReadAction","target":["https:\/\/www.celttv.com.ar\/index.php\/2021\/02\/01\/villa-ventana-tendra-nueva-delegada-municipal\/"]}]},{"@type":"BreadcrumbList","@id":"https:\/\/www.celttv.com.ar\/index.php\/2021\/02\/01\/villa-ventana-tendra-nueva-delegada-municipal\/#breadcrumb","itemListElement":[{"@type":"ListItem","position":1,"name":"Inicio","item":"https:\/\/www.celttv.com.ar\/"},{"@type":"ListItem","position":2,"name":"Villa Ventana tendr\u00e1 nueva delegada municipal"}]},{"@type":"WebSite","@id":"https:\/\/www.celttv.com.ar\/#website","url":"https:\/\/www.celttv.com.ar\/","name":"CELTTV","description":"Cooperativa El\u00e9ctrica de Tornquist","publisher":{"@id":"https:\/\/www.celttv.com.ar\/#organization"},"potentialAction":[{"@type":"SearchAction","target":{"@type":"EntryPoint","urlTemplate":"https:\/\/www.celttv.com.ar\/?s={search_term_string}"},"query-input":"required name=search_term_string"}],"inLanguage":"es"},{"@type":"Organization","@id":"https:\/\/www.celttv.com.ar\/#organization","name":"CELTTV","url":"https:\/\/www.celttv.com.ar\/","sameAs":["https:\/\/www.youtube.com\/channel\/UCz_oIt8Hig64Ub-EmcNPIhg","https:\/\/www.facebook.com\/celtTV\/"],"logo":{"@type":"ImageObject","inLanguage":"es","@id":"https:\/\/www.celttv.com.ar\/#\/schema\/logo\/image\/","url":"http:\/\/www.celttv.com.ar\/wp-content\/uploads\/2022\/08\/logo-1.png","contentUrl":"http:\/\/www.celttv.com.ar\/wp-content\/uploads\/2022\/08\/logo-1.png","width":461,"height":159,"caption":"CELTTV"},"image":{"@id":"https:\/\/www.celttv.com.ar\/#\/schema\/logo\/image\/"}},{"@type":"Person","@id":"https:\/\/www.celttv.com.ar\/#\/schema\/person\/6d99c072dba59953809c81446e9d0ace","name":"ulises","image":{"@type":"ImageObject","inLanguage":"es","@id":"https:\/\/www.celttv.com.ar\/#\/schema\/person\/image\/","url":"https:\/\/secure.gravatar.com\/avatar\/7f2c48bdc33b30088f941fb6082e555f2874c98e20cb159d7b92b50eadfce793?s=96&d=mm&r=g","contentUrl":"https:\/\/secure.gravatar.com\/avatar\/7f2c48bdc33b30088f941fb6082e555f2874c98e20cb159d7b92b50eadfce793?s=96&d=mm&r=g","caption":"ulises"},"sameAs":["http:\/\/www.celttv.com.ar"]}]}},"_links":{"self":[{"href":"https:\/\/www.celttv.com.ar\/index.php\/wp-json\/wp\/v2\/posts\/55365","targetHints":{"allow":["GET"]}}],"collection":[{"href":"https:\/\/www.celttv.com.ar\/index.php\/wp-json\/wp\/v2\/posts"}],"about":[{"href":"https:\/\/www.celttv.com.ar\/index.php\/wp-json\/wp\/v2\/types\/post"}],"author":[{"embeddable":true,"href":"https:\/\/www.celttv.com.ar\/index.php\/wp-json\/wp\/v2\/users\/1"}],"replies":[{"embeddable":true,"href":"https:\/\/www.celttv.com.ar\/index.php\/wp-json\/wp\/v2\/comments?post=55365"}],"version-history":[{"count":0,"href":"https:\/\/www.celttv.com.ar\/index.php\/wp-json\/wp\/v2\/posts\/55365\/revisions"}],"wp:featuredmedia":[{"embeddable":true,"href":"https:\/\/www.celttv.com.ar\/index.php\/wp-json\/wp\/v2\/media\/55367"}],"wp:attachment":[{"href":"https:\/\/www.celttv.com.ar\/index.php\/wp-json\/wp\/v2\/media?parent=55365"}],"wp:term":[{"taxonomy":"category","embeddable":true,"href":"https:\/\/www.celttv.com.ar\/index.php\/wp-json\/wp\/v2\/categories?post=55365"},{"taxonomy":"post_tag","embeddable":true,"href":"https:\/\/www.celttv.com.ar\/index.php\/wp-json\/wp\/v2\/tags?post=55365"}],"curies":[{"name":"wp","href":"https:\/\/api.w.org\/{rel}","templated":true}]}}