{"id":55397,"date":"2021-02-03T14:16:51","date_gmt":"2021-02-03T14:16:51","guid":{"rendered":"http:\/\/www.celttv.com.ar\/?p=55397"},"modified":"2021-02-03T14:16:51","modified_gmt":"2021-02-03T14:16:51","slug":"automoto-y-union-se-encuentran-organizando-la-copa-ciudad-de-tornquist-y-analizaron-el-futuro-del-futbol-para-el-2021","status":"publish","type":"post","link":"https:\/\/www.celttv.com.ar\/index.php\/2021\/02\/03\/automoto-y-union-se-encuentran-organizando-la-copa-ciudad-de-tornquist-y-analizaron-el-futuro-del-futbol-para-el-2021\/","title":{"rendered":"Artola y Pettinari se refirieron a la Copa Ciudad de Tornquist y analizaron el futuro del f\u00fatbol para el 2021"},"content":{"rendered":"<p>Un importante trabajo organizativo se est\u00e1 llevando a cabo en la ciudad cabecera para la realizaci\u00f3n de la Copa Ciudad de Tornquist, la cual se realizar\u00e1 entre el 24 y el 28 de febrero, en los estadios del Club Automoto y Uni\u00f3n.<\/p>\n<p>La iniciativa estar\u00e1 dirigida, primordialmente, a grupos etarios infantiles y contar\u00e1 con el auspicio de la Municipalidad de Tornquist y la organizaci\u00f3n del club Automoto (sede junto al club Uni\u00f3n), del espacio period\u00edstico Doble5 y del profesor y t\u00e9cnico Marcelo Katz.<\/p>\n<div dir=\"auto\">La competencia est\u00e1 orientada a las categor\u00edas 2005-2006, 2007-2008, 2009-2010, 2011-2012, 2013-2014 y 2015 (en este caso masculino o mixto).<\/div>\n<div dir=\"auto\"><\/div>\n<div dir=\"auto\">Para el caso del f\u00fatbol femenino, se prev\u00e9n actividades en canchas para nueve jugadoras en las categor\u00edas 2005-2006 y 2007-2008.<\/div>\n<div dir=\"auto\">La fiesta inaugural se llevar\u00e1 a cabo en el estadio del club Automoto, el mi\u00e9rcoles 24 a las 20, mientras que el cierre est\u00e1 previsto para el domingo 28, a las 19.<\/div>\n<div dir=\"auto\"><\/div>\n<div dir=\"auto\">Gabriel Artola y Germ\u00e1n Pettinari, presidentes de Automoto y Uni\u00f3n, respectivamente, tambi\u00e9n se refirieron al presente y futuro del f\u00fatbol de la Liga Regional de Coronel Su\u00e1rez.<\/div>\n<div dir=\"auto\"><\/div>\n<div class=\"jeg_video_container jeg_video_content\"><iframe loading=\"lazy\" title=\"2021 02 02 GABRIEL ARTOLA Y GERMAN PETTINARI EXTERIORES\" width=\"500\" height=\"281\" src=\"https:\/\/www.youtube.com\/embed\/n4MoGyJCxJ0?feature=oembed\" frameborder=\"0\" allow=\"accelerometer; autoplay; clipboard-write; encrypted-media; gyroscope; picture-in-picture; web-share\" referrerpolicy=\"strict-origin-when-cross-origin\" allowfullscreen><\/iframe><\/div>\n","protected":false},"excerpt":{"rendered":"<p>Un importante trabajo organizativo se est\u00e1 llevando a cabo en la ciudad cabecera para la realizaci\u00f3n de la Copa Ciudad de Tornquist, la cual se realizar\u00e1 entre el 24 y el 28 de febrero, en los estadios del Club Automoto y Uni\u00f3n. La iniciativa estar\u00e1 dirigida, primordialmente, a grupos etarios infantiles y contar\u00e1 con el [&hellip;]<\/p>\n","protected":false},"author":1,"featured_media":55398,"comment_status":"closed","ping_status":"open","sticky":false,"template":"","format":"standard","meta":{"footnotes":""},"categories":[55,51,60,62,52,63],"tags":[],"class_list":["post-55397","post","type-post","status-publish","format-standard","has-post-thumbnail","hentry","category-celt-tv-noticias","category-comunidad","category-deporte","category-deportes","category-destacadas","category-magazine-sport"],"yoast_head":"<!-- This site is optimized with the Yoast SEO plugin v19.7.1 - https:\/\/yoast.com\/wordpress\/plugins\/seo\/ -->\n<title>Artola y Pettinari se refirieron a la Copa Ciudad de Tornquist y analizaron el futuro del f\u00fatbol para el 2021 - CELTTV<\/title>\n<meta name=\"description\" content=\"Sitio web de noticias de la localidad de Tornquist, provincia de Buenos Aires, Rep\u00fablica Argentina. Contenido propio originado por periodistas de CELTTV, el canal de TV local de la Cooperativa El\u00e9ctrica de Tornquist. Turismo, Pol\u00edtica, Sociedad, Deporte, Cultura y todo el contenido de inter\u00e9s general que la gente del pueblo y la regi\u00f3n debe conocer.\" \/>\n<meta name=\"robots\" content=\"index, follow, max-snippet:-1, max-image-preview:large, max-video-preview:-1\" \/>\n<link rel=\"canonical\" href=\"https:\/\/www.celttv.com.ar\/index.php\/2021\/02\/03\/automoto-y-union-se-encuentran-organizando-la-copa-ciudad-de-tornquist-y-analizaron-el-futuro-del-futbol-para-el-2021\/\" \/>\n<meta property=\"og:locale\" content=\"es_ES\" \/>\n<meta property=\"og:type\" content=\"article\" \/>\n<meta property=\"og:title\" content=\"Artola y Pettinari se refirieron a la Copa Ciudad de Tornquist y analizaron el futuro del f\u00fatbol para el 2021 - CELTTV\" \/>\n<meta property=\"og:description\" content=\"Sitio web de noticias de la localidad de Tornquist, provincia de Buenos Aires, Rep\u00fablica Argentina. Contenido propio originado por periodistas de CELTTV, el canal de TV local de la Cooperativa El\u00e9ctrica de Tornquist. Turismo, Pol\u00edtica, Sociedad, Deporte, Cultura y todo el contenido de inter\u00e9s general que la gente del pueblo y la regi\u00f3n debe conocer.\" \/>\n<meta property=\"og:url\" content=\"https:\/\/www.celttv.com.ar\/index.php\/2021\/02\/03\/automoto-y-union-se-encuentran-organizando-la-copa-ciudad-de-tornquist-y-analizaron-el-futuro-del-futbol-para-el-2021\/\" \/>\n<meta property=\"og:site_name\" content=\"CELTTV\" \/>\n<meta property=\"article:publisher\" content=\"https:\/\/www.facebook.com\/celtTV\/\" \/>\n<meta property=\"article:published_time\" content=\"2021-02-03T14:16:51+00:00\" \/>\n<meta property=\"og:image\" content=\"https:\/\/www.celttv.com.ar\/wp-content\/uploads\/2021\/02\/143942273_2617460521807998_7585761290095833382_o.jpg\" \/>\n\t<meta property=\"og:image:width\" content=\"960\" \/>\n\t<meta property=\"og:image:height\" content=\"509\" \/>\n\t<meta property=\"og:image:type\" content=\"image\/jpeg\" \/>\n<meta name=\"author\" content=\"ulises\" \/>\n<meta name=\"twitter:card\" content=\"summary_large_image\" \/>\n<meta name=\"twitter:label1\" content=\"Escrito por\" \/>\n\t<meta name=\"twitter:data1\" content=\"ulises\" \/>\n\t<meta name=\"twitter:label2\" content=\"Tiempo de lectura\" \/>\n\t<meta name=\"twitter:data2\" content=\"1 minuto\" \/>\n<script type=\"application\/ld+json\" class=\"yoast-schema-graph\">{\"@context\":\"https:\/\/schema.org\",\"@graph\":[{\"@type\":\"NewsArticle\",\"@id\":\"https:\/\/www.celttv.com.ar\/index.php\/2021\/02\/03\/automoto-y-union-se-encuentran-organizando-la-copa-ciudad-de-tornquist-y-analizaron-el-futuro-del-futbol-para-el-2021\/#article\",\"isPartOf\":{\"@id\":\"https:\/\/www.celttv.com.ar\/index.php\/2021\/02\/03\/automoto-y-union-se-encuentran-organizando-la-copa-ciudad-de-tornquist-y-analizaron-el-futuro-del-futbol-para-el-2021\/\"},\"author\":{\"name\":\"ulises\",\"@id\":\"https:\/\/www.celttv.com.ar\/#\/schema\/person\/6d99c072dba59953809c81446e9d0ace\"},\"headline\":\"Artola y Pettinari se refirieron a la Copa Ciudad de Tornquist y analizaron el futuro del f\u00fatbol para el 2021\",\"datePublished\":\"2021-02-03T14:16:51+00:00\",\"dateModified\":\"2021-02-03T14:16:51+00:00\",\"mainEntityOfPage\":{\"@id\":\"https:\/\/www.celttv.com.ar\/index.php\/2021\/02\/03\/automoto-y-union-se-encuentran-organizando-la-copa-ciudad-de-tornquist-y-analizaron-el-futuro-del-futbol-para-el-2021\/\"},\"wordCount\":219,\"publisher\":{\"@id\":\"https:\/\/www.celttv.com.ar\/#organization\"},\"articleSection\":[\"Celt TV Noticias\",\"Comunidad\",\"Deporte\",\"Deportes\",\"Destacadas\",\"Magazine Sport\"],\"inLanguage\":\"es\"},{\"@type\":\"WebPage\",\"@id\":\"https:\/\/www.celttv.com.ar\/index.php\/2021\/02\/03\/automoto-y-union-se-encuentran-organizando-la-copa-ciudad-de-tornquist-y-analizaron-el-futuro-del-futbol-para-el-2021\/\",\"url\":\"https:\/\/www.celttv.com.ar\/index.php\/2021\/02\/03\/automoto-y-union-se-encuentran-organizando-la-copa-ciudad-de-tornquist-y-analizaron-el-futuro-del-futbol-para-el-2021\/\",\"name\":\"Artola y Pettinari se refirieron a la Copa Ciudad de Tornquist y analizaron el futuro del f\u00fatbol para el 2021 - CELTTV\",\"isPartOf\":{\"@id\":\"https:\/\/www.celttv.com.ar\/#website\"},\"datePublished\":\"2021-02-03T14:16:51+00:00\",\"dateModified\":\"2021-02-03T14:16:51+00:00\",\"description\":\"Sitio web de noticias de la localidad de Tornquist, provincia de Buenos Aires, Rep\u00fablica Argentina. Contenido propio originado por periodistas de CELTTV, el canal de TV local de la Cooperativa El\u00e9ctrica de Tornquist. Turismo, Pol\u00edtica, Sociedad, Deporte, Cultura y todo el contenido de inter\u00e9s general que la gente del pueblo y la regi\u00f3n debe conocer.\",\"breadcrumb\":{\"@id\":\"https:\/\/www.celttv.com.ar\/index.php\/2021\/02\/03\/automoto-y-union-se-encuentran-organizando-la-copa-ciudad-de-tornquist-y-analizaron-el-futuro-del-futbol-para-el-2021\/#breadcrumb\"},\"inLanguage\":\"es\",\"potentialAction\":[{\"@type\":\"ReadAction\",\"target\":[\"https:\/\/www.celttv.com.ar\/index.php\/2021\/02\/03\/automoto-y-union-se-encuentran-organizando-la-copa-ciudad-de-tornquist-y-analizaron-el-futuro-del-futbol-para-el-2021\/\"]}]},{\"@type\":\"BreadcrumbList\",\"@id\":\"https:\/\/www.celttv.com.ar\/index.php\/2021\/02\/03\/automoto-y-union-se-encuentran-organizando-la-copa-ciudad-de-tornquist-y-analizaron-el-futuro-del-futbol-para-el-2021\/#breadcrumb\",\"itemListElement\":[{\"@type\":\"ListItem\",\"position\":1,\"name\":\"Inicio\",\"item\":\"https:\/\/www.celttv.com.ar\/\"},{\"@type\":\"ListItem\",\"position\":2,\"name\":\"Artola y Pettinari se refirieron a la Copa Ciudad de Tornquist y analizaron el futuro del f\u00fatbol para el 2021\"}]},{\"@type\":\"WebSite\",\"@id\":\"https:\/\/www.celttv.com.ar\/#website\",\"url\":\"https:\/\/www.celttv.com.ar\/\",\"name\":\"CELTTV\",\"description\":\"Cooperativa El\u00e9ctrica de Tornquist\",\"publisher\":{\"@id\":\"https:\/\/www.celttv.com.ar\/#organization\"},\"potentialAction\":[{\"@type\":\"SearchAction\",\"target\":{\"@type\":\"EntryPoint\",\"urlTemplate\":\"https:\/\/www.celttv.com.ar\/?s={search_term_string}\"},\"query-input\":\"required name=search_term_string\"}],\"inLanguage\":\"es\"},{\"@type\":\"Organization\",\"@id\":\"https:\/\/www.celttv.com.ar\/#organization\",\"name\":\"CELTTV\",\"url\":\"https:\/\/www.celttv.com.ar\/\",\"sameAs\":[\"https:\/\/www.youtube.com\/channel\/UCz_oIt8Hig64Ub-EmcNPIhg\",\"https:\/\/www.facebook.com\/celtTV\/\"],\"logo\":{\"@type\":\"ImageObject\",\"inLanguage\":\"es\",\"@id\":\"https:\/\/www.celttv.com.ar\/#\/schema\/logo\/image\/\",\"url\":\"http:\/\/www.celttv.com.ar\/wp-content\/uploads\/2022\/08\/logo-1.png\",\"contentUrl\":\"http:\/\/www.celttv.com.ar\/wp-content\/uploads\/2022\/08\/logo-1.png\",\"width\":461,\"height\":159,\"caption\":\"CELTTV\"},\"image\":{\"@id\":\"https:\/\/www.celttv.com.ar\/#\/schema\/logo\/image\/\"}},{\"@type\":\"Person\",\"@id\":\"https:\/\/www.celttv.com.ar\/#\/schema\/person\/6d99c072dba59953809c81446e9d0ace\",\"name\":\"ulises\",\"image\":{\"@type\":\"ImageObject\",\"inLanguage\":\"es\",\"@id\":\"https:\/\/www.celttv.com.ar\/#\/schema\/person\/image\/\",\"url\":\"https:\/\/secure.gravatar.com\/avatar\/7f2c48bdc33b30088f941fb6082e555f2874c98e20cb159d7b92b50eadfce793?s=96&d=mm&r=g\",\"contentUrl\":\"https:\/\/secure.gravatar.com\/avatar\/7f2c48bdc33b30088f941fb6082e555f2874c98e20cb159d7b92b50eadfce793?s=96&d=mm&r=g\",\"caption\":\"ulises\"},\"sameAs\":[\"http:\/\/www.celttv.com.ar\"]}]}<\/script>\n<!-- \/ Yoast SEO plugin. -->","yoast_head_json":{"title":"Artola y Pettinari se refirieron a la Copa Ciudad de Tornquist y analizaron el futuro del f\u00fatbol para el 2021 - CELTTV","description":"Sitio web de noticias de la localidad de Tornquist, provincia de Buenos Aires, Rep\u00fablica Argentina. Contenido propio originado por periodistas de CELTTV, el canal de TV local de la Cooperativa El\u00e9ctrica de Tornquist. Turismo, Pol\u00edtica, Sociedad, Deporte, Cultura y todo el contenido de inter\u00e9s general que la gente del pueblo y la regi\u00f3n debe conocer.","robots":{"index":"index","follow":"follow","max-snippet":"max-snippet:-1","max-image-preview":"max-image-preview:large","max-video-preview":"max-video-preview:-1"},"canonical":"https:\/\/www.celttv.com.ar\/index.php\/2021\/02\/03\/automoto-y-union-se-encuentran-organizando-la-copa-ciudad-de-tornquist-y-analizaron-el-futuro-del-futbol-para-el-2021\/","og_locale":"es_ES","og_type":"article","og_title":"Artola y Pettinari se refirieron a la Copa Ciudad de Tornquist y analizaron el futuro del f\u00fatbol para el 2021 - CELTTV","og_description":"Sitio web de noticias de la localidad de Tornquist, provincia de Buenos Aires, Rep\u00fablica Argentina. Contenido propio originado por periodistas de CELTTV, el canal de TV local de la Cooperativa El\u00e9ctrica de Tornquist. Turismo, Pol\u00edtica, Sociedad, Deporte, Cultura y todo el contenido de inter\u00e9s general que la gente del pueblo y la regi\u00f3n debe conocer.","og_url":"https:\/\/www.celttv.com.ar\/index.php\/2021\/02\/03\/automoto-y-union-se-encuentran-organizando-la-copa-ciudad-de-tornquist-y-analizaron-el-futuro-del-futbol-para-el-2021\/","og_site_name":"CELTTV","article_publisher":"https:\/\/www.facebook.com\/celtTV\/","article_published_time":"2021-02-03T14:16:51+00:00","og_image":[{"width":960,"height":509,"url":"https:\/\/www.celttv.com.ar\/wp-content\/uploads\/2021\/02\/143942273_2617460521807998_7585761290095833382_o.jpg","type":"image\/jpeg"}],"author":"ulises","twitter_card":"summary_large_image","twitter_misc":{"Escrito por":"ulises","Tiempo de lectura":"1 minuto"},"schema":{"@context":"https:\/\/schema.org","@graph":[{"@type":"NewsArticle","@id":"https:\/\/www.celttv.com.ar\/index.php\/2021\/02\/03\/automoto-y-union-se-encuentran-organizando-la-copa-ciudad-de-tornquist-y-analizaron-el-futuro-del-futbol-para-el-2021\/#article","isPartOf":{"@id":"https:\/\/www.celttv.com.ar\/index.php\/2021\/02\/03\/automoto-y-union-se-encuentran-organizando-la-copa-ciudad-de-tornquist-y-analizaron-el-futuro-del-futbol-para-el-2021\/"},"author":{"name":"ulises","@id":"https:\/\/www.celttv.com.ar\/#\/schema\/person\/6d99c072dba59953809c81446e9d0ace"},"headline":"Artola y Pettinari se refirieron a la Copa Ciudad de Tornquist y analizaron el futuro del f\u00fatbol para el 2021","datePublished":"2021-02-03T14:16:51+00:00","dateModified":"2021-02-03T14:16:51+00:00","mainEntityOfPage":{"@id":"https:\/\/www.celttv.com.ar\/index.php\/2021\/02\/03\/automoto-y-union-se-encuentran-organizando-la-copa-ciudad-de-tornquist-y-analizaron-el-futuro-del-futbol-para-el-2021\/"},"wordCount":219,"publisher":{"@id":"https:\/\/www.celttv.com.ar\/#organization"},"articleSection":["Celt TV Noticias","Comunidad","Deporte","Deportes","Destacadas","Magazine Sport"],"inLanguage":"es"},{"@type":"WebPage","@id":"https:\/\/www.celttv.com.ar\/index.php\/2021\/02\/03\/automoto-y-union-se-encuentran-organizando-la-copa-ciudad-de-tornquist-y-analizaron-el-futuro-del-futbol-para-el-2021\/","url":"https:\/\/www.celttv.com.ar\/index.php\/2021\/02\/03\/automoto-y-union-se-encuentran-organizando-la-copa-ciudad-de-tornquist-y-analizaron-el-futuro-del-futbol-para-el-2021\/","name":"Artola y Pettinari se refirieron a la Copa Ciudad de Tornquist y analizaron el futuro del f\u00fatbol para el 2021 - CELTTV","isPartOf":{"@id":"https:\/\/www.celttv.com.ar\/#website"},"datePublished":"2021-02-03T14:16:51+00:00","dateModified":"2021-02-03T14:16:51+00:00","description":"Sitio web de noticias de la localidad de Tornquist, provincia de Buenos Aires, Rep\u00fablica Argentina. Contenido propio originado por periodistas de CELTTV, el canal de TV local de la Cooperativa El\u00e9ctrica de Tornquist. Turismo, Pol\u00edtica, Sociedad, Deporte, Cultura y todo el contenido de inter\u00e9s general que la gente del pueblo y la regi\u00f3n debe conocer.","breadcrumb":{"@id":"https:\/\/www.celttv.com.ar\/index.php\/2021\/02\/03\/automoto-y-union-se-encuentran-organizando-la-copa-ciudad-de-tornquist-y-analizaron-el-futuro-del-futbol-para-el-2021\/#breadcrumb"},"inLanguage":"es","potentialAction":[{"@type":"ReadAction","target":["https:\/\/www.celttv.com.ar\/index.php\/2021\/02\/03\/automoto-y-union-se-encuentran-organizando-la-copa-ciudad-de-tornquist-y-analizaron-el-futuro-del-futbol-para-el-2021\/"]}]},{"@type":"BreadcrumbList","@id":"https:\/\/www.celttv.com.ar\/index.php\/2021\/02\/03\/automoto-y-union-se-encuentran-organizando-la-copa-ciudad-de-tornquist-y-analizaron-el-futuro-del-futbol-para-el-2021\/#breadcrumb","itemListElement":[{"@type":"ListItem","position":1,"name":"Inicio","item":"https:\/\/www.celttv.com.ar\/"},{"@type":"ListItem","position":2,"name":"Artola y Pettinari se refirieron a la Copa Ciudad de Tornquist y analizaron el futuro del f\u00fatbol para el 2021"}]},{"@type":"WebSite","@id":"https:\/\/www.celttv.com.ar\/#website","url":"https:\/\/www.celttv.com.ar\/","name":"CELTTV","description":"Cooperativa El\u00e9ctrica de Tornquist","publisher":{"@id":"https:\/\/www.celttv.com.ar\/#organization"},"potentialAction":[{"@type":"SearchAction","target":{"@type":"EntryPoint","urlTemplate":"https:\/\/www.celttv.com.ar\/?s={search_term_string}"},"query-input":"required name=search_term_string"}],"inLanguage":"es"},{"@type":"Organization","@id":"https:\/\/www.celttv.com.ar\/#organization","name":"CELTTV","url":"https:\/\/www.celttv.com.ar\/","sameAs":["https:\/\/www.youtube.com\/channel\/UCz_oIt8Hig64Ub-EmcNPIhg","https:\/\/www.facebook.com\/celtTV\/"],"logo":{"@type":"ImageObject","inLanguage":"es","@id":"https:\/\/www.celttv.com.ar\/#\/schema\/logo\/image\/","url":"http:\/\/www.celttv.com.ar\/wp-content\/uploads\/2022\/08\/logo-1.png","contentUrl":"http:\/\/www.celttv.com.ar\/wp-content\/uploads\/2022\/08\/logo-1.png","width":461,"height":159,"caption":"CELTTV"},"image":{"@id":"https:\/\/www.celttv.com.ar\/#\/schema\/logo\/image\/"}},{"@type":"Person","@id":"https:\/\/www.celttv.com.ar\/#\/schema\/person\/6d99c072dba59953809c81446e9d0ace","name":"ulises","image":{"@type":"ImageObject","inLanguage":"es","@id":"https:\/\/www.celttv.com.ar\/#\/schema\/person\/image\/","url":"https:\/\/secure.gravatar.com\/avatar\/7f2c48bdc33b30088f941fb6082e555f2874c98e20cb159d7b92b50eadfce793?s=96&d=mm&r=g","contentUrl":"https:\/\/secure.gravatar.com\/avatar\/7f2c48bdc33b30088f941fb6082e555f2874c98e20cb159d7b92b50eadfce793?s=96&d=mm&r=g","caption":"ulises"},"sameAs":["http:\/\/www.celttv.com.ar"]}]}},"_links":{"self":[{"href":"https:\/\/www.celttv.com.ar\/index.php\/wp-json\/wp\/v2\/posts\/55397","targetHints":{"allow":["GET"]}}],"collection":[{"href":"https:\/\/www.celttv.com.ar\/index.php\/wp-json\/wp\/v2\/posts"}],"about":[{"href":"https:\/\/www.celttv.com.ar\/index.php\/wp-json\/wp\/v2\/types\/post"}],"author":[{"embeddable":true,"href":"https:\/\/www.celttv.com.ar\/index.php\/wp-json\/wp\/v2\/users\/1"}],"replies":[{"embeddable":true,"href":"https:\/\/www.celttv.com.ar\/index.php\/wp-json\/wp\/v2\/comments?post=55397"}],"version-history":[{"count":0,"href":"https:\/\/www.celttv.com.ar\/index.php\/wp-json\/wp\/v2\/posts\/55397\/revisions"}],"wp:featuredmedia":[{"embeddable":true,"href":"https:\/\/www.celttv.com.ar\/index.php\/wp-json\/wp\/v2\/media\/55398"}],"wp:attachment":[{"href":"https:\/\/www.celttv.com.ar\/index.php\/wp-json\/wp\/v2\/media?parent=55397"}],"wp:term":[{"taxonomy":"category","embeddable":true,"href":"https:\/\/www.celttv.com.ar\/index.php\/wp-json\/wp\/v2\/categories?post=55397"},{"taxonomy":"post_tag","embeddable":true,"href":"https:\/\/www.celttv.com.ar\/index.php\/wp-json\/wp\/v2\/tags?post=55397"}],"curies":[{"name":"wp","href":"https:\/\/api.w.org\/{rel}","templated":true}]}}