{"id":55629,"date":"2021-02-12T00:27:24","date_gmt":"2021-02-12T00:27:24","guid":{"rendered":"http:\/\/www.celttv.com.ar\/?p=55629"},"modified":"2021-02-12T00:27:24","modified_gmt":"2021-02-12T00:27:24","slug":"visito-el-distrito-el-ministro-de-desarrollo-agrario-de-la-provincia","status":"publish","type":"post","link":"https:\/\/www.celttv.com.ar\/index.php\/2021\/02\/12\/visito-el-distrito-el-ministro-de-desarrollo-agrario-de-la-provincia\/","title":{"rendered":"Visit\u00f3 el distrito el ministro de Desarrollo Agrario de la Provincia (incluye fotos y entrevistas de CELT. TV)"},"content":{"rendered":"<p>En la tarde de este jueves visit\u00f3 el distrito de Tornquist el ministro de Desarrollo Agrario de la Provincia de Buenos Aires, Javier Rodr\u00edguez, quien fue recibido por el intendente municipal, Sergio Bordoni.<\/p>\n<p>Ensu paso por el partido, el funcionario recorri\u00f3 la Bodega Saldungaray y la Estaci\u00f3n Forestal del Parque Provincial \u2018Ernesto Tornquist\u2019, y mantuvo una reuni\u00f3n de trabajo en el Palacio Municipal.<\/p>\n<p>Durante el encuentro, adem\u00e1s, el jefe comunal le present\u00f3 al ministro proyectos relacionados a la mejora de caminos rurales, al armado de la Huerta Comunitaria de Saldungaray, la compra de equipamiento y el desarrollo de ferias productivas.<\/p>\n<p>De la jornada tambi\u00e9n fueron parte la Secretaria de Producci\u00f3n, Comercio e Industria municipal, Susana Dos Santos; y el Director de Producci\u00f3n, V\u00edctor Ant\u00f3n.<\/p>\n<p>\u201cEs sumamente importante dar una mano a la producci\u00f3n y que desde la Provincia nos est\u00e9n ayudando poder concretar esta serie de proyectos\u201d, subray\u00f3 Bordoni al respecto y precis\u00f3 que \u201chicimos pedidos que ya estaban en proyectos, sobre todo en cuantoa caminos rurales y al desarrollo de distintas huertas a implementar en el predio del matadero Saldungaray, cuya posesi\u00f3n es del municipio\u201d.<\/p>\n<p>\u201cEs un gusto estar recorriendo Tornquist, para nosotros es muy importante la articulaci\u00f3n entre la provincia y los distintos municipios, y es lo que estamos expresando en esta recorrida\u201d, dijo a su turno Rodr\u00edguez y se\u00f1al\u00f3 que en la jornada \u201cestuvimos viendo la situaci\u00f3n productiva en general yc\u00f3mo las acciones que se fueron tomando desde la Provincia tienen su impacto en el territorio\u201d.<\/p>\n<p>Respecto a la Bodega de Saldungaray en particular, destac\u00f3 que \u201cla producci\u00f3n de vinos genera m\u00e1s trabajo local y m\u00e1s vinculaciones, y es lo que permite generar un desarrollo de las localidades; por eso remarcamos siempre la importancia y la necesidad de que tengan su apoyo a nivel provincial\u201d.<\/p>\n<p><iframe loading=\"lazy\" title=\"2021 02 11 SERGIO BORDONI   CONFERENCIA DE PRENSA VISITA DEL MIN DE DESARROLLO AGRARIO\" width=\"500\" height=\"281\" src=\"https:\/\/www.youtube.com\/embed\/qs9W6C_TtdU?feature=oembed\" frameborder=\"0\" allow=\"accelerometer; autoplay; clipboard-write; encrypted-media; gyroscope; picture-in-picture; web-share\" referrerpolicy=\"strict-origin-when-cross-origin\" allowfullscreen><\/iframe><\/p>\n<p><strong>SERGIO BORDONI &#8220;Es sumamente importante dar una mano a la producci\u00f3n y que la provincia nos est\u00e9 mirando&#8221;<\/strong><\/p>\n<p><span style=\"font-weight: 400;\">&#8220;Hemos tocado diversos temas de producci\u00f3n que le competen al distrito de Tornquist&#8221; Dijo el intendente en conferencia de prensa.<\/span><\/p>\n<p><span style=\"font-weight: 400;\">\u00a0&#8220;Hicimos pedidos que ya estaban en proyecto, sobre todo en caminos rurales y desarrollo de distintas huertas que queremos implementar en la localidad de Saldungaray en la parte del matadero para incrementarlas&#8221;<\/span><\/p>\n<p><span style=\"font-weight: 400;\">&#8220;Es sumamente importante dar una mano a la producci\u00f3n y que la provincia nos est\u00e9 mirando para poder concretar esta serie de proyectos&#8221; subray\u00f3 Bordoni<\/span><\/p>\n<p><strong>Sobre los proyectos entregados.<\/strong><\/p>\n<p><span style=\"font-weight: 400;\">&#8220;Hay un proyecto para el arreglo de caminos, la compra de maquinaria e inversiones para el vivero de Saldungaray&#8221;<\/span><\/p>\n<p>&nbsp;<\/p>\n<p><iframe loading=\"lazy\" title=\"2021 02 11 JAVIER RODRIGUEZ   MINISTRO DE DESARROLLO AGRARIO\" width=\"500\" height=\"281\" src=\"https:\/\/www.youtube.com\/embed\/30wdosrsD4E?feature=oembed\" frameborder=\"0\" allow=\"accelerometer; autoplay; clipboard-write; encrypted-media; gyroscope; picture-in-picture; web-share\" referrerpolicy=\"strict-origin-when-cross-origin\" allowfullscreen><\/iframe><\/p>\n<p><strong>Javier Rodriguez &#8220;Para nosotros es muy importante la articulaci\u00f3n entre la provincia y los distintos municipios&#8221;\u00a0<\/strong><\/p>\n<p><span style=\"font-weight: 400;\">El Ministro de Desarrollo Agrario Javier Rodr\u00edguez recorri\u00f3 el distrito junto al intendente Bordoni y luego particip\u00f3 de una conferencia de prensa.<\/span><\/p>\n<p><span style=\"font-weight: 400;\">&#8220;Es un gusto estar recorriendo Tornquist, para nosotros es muy importante la articulaci\u00f3n entre la provincia y los distintos municipios&#8221;\u00a0 destac\u00f3 el Ministro de Desarrollo de la Provincia de Buenos Aires.<\/span><\/p>\n<p><span style=\"font-weight: 400;\">&#8220;Estuvimos viendo la situaci\u00f3n productiva en general, tambi\u00e9n como mucha de las pol\u00edticas, medidas y acciones que se han ido tomando desde la provincia&#8221;<\/span><\/p>\n<p><span style=\"font-weight: 400;\">Sobre la fruticultura expresaba, Rodriguez dijo que:\u00a0<\/span><span style=\"font-weight: 400;\">&#8220;Tenemos una mirada transformadora porque este tipo de producciones generan mucho m\u00e1s trabajo local, lo cual permite generar a\u00fan m\u00e1s desarrollo en las localidades&#8221;\u00a0<\/span><\/p>\n<p><span style=\"font-weight: 400;\">&#8220;Remarcamos que este tipo de producciones tengan su apoyo a nivel provincial&#8221;\u00a0<\/span><\/p>\n<p><span style=\"font-weight: 400;\">&#8220;Aspiramos a generar una reactivaci\u00f3n, la cual no es autom\u00e1tica. Se necesita del estado para que est\u00e9 articulando los esfuerzos&#8221; subray\u00f3 Rodriguez.<\/span><\/p>\n<p><span style=\"font-weight: 400;\">Refiri\u00e9ndose\u00a0 a los caminos rurales dijo que\u00a0\u00a0<\/span><span style=\"font-weight: 400;\">&#8220;En la provincia hay m\u00e1s de 125.000 kil\u00f3metros de caminos rurales, la prioridad es tratar de mejorar esa red. La atribuci\u00f3n primaria es municipal, pero hay una decisi\u00f3n del gobernador de acompa\u00f1ar desde la provincia generando una articulaci\u00f3n donde el municipio aporte la maquinaria, la mano de obra y la provincia aporte los materiales para generar mejoras en esos caminos que son tan importantes&#8221;\u00a0<\/span><\/p>\n<p><span style=\"font-weight: 400;\">Sobre el aumento de la producci\u00f3n sostuvo que\u00a0<\/span><span style=\"font-weight: 400;\">&#8220;Es importante que la producci\u00f3n tambera haya aumentado con respecto al a\u00f1o previo. Hay otros sectores que sufrieron, t\u00edpicamente el turismo que sufri\u00f3 much\u00edsimo. Nuestra decisi\u00f3n es considerar en cada caso el punto de partida, entendemos que el estado tiene que acompa\u00f1ar para generar esa reactivaci\u00f3n&#8221;<\/span><\/p>\n<p><span style=\"font-weight: 400;\">Sobre el desarrollo de mejores infraestructuras Rodriguez que\u00a0<\/span><span style=\"font-weight: 400;\">&#8220;Para nosotros es fundamental y un objetivo clave para el gobierno de la provincia, eso significa m\u00e1s inversi\u00f3n en cada uno de los presupuestos&#8221; &#8220;Hay una idea muy clara de la importancia de afrontar los temas estructurales&#8221;<\/span><\/p>\n<p><a href=\"http:\/\/www.celttv.com.ar\/?attachment_id=55630\" rel=\"attachment wp-att-55630\"><img loading=\"lazy\" decoding=\"async\" class=\"alignleft size-full wp-image-55630\" src=\"http:\/\/www.celttv.com.ar\/wp-content\/uploads\/2021\/02\/Visita-Ministro-Rodriguez-1.jpeg\" alt=\"\" width=\"1280\" height=\"853\" srcset=\"https:\/\/www.celttv.com.ar\/wp-content\/uploads\/2021\/02\/Visita-Ministro-Rodriguez-1.jpeg 1280w, https:\/\/www.celttv.com.ar\/wp-content\/uploads\/2021\/02\/Visita-Ministro-Rodriguez-1-300x200.jpeg 300w, https:\/\/www.celttv.com.ar\/wp-content\/uploads\/2021\/02\/Visita-Ministro-Rodriguez-1-1024x682.jpeg 1024w, https:\/\/www.celttv.com.ar\/wp-content\/uploads\/2021\/02\/Visita-Ministro-Rodriguez-1-768x512.jpeg 768w, https:\/\/www.celttv.com.ar\/wp-content\/uploads\/2021\/02\/Visita-Ministro-Rodriguez-1-750x500.jpeg 750w, https:\/\/www.celttv.com.ar\/wp-content\/uploads\/2021\/02\/Visita-Ministro-Rodriguez-1-1140x760.jpeg 1140w\" sizes=\"auto, (max-width: 1280px) 100vw, 1280px\" \/><\/a> <a href=\"http:\/\/www.celttv.com.ar\/?attachment_id=55631\" rel=\"attachment wp-att-55631\"><img loading=\"lazy\" decoding=\"async\" class=\"alignleft size-medium wp-image-55631\" src=\"http:\/\/www.celttv.com.ar\/wp-content\/uploads\/2021\/02\/Visita-Ministro-Rodriguez-2.jpeg\" alt=\"\" width=\"780\" height=\"585\" srcset=\"https:\/\/www.celttv.com.ar\/wp-content\/uploads\/2021\/02\/Visita-Ministro-Rodriguez-2.jpeg 1280w, https:\/\/www.celttv.com.ar\/wp-content\/uploads\/2021\/02\/Visita-Ministro-Rodriguez-2-300x225.jpeg 300w, https:\/\/www.celttv.com.ar\/wp-content\/uploads\/2021\/02\/Visita-Ministro-Rodriguez-2-1024x768.jpeg 1024w, https:\/\/www.celttv.com.ar\/wp-content\/uploads\/2021\/02\/Visita-Ministro-Rodriguez-2-768x576.jpeg 768w, https:\/\/www.celttv.com.ar\/wp-content\/uploads\/2021\/02\/Visita-Ministro-Rodriguez-2-750x563.jpeg 750w, https:\/\/www.celttv.com.ar\/wp-content\/uploads\/2021\/02\/Visita-Ministro-Rodriguez-2-1140x855.jpeg 1140w\" sizes=\"auto, (max-width: 780px) 100vw, 780px\" \/><\/a> <a href=\"http:\/\/www.celttv.com.ar\/?attachment_id=55632\" rel=\"attachment wp-att-55632\"><img loading=\"lazy\" decoding=\"async\" class=\"alignleft size-medium wp-image-55632\" src=\"http:\/\/www.celttv.com.ar\/wp-content\/uploads\/2021\/02\/Visita-Ministro-Rodriguez-3.jpeg\" alt=\"\" width=\"780\" height=\"520\" srcset=\"https:\/\/www.celttv.com.ar\/wp-content\/uploads\/2021\/02\/Visita-Ministro-Rodriguez-3.jpeg 1280w, https:\/\/www.celttv.com.ar\/wp-content\/uploads\/2021\/02\/Visita-Ministro-Rodriguez-3-300x200.jpeg 300w, https:\/\/www.celttv.com.ar\/wp-content\/uploads\/2021\/02\/Visita-Ministro-Rodriguez-3-1024x682.jpeg 1024w, https:\/\/www.celttv.com.ar\/wp-content\/uploads\/2021\/02\/Visita-Ministro-Rodriguez-3-768x512.jpeg 768w, https:\/\/www.celttv.com.ar\/wp-content\/uploads\/2021\/02\/Visita-Ministro-Rodriguez-3-750x500.jpeg 750w, https:\/\/www.celttv.com.ar\/wp-content\/uploads\/2021\/02\/Visita-Ministro-Rodriguez-3-1140x760.jpeg 1140w\" sizes=\"auto, (max-width: 780px) 100vw, 780px\" \/><\/a> <a href=\"http:\/\/www.celttv.com.ar\/?attachment_id=55633\" rel=\"attachment wp-att-55633\"><img loading=\"lazy\" decoding=\"async\" class=\"alignleft size-medium wp-image-55633\" src=\"http:\/\/www.celttv.com.ar\/wp-content\/uploads\/2021\/02\/Visita-Ministro-Rodriguez-4.jpeg\" alt=\"\" width=\"780\" height=\"520\" srcset=\"https:\/\/www.celttv.com.ar\/wp-content\/uploads\/2021\/02\/Visita-Ministro-Rodriguez-4.jpeg 1280w, https:\/\/www.celttv.com.ar\/wp-content\/uploads\/2021\/02\/Visita-Ministro-Rodriguez-4-300x200.jpeg 300w, https:\/\/www.celttv.com.ar\/wp-content\/uploads\/2021\/02\/Visita-Ministro-Rodriguez-4-1024x682.jpeg 1024w, https:\/\/www.celttv.com.ar\/wp-content\/uploads\/2021\/02\/Visita-Ministro-Rodriguez-4-768x512.jpeg 768w, https:\/\/www.celttv.com.ar\/wp-content\/uploads\/2021\/02\/Visita-Ministro-Rodriguez-4-750x500.jpeg 750w, https:\/\/www.celttv.com.ar\/wp-content\/uploads\/2021\/02\/Visita-Ministro-Rodriguez-4-1140x760.jpeg 1140w\" sizes=\"auto, (max-width: 780px) 100vw, 780px\" \/><\/a><\/p>\n","protected":false},"excerpt":{"rendered":"<p>En la tarde de este jueves visit\u00f3 el distrito de Tornquist el ministro de Desarrollo Agrario de la Provincia de Buenos Aires, Javier Rodr\u00edguez, quien fue recibido por el intendente municipal, Sergio Bordoni. Ensu paso por el partido, el funcionario recorri\u00f3 la Bodega Saldungaray y la Estaci\u00f3n Forestal del Parque Provincial \u2018Ernesto Tornquist\u2019, y mantuvo [&hellip;]<\/p>\n","protected":false},"author":1,"featured_media":55630,"comment_status":"closed","ping_status":"open","sticky":false,"template":"","format":"standard","meta":{"footnotes":""},"categories":[51,52,65],"tags":[220],"class_list":["post-55629","post","type-post","status-publish","format-standard","has-post-thumbnail","hentry","category-comunidad","category-destacadas","category-produccion","tag-visito-el-distrito-el-ministro-de-desarrollo-agrario-de-la-provincia"],"yoast_head":"<!-- This site is optimized with the Yoast SEO plugin v19.7.1 - https:\/\/yoast.com\/wordpress\/plugins\/seo\/ -->\n<title>Visit\u00f3 el distrito el ministro de Desarrollo Agrario de la Provincia (incluye fotos y entrevistas de CELT. TV) - CELTTV<\/title>\n<meta name=\"description\" content=\"Sitio web de noticias de la localidad de Tornquist, provincia de Buenos Aires, Rep\u00fablica Argentina. Contenido propio originado por periodistas de CELTTV, el canal de TV local de la Cooperativa El\u00e9ctrica de Tornquist. Turismo, Pol\u00edtica, Sociedad, Deporte, Cultura y todo el contenido de inter\u00e9s general que la gente del pueblo y la regi\u00f3n debe conocer.\" \/>\n<meta name=\"robots\" content=\"index, follow, max-snippet:-1, max-image-preview:large, max-video-preview:-1\" \/>\n<link rel=\"canonical\" href=\"https:\/\/www.celttv.com.ar\/index.php\/2021\/02\/12\/visito-el-distrito-el-ministro-de-desarrollo-agrario-de-la-provincia\/\" \/>\n<meta property=\"og:locale\" content=\"es_ES\" \/>\n<meta property=\"og:type\" content=\"article\" \/>\n<meta property=\"og:title\" content=\"Visit\u00f3 el distrito el ministro de Desarrollo Agrario de la Provincia (incluye fotos y entrevistas de CELT. TV) - CELTTV\" \/>\n<meta property=\"og:description\" content=\"Sitio web de noticias de la localidad de Tornquist, provincia de Buenos Aires, Rep\u00fablica Argentina. Contenido propio originado por periodistas de CELTTV, el canal de TV local de la Cooperativa El\u00e9ctrica de Tornquist. Turismo, Pol\u00edtica, Sociedad, Deporte, Cultura y todo el contenido de inter\u00e9s general que la gente del pueblo y la regi\u00f3n debe conocer.\" \/>\n<meta property=\"og:url\" content=\"https:\/\/www.celttv.com.ar\/index.php\/2021\/02\/12\/visito-el-distrito-el-ministro-de-desarrollo-agrario-de-la-provincia\/\" \/>\n<meta property=\"og:site_name\" content=\"CELTTV\" \/>\n<meta property=\"article:publisher\" content=\"https:\/\/www.facebook.com\/celtTV\/\" \/>\n<meta property=\"article:published_time\" content=\"2021-02-12T00:27:24+00:00\" \/>\n<meta property=\"og:image\" content=\"https:\/\/www.celttv.com.ar\/wp-content\/uploads\/2021\/02\/Visita-Ministro-Rodriguez-1.jpeg\" \/>\n\t<meta property=\"og:image:width\" content=\"1280\" \/>\n\t<meta property=\"og:image:height\" content=\"853\" \/>\n\t<meta property=\"og:image:type\" content=\"image\/jpeg\" \/>\n<meta name=\"author\" content=\"ulises\" \/>\n<meta name=\"twitter:card\" content=\"summary_large_image\" \/>\n<meta name=\"twitter:label1\" content=\"Escrito por\" \/>\n\t<meta name=\"twitter:data1\" content=\"ulises\" \/>\n\t<meta name=\"twitter:label2\" content=\"Tiempo de lectura\" \/>\n\t<meta name=\"twitter:data2\" content=\"4 minutos\" \/>\n<script type=\"application\/ld+json\" class=\"yoast-schema-graph\">{\"@context\":\"https:\/\/schema.org\",\"@graph\":[{\"@type\":\"NewsArticle\",\"@id\":\"https:\/\/www.celttv.com.ar\/index.php\/2021\/02\/12\/visito-el-distrito-el-ministro-de-desarrollo-agrario-de-la-provincia\/#article\",\"isPartOf\":{\"@id\":\"https:\/\/www.celttv.com.ar\/index.php\/2021\/02\/12\/visito-el-distrito-el-ministro-de-desarrollo-agrario-de-la-provincia\/\"},\"author\":{\"name\":\"ulises\",\"@id\":\"https:\/\/www.celttv.com.ar\/#\/schema\/person\/6d99c072dba59953809c81446e9d0ace\"},\"headline\":\"Visit\u00f3 el distrito el ministro de Desarrollo Agrario de la Provincia (incluye fotos y entrevistas de CELT. TV)\",\"datePublished\":\"2021-02-12T00:27:24+00:00\",\"dateModified\":\"2021-02-12T00:27:24+00:00\",\"mainEntityOfPage\":{\"@id\":\"https:\/\/www.celttv.com.ar\/index.php\/2021\/02\/12\/visito-el-distrito-el-ministro-de-desarrollo-agrario-de-la-provincia\/\"},\"wordCount\":825,\"publisher\":{\"@id\":\"https:\/\/www.celttv.com.ar\/#organization\"},\"keywords\":[\"Visit\u00f3 el distrito el ministro de Desarrollo Agrario de la Provincia\"],\"articleSection\":[\"Comunidad\",\"Destacadas\",\"Producci\u00f3n y Medio Ambiente\"],\"inLanguage\":\"es\"},{\"@type\":\"WebPage\",\"@id\":\"https:\/\/www.celttv.com.ar\/index.php\/2021\/02\/12\/visito-el-distrito-el-ministro-de-desarrollo-agrario-de-la-provincia\/\",\"url\":\"https:\/\/www.celttv.com.ar\/index.php\/2021\/02\/12\/visito-el-distrito-el-ministro-de-desarrollo-agrario-de-la-provincia\/\",\"name\":\"Visit\u00f3 el distrito el ministro de Desarrollo Agrario de la Provincia (incluye fotos y entrevistas de CELT. TV) - CELTTV\",\"isPartOf\":{\"@id\":\"https:\/\/www.celttv.com.ar\/#website\"},\"datePublished\":\"2021-02-12T00:27:24+00:00\",\"dateModified\":\"2021-02-12T00:27:24+00:00\",\"description\":\"Sitio web de noticias de la localidad de Tornquist, provincia de Buenos Aires, Rep\u00fablica Argentina. Contenido propio originado por periodistas de CELTTV, el canal de TV local de la Cooperativa El\u00e9ctrica de Tornquist. Turismo, Pol\u00edtica, Sociedad, Deporte, Cultura y todo el contenido de inter\u00e9s general que la gente del pueblo y la regi\u00f3n debe conocer.\",\"breadcrumb\":{\"@id\":\"https:\/\/www.celttv.com.ar\/index.php\/2021\/02\/12\/visito-el-distrito-el-ministro-de-desarrollo-agrario-de-la-provincia\/#breadcrumb\"},\"inLanguage\":\"es\",\"potentialAction\":[{\"@type\":\"ReadAction\",\"target\":[\"https:\/\/www.celttv.com.ar\/index.php\/2021\/02\/12\/visito-el-distrito-el-ministro-de-desarrollo-agrario-de-la-provincia\/\"]}]},{\"@type\":\"BreadcrumbList\",\"@id\":\"https:\/\/www.celttv.com.ar\/index.php\/2021\/02\/12\/visito-el-distrito-el-ministro-de-desarrollo-agrario-de-la-provincia\/#breadcrumb\",\"itemListElement\":[{\"@type\":\"ListItem\",\"position\":1,\"name\":\"Inicio\",\"item\":\"https:\/\/www.celttv.com.ar\/\"},{\"@type\":\"ListItem\",\"position\":2,\"name\":\"Visit\u00f3 el distrito el ministro de Desarrollo Agrario de la Provincia (incluye fotos y entrevistas de CELT. TV)\"}]},{\"@type\":\"WebSite\",\"@id\":\"https:\/\/www.celttv.com.ar\/#website\",\"url\":\"https:\/\/www.celttv.com.ar\/\",\"name\":\"CELTTV\",\"description\":\"Cooperativa El\u00e9ctrica de Tornquist\",\"publisher\":{\"@id\":\"https:\/\/www.celttv.com.ar\/#organization\"},\"potentialAction\":[{\"@type\":\"SearchAction\",\"target\":{\"@type\":\"EntryPoint\",\"urlTemplate\":\"https:\/\/www.celttv.com.ar\/?s={search_term_string}\"},\"query-input\":\"required name=search_term_string\"}],\"inLanguage\":\"es\"},{\"@type\":\"Organization\",\"@id\":\"https:\/\/www.celttv.com.ar\/#organization\",\"name\":\"CELTTV\",\"url\":\"https:\/\/www.celttv.com.ar\/\",\"sameAs\":[\"https:\/\/www.youtube.com\/channel\/UCz_oIt8Hig64Ub-EmcNPIhg\",\"https:\/\/www.facebook.com\/celtTV\/\"],\"logo\":{\"@type\":\"ImageObject\",\"inLanguage\":\"es\",\"@id\":\"https:\/\/www.celttv.com.ar\/#\/schema\/logo\/image\/\",\"url\":\"http:\/\/www.celttv.com.ar\/wp-content\/uploads\/2022\/08\/logo-1.png\",\"contentUrl\":\"http:\/\/www.celttv.com.ar\/wp-content\/uploads\/2022\/08\/logo-1.png\",\"width\":461,\"height\":159,\"caption\":\"CELTTV\"},\"image\":{\"@id\":\"https:\/\/www.celttv.com.ar\/#\/schema\/logo\/image\/\"}},{\"@type\":\"Person\",\"@id\":\"https:\/\/www.celttv.com.ar\/#\/schema\/person\/6d99c072dba59953809c81446e9d0ace\",\"name\":\"ulises\",\"image\":{\"@type\":\"ImageObject\",\"inLanguage\":\"es\",\"@id\":\"https:\/\/www.celttv.com.ar\/#\/schema\/person\/image\/\",\"url\":\"https:\/\/secure.gravatar.com\/avatar\/7f2c48bdc33b30088f941fb6082e555f2874c98e20cb159d7b92b50eadfce793?s=96&d=mm&r=g\",\"contentUrl\":\"https:\/\/secure.gravatar.com\/avatar\/7f2c48bdc33b30088f941fb6082e555f2874c98e20cb159d7b92b50eadfce793?s=96&d=mm&r=g\",\"caption\":\"ulises\"},\"sameAs\":[\"http:\/\/www.celttv.com.ar\"]}]}<\/script>\n<!-- \/ Yoast SEO plugin. -->","yoast_head_json":{"title":"Visit\u00f3 el distrito el ministro de Desarrollo Agrario de la Provincia (incluye fotos y entrevistas de CELT. TV) - CELTTV","description":"Sitio web de noticias de la localidad de Tornquist, provincia de Buenos Aires, Rep\u00fablica Argentina. Contenido propio originado por periodistas de CELTTV, el canal de TV local de la Cooperativa El\u00e9ctrica de Tornquist. Turismo, Pol\u00edtica, Sociedad, Deporte, Cultura y todo el contenido de inter\u00e9s general que la gente del pueblo y la regi\u00f3n debe conocer.","robots":{"index":"index","follow":"follow","max-snippet":"max-snippet:-1","max-image-preview":"max-image-preview:large","max-video-preview":"max-video-preview:-1"},"canonical":"https:\/\/www.celttv.com.ar\/index.php\/2021\/02\/12\/visito-el-distrito-el-ministro-de-desarrollo-agrario-de-la-provincia\/","og_locale":"es_ES","og_type":"article","og_title":"Visit\u00f3 el distrito el ministro de Desarrollo Agrario de la Provincia (incluye fotos y entrevistas de CELT. TV) - CELTTV","og_description":"Sitio web de noticias de la localidad de Tornquist, provincia de Buenos Aires, Rep\u00fablica Argentina. Contenido propio originado por periodistas de CELTTV, el canal de TV local de la Cooperativa El\u00e9ctrica de Tornquist. Turismo, Pol\u00edtica, Sociedad, Deporte, Cultura y todo el contenido de inter\u00e9s general que la gente del pueblo y la regi\u00f3n debe conocer.","og_url":"https:\/\/www.celttv.com.ar\/index.php\/2021\/02\/12\/visito-el-distrito-el-ministro-de-desarrollo-agrario-de-la-provincia\/","og_site_name":"CELTTV","article_publisher":"https:\/\/www.facebook.com\/celtTV\/","article_published_time":"2021-02-12T00:27:24+00:00","og_image":[{"width":1280,"height":853,"url":"https:\/\/www.celttv.com.ar\/wp-content\/uploads\/2021\/02\/Visita-Ministro-Rodriguez-1.jpeg","type":"image\/jpeg"}],"author":"ulises","twitter_card":"summary_large_image","twitter_misc":{"Escrito por":"ulises","Tiempo de lectura":"4 minutos"},"schema":{"@context":"https:\/\/schema.org","@graph":[{"@type":"NewsArticle","@id":"https:\/\/www.celttv.com.ar\/index.php\/2021\/02\/12\/visito-el-distrito-el-ministro-de-desarrollo-agrario-de-la-provincia\/#article","isPartOf":{"@id":"https:\/\/www.celttv.com.ar\/index.php\/2021\/02\/12\/visito-el-distrito-el-ministro-de-desarrollo-agrario-de-la-provincia\/"},"author":{"name":"ulises","@id":"https:\/\/www.celttv.com.ar\/#\/schema\/person\/6d99c072dba59953809c81446e9d0ace"},"headline":"Visit\u00f3 el distrito el ministro de Desarrollo Agrario de la Provincia (incluye fotos y entrevistas de CELT. TV)","datePublished":"2021-02-12T00:27:24+00:00","dateModified":"2021-02-12T00:27:24+00:00","mainEntityOfPage":{"@id":"https:\/\/www.celttv.com.ar\/index.php\/2021\/02\/12\/visito-el-distrito-el-ministro-de-desarrollo-agrario-de-la-provincia\/"},"wordCount":825,"publisher":{"@id":"https:\/\/www.celttv.com.ar\/#organization"},"keywords":["Visit\u00f3 el distrito el ministro de Desarrollo Agrario de la Provincia"],"articleSection":["Comunidad","Destacadas","Producci\u00f3n y Medio Ambiente"],"inLanguage":"es"},{"@type":"WebPage","@id":"https:\/\/www.celttv.com.ar\/index.php\/2021\/02\/12\/visito-el-distrito-el-ministro-de-desarrollo-agrario-de-la-provincia\/","url":"https:\/\/www.celttv.com.ar\/index.php\/2021\/02\/12\/visito-el-distrito-el-ministro-de-desarrollo-agrario-de-la-provincia\/","name":"Visit\u00f3 el distrito el ministro de Desarrollo Agrario de la Provincia (incluye fotos y entrevistas de CELT. TV) - CELTTV","isPartOf":{"@id":"https:\/\/www.celttv.com.ar\/#website"},"datePublished":"2021-02-12T00:27:24+00:00","dateModified":"2021-02-12T00:27:24+00:00","description":"Sitio web de noticias de la localidad de Tornquist, provincia de Buenos Aires, Rep\u00fablica Argentina. Contenido propio originado por periodistas de CELTTV, el canal de TV local de la Cooperativa El\u00e9ctrica de Tornquist. Turismo, Pol\u00edtica, Sociedad, Deporte, Cultura y todo el contenido de inter\u00e9s general que la gente del pueblo y la regi\u00f3n debe conocer.","breadcrumb":{"@id":"https:\/\/www.celttv.com.ar\/index.php\/2021\/02\/12\/visito-el-distrito-el-ministro-de-desarrollo-agrario-de-la-provincia\/#breadcrumb"},"inLanguage":"es","potentialAction":[{"@type":"ReadAction","target":["https:\/\/www.celttv.com.ar\/index.php\/2021\/02\/12\/visito-el-distrito-el-ministro-de-desarrollo-agrario-de-la-provincia\/"]}]},{"@type":"BreadcrumbList","@id":"https:\/\/www.celttv.com.ar\/index.php\/2021\/02\/12\/visito-el-distrito-el-ministro-de-desarrollo-agrario-de-la-provincia\/#breadcrumb","itemListElement":[{"@type":"ListItem","position":1,"name":"Inicio","item":"https:\/\/www.celttv.com.ar\/"},{"@type":"ListItem","position":2,"name":"Visit\u00f3 el distrito el ministro de Desarrollo Agrario de la Provincia (incluye fotos y entrevistas de CELT. TV)"}]},{"@type":"WebSite","@id":"https:\/\/www.celttv.com.ar\/#website","url":"https:\/\/www.celttv.com.ar\/","name":"CELTTV","description":"Cooperativa El\u00e9ctrica de Tornquist","publisher":{"@id":"https:\/\/www.celttv.com.ar\/#organization"},"potentialAction":[{"@type":"SearchAction","target":{"@type":"EntryPoint","urlTemplate":"https:\/\/www.celttv.com.ar\/?s={search_term_string}"},"query-input":"required name=search_term_string"}],"inLanguage":"es"},{"@type":"Organization","@id":"https:\/\/www.celttv.com.ar\/#organization","name":"CELTTV","url":"https:\/\/www.celttv.com.ar\/","sameAs":["https:\/\/www.youtube.com\/channel\/UCz_oIt8Hig64Ub-EmcNPIhg","https:\/\/www.facebook.com\/celtTV\/"],"logo":{"@type":"ImageObject","inLanguage":"es","@id":"https:\/\/www.celttv.com.ar\/#\/schema\/logo\/image\/","url":"http:\/\/www.celttv.com.ar\/wp-content\/uploads\/2022\/08\/logo-1.png","contentUrl":"http:\/\/www.celttv.com.ar\/wp-content\/uploads\/2022\/08\/logo-1.png","width":461,"height":159,"caption":"CELTTV"},"image":{"@id":"https:\/\/www.celttv.com.ar\/#\/schema\/logo\/image\/"}},{"@type":"Person","@id":"https:\/\/www.celttv.com.ar\/#\/schema\/person\/6d99c072dba59953809c81446e9d0ace","name":"ulises","image":{"@type":"ImageObject","inLanguage":"es","@id":"https:\/\/www.celttv.com.ar\/#\/schema\/person\/image\/","url":"https:\/\/secure.gravatar.com\/avatar\/7f2c48bdc33b30088f941fb6082e555f2874c98e20cb159d7b92b50eadfce793?s=96&d=mm&r=g","contentUrl":"https:\/\/secure.gravatar.com\/avatar\/7f2c48bdc33b30088f941fb6082e555f2874c98e20cb159d7b92b50eadfce793?s=96&d=mm&r=g","caption":"ulises"},"sameAs":["http:\/\/www.celttv.com.ar"]}]}},"_links":{"self":[{"href":"https:\/\/www.celttv.com.ar\/index.php\/wp-json\/wp\/v2\/posts\/55629","targetHints":{"allow":["GET"]}}],"collection":[{"href":"https:\/\/www.celttv.com.ar\/index.php\/wp-json\/wp\/v2\/posts"}],"about":[{"href":"https:\/\/www.celttv.com.ar\/index.php\/wp-json\/wp\/v2\/types\/post"}],"author":[{"embeddable":true,"href":"https:\/\/www.celttv.com.ar\/index.php\/wp-json\/wp\/v2\/users\/1"}],"replies":[{"embeddable":true,"href":"https:\/\/www.celttv.com.ar\/index.php\/wp-json\/wp\/v2\/comments?post=55629"}],"version-history":[{"count":0,"href":"https:\/\/www.celttv.com.ar\/index.php\/wp-json\/wp\/v2\/posts\/55629\/revisions"}],"wp:featuredmedia":[{"embeddable":true,"href":"https:\/\/www.celttv.com.ar\/index.php\/wp-json\/wp\/v2\/media\/55630"}],"wp:attachment":[{"href":"https:\/\/www.celttv.com.ar\/index.php\/wp-json\/wp\/v2\/media?parent=55629"}],"wp:term":[{"taxonomy":"category","embeddable":true,"href":"https:\/\/www.celttv.com.ar\/index.php\/wp-json\/wp\/v2\/categories?post=55629"},{"taxonomy":"post_tag","embeddable":true,"href":"https:\/\/www.celttv.com.ar\/index.php\/wp-json\/wp\/v2\/tags?post=55629"}],"curies":[{"name":"wp","href":"https:\/\/api.w.org\/{rel}","templated":true}]}}