{"id":55652,"date":"2021-02-12T18:58:43","date_gmt":"2021-02-12T18:58:43","guid":{"rendered":"http:\/\/www.celttv.com.ar\/?p=55652"},"modified":"2021-02-12T18:58:43","modified_gmt":"2021-02-12T18:58:43","slug":"marcela-gutierrez-la-escritora-de-chasico-que-logro-trascendencia-internacional","status":"publish","type":"post","link":"https:\/\/www.celttv.com.ar\/index.php\/2021\/02\/12\/marcela-gutierrez-la-escritora-de-chasico-que-logro-trascendencia-internacional\/","title":{"rendered":"Marcela Guti\u00e9rrez, la escritora de Chasic\u00f3 que logr\u00f3 trascendencia internacional"},"content":{"rendered":"<p>La docente y escritora oriunda de Chasic\u00f3, Marcela Guti\u00e9rrez, se encuentra atravesando un gran momento profesional a trav\u00e9s de sus obras y del reconocimiento recibido en eventos realizados en distintos puntos del continente americano y europeo.<\/p>\n<p>La pasi\u00f3n por la literatura la llev\u00f3 a escribir un libro y a participar en diferentes concursos y cert\u00e1menes -v\u00eda zoom- en pa\u00edses com Per\u00fa, Colombia, M\u00e9xico, EEUU y Espa\u00f1a, entre otros.<\/p>\n<p>&#8220;El 2020 fue muy duro para todos, pero en lo personal tuvo un significado muy especial por el alcance que pude lograr con mis obras y el intercambio que pude generar a trav\u00e9s del contacto con colegas de distintos puntos del mundo&#8221;, manifest\u00f3 entusiasmada Gutierrez.<\/p>\n<p>Durante todos \u00e9stos meses he presentado mis trabajos, recib\u00ed econocimientos y hasta fui seleccionada para ser jurado en un certamen internacional, donde tuve que calificar obras literarias de 176 pa\u00edses. Fue algo asombroso y de mucho aprendizaje&#8221;, agreg\u00f3.<\/p>\n<p>Asimismo, reconoci\u00f3 que &#8220;me gustar\u00eda poder llegar con mis obras hasta Tornquist para poder compartirlas con la gente&#8221;.<\/p>\n<p>Tambi\u00e9n pudo participar\u00a0de numerosos festivales y encuentros internacionales, siendo convocada para el Comit\u00e9 de Honor de la Feria Virtual del Libro de Espa\u00f1a.<\/p>\n<p>Uno de sus poemas m\u00e1s resonantes durante el tiempo de aislamiento fue &#8220;Preguntas al azar&#8221;. Marcela cuenta que le permiti\u00f3 ganar\u00a0la Convocatoria\u00a0Poes\u00eda por la Paz del Colectivo Cultural Utop\u00eda Po\u00e9tica de M\u00e9xico, y que el poema\u00a0fue seleccionado para representar a Latinoam\u00e9rica en las Naciones Unidas.<\/p>\n<p>&#8220;En enero de 2020 edit\u00e9 mi primer libro,\u00a0En un lugar sin tiempo, que incluye la mayor\u00eda de mis poemas. Iba a ser presentado en Bah\u00eda Blanca en abril del a\u00f1o pasado, pero la pandemia no lo permiti\u00f3&#8221;, concluy\u00f3.<\/p>\n<div class=\"jeg_video_container jeg_video_content\"><iframe loading=\"lazy\" title=\"2021 02 10 MARCELA GUTIERREZ   BALANCE DEL 2020\" width=\"500\" height=\"281\" src=\"https:\/\/www.youtube.com\/embed\/PjODf15jqSg?feature=oembed\" frameborder=\"0\" allow=\"accelerometer; autoplay; clipboard-write; encrypted-media; gyroscope; picture-in-picture; web-share\" referrerpolicy=\"strict-origin-when-cross-origin\" allowfullscreen><\/iframe><\/div>\n","protected":false},"excerpt":{"rendered":"<p>La docente y escritora oriunda de Chasic\u00f3, Marcela Guti\u00e9rrez, se encuentra atravesando un gran momento profesional a trav\u00e9s de sus obras y del reconocimiento recibido en eventos realizados en distintos puntos del continente americano y europeo. La pasi\u00f3n por la literatura la llev\u00f3 a escribir un libro y a participar en diferentes concursos y cert\u00e1menes [&hellip;]<\/p>\n","protected":false},"author":1,"featured_media":55653,"comment_status":"closed","ping_status":"open","sticky":false,"template":"","format":"standard","meta":{"footnotes":""},"categories":[55,51,52,56],"tags":[],"class_list":["post-55652","post","type-post","status-publish","format-standard","has-post-thumbnail","hentry","category-celt-tv-noticias","category-comunidad","category-destacadas","category-espectaculos"],"yoast_head":"<!-- This site is optimized with the Yoast SEO plugin v19.7.1 - https:\/\/yoast.com\/wordpress\/plugins\/seo\/ -->\n<title>Marcela Guti\u00e9rrez, la escritora de Chasic\u00f3 que logr\u00f3 trascendencia internacional - CELTTV<\/title>\n<meta name=\"description\" content=\"Sitio web de noticias de la localidad de Tornquist, provincia de Buenos Aires, Rep\u00fablica Argentina. Contenido propio originado por periodistas de CELTTV, el canal de TV local de la Cooperativa El\u00e9ctrica de Tornquist. Turismo, Pol\u00edtica, Sociedad, Deporte, Cultura y todo el contenido de inter\u00e9s general que la gente del pueblo y la regi\u00f3n debe conocer.\" \/>\n<meta name=\"robots\" content=\"index, follow, max-snippet:-1, max-image-preview:large, max-video-preview:-1\" \/>\n<link rel=\"canonical\" href=\"https:\/\/www.celttv.com.ar\/index.php\/2021\/02\/12\/marcela-gutierrez-la-escritora-de-chasico-que-logro-trascendencia-internacional\/\" \/>\n<meta property=\"og:locale\" content=\"es_ES\" \/>\n<meta property=\"og:type\" content=\"article\" \/>\n<meta property=\"og:title\" content=\"Marcela Guti\u00e9rrez, la escritora de Chasic\u00f3 que logr\u00f3 trascendencia internacional - CELTTV\" \/>\n<meta property=\"og:description\" content=\"Sitio web de noticias de la localidad de Tornquist, provincia de Buenos Aires, Rep\u00fablica Argentina. Contenido propio originado por periodistas de CELTTV, el canal de TV local de la Cooperativa El\u00e9ctrica de Tornquist. Turismo, Pol\u00edtica, Sociedad, Deporte, Cultura y todo el contenido de inter\u00e9s general que la gente del pueblo y la regi\u00f3n debe conocer.\" \/>\n<meta property=\"og:url\" content=\"https:\/\/www.celttv.com.ar\/index.php\/2021\/02\/12\/marcela-gutierrez-la-escritora-de-chasico-que-logro-trascendencia-internacional\/\" \/>\n<meta property=\"og:site_name\" content=\"CELTTV\" \/>\n<meta property=\"article:publisher\" content=\"https:\/\/www.facebook.com\/celtTV\/\" \/>\n<meta property=\"article:published_time\" content=\"2021-02-12T18:58:43+00:00\" \/>\n<meta property=\"og:image\" content=\"https:\/\/www.celttv.com.ar\/wp-content\/uploads\/2021\/02\/1613055389825.jpg\" \/>\n\t<meta property=\"og:image:width\" content=\"719\" \/>\n\t<meta property=\"og:image:height\" content=\"404\" \/>\n\t<meta property=\"og:image:type\" content=\"image\/jpeg\" \/>\n<meta name=\"author\" content=\"ulises\" \/>\n<meta name=\"twitter:card\" content=\"summary_large_image\" \/>\n<meta name=\"twitter:label1\" content=\"Escrito por\" \/>\n\t<meta name=\"twitter:data1\" content=\"ulises\" \/>\n\t<meta name=\"twitter:label2\" content=\"Tiempo de lectura\" \/>\n\t<meta name=\"twitter:data2\" content=\"2 minutos\" \/>\n<script type=\"application\/ld+json\" class=\"yoast-schema-graph\">{\"@context\":\"https:\/\/schema.org\",\"@graph\":[{\"@type\":\"NewsArticle\",\"@id\":\"https:\/\/www.celttv.com.ar\/index.php\/2021\/02\/12\/marcela-gutierrez-la-escritora-de-chasico-que-logro-trascendencia-internacional\/#article\",\"isPartOf\":{\"@id\":\"https:\/\/www.celttv.com.ar\/index.php\/2021\/02\/12\/marcela-gutierrez-la-escritora-de-chasico-que-logro-trascendencia-internacional\/\"},\"author\":{\"name\":\"ulises\",\"@id\":\"https:\/\/www.celttv.com.ar\/#\/schema\/person\/6d99c072dba59953809c81446e9d0ace\"},\"headline\":\"Marcela Guti\u00e9rrez, la escritora de Chasic\u00f3 que logr\u00f3 trascendencia internacional\",\"datePublished\":\"2021-02-12T18:58:43+00:00\",\"dateModified\":\"2021-02-12T18:58:43+00:00\",\"mainEntityOfPage\":{\"@id\":\"https:\/\/www.celttv.com.ar\/index.php\/2021\/02\/12\/marcela-gutierrez-la-escritora-de-chasico-que-logro-trascendencia-internacional\/\"},\"wordCount\":318,\"publisher\":{\"@id\":\"https:\/\/www.celttv.com.ar\/#organization\"},\"articleSection\":[\"Celt TV Noticias\",\"Comunidad\",\"Destacadas\",\"Espect\u00e1culos\"],\"inLanguage\":\"es\"},{\"@type\":\"WebPage\",\"@id\":\"https:\/\/www.celttv.com.ar\/index.php\/2021\/02\/12\/marcela-gutierrez-la-escritora-de-chasico-que-logro-trascendencia-internacional\/\",\"url\":\"https:\/\/www.celttv.com.ar\/index.php\/2021\/02\/12\/marcela-gutierrez-la-escritora-de-chasico-que-logro-trascendencia-internacional\/\",\"name\":\"Marcela Guti\u00e9rrez, la escritora de Chasic\u00f3 que logr\u00f3 trascendencia internacional - CELTTV\",\"isPartOf\":{\"@id\":\"https:\/\/www.celttv.com.ar\/#website\"},\"datePublished\":\"2021-02-12T18:58:43+00:00\",\"dateModified\":\"2021-02-12T18:58:43+00:00\",\"description\":\"Sitio web de noticias de la localidad de Tornquist, provincia de Buenos Aires, Rep\u00fablica Argentina. Contenido propio originado por periodistas de CELTTV, el canal de TV local de la Cooperativa El\u00e9ctrica de Tornquist. Turismo, Pol\u00edtica, Sociedad, Deporte, Cultura y todo el contenido de inter\u00e9s general que la gente del pueblo y la regi\u00f3n debe conocer.\",\"breadcrumb\":{\"@id\":\"https:\/\/www.celttv.com.ar\/index.php\/2021\/02\/12\/marcela-gutierrez-la-escritora-de-chasico-que-logro-trascendencia-internacional\/#breadcrumb\"},\"inLanguage\":\"es\",\"potentialAction\":[{\"@type\":\"ReadAction\",\"target\":[\"https:\/\/www.celttv.com.ar\/index.php\/2021\/02\/12\/marcela-gutierrez-la-escritora-de-chasico-que-logro-trascendencia-internacional\/\"]}]},{\"@type\":\"BreadcrumbList\",\"@id\":\"https:\/\/www.celttv.com.ar\/index.php\/2021\/02\/12\/marcela-gutierrez-la-escritora-de-chasico-que-logro-trascendencia-internacional\/#breadcrumb\",\"itemListElement\":[{\"@type\":\"ListItem\",\"position\":1,\"name\":\"Inicio\",\"item\":\"https:\/\/www.celttv.com.ar\/\"},{\"@type\":\"ListItem\",\"position\":2,\"name\":\"Marcela Guti\u00e9rrez, la escritora de Chasic\u00f3 que logr\u00f3 trascendencia internacional\"}]},{\"@type\":\"WebSite\",\"@id\":\"https:\/\/www.celttv.com.ar\/#website\",\"url\":\"https:\/\/www.celttv.com.ar\/\",\"name\":\"CELTTV\",\"description\":\"Cooperativa El\u00e9ctrica de Tornquist\",\"publisher\":{\"@id\":\"https:\/\/www.celttv.com.ar\/#organization\"},\"potentialAction\":[{\"@type\":\"SearchAction\",\"target\":{\"@type\":\"EntryPoint\",\"urlTemplate\":\"https:\/\/www.celttv.com.ar\/?s={search_term_string}\"},\"query-input\":\"required name=search_term_string\"}],\"inLanguage\":\"es\"},{\"@type\":\"Organization\",\"@id\":\"https:\/\/www.celttv.com.ar\/#organization\",\"name\":\"CELTTV\",\"url\":\"https:\/\/www.celttv.com.ar\/\",\"sameAs\":[\"https:\/\/www.youtube.com\/channel\/UCz_oIt8Hig64Ub-EmcNPIhg\",\"https:\/\/www.facebook.com\/celtTV\/\"],\"logo\":{\"@type\":\"ImageObject\",\"inLanguage\":\"es\",\"@id\":\"https:\/\/www.celttv.com.ar\/#\/schema\/logo\/image\/\",\"url\":\"http:\/\/www.celttv.com.ar\/wp-content\/uploads\/2022\/08\/logo-1.png\",\"contentUrl\":\"http:\/\/www.celttv.com.ar\/wp-content\/uploads\/2022\/08\/logo-1.png\",\"width\":461,\"height\":159,\"caption\":\"CELTTV\"},\"image\":{\"@id\":\"https:\/\/www.celttv.com.ar\/#\/schema\/logo\/image\/\"}},{\"@type\":\"Person\",\"@id\":\"https:\/\/www.celttv.com.ar\/#\/schema\/person\/6d99c072dba59953809c81446e9d0ace\",\"name\":\"ulises\",\"image\":{\"@type\":\"ImageObject\",\"inLanguage\":\"es\",\"@id\":\"https:\/\/www.celttv.com.ar\/#\/schema\/person\/image\/\",\"url\":\"https:\/\/secure.gravatar.com\/avatar\/7f2c48bdc33b30088f941fb6082e555f2874c98e20cb159d7b92b50eadfce793?s=96&d=mm&r=g\",\"contentUrl\":\"https:\/\/secure.gravatar.com\/avatar\/7f2c48bdc33b30088f941fb6082e555f2874c98e20cb159d7b92b50eadfce793?s=96&d=mm&r=g\",\"caption\":\"ulises\"},\"sameAs\":[\"http:\/\/www.celttv.com.ar\"]}]}<\/script>\n<!-- \/ Yoast SEO plugin. -->","yoast_head_json":{"title":"Marcela Guti\u00e9rrez, la escritora de Chasic\u00f3 que logr\u00f3 trascendencia internacional - CELTTV","description":"Sitio web de noticias de la localidad de Tornquist, provincia de Buenos Aires, Rep\u00fablica Argentina. Contenido propio originado por periodistas de CELTTV, el canal de TV local de la Cooperativa El\u00e9ctrica de Tornquist. Turismo, Pol\u00edtica, Sociedad, Deporte, Cultura y todo el contenido de inter\u00e9s general que la gente del pueblo y la regi\u00f3n debe conocer.","robots":{"index":"index","follow":"follow","max-snippet":"max-snippet:-1","max-image-preview":"max-image-preview:large","max-video-preview":"max-video-preview:-1"},"canonical":"https:\/\/www.celttv.com.ar\/index.php\/2021\/02\/12\/marcela-gutierrez-la-escritora-de-chasico-que-logro-trascendencia-internacional\/","og_locale":"es_ES","og_type":"article","og_title":"Marcela Guti\u00e9rrez, la escritora de Chasic\u00f3 que logr\u00f3 trascendencia internacional - CELTTV","og_description":"Sitio web de noticias de la localidad de Tornquist, provincia de Buenos Aires, Rep\u00fablica Argentina. Contenido propio originado por periodistas de CELTTV, el canal de TV local de la Cooperativa El\u00e9ctrica de Tornquist. Turismo, Pol\u00edtica, Sociedad, Deporte, Cultura y todo el contenido de inter\u00e9s general que la gente del pueblo y la regi\u00f3n debe conocer.","og_url":"https:\/\/www.celttv.com.ar\/index.php\/2021\/02\/12\/marcela-gutierrez-la-escritora-de-chasico-que-logro-trascendencia-internacional\/","og_site_name":"CELTTV","article_publisher":"https:\/\/www.facebook.com\/celtTV\/","article_published_time":"2021-02-12T18:58:43+00:00","og_image":[{"width":719,"height":404,"url":"https:\/\/www.celttv.com.ar\/wp-content\/uploads\/2021\/02\/1613055389825.jpg","type":"image\/jpeg"}],"author":"ulises","twitter_card":"summary_large_image","twitter_misc":{"Escrito por":"ulises","Tiempo de lectura":"2 minutos"},"schema":{"@context":"https:\/\/schema.org","@graph":[{"@type":"NewsArticle","@id":"https:\/\/www.celttv.com.ar\/index.php\/2021\/02\/12\/marcela-gutierrez-la-escritora-de-chasico-que-logro-trascendencia-internacional\/#article","isPartOf":{"@id":"https:\/\/www.celttv.com.ar\/index.php\/2021\/02\/12\/marcela-gutierrez-la-escritora-de-chasico-que-logro-trascendencia-internacional\/"},"author":{"name":"ulises","@id":"https:\/\/www.celttv.com.ar\/#\/schema\/person\/6d99c072dba59953809c81446e9d0ace"},"headline":"Marcela Guti\u00e9rrez, la escritora de Chasic\u00f3 que logr\u00f3 trascendencia internacional","datePublished":"2021-02-12T18:58:43+00:00","dateModified":"2021-02-12T18:58:43+00:00","mainEntityOfPage":{"@id":"https:\/\/www.celttv.com.ar\/index.php\/2021\/02\/12\/marcela-gutierrez-la-escritora-de-chasico-que-logro-trascendencia-internacional\/"},"wordCount":318,"publisher":{"@id":"https:\/\/www.celttv.com.ar\/#organization"},"articleSection":["Celt TV Noticias","Comunidad","Destacadas","Espect\u00e1culos"],"inLanguage":"es"},{"@type":"WebPage","@id":"https:\/\/www.celttv.com.ar\/index.php\/2021\/02\/12\/marcela-gutierrez-la-escritora-de-chasico-que-logro-trascendencia-internacional\/","url":"https:\/\/www.celttv.com.ar\/index.php\/2021\/02\/12\/marcela-gutierrez-la-escritora-de-chasico-que-logro-trascendencia-internacional\/","name":"Marcela Guti\u00e9rrez, la escritora de Chasic\u00f3 que logr\u00f3 trascendencia internacional - CELTTV","isPartOf":{"@id":"https:\/\/www.celttv.com.ar\/#website"},"datePublished":"2021-02-12T18:58:43+00:00","dateModified":"2021-02-12T18:58:43+00:00","description":"Sitio web de noticias de la localidad de Tornquist, provincia de Buenos Aires, Rep\u00fablica Argentina. Contenido propio originado por periodistas de CELTTV, el canal de TV local de la Cooperativa El\u00e9ctrica de Tornquist. Turismo, Pol\u00edtica, Sociedad, Deporte, Cultura y todo el contenido de inter\u00e9s general que la gente del pueblo y la regi\u00f3n debe conocer.","breadcrumb":{"@id":"https:\/\/www.celttv.com.ar\/index.php\/2021\/02\/12\/marcela-gutierrez-la-escritora-de-chasico-que-logro-trascendencia-internacional\/#breadcrumb"},"inLanguage":"es","potentialAction":[{"@type":"ReadAction","target":["https:\/\/www.celttv.com.ar\/index.php\/2021\/02\/12\/marcela-gutierrez-la-escritora-de-chasico-que-logro-trascendencia-internacional\/"]}]},{"@type":"BreadcrumbList","@id":"https:\/\/www.celttv.com.ar\/index.php\/2021\/02\/12\/marcela-gutierrez-la-escritora-de-chasico-que-logro-trascendencia-internacional\/#breadcrumb","itemListElement":[{"@type":"ListItem","position":1,"name":"Inicio","item":"https:\/\/www.celttv.com.ar\/"},{"@type":"ListItem","position":2,"name":"Marcela Guti\u00e9rrez, la escritora de Chasic\u00f3 que logr\u00f3 trascendencia internacional"}]},{"@type":"WebSite","@id":"https:\/\/www.celttv.com.ar\/#website","url":"https:\/\/www.celttv.com.ar\/","name":"CELTTV","description":"Cooperativa El\u00e9ctrica de Tornquist","publisher":{"@id":"https:\/\/www.celttv.com.ar\/#organization"},"potentialAction":[{"@type":"SearchAction","target":{"@type":"EntryPoint","urlTemplate":"https:\/\/www.celttv.com.ar\/?s={search_term_string}"},"query-input":"required name=search_term_string"}],"inLanguage":"es"},{"@type":"Organization","@id":"https:\/\/www.celttv.com.ar\/#organization","name":"CELTTV","url":"https:\/\/www.celttv.com.ar\/","sameAs":["https:\/\/www.youtube.com\/channel\/UCz_oIt8Hig64Ub-EmcNPIhg","https:\/\/www.facebook.com\/celtTV\/"],"logo":{"@type":"ImageObject","inLanguage":"es","@id":"https:\/\/www.celttv.com.ar\/#\/schema\/logo\/image\/","url":"http:\/\/www.celttv.com.ar\/wp-content\/uploads\/2022\/08\/logo-1.png","contentUrl":"http:\/\/www.celttv.com.ar\/wp-content\/uploads\/2022\/08\/logo-1.png","width":461,"height":159,"caption":"CELTTV"},"image":{"@id":"https:\/\/www.celttv.com.ar\/#\/schema\/logo\/image\/"}},{"@type":"Person","@id":"https:\/\/www.celttv.com.ar\/#\/schema\/person\/6d99c072dba59953809c81446e9d0ace","name":"ulises","image":{"@type":"ImageObject","inLanguage":"es","@id":"https:\/\/www.celttv.com.ar\/#\/schema\/person\/image\/","url":"https:\/\/secure.gravatar.com\/avatar\/7f2c48bdc33b30088f941fb6082e555f2874c98e20cb159d7b92b50eadfce793?s=96&d=mm&r=g","contentUrl":"https:\/\/secure.gravatar.com\/avatar\/7f2c48bdc33b30088f941fb6082e555f2874c98e20cb159d7b92b50eadfce793?s=96&d=mm&r=g","caption":"ulises"},"sameAs":["http:\/\/www.celttv.com.ar"]}]}},"_links":{"self":[{"href":"https:\/\/www.celttv.com.ar\/index.php\/wp-json\/wp\/v2\/posts\/55652","targetHints":{"allow":["GET"]}}],"collection":[{"href":"https:\/\/www.celttv.com.ar\/index.php\/wp-json\/wp\/v2\/posts"}],"about":[{"href":"https:\/\/www.celttv.com.ar\/index.php\/wp-json\/wp\/v2\/types\/post"}],"author":[{"embeddable":true,"href":"https:\/\/www.celttv.com.ar\/index.php\/wp-json\/wp\/v2\/users\/1"}],"replies":[{"embeddable":true,"href":"https:\/\/www.celttv.com.ar\/index.php\/wp-json\/wp\/v2\/comments?post=55652"}],"version-history":[{"count":0,"href":"https:\/\/www.celttv.com.ar\/index.php\/wp-json\/wp\/v2\/posts\/55652\/revisions"}],"wp:featuredmedia":[{"embeddable":true,"href":"https:\/\/www.celttv.com.ar\/index.php\/wp-json\/wp\/v2\/media\/55653"}],"wp:attachment":[{"href":"https:\/\/www.celttv.com.ar\/index.php\/wp-json\/wp\/v2\/media?parent=55652"}],"wp:term":[{"taxonomy":"category","embeddable":true,"href":"https:\/\/www.celttv.com.ar\/index.php\/wp-json\/wp\/v2\/categories?post=55652"},{"taxonomy":"post_tag","embeddable":true,"href":"https:\/\/www.celttv.com.ar\/index.php\/wp-json\/wp\/v2\/tags?post=55652"}],"curies":[{"name":"wp","href":"https:\/\/api.w.org\/{rel}","templated":true}]}}