{"id":55830,"date":"2021-02-22T21:19:32","date_gmt":"2021-02-22T21:19:32","guid":{"rendered":"http:\/\/www.celttv.com.ar\/?p=55830"},"modified":"2021-02-22T21:19:32","modified_gmt":"2021-02-22T21:19:32","slug":"los-chicos-de-automoto-estrenaran-indumentaria-en-la-copa-tornquist","status":"publish","type":"post","link":"https:\/\/www.celttv.com.ar\/index.php\/2021\/02\/22\/los-chicos-de-automoto-estrenaran-indumentaria-en-la-copa-tornquist\/","title":{"rendered":"Los chicos de Automoto estrenar\u00e1n indumentaria en la Copa Tornquist"},"content":{"rendered":"\n<p>Relucientes. Cl\u00e1sicas. Impecables. En el marco de la primera edici\u00f3n de la Copa Ciudad de Tornquist, que se llevar\u00e1 a cabo entre el mi\u00e9rcoles y el s\u00e1bado en nuestra ciudad y Sierra de la Ventana, las divisiones Inferiores del Automoto Club Deportivo estrenar\u00e1n su nueva indumentaria.<\/p>\n\n\n\n<p>Las cuatro categor\u00edas tendr\u00e1n sus flamantes camisetas, basadas en dos dise\u00f1os tradicionales del club azulgrana: un modelo a bastones verticales y otro inspirado en la primera casaca que utiliz\u00f3 la entidad en 1964, con una banda roja horizontal cortando el azul.<\/p>\n\n\n\n<p>Las nuevas casacas, confeccionadas por la marca Fibra, se cristalizaron gracias al apoyo brindado por diferentes firmas de la ciudad y la regi\u00f3n. La distribuci\u00f3n de las mismas es el siguiente:<\/p>\n\n\n\n<ul class=\"wp-block-list\"><li><strong>Quinta: <\/strong>F&amp;S Transporte &#8211; Centro Optico Tornquist \u2013 Minuj\u00edn Automotores \u2013 B\u00faho Producciones<\/li><li><strong>Sexta: <\/strong>Berraco Parce \u2013 Molinero Grupo Kevalraf \u2013 SP Burgue\u00f1o Brokers de Seguros \u2013 Pares y Nones<\/li><li><strong>S\u00e9ptima: <\/strong>Panader\u00eda Belgrano \u2013 Rodol Frut \u2013 Centro Optico Tornquist \u2013 Hugo Heckel Taller de Chapa y Pintura<\/li><li><strong>Octava: <\/strong>Ferrari Electricidad y Refrigeraci\u00f3n \u2013 Distribuidora Eco Cristal \u2013 Carpmet Bah\u00eda Servicios Industriales SA \u2013 Veterinaria del Centro<\/li><\/ul>\n\n\n\n<p>El Automoto Club Deportivo agradece a quienes colaboraron para llevar a cabo esta iniciativa, que permiti\u00f3 la renovaci\u00f3n de la indumentaria que lucir\u00e1n los chicos desde esta semana.<\/p>\n\n\n\n<p>Departamento de Prensa \u2013 Automoto Club Deportivo<\/p>\n\n\n\n<p>www.clubautomotopasion.com.ar<\/p>\n\n\n\n<p>Facebook: \/automototornquist<\/p>\n\n\n\n<p>Twitter: @ClubAutomoto<\/p>\n\n\n\n<p>YouTube: acdtvideos<\/p>\n\n\n\n<figure class=\"wp-block-image\"><img decoding=\"async\" src=\"http:\/\/observadorserrano.com.ar\/wp-content\/uploads\/2021\/02\/5TA-Medium-300x187.jpg\" alt=\"\" class=\"wp-image-1996\"\/><\/figure>\n\n\n\n<figure class=\"wp-block-image\"><img decoding=\"async\" src=\"http:\/\/observadorserrano.com.ar\/wp-content\/uploads\/2021\/02\/5TA-1-Medium-300x187.jpg\" alt=\"\" class=\"wp-image-1997\"\/><\/figure>\n\n\n\n<figure class=\"wp-block-image\"><img decoding=\"async\" src=\"http:\/\/observadorserrano.com.ar\/wp-content\/uploads\/2021\/02\/5TA-2-Medium-300x187.jpg\" alt=\"\" class=\"wp-image-1998\"\/><\/figure>\n\n\n\n<figure class=\"wp-block-image\"><img decoding=\"async\" src=\"http:\/\/observadorserrano.com.ar\/wp-content\/uploads\/2021\/02\/6TA-Medium-300x187.jpg\" alt=\"\" class=\"wp-image-1999\"\/><\/figure>\n\n\n\n<figure class=\"wp-block-image\"><img decoding=\"async\" src=\"http:\/\/observadorserrano.com.ar\/wp-content\/uploads\/2021\/02\/6TA-1-Medium-300x187.jpg\" alt=\"\" class=\"wp-image-2000\"\/><\/figure>\n\n\n\n<figure class=\"wp-block-image\"><img decoding=\"async\" src=\"http:\/\/observadorserrano.com.ar\/wp-content\/uploads\/2021\/02\/6TA-2-Medium-300x187.jpg\" alt=\"\" class=\"wp-image-2001\"\/><\/figure>\n\n\n\n<figure class=\"wp-block-image\"><img decoding=\"async\" src=\"http:\/\/observadorserrano.com.ar\/wp-content\/uploads\/2021\/02\/7MA-Medium-300x187.jpg\" alt=\"\" class=\"wp-image-2002\"\/><\/figure>\n\n\n\n<figure class=\"wp-block-image\"><img decoding=\"async\" src=\"http:\/\/observadorserrano.com.ar\/wp-content\/uploads\/2021\/02\/7MA-1-Medium-300x187.jpg\" alt=\"\" class=\"wp-image-2003\"\/><\/figure>\n\n\n\n<figure class=\"wp-block-image\"><img decoding=\"async\" src=\"http:\/\/observadorserrano.com.ar\/wp-content\/uploads\/2021\/02\/7MA-2-Medium-300x187.jpg\" alt=\"\" class=\"wp-image-2004\"\/><\/figure>\n\n\n\n<figure class=\"wp-block-image\"><img decoding=\"async\" src=\"http:\/\/observadorserrano.com.ar\/wp-content\/uploads\/2021\/02\/8VA-Medium-300x187.jpg\" alt=\"\" class=\"wp-image-2005\"\/><\/figure>\n\n\n\n<figure class=\"wp-block-image\"><img decoding=\"async\" src=\"http:\/\/observadorserrano.com.ar\/wp-content\/uploads\/2021\/02\/8VA-1-Medium-300x187.jpg\" alt=\"\" class=\"wp-image-2006\"\/><\/figure>\n\n\n\n<figure class=\"wp-block-image\"><img decoding=\"async\" src=\"http:\/\/observadorserrano.com.ar\/wp-content\/uploads\/2021\/02\/8VA-2-Medium-300x187.jpg\" alt=\"\" class=\"wp-image-2007\"\/><\/figure>\n","protected":false},"excerpt":{"rendered":"<p>Relucientes. Cl\u00e1sicas. Impecables. En el marco de la primera edici\u00f3n de la Copa Ciudad de Tornquist, que se llevar\u00e1 a cabo entre el mi\u00e9rcoles y el s\u00e1bado en nuestra ciudad y Sierra de la Ventana, las divisiones Inferiores del Automoto Club Deportivo estrenar\u00e1n su nueva indumentaria. Las cuatro categor\u00edas tendr\u00e1n sus flamantes camisetas, basadas en [&hellip;]<\/p>\n","protected":false},"author":1,"featured_media":55831,"comment_status":"closed","ping_status":"open","sticky":false,"template":"","format":"standard","meta":{"footnotes":""},"categories":[55,60,62,52],"tags":[],"class_list":["post-55830","post","type-post","status-publish","format-standard","has-post-thumbnail","hentry","category-celt-tv-noticias","category-deporte","category-deportes","category-destacadas"],"yoast_head":"<!-- This site is optimized with the Yoast SEO plugin v19.7.1 - https:\/\/yoast.com\/wordpress\/plugins\/seo\/ -->\n<title>Los chicos de Automoto estrenar\u00e1n indumentaria en la Copa Tornquist - CELTTV<\/title>\n<meta name=\"description\" content=\"Sitio web de noticias de la localidad de Tornquist, provincia de Buenos Aires, Rep\u00fablica Argentina. Contenido propio originado por periodistas de CELTTV, el canal de TV local de la Cooperativa El\u00e9ctrica de Tornquist. Turismo, Pol\u00edtica, Sociedad, Deporte, Cultura y todo el contenido de inter\u00e9s general que la gente del pueblo y la regi\u00f3n debe conocer.\" \/>\n<meta name=\"robots\" content=\"index, follow, max-snippet:-1, max-image-preview:large, max-video-preview:-1\" \/>\n<link rel=\"canonical\" href=\"https:\/\/www.celttv.com.ar\/index.php\/2021\/02\/22\/los-chicos-de-automoto-estrenaran-indumentaria-en-la-copa-tornquist\/\" \/>\n<meta property=\"og:locale\" content=\"es_ES\" \/>\n<meta property=\"og:type\" content=\"article\" \/>\n<meta property=\"og:title\" content=\"Los chicos de Automoto estrenar\u00e1n indumentaria en la Copa Tornquist - CELTTV\" \/>\n<meta property=\"og:description\" content=\"Sitio web de noticias de la localidad de Tornquist, provincia de Buenos Aires, Rep\u00fablica Argentina. Contenido propio originado por periodistas de CELTTV, el canal de TV local de la Cooperativa El\u00e9ctrica de Tornquist. Turismo, Pol\u00edtica, Sociedad, Deporte, Cultura y todo el contenido de inter\u00e9s general que la gente del pueblo y la regi\u00f3n debe conocer.\" \/>\n<meta property=\"og:url\" content=\"https:\/\/www.celttv.com.ar\/index.php\/2021\/02\/22\/los-chicos-de-automoto-estrenaran-indumentaria-en-la-copa-tornquist\/\" \/>\n<meta property=\"og:site_name\" content=\"CELTTV\" \/>\n<meta property=\"article:publisher\" content=\"https:\/\/www.facebook.com\/celtTV\/\" \/>\n<meta property=\"article:published_time\" content=\"2021-02-22T21:19:32+00:00\" \/>\n<meta property=\"og:image\" content=\"https:\/\/www.celttv.com.ar\/wp-content\/uploads\/2021\/02\/5TA-2-Medium.jpg\" \/>\n\t<meta property=\"og:image:width\" content=\"1229\" \/>\n\t<meta property=\"og:image:height\" content=\"768\" \/>\n\t<meta property=\"og:image:type\" content=\"image\/jpeg\" \/>\n<meta name=\"author\" content=\"ulises\" \/>\n<meta name=\"twitter:card\" content=\"summary_large_image\" \/>\n<meta name=\"twitter:label1\" content=\"Escrito por\" \/>\n\t<meta name=\"twitter:data1\" content=\"ulises\" \/>\n\t<meta name=\"twitter:label2\" content=\"Tiempo de lectura\" \/>\n\t<meta name=\"twitter:data2\" content=\"1 minuto\" \/>\n<script type=\"application\/ld+json\" class=\"yoast-schema-graph\">{\"@context\":\"https:\/\/schema.org\",\"@graph\":[{\"@type\":\"NewsArticle\",\"@id\":\"https:\/\/www.celttv.com.ar\/index.php\/2021\/02\/22\/los-chicos-de-automoto-estrenaran-indumentaria-en-la-copa-tornquist\/#article\",\"isPartOf\":{\"@id\":\"https:\/\/www.celttv.com.ar\/index.php\/2021\/02\/22\/los-chicos-de-automoto-estrenaran-indumentaria-en-la-copa-tornquist\/\"},\"author\":{\"name\":\"ulises\",\"@id\":\"https:\/\/www.celttv.com.ar\/#\/schema\/person\/6d99c072dba59953809c81446e9d0ace\"},\"headline\":\"Los chicos de Automoto estrenar\u00e1n indumentaria en la Copa Tornquist\",\"datePublished\":\"2021-02-22T21:19:32+00:00\",\"dateModified\":\"2021-02-22T21:19:32+00:00\",\"mainEntityOfPage\":{\"@id\":\"https:\/\/www.celttv.com.ar\/index.php\/2021\/02\/22\/los-chicos-de-automoto-estrenaran-indumentaria-en-la-copa-tornquist\/\"},\"wordCount\":246,\"publisher\":{\"@id\":\"https:\/\/www.celttv.com.ar\/#organization\"},\"articleSection\":[\"Celt TV Noticias\",\"Deporte\",\"Deportes\",\"Destacadas\"],\"inLanguage\":\"es\"},{\"@type\":\"WebPage\",\"@id\":\"https:\/\/www.celttv.com.ar\/index.php\/2021\/02\/22\/los-chicos-de-automoto-estrenaran-indumentaria-en-la-copa-tornquist\/\",\"url\":\"https:\/\/www.celttv.com.ar\/index.php\/2021\/02\/22\/los-chicos-de-automoto-estrenaran-indumentaria-en-la-copa-tornquist\/\",\"name\":\"Los chicos de Automoto estrenar\u00e1n indumentaria en la Copa Tornquist - CELTTV\",\"isPartOf\":{\"@id\":\"https:\/\/www.celttv.com.ar\/#website\"},\"datePublished\":\"2021-02-22T21:19:32+00:00\",\"dateModified\":\"2021-02-22T21:19:32+00:00\",\"description\":\"Sitio web de noticias de la localidad de Tornquist, provincia de Buenos Aires, Rep\u00fablica Argentina. Contenido propio originado por periodistas de CELTTV, el canal de TV local de la Cooperativa El\u00e9ctrica de Tornquist. Turismo, Pol\u00edtica, Sociedad, Deporte, Cultura y todo el contenido de inter\u00e9s general que la gente del pueblo y la regi\u00f3n debe conocer.\",\"breadcrumb\":{\"@id\":\"https:\/\/www.celttv.com.ar\/index.php\/2021\/02\/22\/los-chicos-de-automoto-estrenaran-indumentaria-en-la-copa-tornquist\/#breadcrumb\"},\"inLanguage\":\"es\",\"potentialAction\":[{\"@type\":\"ReadAction\",\"target\":[\"https:\/\/www.celttv.com.ar\/index.php\/2021\/02\/22\/los-chicos-de-automoto-estrenaran-indumentaria-en-la-copa-tornquist\/\"]}]},{\"@type\":\"BreadcrumbList\",\"@id\":\"https:\/\/www.celttv.com.ar\/index.php\/2021\/02\/22\/los-chicos-de-automoto-estrenaran-indumentaria-en-la-copa-tornquist\/#breadcrumb\",\"itemListElement\":[{\"@type\":\"ListItem\",\"position\":1,\"name\":\"Inicio\",\"item\":\"https:\/\/www.celttv.com.ar\/\"},{\"@type\":\"ListItem\",\"position\":2,\"name\":\"Los chicos de Automoto estrenar\u00e1n indumentaria en la Copa Tornquist\"}]},{\"@type\":\"WebSite\",\"@id\":\"https:\/\/www.celttv.com.ar\/#website\",\"url\":\"https:\/\/www.celttv.com.ar\/\",\"name\":\"CELTTV\",\"description\":\"Cooperativa El\u00e9ctrica de Tornquist\",\"publisher\":{\"@id\":\"https:\/\/www.celttv.com.ar\/#organization\"},\"potentialAction\":[{\"@type\":\"SearchAction\",\"target\":{\"@type\":\"EntryPoint\",\"urlTemplate\":\"https:\/\/www.celttv.com.ar\/?s={search_term_string}\"},\"query-input\":\"required name=search_term_string\"}],\"inLanguage\":\"es\"},{\"@type\":\"Organization\",\"@id\":\"https:\/\/www.celttv.com.ar\/#organization\",\"name\":\"CELTTV\",\"url\":\"https:\/\/www.celttv.com.ar\/\",\"sameAs\":[\"https:\/\/www.youtube.com\/channel\/UCz_oIt8Hig64Ub-EmcNPIhg\",\"https:\/\/www.facebook.com\/celtTV\/\"],\"logo\":{\"@type\":\"ImageObject\",\"inLanguage\":\"es\",\"@id\":\"https:\/\/www.celttv.com.ar\/#\/schema\/logo\/image\/\",\"url\":\"http:\/\/www.celttv.com.ar\/wp-content\/uploads\/2022\/08\/logo-1.png\",\"contentUrl\":\"http:\/\/www.celttv.com.ar\/wp-content\/uploads\/2022\/08\/logo-1.png\",\"width\":461,\"height\":159,\"caption\":\"CELTTV\"},\"image\":{\"@id\":\"https:\/\/www.celttv.com.ar\/#\/schema\/logo\/image\/\"}},{\"@type\":\"Person\",\"@id\":\"https:\/\/www.celttv.com.ar\/#\/schema\/person\/6d99c072dba59953809c81446e9d0ace\",\"name\":\"ulises\",\"image\":{\"@type\":\"ImageObject\",\"inLanguage\":\"es\",\"@id\":\"https:\/\/www.celttv.com.ar\/#\/schema\/person\/image\/\",\"url\":\"https:\/\/secure.gravatar.com\/avatar\/7f2c48bdc33b30088f941fb6082e555f2874c98e20cb159d7b92b50eadfce793?s=96&d=mm&r=g\",\"contentUrl\":\"https:\/\/secure.gravatar.com\/avatar\/7f2c48bdc33b30088f941fb6082e555f2874c98e20cb159d7b92b50eadfce793?s=96&d=mm&r=g\",\"caption\":\"ulises\"},\"sameAs\":[\"http:\/\/www.celttv.com.ar\"]}]}<\/script>\n<!-- \/ Yoast SEO plugin. -->","yoast_head_json":{"title":"Los chicos de Automoto estrenar\u00e1n indumentaria en la Copa Tornquist - CELTTV","description":"Sitio web de noticias de la localidad de Tornquist, provincia de Buenos Aires, Rep\u00fablica Argentina. Contenido propio originado por periodistas de CELTTV, el canal de TV local de la Cooperativa El\u00e9ctrica de Tornquist. Turismo, Pol\u00edtica, Sociedad, Deporte, Cultura y todo el contenido de inter\u00e9s general que la gente del pueblo y la regi\u00f3n debe conocer.","robots":{"index":"index","follow":"follow","max-snippet":"max-snippet:-1","max-image-preview":"max-image-preview:large","max-video-preview":"max-video-preview:-1"},"canonical":"https:\/\/www.celttv.com.ar\/index.php\/2021\/02\/22\/los-chicos-de-automoto-estrenaran-indumentaria-en-la-copa-tornquist\/","og_locale":"es_ES","og_type":"article","og_title":"Los chicos de Automoto estrenar\u00e1n indumentaria en la Copa Tornquist - CELTTV","og_description":"Sitio web de noticias de la localidad de Tornquist, provincia de Buenos Aires, Rep\u00fablica Argentina. Contenido propio originado por periodistas de CELTTV, el canal de TV local de la Cooperativa El\u00e9ctrica de Tornquist. Turismo, Pol\u00edtica, Sociedad, Deporte, Cultura y todo el contenido de inter\u00e9s general que la gente del pueblo y la regi\u00f3n debe conocer.","og_url":"https:\/\/www.celttv.com.ar\/index.php\/2021\/02\/22\/los-chicos-de-automoto-estrenaran-indumentaria-en-la-copa-tornquist\/","og_site_name":"CELTTV","article_publisher":"https:\/\/www.facebook.com\/celtTV\/","article_published_time":"2021-02-22T21:19:32+00:00","og_image":[{"width":1229,"height":768,"url":"https:\/\/www.celttv.com.ar\/wp-content\/uploads\/2021\/02\/5TA-2-Medium.jpg","type":"image\/jpeg"}],"author":"ulises","twitter_card":"summary_large_image","twitter_misc":{"Escrito por":"ulises","Tiempo de lectura":"1 minuto"},"schema":{"@context":"https:\/\/schema.org","@graph":[{"@type":"NewsArticle","@id":"https:\/\/www.celttv.com.ar\/index.php\/2021\/02\/22\/los-chicos-de-automoto-estrenaran-indumentaria-en-la-copa-tornquist\/#article","isPartOf":{"@id":"https:\/\/www.celttv.com.ar\/index.php\/2021\/02\/22\/los-chicos-de-automoto-estrenaran-indumentaria-en-la-copa-tornquist\/"},"author":{"name":"ulises","@id":"https:\/\/www.celttv.com.ar\/#\/schema\/person\/6d99c072dba59953809c81446e9d0ace"},"headline":"Los chicos de Automoto estrenar\u00e1n indumentaria en la Copa Tornquist","datePublished":"2021-02-22T21:19:32+00:00","dateModified":"2021-02-22T21:19:32+00:00","mainEntityOfPage":{"@id":"https:\/\/www.celttv.com.ar\/index.php\/2021\/02\/22\/los-chicos-de-automoto-estrenaran-indumentaria-en-la-copa-tornquist\/"},"wordCount":246,"publisher":{"@id":"https:\/\/www.celttv.com.ar\/#organization"},"articleSection":["Celt TV Noticias","Deporte","Deportes","Destacadas"],"inLanguage":"es"},{"@type":"WebPage","@id":"https:\/\/www.celttv.com.ar\/index.php\/2021\/02\/22\/los-chicos-de-automoto-estrenaran-indumentaria-en-la-copa-tornquist\/","url":"https:\/\/www.celttv.com.ar\/index.php\/2021\/02\/22\/los-chicos-de-automoto-estrenaran-indumentaria-en-la-copa-tornquist\/","name":"Los chicos de Automoto estrenar\u00e1n indumentaria en la Copa Tornquist - CELTTV","isPartOf":{"@id":"https:\/\/www.celttv.com.ar\/#website"},"datePublished":"2021-02-22T21:19:32+00:00","dateModified":"2021-02-22T21:19:32+00:00","description":"Sitio web de noticias de la localidad de Tornquist, provincia de Buenos Aires, Rep\u00fablica Argentina. Contenido propio originado por periodistas de CELTTV, el canal de TV local de la Cooperativa El\u00e9ctrica de Tornquist. Turismo, Pol\u00edtica, Sociedad, Deporte, Cultura y todo el contenido de inter\u00e9s general que la gente del pueblo y la regi\u00f3n debe conocer.","breadcrumb":{"@id":"https:\/\/www.celttv.com.ar\/index.php\/2021\/02\/22\/los-chicos-de-automoto-estrenaran-indumentaria-en-la-copa-tornquist\/#breadcrumb"},"inLanguage":"es","potentialAction":[{"@type":"ReadAction","target":["https:\/\/www.celttv.com.ar\/index.php\/2021\/02\/22\/los-chicos-de-automoto-estrenaran-indumentaria-en-la-copa-tornquist\/"]}]},{"@type":"BreadcrumbList","@id":"https:\/\/www.celttv.com.ar\/index.php\/2021\/02\/22\/los-chicos-de-automoto-estrenaran-indumentaria-en-la-copa-tornquist\/#breadcrumb","itemListElement":[{"@type":"ListItem","position":1,"name":"Inicio","item":"https:\/\/www.celttv.com.ar\/"},{"@type":"ListItem","position":2,"name":"Los chicos de Automoto estrenar\u00e1n indumentaria en la Copa Tornquist"}]},{"@type":"WebSite","@id":"https:\/\/www.celttv.com.ar\/#website","url":"https:\/\/www.celttv.com.ar\/","name":"CELTTV","description":"Cooperativa El\u00e9ctrica de Tornquist","publisher":{"@id":"https:\/\/www.celttv.com.ar\/#organization"},"potentialAction":[{"@type":"SearchAction","target":{"@type":"EntryPoint","urlTemplate":"https:\/\/www.celttv.com.ar\/?s={search_term_string}"},"query-input":"required name=search_term_string"}],"inLanguage":"es"},{"@type":"Organization","@id":"https:\/\/www.celttv.com.ar\/#organization","name":"CELTTV","url":"https:\/\/www.celttv.com.ar\/","sameAs":["https:\/\/www.youtube.com\/channel\/UCz_oIt8Hig64Ub-EmcNPIhg","https:\/\/www.facebook.com\/celtTV\/"],"logo":{"@type":"ImageObject","inLanguage":"es","@id":"https:\/\/www.celttv.com.ar\/#\/schema\/logo\/image\/","url":"http:\/\/www.celttv.com.ar\/wp-content\/uploads\/2022\/08\/logo-1.png","contentUrl":"http:\/\/www.celttv.com.ar\/wp-content\/uploads\/2022\/08\/logo-1.png","width":461,"height":159,"caption":"CELTTV"},"image":{"@id":"https:\/\/www.celttv.com.ar\/#\/schema\/logo\/image\/"}},{"@type":"Person","@id":"https:\/\/www.celttv.com.ar\/#\/schema\/person\/6d99c072dba59953809c81446e9d0ace","name":"ulises","image":{"@type":"ImageObject","inLanguage":"es","@id":"https:\/\/www.celttv.com.ar\/#\/schema\/person\/image\/","url":"https:\/\/secure.gravatar.com\/avatar\/7f2c48bdc33b30088f941fb6082e555f2874c98e20cb159d7b92b50eadfce793?s=96&d=mm&r=g","contentUrl":"https:\/\/secure.gravatar.com\/avatar\/7f2c48bdc33b30088f941fb6082e555f2874c98e20cb159d7b92b50eadfce793?s=96&d=mm&r=g","caption":"ulises"},"sameAs":["http:\/\/www.celttv.com.ar"]}]}},"_links":{"self":[{"href":"https:\/\/www.celttv.com.ar\/index.php\/wp-json\/wp\/v2\/posts\/55830","targetHints":{"allow":["GET"]}}],"collection":[{"href":"https:\/\/www.celttv.com.ar\/index.php\/wp-json\/wp\/v2\/posts"}],"about":[{"href":"https:\/\/www.celttv.com.ar\/index.php\/wp-json\/wp\/v2\/types\/post"}],"author":[{"embeddable":true,"href":"https:\/\/www.celttv.com.ar\/index.php\/wp-json\/wp\/v2\/users\/1"}],"replies":[{"embeddable":true,"href":"https:\/\/www.celttv.com.ar\/index.php\/wp-json\/wp\/v2\/comments?post=55830"}],"version-history":[{"count":0,"href":"https:\/\/www.celttv.com.ar\/index.php\/wp-json\/wp\/v2\/posts\/55830\/revisions"}],"wp:featuredmedia":[{"embeddable":true,"href":"https:\/\/www.celttv.com.ar\/index.php\/wp-json\/wp\/v2\/media\/55831"}],"wp:attachment":[{"href":"https:\/\/www.celttv.com.ar\/index.php\/wp-json\/wp\/v2\/media?parent=55830"}],"wp:term":[{"taxonomy":"category","embeddable":true,"href":"https:\/\/www.celttv.com.ar\/index.php\/wp-json\/wp\/v2\/categories?post=55830"},{"taxonomy":"post_tag","embeddable":true,"href":"https:\/\/www.celttv.com.ar\/index.php\/wp-json\/wp\/v2\/tags?post=55830"}],"curies":[{"name":"wp","href":"https:\/\/api.w.org\/{rel}","templated":true}]}}