{"id":55837,"date":"2021-02-23T00:57:26","date_gmt":"2021-02-23T00:57:26","guid":{"rendered":"http:\/\/www.celttv.com.ar\/?p=55837"},"modified":"2021-02-23T00:57:26","modified_gmt":"2021-02-23T00:57:26","slug":"estamos-teniendo-una-temporada-de-visitas-historica-en-el-distrito","status":"publish","type":"post","link":"https:\/\/www.celttv.com.ar\/index.php\/2021\/02\/23\/estamos-teniendo-una-temporada-de-visitas-historica-en-el-distrito\/","title":{"rendered":"&#8220;Estamos teniendo una temporada de visitas hist\u00f3rica en el distrito&#8221;"},"content":{"rendered":"\n<p>\u00a0&#8220;En enero, el porcentaje de alojamiento fue muy grande&#8221; &#8220;Estamos teniendo una temporada hist\u00f3rica de visitas en el partido&#8221;\u00a0 dijo a este medio el Secretario de Turismo del distrito de Tornquist Gustavo Sandobal.<\/p>\n\n\n\n<p>&#8220;Tenemos una ocupaci\u00f3n bastante importante, cosa que en otros a\u00f1os, esto no pasaba&#8221; agreg\u00f3 el funcionario.<\/p>\n\n\n\n<p>&#8220;Se est\u00e1 trabajando muy bien en todos los rubros&#8221; subray\u00f3.<\/p>\n\n\n\n<p>&#8220;Estamos contentos porque la activaci\u00f3n del sector se est\u00e1 viendo de forma r\u00e1pida&#8221;<\/p>\n\n\n\n<p>&#8220;Desde el primero de Diciembre empez\u00e1bamos a notar que \u00edbamos a ser uno de los destinos elegidos en la provincia de Buenos Aires, adem\u00e1s de que se empezaron a generar muchos puestos de trabajo&#8221; se\u00f1al\u00f3 Sandobal<\/p>\n\n\n\n<p>El director de planificaci\u00f3n y desarrollo tur\u00edstico Jerem\u00edas Le\u00f3n se sumaba a la entrevista expresando que &#8220;Desde el primer momento decimos que la temporada est\u00e1 siendo un \u00e9xito a comparaci\u00f3n de otros lugares&#8221;\u00a0<\/p>\n\n\n\n<p>&#8220;Entendemos que esto que est\u00e1 pasando es consecuencia de la pandemia&#8221; dec\u00eda sobre la tendencia del flujo de visitantes.<\/p>\n\n\n\n<p>&#8220;Estamos visualizando en tratar de extender esto. Tenemos un distrito y un entorno de cuatro estaciones, donde podemos trabajar turismo todo el a\u00f1o&#8221; dijo Le\u00f3n.<\/p>\n\n\n\n<p>&#8220;La idea es tratar de trabajar todos juntos, tanto el sector p\u00fablico como privado prepar\u00e1ndose para estar a la altura de las circunstancias para recibir a los visitantes de la mejor manera posible&#8221; subray\u00f3 el joven funcionario.<\/p>\n\n\n\n<figure class=\"wp-block-image size-large\"><img loading=\"lazy\" decoding=\"async\" width=\"1360\" height=\"906\" src=\"http:\/\/www.celttv.com.ar\/wp-content\/uploads\/2021\/02\/turis-copia.jpg\" alt=\"\" class=\"wp-image-55838\" srcset=\"https:\/\/www.celttv.com.ar\/wp-content\/uploads\/2021\/02\/turis-copia.jpg 1360w, https:\/\/www.celttv.com.ar\/wp-content\/uploads\/2021\/02\/turis-copia-300x200.jpg 300w, https:\/\/www.celttv.com.ar\/wp-content\/uploads\/2021\/02\/turis-copia-1024x682.jpg 1024w, https:\/\/www.celttv.com.ar\/wp-content\/uploads\/2021\/02\/turis-copia-768x512.jpg 768w, https:\/\/www.celttv.com.ar\/wp-content\/uploads\/2021\/02\/turis-copia-750x500.jpg 750w, https:\/\/www.celttv.com.ar\/wp-content\/uploads\/2021\/02\/turis-copia-1140x759.jpg 1140w\" sizes=\"auto, (max-width: 1360px) 100vw, 1360px\" \/><\/figure>\n\n\n\n<figure class=\"wp-block-image size-large\"><img loading=\"lazy\" decoding=\"async\" width=\"712\" height=\"436\" src=\"http:\/\/www.celttv.com.ar\/wp-content\/uploads\/2021\/02\/gustavo-sandobal.jpg\" alt=\"\" class=\"wp-image-55839\" srcset=\"https:\/\/www.celttv.com.ar\/wp-content\/uploads\/2021\/02\/gustavo-sandobal.jpg 712w, https:\/\/www.celttv.com.ar\/wp-content\/uploads\/2021\/02\/gustavo-sandobal-300x184.jpg 300w\" sizes=\"auto, (max-width: 712px) 100vw, 712px\" \/><\/figure>\n\n\n\n<figure class=\"wp-block-embed is-type-video is-provider-youtube wp-block-embed-youtube wp-embed-aspect-16-9 wp-has-aspect-ratio\"><div class=\"wp-block-embed__wrapper\">\n<iframe loading=\"lazy\" title=\"2021 02 19 COMUNICACION VIA ZOOM CON GUSTAVO SANDOBAL Y JEREMIAS LEON\" width=\"500\" height=\"281\" src=\"https:\/\/www.youtube.com\/embed\/JQ_gXRf9hT4?feature=oembed\" frameborder=\"0\" allow=\"accelerometer; autoplay; clipboard-write; encrypted-media; gyroscope; picture-in-picture; web-share\" referrerpolicy=\"strict-origin-when-cross-origin\" allowfullscreen><\/iframe>\n<\/div><\/figure>\n\n\n\n<figure class=\"wp-block-embed is-provider-youtube wp-block-embed-youtube\"><div class=\"wp-block-embed__wrapper\">\nhttps:\/\/i.ytimg.com\/an_webp\/JQ_gXRf9hT4\/mqdefault_6s.webp?du=3000&#038;sqp=CL6b0IEG&#038;rs=AOn4CLBVWYjU13bQ18Z_DjVhdlAzuZ5ONg\n<\/div><\/figure>\n","protected":false},"excerpt":{"rendered":"<p>\u00a0&#8220;En enero, el porcentaje de alojamiento fue muy grande&#8221; &#8220;Estamos teniendo una temporada hist\u00f3rica de visitas en el partido&#8221;\u00a0 dijo a este medio el Secretario de Turismo del distrito de Tornquist Gustavo Sandobal. &#8220;Tenemos una ocupaci\u00f3n bastante importante, cosa que en otros a\u00f1os, esto no pasaba&#8221; agreg\u00f3 el funcionario. &#8220;Se est\u00e1 trabajando muy bien en [&hellip;]<\/p>\n","protected":false},"author":1,"featured_media":55838,"comment_status":"closed","ping_status":"open","sticky":false,"template":"","format":"standard","meta":{"footnotes":""},"categories":[52,58],"tags":[],"class_list":["post-55837","post","type-post","status-publish","format-standard","has-post-thumbnail","hentry","category-destacadas","category-turismo"],"yoast_head":"<!-- This site is optimized with the Yoast SEO plugin v19.7.1 - https:\/\/yoast.com\/wordpress\/plugins\/seo\/ -->\n<title>&quot;Estamos teniendo una temporada de visitas hist\u00f3rica en el distrito&quot; - CELTTV<\/title>\n<meta name=\"description\" content=\"Sitio web de noticias de la localidad de Tornquist, provincia de Buenos Aires, Rep\u00fablica Argentina. Contenido propio originado por periodistas de CELTTV, el canal de TV local de la Cooperativa El\u00e9ctrica de Tornquist. Turismo, Pol\u00edtica, Sociedad, Deporte, Cultura y todo el contenido de inter\u00e9s general que la gente del pueblo y la regi\u00f3n debe conocer.\" \/>\n<meta name=\"robots\" content=\"index, follow, max-snippet:-1, max-image-preview:large, max-video-preview:-1\" \/>\n<link rel=\"canonical\" href=\"https:\/\/www.celttv.com.ar\/index.php\/2021\/02\/23\/estamos-teniendo-una-temporada-de-visitas-historica-en-el-distrito\/\" \/>\n<meta property=\"og:locale\" content=\"es_ES\" \/>\n<meta property=\"og:type\" content=\"article\" \/>\n<meta property=\"og:title\" content=\"&quot;Estamos teniendo una temporada de visitas hist\u00f3rica en el distrito&quot; - CELTTV\" \/>\n<meta property=\"og:description\" content=\"Sitio web de noticias de la localidad de Tornquist, provincia de Buenos Aires, Rep\u00fablica Argentina. Contenido propio originado por periodistas de CELTTV, el canal de TV local de la Cooperativa El\u00e9ctrica de Tornquist. Turismo, Pol\u00edtica, Sociedad, Deporte, Cultura y todo el contenido de inter\u00e9s general que la gente del pueblo y la regi\u00f3n debe conocer.\" \/>\n<meta property=\"og:url\" content=\"https:\/\/www.celttv.com.ar\/index.php\/2021\/02\/23\/estamos-teniendo-una-temporada-de-visitas-historica-en-el-distrito\/\" \/>\n<meta property=\"og:site_name\" content=\"CELTTV\" \/>\n<meta property=\"article:publisher\" content=\"https:\/\/www.facebook.com\/celtTV\/\" \/>\n<meta property=\"article:published_time\" content=\"2021-02-23T00:57:26+00:00\" \/>\n<meta property=\"og:image\" content=\"https:\/\/www.celttv.com.ar\/wp-content\/uploads\/2021\/02\/turis-copia.jpg\" \/>\n\t<meta property=\"og:image:width\" content=\"1360\" \/>\n\t<meta property=\"og:image:height\" content=\"906\" \/>\n\t<meta property=\"og:image:type\" content=\"image\/jpeg\" \/>\n<meta name=\"author\" content=\"ulises\" \/>\n<meta name=\"twitter:card\" content=\"summary_large_image\" \/>\n<meta name=\"twitter:label1\" content=\"Escrito por\" \/>\n\t<meta name=\"twitter:data1\" content=\"ulises\" \/>\n\t<meta name=\"twitter:label2\" content=\"Tiempo de lectura\" \/>\n\t<meta name=\"twitter:data2\" content=\"1 minuto\" \/>\n<script type=\"application\/ld+json\" class=\"yoast-schema-graph\">{\"@context\":\"https:\/\/schema.org\",\"@graph\":[{\"@type\":\"NewsArticle\",\"@id\":\"https:\/\/www.celttv.com.ar\/index.php\/2021\/02\/23\/estamos-teniendo-una-temporada-de-visitas-historica-en-el-distrito\/#article\",\"isPartOf\":{\"@id\":\"https:\/\/www.celttv.com.ar\/index.php\/2021\/02\/23\/estamos-teniendo-una-temporada-de-visitas-historica-en-el-distrito\/\"},\"author\":{\"name\":\"ulises\",\"@id\":\"https:\/\/www.celttv.com.ar\/#\/schema\/person\/6d99c072dba59953809c81446e9d0ace\"},\"headline\":\"&#8220;Estamos teniendo una temporada de visitas hist\u00f3rica en el distrito&#8221;\",\"datePublished\":\"2021-02-23T00:57:26+00:00\",\"dateModified\":\"2021-02-23T00:57:26+00:00\",\"mainEntityOfPage\":{\"@id\":\"https:\/\/www.celttv.com.ar\/index.php\/2021\/02\/23\/estamos-teniendo-una-temporada-de-visitas-historica-en-el-distrito\/\"},\"wordCount\":283,\"publisher\":{\"@id\":\"https:\/\/www.celttv.com.ar\/#organization\"},\"articleSection\":[\"Destacadas\",\"Turismo\"],\"inLanguage\":\"es\"},{\"@type\":\"WebPage\",\"@id\":\"https:\/\/www.celttv.com.ar\/index.php\/2021\/02\/23\/estamos-teniendo-una-temporada-de-visitas-historica-en-el-distrito\/\",\"url\":\"https:\/\/www.celttv.com.ar\/index.php\/2021\/02\/23\/estamos-teniendo-una-temporada-de-visitas-historica-en-el-distrito\/\",\"name\":\"\\\"Estamos teniendo una temporada de visitas hist\u00f3rica en el distrito\\\" - CELTTV\",\"isPartOf\":{\"@id\":\"https:\/\/www.celttv.com.ar\/#website\"},\"datePublished\":\"2021-02-23T00:57:26+00:00\",\"dateModified\":\"2021-02-23T00:57:26+00:00\",\"description\":\"Sitio web de noticias de la localidad de Tornquist, provincia de Buenos Aires, Rep\u00fablica Argentina. Contenido propio originado por periodistas de CELTTV, el canal de TV local de la Cooperativa El\u00e9ctrica de Tornquist. Turismo, Pol\u00edtica, Sociedad, Deporte, Cultura y todo el contenido de inter\u00e9s general que la gente del pueblo y la regi\u00f3n debe conocer.\",\"breadcrumb\":{\"@id\":\"https:\/\/www.celttv.com.ar\/index.php\/2021\/02\/23\/estamos-teniendo-una-temporada-de-visitas-historica-en-el-distrito\/#breadcrumb\"},\"inLanguage\":\"es\",\"potentialAction\":[{\"@type\":\"ReadAction\",\"target\":[\"https:\/\/www.celttv.com.ar\/index.php\/2021\/02\/23\/estamos-teniendo-una-temporada-de-visitas-historica-en-el-distrito\/\"]}]},{\"@type\":\"BreadcrumbList\",\"@id\":\"https:\/\/www.celttv.com.ar\/index.php\/2021\/02\/23\/estamos-teniendo-una-temporada-de-visitas-historica-en-el-distrito\/#breadcrumb\",\"itemListElement\":[{\"@type\":\"ListItem\",\"position\":1,\"name\":\"Inicio\",\"item\":\"https:\/\/www.celttv.com.ar\/\"},{\"@type\":\"ListItem\",\"position\":2,\"name\":\"&#8220;Estamos teniendo una temporada de visitas hist\u00f3rica en el distrito&#8221;\"}]},{\"@type\":\"WebSite\",\"@id\":\"https:\/\/www.celttv.com.ar\/#website\",\"url\":\"https:\/\/www.celttv.com.ar\/\",\"name\":\"CELTTV\",\"description\":\"Cooperativa El\u00e9ctrica de Tornquist\",\"publisher\":{\"@id\":\"https:\/\/www.celttv.com.ar\/#organization\"},\"potentialAction\":[{\"@type\":\"SearchAction\",\"target\":{\"@type\":\"EntryPoint\",\"urlTemplate\":\"https:\/\/www.celttv.com.ar\/?s={search_term_string}\"},\"query-input\":\"required name=search_term_string\"}],\"inLanguage\":\"es\"},{\"@type\":\"Organization\",\"@id\":\"https:\/\/www.celttv.com.ar\/#organization\",\"name\":\"CELTTV\",\"url\":\"https:\/\/www.celttv.com.ar\/\",\"sameAs\":[\"https:\/\/www.youtube.com\/channel\/UCz_oIt8Hig64Ub-EmcNPIhg\",\"https:\/\/www.facebook.com\/celtTV\/\"],\"logo\":{\"@type\":\"ImageObject\",\"inLanguage\":\"es\",\"@id\":\"https:\/\/www.celttv.com.ar\/#\/schema\/logo\/image\/\",\"url\":\"http:\/\/www.celttv.com.ar\/wp-content\/uploads\/2022\/08\/logo-1.png\",\"contentUrl\":\"http:\/\/www.celttv.com.ar\/wp-content\/uploads\/2022\/08\/logo-1.png\",\"width\":461,\"height\":159,\"caption\":\"CELTTV\"},\"image\":{\"@id\":\"https:\/\/www.celttv.com.ar\/#\/schema\/logo\/image\/\"}},{\"@type\":\"Person\",\"@id\":\"https:\/\/www.celttv.com.ar\/#\/schema\/person\/6d99c072dba59953809c81446e9d0ace\",\"name\":\"ulises\",\"image\":{\"@type\":\"ImageObject\",\"inLanguage\":\"es\",\"@id\":\"https:\/\/www.celttv.com.ar\/#\/schema\/person\/image\/\",\"url\":\"https:\/\/secure.gravatar.com\/avatar\/7f2c48bdc33b30088f941fb6082e555f2874c98e20cb159d7b92b50eadfce793?s=96&d=mm&r=g\",\"contentUrl\":\"https:\/\/secure.gravatar.com\/avatar\/7f2c48bdc33b30088f941fb6082e555f2874c98e20cb159d7b92b50eadfce793?s=96&d=mm&r=g\",\"caption\":\"ulises\"},\"sameAs\":[\"http:\/\/www.celttv.com.ar\"]}]}<\/script>\n<!-- \/ Yoast SEO plugin. -->","yoast_head_json":{"title":"\"Estamos teniendo una temporada de visitas hist\u00f3rica en el distrito\" - CELTTV","description":"Sitio web de noticias de la localidad de Tornquist, provincia de Buenos Aires, Rep\u00fablica Argentina. Contenido propio originado por periodistas de CELTTV, el canal de TV local de la Cooperativa El\u00e9ctrica de Tornquist. Turismo, Pol\u00edtica, Sociedad, Deporte, Cultura y todo el contenido de inter\u00e9s general que la gente del pueblo y la regi\u00f3n debe conocer.","robots":{"index":"index","follow":"follow","max-snippet":"max-snippet:-1","max-image-preview":"max-image-preview:large","max-video-preview":"max-video-preview:-1"},"canonical":"https:\/\/www.celttv.com.ar\/index.php\/2021\/02\/23\/estamos-teniendo-una-temporada-de-visitas-historica-en-el-distrito\/","og_locale":"es_ES","og_type":"article","og_title":"\"Estamos teniendo una temporada de visitas hist\u00f3rica en el distrito\" - CELTTV","og_description":"Sitio web de noticias de la localidad de Tornquist, provincia de Buenos Aires, Rep\u00fablica Argentina. Contenido propio originado por periodistas de CELTTV, el canal de TV local de la Cooperativa El\u00e9ctrica de Tornquist. Turismo, Pol\u00edtica, Sociedad, Deporte, Cultura y todo el contenido de inter\u00e9s general que la gente del pueblo y la regi\u00f3n debe conocer.","og_url":"https:\/\/www.celttv.com.ar\/index.php\/2021\/02\/23\/estamos-teniendo-una-temporada-de-visitas-historica-en-el-distrito\/","og_site_name":"CELTTV","article_publisher":"https:\/\/www.facebook.com\/celtTV\/","article_published_time":"2021-02-23T00:57:26+00:00","og_image":[{"width":1360,"height":906,"url":"https:\/\/www.celttv.com.ar\/wp-content\/uploads\/2021\/02\/turis-copia.jpg","type":"image\/jpeg"}],"author":"ulises","twitter_card":"summary_large_image","twitter_misc":{"Escrito por":"ulises","Tiempo de lectura":"1 minuto"},"schema":{"@context":"https:\/\/schema.org","@graph":[{"@type":"NewsArticle","@id":"https:\/\/www.celttv.com.ar\/index.php\/2021\/02\/23\/estamos-teniendo-una-temporada-de-visitas-historica-en-el-distrito\/#article","isPartOf":{"@id":"https:\/\/www.celttv.com.ar\/index.php\/2021\/02\/23\/estamos-teniendo-una-temporada-de-visitas-historica-en-el-distrito\/"},"author":{"name":"ulises","@id":"https:\/\/www.celttv.com.ar\/#\/schema\/person\/6d99c072dba59953809c81446e9d0ace"},"headline":"&#8220;Estamos teniendo una temporada de visitas hist\u00f3rica en el distrito&#8221;","datePublished":"2021-02-23T00:57:26+00:00","dateModified":"2021-02-23T00:57:26+00:00","mainEntityOfPage":{"@id":"https:\/\/www.celttv.com.ar\/index.php\/2021\/02\/23\/estamos-teniendo-una-temporada-de-visitas-historica-en-el-distrito\/"},"wordCount":283,"publisher":{"@id":"https:\/\/www.celttv.com.ar\/#organization"},"articleSection":["Destacadas","Turismo"],"inLanguage":"es"},{"@type":"WebPage","@id":"https:\/\/www.celttv.com.ar\/index.php\/2021\/02\/23\/estamos-teniendo-una-temporada-de-visitas-historica-en-el-distrito\/","url":"https:\/\/www.celttv.com.ar\/index.php\/2021\/02\/23\/estamos-teniendo-una-temporada-de-visitas-historica-en-el-distrito\/","name":"\"Estamos teniendo una temporada de visitas hist\u00f3rica en el distrito\" - CELTTV","isPartOf":{"@id":"https:\/\/www.celttv.com.ar\/#website"},"datePublished":"2021-02-23T00:57:26+00:00","dateModified":"2021-02-23T00:57:26+00:00","description":"Sitio web de noticias de la localidad de Tornquist, provincia de Buenos Aires, Rep\u00fablica Argentina. Contenido propio originado por periodistas de CELTTV, el canal de TV local de la Cooperativa El\u00e9ctrica de Tornquist. Turismo, Pol\u00edtica, Sociedad, Deporte, Cultura y todo el contenido de inter\u00e9s general que la gente del pueblo y la regi\u00f3n debe conocer.","breadcrumb":{"@id":"https:\/\/www.celttv.com.ar\/index.php\/2021\/02\/23\/estamos-teniendo-una-temporada-de-visitas-historica-en-el-distrito\/#breadcrumb"},"inLanguage":"es","potentialAction":[{"@type":"ReadAction","target":["https:\/\/www.celttv.com.ar\/index.php\/2021\/02\/23\/estamos-teniendo-una-temporada-de-visitas-historica-en-el-distrito\/"]}]},{"@type":"BreadcrumbList","@id":"https:\/\/www.celttv.com.ar\/index.php\/2021\/02\/23\/estamos-teniendo-una-temporada-de-visitas-historica-en-el-distrito\/#breadcrumb","itemListElement":[{"@type":"ListItem","position":1,"name":"Inicio","item":"https:\/\/www.celttv.com.ar\/"},{"@type":"ListItem","position":2,"name":"&#8220;Estamos teniendo una temporada de visitas hist\u00f3rica en el distrito&#8221;"}]},{"@type":"WebSite","@id":"https:\/\/www.celttv.com.ar\/#website","url":"https:\/\/www.celttv.com.ar\/","name":"CELTTV","description":"Cooperativa El\u00e9ctrica de Tornquist","publisher":{"@id":"https:\/\/www.celttv.com.ar\/#organization"},"potentialAction":[{"@type":"SearchAction","target":{"@type":"EntryPoint","urlTemplate":"https:\/\/www.celttv.com.ar\/?s={search_term_string}"},"query-input":"required name=search_term_string"}],"inLanguage":"es"},{"@type":"Organization","@id":"https:\/\/www.celttv.com.ar\/#organization","name":"CELTTV","url":"https:\/\/www.celttv.com.ar\/","sameAs":["https:\/\/www.youtube.com\/channel\/UCz_oIt8Hig64Ub-EmcNPIhg","https:\/\/www.facebook.com\/celtTV\/"],"logo":{"@type":"ImageObject","inLanguage":"es","@id":"https:\/\/www.celttv.com.ar\/#\/schema\/logo\/image\/","url":"http:\/\/www.celttv.com.ar\/wp-content\/uploads\/2022\/08\/logo-1.png","contentUrl":"http:\/\/www.celttv.com.ar\/wp-content\/uploads\/2022\/08\/logo-1.png","width":461,"height":159,"caption":"CELTTV"},"image":{"@id":"https:\/\/www.celttv.com.ar\/#\/schema\/logo\/image\/"}},{"@type":"Person","@id":"https:\/\/www.celttv.com.ar\/#\/schema\/person\/6d99c072dba59953809c81446e9d0ace","name":"ulises","image":{"@type":"ImageObject","inLanguage":"es","@id":"https:\/\/www.celttv.com.ar\/#\/schema\/person\/image\/","url":"https:\/\/secure.gravatar.com\/avatar\/7f2c48bdc33b30088f941fb6082e555f2874c98e20cb159d7b92b50eadfce793?s=96&d=mm&r=g","contentUrl":"https:\/\/secure.gravatar.com\/avatar\/7f2c48bdc33b30088f941fb6082e555f2874c98e20cb159d7b92b50eadfce793?s=96&d=mm&r=g","caption":"ulises"},"sameAs":["http:\/\/www.celttv.com.ar"]}]}},"_links":{"self":[{"href":"https:\/\/www.celttv.com.ar\/index.php\/wp-json\/wp\/v2\/posts\/55837","targetHints":{"allow":["GET"]}}],"collection":[{"href":"https:\/\/www.celttv.com.ar\/index.php\/wp-json\/wp\/v2\/posts"}],"about":[{"href":"https:\/\/www.celttv.com.ar\/index.php\/wp-json\/wp\/v2\/types\/post"}],"author":[{"embeddable":true,"href":"https:\/\/www.celttv.com.ar\/index.php\/wp-json\/wp\/v2\/users\/1"}],"replies":[{"embeddable":true,"href":"https:\/\/www.celttv.com.ar\/index.php\/wp-json\/wp\/v2\/comments?post=55837"}],"version-history":[{"count":0,"href":"https:\/\/www.celttv.com.ar\/index.php\/wp-json\/wp\/v2\/posts\/55837\/revisions"}],"wp:featuredmedia":[{"embeddable":true,"href":"https:\/\/www.celttv.com.ar\/index.php\/wp-json\/wp\/v2\/media\/55838"}],"wp:attachment":[{"href":"https:\/\/www.celttv.com.ar\/index.php\/wp-json\/wp\/v2\/media?parent=55837"}],"wp:term":[{"taxonomy":"category","embeddable":true,"href":"https:\/\/www.celttv.com.ar\/index.php\/wp-json\/wp\/v2\/categories?post=55837"},{"taxonomy":"post_tag","embeddable":true,"href":"https:\/\/www.celttv.com.ar\/index.php\/wp-json\/wp\/v2\/tags?post=55837"}],"curies":[{"name":"wp","href":"https:\/\/api.w.org\/{rel}","templated":true}]}}