{"id":55983,"date":"2021-02-27T01:55:20","date_gmt":"2021-02-27T01:55:20","guid":{"rendered":"http:\/\/www.celttv.com.ar\/?p=55983"},"modified":"2021-02-27T01:55:20","modified_gmt":"2021-02-27T01:55:20","slug":"irina-chesnevar-como-sera-el-regreso-a-las-aulas-a-partir-del-lunes","status":"publish","type":"post","link":"https:\/\/www.celttv.com.ar\/index.php\/2021\/02\/27\/irina-chesnevar-como-sera-el-regreso-a-las-aulas-a-partir-del-lunes\/","title":{"rendered":"Irina Ches\u00f1evar: \u00bfC\u00f3mo ser\u00e1 el regreso a las aulas a partir del lunes?"},"content":{"rendered":"\n<p>La Inspectora Jefe Distrital profesora Irina Ches\u00f1evar dialog\u00f3, v\u00eda zoom, con CELTV Noticias y dio detalles sobre el comienzo del ciclo lectivo 2021 y los protocolos a cumplir en lo que ser\u00e1 el regreso a las aulas en esta nueva normalidad.<\/p>\n\n\n\n<p>&#8220;Para la pr\u00f3xima semana se prev\u00e9 el comienzo de actividades para nivel inicial y primario. Estamos programando un regreso a la presencialidad cuidado, donde lo que se prioriza sigue siendo la salud&#8221; sostuvo la titular de educaci\u00f3n del distrito de Tornquist.<\/p>\n\n\n\n<p>&#8220;Estamos movi\u00e9ndonos bajo un marco normativo emitido por la provincia.Buscamos un regreso escalonado y gradual a las aulas&#8221;<\/p>\n\n\n\n<p>&#8220;Con cada servicio educativo se est\u00e1n realizando reuniones para organizar c\u00f3mo va a ser la presencialidad y qu\u00e9 elementos tienen que llevar adem\u00e1s de la manera en que van a ir accediendo al edificio y c\u00f3mo se van a retirar&#8221;<\/p>\n\n\n\n<p>&#8220;Cada chico tiene que asistir con su declaraci\u00f3n jurada firmada&#8221; destac\u00f3 la docente.<\/p>\n\n\n\n<p>&#8220;El tiempo de permanencia en las aulas seg\u00fan el plan jurisdiccional es de 4 horas como m\u00e1ximo&#8221;&nbsp;<\/p>\n\n\n\n<p>&#8220;En el caso de surgir alguna situaci\u00f3n, habr\u00e1 un lugar previsto para aislar por prevenci\u00f3n a aquellos alumnos que presenten alg\u00fan tipo de s\u00edntoma&#8221;<\/p>\n\n\n\n<p>&#8220;El resto del protocolo pasa a depender de salud&#8221; recalc\u00f3 Irina.<\/p>\n\n\n\n<p>&#8220;Cada lugar de la escuela que pudiera entra\u00f1ar un espacio de contagio fue ordenado para que se cuide a la poblaci\u00f3n del sistema educativo&#8221;<\/p>\n\n\n\n<p>En cuanto a la situaci\u00f3n gremial de los docentes.<\/p>\n\n\n\n<p>&#8220;Con las entidades gremiales el trabajo es constantemente conjunto, adem\u00e1s de proteger los derechos laborales tambi\u00e9n se encargan del cuidado de la salud a trav\u00e9s de la comisi\u00f3n mixta&#8221; subray\u00f3 Ches\u00f1evar<\/p>\n\n\n\n<p><strong>NOTA COMPLETA EN VIDEO DE CELT TV NOTICIAS<\/strong><\/p>\n\n\n\n<figure class=\"wp-block-embed is-type-video is-provider-youtube wp-block-embed-youtube wp-embed-aspect-16-9 wp-has-aspect-ratio\"><div class=\"wp-block-embed__wrapper\">\n<div class=\"jeg_video_container jeg_video_content\"><iframe loading=\"lazy\" title=\"2021 02 26 IRINA CHES\u00d1EVAR VIA ZOOM   COMIENZO DEL CICLO LECTIVO 2021\" width=\"500\" height=\"281\" src=\"https:\/\/www.youtube.com\/embed\/Io_USUN451Y?feature=oembed\" frameborder=\"0\" allow=\"accelerometer; autoplay; clipboard-write; encrypted-media; gyroscope; picture-in-picture; web-share\" referrerpolicy=\"strict-origin-when-cross-origin\" allowfullscreen><\/iframe><\/div>\n<\/div><\/figure>\n","protected":false},"excerpt":{"rendered":"<p>La Inspectora Jefe Distrital profesora Irina Ches\u00f1evar dialog\u00f3, v\u00eda zoom, con CELTV Noticias y dio detalles sobre el comienzo del ciclo lectivo 2021 y los protocolos a cumplir en lo que ser\u00e1 el regreso a las aulas en esta nueva normalidad. &#8220;Para la pr\u00f3xima semana se prev\u00e9 el comienzo de actividades para nivel inicial y [&hellip;]<\/p>\n","protected":false},"author":1,"featured_media":55984,"comment_status":"closed","ping_status":"open","sticky":false,"template":"","format":"standard","meta":{"footnotes":""},"categories":[51,52],"tags":[],"class_list":["post-55983","post","type-post","status-publish","format-standard","has-post-thumbnail","hentry","category-comunidad","category-destacadas"],"yoast_head":"<!-- This site is optimized with the Yoast SEO plugin v19.7.1 - https:\/\/yoast.com\/wordpress\/plugins\/seo\/ -->\n<title>Irina Ches\u00f1evar: \u00bfC\u00f3mo ser\u00e1 el regreso a las aulas a partir del lunes? - CELTTV<\/title>\n<meta name=\"description\" content=\"Sitio web de noticias de la localidad de Tornquist, provincia de Buenos Aires, Rep\u00fablica Argentina. Contenido propio originado por periodistas de CELTTV, el canal de TV local de la Cooperativa El\u00e9ctrica de Tornquist. Turismo, Pol\u00edtica, Sociedad, Deporte, Cultura y todo el contenido de inter\u00e9s general que la gente del pueblo y la regi\u00f3n debe conocer.\" \/>\n<meta name=\"robots\" content=\"index, follow, max-snippet:-1, max-image-preview:large, max-video-preview:-1\" \/>\n<link rel=\"canonical\" href=\"https:\/\/www.celttv.com.ar\/index.php\/2021\/02\/27\/irina-chesnevar-como-sera-el-regreso-a-las-aulas-a-partir-del-lunes\/\" \/>\n<meta property=\"og:locale\" content=\"es_ES\" \/>\n<meta property=\"og:type\" content=\"article\" \/>\n<meta property=\"og:title\" content=\"Irina Ches\u00f1evar: \u00bfC\u00f3mo ser\u00e1 el regreso a las aulas a partir del lunes? - CELTTV\" \/>\n<meta property=\"og:description\" content=\"Sitio web de noticias de la localidad de Tornquist, provincia de Buenos Aires, Rep\u00fablica Argentina. Contenido propio originado por periodistas de CELTTV, el canal de TV local de la Cooperativa El\u00e9ctrica de Tornquist. Turismo, Pol\u00edtica, Sociedad, Deporte, Cultura y todo el contenido de inter\u00e9s general que la gente del pueblo y la regi\u00f3n debe conocer.\" \/>\n<meta property=\"og:url\" content=\"https:\/\/www.celttv.com.ar\/index.php\/2021\/02\/27\/irina-chesnevar-como-sera-el-regreso-a-las-aulas-a-partir-del-lunes\/\" \/>\n<meta property=\"og:site_name\" content=\"CELTTV\" \/>\n<meta property=\"article:publisher\" content=\"https:\/\/www.facebook.com\/celtTV\/\" \/>\n<meta property=\"article:published_time\" content=\"2021-02-27T01:55:20+00:00\" \/>\n<meta property=\"og:image\" content=\"https:\/\/www.celttv.com.ar\/wp-content\/uploads\/2021\/02\/irina-chesnevar.jpg\" \/>\n\t<meta property=\"og:image:width\" content=\"745\" \/>\n\t<meta property=\"og:image:height\" content=\"450\" \/>\n\t<meta property=\"og:image:type\" content=\"image\/jpeg\" \/>\n<meta name=\"author\" content=\"ulises\" \/>\n<meta name=\"twitter:card\" content=\"summary_large_image\" \/>\n<meta name=\"twitter:label1\" content=\"Escrito por\" \/>\n\t<meta name=\"twitter:data1\" content=\"ulises\" \/>\n\t<meta name=\"twitter:label2\" content=\"Tiempo de lectura\" \/>\n\t<meta name=\"twitter:data2\" content=\"2 minutos\" \/>\n<script type=\"application\/ld+json\" class=\"yoast-schema-graph\">{\"@context\":\"https:\/\/schema.org\",\"@graph\":[{\"@type\":\"NewsArticle\",\"@id\":\"https:\/\/www.celttv.com.ar\/index.php\/2021\/02\/27\/irina-chesnevar-como-sera-el-regreso-a-las-aulas-a-partir-del-lunes\/#article\",\"isPartOf\":{\"@id\":\"https:\/\/www.celttv.com.ar\/index.php\/2021\/02\/27\/irina-chesnevar-como-sera-el-regreso-a-las-aulas-a-partir-del-lunes\/\"},\"author\":{\"name\":\"ulises\",\"@id\":\"https:\/\/www.celttv.com.ar\/#\/schema\/person\/6d99c072dba59953809c81446e9d0ace\"},\"headline\":\"Irina Ches\u00f1evar: \u00bfC\u00f3mo ser\u00e1 el regreso a las aulas a partir del lunes?\",\"datePublished\":\"2021-02-27T01:55:20+00:00\",\"dateModified\":\"2021-02-27T01:55:20+00:00\",\"mainEntityOfPage\":{\"@id\":\"https:\/\/www.celttv.com.ar\/index.php\/2021\/02\/27\/irina-chesnevar-como-sera-el-regreso-a-las-aulas-a-partir-del-lunes\/\"},\"wordCount\":325,\"publisher\":{\"@id\":\"https:\/\/www.celttv.com.ar\/#organization\"},\"articleSection\":[\"Comunidad\",\"Destacadas\"],\"inLanguage\":\"es\"},{\"@type\":\"WebPage\",\"@id\":\"https:\/\/www.celttv.com.ar\/index.php\/2021\/02\/27\/irina-chesnevar-como-sera-el-regreso-a-las-aulas-a-partir-del-lunes\/\",\"url\":\"https:\/\/www.celttv.com.ar\/index.php\/2021\/02\/27\/irina-chesnevar-como-sera-el-regreso-a-las-aulas-a-partir-del-lunes\/\",\"name\":\"Irina Ches\u00f1evar: \u00bfC\u00f3mo ser\u00e1 el regreso a las aulas a partir del lunes? - CELTTV\",\"isPartOf\":{\"@id\":\"https:\/\/www.celttv.com.ar\/#website\"},\"datePublished\":\"2021-02-27T01:55:20+00:00\",\"dateModified\":\"2021-02-27T01:55:20+00:00\",\"description\":\"Sitio web de noticias de la localidad de Tornquist, provincia de Buenos Aires, Rep\u00fablica Argentina. Contenido propio originado por periodistas de CELTTV, el canal de TV local de la Cooperativa El\u00e9ctrica de Tornquist. Turismo, Pol\u00edtica, Sociedad, Deporte, Cultura y todo el contenido de inter\u00e9s general que la gente del pueblo y la regi\u00f3n debe conocer.\",\"breadcrumb\":{\"@id\":\"https:\/\/www.celttv.com.ar\/index.php\/2021\/02\/27\/irina-chesnevar-como-sera-el-regreso-a-las-aulas-a-partir-del-lunes\/#breadcrumb\"},\"inLanguage\":\"es\",\"potentialAction\":[{\"@type\":\"ReadAction\",\"target\":[\"https:\/\/www.celttv.com.ar\/index.php\/2021\/02\/27\/irina-chesnevar-como-sera-el-regreso-a-las-aulas-a-partir-del-lunes\/\"]}]},{\"@type\":\"BreadcrumbList\",\"@id\":\"https:\/\/www.celttv.com.ar\/index.php\/2021\/02\/27\/irina-chesnevar-como-sera-el-regreso-a-las-aulas-a-partir-del-lunes\/#breadcrumb\",\"itemListElement\":[{\"@type\":\"ListItem\",\"position\":1,\"name\":\"Inicio\",\"item\":\"https:\/\/www.celttv.com.ar\/\"},{\"@type\":\"ListItem\",\"position\":2,\"name\":\"Irina Ches\u00f1evar: \u00bfC\u00f3mo ser\u00e1 el regreso a las aulas a partir del lunes?\"}]},{\"@type\":\"WebSite\",\"@id\":\"https:\/\/www.celttv.com.ar\/#website\",\"url\":\"https:\/\/www.celttv.com.ar\/\",\"name\":\"CELTTV\",\"description\":\"Cooperativa El\u00e9ctrica de Tornquist\",\"publisher\":{\"@id\":\"https:\/\/www.celttv.com.ar\/#organization\"},\"potentialAction\":[{\"@type\":\"SearchAction\",\"target\":{\"@type\":\"EntryPoint\",\"urlTemplate\":\"https:\/\/www.celttv.com.ar\/?s={search_term_string}\"},\"query-input\":\"required name=search_term_string\"}],\"inLanguage\":\"es\"},{\"@type\":\"Organization\",\"@id\":\"https:\/\/www.celttv.com.ar\/#organization\",\"name\":\"CELTTV\",\"url\":\"https:\/\/www.celttv.com.ar\/\",\"sameAs\":[\"https:\/\/www.youtube.com\/channel\/UCz_oIt8Hig64Ub-EmcNPIhg\",\"https:\/\/www.facebook.com\/celtTV\/\"],\"logo\":{\"@type\":\"ImageObject\",\"inLanguage\":\"es\",\"@id\":\"https:\/\/www.celttv.com.ar\/#\/schema\/logo\/image\/\",\"url\":\"http:\/\/www.celttv.com.ar\/wp-content\/uploads\/2022\/08\/logo-1.png\",\"contentUrl\":\"http:\/\/www.celttv.com.ar\/wp-content\/uploads\/2022\/08\/logo-1.png\",\"width\":461,\"height\":159,\"caption\":\"CELTTV\"},\"image\":{\"@id\":\"https:\/\/www.celttv.com.ar\/#\/schema\/logo\/image\/\"}},{\"@type\":\"Person\",\"@id\":\"https:\/\/www.celttv.com.ar\/#\/schema\/person\/6d99c072dba59953809c81446e9d0ace\",\"name\":\"ulises\",\"image\":{\"@type\":\"ImageObject\",\"inLanguage\":\"es\",\"@id\":\"https:\/\/www.celttv.com.ar\/#\/schema\/person\/image\/\",\"url\":\"https:\/\/secure.gravatar.com\/avatar\/7f2c48bdc33b30088f941fb6082e555f2874c98e20cb159d7b92b50eadfce793?s=96&d=mm&r=g\",\"contentUrl\":\"https:\/\/secure.gravatar.com\/avatar\/7f2c48bdc33b30088f941fb6082e555f2874c98e20cb159d7b92b50eadfce793?s=96&d=mm&r=g\",\"caption\":\"ulises\"},\"sameAs\":[\"http:\/\/www.celttv.com.ar\"]}]}<\/script>\n<!-- \/ Yoast SEO plugin. -->","yoast_head_json":{"title":"Irina Ches\u00f1evar: \u00bfC\u00f3mo ser\u00e1 el regreso a las aulas a partir del lunes? - CELTTV","description":"Sitio web de noticias de la localidad de Tornquist, provincia de Buenos Aires, Rep\u00fablica Argentina. Contenido propio originado por periodistas de CELTTV, el canal de TV local de la Cooperativa El\u00e9ctrica de Tornquist. Turismo, Pol\u00edtica, Sociedad, Deporte, Cultura y todo el contenido de inter\u00e9s general que la gente del pueblo y la regi\u00f3n debe conocer.","robots":{"index":"index","follow":"follow","max-snippet":"max-snippet:-1","max-image-preview":"max-image-preview:large","max-video-preview":"max-video-preview:-1"},"canonical":"https:\/\/www.celttv.com.ar\/index.php\/2021\/02\/27\/irina-chesnevar-como-sera-el-regreso-a-las-aulas-a-partir-del-lunes\/","og_locale":"es_ES","og_type":"article","og_title":"Irina Ches\u00f1evar: \u00bfC\u00f3mo ser\u00e1 el regreso a las aulas a partir del lunes? - CELTTV","og_description":"Sitio web de noticias de la localidad de Tornquist, provincia de Buenos Aires, Rep\u00fablica Argentina. Contenido propio originado por periodistas de CELTTV, el canal de TV local de la Cooperativa El\u00e9ctrica de Tornquist. Turismo, Pol\u00edtica, Sociedad, Deporte, Cultura y todo el contenido de inter\u00e9s general que la gente del pueblo y la regi\u00f3n debe conocer.","og_url":"https:\/\/www.celttv.com.ar\/index.php\/2021\/02\/27\/irina-chesnevar-como-sera-el-regreso-a-las-aulas-a-partir-del-lunes\/","og_site_name":"CELTTV","article_publisher":"https:\/\/www.facebook.com\/celtTV\/","article_published_time":"2021-02-27T01:55:20+00:00","og_image":[{"width":745,"height":450,"url":"https:\/\/www.celttv.com.ar\/wp-content\/uploads\/2021\/02\/irina-chesnevar.jpg","type":"image\/jpeg"}],"author":"ulises","twitter_card":"summary_large_image","twitter_misc":{"Escrito por":"ulises","Tiempo de lectura":"2 minutos"},"schema":{"@context":"https:\/\/schema.org","@graph":[{"@type":"NewsArticle","@id":"https:\/\/www.celttv.com.ar\/index.php\/2021\/02\/27\/irina-chesnevar-como-sera-el-regreso-a-las-aulas-a-partir-del-lunes\/#article","isPartOf":{"@id":"https:\/\/www.celttv.com.ar\/index.php\/2021\/02\/27\/irina-chesnevar-como-sera-el-regreso-a-las-aulas-a-partir-del-lunes\/"},"author":{"name":"ulises","@id":"https:\/\/www.celttv.com.ar\/#\/schema\/person\/6d99c072dba59953809c81446e9d0ace"},"headline":"Irina Ches\u00f1evar: \u00bfC\u00f3mo ser\u00e1 el regreso a las aulas a partir del lunes?","datePublished":"2021-02-27T01:55:20+00:00","dateModified":"2021-02-27T01:55:20+00:00","mainEntityOfPage":{"@id":"https:\/\/www.celttv.com.ar\/index.php\/2021\/02\/27\/irina-chesnevar-como-sera-el-regreso-a-las-aulas-a-partir-del-lunes\/"},"wordCount":325,"publisher":{"@id":"https:\/\/www.celttv.com.ar\/#organization"},"articleSection":["Comunidad","Destacadas"],"inLanguage":"es"},{"@type":"WebPage","@id":"https:\/\/www.celttv.com.ar\/index.php\/2021\/02\/27\/irina-chesnevar-como-sera-el-regreso-a-las-aulas-a-partir-del-lunes\/","url":"https:\/\/www.celttv.com.ar\/index.php\/2021\/02\/27\/irina-chesnevar-como-sera-el-regreso-a-las-aulas-a-partir-del-lunes\/","name":"Irina Ches\u00f1evar: \u00bfC\u00f3mo ser\u00e1 el regreso a las aulas a partir del lunes? - CELTTV","isPartOf":{"@id":"https:\/\/www.celttv.com.ar\/#website"},"datePublished":"2021-02-27T01:55:20+00:00","dateModified":"2021-02-27T01:55:20+00:00","description":"Sitio web de noticias de la localidad de Tornquist, provincia de Buenos Aires, Rep\u00fablica Argentina. Contenido propio originado por periodistas de CELTTV, el canal de TV local de la Cooperativa El\u00e9ctrica de Tornquist. Turismo, Pol\u00edtica, Sociedad, Deporte, Cultura y todo el contenido de inter\u00e9s general que la gente del pueblo y la regi\u00f3n debe conocer.","breadcrumb":{"@id":"https:\/\/www.celttv.com.ar\/index.php\/2021\/02\/27\/irina-chesnevar-como-sera-el-regreso-a-las-aulas-a-partir-del-lunes\/#breadcrumb"},"inLanguage":"es","potentialAction":[{"@type":"ReadAction","target":["https:\/\/www.celttv.com.ar\/index.php\/2021\/02\/27\/irina-chesnevar-como-sera-el-regreso-a-las-aulas-a-partir-del-lunes\/"]}]},{"@type":"BreadcrumbList","@id":"https:\/\/www.celttv.com.ar\/index.php\/2021\/02\/27\/irina-chesnevar-como-sera-el-regreso-a-las-aulas-a-partir-del-lunes\/#breadcrumb","itemListElement":[{"@type":"ListItem","position":1,"name":"Inicio","item":"https:\/\/www.celttv.com.ar\/"},{"@type":"ListItem","position":2,"name":"Irina Ches\u00f1evar: \u00bfC\u00f3mo ser\u00e1 el regreso a las aulas a partir del lunes?"}]},{"@type":"WebSite","@id":"https:\/\/www.celttv.com.ar\/#website","url":"https:\/\/www.celttv.com.ar\/","name":"CELTTV","description":"Cooperativa El\u00e9ctrica de Tornquist","publisher":{"@id":"https:\/\/www.celttv.com.ar\/#organization"},"potentialAction":[{"@type":"SearchAction","target":{"@type":"EntryPoint","urlTemplate":"https:\/\/www.celttv.com.ar\/?s={search_term_string}"},"query-input":"required name=search_term_string"}],"inLanguage":"es"},{"@type":"Organization","@id":"https:\/\/www.celttv.com.ar\/#organization","name":"CELTTV","url":"https:\/\/www.celttv.com.ar\/","sameAs":["https:\/\/www.youtube.com\/channel\/UCz_oIt8Hig64Ub-EmcNPIhg","https:\/\/www.facebook.com\/celtTV\/"],"logo":{"@type":"ImageObject","inLanguage":"es","@id":"https:\/\/www.celttv.com.ar\/#\/schema\/logo\/image\/","url":"http:\/\/www.celttv.com.ar\/wp-content\/uploads\/2022\/08\/logo-1.png","contentUrl":"http:\/\/www.celttv.com.ar\/wp-content\/uploads\/2022\/08\/logo-1.png","width":461,"height":159,"caption":"CELTTV"},"image":{"@id":"https:\/\/www.celttv.com.ar\/#\/schema\/logo\/image\/"}},{"@type":"Person","@id":"https:\/\/www.celttv.com.ar\/#\/schema\/person\/6d99c072dba59953809c81446e9d0ace","name":"ulises","image":{"@type":"ImageObject","inLanguage":"es","@id":"https:\/\/www.celttv.com.ar\/#\/schema\/person\/image\/","url":"https:\/\/secure.gravatar.com\/avatar\/7f2c48bdc33b30088f941fb6082e555f2874c98e20cb159d7b92b50eadfce793?s=96&d=mm&r=g","contentUrl":"https:\/\/secure.gravatar.com\/avatar\/7f2c48bdc33b30088f941fb6082e555f2874c98e20cb159d7b92b50eadfce793?s=96&d=mm&r=g","caption":"ulises"},"sameAs":["http:\/\/www.celttv.com.ar"]}]}},"_links":{"self":[{"href":"https:\/\/www.celttv.com.ar\/index.php\/wp-json\/wp\/v2\/posts\/55983","targetHints":{"allow":["GET"]}}],"collection":[{"href":"https:\/\/www.celttv.com.ar\/index.php\/wp-json\/wp\/v2\/posts"}],"about":[{"href":"https:\/\/www.celttv.com.ar\/index.php\/wp-json\/wp\/v2\/types\/post"}],"author":[{"embeddable":true,"href":"https:\/\/www.celttv.com.ar\/index.php\/wp-json\/wp\/v2\/users\/1"}],"replies":[{"embeddable":true,"href":"https:\/\/www.celttv.com.ar\/index.php\/wp-json\/wp\/v2\/comments?post=55983"}],"version-history":[{"count":0,"href":"https:\/\/www.celttv.com.ar\/index.php\/wp-json\/wp\/v2\/posts\/55983\/revisions"}],"wp:featuredmedia":[{"embeddable":true,"href":"https:\/\/www.celttv.com.ar\/index.php\/wp-json\/wp\/v2\/media\/55984"}],"wp:attachment":[{"href":"https:\/\/www.celttv.com.ar\/index.php\/wp-json\/wp\/v2\/media?parent=55983"}],"wp:term":[{"taxonomy":"category","embeddable":true,"href":"https:\/\/www.celttv.com.ar\/index.php\/wp-json\/wp\/v2\/categories?post=55983"},{"taxonomy":"post_tag","embeddable":true,"href":"https:\/\/www.celttv.com.ar\/index.php\/wp-json\/wp\/v2\/tags?post=55983"}],"curies":[{"name":"wp","href":"https:\/\/api.w.org\/{rel}","templated":true}]}}