{"id":56100,"date":"2021-03-02T14:15:00","date_gmt":"2021-03-02T14:15:00","guid":{"rendered":"http:\/\/www.celttv.com.ar\/?p=56100"},"modified":"2021-03-02T14:15:00","modified_gmt":"2021-03-02T14:15:00","slug":"se-vivio-una-acalorada-reunion-en-la-liga-de-futbol","status":"publish","type":"post","link":"https:\/\/www.celttv.com.ar\/index.php\/2021\/03\/02\/se-vivio-una-acalorada-reunion-en-la-liga-de-futbol\/","title":{"rendered":"Se vivi\u00f3 una acalorada reuni\u00f3n en la liga de f\u00fatbol"},"content":{"rendered":"\n<p>Los clubes de Coronel Su\u00e1rez cuestionaron las formas en que se comunic\u00f3 la realizaci\u00f3n de un campeonato oficial.<\/p>\n\n\n\n<p>Una acalorada reuni\u00f3n se dio este lunes en la sede de la Liga Regional de F\u00fatbol de Coronel Su\u00e1rez. A la misma asistieron los representantes de los clubes de este distrito, quienes cuestionaron las formas en que Ernesto Palenzona sali\u00f3 a comunicar la realizaci\u00f3n de un campeonato oficial.&nbsp;<\/p>\n\n\n\n<p>El presidente del consejo directivo liguista, quien posteriormente pidi\u00f3 disculpas por ello, se\u00f1al\u00f3 que lo hizo porque \u201cestaba euf\u00f3rico de contento\u201d de poder organizar un certamen desde la Liga. \u201cYo quiero que se juegue un campeonato y estoy haciendo todo lo necesario para eso\u201d, sostuvo.&nbsp;<\/p>\n\n\n\n<p>A prop\u00f3sito, se\u00f1al\u00f3 que este primer d\u00eda h\u00e1bil de la semana estuvo con Gast\u00f3n Duarte, secretario de Gobierno de la Municipalidad local, para interiorizarse sobre la prohibici\u00f3n en el ingreso de delegaciones deportivas y exhibi\u00f3 su optimismo en que ello no sea un impedimento en los pr\u00f3ximos d\u00edas.&nbsp;<\/p>\n\n\n\n<p>A su vez las instituciones suarenses argumentaron que lo resuelto en la ciudad de Pig\u00fc\u00e9 fue en contra de lo decidido en la sesi\u00f3n posterior a la asamblea y que hab\u00eda sido en un encuentro no oficial, cuando entienden que lo l\u00f3gico hubiese sido en el recinto de Las Heras 1.062 con todos los afiliados presentes.&nbsp;<\/p>\n\n\n\n<p>Pablo Reser, presidente de Deportivo Sarmiento, hizo una moci\u00f3n para votar la anulaci\u00f3n de un torneo oficial. \u201cNos sentimos estafados\u201d, indic\u00f3, a lo que Palenzona le respondi\u00f3 que no lo iba a anular y que el campeonato \u201cse va a hacer s\u00ed o s\u00ed. Es irreversible porque hay clubes que lo pidieron y ya hay 11 anotados\u201d.&nbsp;<\/p>\n\n\n\n<p>El titular del club verdirrojo adujo que las condiciones de la APREVIDE no cambiaron y que ese anuncio de que van a poder ingresar 200 personas no es real. \u201cYo temo por mi club. No nos queremos fundir. Nos est\u00e1n obligando a jugar. Yo quiero condiciones, porque nos estamos tirando a la pileta sin agua\u201d, mencion\u00f3.&nbsp;<\/p>\n\n\n\n<p>Palenzona reiter\u00f3 que se puede. Seg\u00fan el presidente de la Liga son 150 personas en Primera y otras 150 en Reserva. Descontados los protagonistas (jugadores, cuerpo t\u00e9cnico, etc.) da una cifra cercana a las 200. \u201cNo s\u00e9 cu\u00e1l es el problema. Este es el \u00fanico a\u00f1o que los de Coronel Su\u00e1rez tienen un argumento para pedir jugar entre ellos\u201d, indic\u00f3.&nbsp;<\/p>\n\n\n\n<p>La idea que manejaban los clubes suarenses era que en esa reuni\u00f3n llevada a cabo en Pig\u00fc\u00e9 iban a diagramar algo similar (no oficial) a lo que ten\u00edan pensado por aqu\u00ed, a lo que Gabriel Artola, el presidente de Automoto que tambi\u00e9n se hizo presente, dijo que en realidad ten\u00edan tres opciones.&nbsp;<\/p>\n\n\n\n<p>Una de ellas era no hacer nada, otra realizar algo no oficial y la tercera pedirle a Palenzona que organice un certamen oficial, que fue lo que finalmente se decidi\u00f3. Tambi\u00e9n dijo que esa ventana que se abri\u00f3 con el comunicado de la APREVIDE de las 75 personas los termin\u00f3 de convencer para ello.&nbsp;<\/p>\n\n\n\n<p>Artola tambi\u00e9n coment\u00f3 que los clubes de Tornquist acordaron con la Cooperativa El\u00e9ctrica de aquella localidad la televisaci\u00f3n de los partidos y que la recaudaci\u00f3n que ingrese en dicho concepto ser\u00e1 \u00edntegramente para Automoto y Uni\u00f3n, lo cual sumado al ingreso en concepto de entradas les va a permitir solventar los costos directos.&nbsp;<\/p>\n\n\n\n<p>Otro argumento que se expuso es que si no decid\u00edan la disputa de un torneo oficial se quedar\u00edan sin jugadores, dado que se iban a empezar a ir a Bah\u00eda Blanca. \u201cPor eso hicimos mucha fuerza para que se juegue un campeonato oficial\u201d, explicaron.&nbsp;<\/p>\n\n\n\n<p>Cuando las aguas estaban bastante agitadas se produjo una oportuna intervenci\u00f3n de Ricardo Salerno, quien en la \u00faltima asamblea anual se incorpor\u00f3 como miembro de la mesa ejecutiva. El dirigente puso algo de calma. Se\u00f1al\u00f3 que si bien consideraba que las formas que utiliz\u00f3 Palenzona no fueron las ideales, hab\u00eda que respetar el derecho que tiene un club de querer jugar.&nbsp;<\/p>\n\n\n\n<p>\u201cTenemos que evitar que esto sea el inicio de una grieta de cara al futuro. Hay que pensar un campeonato que no genere heridas. Ser\u00eda una \u2018payasada\u2019 que algunos clubes jueguen el oficial y otros un amistoso. Hay que elaborar cosas positivas para salir de este embrollo y tratar de jugar algo oficial\u201d, expres\u00f3.&nbsp;<\/p>\n\n\n\n<p>Cristian Rack, presidente de El Progreso, dijo que hab\u00eda que ser muy cautos. Entiende que primero hay que organizar el campeonato y despu\u00e9s, en base a ello, anotar a las divisiones con las que van a participar.&nbsp;<\/p>\n\n\n\n<p>Despu\u00e9s de varios intercambios de opiniones y posiciones encontradas, se dispuso confeccionar una nota de reconsideraci\u00f3n para que la Municipalidad deje entrar a delegaciones deportivas y por otro lado pedir autorizaci\u00f3n al Ministerio de Salud a trav\u00e9s de la Jefatura de Gabinete para poder jugar.&nbsp;<\/p>\n\n\n\n<p>Finalmente Julio Mart\u00ednez, titular de San Mart\u00edn de Santa Trinidad, hizo una moci\u00f3n para que se postergue 7 d\u00edas (hasta el 21 del corriente) la inscripci\u00f3n de equipos y el lunes 22 proceder a establecer la forma de disputa y fijar fecha de comienzo, lo cual fue aprobado.&nbsp;<\/p>\n\n\n\n<p>Once clubes inscriptos&nbsp;<\/p>\n\n\n\n<p>A la fecha once de los veinti\u00fan clubes afiliados han formalizado su inscripci\u00f3n. En todas las categor\u00edas se anotaron Pe\u00f1arol de Pig\u00fc\u00e9, Club Sarmiento, Deportivo Argentino, Puan F. Club, Tiro Federal de Puan, Racing Club, San Mart\u00edn de Carhu\u00e9, Uni\u00f3n de Tornquist y Automoto. &nbsp;<\/p>\n\n\n\n<p>Union Pig\u00fc\u00e9 \u00fanicamente no participar\u00e1 en 5\u00aa y San Mart\u00edn de Saavedra lo har\u00e1 con las 4 divisiones menores.&nbsp;<\/p>\n\n\n\n<p>Claudio Meier\/Nuevo Dia<\/p>\n\n\n\n<figure class=\"wp-block-image size-large\"><img loading=\"lazy\" decoding=\"async\" width=\"1032\" height=\"774\" src=\"http:\/\/www.celttv.com.ar\/wp-content\/uploads\/2021\/03\/reunion-liga.jpg_1032.jpg\" alt=\"\" class=\"wp-image-56101\" srcset=\"https:\/\/www.celttv.com.ar\/wp-content\/uploads\/2021\/03\/reunion-liga.jpg_1032.jpg 1032w, https:\/\/www.celttv.com.ar\/wp-content\/uploads\/2021\/03\/reunion-liga.jpg_1032-300x225.jpg 300w, https:\/\/www.celttv.com.ar\/wp-content\/uploads\/2021\/03\/reunion-liga.jpg_1032-1024x768.jpg 1024w, https:\/\/www.celttv.com.ar\/wp-content\/uploads\/2021\/03\/reunion-liga.jpg_1032-768x576.jpg 768w, https:\/\/www.celttv.com.ar\/wp-content\/uploads\/2021\/03\/reunion-liga.jpg_1032-750x563.jpg 750w\" sizes=\"auto, (max-width: 1032px) 100vw, 1032px\" \/><\/figure>\n\n\n\n<figure class=\"wp-block-image size-large\"><img loading=\"lazy\" decoding=\"async\" width=\"1032\" height=\"774\" src=\"http:\/\/www.celttv.com.ar\/wp-content\/uploads\/2021\/03\/reunion-liga-01.jpg_1032.jpg\" alt=\"\" class=\"wp-image-56102\" srcset=\"https:\/\/www.celttv.com.ar\/wp-content\/uploads\/2021\/03\/reunion-liga-01.jpg_1032.jpg 1032w, https:\/\/www.celttv.com.ar\/wp-content\/uploads\/2021\/03\/reunion-liga-01.jpg_1032-300x225.jpg 300w, https:\/\/www.celttv.com.ar\/wp-content\/uploads\/2021\/03\/reunion-liga-01.jpg_1032-1024x768.jpg 1024w, https:\/\/www.celttv.com.ar\/wp-content\/uploads\/2021\/03\/reunion-liga-01.jpg_1032-768x576.jpg 768w, https:\/\/www.celttv.com.ar\/wp-content\/uploads\/2021\/03\/reunion-liga-01.jpg_1032-750x563.jpg 750w\" sizes=\"auto, (max-width: 1032px) 100vw, 1032px\" \/><\/figure>\n","protected":false},"excerpt":{"rendered":"<p>Los clubes de Coronel Su\u00e1rez cuestionaron las formas en que se comunic\u00f3 la realizaci\u00f3n de un campeonato oficial. Una acalorada reuni\u00f3n se dio este lunes en la sede de la Liga Regional de F\u00fatbol de Coronel Su\u00e1rez. A la misma asistieron los representantes de los clubes de este distrito, quienes cuestionaron las formas en que [&hellip;]<\/p>\n","protected":false},"author":1,"featured_media":56101,"comment_status":"closed","ping_status":"open","sticky":false,"template":"","format":"standard","meta":{"footnotes":""},"categories":[55,60,62,52,63],"tags":[],"class_list":["post-56100","post","type-post","status-publish","format-standard","has-post-thumbnail","hentry","category-celt-tv-noticias","category-deporte","category-deportes","category-destacadas","category-magazine-sport"],"yoast_head":"<!-- This site is optimized with the Yoast SEO plugin v19.7.1 - https:\/\/yoast.com\/wordpress\/plugins\/seo\/ -->\n<title>Se vivi\u00f3 una acalorada reuni\u00f3n en la liga de f\u00fatbol - CELTTV<\/title>\n<meta name=\"description\" content=\"Sitio web de noticias de la localidad de Tornquist, provincia de Buenos Aires, Rep\u00fablica Argentina. Contenido propio originado por periodistas de CELTTV, el canal de TV local de la Cooperativa El\u00e9ctrica de Tornquist. Turismo, Pol\u00edtica, Sociedad, Deporte, Cultura y todo el contenido de inter\u00e9s general que la gente del pueblo y la regi\u00f3n debe conocer.\" \/>\n<meta name=\"robots\" content=\"index, follow, max-snippet:-1, max-image-preview:large, max-video-preview:-1\" \/>\n<link rel=\"canonical\" href=\"https:\/\/www.celttv.com.ar\/index.php\/2021\/03\/02\/se-vivio-una-acalorada-reunion-en-la-liga-de-futbol\/\" \/>\n<meta property=\"og:locale\" content=\"es_ES\" \/>\n<meta property=\"og:type\" content=\"article\" \/>\n<meta property=\"og:title\" content=\"Se vivi\u00f3 una acalorada reuni\u00f3n en la liga de f\u00fatbol - CELTTV\" \/>\n<meta property=\"og:description\" content=\"Sitio web de noticias de la localidad de Tornquist, provincia de Buenos Aires, Rep\u00fablica Argentina. Contenido propio originado por periodistas de CELTTV, el canal de TV local de la Cooperativa El\u00e9ctrica de Tornquist. Turismo, Pol\u00edtica, Sociedad, Deporte, Cultura y todo el contenido de inter\u00e9s general que la gente del pueblo y la regi\u00f3n debe conocer.\" \/>\n<meta property=\"og:url\" content=\"https:\/\/www.celttv.com.ar\/index.php\/2021\/03\/02\/se-vivio-una-acalorada-reunion-en-la-liga-de-futbol\/\" \/>\n<meta property=\"og:site_name\" content=\"CELTTV\" \/>\n<meta property=\"article:publisher\" content=\"https:\/\/www.facebook.com\/celtTV\/\" \/>\n<meta property=\"article:published_time\" content=\"2021-03-02T14:15:00+00:00\" \/>\n<meta property=\"og:image\" content=\"https:\/\/www.celttv.com.ar\/wp-content\/uploads\/2021\/03\/reunion-liga.jpg_1032.jpg\" \/>\n\t<meta property=\"og:image:width\" content=\"1032\" \/>\n\t<meta property=\"og:image:height\" content=\"774\" \/>\n\t<meta property=\"og:image:type\" content=\"image\/jpeg\" \/>\n<meta name=\"author\" content=\"ulises\" \/>\n<meta name=\"twitter:card\" content=\"summary_large_image\" \/>\n<meta name=\"twitter:label1\" content=\"Escrito por\" \/>\n\t<meta name=\"twitter:data1\" content=\"ulises\" \/>\n\t<meta name=\"twitter:label2\" content=\"Tiempo de lectura\" \/>\n\t<meta name=\"twitter:data2\" content=\"5 minutos\" \/>\n<script type=\"application\/ld+json\" class=\"yoast-schema-graph\">{\"@context\":\"https:\/\/schema.org\",\"@graph\":[{\"@type\":\"NewsArticle\",\"@id\":\"https:\/\/www.celttv.com.ar\/index.php\/2021\/03\/02\/se-vivio-una-acalorada-reunion-en-la-liga-de-futbol\/#article\",\"isPartOf\":{\"@id\":\"https:\/\/www.celttv.com.ar\/index.php\/2021\/03\/02\/se-vivio-una-acalorada-reunion-en-la-liga-de-futbol\/\"},\"author\":{\"name\":\"ulises\",\"@id\":\"https:\/\/www.celttv.com.ar\/#\/schema\/person\/6d99c072dba59953809c81446e9d0ace\"},\"headline\":\"Se vivi\u00f3 una acalorada reuni\u00f3n en la liga de f\u00fatbol\",\"datePublished\":\"2021-03-02T14:15:00+00:00\",\"dateModified\":\"2021-03-02T14:15:00+00:00\",\"mainEntityOfPage\":{\"@id\":\"https:\/\/www.celttv.com.ar\/index.php\/2021\/03\/02\/se-vivio-una-acalorada-reunion-en-la-liga-de-futbol\/\"},\"wordCount\":987,\"publisher\":{\"@id\":\"https:\/\/www.celttv.com.ar\/#organization\"},\"articleSection\":[\"Celt TV Noticias\",\"Deporte\",\"Deportes\",\"Destacadas\",\"Magazine Sport\"],\"inLanguage\":\"es\"},{\"@type\":\"WebPage\",\"@id\":\"https:\/\/www.celttv.com.ar\/index.php\/2021\/03\/02\/se-vivio-una-acalorada-reunion-en-la-liga-de-futbol\/\",\"url\":\"https:\/\/www.celttv.com.ar\/index.php\/2021\/03\/02\/se-vivio-una-acalorada-reunion-en-la-liga-de-futbol\/\",\"name\":\"Se vivi\u00f3 una acalorada reuni\u00f3n en la liga de f\u00fatbol - CELTTV\",\"isPartOf\":{\"@id\":\"https:\/\/www.celttv.com.ar\/#website\"},\"datePublished\":\"2021-03-02T14:15:00+00:00\",\"dateModified\":\"2021-03-02T14:15:00+00:00\",\"description\":\"Sitio web de noticias de la localidad de Tornquist, provincia de Buenos Aires, Rep\u00fablica Argentina. Contenido propio originado por periodistas de CELTTV, el canal de TV local de la Cooperativa El\u00e9ctrica de Tornquist. Turismo, Pol\u00edtica, Sociedad, Deporte, Cultura y todo el contenido de inter\u00e9s general que la gente del pueblo y la regi\u00f3n debe conocer.\",\"breadcrumb\":{\"@id\":\"https:\/\/www.celttv.com.ar\/index.php\/2021\/03\/02\/se-vivio-una-acalorada-reunion-en-la-liga-de-futbol\/#breadcrumb\"},\"inLanguage\":\"es\",\"potentialAction\":[{\"@type\":\"ReadAction\",\"target\":[\"https:\/\/www.celttv.com.ar\/index.php\/2021\/03\/02\/se-vivio-una-acalorada-reunion-en-la-liga-de-futbol\/\"]}]},{\"@type\":\"BreadcrumbList\",\"@id\":\"https:\/\/www.celttv.com.ar\/index.php\/2021\/03\/02\/se-vivio-una-acalorada-reunion-en-la-liga-de-futbol\/#breadcrumb\",\"itemListElement\":[{\"@type\":\"ListItem\",\"position\":1,\"name\":\"Inicio\",\"item\":\"https:\/\/www.celttv.com.ar\/\"},{\"@type\":\"ListItem\",\"position\":2,\"name\":\"Se vivi\u00f3 una acalorada reuni\u00f3n en la liga de f\u00fatbol\"}]},{\"@type\":\"WebSite\",\"@id\":\"https:\/\/www.celttv.com.ar\/#website\",\"url\":\"https:\/\/www.celttv.com.ar\/\",\"name\":\"CELTTV\",\"description\":\"Cooperativa El\u00e9ctrica de Tornquist\",\"publisher\":{\"@id\":\"https:\/\/www.celttv.com.ar\/#organization\"},\"potentialAction\":[{\"@type\":\"SearchAction\",\"target\":{\"@type\":\"EntryPoint\",\"urlTemplate\":\"https:\/\/www.celttv.com.ar\/?s={search_term_string}\"},\"query-input\":\"required name=search_term_string\"}],\"inLanguage\":\"es\"},{\"@type\":\"Organization\",\"@id\":\"https:\/\/www.celttv.com.ar\/#organization\",\"name\":\"CELTTV\",\"url\":\"https:\/\/www.celttv.com.ar\/\",\"sameAs\":[\"https:\/\/www.youtube.com\/channel\/UCz_oIt8Hig64Ub-EmcNPIhg\",\"https:\/\/www.facebook.com\/celtTV\/\"],\"logo\":{\"@type\":\"ImageObject\",\"inLanguage\":\"es\",\"@id\":\"https:\/\/www.celttv.com.ar\/#\/schema\/logo\/image\/\",\"url\":\"http:\/\/www.celttv.com.ar\/wp-content\/uploads\/2022\/08\/logo-1.png\",\"contentUrl\":\"http:\/\/www.celttv.com.ar\/wp-content\/uploads\/2022\/08\/logo-1.png\",\"width\":461,\"height\":159,\"caption\":\"CELTTV\"},\"image\":{\"@id\":\"https:\/\/www.celttv.com.ar\/#\/schema\/logo\/image\/\"}},{\"@type\":\"Person\",\"@id\":\"https:\/\/www.celttv.com.ar\/#\/schema\/person\/6d99c072dba59953809c81446e9d0ace\",\"name\":\"ulises\",\"image\":{\"@type\":\"ImageObject\",\"inLanguage\":\"es\",\"@id\":\"https:\/\/www.celttv.com.ar\/#\/schema\/person\/image\/\",\"url\":\"https:\/\/secure.gravatar.com\/avatar\/7f2c48bdc33b30088f941fb6082e555f2874c98e20cb159d7b92b50eadfce793?s=96&d=mm&r=g\",\"contentUrl\":\"https:\/\/secure.gravatar.com\/avatar\/7f2c48bdc33b30088f941fb6082e555f2874c98e20cb159d7b92b50eadfce793?s=96&d=mm&r=g\",\"caption\":\"ulises\"},\"sameAs\":[\"http:\/\/www.celttv.com.ar\"]}]}<\/script>\n<!-- \/ Yoast SEO plugin. -->","yoast_head_json":{"title":"Se vivi\u00f3 una acalorada reuni\u00f3n en la liga de f\u00fatbol - CELTTV","description":"Sitio web de noticias de la localidad de Tornquist, provincia de Buenos Aires, Rep\u00fablica Argentina. Contenido propio originado por periodistas de CELTTV, el canal de TV local de la Cooperativa El\u00e9ctrica de Tornquist. Turismo, Pol\u00edtica, Sociedad, Deporte, Cultura y todo el contenido de inter\u00e9s general que la gente del pueblo y la regi\u00f3n debe conocer.","robots":{"index":"index","follow":"follow","max-snippet":"max-snippet:-1","max-image-preview":"max-image-preview:large","max-video-preview":"max-video-preview:-1"},"canonical":"https:\/\/www.celttv.com.ar\/index.php\/2021\/03\/02\/se-vivio-una-acalorada-reunion-en-la-liga-de-futbol\/","og_locale":"es_ES","og_type":"article","og_title":"Se vivi\u00f3 una acalorada reuni\u00f3n en la liga de f\u00fatbol - CELTTV","og_description":"Sitio web de noticias de la localidad de Tornquist, provincia de Buenos Aires, Rep\u00fablica Argentina. Contenido propio originado por periodistas de CELTTV, el canal de TV local de la Cooperativa El\u00e9ctrica de Tornquist. Turismo, Pol\u00edtica, Sociedad, Deporte, Cultura y todo el contenido de inter\u00e9s general que la gente del pueblo y la regi\u00f3n debe conocer.","og_url":"https:\/\/www.celttv.com.ar\/index.php\/2021\/03\/02\/se-vivio-una-acalorada-reunion-en-la-liga-de-futbol\/","og_site_name":"CELTTV","article_publisher":"https:\/\/www.facebook.com\/celtTV\/","article_published_time":"2021-03-02T14:15:00+00:00","og_image":[{"width":1032,"height":774,"url":"https:\/\/www.celttv.com.ar\/wp-content\/uploads\/2021\/03\/reunion-liga.jpg_1032.jpg","type":"image\/jpeg"}],"author":"ulises","twitter_card":"summary_large_image","twitter_misc":{"Escrito por":"ulises","Tiempo de lectura":"5 minutos"},"schema":{"@context":"https:\/\/schema.org","@graph":[{"@type":"NewsArticle","@id":"https:\/\/www.celttv.com.ar\/index.php\/2021\/03\/02\/se-vivio-una-acalorada-reunion-en-la-liga-de-futbol\/#article","isPartOf":{"@id":"https:\/\/www.celttv.com.ar\/index.php\/2021\/03\/02\/se-vivio-una-acalorada-reunion-en-la-liga-de-futbol\/"},"author":{"name":"ulises","@id":"https:\/\/www.celttv.com.ar\/#\/schema\/person\/6d99c072dba59953809c81446e9d0ace"},"headline":"Se vivi\u00f3 una acalorada reuni\u00f3n en la liga de f\u00fatbol","datePublished":"2021-03-02T14:15:00+00:00","dateModified":"2021-03-02T14:15:00+00:00","mainEntityOfPage":{"@id":"https:\/\/www.celttv.com.ar\/index.php\/2021\/03\/02\/se-vivio-una-acalorada-reunion-en-la-liga-de-futbol\/"},"wordCount":987,"publisher":{"@id":"https:\/\/www.celttv.com.ar\/#organization"},"articleSection":["Celt TV Noticias","Deporte","Deportes","Destacadas","Magazine Sport"],"inLanguage":"es"},{"@type":"WebPage","@id":"https:\/\/www.celttv.com.ar\/index.php\/2021\/03\/02\/se-vivio-una-acalorada-reunion-en-la-liga-de-futbol\/","url":"https:\/\/www.celttv.com.ar\/index.php\/2021\/03\/02\/se-vivio-una-acalorada-reunion-en-la-liga-de-futbol\/","name":"Se vivi\u00f3 una acalorada reuni\u00f3n en la liga de f\u00fatbol - CELTTV","isPartOf":{"@id":"https:\/\/www.celttv.com.ar\/#website"},"datePublished":"2021-03-02T14:15:00+00:00","dateModified":"2021-03-02T14:15:00+00:00","description":"Sitio web de noticias de la localidad de Tornquist, provincia de Buenos Aires, Rep\u00fablica Argentina. Contenido propio originado por periodistas de CELTTV, el canal de TV local de la Cooperativa El\u00e9ctrica de Tornquist. Turismo, Pol\u00edtica, Sociedad, Deporte, Cultura y todo el contenido de inter\u00e9s general que la gente del pueblo y la regi\u00f3n debe conocer.","breadcrumb":{"@id":"https:\/\/www.celttv.com.ar\/index.php\/2021\/03\/02\/se-vivio-una-acalorada-reunion-en-la-liga-de-futbol\/#breadcrumb"},"inLanguage":"es","potentialAction":[{"@type":"ReadAction","target":["https:\/\/www.celttv.com.ar\/index.php\/2021\/03\/02\/se-vivio-una-acalorada-reunion-en-la-liga-de-futbol\/"]}]},{"@type":"BreadcrumbList","@id":"https:\/\/www.celttv.com.ar\/index.php\/2021\/03\/02\/se-vivio-una-acalorada-reunion-en-la-liga-de-futbol\/#breadcrumb","itemListElement":[{"@type":"ListItem","position":1,"name":"Inicio","item":"https:\/\/www.celttv.com.ar\/"},{"@type":"ListItem","position":2,"name":"Se vivi\u00f3 una acalorada reuni\u00f3n en la liga de f\u00fatbol"}]},{"@type":"WebSite","@id":"https:\/\/www.celttv.com.ar\/#website","url":"https:\/\/www.celttv.com.ar\/","name":"CELTTV","description":"Cooperativa El\u00e9ctrica de Tornquist","publisher":{"@id":"https:\/\/www.celttv.com.ar\/#organization"},"potentialAction":[{"@type":"SearchAction","target":{"@type":"EntryPoint","urlTemplate":"https:\/\/www.celttv.com.ar\/?s={search_term_string}"},"query-input":"required name=search_term_string"}],"inLanguage":"es"},{"@type":"Organization","@id":"https:\/\/www.celttv.com.ar\/#organization","name":"CELTTV","url":"https:\/\/www.celttv.com.ar\/","sameAs":["https:\/\/www.youtube.com\/channel\/UCz_oIt8Hig64Ub-EmcNPIhg","https:\/\/www.facebook.com\/celtTV\/"],"logo":{"@type":"ImageObject","inLanguage":"es","@id":"https:\/\/www.celttv.com.ar\/#\/schema\/logo\/image\/","url":"http:\/\/www.celttv.com.ar\/wp-content\/uploads\/2022\/08\/logo-1.png","contentUrl":"http:\/\/www.celttv.com.ar\/wp-content\/uploads\/2022\/08\/logo-1.png","width":461,"height":159,"caption":"CELTTV"},"image":{"@id":"https:\/\/www.celttv.com.ar\/#\/schema\/logo\/image\/"}},{"@type":"Person","@id":"https:\/\/www.celttv.com.ar\/#\/schema\/person\/6d99c072dba59953809c81446e9d0ace","name":"ulises","image":{"@type":"ImageObject","inLanguage":"es","@id":"https:\/\/www.celttv.com.ar\/#\/schema\/person\/image\/","url":"https:\/\/secure.gravatar.com\/avatar\/7f2c48bdc33b30088f941fb6082e555f2874c98e20cb159d7b92b50eadfce793?s=96&d=mm&r=g","contentUrl":"https:\/\/secure.gravatar.com\/avatar\/7f2c48bdc33b30088f941fb6082e555f2874c98e20cb159d7b92b50eadfce793?s=96&d=mm&r=g","caption":"ulises"},"sameAs":["http:\/\/www.celttv.com.ar"]}]}},"_links":{"self":[{"href":"https:\/\/www.celttv.com.ar\/index.php\/wp-json\/wp\/v2\/posts\/56100","targetHints":{"allow":["GET"]}}],"collection":[{"href":"https:\/\/www.celttv.com.ar\/index.php\/wp-json\/wp\/v2\/posts"}],"about":[{"href":"https:\/\/www.celttv.com.ar\/index.php\/wp-json\/wp\/v2\/types\/post"}],"author":[{"embeddable":true,"href":"https:\/\/www.celttv.com.ar\/index.php\/wp-json\/wp\/v2\/users\/1"}],"replies":[{"embeddable":true,"href":"https:\/\/www.celttv.com.ar\/index.php\/wp-json\/wp\/v2\/comments?post=56100"}],"version-history":[{"count":0,"href":"https:\/\/www.celttv.com.ar\/index.php\/wp-json\/wp\/v2\/posts\/56100\/revisions"}],"wp:featuredmedia":[{"embeddable":true,"href":"https:\/\/www.celttv.com.ar\/index.php\/wp-json\/wp\/v2\/media\/56101"}],"wp:attachment":[{"href":"https:\/\/www.celttv.com.ar\/index.php\/wp-json\/wp\/v2\/media?parent=56100"}],"wp:term":[{"taxonomy":"category","embeddable":true,"href":"https:\/\/www.celttv.com.ar\/index.php\/wp-json\/wp\/v2\/categories?post=56100"},{"taxonomy":"post_tag","embeddable":true,"href":"https:\/\/www.celttv.com.ar\/index.php\/wp-json\/wp\/v2\/tags?post=56100"}],"curies":[{"name":"wp","href":"https:\/\/api.w.org\/{rel}","templated":true}]}}