{"id":5614,"date":"2012-03-27T15:15:46","date_gmt":"2012-03-27T15:15:46","guid":{"rendered":"http:\/\/www.tvcnoticias.com.ar\/?p=5614"},"modified":"2012-03-27T15:15:46","modified_gmt":"2012-03-27T15:15:46","slug":"ya-se-palpita-la-1ra-fiesta-provincial-de-la-vendimia","status":"publish","type":"post","link":"https:\/\/www.celttv.com.ar\/index.php\/2012\/03\/27\/ya-se-palpita-la-1ra-fiesta-provincial-de-la-vendimia\/","title":{"rendered":"YA SE PALPITA LA 1RA. FIESTA PROVINCIAL DE LA VENDIMIA"},"content":{"rendered":"<p><br \/>\n\u00a0La 1\u00aa Fiesta Provincial de la Vendimia, que se realizar\u00e1 este s\u00e1bado y domingo, presentar\u00e1 una interesante oferta cultural, art\u00edstica, recreativa y gastron\u00f3mica, con la intenci\u00f3n de exhibir una opci\u00f3n productiva que contin\u00faa creciendo en el sudoeste bonaerense, especialmente en el distrito de Tornquist.<br \/>\n\u00a0\u00a0 La celebraci\u00f3n se desarrollar\u00e1 entre el s\u00e1bado y el domingo en el predio de las ruinas del Club Hotel de la Ventana, ubicado en la localidad de Villa Ventana, bajo la organizaci\u00f3n de la Direcci\u00f3n de Turismo de la Municipalidad de Tornquist.<br \/>\n\u00a0\u00a0 \u201cLa idea surgi\u00f3 el a\u00f1o pasado, despu\u00e9s de que se concretara una Fiesta de la Vendimia privada en una de las bodegas del distrito, y la gente mostrara inter\u00e9s por participar. En ese momento, el intendente Gustavo Trankels me encarg\u00f3 que realizara un proyecto para organizar una fiesta popular, a la que pudieran asistir todos\u201d, cont\u00f3 la directora de Turismo, Yanina Torres.<br \/>\n\u00a0\u00a0 \u201cEl proyecto le pareci\u00f3 muy interesante al gobernador Daniel Scioli, a quien se lo presentamos en abril del a\u00f1o pasado, cuando visit\u00f3 Sierra de la Ventana y Saldungaray\u201d, afirm\u00f3.<br \/>\n\u00a0\u00a0 La fiesta, que ser\u00e1 con entrada libre y gratuita, involucrar\u00e1 varias aristas. La visita a las bodegas del distrito y la presencia de artistas nacionales y locales abren un espectro por dem\u00e1s interesante.<br \/>\n\u00a0\u00a0 \u201cLa raz\u00f3n principal de la iniciativa es poner en valor estos cultivos alternativos que prosperan en nuestra zona, que se encuentra muy castigada por la sequ\u00eda y donde los sembrad\u00edos tradicionales no han dado buenos resultados en los \u00faltimos a\u00f1os\u201d, destac\u00f3 Torres.<br \/>\n\u00a0\u00a0 La edici\u00f3n inicial contar\u00e1 con 13 espect\u00e1culos musicales que pasar\u00e1n por el escenario, entre quienes se destacan Ambo\u00e9, Los S\u00faper Ratones, El Grupo Quattro, el mago Radgast y Los Jilgueros. Tambi\u00e9n se subir\u00e1 el reconocido cheff Martiniano Molina, quien exhibir\u00e1 sus dotes culinarias con recetas elaboradas especialmente con vinos de las bodegas locales.<br \/>\n\u00a0\u00a0 Las dos comidas que preparar\u00e1 ser\u00e1n risotto de cebada, Malbec y remolacha con pesto de aceitunas negras, con vino de la Bodega Cerro Colorado, y carr\u00e9 de cerdo en croutte, batido de papas y berenjenas ahumadas en reducci\u00f3n de cabernet franc y miel, con el mencionado varietal de Bodega Saldungaray.<br \/>\n\u00a0\u00a0 Ambas jornadas tendr\u00e1n su punto de inicio a las 15 y, adem\u00e1s de los espect\u00e1culos, el predio tendr\u00e1 otros atractivos de inter\u00e9s, como paseo de artesanos, catas y maridaje, patio de comidas, charlas sobre vinoterapia y nuevo terroir, y visitas guiadas a las bodegas y a las ruinas del Club Hotel de la Ventana.<br \/>\n\u00a0\u00a0 En cuanto a los shows, el s\u00e1bado arrancar\u00e1 con el grupo local Pe\u00f1i Hue, para luego continuar con Fernando D\u00edaz, la Escuela Folkl\u00f3rica Municipal (que en breve cumplir\u00e1 sus Bodas de Plata), Enzo Pacho, Churio y Los Jilgueros. El cierre estar\u00e1 a cargo de Amboe, con su cl\u00e1sico repertorio de folklore y chamam\u00e9.<br \/>\n\u00a0\u00a0 El domingo tambi\u00e9n se iniciar\u00e1 con la actuaci\u00f3n de un artista del distrito: Jonathan Rondan. Despu\u00e9s del cantante de tango se subir\u00e1n al escenario Los Creadores, Brancka Rock, Los S\u00faper Ratones (que repasar\u00e1n sus cl\u00e1sicos del rock nacional), el mago Radagast (con su show humor\u00edstico y de magia) y el Grupo Quattro, que le pondr\u00e1 el broche de oro a la noche de cierre.<br \/>\n\u00a0\u00a0 En medio de esos espect\u00e1culos se presentar\u00e1 el cheff Martiniano Molina.<br \/>\nPrensa Municipalidad de Tornquist (<a href=\"mailto:prensa@tornquist.gov.ar\">prensa@tornquist.gov.ar<\/a>)<br \/>\nTwitter: @prensatornquist<br \/>\n<a href=\"http:\/\/www.tornquist.gov.ar\/\">www.tornquist.gov.ar<\/a><\/p>\n","protected":false},"excerpt":{"rendered":"<p>\u00a0La 1\u00aa Fiesta Provincial de la Vendimia, que se realizar\u00e1 este s\u00e1bado y domingo, presentar\u00e1 una interesante oferta cultural, art\u00edstica, recreativa y gastron\u00f3mica, con la intenci\u00f3n de exhibir una opci\u00f3n productiva que contin\u00faa creciendo en el sudoeste bonaerense, especialmente en el distrito de Tornquist. \u00a0\u00a0 La celebraci\u00f3n se desarrollar\u00e1 entre el s\u00e1bado y el domingo [&hellip;]<\/p>\n","protected":false},"author":1,"featured_media":0,"comment_status":"closed","ping_status":"open","sticky":false,"template":"","format":"standard","meta":{"footnotes":""},"categories":[51,52,53],"tags":[],"class_list":["post-5614","post","type-post","status-publish","format-standard","hentry","category-comunidad","category-destacadas","category-politica"],"yoast_head":"<!-- This site is optimized with the Yoast SEO plugin v19.7.1 - https:\/\/yoast.com\/wordpress\/plugins\/seo\/ -->\n<title>YA SE PALPITA LA 1RA. FIESTA PROVINCIAL DE LA VENDIMIA - CELTTV<\/title>\n<meta name=\"description\" content=\"Sitio web de noticias de la localidad de Tornquist, provincia de Buenos Aires, Rep\u00fablica Argentina. Contenido propio originado por periodistas de CELTTV, el canal de TV local de la Cooperativa El\u00e9ctrica de Tornquist. Turismo, Pol\u00edtica, Sociedad, Deporte, Cultura y todo el contenido de inter\u00e9s general que la gente del pueblo y la regi\u00f3n debe conocer.\" \/>\n<meta name=\"robots\" content=\"index, follow, max-snippet:-1, max-image-preview:large, max-video-preview:-1\" \/>\n<link rel=\"canonical\" href=\"https:\/\/www.celttv.com.ar\/index.php\/2012\/03\/27\/ya-se-palpita-la-1ra-fiesta-provincial-de-la-vendimia\/\" \/>\n<meta property=\"og:locale\" content=\"es_ES\" \/>\n<meta property=\"og:type\" content=\"article\" \/>\n<meta property=\"og:title\" content=\"YA SE PALPITA LA 1RA. FIESTA PROVINCIAL DE LA VENDIMIA - CELTTV\" \/>\n<meta property=\"og:description\" content=\"Sitio web de noticias de la localidad de Tornquist, provincia de Buenos Aires, Rep\u00fablica Argentina. Contenido propio originado por periodistas de CELTTV, el canal de TV local de la Cooperativa El\u00e9ctrica de Tornquist. Turismo, Pol\u00edtica, Sociedad, Deporte, Cultura y todo el contenido de inter\u00e9s general que la gente del pueblo y la regi\u00f3n debe conocer.\" \/>\n<meta property=\"og:url\" content=\"https:\/\/www.celttv.com.ar\/index.php\/2012\/03\/27\/ya-se-palpita-la-1ra-fiesta-provincial-de-la-vendimia\/\" \/>\n<meta property=\"og:site_name\" content=\"CELTTV\" \/>\n<meta property=\"article:publisher\" content=\"https:\/\/www.facebook.com\/celtTV\/\" \/>\n<meta property=\"article:published_time\" content=\"2012-03-27T15:15:46+00:00\" \/>\n<meta name=\"author\" content=\"ulises\" \/>\n<meta name=\"twitter:card\" content=\"summary_large_image\" \/>\n<meta name=\"twitter:label1\" content=\"Escrito por\" \/>\n\t<meta name=\"twitter:data1\" content=\"ulises\" \/>\n\t<meta name=\"twitter:label2\" content=\"Tiempo de lectura\" \/>\n\t<meta name=\"twitter:data2\" content=\"3 minutos\" \/>\n<script type=\"application\/ld+json\" class=\"yoast-schema-graph\">{\"@context\":\"https:\/\/schema.org\",\"@graph\":[{\"@type\":\"NewsArticle\",\"@id\":\"https:\/\/www.celttv.com.ar\/index.php\/2012\/03\/27\/ya-se-palpita-la-1ra-fiesta-provincial-de-la-vendimia\/#article\",\"isPartOf\":{\"@id\":\"https:\/\/www.celttv.com.ar\/index.php\/2012\/03\/27\/ya-se-palpita-la-1ra-fiesta-provincial-de-la-vendimia\/\"},\"author\":{\"name\":\"ulises\",\"@id\":\"https:\/\/www.celttv.com.ar\/#\/schema\/person\/6d99c072dba59953809c81446e9d0ace\"},\"headline\":\"YA SE PALPITA LA 1RA. FIESTA PROVINCIAL DE LA VENDIMIA\",\"datePublished\":\"2012-03-27T15:15:46+00:00\",\"dateModified\":\"2012-03-27T15:15:46+00:00\",\"mainEntityOfPage\":{\"@id\":\"https:\/\/www.celttv.com.ar\/index.php\/2012\/03\/27\/ya-se-palpita-la-1ra-fiesta-provincial-de-la-vendimia\/\"},\"wordCount\":606,\"publisher\":{\"@id\":\"https:\/\/www.celttv.com.ar\/#organization\"},\"articleSection\":[\"Comunidad\",\"Destacadas\",\"Pol\u00edtica\"],\"inLanguage\":\"es\"},{\"@type\":\"WebPage\",\"@id\":\"https:\/\/www.celttv.com.ar\/index.php\/2012\/03\/27\/ya-se-palpita-la-1ra-fiesta-provincial-de-la-vendimia\/\",\"url\":\"https:\/\/www.celttv.com.ar\/index.php\/2012\/03\/27\/ya-se-palpita-la-1ra-fiesta-provincial-de-la-vendimia\/\",\"name\":\"YA SE PALPITA LA 1RA. FIESTA PROVINCIAL DE LA VENDIMIA - CELTTV\",\"isPartOf\":{\"@id\":\"https:\/\/www.celttv.com.ar\/#website\"},\"datePublished\":\"2012-03-27T15:15:46+00:00\",\"dateModified\":\"2012-03-27T15:15:46+00:00\",\"description\":\"Sitio web de noticias de la localidad de Tornquist, provincia de Buenos Aires, Rep\u00fablica Argentina. Contenido propio originado por periodistas de CELTTV, el canal de TV local de la Cooperativa El\u00e9ctrica de Tornquist. Turismo, Pol\u00edtica, Sociedad, Deporte, Cultura y todo el contenido de inter\u00e9s general que la gente del pueblo y la regi\u00f3n debe conocer.\",\"breadcrumb\":{\"@id\":\"https:\/\/www.celttv.com.ar\/index.php\/2012\/03\/27\/ya-se-palpita-la-1ra-fiesta-provincial-de-la-vendimia\/#breadcrumb\"},\"inLanguage\":\"es\",\"potentialAction\":[{\"@type\":\"ReadAction\",\"target\":[\"https:\/\/www.celttv.com.ar\/index.php\/2012\/03\/27\/ya-se-palpita-la-1ra-fiesta-provincial-de-la-vendimia\/\"]}]},{\"@type\":\"BreadcrumbList\",\"@id\":\"https:\/\/www.celttv.com.ar\/index.php\/2012\/03\/27\/ya-se-palpita-la-1ra-fiesta-provincial-de-la-vendimia\/#breadcrumb\",\"itemListElement\":[{\"@type\":\"ListItem\",\"position\":1,\"name\":\"Inicio\",\"item\":\"https:\/\/www.celttv.com.ar\/\"},{\"@type\":\"ListItem\",\"position\":2,\"name\":\"YA SE PALPITA LA 1RA. FIESTA PROVINCIAL DE LA VENDIMIA\"}]},{\"@type\":\"WebSite\",\"@id\":\"https:\/\/www.celttv.com.ar\/#website\",\"url\":\"https:\/\/www.celttv.com.ar\/\",\"name\":\"CELTTV\",\"description\":\"Cooperativa El\u00e9ctrica de Tornquist\",\"publisher\":{\"@id\":\"https:\/\/www.celttv.com.ar\/#organization\"},\"potentialAction\":[{\"@type\":\"SearchAction\",\"target\":{\"@type\":\"EntryPoint\",\"urlTemplate\":\"https:\/\/www.celttv.com.ar\/?s={search_term_string}\"},\"query-input\":\"required name=search_term_string\"}],\"inLanguage\":\"es\"},{\"@type\":\"Organization\",\"@id\":\"https:\/\/www.celttv.com.ar\/#organization\",\"name\":\"CELTTV\",\"url\":\"https:\/\/www.celttv.com.ar\/\",\"sameAs\":[\"https:\/\/www.youtube.com\/channel\/UCz_oIt8Hig64Ub-EmcNPIhg\",\"https:\/\/www.facebook.com\/celtTV\/\"],\"logo\":{\"@type\":\"ImageObject\",\"inLanguage\":\"es\",\"@id\":\"https:\/\/www.celttv.com.ar\/#\/schema\/logo\/image\/\",\"url\":\"http:\/\/www.celttv.com.ar\/wp-content\/uploads\/2022\/08\/logo-1.png\",\"contentUrl\":\"http:\/\/www.celttv.com.ar\/wp-content\/uploads\/2022\/08\/logo-1.png\",\"width\":461,\"height\":159,\"caption\":\"CELTTV\"},\"image\":{\"@id\":\"https:\/\/www.celttv.com.ar\/#\/schema\/logo\/image\/\"}},{\"@type\":\"Person\",\"@id\":\"https:\/\/www.celttv.com.ar\/#\/schema\/person\/6d99c072dba59953809c81446e9d0ace\",\"name\":\"ulises\",\"image\":{\"@type\":\"ImageObject\",\"inLanguage\":\"es\",\"@id\":\"https:\/\/www.celttv.com.ar\/#\/schema\/person\/image\/\",\"url\":\"https:\/\/secure.gravatar.com\/avatar\/7f2c48bdc33b30088f941fb6082e555f2874c98e20cb159d7b92b50eadfce793?s=96&d=mm&r=g\",\"contentUrl\":\"https:\/\/secure.gravatar.com\/avatar\/7f2c48bdc33b30088f941fb6082e555f2874c98e20cb159d7b92b50eadfce793?s=96&d=mm&r=g\",\"caption\":\"ulises\"},\"sameAs\":[\"http:\/\/www.celttv.com.ar\"]}]}<\/script>\n<!-- \/ Yoast SEO plugin. -->","yoast_head_json":{"title":"YA SE PALPITA LA 1RA. FIESTA PROVINCIAL DE LA VENDIMIA - CELTTV","description":"Sitio web de noticias de la localidad de Tornquist, provincia de Buenos Aires, Rep\u00fablica Argentina. Contenido propio originado por periodistas de CELTTV, el canal de TV local de la Cooperativa El\u00e9ctrica de Tornquist. Turismo, Pol\u00edtica, Sociedad, Deporte, Cultura y todo el contenido de inter\u00e9s general que la gente del pueblo y la regi\u00f3n debe conocer.","robots":{"index":"index","follow":"follow","max-snippet":"max-snippet:-1","max-image-preview":"max-image-preview:large","max-video-preview":"max-video-preview:-1"},"canonical":"https:\/\/www.celttv.com.ar\/index.php\/2012\/03\/27\/ya-se-palpita-la-1ra-fiesta-provincial-de-la-vendimia\/","og_locale":"es_ES","og_type":"article","og_title":"YA SE PALPITA LA 1RA. FIESTA PROVINCIAL DE LA VENDIMIA - CELTTV","og_description":"Sitio web de noticias de la localidad de Tornquist, provincia de Buenos Aires, Rep\u00fablica Argentina. Contenido propio originado por periodistas de CELTTV, el canal de TV local de la Cooperativa El\u00e9ctrica de Tornquist. Turismo, Pol\u00edtica, Sociedad, Deporte, Cultura y todo el contenido de inter\u00e9s general que la gente del pueblo y la regi\u00f3n debe conocer.","og_url":"https:\/\/www.celttv.com.ar\/index.php\/2012\/03\/27\/ya-se-palpita-la-1ra-fiesta-provincial-de-la-vendimia\/","og_site_name":"CELTTV","article_publisher":"https:\/\/www.facebook.com\/celtTV\/","article_published_time":"2012-03-27T15:15:46+00:00","author":"ulises","twitter_card":"summary_large_image","twitter_misc":{"Escrito por":"ulises","Tiempo de lectura":"3 minutos"},"schema":{"@context":"https:\/\/schema.org","@graph":[{"@type":"NewsArticle","@id":"https:\/\/www.celttv.com.ar\/index.php\/2012\/03\/27\/ya-se-palpita-la-1ra-fiesta-provincial-de-la-vendimia\/#article","isPartOf":{"@id":"https:\/\/www.celttv.com.ar\/index.php\/2012\/03\/27\/ya-se-palpita-la-1ra-fiesta-provincial-de-la-vendimia\/"},"author":{"name":"ulises","@id":"https:\/\/www.celttv.com.ar\/#\/schema\/person\/6d99c072dba59953809c81446e9d0ace"},"headline":"YA SE PALPITA LA 1RA. FIESTA PROVINCIAL DE LA VENDIMIA","datePublished":"2012-03-27T15:15:46+00:00","dateModified":"2012-03-27T15:15:46+00:00","mainEntityOfPage":{"@id":"https:\/\/www.celttv.com.ar\/index.php\/2012\/03\/27\/ya-se-palpita-la-1ra-fiesta-provincial-de-la-vendimia\/"},"wordCount":606,"publisher":{"@id":"https:\/\/www.celttv.com.ar\/#organization"},"articleSection":["Comunidad","Destacadas","Pol\u00edtica"],"inLanguage":"es"},{"@type":"WebPage","@id":"https:\/\/www.celttv.com.ar\/index.php\/2012\/03\/27\/ya-se-palpita-la-1ra-fiesta-provincial-de-la-vendimia\/","url":"https:\/\/www.celttv.com.ar\/index.php\/2012\/03\/27\/ya-se-palpita-la-1ra-fiesta-provincial-de-la-vendimia\/","name":"YA SE PALPITA LA 1RA. FIESTA PROVINCIAL DE LA VENDIMIA - CELTTV","isPartOf":{"@id":"https:\/\/www.celttv.com.ar\/#website"},"datePublished":"2012-03-27T15:15:46+00:00","dateModified":"2012-03-27T15:15:46+00:00","description":"Sitio web de noticias de la localidad de Tornquist, provincia de Buenos Aires, Rep\u00fablica Argentina. Contenido propio originado por periodistas de CELTTV, el canal de TV local de la Cooperativa El\u00e9ctrica de Tornquist. Turismo, Pol\u00edtica, Sociedad, Deporte, Cultura y todo el contenido de inter\u00e9s general que la gente del pueblo y la regi\u00f3n debe conocer.","breadcrumb":{"@id":"https:\/\/www.celttv.com.ar\/index.php\/2012\/03\/27\/ya-se-palpita-la-1ra-fiesta-provincial-de-la-vendimia\/#breadcrumb"},"inLanguage":"es","potentialAction":[{"@type":"ReadAction","target":["https:\/\/www.celttv.com.ar\/index.php\/2012\/03\/27\/ya-se-palpita-la-1ra-fiesta-provincial-de-la-vendimia\/"]}]},{"@type":"BreadcrumbList","@id":"https:\/\/www.celttv.com.ar\/index.php\/2012\/03\/27\/ya-se-palpita-la-1ra-fiesta-provincial-de-la-vendimia\/#breadcrumb","itemListElement":[{"@type":"ListItem","position":1,"name":"Inicio","item":"https:\/\/www.celttv.com.ar\/"},{"@type":"ListItem","position":2,"name":"YA SE PALPITA LA 1RA. FIESTA PROVINCIAL DE LA VENDIMIA"}]},{"@type":"WebSite","@id":"https:\/\/www.celttv.com.ar\/#website","url":"https:\/\/www.celttv.com.ar\/","name":"CELTTV","description":"Cooperativa El\u00e9ctrica de Tornquist","publisher":{"@id":"https:\/\/www.celttv.com.ar\/#organization"},"potentialAction":[{"@type":"SearchAction","target":{"@type":"EntryPoint","urlTemplate":"https:\/\/www.celttv.com.ar\/?s={search_term_string}"},"query-input":"required name=search_term_string"}],"inLanguage":"es"},{"@type":"Organization","@id":"https:\/\/www.celttv.com.ar\/#organization","name":"CELTTV","url":"https:\/\/www.celttv.com.ar\/","sameAs":["https:\/\/www.youtube.com\/channel\/UCz_oIt8Hig64Ub-EmcNPIhg","https:\/\/www.facebook.com\/celtTV\/"],"logo":{"@type":"ImageObject","inLanguage":"es","@id":"https:\/\/www.celttv.com.ar\/#\/schema\/logo\/image\/","url":"http:\/\/www.celttv.com.ar\/wp-content\/uploads\/2022\/08\/logo-1.png","contentUrl":"http:\/\/www.celttv.com.ar\/wp-content\/uploads\/2022\/08\/logo-1.png","width":461,"height":159,"caption":"CELTTV"},"image":{"@id":"https:\/\/www.celttv.com.ar\/#\/schema\/logo\/image\/"}},{"@type":"Person","@id":"https:\/\/www.celttv.com.ar\/#\/schema\/person\/6d99c072dba59953809c81446e9d0ace","name":"ulises","image":{"@type":"ImageObject","inLanguage":"es","@id":"https:\/\/www.celttv.com.ar\/#\/schema\/person\/image\/","url":"https:\/\/secure.gravatar.com\/avatar\/7f2c48bdc33b30088f941fb6082e555f2874c98e20cb159d7b92b50eadfce793?s=96&d=mm&r=g","contentUrl":"https:\/\/secure.gravatar.com\/avatar\/7f2c48bdc33b30088f941fb6082e555f2874c98e20cb159d7b92b50eadfce793?s=96&d=mm&r=g","caption":"ulises"},"sameAs":["http:\/\/www.celttv.com.ar"]}]}},"_links":{"self":[{"href":"https:\/\/www.celttv.com.ar\/index.php\/wp-json\/wp\/v2\/posts\/5614","targetHints":{"allow":["GET"]}}],"collection":[{"href":"https:\/\/www.celttv.com.ar\/index.php\/wp-json\/wp\/v2\/posts"}],"about":[{"href":"https:\/\/www.celttv.com.ar\/index.php\/wp-json\/wp\/v2\/types\/post"}],"author":[{"embeddable":true,"href":"https:\/\/www.celttv.com.ar\/index.php\/wp-json\/wp\/v2\/users\/1"}],"replies":[{"embeddable":true,"href":"https:\/\/www.celttv.com.ar\/index.php\/wp-json\/wp\/v2\/comments?post=5614"}],"version-history":[{"count":0,"href":"https:\/\/www.celttv.com.ar\/index.php\/wp-json\/wp\/v2\/posts\/5614\/revisions"}],"wp:attachment":[{"href":"https:\/\/www.celttv.com.ar\/index.php\/wp-json\/wp\/v2\/media?parent=5614"}],"wp:term":[{"taxonomy":"category","embeddable":true,"href":"https:\/\/www.celttv.com.ar\/index.php\/wp-json\/wp\/v2\/categories?post=5614"},{"taxonomy":"post_tag","embeddable":true,"href":"https:\/\/www.celttv.com.ar\/index.php\/wp-json\/wp\/v2\/tags?post=5614"}],"curies":[{"name":"wp","href":"https:\/\/api.w.org\/{rel}","templated":true}]}}