{"id":5621,"date":"2012-03-27T19:24:22","date_gmt":"2012-03-27T19:24:22","guid":{"rendered":"http:\/\/www.tvcnoticias.com.ar\/?p=5621"},"modified":"2012-03-27T19:24:22","modified_gmt":"2012-03-27T19:24:22","slug":"hilda-lizarazu-tambien-estara-en-la-fiesta-de-la-vendimia","status":"publish","type":"post","link":"https:\/\/www.celttv.com.ar\/index.php\/2012\/03\/27\/hilda-lizarazu-tambien-estara-en-la-fiesta-de-la-vendimia\/","title":{"rendered":"HILDA LIZARAZU TAMBIEN ESTARA EN LA FIESTA DE LA VENDIMIA"},"content":{"rendered":"<p><br \/>\nLa reconocida cantante de rock nacional Hilda Lizarazu tambi\u00e9n actuar\u00e1 en la 1\u00aa Fiesta Provincial de la Vendimia, que se desarrollar\u00e1 entre el s\u00e1bado y domingo en el predio de las ruinas del Club Hotel de la Ventana, ubicado en Villa Ventana.<br \/>\n\u00a0\u00a0 La artista reemplazar\u00e1 a Los S\u00faper Ratones, que debieron desistir de su participaci\u00f3n en la celebraci\u00f3n como consecuencia de un problema de salud de uno de sus integrantes, quien tendr\u00e1 que ser intervenido quir\u00fargicamente en las pr\u00f3ximas horas.<br \/>\n\u00a0\u00a0 Lizarazu, quien el a\u00f1o pasado integr\u00f3 el espect\u00e1culo presentado por Charly Garc\u00eda en Buenos Aires, repasar\u00e1 los principales temas de Futuro Perfecto, su \u00faltimo trabajo, y los \u00e9xitos de su extensa carrera como artista.<br \/>\n\u00a0\u00a0 Una de las principales voces femeninas del rock argentino lleva editados cuatro discos como solista, aunque anteriormente fue vocalista del grupo Man Ray, form\u00f3 parte de Los Twist y cant\u00f3 en varios de los trabajos de Charly Garc\u00eda.<br \/>\n\u00a0\u00a0 La Fiesta Provincial de la Vendimia significa una fuerte apuesta de la Municipalidad de Tornquist. Contar\u00e1 con 13 espect\u00e1culos musicales que pasar\u00e1n por el escenario, entre quienes tambi\u00e9n se destacan Ambo\u00e9, El Grupo Quattro, el mago Radgast y Los Jilgueros. Adem\u00e1s, estar\u00e1 el reconocido cheff Martiniano Molina, quien exhibir\u00e1 sus dotes culinarias con recetas elaboradas especialmente con vinos de las bodegas locales.<br \/>\n\u00a0\u00a0 Ambas jornadas tendr\u00e1n su punto de inicio a las 15 y, adem\u00e1s de los espect\u00e1culos, el predio tendr\u00e1 otros atractivos de inter\u00e9s, como paseo de artesanos, catas y maridaje, patio de comidas, charlas sobre vinoterapia y nuevo terroir, y visitas guiadas a las bodegas y a las ruinas del Club Hotel de la Ventana.<br \/>\n\u00a0\u00a0 En cuanto a los shows, el s\u00e1bado arrancar\u00e1 con el grupo local Pe\u00f1i Hue, para luego continuar con Fernando D\u00edaz, la Escuela Folkl\u00f3rica Municipal (que en breve cumplir\u00e1 sus Bodas de Plata), Enzo Pacho, Churio y Los Jilgueros. El cierre estar\u00e1 a cargo de Amboe, con su cl\u00e1sico repertorio de folklore y chamam\u00e9.<br \/>\n\u00a0\u00a0 El domingo tambi\u00e9n se iniciar\u00e1 con la actuaci\u00f3n de un artista del distrito: Jonathan Rondan. Despu\u00e9s del cantante de tango se subir\u00e1n al escenario Los Creadores, Brancka Rock, Los S\u00faper Ratones (que repasar\u00e1n sus cl\u00e1sicos del rock nacional), el mago Radagast (con su show humor\u00edstico y de magia) y el Grupo Quattro, que le pondr\u00e1 el broche de oro a la noche de cierre.<br \/>\n\u00a0\u00a0 En medio de esos espect\u00e1culos se presentar\u00e1 el cheff Martiniano Molina.<br \/>\nPrensa Municipalidad de Tornquist (<a href=\"mailto:prensa@tornquist.gov.ar\">prensa@tornquist.gov.ar<\/a>)<br \/>\nTwitter: @prensatornquist<br \/>\n<a href=\"http:\/\/www.tornquist.gov.ar\/\">www.tornquist.gov.ar<\/a><\/p>\n","protected":false},"excerpt":{"rendered":"<p>La reconocida cantante de rock nacional Hilda Lizarazu tambi\u00e9n actuar\u00e1 en la 1\u00aa Fiesta Provincial de la Vendimia, que se desarrollar\u00e1 entre el s\u00e1bado y domingo en el predio de las ruinas del Club Hotel de la Ventana, ubicado en Villa Ventana. \u00a0\u00a0 La artista reemplazar\u00e1 a Los S\u00faper Ratones, que debieron desistir de su [&hellip;]<\/p>\n","protected":false},"author":1,"featured_media":0,"comment_status":"closed","ping_status":"open","sticky":false,"template":"","format":"standard","meta":{"footnotes":""},"categories":[51,52,56,53],"tags":[],"class_list":["post-5621","post","type-post","status-publish","format-standard","hentry","category-comunidad","category-destacadas","category-espectaculos","category-politica"],"yoast_head":"<!-- This site is optimized with the Yoast SEO plugin v19.7.1 - https:\/\/yoast.com\/wordpress\/plugins\/seo\/ -->\n<title>HILDA LIZARAZU TAMBIEN ESTARA EN LA FIESTA DE LA VENDIMIA - CELTTV<\/title>\n<meta name=\"description\" content=\"Sitio web de noticias de la localidad de Tornquist, provincia de Buenos Aires, Rep\u00fablica Argentina. Contenido propio originado por periodistas de CELTTV, el canal de TV local de la Cooperativa El\u00e9ctrica de Tornquist. Turismo, Pol\u00edtica, Sociedad, Deporte, Cultura y todo el contenido de inter\u00e9s general que la gente del pueblo y la regi\u00f3n debe conocer.\" \/>\n<meta name=\"robots\" content=\"index, follow, max-snippet:-1, max-image-preview:large, max-video-preview:-1\" \/>\n<link rel=\"canonical\" href=\"https:\/\/www.celttv.com.ar\/index.php\/2012\/03\/27\/hilda-lizarazu-tambien-estara-en-la-fiesta-de-la-vendimia\/\" \/>\n<meta property=\"og:locale\" content=\"es_ES\" \/>\n<meta property=\"og:type\" content=\"article\" \/>\n<meta property=\"og:title\" content=\"HILDA LIZARAZU TAMBIEN ESTARA EN LA FIESTA DE LA VENDIMIA - CELTTV\" \/>\n<meta property=\"og:description\" content=\"Sitio web de noticias de la localidad de Tornquist, provincia de Buenos Aires, Rep\u00fablica Argentina. Contenido propio originado por periodistas de CELTTV, el canal de TV local de la Cooperativa El\u00e9ctrica de Tornquist. Turismo, Pol\u00edtica, Sociedad, Deporte, Cultura y todo el contenido de inter\u00e9s general que la gente del pueblo y la regi\u00f3n debe conocer.\" \/>\n<meta property=\"og:url\" content=\"https:\/\/www.celttv.com.ar\/index.php\/2012\/03\/27\/hilda-lizarazu-tambien-estara-en-la-fiesta-de-la-vendimia\/\" \/>\n<meta property=\"og:site_name\" content=\"CELTTV\" \/>\n<meta property=\"article:publisher\" content=\"https:\/\/www.facebook.com\/celtTV\/\" \/>\n<meta property=\"article:published_time\" content=\"2012-03-27T19:24:22+00:00\" \/>\n<meta name=\"author\" content=\"ulises\" \/>\n<meta name=\"twitter:card\" content=\"summary_large_image\" \/>\n<meta name=\"twitter:label1\" content=\"Escrito por\" \/>\n\t<meta name=\"twitter:data1\" content=\"ulises\" \/>\n\t<meta name=\"twitter:label2\" content=\"Tiempo de lectura\" \/>\n\t<meta name=\"twitter:data2\" content=\"2 minutos\" \/>\n<script type=\"application\/ld+json\" class=\"yoast-schema-graph\">{\"@context\":\"https:\/\/schema.org\",\"@graph\":[{\"@type\":\"NewsArticle\",\"@id\":\"https:\/\/www.celttv.com.ar\/index.php\/2012\/03\/27\/hilda-lizarazu-tambien-estara-en-la-fiesta-de-la-vendimia\/#article\",\"isPartOf\":{\"@id\":\"https:\/\/www.celttv.com.ar\/index.php\/2012\/03\/27\/hilda-lizarazu-tambien-estara-en-la-fiesta-de-la-vendimia\/\"},\"author\":{\"name\":\"ulises\",\"@id\":\"https:\/\/www.celttv.com.ar\/#\/schema\/person\/6d99c072dba59953809c81446e9d0ace\"},\"headline\":\"HILDA LIZARAZU TAMBIEN ESTARA EN LA FIESTA DE LA VENDIMIA\",\"datePublished\":\"2012-03-27T19:24:22+00:00\",\"dateModified\":\"2012-03-27T19:24:22+00:00\",\"mainEntityOfPage\":{\"@id\":\"https:\/\/www.celttv.com.ar\/index.php\/2012\/03\/27\/hilda-lizarazu-tambien-estara-en-la-fiesta-de-la-vendimia\/\"},\"wordCount\":454,\"publisher\":{\"@id\":\"https:\/\/www.celttv.com.ar\/#organization\"},\"articleSection\":[\"Comunidad\",\"Destacadas\",\"Espect\u00e1culos\",\"Pol\u00edtica\"],\"inLanguage\":\"es\"},{\"@type\":\"WebPage\",\"@id\":\"https:\/\/www.celttv.com.ar\/index.php\/2012\/03\/27\/hilda-lizarazu-tambien-estara-en-la-fiesta-de-la-vendimia\/\",\"url\":\"https:\/\/www.celttv.com.ar\/index.php\/2012\/03\/27\/hilda-lizarazu-tambien-estara-en-la-fiesta-de-la-vendimia\/\",\"name\":\"HILDA LIZARAZU TAMBIEN ESTARA EN LA FIESTA DE LA VENDIMIA - CELTTV\",\"isPartOf\":{\"@id\":\"https:\/\/www.celttv.com.ar\/#website\"},\"datePublished\":\"2012-03-27T19:24:22+00:00\",\"dateModified\":\"2012-03-27T19:24:22+00:00\",\"description\":\"Sitio web de noticias de la localidad de Tornquist, provincia de Buenos Aires, Rep\u00fablica Argentina. Contenido propio originado por periodistas de CELTTV, el canal de TV local de la Cooperativa El\u00e9ctrica de Tornquist. Turismo, Pol\u00edtica, Sociedad, Deporte, Cultura y todo el contenido de inter\u00e9s general que la gente del pueblo y la regi\u00f3n debe conocer.\",\"breadcrumb\":{\"@id\":\"https:\/\/www.celttv.com.ar\/index.php\/2012\/03\/27\/hilda-lizarazu-tambien-estara-en-la-fiesta-de-la-vendimia\/#breadcrumb\"},\"inLanguage\":\"es\",\"potentialAction\":[{\"@type\":\"ReadAction\",\"target\":[\"https:\/\/www.celttv.com.ar\/index.php\/2012\/03\/27\/hilda-lizarazu-tambien-estara-en-la-fiesta-de-la-vendimia\/\"]}]},{\"@type\":\"BreadcrumbList\",\"@id\":\"https:\/\/www.celttv.com.ar\/index.php\/2012\/03\/27\/hilda-lizarazu-tambien-estara-en-la-fiesta-de-la-vendimia\/#breadcrumb\",\"itemListElement\":[{\"@type\":\"ListItem\",\"position\":1,\"name\":\"Inicio\",\"item\":\"https:\/\/www.celttv.com.ar\/\"},{\"@type\":\"ListItem\",\"position\":2,\"name\":\"HILDA LIZARAZU TAMBIEN ESTARA EN LA FIESTA DE LA VENDIMIA\"}]},{\"@type\":\"WebSite\",\"@id\":\"https:\/\/www.celttv.com.ar\/#website\",\"url\":\"https:\/\/www.celttv.com.ar\/\",\"name\":\"CELTTV\",\"description\":\"Cooperativa El\u00e9ctrica de Tornquist\",\"publisher\":{\"@id\":\"https:\/\/www.celttv.com.ar\/#organization\"},\"potentialAction\":[{\"@type\":\"SearchAction\",\"target\":{\"@type\":\"EntryPoint\",\"urlTemplate\":\"https:\/\/www.celttv.com.ar\/?s={search_term_string}\"},\"query-input\":\"required name=search_term_string\"}],\"inLanguage\":\"es\"},{\"@type\":\"Organization\",\"@id\":\"https:\/\/www.celttv.com.ar\/#organization\",\"name\":\"CELTTV\",\"url\":\"https:\/\/www.celttv.com.ar\/\",\"sameAs\":[\"https:\/\/www.youtube.com\/channel\/UCz_oIt8Hig64Ub-EmcNPIhg\",\"https:\/\/www.facebook.com\/celtTV\/\"],\"logo\":{\"@type\":\"ImageObject\",\"inLanguage\":\"es\",\"@id\":\"https:\/\/www.celttv.com.ar\/#\/schema\/logo\/image\/\",\"url\":\"http:\/\/www.celttv.com.ar\/wp-content\/uploads\/2022\/08\/logo-1.png\",\"contentUrl\":\"http:\/\/www.celttv.com.ar\/wp-content\/uploads\/2022\/08\/logo-1.png\",\"width\":461,\"height\":159,\"caption\":\"CELTTV\"},\"image\":{\"@id\":\"https:\/\/www.celttv.com.ar\/#\/schema\/logo\/image\/\"}},{\"@type\":\"Person\",\"@id\":\"https:\/\/www.celttv.com.ar\/#\/schema\/person\/6d99c072dba59953809c81446e9d0ace\",\"name\":\"ulises\",\"image\":{\"@type\":\"ImageObject\",\"inLanguage\":\"es\",\"@id\":\"https:\/\/www.celttv.com.ar\/#\/schema\/person\/image\/\",\"url\":\"https:\/\/secure.gravatar.com\/avatar\/7f2c48bdc33b30088f941fb6082e555f2874c98e20cb159d7b92b50eadfce793?s=96&d=mm&r=g\",\"contentUrl\":\"https:\/\/secure.gravatar.com\/avatar\/7f2c48bdc33b30088f941fb6082e555f2874c98e20cb159d7b92b50eadfce793?s=96&d=mm&r=g\",\"caption\":\"ulises\"},\"sameAs\":[\"http:\/\/www.celttv.com.ar\"]}]}<\/script>\n<!-- \/ Yoast SEO plugin. -->","yoast_head_json":{"title":"HILDA LIZARAZU TAMBIEN ESTARA EN LA FIESTA DE LA VENDIMIA - CELTTV","description":"Sitio web de noticias de la localidad de Tornquist, provincia de Buenos Aires, Rep\u00fablica Argentina. Contenido propio originado por periodistas de CELTTV, el canal de TV local de la Cooperativa El\u00e9ctrica de Tornquist. Turismo, Pol\u00edtica, Sociedad, Deporte, Cultura y todo el contenido de inter\u00e9s general que la gente del pueblo y la regi\u00f3n debe conocer.","robots":{"index":"index","follow":"follow","max-snippet":"max-snippet:-1","max-image-preview":"max-image-preview:large","max-video-preview":"max-video-preview:-1"},"canonical":"https:\/\/www.celttv.com.ar\/index.php\/2012\/03\/27\/hilda-lizarazu-tambien-estara-en-la-fiesta-de-la-vendimia\/","og_locale":"es_ES","og_type":"article","og_title":"HILDA LIZARAZU TAMBIEN ESTARA EN LA FIESTA DE LA VENDIMIA - CELTTV","og_description":"Sitio web de noticias de la localidad de Tornquist, provincia de Buenos Aires, Rep\u00fablica Argentina. Contenido propio originado por periodistas de CELTTV, el canal de TV local de la Cooperativa El\u00e9ctrica de Tornquist. Turismo, Pol\u00edtica, Sociedad, Deporte, Cultura y todo el contenido de inter\u00e9s general que la gente del pueblo y la regi\u00f3n debe conocer.","og_url":"https:\/\/www.celttv.com.ar\/index.php\/2012\/03\/27\/hilda-lizarazu-tambien-estara-en-la-fiesta-de-la-vendimia\/","og_site_name":"CELTTV","article_publisher":"https:\/\/www.facebook.com\/celtTV\/","article_published_time":"2012-03-27T19:24:22+00:00","author":"ulises","twitter_card":"summary_large_image","twitter_misc":{"Escrito por":"ulises","Tiempo de lectura":"2 minutos"},"schema":{"@context":"https:\/\/schema.org","@graph":[{"@type":"NewsArticle","@id":"https:\/\/www.celttv.com.ar\/index.php\/2012\/03\/27\/hilda-lizarazu-tambien-estara-en-la-fiesta-de-la-vendimia\/#article","isPartOf":{"@id":"https:\/\/www.celttv.com.ar\/index.php\/2012\/03\/27\/hilda-lizarazu-tambien-estara-en-la-fiesta-de-la-vendimia\/"},"author":{"name":"ulises","@id":"https:\/\/www.celttv.com.ar\/#\/schema\/person\/6d99c072dba59953809c81446e9d0ace"},"headline":"HILDA LIZARAZU TAMBIEN ESTARA EN LA FIESTA DE LA VENDIMIA","datePublished":"2012-03-27T19:24:22+00:00","dateModified":"2012-03-27T19:24:22+00:00","mainEntityOfPage":{"@id":"https:\/\/www.celttv.com.ar\/index.php\/2012\/03\/27\/hilda-lizarazu-tambien-estara-en-la-fiesta-de-la-vendimia\/"},"wordCount":454,"publisher":{"@id":"https:\/\/www.celttv.com.ar\/#organization"},"articleSection":["Comunidad","Destacadas","Espect\u00e1culos","Pol\u00edtica"],"inLanguage":"es"},{"@type":"WebPage","@id":"https:\/\/www.celttv.com.ar\/index.php\/2012\/03\/27\/hilda-lizarazu-tambien-estara-en-la-fiesta-de-la-vendimia\/","url":"https:\/\/www.celttv.com.ar\/index.php\/2012\/03\/27\/hilda-lizarazu-tambien-estara-en-la-fiesta-de-la-vendimia\/","name":"HILDA LIZARAZU TAMBIEN ESTARA EN LA FIESTA DE LA VENDIMIA - CELTTV","isPartOf":{"@id":"https:\/\/www.celttv.com.ar\/#website"},"datePublished":"2012-03-27T19:24:22+00:00","dateModified":"2012-03-27T19:24:22+00:00","description":"Sitio web de noticias de la localidad de Tornquist, provincia de Buenos Aires, Rep\u00fablica Argentina. Contenido propio originado por periodistas de CELTTV, el canal de TV local de la Cooperativa El\u00e9ctrica de Tornquist. Turismo, Pol\u00edtica, Sociedad, Deporte, Cultura y todo el contenido de inter\u00e9s general que la gente del pueblo y la regi\u00f3n debe conocer.","breadcrumb":{"@id":"https:\/\/www.celttv.com.ar\/index.php\/2012\/03\/27\/hilda-lizarazu-tambien-estara-en-la-fiesta-de-la-vendimia\/#breadcrumb"},"inLanguage":"es","potentialAction":[{"@type":"ReadAction","target":["https:\/\/www.celttv.com.ar\/index.php\/2012\/03\/27\/hilda-lizarazu-tambien-estara-en-la-fiesta-de-la-vendimia\/"]}]},{"@type":"BreadcrumbList","@id":"https:\/\/www.celttv.com.ar\/index.php\/2012\/03\/27\/hilda-lizarazu-tambien-estara-en-la-fiesta-de-la-vendimia\/#breadcrumb","itemListElement":[{"@type":"ListItem","position":1,"name":"Inicio","item":"https:\/\/www.celttv.com.ar\/"},{"@type":"ListItem","position":2,"name":"HILDA LIZARAZU TAMBIEN ESTARA EN LA FIESTA DE LA VENDIMIA"}]},{"@type":"WebSite","@id":"https:\/\/www.celttv.com.ar\/#website","url":"https:\/\/www.celttv.com.ar\/","name":"CELTTV","description":"Cooperativa El\u00e9ctrica de Tornquist","publisher":{"@id":"https:\/\/www.celttv.com.ar\/#organization"},"potentialAction":[{"@type":"SearchAction","target":{"@type":"EntryPoint","urlTemplate":"https:\/\/www.celttv.com.ar\/?s={search_term_string}"},"query-input":"required name=search_term_string"}],"inLanguage":"es"},{"@type":"Organization","@id":"https:\/\/www.celttv.com.ar\/#organization","name":"CELTTV","url":"https:\/\/www.celttv.com.ar\/","sameAs":["https:\/\/www.youtube.com\/channel\/UCz_oIt8Hig64Ub-EmcNPIhg","https:\/\/www.facebook.com\/celtTV\/"],"logo":{"@type":"ImageObject","inLanguage":"es","@id":"https:\/\/www.celttv.com.ar\/#\/schema\/logo\/image\/","url":"http:\/\/www.celttv.com.ar\/wp-content\/uploads\/2022\/08\/logo-1.png","contentUrl":"http:\/\/www.celttv.com.ar\/wp-content\/uploads\/2022\/08\/logo-1.png","width":461,"height":159,"caption":"CELTTV"},"image":{"@id":"https:\/\/www.celttv.com.ar\/#\/schema\/logo\/image\/"}},{"@type":"Person","@id":"https:\/\/www.celttv.com.ar\/#\/schema\/person\/6d99c072dba59953809c81446e9d0ace","name":"ulises","image":{"@type":"ImageObject","inLanguage":"es","@id":"https:\/\/www.celttv.com.ar\/#\/schema\/person\/image\/","url":"https:\/\/secure.gravatar.com\/avatar\/7f2c48bdc33b30088f941fb6082e555f2874c98e20cb159d7b92b50eadfce793?s=96&d=mm&r=g","contentUrl":"https:\/\/secure.gravatar.com\/avatar\/7f2c48bdc33b30088f941fb6082e555f2874c98e20cb159d7b92b50eadfce793?s=96&d=mm&r=g","caption":"ulises"},"sameAs":["http:\/\/www.celttv.com.ar"]}]}},"_links":{"self":[{"href":"https:\/\/www.celttv.com.ar\/index.php\/wp-json\/wp\/v2\/posts\/5621","targetHints":{"allow":["GET"]}}],"collection":[{"href":"https:\/\/www.celttv.com.ar\/index.php\/wp-json\/wp\/v2\/posts"}],"about":[{"href":"https:\/\/www.celttv.com.ar\/index.php\/wp-json\/wp\/v2\/types\/post"}],"author":[{"embeddable":true,"href":"https:\/\/www.celttv.com.ar\/index.php\/wp-json\/wp\/v2\/users\/1"}],"replies":[{"embeddable":true,"href":"https:\/\/www.celttv.com.ar\/index.php\/wp-json\/wp\/v2\/comments?post=5621"}],"version-history":[{"count":0,"href":"https:\/\/www.celttv.com.ar\/index.php\/wp-json\/wp\/v2\/posts\/5621\/revisions"}],"wp:attachment":[{"href":"https:\/\/www.celttv.com.ar\/index.php\/wp-json\/wp\/v2\/media?parent=5621"}],"wp:term":[{"taxonomy":"category","embeddable":true,"href":"https:\/\/www.celttv.com.ar\/index.php\/wp-json\/wp\/v2\/categories?post=5621"},{"taxonomy":"post_tag","embeddable":true,"href":"https:\/\/www.celttv.com.ar\/index.php\/wp-json\/wp\/v2\/tags?post=5621"}],"curies":[{"name":"wp","href":"https:\/\/api.w.org\/{rel}","templated":true}]}}