{"id":56433,"date":"2021-03-17T20:36:58","date_gmt":"2021-03-17T20:36:58","guid":{"rendered":"http:\/\/www.celttv.com.ar\/?p=56433"},"modified":"2021-03-17T20:36:58","modified_gmt":"2021-03-17T20:36:58","slug":"se-incorporo-un-medico-clinico-a-la-unidad-sanitaria-de-villa-ventana","status":"publish","type":"post","link":"https:\/\/www.celttv.com.ar\/index.php\/2021\/03\/17\/se-incorporo-un-medico-clinico-a-la-unidad-sanitaria-de-villa-ventana\/","title":{"rendered":"Se incorpor\u00f3 un m\u00e9dico cl\u00ednico a la Unidad Sanitaria de Villa Ventana"},"content":{"rendered":"\n<p>Este 17 de marzo se incorpor\u00f3 a la Unidad Sanitaria de Villa Ventana el Dr. Franco Cruciani, m\u00e9dico cl\u00ednico que brindar\u00e1 atenci\u00f3n de consultorio todos los mi\u00e9rcoles y jueves.<\/p>\n\n\n\n<p>Por turnos o consultas, comunicarse al (0291) 4910250.<\/p>\n\n\n\n<figure class=\"wp-block-image size-large\"><img loading=\"lazy\" decoding=\"async\" width=\"1400\" height=\"786\" src=\"http:\/\/www.celttv.com.ar\/wp-content\/uploads\/2021\/03\/Unid-Sanitaria-Villa-Ventana.jpg\" alt=\"\" class=\"wp-image-56434\" srcset=\"https:\/\/www.celttv.com.ar\/wp-content\/uploads\/2021\/03\/Unid-Sanitaria-Villa-Ventana.jpg 1400w, https:\/\/www.celttv.com.ar\/wp-content\/uploads\/2021\/03\/Unid-Sanitaria-Villa-Ventana-300x168.jpg 300w, https:\/\/www.celttv.com.ar\/wp-content\/uploads\/2021\/03\/Unid-Sanitaria-Villa-Ventana-1024x575.jpg 1024w, https:\/\/www.celttv.com.ar\/wp-content\/uploads\/2021\/03\/Unid-Sanitaria-Villa-Ventana-768x431.jpg 768w, https:\/\/www.celttv.com.ar\/wp-content\/uploads\/2021\/03\/Unid-Sanitaria-Villa-Ventana-750x421.jpg 750w, https:\/\/www.celttv.com.ar\/wp-content\/uploads\/2021\/03\/Unid-Sanitaria-Villa-Ventana-1140x640.jpg 1140w\" sizes=\"auto, (max-width: 1400px) 100vw, 1400px\" \/><\/figure>\n","protected":false},"excerpt":{"rendered":"<p>Este 17 de marzo se incorpor\u00f3 a la Unidad Sanitaria de Villa Ventana el Dr. Franco Cruciani, m\u00e9dico cl\u00ednico que brindar\u00e1 atenci\u00f3n de consultorio todos los mi\u00e9rcoles y jueves. Por turnos o consultas, comunicarse al (0291) 4910250.<\/p>\n","protected":false},"author":1,"featured_media":56434,"comment_status":"closed","ping_status":"open","sticky":false,"template":"","format":"standard","meta":{"footnotes":""},"categories":[55,51,52],"tags":[],"class_list":["post-56433","post","type-post","status-publish","format-standard","has-post-thumbnail","hentry","category-celt-tv-noticias","category-comunidad","category-destacadas"],"yoast_head":"<!-- This site is optimized with the Yoast SEO plugin v19.7.1 - https:\/\/yoast.com\/wordpress\/plugins\/seo\/ -->\n<title>Se incorpor\u00f3 un m\u00e9dico cl\u00ednico a la Unidad Sanitaria de Villa Ventana - CELTTV<\/title>\n<meta name=\"description\" content=\"Sitio web de noticias de la localidad de Tornquist, provincia de Buenos Aires, Rep\u00fablica Argentina. Contenido propio originado por periodistas de CELTTV, el canal de TV local de la Cooperativa El\u00e9ctrica de Tornquist. Turismo, Pol\u00edtica, Sociedad, Deporte, Cultura y todo el contenido de inter\u00e9s general que la gente del pueblo y la regi\u00f3n debe conocer.\" \/>\n<meta name=\"robots\" content=\"index, follow, max-snippet:-1, max-image-preview:large, max-video-preview:-1\" \/>\n<link rel=\"canonical\" href=\"https:\/\/www.celttv.com.ar\/index.php\/2021\/03\/17\/se-incorporo-un-medico-clinico-a-la-unidad-sanitaria-de-villa-ventana\/\" \/>\n<meta property=\"og:locale\" content=\"es_ES\" \/>\n<meta property=\"og:type\" content=\"article\" \/>\n<meta property=\"og:title\" content=\"Se incorpor\u00f3 un m\u00e9dico cl\u00ednico a la Unidad Sanitaria de Villa Ventana - CELTTV\" \/>\n<meta property=\"og:description\" content=\"Sitio web de noticias de la localidad de Tornquist, provincia de Buenos Aires, Rep\u00fablica Argentina. Contenido propio originado por periodistas de CELTTV, el canal de TV local de la Cooperativa El\u00e9ctrica de Tornquist. Turismo, Pol\u00edtica, Sociedad, Deporte, Cultura y todo el contenido de inter\u00e9s general que la gente del pueblo y la regi\u00f3n debe conocer.\" \/>\n<meta property=\"og:url\" content=\"https:\/\/www.celttv.com.ar\/index.php\/2021\/03\/17\/se-incorporo-un-medico-clinico-a-la-unidad-sanitaria-de-villa-ventana\/\" \/>\n<meta property=\"og:site_name\" content=\"CELTTV\" \/>\n<meta property=\"article:publisher\" content=\"https:\/\/www.facebook.com\/celtTV\/\" \/>\n<meta property=\"article:published_time\" content=\"2021-03-17T20:36:58+00:00\" \/>\n<meta property=\"og:image\" content=\"https:\/\/www.celttv.com.ar\/wp-content\/uploads\/2021\/03\/Unid-Sanitaria-Villa-Ventana.jpg\" \/>\n\t<meta property=\"og:image:width\" content=\"1400\" \/>\n\t<meta property=\"og:image:height\" content=\"786\" \/>\n\t<meta property=\"og:image:type\" content=\"image\/jpeg\" \/>\n<meta name=\"author\" content=\"ulises\" \/>\n<meta name=\"twitter:card\" content=\"summary_large_image\" \/>\n<meta name=\"twitter:label1\" content=\"Escrito por\" \/>\n\t<meta name=\"twitter:data1\" content=\"ulises\" \/>\n<script type=\"application\/ld+json\" class=\"yoast-schema-graph\">{\"@context\":\"https:\/\/schema.org\",\"@graph\":[{\"@type\":\"NewsArticle\",\"@id\":\"https:\/\/www.celttv.com.ar\/index.php\/2021\/03\/17\/se-incorporo-un-medico-clinico-a-la-unidad-sanitaria-de-villa-ventana\/#article\",\"isPartOf\":{\"@id\":\"https:\/\/www.celttv.com.ar\/index.php\/2021\/03\/17\/se-incorporo-un-medico-clinico-a-la-unidad-sanitaria-de-villa-ventana\/\"},\"author\":{\"name\":\"ulises\",\"@id\":\"https:\/\/www.celttv.com.ar\/#\/schema\/person\/6d99c072dba59953809c81446e9d0ace\"},\"headline\":\"Se incorpor\u00f3 un m\u00e9dico cl\u00ednico a la Unidad Sanitaria de Villa Ventana\",\"datePublished\":\"2021-03-17T20:36:58+00:00\",\"dateModified\":\"2021-03-17T20:36:58+00:00\",\"mainEntityOfPage\":{\"@id\":\"https:\/\/www.celttv.com.ar\/index.php\/2021\/03\/17\/se-incorporo-un-medico-clinico-a-la-unidad-sanitaria-de-villa-ventana\/\"},\"wordCount\":52,\"publisher\":{\"@id\":\"https:\/\/www.celttv.com.ar\/#organization\"},\"articleSection\":[\"Celt TV Noticias\",\"Comunidad\",\"Destacadas\"],\"inLanguage\":\"es\"},{\"@type\":\"WebPage\",\"@id\":\"https:\/\/www.celttv.com.ar\/index.php\/2021\/03\/17\/se-incorporo-un-medico-clinico-a-la-unidad-sanitaria-de-villa-ventana\/\",\"url\":\"https:\/\/www.celttv.com.ar\/index.php\/2021\/03\/17\/se-incorporo-un-medico-clinico-a-la-unidad-sanitaria-de-villa-ventana\/\",\"name\":\"Se incorpor\u00f3 un m\u00e9dico cl\u00ednico a la Unidad Sanitaria de Villa Ventana - CELTTV\",\"isPartOf\":{\"@id\":\"https:\/\/www.celttv.com.ar\/#website\"},\"datePublished\":\"2021-03-17T20:36:58+00:00\",\"dateModified\":\"2021-03-17T20:36:58+00:00\",\"description\":\"Sitio web de noticias de la localidad de Tornquist, provincia de Buenos Aires, Rep\u00fablica Argentina. Contenido propio originado por periodistas de CELTTV, el canal de TV local de la Cooperativa El\u00e9ctrica de Tornquist. Turismo, Pol\u00edtica, Sociedad, Deporte, Cultura y todo el contenido de inter\u00e9s general que la gente del pueblo y la regi\u00f3n debe conocer.\",\"breadcrumb\":{\"@id\":\"https:\/\/www.celttv.com.ar\/index.php\/2021\/03\/17\/se-incorporo-un-medico-clinico-a-la-unidad-sanitaria-de-villa-ventana\/#breadcrumb\"},\"inLanguage\":\"es\",\"potentialAction\":[{\"@type\":\"ReadAction\",\"target\":[\"https:\/\/www.celttv.com.ar\/index.php\/2021\/03\/17\/se-incorporo-un-medico-clinico-a-la-unidad-sanitaria-de-villa-ventana\/\"]}]},{\"@type\":\"BreadcrumbList\",\"@id\":\"https:\/\/www.celttv.com.ar\/index.php\/2021\/03\/17\/se-incorporo-un-medico-clinico-a-la-unidad-sanitaria-de-villa-ventana\/#breadcrumb\",\"itemListElement\":[{\"@type\":\"ListItem\",\"position\":1,\"name\":\"Inicio\",\"item\":\"https:\/\/www.celttv.com.ar\/\"},{\"@type\":\"ListItem\",\"position\":2,\"name\":\"Se incorpor\u00f3 un m\u00e9dico cl\u00ednico a la Unidad Sanitaria de Villa Ventana\"}]},{\"@type\":\"WebSite\",\"@id\":\"https:\/\/www.celttv.com.ar\/#website\",\"url\":\"https:\/\/www.celttv.com.ar\/\",\"name\":\"CELTTV\",\"description\":\"Cooperativa El\u00e9ctrica de Tornquist\",\"publisher\":{\"@id\":\"https:\/\/www.celttv.com.ar\/#organization\"},\"potentialAction\":[{\"@type\":\"SearchAction\",\"target\":{\"@type\":\"EntryPoint\",\"urlTemplate\":\"https:\/\/www.celttv.com.ar\/?s={search_term_string}\"},\"query-input\":\"required name=search_term_string\"}],\"inLanguage\":\"es\"},{\"@type\":\"Organization\",\"@id\":\"https:\/\/www.celttv.com.ar\/#organization\",\"name\":\"CELTTV\",\"url\":\"https:\/\/www.celttv.com.ar\/\",\"sameAs\":[\"https:\/\/www.youtube.com\/channel\/UCz_oIt8Hig64Ub-EmcNPIhg\",\"https:\/\/www.facebook.com\/celtTV\/\"],\"logo\":{\"@type\":\"ImageObject\",\"inLanguage\":\"es\",\"@id\":\"https:\/\/www.celttv.com.ar\/#\/schema\/logo\/image\/\",\"url\":\"http:\/\/www.celttv.com.ar\/wp-content\/uploads\/2022\/08\/logo-1.png\",\"contentUrl\":\"http:\/\/www.celttv.com.ar\/wp-content\/uploads\/2022\/08\/logo-1.png\",\"width\":461,\"height\":159,\"caption\":\"CELTTV\"},\"image\":{\"@id\":\"https:\/\/www.celttv.com.ar\/#\/schema\/logo\/image\/\"}},{\"@type\":\"Person\",\"@id\":\"https:\/\/www.celttv.com.ar\/#\/schema\/person\/6d99c072dba59953809c81446e9d0ace\",\"name\":\"ulises\",\"image\":{\"@type\":\"ImageObject\",\"inLanguage\":\"es\",\"@id\":\"https:\/\/www.celttv.com.ar\/#\/schema\/person\/image\/\",\"url\":\"https:\/\/secure.gravatar.com\/avatar\/7f2c48bdc33b30088f941fb6082e555f2874c98e20cb159d7b92b50eadfce793?s=96&d=mm&r=g\",\"contentUrl\":\"https:\/\/secure.gravatar.com\/avatar\/7f2c48bdc33b30088f941fb6082e555f2874c98e20cb159d7b92b50eadfce793?s=96&d=mm&r=g\",\"caption\":\"ulises\"},\"sameAs\":[\"http:\/\/www.celttv.com.ar\"]}]}<\/script>\n<!-- \/ Yoast SEO plugin. -->","yoast_head_json":{"title":"Se incorpor\u00f3 un m\u00e9dico cl\u00ednico a la Unidad Sanitaria de Villa Ventana - CELTTV","description":"Sitio web de noticias de la localidad de Tornquist, provincia de Buenos Aires, Rep\u00fablica Argentina. Contenido propio originado por periodistas de CELTTV, el canal de TV local de la Cooperativa El\u00e9ctrica de Tornquist. Turismo, Pol\u00edtica, Sociedad, Deporte, Cultura y todo el contenido de inter\u00e9s general que la gente del pueblo y la regi\u00f3n debe conocer.","robots":{"index":"index","follow":"follow","max-snippet":"max-snippet:-1","max-image-preview":"max-image-preview:large","max-video-preview":"max-video-preview:-1"},"canonical":"https:\/\/www.celttv.com.ar\/index.php\/2021\/03\/17\/se-incorporo-un-medico-clinico-a-la-unidad-sanitaria-de-villa-ventana\/","og_locale":"es_ES","og_type":"article","og_title":"Se incorpor\u00f3 un m\u00e9dico cl\u00ednico a la Unidad Sanitaria de Villa Ventana - CELTTV","og_description":"Sitio web de noticias de la localidad de Tornquist, provincia de Buenos Aires, Rep\u00fablica Argentina. Contenido propio originado por periodistas de CELTTV, el canal de TV local de la Cooperativa El\u00e9ctrica de Tornquist. Turismo, Pol\u00edtica, Sociedad, Deporte, Cultura y todo el contenido de inter\u00e9s general que la gente del pueblo y la regi\u00f3n debe conocer.","og_url":"https:\/\/www.celttv.com.ar\/index.php\/2021\/03\/17\/se-incorporo-un-medico-clinico-a-la-unidad-sanitaria-de-villa-ventana\/","og_site_name":"CELTTV","article_publisher":"https:\/\/www.facebook.com\/celtTV\/","article_published_time":"2021-03-17T20:36:58+00:00","og_image":[{"width":1400,"height":786,"url":"https:\/\/www.celttv.com.ar\/wp-content\/uploads\/2021\/03\/Unid-Sanitaria-Villa-Ventana.jpg","type":"image\/jpeg"}],"author":"ulises","twitter_card":"summary_large_image","twitter_misc":{"Escrito por":"ulises"},"schema":{"@context":"https:\/\/schema.org","@graph":[{"@type":"NewsArticle","@id":"https:\/\/www.celttv.com.ar\/index.php\/2021\/03\/17\/se-incorporo-un-medico-clinico-a-la-unidad-sanitaria-de-villa-ventana\/#article","isPartOf":{"@id":"https:\/\/www.celttv.com.ar\/index.php\/2021\/03\/17\/se-incorporo-un-medico-clinico-a-la-unidad-sanitaria-de-villa-ventana\/"},"author":{"name":"ulises","@id":"https:\/\/www.celttv.com.ar\/#\/schema\/person\/6d99c072dba59953809c81446e9d0ace"},"headline":"Se incorpor\u00f3 un m\u00e9dico cl\u00ednico a la Unidad Sanitaria de Villa Ventana","datePublished":"2021-03-17T20:36:58+00:00","dateModified":"2021-03-17T20:36:58+00:00","mainEntityOfPage":{"@id":"https:\/\/www.celttv.com.ar\/index.php\/2021\/03\/17\/se-incorporo-un-medico-clinico-a-la-unidad-sanitaria-de-villa-ventana\/"},"wordCount":52,"publisher":{"@id":"https:\/\/www.celttv.com.ar\/#organization"},"articleSection":["Celt TV Noticias","Comunidad","Destacadas"],"inLanguage":"es"},{"@type":"WebPage","@id":"https:\/\/www.celttv.com.ar\/index.php\/2021\/03\/17\/se-incorporo-un-medico-clinico-a-la-unidad-sanitaria-de-villa-ventana\/","url":"https:\/\/www.celttv.com.ar\/index.php\/2021\/03\/17\/se-incorporo-un-medico-clinico-a-la-unidad-sanitaria-de-villa-ventana\/","name":"Se incorpor\u00f3 un m\u00e9dico cl\u00ednico a la Unidad Sanitaria de Villa Ventana - CELTTV","isPartOf":{"@id":"https:\/\/www.celttv.com.ar\/#website"},"datePublished":"2021-03-17T20:36:58+00:00","dateModified":"2021-03-17T20:36:58+00:00","description":"Sitio web de noticias de la localidad de Tornquist, provincia de Buenos Aires, Rep\u00fablica Argentina. Contenido propio originado por periodistas de CELTTV, el canal de TV local de la Cooperativa El\u00e9ctrica de Tornquist. Turismo, Pol\u00edtica, Sociedad, Deporte, Cultura y todo el contenido de inter\u00e9s general que la gente del pueblo y la regi\u00f3n debe conocer.","breadcrumb":{"@id":"https:\/\/www.celttv.com.ar\/index.php\/2021\/03\/17\/se-incorporo-un-medico-clinico-a-la-unidad-sanitaria-de-villa-ventana\/#breadcrumb"},"inLanguage":"es","potentialAction":[{"@type":"ReadAction","target":["https:\/\/www.celttv.com.ar\/index.php\/2021\/03\/17\/se-incorporo-un-medico-clinico-a-la-unidad-sanitaria-de-villa-ventana\/"]}]},{"@type":"BreadcrumbList","@id":"https:\/\/www.celttv.com.ar\/index.php\/2021\/03\/17\/se-incorporo-un-medico-clinico-a-la-unidad-sanitaria-de-villa-ventana\/#breadcrumb","itemListElement":[{"@type":"ListItem","position":1,"name":"Inicio","item":"https:\/\/www.celttv.com.ar\/"},{"@type":"ListItem","position":2,"name":"Se incorpor\u00f3 un m\u00e9dico cl\u00ednico a la Unidad Sanitaria de Villa Ventana"}]},{"@type":"WebSite","@id":"https:\/\/www.celttv.com.ar\/#website","url":"https:\/\/www.celttv.com.ar\/","name":"CELTTV","description":"Cooperativa El\u00e9ctrica de Tornquist","publisher":{"@id":"https:\/\/www.celttv.com.ar\/#organization"},"potentialAction":[{"@type":"SearchAction","target":{"@type":"EntryPoint","urlTemplate":"https:\/\/www.celttv.com.ar\/?s={search_term_string}"},"query-input":"required name=search_term_string"}],"inLanguage":"es"},{"@type":"Organization","@id":"https:\/\/www.celttv.com.ar\/#organization","name":"CELTTV","url":"https:\/\/www.celttv.com.ar\/","sameAs":["https:\/\/www.youtube.com\/channel\/UCz_oIt8Hig64Ub-EmcNPIhg","https:\/\/www.facebook.com\/celtTV\/"],"logo":{"@type":"ImageObject","inLanguage":"es","@id":"https:\/\/www.celttv.com.ar\/#\/schema\/logo\/image\/","url":"http:\/\/www.celttv.com.ar\/wp-content\/uploads\/2022\/08\/logo-1.png","contentUrl":"http:\/\/www.celttv.com.ar\/wp-content\/uploads\/2022\/08\/logo-1.png","width":461,"height":159,"caption":"CELTTV"},"image":{"@id":"https:\/\/www.celttv.com.ar\/#\/schema\/logo\/image\/"}},{"@type":"Person","@id":"https:\/\/www.celttv.com.ar\/#\/schema\/person\/6d99c072dba59953809c81446e9d0ace","name":"ulises","image":{"@type":"ImageObject","inLanguage":"es","@id":"https:\/\/www.celttv.com.ar\/#\/schema\/person\/image\/","url":"https:\/\/secure.gravatar.com\/avatar\/7f2c48bdc33b30088f941fb6082e555f2874c98e20cb159d7b92b50eadfce793?s=96&d=mm&r=g","contentUrl":"https:\/\/secure.gravatar.com\/avatar\/7f2c48bdc33b30088f941fb6082e555f2874c98e20cb159d7b92b50eadfce793?s=96&d=mm&r=g","caption":"ulises"},"sameAs":["http:\/\/www.celttv.com.ar"]}]}},"_links":{"self":[{"href":"https:\/\/www.celttv.com.ar\/index.php\/wp-json\/wp\/v2\/posts\/56433","targetHints":{"allow":["GET"]}}],"collection":[{"href":"https:\/\/www.celttv.com.ar\/index.php\/wp-json\/wp\/v2\/posts"}],"about":[{"href":"https:\/\/www.celttv.com.ar\/index.php\/wp-json\/wp\/v2\/types\/post"}],"author":[{"embeddable":true,"href":"https:\/\/www.celttv.com.ar\/index.php\/wp-json\/wp\/v2\/users\/1"}],"replies":[{"embeddable":true,"href":"https:\/\/www.celttv.com.ar\/index.php\/wp-json\/wp\/v2\/comments?post=56433"}],"version-history":[{"count":0,"href":"https:\/\/www.celttv.com.ar\/index.php\/wp-json\/wp\/v2\/posts\/56433\/revisions"}],"wp:featuredmedia":[{"embeddable":true,"href":"https:\/\/www.celttv.com.ar\/index.php\/wp-json\/wp\/v2\/media\/56434"}],"wp:attachment":[{"href":"https:\/\/www.celttv.com.ar\/index.php\/wp-json\/wp\/v2\/media?parent=56433"}],"wp:term":[{"taxonomy":"category","embeddable":true,"href":"https:\/\/www.celttv.com.ar\/index.php\/wp-json\/wp\/v2\/categories?post=56433"},{"taxonomy":"post_tag","embeddable":true,"href":"https:\/\/www.celttv.com.ar\/index.php\/wp-json\/wp\/v2\/tags?post=56433"}],"curies":[{"name":"wp","href":"https:\/\/api.w.org\/{rel}","templated":true}]}}