{"id":56445,"date":"2021-03-19T00:05:58","date_gmt":"2021-03-19T00:05:58","guid":{"rendered":"http:\/\/www.celttv.com.ar\/?p=56445"},"modified":"2021-03-19T00:05:58","modified_gmt":"2021-03-19T00:05:58","slug":"choque-frontal-de-dos-vehiculos-en-la-rp-76","status":"publish","type":"post","link":"https:\/\/www.celttv.com.ar\/index.php\/2021\/03\/19\/choque-frontal-de-dos-vehiculos-en-la-rp-76\/","title":{"rendered":"Choque de dos veh\u00edculos en la RP 76 (Informe ampliado)"},"content":{"rendered":"\n<p>El siniestro se produjo&nbsp;a las 20.30 hs de este jueves 18 de marzo,&nbsp; en el Km 219 de la Ruta Provincial N\u00b0 76, frente al establecimiento rural \u201cLas Vertientes\u201d y a menos de 1500 mts del acceso a Villa Ventana. <\/p>\n\n\n\n<p>Dos personas resultaron con heridas y fueron trasladados al Hospital Municipal &#8220;Dr. Alberto Castro&#8221; de Tornquist.<\/p>\n\n\n\n<p>Una Peugeot Partner&nbsp; dominio PQO-216 al mando del Sr. GUTI\u00c9RREZ YANEZ MARCELO FABIAN&nbsp; de 31 a\u00f1os,&nbsp;choca contra una camioneta VW Amarok dominio KEJ-107, conducida&nbsp;&nbsp;por DIAZ HUGO ALBERTO&nbsp;.<\/p>\n\n\n\n<p>Ambos veh\u00edculos circulaban en direcci\u00f3n del Abra de la Ventana a Villa Ventana, con una maniobra de la camioneta Amarok, (se presume que intent\u00f3 retomar la ruta), la Partner lo embiste en la parte trasera.<\/p>\n\n\n\n<p>Como consecuencia del fuerte impacto los conductores de ambos veh\u00edculo fueron trasladados con heridas de consideraci\u00f3n al Hospital de la ciudad de Tornquist.<\/p>\n\n\n\n<p>Intervinieron bomberos de Sierra de la Ventana, peronal de salud de Sierra y Villa Ventana, y Polic\u00eca Comunal.<\/p>\n\n\n\n<p><strong>FUENTE: FM Disco de Mariano Badana.<\/strong><\/p>\n\n\n\n<figure class=\"wp-block-image size-large\"><img loading=\"lazy\" decoding=\"async\" width=\"864\" height=\"1152\" src=\"http:\/\/www.celttv.com.ar\/wp-content\/uploads\/2021\/03\/3055be7c-2190-4bd8-bdfc-9c3091fe7476.jpg\" alt=\"\" class=\"wp-image-56455\" srcset=\"https:\/\/www.celttv.com.ar\/wp-content\/uploads\/2021\/03\/3055be7c-2190-4bd8-bdfc-9c3091fe7476.jpg 864w, https:\/\/www.celttv.com.ar\/wp-content\/uploads\/2021\/03\/3055be7c-2190-4bd8-bdfc-9c3091fe7476-225x300.jpg 225w, https:\/\/www.celttv.com.ar\/wp-content\/uploads\/2021\/03\/3055be7c-2190-4bd8-bdfc-9c3091fe7476-768x1024.jpg 768w, https:\/\/www.celttv.com.ar\/wp-content\/uploads\/2021\/03\/3055be7c-2190-4bd8-bdfc-9c3091fe7476-750x1000.jpg 750w\" sizes=\"auto, (max-width: 864px) 100vw, 864px\" \/><\/figure>\n\n\n\n<figure class=\"wp-block-image size-large\"><img loading=\"lazy\" decoding=\"async\" width=\"864\" height=\"1152\" src=\"http:\/\/www.celttv.com.ar\/wp-content\/uploads\/2021\/03\/00293419-85e5-4b8c-9627-5d69bb937fbf.jpg\" alt=\"\" class=\"wp-image-56456\" srcset=\"https:\/\/www.celttv.com.ar\/wp-content\/uploads\/2021\/03\/00293419-85e5-4b8c-9627-5d69bb937fbf.jpg 864w, https:\/\/www.celttv.com.ar\/wp-content\/uploads\/2021\/03\/00293419-85e5-4b8c-9627-5d69bb937fbf-225x300.jpg 225w, https:\/\/www.celttv.com.ar\/wp-content\/uploads\/2021\/03\/00293419-85e5-4b8c-9627-5d69bb937fbf-768x1024.jpg 768w, https:\/\/www.celttv.com.ar\/wp-content\/uploads\/2021\/03\/00293419-85e5-4b8c-9627-5d69bb937fbf-750x1000.jpg 750w\" sizes=\"auto, (max-width: 864px) 100vw, 864px\" \/><\/figure>\n\n\n\n<figure class=\"wp-block-image size-large\"><img loading=\"lazy\" decoding=\"async\" width=\"1152\" height=\"864\" src=\"http:\/\/www.celttv.com.ar\/wp-content\/uploads\/2021\/03\/b9cd1225-617a-4362-8e14-29d34b80c398.jpg\" alt=\"\" class=\"wp-image-56457\" srcset=\"https:\/\/www.celttv.com.ar\/wp-content\/uploads\/2021\/03\/b9cd1225-617a-4362-8e14-29d34b80c398.jpg 1152w, https:\/\/www.celttv.com.ar\/wp-content\/uploads\/2021\/03\/b9cd1225-617a-4362-8e14-29d34b80c398-300x225.jpg 300w, https:\/\/www.celttv.com.ar\/wp-content\/uploads\/2021\/03\/b9cd1225-617a-4362-8e14-29d34b80c398-1024x768.jpg 1024w, https:\/\/www.celttv.com.ar\/wp-content\/uploads\/2021\/03\/b9cd1225-617a-4362-8e14-29d34b80c398-768x576.jpg 768w, https:\/\/www.celttv.com.ar\/wp-content\/uploads\/2021\/03\/b9cd1225-617a-4362-8e14-29d34b80c398-750x563.jpg 750w, https:\/\/www.celttv.com.ar\/wp-content\/uploads\/2021\/03\/b9cd1225-617a-4362-8e14-29d34b80c398-1140x855.jpg 1140w\" sizes=\"auto, (max-width: 1152px) 100vw, 1152px\" \/><\/figure>\n\n\n\n<figure class=\"wp-block-image size-large\"><img loading=\"lazy\" decoding=\"async\" width=\"864\" height=\"1152\" src=\"http:\/\/www.celttv.com.ar\/wp-content\/uploads\/2021\/03\/e30f7610-7514-4250-a9ff-09addcbe1cfd.jpg\" alt=\"\" class=\"wp-image-56458\" srcset=\"https:\/\/www.celttv.com.ar\/wp-content\/uploads\/2021\/03\/e30f7610-7514-4250-a9ff-09addcbe1cfd.jpg 864w, https:\/\/www.celttv.com.ar\/wp-content\/uploads\/2021\/03\/e30f7610-7514-4250-a9ff-09addcbe1cfd-225x300.jpg 225w, https:\/\/www.celttv.com.ar\/wp-content\/uploads\/2021\/03\/e30f7610-7514-4250-a9ff-09addcbe1cfd-768x1024.jpg 768w, https:\/\/www.celttv.com.ar\/wp-content\/uploads\/2021\/03\/e30f7610-7514-4250-a9ff-09addcbe1cfd-750x1000.jpg 750w\" sizes=\"auto, (max-width: 864px) 100vw, 864px\" \/><\/figure>\n\n\n\n<figure class=\"wp-block-image size-large\"><img loading=\"lazy\" decoding=\"async\" width=\"1152\" height=\"864\" src=\"http:\/\/www.celttv.com.ar\/wp-content\/uploads\/2021\/03\/e95cb50f-64f2-4cf9-98f7-0f3fc65156b9.jpg\" alt=\"\" class=\"wp-image-56459\" srcset=\"https:\/\/www.celttv.com.ar\/wp-content\/uploads\/2021\/03\/e95cb50f-64f2-4cf9-98f7-0f3fc65156b9.jpg 1152w, https:\/\/www.celttv.com.ar\/wp-content\/uploads\/2021\/03\/e95cb50f-64f2-4cf9-98f7-0f3fc65156b9-300x225.jpg 300w, https:\/\/www.celttv.com.ar\/wp-content\/uploads\/2021\/03\/e95cb50f-64f2-4cf9-98f7-0f3fc65156b9-1024x768.jpg 1024w, https:\/\/www.celttv.com.ar\/wp-content\/uploads\/2021\/03\/e95cb50f-64f2-4cf9-98f7-0f3fc65156b9-768x576.jpg 768w, https:\/\/www.celttv.com.ar\/wp-content\/uploads\/2021\/03\/e95cb50f-64f2-4cf9-98f7-0f3fc65156b9-750x563.jpg 750w, https:\/\/www.celttv.com.ar\/wp-content\/uploads\/2021\/03\/e95cb50f-64f2-4cf9-98f7-0f3fc65156b9-1140x855.jpg 1140w\" sizes=\"auto, (max-width: 1152px) 100vw, 1152px\" \/><\/figure>\n\n\n\n<p><strong>FOTOS: Arnaldo Botto y Mariano Badana<\/strong><\/p>\n","protected":false},"excerpt":{"rendered":"<p>El siniestro se produjo&nbsp;a las 20.30 hs de este jueves 18 de marzo,&nbsp; en el Km 219 de la Ruta Provincial N\u00b0 76, frente al establecimiento rural \u201cLas Vertientes\u201d y a menos de 1500 mts del acceso a Villa Ventana. Dos personas resultaron con heridas y fueron trasladados al Hospital Municipal &#8220;Dr. Alberto Castro&#8221; de [&hellip;]<\/p>\n","protected":false},"author":1,"featured_media":56456,"comment_status":"closed","ping_status":"open","sticky":false,"template":"","format":"standard","meta":{"footnotes":""},"categories":[55,51,52,61],"tags":[],"class_list":["post-56445","post","type-post","status-publish","format-standard","has-post-thumbnail","hentry","category-celt-tv-noticias","category-comunidad","category-destacadas","category-policiales"],"yoast_head":"<!-- This site is optimized with the Yoast SEO plugin v19.7.1 - https:\/\/yoast.com\/wordpress\/plugins\/seo\/ -->\n<title>Choque de dos veh\u00edculos en la RP 76 (Informe ampliado) - CELTTV<\/title>\n<meta name=\"description\" content=\"Sitio web de noticias de la localidad de Tornquist, provincia de Buenos Aires, Rep\u00fablica Argentina. Contenido propio originado por periodistas de CELTTV, el canal de TV local de la Cooperativa El\u00e9ctrica de Tornquist. Turismo, Pol\u00edtica, Sociedad, Deporte, Cultura y todo el contenido de inter\u00e9s general que la gente del pueblo y la regi\u00f3n debe conocer.\" \/>\n<meta name=\"robots\" content=\"index, follow, max-snippet:-1, max-image-preview:large, max-video-preview:-1\" \/>\n<link rel=\"canonical\" href=\"https:\/\/www.celttv.com.ar\/index.php\/2021\/03\/19\/choque-frontal-de-dos-vehiculos-en-la-rp-76\/\" \/>\n<meta property=\"og:locale\" content=\"es_ES\" \/>\n<meta property=\"og:type\" content=\"article\" \/>\n<meta property=\"og:title\" content=\"Choque de dos veh\u00edculos en la RP 76 (Informe ampliado) - CELTTV\" \/>\n<meta property=\"og:description\" content=\"Sitio web de noticias de la localidad de Tornquist, provincia de Buenos Aires, Rep\u00fablica Argentina. Contenido propio originado por periodistas de CELTTV, el canal de TV local de la Cooperativa El\u00e9ctrica de Tornquist. Turismo, Pol\u00edtica, Sociedad, Deporte, Cultura y todo el contenido de inter\u00e9s general que la gente del pueblo y la regi\u00f3n debe conocer.\" \/>\n<meta property=\"og:url\" content=\"https:\/\/www.celttv.com.ar\/index.php\/2021\/03\/19\/choque-frontal-de-dos-vehiculos-en-la-rp-76\/\" \/>\n<meta property=\"og:site_name\" content=\"CELTTV\" \/>\n<meta property=\"article:publisher\" content=\"https:\/\/www.facebook.com\/celtTV\/\" \/>\n<meta property=\"article:published_time\" content=\"2021-03-19T00:05:58+00:00\" \/>\n<meta property=\"og:image\" content=\"https:\/\/www.celttv.com.ar\/wp-content\/uploads\/2021\/03\/00293419-85e5-4b8c-9627-5d69bb937fbf.jpg\" \/>\n\t<meta property=\"og:image:width\" content=\"864\" \/>\n\t<meta property=\"og:image:height\" content=\"1152\" \/>\n\t<meta property=\"og:image:type\" content=\"image\/jpeg\" \/>\n<meta name=\"author\" content=\"ulises\" \/>\n<meta name=\"twitter:card\" content=\"summary_large_image\" \/>\n<meta name=\"twitter:label1\" content=\"Escrito por\" \/>\n\t<meta name=\"twitter:data1\" content=\"ulises\" \/>\n\t<meta name=\"twitter:label2\" content=\"Tiempo de lectura\" \/>\n\t<meta name=\"twitter:data2\" content=\"1 minuto\" \/>\n<script type=\"application\/ld+json\" class=\"yoast-schema-graph\">{\"@context\":\"https:\/\/schema.org\",\"@graph\":[{\"@type\":\"NewsArticle\",\"@id\":\"https:\/\/www.celttv.com.ar\/index.php\/2021\/03\/19\/choque-frontal-de-dos-vehiculos-en-la-rp-76\/#article\",\"isPartOf\":{\"@id\":\"https:\/\/www.celttv.com.ar\/index.php\/2021\/03\/19\/choque-frontal-de-dos-vehiculos-en-la-rp-76\/\"},\"author\":{\"name\":\"ulises\",\"@id\":\"https:\/\/www.celttv.com.ar\/#\/schema\/person\/6d99c072dba59953809c81446e9d0ace\"},\"headline\":\"Choque de dos veh\u00edculos en la RP 76 (Informe ampliado)\",\"datePublished\":\"2021-03-19T00:05:58+00:00\",\"dateModified\":\"2021-03-19T00:05:58+00:00\",\"mainEntityOfPage\":{\"@id\":\"https:\/\/www.celttv.com.ar\/index.php\/2021\/03\/19\/choque-frontal-de-dos-vehiculos-en-la-rp-76\/\"},\"wordCount\":193,\"publisher\":{\"@id\":\"https:\/\/www.celttv.com.ar\/#organization\"},\"articleSection\":[\"Celt TV Noticias\",\"Comunidad\",\"Destacadas\",\"Policiales\"],\"inLanguage\":\"es\"},{\"@type\":\"WebPage\",\"@id\":\"https:\/\/www.celttv.com.ar\/index.php\/2021\/03\/19\/choque-frontal-de-dos-vehiculos-en-la-rp-76\/\",\"url\":\"https:\/\/www.celttv.com.ar\/index.php\/2021\/03\/19\/choque-frontal-de-dos-vehiculos-en-la-rp-76\/\",\"name\":\"Choque de dos veh\u00edculos en la RP 76 (Informe ampliado) - CELTTV\",\"isPartOf\":{\"@id\":\"https:\/\/www.celttv.com.ar\/#website\"},\"datePublished\":\"2021-03-19T00:05:58+00:00\",\"dateModified\":\"2021-03-19T00:05:58+00:00\",\"description\":\"Sitio web de noticias de la localidad de Tornquist, provincia de Buenos Aires, Rep\u00fablica Argentina. Contenido propio originado por periodistas de CELTTV, el canal de TV local de la Cooperativa El\u00e9ctrica de Tornquist. Turismo, Pol\u00edtica, Sociedad, Deporte, Cultura y todo el contenido de inter\u00e9s general que la gente del pueblo y la regi\u00f3n debe conocer.\",\"breadcrumb\":{\"@id\":\"https:\/\/www.celttv.com.ar\/index.php\/2021\/03\/19\/choque-frontal-de-dos-vehiculos-en-la-rp-76\/#breadcrumb\"},\"inLanguage\":\"es\",\"potentialAction\":[{\"@type\":\"ReadAction\",\"target\":[\"https:\/\/www.celttv.com.ar\/index.php\/2021\/03\/19\/choque-frontal-de-dos-vehiculos-en-la-rp-76\/\"]}]},{\"@type\":\"BreadcrumbList\",\"@id\":\"https:\/\/www.celttv.com.ar\/index.php\/2021\/03\/19\/choque-frontal-de-dos-vehiculos-en-la-rp-76\/#breadcrumb\",\"itemListElement\":[{\"@type\":\"ListItem\",\"position\":1,\"name\":\"Inicio\",\"item\":\"https:\/\/www.celttv.com.ar\/\"},{\"@type\":\"ListItem\",\"position\":2,\"name\":\"Choque de dos veh\u00edculos en la RP 76 (Informe ampliado)\"}]},{\"@type\":\"WebSite\",\"@id\":\"https:\/\/www.celttv.com.ar\/#website\",\"url\":\"https:\/\/www.celttv.com.ar\/\",\"name\":\"CELTTV\",\"description\":\"Cooperativa El\u00e9ctrica de Tornquist\",\"publisher\":{\"@id\":\"https:\/\/www.celttv.com.ar\/#organization\"},\"potentialAction\":[{\"@type\":\"SearchAction\",\"target\":{\"@type\":\"EntryPoint\",\"urlTemplate\":\"https:\/\/www.celttv.com.ar\/?s={search_term_string}\"},\"query-input\":\"required name=search_term_string\"}],\"inLanguage\":\"es\"},{\"@type\":\"Organization\",\"@id\":\"https:\/\/www.celttv.com.ar\/#organization\",\"name\":\"CELTTV\",\"url\":\"https:\/\/www.celttv.com.ar\/\",\"sameAs\":[\"https:\/\/www.youtube.com\/channel\/UCz_oIt8Hig64Ub-EmcNPIhg\",\"https:\/\/www.facebook.com\/celtTV\/\"],\"logo\":{\"@type\":\"ImageObject\",\"inLanguage\":\"es\",\"@id\":\"https:\/\/www.celttv.com.ar\/#\/schema\/logo\/image\/\",\"url\":\"http:\/\/www.celttv.com.ar\/wp-content\/uploads\/2022\/08\/logo-1.png\",\"contentUrl\":\"http:\/\/www.celttv.com.ar\/wp-content\/uploads\/2022\/08\/logo-1.png\",\"width\":461,\"height\":159,\"caption\":\"CELTTV\"},\"image\":{\"@id\":\"https:\/\/www.celttv.com.ar\/#\/schema\/logo\/image\/\"}},{\"@type\":\"Person\",\"@id\":\"https:\/\/www.celttv.com.ar\/#\/schema\/person\/6d99c072dba59953809c81446e9d0ace\",\"name\":\"ulises\",\"image\":{\"@type\":\"ImageObject\",\"inLanguage\":\"es\",\"@id\":\"https:\/\/www.celttv.com.ar\/#\/schema\/person\/image\/\",\"url\":\"https:\/\/secure.gravatar.com\/avatar\/7f2c48bdc33b30088f941fb6082e555f2874c98e20cb159d7b92b50eadfce793?s=96&d=mm&r=g\",\"contentUrl\":\"https:\/\/secure.gravatar.com\/avatar\/7f2c48bdc33b30088f941fb6082e555f2874c98e20cb159d7b92b50eadfce793?s=96&d=mm&r=g\",\"caption\":\"ulises\"},\"sameAs\":[\"http:\/\/www.celttv.com.ar\"]}]}<\/script>\n<!-- \/ Yoast SEO plugin. -->","yoast_head_json":{"title":"Choque de dos veh\u00edculos en la RP 76 (Informe ampliado) - CELTTV","description":"Sitio web de noticias de la localidad de Tornquist, provincia de Buenos Aires, Rep\u00fablica Argentina. Contenido propio originado por periodistas de CELTTV, el canal de TV local de la Cooperativa El\u00e9ctrica de Tornquist. Turismo, Pol\u00edtica, Sociedad, Deporte, Cultura y todo el contenido de inter\u00e9s general que la gente del pueblo y la regi\u00f3n debe conocer.","robots":{"index":"index","follow":"follow","max-snippet":"max-snippet:-1","max-image-preview":"max-image-preview:large","max-video-preview":"max-video-preview:-1"},"canonical":"https:\/\/www.celttv.com.ar\/index.php\/2021\/03\/19\/choque-frontal-de-dos-vehiculos-en-la-rp-76\/","og_locale":"es_ES","og_type":"article","og_title":"Choque de dos veh\u00edculos en la RP 76 (Informe ampliado) - CELTTV","og_description":"Sitio web de noticias de la localidad de Tornquist, provincia de Buenos Aires, Rep\u00fablica Argentina. Contenido propio originado por periodistas de CELTTV, el canal de TV local de la Cooperativa El\u00e9ctrica de Tornquist. Turismo, Pol\u00edtica, Sociedad, Deporte, Cultura y todo el contenido de inter\u00e9s general que la gente del pueblo y la regi\u00f3n debe conocer.","og_url":"https:\/\/www.celttv.com.ar\/index.php\/2021\/03\/19\/choque-frontal-de-dos-vehiculos-en-la-rp-76\/","og_site_name":"CELTTV","article_publisher":"https:\/\/www.facebook.com\/celtTV\/","article_published_time":"2021-03-19T00:05:58+00:00","og_image":[{"width":864,"height":1152,"url":"https:\/\/www.celttv.com.ar\/wp-content\/uploads\/2021\/03\/00293419-85e5-4b8c-9627-5d69bb937fbf.jpg","type":"image\/jpeg"}],"author":"ulises","twitter_card":"summary_large_image","twitter_misc":{"Escrito por":"ulises","Tiempo de lectura":"1 minuto"},"schema":{"@context":"https:\/\/schema.org","@graph":[{"@type":"NewsArticle","@id":"https:\/\/www.celttv.com.ar\/index.php\/2021\/03\/19\/choque-frontal-de-dos-vehiculos-en-la-rp-76\/#article","isPartOf":{"@id":"https:\/\/www.celttv.com.ar\/index.php\/2021\/03\/19\/choque-frontal-de-dos-vehiculos-en-la-rp-76\/"},"author":{"name":"ulises","@id":"https:\/\/www.celttv.com.ar\/#\/schema\/person\/6d99c072dba59953809c81446e9d0ace"},"headline":"Choque de dos veh\u00edculos en la RP 76 (Informe ampliado)","datePublished":"2021-03-19T00:05:58+00:00","dateModified":"2021-03-19T00:05:58+00:00","mainEntityOfPage":{"@id":"https:\/\/www.celttv.com.ar\/index.php\/2021\/03\/19\/choque-frontal-de-dos-vehiculos-en-la-rp-76\/"},"wordCount":193,"publisher":{"@id":"https:\/\/www.celttv.com.ar\/#organization"},"articleSection":["Celt TV Noticias","Comunidad","Destacadas","Policiales"],"inLanguage":"es"},{"@type":"WebPage","@id":"https:\/\/www.celttv.com.ar\/index.php\/2021\/03\/19\/choque-frontal-de-dos-vehiculos-en-la-rp-76\/","url":"https:\/\/www.celttv.com.ar\/index.php\/2021\/03\/19\/choque-frontal-de-dos-vehiculos-en-la-rp-76\/","name":"Choque de dos veh\u00edculos en la RP 76 (Informe ampliado) - CELTTV","isPartOf":{"@id":"https:\/\/www.celttv.com.ar\/#website"},"datePublished":"2021-03-19T00:05:58+00:00","dateModified":"2021-03-19T00:05:58+00:00","description":"Sitio web de noticias de la localidad de Tornquist, provincia de Buenos Aires, Rep\u00fablica Argentina. Contenido propio originado por periodistas de CELTTV, el canal de TV local de la Cooperativa El\u00e9ctrica de Tornquist. Turismo, Pol\u00edtica, Sociedad, Deporte, Cultura y todo el contenido de inter\u00e9s general que la gente del pueblo y la regi\u00f3n debe conocer.","breadcrumb":{"@id":"https:\/\/www.celttv.com.ar\/index.php\/2021\/03\/19\/choque-frontal-de-dos-vehiculos-en-la-rp-76\/#breadcrumb"},"inLanguage":"es","potentialAction":[{"@type":"ReadAction","target":["https:\/\/www.celttv.com.ar\/index.php\/2021\/03\/19\/choque-frontal-de-dos-vehiculos-en-la-rp-76\/"]}]},{"@type":"BreadcrumbList","@id":"https:\/\/www.celttv.com.ar\/index.php\/2021\/03\/19\/choque-frontal-de-dos-vehiculos-en-la-rp-76\/#breadcrumb","itemListElement":[{"@type":"ListItem","position":1,"name":"Inicio","item":"https:\/\/www.celttv.com.ar\/"},{"@type":"ListItem","position":2,"name":"Choque de dos veh\u00edculos en la RP 76 (Informe ampliado)"}]},{"@type":"WebSite","@id":"https:\/\/www.celttv.com.ar\/#website","url":"https:\/\/www.celttv.com.ar\/","name":"CELTTV","description":"Cooperativa El\u00e9ctrica de Tornquist","publisher":{"@id":"https:\/\/www.celttv.com.ar\/#organization"},"potentialAction":[{"@type":"SearchAction","target":{"@type":"EntryPoint","urlTemplate":"https:\/\/www.celttv.com.ar\/?s={search_term_string}"},"query-input":"required name=search_term_string"}],"inLanguage":"es"},{"@type":"Organization","@id":"https:\/\/www.celttv.com.ar\/#organization","name":"CELTTV","url":"https:\/\/www.celttv.com.ar\/","sameAs":["https:\/\/www.youtube.com\/channel\/UCz_oIt8Hig64Ub-EmcNPIhg","https:\/\/www.facebook.com\/celtTV\/"],"logo":{"@type":"ImageObject","inLanguage":"es","@id":"https:\/\/www.celttv.com.ar\/#\/schema\/logo\/image\/","url":"http:\/\/www.celttv.com.ar\/wp-content\/uploads\/2022\/08\/logo-1.png","contentUrl":"http:\/\/www.celttv.com.ar\/wp-content\/uploads\/2022\/08\/logo-1.png","width":461,"height":159,"caption":"CELTTV"},"image":{"@id":"https:\/\/www.celttv.com.ar\/#\/schema\/logo\/image\/"}},{"@type":"Person","@id":"https:\/\/www.celttv.com.ar\/#\/schema\/person\/6d99c072dba59953809c81446e9d0ace","name":"ulises","image":{"@type":"ImageObject","inLanguage":"es","@id":"https:\/\/www.celttv.com.ar\/#\/schema\/person\/image\/","url":"https:\/\/secure.gravatar.com\/avatar\/7f2c48bdc33b30088f941fb6082e555f2874c98e20cb159d7b92b50eadfce793?s=96&d=mm&r=g","contentUrl":"https:\/\/secure.gravatar.com\/avatar\/7f2c48bdc33b30088f941fb6082e555f2874c98e20cb159d7b92b50eadfce793?s=96&d=mm&r=g","caption":"ulises"},"sameAs":["http:\/\/www.celttv.com.ar"]}]}},"_links":{"self":[{"href":"https:\/\/www.celttv.com.ar\/index.php\/wp-json\/wp\/v2\/posts\/56445","targetHints":{"allow":["GET"]}}],"collection":[{"href":"https:\/\/www.celttv.com.ar\/index.php\/wp-json\/wp\/v2\/posts"}],"about":[{"href":"https:\/\/www.celttv.com.ar\/index.php\/wp-json\/wp\/v2\/types\/post"}],"author":[{"embeddable":true,"href":"https:\/\/www.celttv.com.ar\/index.php\/wp-json\/wp\/v2\/users\/1"}],"replies":[{"embeddable":true,"href":"https:\/\/www.celttv.com.ar\/index.php\/wp-json\/wp\/v2\/comments?post=56445"}],"version-history":[{"count":0,"href":"https:\/\/www.celttv.com.ar\/index.php\/wp-json\/wp\/v2\/posts\/56445\/revisions"}],"wp:featuredmedia":[{"embeddable":true,"href":"https:\/\/www.celttv.com.ar\/index.php\/wp-json\/wp\/v2\/media\/56456"}],"wp:attachment":[{"href":"https:\/\/www.celttv.com.ar\/index.php\/wp-json\/wp\/v2\/media?parent=56445"}],"wp:term":[{"taxonomy":"category","embeddable":true,"href":"https:\/\/www.celttv.com.ar\/index.php\/wp-json\/wp\/v2\/categories?post=56445"},{"taxonomy":"post_tag","embeddable":true,"href":"https:\/\/www.celttv.com.ar\/index.php\/wp-json\/wp\/v2\/tags?post=56445"}],"curies":[{"name":"wp","href":"https:\/\/api.w.org\/{rel}","templated":true}]}}