{"id":56471,"date":"2021-03-19T13:11:55","date_gmt":"2021-03-19T13:11:55","guid":{"rendered":"http:\/\/www.celttv.com.ar\/?p=56471"},"modified":"2021-03-19T13:11:55","modified_gmt":"2021-03-19T13:11:55","slug":"liga-regional-de-futbol-cobro-fuerza-la-idea-de-dividir-el-campeonato-oficial-en-dos-tramos","status":"publish","type":"post","link":"https:\/\/www.celttv.com.ar\/index.php\/2021\/03\/19\/liga-regional-de-futbol-cobro-fuerza-la-idea-de-dividir-el-campeonato-oficial-en-dos-tramos\/","title":{"rendered":"Liga Regional de F\u00fatbol: cobr\u00f3 fuerza la idea de dividir el campeonato oficial en dos tramos"},"content":{"rendered":"\n<h4 class=\"wp-block-heading\">Tambi\u00e9n es pr\u00e1cticamente un hecho que se desarrollar\u00e1 con los clubes divididos de manera geogr\u00e1fica. El torneo superior empezar\u00eda el 18 de abril y el de divisiones inferiores el 10 del mismo mes. El pr\u00f3ximo lunes cierra la inscripci\u00f3n y se define todo.<\/h4>\n\n\n\n<p>En una reuni\u00f3n informal que algunos clubes afiliados a la Liga Regional de F\u00fatbol de Coronel Su\u00e1rez llevaron a cabo este jueves en la sede del Club San Mart\u00edn de Pueblo Santa Trinidad, que de la mano de su presidente Julio Mart\u00ednez fue propulsar del encuentro, cobr\u00f3 fuerza la idea de jugar el campeonato oficial dividido en dos tramos.<\/p>\n\n\n\n<p>La interesante propuesta la realiz\u00f3 Pablo Reser, titular del Centro Deportivo Sarmiento, quien plante\u00f3 la posibilidad de disputar un Torneo Apertura hasta mediados de a\u00f1o y posteriormente un Torneo Clausura con el simple objetivo de acotar el riesgo econ\u00f3mico, dado que los partidos ser\u00e1n sin p\u00fablico y eventualmente posibilitar\u00eda resolver no intervenir en la segunda mitad de la temporada.<\/p>\n\n\n\n<p>Existe la posibilidad que los ganadores de cada torneo sean declarados campeones, como ocurre actualmente en la Superliga profesional de la A.F.A., y tambi\u00e9n que posteriormente se dispute una Supercopa entre ambos.<\/p>\n\n\n\n<p>Esta idea surgi\u00f3 sobre la marcha y despu\u00e9s que en un principio el propio dirigente verdirrojo expres\u00f3 la intenci\u00f3n de que su club pretend\u00eda tener actividad, pero de manera no oficial. El cambio en su posici\u00f3n particular y la nueva propuesta recibi\u00f3 la adhesi\u00f3n de pr\u00e1cticamente todos los presentes.<\/p>\n\n\n\n<p>A prop\u00f3sito, de las deliberaciones tomaron parte los delegados de las ocho entidades del distrito de Coronel Su\u00e1rez, Empleados de Comercio de Guamin\u00ed, Automoto de Tornquist, Deportivo Argentino y Uni\u00f3n Pig\u00fc\u00e9, adem\u00e1s de Ernesto Manuel Palenzona, presidente de la LRF especialmente invitado.<\/p>\n\n\n\n<p>Tambi\u00e9n surgi\u00f3 como pr\u00e1cticamente un hecho, atendiendo la especial situaci\u00f3n que se atraviesa, que la forma de disputa ser\u00e1 con los clubes divididos en zonas geogr\u00e1ficas, dependiendo la cantidad y la conformaci\u00f3n de las mismas de la cantidad de inscriptos que haya el pr\u00f3ximo lunes, cuando se lleve a cabo la sesi\u00f3n semanal del consejo directivo liguista.<\/p>\n\n\n\n<p>Si bien reci\u00e9n en dicha oportunidad se establecer\u00e1 de manera oficial, el certamen superior empezar\u00eda el domingo 18 de abril y el torneo de divisiones inferiores el s\u00e1bado 10 del mismo mes.<\/p>\n\n\n\n<p>En la reuni\u00f3n de este jueves, en primer lugar los representantes de las instituciones plantearon sus dudas en cuanto a las disposiciones de la APREVIDE y que ocurrir\u00e1 en caso que haya un rebrote de la pandemia COVID-19, que haya contagios o aislados en alg\u00fan plantel y si alg\u00fan distrito resuelve en el futuro cerrar las puertas al ingreso de delegaciones for\u00e1neas.<\/p>\n\n\n\n<p>Ernesto Palenzona se encarg\u00f3 de brindar los detalles de la reuni\u00f3n virtual que el mi\u00e9rcoles de la semana pasada tuvieron alrededor de 40 presidentes de ligas de la provincia de Buenos Aires, lo que posteriormente deriv\u00f3 en el encuentro que el lunes pasado dirigentes del Consejo Federal y el propio Claudio Tapia, presidente de la AFA, tuvieron con autoridades del Gobierno bonaerense.<\/p>\n\n\n\n<p>Volvi\u00f3 a hacer hincapi\u00e9 en la resoluci\u00f3n de la APREVIDE, que permite el ingreso de 75 personas por delegaci\u00f3n, es decir un total de 150. Si se tiene en cuenta que las delegaciones de nuestro f\u00fatbol habitualmente est\u00e1n integradas por 25 personas, m\u00e1s 25 del visitante, queda un remanente de 100 personas para ofrecerles un bono colaboraci\u00f3n ya que, por el momento, est\u00e1 prohibido vender entradas.<\/p>\n\n\n\n<p>En cuanto a los otros interrogantes planteados, en caso de surgir inconvenientes se resolver\u00eda reprogramar los partidos que pudiesen ser cancelados (quedar\u00e1 reglamentado), siempre en la inteligencia de contar con la buena voluntad y el mejor criterio de todos los participantes.<\/p>\n\n\n\n<p>FUENTE: Diario Nuevo D\u00eda<\/p>\n\n\n\n<figure class=\"wp-block-image size-large\"><img loading=\"lazy\" decoding=\"async\" width=\"696\" height=\"522\" src=\"http:\/\/www.celttv.com.ar\/wp-content\/uploads\/2021\/03\/reunion-liga-1-696x522-1.jpg\" alt=\"\" class=\"wp-image-56472\" srcset=\"https:\/\/www.celttv.com.ar\/wp-content\/uploads\/2021\/03\/reunion-liga-1-696x522-1.jpg 696w, https:\/\/www.celttv.com.ar\/wp-content\/uploads\/2021\/03\/reunion-liga-1-696x522-1-300x225.jpg 300w\" sizes=\"auto, (max-width: 696px) 100vw, 696px\" \/><\/figure>\n","protected":false},"excerpt":{"rendered":"<p>Tambi\u00e9n es pr\u00e1cticamente un hecho que se desarrollar\u00e1 con los clubes divididos de manera geogr\u00e1fica. El torneo superior empezar\u00eda el 18 de abril y el de divisiones inferiores el 10 del mismo mes. El pr\u00f3ximo lunes cierra la inscripci\u00f3n y se define todo. En una reuni\u00f3n informal que algunos clubes afiliados a la Liga Regional [&hellip;]<\/p>\n","protected":false},"author":1,"featured_media":56472,"comment_status":"closed","ping_status":"open","sticky":false,"template":"","format":"standard","meta":{"footnotes":""},"categories":[55,60,62,52,63],"tags":[],"class_list":["post-56471","post","type-post","status-publish","format-standard","has-post-thumbnail","hentry","category-celt-tv-noticias","category-deporte","category-deportes","category-destacadas","category-magazine-sport"],"yoast_head":"<!-- This site is optimized with the Yoast SEO plugin v19.7.1 - https:\/\/yoast.com\/wordpress\/plugins\/seo\/ -->\n<title>Liga Regional de F\u00fatbol: cobr\u00f3 fuerza la idea de dividir el campeonato oficial en dos tramos - CELTTV<\/title>\n<meta name=\"description\" content=\"Sitio web de noticias de la localidad de Tornquist, provincia de Buenos Aires, Rep\u00fablica Argentina. Contenido propio originado por periodistas de CELTTV, el canal de TV local de la Cooperativa El\u00e9ctrica de Tornquist. Turismo, Pol\u00edtica, Sociedad, Deporte, Cultura y todo el contenido de inter\u00e9s general que la gente del pueblo y la regi\u00f3n debe conocer.\" \/>\n<meta name=\"robots\" content=\"index, follow, max-snippet:-1, max-image-preview:large, max-video-preview:-1\" \/>\n<link rel=\"canonical\" href=\"https:\/\/www.celttv.com.ar\/index.php\/2021\/03\/19\/liga-regional-de-futbol-cobro-fuerza-la-idea-de-dividir-el-campeonato-oficial-en-dos-tramos\/\" \/>\n<meta property=\"og:locale\" content=\"es_ES\" \/>\n<meta property=\"og:type\" content=\"article\" \/>\n<meta property=\"og:title\" content=\"Liga Regional de F\u00fatbol: cobr\u00f3 fuerza la idea de dividir el campeonato oficial en dos tramos - CELTTV\" \/>\n<meta property=\"og:description\" content=\"Sitio web de noticias de la localidad de Tornquist, provincia de Buenos Aires, Rep\u00fablica Argentina. Contenido propio originado por periodistas de CELTTV, el canal de TV local de la Cooperativa El\u00e9ctrica de Tornquist. Turismo, Pol\u00edtica, Sociedad, Deporte, Cultura y todo el contenido de inter\u00e9s general que la gente del pueblo y la regi\u00f3n debe conocer.\" \/>\n<meta property=\"og:url\" content=\"https:\/\/www.celttv.com.ar\/index.php\/2021\/03\/19\/liga-regional-de-futbol-cobro-fuerza-la-idea-de-dividir-el-campeonato-oficial-en-dos-tramos\/\" \/>\n<meta property=\"og:site_name\" content=\"CELTTV\" \/>\n<meta property=\"article:publisher\" content=\"https:\/\/www.facebook.com\/celtTV\/\" \/>\n<meta property=\"article:published_time\" content=\"2021-03-19T13:11:55+00:00\" \/>\n<meta property=\"og:image\" content=\"https:\/\/www.celttv.com.ar\/wp-content\/uploads\/2021\/03\/reunion-liga-1-696x522-1.jpg\" \/>\n\t<meta property=\"og:image:width\" content=\"696\" \/>\n\t<meta property=\"og:image:height\" content=\"522\" \/>\n\t<meta property=\"og:image:type\" content=\"image\/jpeg\" \/>\n<meta name=\"author\" content=\"ulises\" \/>\n<meta name=\"twitter:card\" content=\"summary_large_image\" \/>\n<meta name=\"twitter:label1\" content=\"Escrito por\" \/>\n\t<meta name=\"twitter:data1\" content=\"ulises\" \/>\n\t<meta name=\"twitter:label2\" content=\"Tiempo de lectura\" \/>\n\t<meta name=\"twitter:data2\" content=\"3 minutos\" \/>\n<script type=\"application\/ld+json\" class=\"yoast-schema-graph\">{\"@context\":\"https:\/\/schema.org\",\"@graph\":[{\"@type\":\"NewsArticle\",\"@id\":\"https:\/\/www.celttv.com.ar\/index.php\/2021\/03\/19\/liga-regional-de-futbol-cobro-fuerza-la-idea-de-dividir-el-campeonato-oficial-en-dos-tramos\/#article\",\"isPartOf\":{\"@id\":\"https:\/\/www.celttv.com.ar\/index.php\/2021\/03\/19\/liga-regional-de-futbol-cobro-fuerza-la-idea-de-dividir-el-campeonato-oficial-en-dos-tramos\/\"},\"author\":{\"name\":\"ulises\",\"@id\":\"https:\/\/www.celttv.com.ar\/#\/schema\/person\/6d99c072dba59953809c81446e9d0ace\"},\"headline\":\"Liga Regional de F\u00fatbol: cobr\u00f3 fuerza la idea de dividir el campeonato oficial en dos tramos\",\"datePublished\":\"2021-03-19T13:11:55+00:00\",\"dateModified\":\"2021-03-19T13:11:55+00:00\",\"mainEntityOfPage\":{\"@id\":\"https:\/\/www.celttv.com.ar\/index.php\/2021\/03\/19\/liga-regional-de-futbol-cobro-fuerza-la-idea-de-dividir-el-campeonato-oficial-en-dos-tramos\/\"},\"wordCount\":668,\"publisher\":{\"@id\":\"https:\/\/www.celttv.com.ar\/#organization\"},\"articleSection\":[\"Celt TV Noticias\",\"Deporte\",\"Deportes\",\"Destacadas\",\"Magazine Sport\"],\"inLanguage\":\"es\"},{\"@type\":\"WebPage\",\"@id\":\"https:\/\/www.celttv.com.ar\/index.php\/2021\/03\/19\/liga-regional-de-futbol-cobro-fuerza-la-idea-de-dividir-el-campeonato-oficial-en-dos-tramos\/\",\"url\":\"https:\/\/www.celttv.com.ar\/index.php\/2021\/03\/19\/liga-regional-de-futbol-cobro-fuerza-la-idea-de-dividir-el-campeonato-oficial-en-dos-tramos\/\",\"name\":\"Liga Regional de F\u00fatbol: cobr\u00f3 fuerza la idea de dividir el campeonato oficial en dos tramos - CELTTV\",\"isPartOf\":{\"@id\":\"https:\/\/www.celttv.com.ar\/#website\"},\"datePublished\":\"2021-03-19T13:11:55+00:00\",\"dateModified\":\"2021-03-19T13:11:55+00:00\",\"description\":\"Sitio web de noticias de la localidad de Tornquist, provincia de Buenos Aires, Rep\u00fablica Argentina. Contenido propio originado por periodistas de CELTTV, el canal de TV local de la Cooperativa El\u00e9ctrica de Tornquist. Turismo, Pol\u00edtica, Sociedad, Deporte, Cultura y todo el contenido de inter\u00e9s general que la gente del pueblo y la regi\u00f3n debe conocer.\",\"breadcrumb\":{\"@id\":\"https:\/\/www.celttv.com.ar\/index.php\/2021\/03\/19\/liga-regional-de-futbol-cobro-fuerza-la-idea-de-dividir-el-campeonato-oficial-en-dos-tramos\/#breadcrumb\"},\"inLanguage\":\"es\",\"potentialAction\":[{\"@type\":\"ReadAction\",\"target\":[\"https:\/\/www.celttv.com.ar\/index.php\/2021\/03\/19\/liga-regional-de-futbol-cobro-fuerza-la-idea-de-dividir-el-campeonato-oficial-en-dos-tramos\/\"]}]},{\"@type\":\"BreadcrumbList\",\"@id\":\"https:\/\/www.celttv.com.ar\/index.php\/2021\/03\/19\/liga-regional-de-futbol-cobro-fuerza-la-idea-de-dividir-el-campeonato-oficial-en-dos-tramos\/#breadcrumb\",\"itemListElement\":[{\"@type\":\"ListItem\",\"position\":1,\"name\":\"Inicio\",\"item\":\"https:\/\/www.celttv.com.ar\/\"},{\"@type\":\"ListItem\",\"position\":2,\"name\":\"Liga Regional de F\u00fatbol: cobr\u00f3 fuerza la idea de dividir el campeonato oficial en dos tramos\"}]},{\"@type\":\"WebSite\",\"@id\":\"https:\/\/www.celttv.com.ar\/#website\",\"url\":\"https:\/\/www.celttv.com.ar\/\",\"name\":\"CELTTV\",\"description\":\"Cooperativa El\u00e9ctrica de Tornquist\",\"publisher\":{\"@id\":\"https:\/\/www.celttv.com.ar\/#organization\"},\"potentialAction\":[{\"@type\":\"SearchAction\",\"target\":{\"@type\":\"EntryPoint\",\"urlTemplate\":\"https:\/\/www.celttv.com.ar\/?s={search_term_string}\"},\"query-input\":\"required name=search_term_string\"}],\"inLanguage\":\"es\"},{\"@type\":\"Organization\",\"@id\":\"https:\/\/www.celttv.com.ar\/#organization\",\"name\":\"CELTTV\",\"url\":\"https:\/\/www.celttv.com.ar\/\",\"sameAs\":[\"https:\/\/www.youtube.com\/channel\/UCz_oIt8Hig64Ub-EmcNPIhg\",\"https:\/\/www.facebook.com\/celtTV\/\"],\"logo\":{\"@type\":\"ImageObject\",\"inLanguage\":\"es\",\"@id\":\"https:\/\/www.celttv.com.ar\/#\/schema\/logo\/image\/\",\"url\":\"http:\/\/www.celttv.com.ar\/wp-content\/uploads\/2022\/08\/logo-1.png\",\"contentUrl\":\"http:\/\/www.celttv.com.ar\/wp-content\/uploads\/2022\/08\/logo-1.png\",\"width\":461,\"height\":159,\"caption\":\"CELTTV\"},\"image\":{\"@id\":\"https:\/\/www.celttv.com.ar\/#\/schema\/logo\/image\/\"}},{\"@type\":\"Person\",\"@id\":\"https:\/\/www.celttv.com.ar\/#\/schema\/person\/6d99c072dba59953809c81446e9d0ace\",\"name\":\"ulises\",\"image\":{\"@type\":\"ImageObject\",\"inLanguage\":\"es\",\"@id\":\"https:\/\/www.celttv.com.ar\/#\/schema\/person\/image\/\",\"url\":\"https:\/\/secure.gravatar.com\/avatar\/7f2c48bdc33b30088f941fb6082e555f2874c98e20cb159d7b92b50eadfce793?s=96&d=mm&r=g\",\"contentUrl\":\"https:\/\/secure.gravatar.com\/avatar\/7f2c48bdc33b30088f941fb6082e555f2874c98e20cb159d7b92b50eadfce793?s=96&d=mm&r=g\",\"caption\":\"ulises\"},\"sameAs\":[\"http:\/\/www.celttv.com.ar\"]}]}<\/script>\n<!-- \/ Yoast SEO plugin. -->","yoast_head_json":{"title":"Liga Regional de F\u00fatbol: cobr\u00f3 fuerza la idea de dividir el campeonato oficial en dos tramos - CELTTV","description":"Sitio web de noticias de la localidad de Tornquist, provincia de Buenos Aires, Rep\u00fablica Argentina. Contenido propio originado por periodistas de CELTTV, el canal de TV local de la Cooperativa El\u00e9ctrica de Tornquist. Turismo, Pol\u00edtica, Sociedad, Deporte, Cultura y todo el contenido de inter\u00e9s general que la gente del pueblo y la regi\u00f3n debe conocer.","robots":{"index":"index","follow":"follow","max-snippet":"max-snippet:-1","max-image-preview":"max-image-preview:large","max-video-preview":"max-video-preview:-1"},"canonical":"https:\/\/www.celttv.com.ar\/index.php\/2021\/03\/19\/liga-regional-de-futbol-cobro-fuerza-la-idea-de-dividir-el-campeonato-oficial-en-dos-tramos\/","og_locale":"es_ES","og_type":"article","og_title":"Liga Regional de F\u00fatbol: cobr\u00f3 fuerza la idea de dividir el campeonato oficial en dos tramos - CELTTV","og_description":"Sitio web de noticias de la localidad de Tornquist, provincia de Buenos Aires, Rep\u00fablica Argentina. Contenido propio originado por periodistas de CELTTV, el canal de TV local de la Cooperativa El\u00e9ctrica de Tornquist. Turismo, Pol\u00edtica, Sociedad, Deporte, Cultura y todo el contenido de inter\u00e9s general que la gente del pueblo y la regi\u00f3n debe conocer.","og_url":"https:\/\/www.celttv.com.ar\/index.php\/2021\/03\/19\/liga-regional-de-futbol-cobro-fuerza-la-idea-de-dividir-el-campeonato-oficial-en-dos-tramos\/","og_site_name":"CELTTV","article_publisher":"https:\/\/www.facebook.com\/celtTV\/","article_published_time":"2021-03-19T13:11:55+00:00","og_image":[{"width":696,"height":522,"url":"https:\/\/www.celttv.com.ar\/wp-content\/uploads\/2021\/03\/reunion-liga-1-696x522-1.jpg","type":"image\/jpeg"}],"author":"ulises","twitter_card":"summary_large_image","twitter_misc":{"Escrito por":"ulises","Tiempo de lectura":"3 minutos"},"schema":{"@context":"https:\/\/schema.org","@graph":[{"@type":"NewsArticle","@id":"https:\/\/www.celttv.com.ar\/index.php\/2021\/03\/19\/liga-regional-de-futbol-cobro-fuerza-la-idea-de-dividir-el-campeonato-oficial-en-dos-tramos\/#article","isPartOf":{"@id":"https:\/\/www.celttv.com.ar\/index.php\/2021\/03\/19\/liga-regional-de-futbol-cobro-fuerza-la-idea-de-dividir-el-campeonato-oficial-en-dos-tramos\/"},"author":{"name":"ulises","@id":"https:\/\/www.celttv.com.ar\/#\/schema\/person\/6d99c072dba59953809c81446e9d0ace"},"headline":"Liga Regional de F\u00fatbol: cobr\u00f3 fuerza la idea de dividir el campeonato oficial en dos tramos","datePublished":"2021-03-19T13:11:55+00:00","dateModified":"2021-03-19T13:11:55+00:00","mainEntityOfPage":{"@id":"https:\/\/www.celttv.com.ar\/index.php\/2021\/03\/19\/liga-regional-de-futbol-cobro-fuerza-la-idea-de-dividir-el-campeonato-oficial-en-dos-tramos\/"},"wordCount":668,"publisher":{"@id":"https:\/\/www.celttv.com.ar\/#organization"},"articleSection":["Celt TV Noticias","Deporte","Deportes","Destacadas","Magazine Sport"],"inLanguage":"es"},{"@type":"WebPage","@id":"https:\/\/www.celttv.com.ar\/index.php\/2021\/03\/19\/liga-regional-de-futbol-cobro-fuerza-la-idea-de-dividir-el-campeonato-oficial-en-dos-tramos\/","url":"https:\/\/www.celttv.com.ar\/index.php\/2021\/03\/19\/liga-regional-de-futbol-cobro-fuerza-la-idea-de-dividir-el-campeonato-oficial-en-dos-tramos\/","name":"Liga Regional de F\u00fatbol: cobr\u00f3 fuerza la idea de dividir el campeonato oficial en dos tramos - CELTTV","isPartOf":{"@id":"https:\/\/www.celttv.com.ar\/#website"},"datePublished":"2021-03-19T13:11:55+00:00","dateModified":"2021-03-19T13:11:55+00:00","description":"Sitio web de noticias de la localidad de Tornquist, provincia de Buenos Aires, Rep\u00fablica Argentina. Contenido propio originado por periodistas de CELTTV, el canal de TV local de la Cooperativa El\u00e9ctrica de Tornquist. Turismo, Pol\u00edtica, Sociedad, Deporte, Cultura y todo el contenido de inter\u00e9s general que la gente del pueblo y la regi\u00f3n debe conocer.","breadcrumb":{"@id":"https:\/\/www.celttv.com.ar\/index.php\/2021\/03\/19\/liga-regional-de-futbol-cobro-fuerza-la-idea-de-dividir-el-campeonato-oficial-en-dos-tramos\/#breadcrumb"},"inLanguage":"es","potentialAction":[{"@type":"ReadAction","target":["https:\/\/www.celttv.com.ar\/index.php\/2021\/03\/19\/liga-regional-de-futbol-cobro-fuerza-la-idea-de-dividir-el-campeonato-oficial-en-dos-tramos\/"]}]},{"@type":"BreadcrumbList","@id":"https:\/\/www.celttv.com.ar\/index.php\/2021\/03\/19\/liga-regional-de-futbol-cobro-fuerza-la-idea-de-dividir-el-campeonato-oficial-en-dos-tramos\/#breadcrumb","itemListElement":[{"@type":"ListItem","position":1,"name":"Inicio","item":"https:\/\/www.celttv.com.ar\/"},{"@type":"ListItem","position":2,"name":"Liga Regional de F\u00fatbol: cobr\u00f3 fuerza la idea de dividir el campeonato oficial en dos tramos"}]},{"@type":"WebSite","@id":"https:\/\/www.celttv.com.ar\/#website","url":"https:\/\/www.celttv.com.ar\/","name":"CELTTV","description":"Cooperativa El\u00e9ctrica de Tornquist","publisher":{"@id":"https:\/\/www.celttv.com.ar\/#organization"},"potentialAction":[{"@type":"SearchAction","target":{"@type":"EntryPoint","urlTemplate":"https:\/\/www.celttv.com.ar\/?s={search_term_string}"},"query-input":"required name=search_term_string"}],"inLanguage":"es"},{"@type":"Organization","@id":"https:\/\/www.celttv.com.ar\/#organization","name":"CELTTV","url":"https:\/\/www.celttv.com.ar\/","sameAs":["https:\/\/www.youtube.com\/channel\/UCz_oIt8Hig64Ub-EmcNPIhg","https:\/\/www.facebook.com\/celtTV\/"],"logo":{"@type":"ImageObject","inLanguage":"es","@id":"https:\/\/www.celttv.com.ar\/#\/schema\/logo\/image\/","url":"http:\/\/www.celttv.com.ar\/wp-content\/uploads\/2022\/08\/logo-1.png","contentUrl":"http:\/\/www.celttv.com.ar\/wp-content\/uploads\/2022\/08\/logo-1.png","width":461,"height":159,"caption":"CELTTV"},"image":{"@id":"https:\/\/www.celttv.com.ar\/#\/schema\/logo\/image\/"}},{"@type":"Person","@id":"https:\/\/www.celttv.com.ar\/#\/schema\/person\/6d99c072dba59953809c81446e9d0ace","name":"ulises","image":{"@type":"ImageObject","inLanguage":"es","@id":"https:\/\/www.celttv.com.ar\/#\/schema\/person\/image\/","url":"https:\/\/secure.gravatar.com\/avatar\/7f2c48bdc33b30088f941fb6082e555f2874c98e20cb159d7b92b50eadfce793?s=96&d=mm&r=g","contentUrl":"https:\/\/secure.gravatar.com\/avatar\/7f2c48bdc33b30088f941fb6082e555f2874c98e20cb159d7b92b50eadfce793?s=96&d=mm&r=g","caption":"ulises"},"sameAs":["http:\/\/www.celttv.com.ar"]}]}},"_links":{"self":[{"href":"https:\/\/www.celttv.com.ar\/index.php\/wp-json\/wp\/v2\/posts\/56471","targetHints":{"allow":["GET"]}}],"collection":[{"href":"https:\/\/www.celttv.com.ar\/index.php\/wp-json\/wp\/v2\/posts"}],"about":[{"href":"https:\/\/www.celttv.com.ar\/index.php\/wp-json\/wp\/v2\/types\/post"}],"author":[{"embeddable":true,"href":"https:\/\/www.celttv.com.ar\/index.php\/wp-json\/wp\/v2\/users\/1"}],"replies":[{"embeddable":true,"href":"https:\/\/www.celttv.com.ar\/index.php\/wp-json\/wp\/v2\/comments?post=56471"}],"version-history":[{"count":0,"href":"https:\/\/www.celttv.com.ar\/index.php\/wp-json\/wp\/v2\/posts\/56471\/revisions"}],"wp:featuredmedia":[{"embeddable":true,"href":"https:\/\/www.celttv.com.ar\/index.php\/wp-json\/wp\/v2\/media\/56472"}],"wp:attachment":[{"href":"https:\/\/www.celttv.com.ar\/index.php\/wp-json\/wp\/v2\/media?parent=56471"}],"wp:term":[{"taxonomy":"category","embeddable":true,"href":"https:\/\/www.celttv.com.ar\/index.php\/wp-json\/wp\/v2\/categories?post=56471"},{"taxonomy":"post_tag","embeddable":true,"href":"https:\/\/www.celttv.com.ar\/index.php\/wp-json\/wp\/v2\/tags?post=56471"}],"curies":[{"name":"wp","href":"https:\/\/api.w.org\/{rel}","templated":true}]}}