{"id":56481,"date":"2021-03-19T22:32:50","date_gmt":"2021-03-19T22:32:50","guid":{"rendered":"http:\/\/www.celttv.com.ar\/?p=56481"},"modified":"2021-03-19T22:32:50","modified_gmt":"2021-03-19T22:32:50","slug":"los-temas-que-se-trataron-en-la-ultima-sesion-del-hcd","status":"publish","type":"post","link":"https:\/\/www.celttv.com.ar\/index.php\/2021\/03\/19\/los-temas-que-se-trataron-en-la-ultima-sesion-del-hcd\/","title":{"rendered":"Los temas que se trataron en la \u00faltima sesi\u00f3n del HCD."},"content":{"rendered":"\n<p><strong><u>INFORME SESI\u00d3N ORDINARIA DEL D\u00cdA 16-03-21<\/u><\/strong><\/p>\n\n\n\n<p><strong><u>Comunicaciones Oficiales y Dict\u00e1menes de las Comisiones:<\/u><\/strong><\/p>\n\n\n\n<p><strong><u>Expte. N\u00ba 051\/21: <\/u><\/strong>D.E. Acepta donaci\u00f3n efectuada por la Asociaci\u00f3n Cooperadora de la Unidad Sanitaria de Villa Ventana.<\/p>\n\n\n\n<p>Se solicita tratamiento sobre tablas de dicho Expte.<\/p>\n\n\n\n<p>Se aprueba por unanimidad la Ordenanza &nbsp;N\u00ba 3307\/21 por la cual se acepta la donaci\u00f3n de un aire acondicionado Hitachi Neo&nbsp; Plus Hasam 5250 Frio\/calor inverter 5250 Watts, efectuada por la Asociaci\u00f3n Cooperadora de la Unidad Sanitaria de Villa Ventana, con destino al Hospital Municipal Dr. Alberto T. Castro.- Este bien se incorpora al&nbsp; Patrimonio Municipal.-<\/p>\n\n\n\n<p><strong><u>Expte. N\u00ba 052\/21: <\/u><\/strong>D.E. Incremento Salarial Ejercicio 2021.<\/p>\n\n\n\n<p>Solicito tratamiento sobre tablas de dicho Expte.<\/p>\n\n\n\n<p>Se aprueba por unanimidad la Ordenanza N\u00ba 3308\/21 por la que se otorga un incremento salarial del 5% (cinco por ciento) a partir&nbsp; del 1 de marzo de 2021, para todas las categor\u00edas de los sueldos del personal municipal.- Se otorga una BONIFICACI\u00d3N&nbsp; ESPECIAL de&nbsp; car\u00e1cter&nbsp; remunerativa de $5.000 (pesos cinco mil), por el mes de marzo de 2021. La misma alcanza a todo el personal municipal, excepto Concejales, Secretario del Honorable Concejo Deliberante y Personal Superior.-<\/p>\n\n\n\n<p><strong><u>Expte. N\u00ba 6549\/13: <\/u><\/strong>Bloque F.P.V. \u2013 FJPV \u2013 Proyecto de Ordenanza: Ref. Ruidos Molestos.<\/p>\n\n\n\n<p>Se aprueba por unanimidad el dictamen de la Comisi\u00f3n de INTERPRETACI\u00d3N Y REGLAMENTO, que aconseja enviar el mismo a la Secretar\u00eda de Desarrollo, a fin de que se avance en la elaboraci\u00f3n de un Convenio puntual con la U.T.N. destinado a la confecci\u00f3n de un \u201cmapa de ruidos\u201d.-<\/p>\n\n\n\n<p><strong><u>Expte. N\u00ba 6828\/16: <\/u><\/strong>Bloque F.P.V. \u2013 Proyecto de Ordenanza: Creaci\u00f3n en el Distrito de Tornquist de la Comisi\u00f3n Municipal de Box.<\/p>\n\n\n\n<p>Se aprueba por unanimidad el dictamen de las Comisiones de ASUNTOS MUNICIPALES, SALUD P\u00daBLICA, INTERPRETACI\u00d3N Y REGLAMENTO, Y PRESUPUESTO Y HACIENDA, que aconseja enviar el mismo al \u00e1rea de Deportes para que analicen la viabilidad de dicho Proyecto.-<\/p>\n\n\n\n<p><strong><u>Expte. N\u00ba 6879\/16: <\/u><\/strong>Bloque F.P.V. \u2013 Proyecto de Ordenanza: Creaci\u00f3n en el \u00e1mbito del Distrito de Tornquist el \u201cPrograma de Acceso a la Vivienda para Jubilados y Beneficiarios de la Pensi\u00f3n Universal para el Adulto Mayor\u201d.<\/p>\n\n\n\n<p>Se aprueba por unanimidad el dictamen de las Comisiones de INTERPRETACI\u00d3N Y REGLAMENTO, ASUNTOS MUNICIPALES, Y OBRAS P\u00daBLICAS, que aconseja enviar el mismo al \u00c1rea de Legales para que se expidan al respecto.-<\/p>\n\n\n\n<p><strong><u>Expte. N\u00ba 6904\/16: <\/u><\/strong>N.P.- Camcotisas \u2013 Ref. veredas transitables, mixtas y unificadas en Sierra de la Ventana.<\/p>\n\n\n\n<p>Se aprueba por unanimidad el dictamen de la &nbsp;Comisi\u00f3n de ASUNTOS MUNICIPALES, que &nbsp;aconseja enviar el mismo a Obras P\u00fablicas para que analicen la viabilidad del pedido.-<\/p>\n\n\n\n<p><strong><u>Expte. N\u00ba 7033\/18: <\/u><\/strong>N.P. \u2013 Mujer Arte y Memoria: Ref. Proyecto de Ordenanza Consejo Municipal de las Mujeres.<\/p>\n\n\n\n<p>Se aprueba por unanimidad el dictamen de las Comisiones de INTERPRETACI\u00d3N Y REGLAMENTO, Y ASUNTOS MUNICIPALES, que aconseja enviar el mismo a la Direcci\u00f3n de Juventud, G\u00e9nero y Diversidad Sexual para que realicen las modificaciones que considere pertinente.-<\/p>\n\n\n\n<p><strong><u>Expte. N\u00ba 7146\/19: <\/u><\/strong>N.P. \u2013 Asociaci\u00f3n Prestadores Tur\u00edsticos y Comerciantes de Villa Ventana: Ref. presencia de carros denominados Food Track en dicha localidad.<\/p>\n\n\n\n<p>Se aprueba por unanimidad el dictamen de las Comisiones de ASUNTOS MUNICIPALES, E INTERPRETACI\u00d3N Y REGLAMENTO, que aconseja enviar el mismo al \u00e1rea de Turismo para que regule los FOOD TRACK en el Distrito.-<\/p>\n\n\n\n<p><strong><u>Expte. N\u00ba 7178\/20: <\/u><\/strong>N.P. Solicita eximici\u00f3n 70% de la Tasa por Conservaci\u00f3n, Reparaci\u00f3n y Mejora de la Red Vial- Establecimiento Sierras Grandes.<\/p>\n\n\n\n<p>Se aprueba por unanimidad el dictamen de las Comisiones de INTERPRETACI\u00d3N Y REGLAMENTO, Y ASUNTOS MUNICIPALES, que aconseja enviar el mismo al Archivo por haber sido promulgada la Ordenanza N\u00ba 3288\/20 por Decreto N\u00ba 885\/20.-<\/p>\n\n\n\n<p><strong><u>Expte. N\u00ba 7192\/20: <\/u><\/strong>Bloques Frente de Todos y Frente Justicialista Cumplir- Proyecto de Ordenanza: Crea Mesa Local Intersectorial- Violencia Familiar y de G\u00e9nero.<\/p>\n\n\n\n<p>Se aprueba por unanimidad el dictamen de las Comisiones de ASUNTOS MUNICIPALES, INTERPRETACI\u00d3N Y REGLAMENTO, Y PRESUPUESTO Y HACIENDA que aconseja enviar el mismo a la Direcci\u00f3n de la Juventud, G\u00e9nero y Diversidad para que analicen la viabilidad del proyecto.-<\/p>\n\n\n\n<p><strong><u>Expte. N\u00ba 7213\/20: <\/u><\/strong>N.P. Arnaldo Botto- En ref. a incluir dentro del Patrimonio Hist\u00f3rico el Monumento hallado en cercan\u00edas de la Estaci\u00f3n Ferroviaria de Estomba (Cruz con Cristo Cubista)- Posible obra del Arquitecto Ing. Francisco Salamone.<\/p>\n\n\n\n<p>Se aprueba por unanimidad el dictamen de las Comisiones de INTERPRETACI\u00d3N Y REGLAMENTO, Y TURISMO Y DESARROLLO, que aconseja enviar nota a ATUCOS, adjuntando copia del mismo, para que dicha Asociaci\u00f3n de curso al pedido del vecino Botto.-<\/p>\n\n\n\n<p><strong><u>Expte. N\u00ba 7248\/20:<\/u><\/strong> Bloques Cambiemos Bs. As y Juntos por el Cambio- Proyecto de Resoluci\u00f3n: Instalaci\u00f3n de recarga de celulares y provisi\u00f3n agua caliente y fr\u00eda en la senda peatonal Gerardo Rattero (Ruta 76 y Acc. a Tornquist).<\/p>\n\n\n\n<p>De acuerdo al dictamen de las Comisiones de SALUD P\u00daBLICA, Y TURISMO Y DESARROLLO, se aprueba por unanimidad la Resoluci\u00f3n &nbsp;N\u00ba 01\/21, por la cual se solicita al D.E. que arbitre los medios necesario para la implantaci\u00f3n de una Estaci\u00f3n de recarga de celulares, para calentar agua para mate y provisi\u00f3n de agua fr\u00eda en la Senda Peatonal Gerardo Pedro Rattero en la ruta 76 y acceso a Tornquist. Se solicita tambi\u00e9n al D.E. que convoque a la Escuela T\u00e9cnica N\u00ba1 para la realizaci\u00f3n de la Estaci\u00f3n solar de recarga y calentamiento de agua.-<\/p>\n\n\n\n<p><strong><u>Expte. N\u00ba 7251\/20: <\/u><\/strong>N.P. \u2013 Alejandro Aiello: Solicita aumento en la tarifa del transporte de l\u00ednea urbana Saldungaray \u2013 Tornquist.<\/p>\n\n\n\n<p>Se aprueba por unanimidad el dictamen de las Comisiones de ASUNTOS MUNICIPALES, Y PRESUPUESTO Y HACIENDA, que aconseja enviar el mismo al Archivo, por haber sido promulgada la Ordenanza N\u00ba 3283\/20 por Decreto N\u00ba 854\/20.-<\/p>\n\n\n\n<p><strong><u>Expte. N\u00ba 7253\/20: <\/u><\/strong>N.P. Elizabeth Carina Alladio- Villa Ventana- En ref. instalaci\u00f3n antena Movistar en la Localidad.<\/p>\n\n\n\n<p>Se aprueba por unanimidad el dictamen de las Comisiones de ASUNTOS MUNICIPALES Y SALUD P\u00daBLICA, que aconseja enviar respuesta obrante a fs. 6 a la Se\u00f1ora Elizabeth Alladio, y posteriormente girar el mismo al Archivo.-<\/p>\n\n\n\n<p><strong><u>Expte. N\u00ba 7256\/20: <\/u><\/strong>N.P. Comisi\u00f3n Directiva Biblioteca Popular Ernesto Tornquist- Manifiesta la grave situaci\u00f3n edilicia de la Instituci\u00f3n.<\/p>\n\n\n\n<p>Se aprueba por unanimidad el dictamen de las Comisiones de OBRAS P\u00daBLICAS, Y ASUNTOS MUNICIPALES, habiendo analizado el Expte. N\u00ba 7256\/20, aconsejan enviar el mismo al Archivo, porque el Departamento Ejecutivo se est\u00e1 haciendo cargo de la problem\u00e1tica.<\/p>\n\n\n\n<p><strong><u>Expte. N\u00ba 7259\/20: <\/u><\/strong>H.C.D. Proyecto de Ordenanza: Deroga Ordenanza N\u00ba 1072\/95, y establece Reglamento para la Construcci\u00f3n.<\/p>\n\n\n\n<p>Se aprueba por unanimidad el dictamen de las Comisiones de OBRAS P\u00daBLICAS, E INTERPRETACI\u00d3N Y REGLAMENTO, que aconseja enviar el mismo al Archivo, por haber sido promulgada la Ordenanza N\u00ba 3290\/20 por Decreto N\u00ba 907\/20.-<\/p>\n\n\n\n<p><strong><u>Expte. N\u00ba 7260\/20: <\/u><\/strong>N.P. Hugo Alfredo Rodr\u00edguez: Solicita aprobaci\u00f3n tarifas para Temporada 2020\/2021- \u201cBalneario Parque Norte\u201d.<\/p>\n\n\n\n<p>Se aprueba por unanimidad el dictamen de las Comisiones de TURISMO Y DESARROLLO, Y PRESUPUESTO Y HACIENDA que aconseja enviar el mismo al Archivo por haber sido promulgada la Ordenanza N\u00ba 3295\/20 por Decreto N\u00ba 927\/20.-<\/p>\n\n\n\n<p><strong><u>Expte. N\u00ba 7262\/21: <\/u><\/strong>Bloques Juntos por el Cambio y Cambiemos Bs. As.- Proyecto de Resoluci\u00f3n: Solicita a la H.C.D. de la Provincia de Bs. As. tratamiento Pedido de Informes D-4753-20-21.<\/p>\n\n\n\n<p>ESTE EXPTE. TIENE DOS DICTAMENES:<\/p>\n\n\n\n<p><strong>1\u00ba Dictamen:<\/strong> Tornquist, 10 de marzo de 2021. La Comisi\u00f3n de INTERPRETACI\u00d3N Y REGLAMENTO (en mayor\u00eda), habiendo analizado el Expte. N\u00ba 7262\/21, aconseja aprobar el Proyecto de Resoluci\u00f3n obrante a fojas 1 y 2. Enviar copia del mismo a la C\u00e1mara de Diputados de la Provincia de Buenos Aires.-<\/p>\n\n\n\n<p><strong>2\u00ba Dictamen: <\/strong>Tornquist, 10 de marzo de 2021. La Comisi\u00f3n de INTERPRETACI\u00d3N Y REGLAMENTO (en minor\u00eda), habiendo analizado el Expte. N\u00ba 7262\/21, aconseja no aprobar el Proyecto de Resoluci\u00f3n obrante a fojas 1 y 2, dado que los protocolos ya est\u00e1n establecidos a nivel provincial, el ciclo lectivo 2020 no finaliz\u00f3, teniendo en cuenta que a nivel educativo se analizar\u00e1n los datos en el bienio 2020-2021.-<\/p>\n\n\n\n<p>Se aprueba por mayor\u00eda el primer dictamen, por lo que se aprueba por mayor\u00eda la Resoluci\u00f3n N\u00ba 02\/21, mediante la cual el Honorable Concejo Deliberante de TORNQUIST&nbsp; se dirige a la Honorable C\u00e1mara de Diputados de la Provincia de Buenos Aires a fin de solicitar el pronto tratamiento y aprobaci\u00f3n del Pedido de Informes D-4753-20-21, que tiene como fin que la Direcci\u00f3n General de Cultura y Educaci\u00f3n PBA conteste sobre la situaci\u00f3n de las escuelas, para garantizar el regreso a clases.<\/p>\n\n\n\n<p><strong><u>Expte. N\u00ba 7263\/21: <\/u><\/strong>Bloques Cambiemos y Juntos por el Cambio- Proyecto de Ordenanza: Creaci\u00f3n Registro Municipal de Vacunados Covid-19.<\/p>\n\n\n\n<p>ESTE EXPTE. TIENE DOS DICTAMENES:<\/p>\n\n\n\n<p><strong>1\u00ba Dictamen: <\/strong>Tornquist, 10 de marzo de 2021. Las Comisiones de SALUD P\u00daBLICA (en minor\u00eda), E INTERPRETACI\u00d3N Y REGLAMENTO (en mayor\u00eda), habiendo analizado el Expte. N\u00ba 7263\/21, aconsejan aprobar el Proyecto de Ordenanza obrante a fs. 1 y 2.-<\/p>\n\n\n\n<p><strong>2\u00ba Dictamen: <\/strong>Tornquist, 10 de marzo de 2021. Las Comisiones de SALUD P\u00daBLICA (en mayor\u00eda), E INTERPRETACI\u00d3N Y REGLAMENTO (en minor\u00eda), habiendo analizado el Expte. N\u00ba 7263\/21, aconsejan enviar el mismo al \u00e1rea de Legales para que nos asesoren al respecto.-<\/p>\n\n\n\n<p>Se aprueba por mayor\u00eda el primer dictamen, por lo que se aprueba por mayor\u00eda la Ordenanza N\u00ba 3306\/21, mediante la cual se crea el Registro Municipal de Vacunados.-<\/p>\n\n\n\n<p>Dicho Registro deber\u00e1 ser P\u00fablico y Abierto a la ciudadan\u00eda. La informaci\u00f3n deber\u00e1 ser actualizada diariamente en la p\u00e1gina oficial del Municipio.-<\/p>\n\n\n\n<p>En el Registro constar\u00e1:<\/p>\n\n\n\n<ul class=\"wp-block-list\"><li>Nombre, Apellido, edad y Grupo de Riesgo al que pertenece.<\/li><li>Lugar y Fecha de vacunaci\u00f3n.<\/li><li>Tipo de Vacuna contra el COVID aplicada, fabricante y lote.<\/li><li>Dosis aplicadas.<\/li><li>Cantidad de vacunas disponibles en el Municipio de Tornquist.<\/li><li>Cantidad de vacunas aplicadas en el Municipio de Tornquist.<\/li><\/ul>\n\n\n\n<p>Las Autoridades Sanitarias del Distrito y\/o los responsables de la Coordinaci\u00f3n de la Vacunaci\u00f3n, deber\u00e1n en un plazo no mayor a 10&nbsp; d\u00edas de promulgada esta Ordenanza, presentar&nbsp; a este&nbsp; Concejo Deliberante, por escrito la n\u00f3mina detallada de personas que ya han sido inoculadas contra el Covid-19, desde el 29\/12\/2020, tambi\u00e9n la cantidad de dosis recibidas en el Distrito desde la fecha consignada.-<\/p>\n\n\n\n<p><strong><u>Expte. N\u00ba 7264\/21: <\/u><\/strong>N.P. Asociaci\u00f3n Fomento de Villa Ventana: Solicita relevamiento y declaraci\u00f3n de Inter\u00e9s Tur\u00edstico y Cultural de las Lambertianas existentes en Villa Ventana.<\/p>\n\n\n\n<p>Se aprueba por unanimidad el dictamen de las Comisiones de TURISMO Y DESARROLLO, E INTERPRETACI\u00d3N Y REGLAMENTO, que aconseja enviar el mismo al \u00e1rea de Medio Ambiente para que analicen la viabilidad de dicho pedido.-<\/p>\n\n\n\n<p><strong><u>Expte. N\u00ba 7265\/21: <\/u><\/strong>N.P. Vecinos Barrio San Andr\u00e9s: Manifiestan disconformidad en temas inherentes al Desarrollo del Barrio.<\/p>\n\n\n\n<p>Se aprueba por unanimidad el dictamen de la &nbsp;Comisi\u00f3n de ASUNTOS MUNICIPALES, que aconseja solicitar una reuni\u00f3n con el Departamento Ejecutivo y los vecinos de San Andr\u00e9s de las Sierras.-<\/p>\n\n\n\n<p><strong><u>Expte. N\u00ba 7266\/21: <\/u><\/strong>N.P. Hermanos Balbiano: Presentan Proyecto de Ordenanza en ref. a Acompa\u00f1amiento de Pacientes con Covid-19.<\/p>\n\n\n\n<p>Se aprueba por unanimidad el dictamen de las Comisiones de SALUD P\u00daBLICA, E INTERPRETACI\u00d3N Y REGLAMENTO, que aconseja solicitar una reuni\u00f3n con el \u00e1rea de Salud, Legales y los responsables del Proyecto.-<\/p>\n\n\n\n<p><strong><u>Asuntos Particulares<\/u><\/strong><\/p>\n\n\n\n<p><strong><u>N.P. Gobierno de la Provincia de Buenos Aires- Lu\u00eds Alfredo Siri, Presidente Autoridad del Agua:<\/u><\/strong> Env\u00eda informe elaborado por el Departamento Inspecci\u00f3n y Control de los Recursos, copia del monitoreo efectuado, e informe de la Direcci\u00f3n de Control de Calidad y Preservaci\u00f3n de los Recursos H\u00eddricos, en respuesta al Expediente N\u00ba 6938\/17 caratulado: Bloque F.P.V.- Pedido de Informe: Ref. vuelco de residuos cloacales en el campo cercano a la localidad de Saldungaray.-<\/p>\n\n\n\n<p>Se aprueba por unanimidad solicitar que el D.E. que remita&nbsp; el Expediente N\u00ba 6938\/17 a este Cuerpo, para adjuntar la nota al mismo.-<\/p>\n\n\n\n<p><strong><u>N.P. Gladys Contreras, Presidente de la Asociaci\u00f3n Prestadores Tur\u00edsticos y Comerciantes de Villa Ventana<\/u><\/strong>: Solicitan reuni\u00f3n con el Cuerpo Deliberativo, a fin de exponer necesidades y postergaciones de obras de infraestructura, mantenimiento p\u00fablico, privado y otros temas que la localidad padece.-<\/p>\n\n\n\n<p>Desde presidencia se organizar\u00e1 &nbsp;la reuni\u00f3n solicitada por la Asociaci\u00f3n.-<strong><u><\/u><\/strong><\/p>\n\n\n\n<p><strong><u>N.P. Federico Labarthe:<\/u><\/strong> Solicita renovar su licencia .al cargo de Concejal hasta el d\u00eda 30 de junio del corriente a\u00f1o.-<\/p>\n\n\n\n<p>Se aprueba por unanimidad dicha solicitud.<\/p>\n\n\n\n<p><strong><u>N.P. Elisabet Nori:<\/u><\/strong> Solicita renovar su licencia al cargo de Secretaria Legislativa hasta el d\u00eda 30 de junio del corriente a\u00f1o.-<\/p>\n\n\n\n<p>Se aprueba por unanimidad dicha solicitud.-<\/p>\n\n\n\n<p>Alocuciones de los Concejales:<\/p>\n\n\n\n<p>Concejal Elisabet Nori:<\/p>\n\n\n\n<p>\u201cBueno, yo hoy hab\u00eda preparado algo para decir respecto de algunas situaciones a nivel nacional, de provincia, puntuales como Formosa y Chubut. Situaciones que se han suscitado en las \u00faltimas semanas, en la Provincia de Formosa con el tema de las violaciones a los derechos humanos y a las libertades individuales, y algunas cuestiones un poco m\u00e1s cr\u00edticas en el caso de la persecuci\u00f3n, por llamarlo de alguna manera, a aquellas mujeres que est\u00e1n embarazadas, y que les practicas ces\u00e1reas para tener a su beb\u00e9 en forma arbitraria. Y tambi\u00e9n lo que estaba pasando en la Provincia de Chubut respecto, bueno, de los incendios que supuestamente ser\u00edan todos provocados intencionalmente, bueno, y todo lo que acarre\u00f3 esa situaci\u00f3n de los incendios. Pero, despu\u00e9s pens\u00e1ndolo bien he visto que bueno, estas situaciones que se refieren al tema de salud, y al tema de inseguridad tambi\u00e9n, observo que tambi\u00e9n en alg\u00fan punto y salvando las diferencias obviamente, tambi\u00e9n se suscitan&nbsp; en nuestro distrito. Bueno, hemos visto casos de inseguridad, de distinta \u00edndole, que ha sucedido tambi\u00e9n desde hace un tiempo a esta parte que afortunadamente algunos de ellos ya se han dilucidado y otros a\u00fan quedan por esclarecer, y esperamos y somos auguriosos de que la polic\u00eda de este distrito podr\u00e1 esclarecer los hechos que a\u00fan no se han podido concretar. Tambi\u00e9n respecto al tema de salud, la reuni\u00f3n que tuvimos anteriormente a la Sesi\u00f3n con el planteo de distintas familias que han pasado por situaciones realmente muy cr\u00edticas, muy dif\u00edciles, en relaci\u00f3n a familiares que han tenido internados por el Covid en el Hospital, consideramos que estamos viviendo tiempos ca\u00f3ticos en este sentido \u00bfno? tiempos muy sensibles a todo el mundo, no solamente a la persona que est\u00e1 enferma y a los familiares, sino tambi\u00e9n al personal de salud \u00bfno? de ambas partes. Y por ah\u00ed, se generan situaciones como esta en las cuales uno trata de entender y entiende los reclamos de los ciudadanos. Y tambi\u00e9n bueno, uno va a esperar una respuesta de los efectores de salud y tambi\u00e9n van a escuchar esa otra parte. Esto lo quiero aclarar porque bueno, el Concejo Deliberante trata de ser un organismo que es abierto a la comunidad y abierto a todo el sistema de gobierno del distrito, por ende todos deben poder tener la oportunidad de poder transmitir sus argumentos. Y tambi\u00e9n quer\u00eda traer a colaci\u00f3n las palabras del se\u00f1or vicepresidente, ahora Presidente en ejercicio de este Concejo Deliberante, en la Sesi\u00f3n Inaugural, cuando hablaba de la institucionalidad del Concejo Deliberante, la importancia que tiene, que se respete esa institucionalidad. Y est\u00e1bamos hablando en estos d\u00edas atr\u00e1s de la cantidad de expedientes que hemos derivado a distintas \u00e1reas del Ejecutivo durante el a\u00f1o 2020 y ahora lo que va en el transcurso de este corto a\u00f1o legislativo, que por all\u00ed permanecen meses en el Departamento, en \u00e1reas del Departamento Ejecutivo, y no obtenemos las respuestas necesarias que nosotros estamos, le estamos solicitando para poder dar continuidad con las tem\u00e1ticas de esos expedientes, que en muchos de los casos esos expedientes remiten a necesidades que nos han planteado los mismos vecinos, los propios vecinos de Tornquist o instituciones del distrito de Tornquist. Entonces eso me parece que es fundamental, que justamente para mantener la institucionalidad tanto del Poder Ejecutivo como del Legislativo, y para poder mantener la articulaci\u00f3n necesaria para llegar a soluciones concretas para estas demandas de los vecinos o de las instituciones necesitamos que todo esto sea m\u00e1s \u00e1gil, un poco m\u00e1s celero, y que podamos definitivamente llevar a las demandas las respuestas que sean necesarias. Por eso es que me remit\u00ed a esas palabras suyas se\u00f1or vicepresidente porque fundamentales en todos los casos, y en estos me parece que es m\u00e1s fundamental a\u00fan y debemos remarcarlo y vamos a hacer, por lo menos el compromiso de estos Bloques, del Bloque de Cambiemos y Juntos por el Cambio, es seguir muy de cerca el trayecto de los expedientes, y poder as\u00ed darle continuidad a los mismos. Nada m\u00e1s se\u00f1or Presidente\u201d.<\/p>\n\n\n\n<p>Concejal Roc\u00edo V\u00e1zquez:<\/p>\n\n\n\n<p>\u201cEn primera instancia a coincidir con la Concejal Nori en relaci\u00f3n a la institucionalidad del Concejo Deliberante y a la importancia de la respuesta del Ejecutivo. Esto tambi\u00e9n lo tratamos desde nuestros Bloques en la Sesi\u00f3n Inaugural, no solo con el tema de los expedientes si no vuelvo a reiterar, con las notas enviadas al Ejecutivo y con los pedidos de informes que seguimos sin tener respuestas despu\u00e9s de haberlo mencionado tambi\u00e9n en la Inaugurar, con temas que son de suma importancia como son: el basurero, el agua y muchos m\u00e1s que hemos presentado durante el a\u00f1o 2020. En segunda instancia quer\u00eda aclarar los dos dict\u00e1menes que diferenciamos por ah\u00ed aqu\u00ed en el Concejo, el primero es el expediente 7262\/21, que presenta Juntos por el Cambio y Cambiemos al tratamiento de un pedido de informe que hace desde la C\u00e1mara. En ese pedido de informe hay varias cuestiones que indican, algunas de ellas relacionadas con el protocolo de inicio del ciclo lectivo, otra con datos estad\u00edsticos, otra con la parte de infraestructura. En primera instancia con lo que tiene que ver el protocolo ya es de conocimiento p\u00fablico, ya se iniciaron las clases el primero de marzo en la mayor\u00eda de los niveles y el 8 en los restantes. Y en relaci\u00f3n a los resultados de lo que fue el ciclo lectivo 2020, aclarar que hay una Resoluci\u00f3n que es la 367\/20 del Consejo Federal de Educaci\u00f3n, en la que indica que se va a analizar el bienio 2020-2021, que todav\u00eda no cerr\u00f3 el ciclo lectivo 2020 sino que lo va a ser el 31 de marzo y con la continuidad del 2021, entonces esos datos estad\u00edsticos todav\u00eda no se los van a poder brindar porque todav\u00eda no est\u00e1 cerrado el ciclo, y por otro lado, hay niveles que hace una semana que reci\u00e9n empezaron y que todo lo relacionado con la deserci\u00f3n se empez\u00f3 a trabajar desde este inicio del ciclo lectivo para ver qui\u00e9nes son los alumnos que no ingresaron nuevamente a la presencialidad de los sistemas educativos, eso por un lado. Por otro lado el expediente 7263\/21, que es el Proyecto de Ordenanza de Creaci\u00f3n Registro Municipal de Vacunas Covid, en realidad nosotros decidimos dictaminar que se eleve a la parte de legales. Estuvimos haciendo la consulta con distritos vecinos, con Concejalas compa\u00f1eras. Estuvimos siendo asesorados en relaci\u00f3n a esta Ordenanza y ve\u00edamos algunas cosas con las cuales no coincid\u00edamos y quer\u00edamos remarcar. Por un lado el Visto de la Ordenanza es muy amplio porque habla de situaciones de p\u00fablico conocimiento y dem\u00e1s pero no enumera la causa echa hacia el Ministro y dem\u00e1s. Despu\u00e9s en los Considerandos dice que hay otros distritos que han vacunado a personas ligadas al poder pol\u00edtico, eso tambi\u00e9n tendr\u00eda que ser m\u00e1s claro porque no se nombra ni cu\u00e1les son los distritos, ni qui\u00e9nes fueron las personas involucradas y parece, parece no, considero que es algo serio y que no podemos decir otros distritos sin tener alg\u00fan tipo de consecuencia. En relaci\u00f3n a la transparencia nosotros consideramos que la campa\u00f1a vacunaci\u00f3n desde provincia con las turneras y con las inscripciones es totalmente transparente, si por ah\u00ed alguno quiso hacer un reclamo con las primeras dosis o dem\u00e1s eso por ah\u00ed habr\u00eda que hacerle una nota al Intendente o al Secretario de Salud para sacarse las dudas que tengan. Y por otro lado la resoluci\u00f3n de esta Ordenanza, es un listado con pedido de datos personales. Nosotros pedimos este asesoramiento legal porque nos han indicado que est\u00e1 la Ley de Protecci\u00f3n de Datos, que los datos p\u00fablicos tienen que ser con consentimiento de las personas que en este caso han sido vacunadas y que sin caso contrario pueden presentar una habeas reclamando el por qu\u00e9 se dieron esos datos sin su consentimiento. As\u00ed que pido por ah\u00ed que, tener en cuenta este asesoramiento legal para no tener despu\u00e9s inconvenientes con esta Ordenanza que ha sido aprobada por mayor\u00eda. Y como Bloques, tanto el Bloque del Frente Justicialista Cumplir y el Bloque del Frente de Todos, vamos a presentar cada uno de los integrantes una Declaraci\u00f3n Jurada donde vamos a indicar fuimos vacunados o no, cu\u00e1l fue el motivo, fecha de inscripci\u00f3n y dem\u00e1s datos. Lo vamos a dejar a disposici\u00f3n porque es nuestro, con nuestro consentimiento, invitamos al resto de los Bloques si quieren sumarse a este pedido. Nada m\u00e1s se\u00f1or Presidente\u201d.<\/p>\n\n\n\n<p>Concejal Luis Castro:<\/p>\n\n\n\n<p>\u201cBueno, acompa\u00f1o, apoyo a lo que comentaba la Concejal Nori con referencia al Gobierno de Formosa, la violaci\u00f3n sistem\u00e1tica de Derechos Humanos que se est\u00e1 dando y principalmente de la Constituci\u00f3n, que si bien ahora se hizo m\u00e1s visible ya viene de principio del a\u00f1o 2020 y de hace varias d\u00e9cadas. Lo repudio y creo que todo el arco pol\u00edtico y este Cuerpo lo deber\u00eda hacer porque algo grav\u00edsimo que est\u00e1 pasando en Argentina y hace un ratito ah\u00ed nos enteramos de que hab\u00edan Legisladores Nacionales de Juntos por el Cambio que fueron detenidos y no los dejan entrar a la localidad de Clorinda, violando el derecho de circulaci\u00f3n que tiene cualquier ciudadano y m\u00e1s los diputados que tienen, en ese caso, tendr\u00edan que hacerlo cumplir m\u00e1s, no porque sean privilegiados sino porque representar al pueblo. Despu\u00e9s quer\u00eda hacer referencia a la reuni\u00f3n que tuvimos con vecinos de la localidad por cuestiones que tienen que ver con salud, tema que en la \u00faltima semana fue noticia por varios hechos situaciones vividas principalmente por una vecina que lo hizo p\u00fablico. Bueno, estuvimos charlando con ellos, obviamente la gente est\u00e1 indignada por varias cosas de las que nos cont\u00f3 de c\u00f3mo funciona el \u00e1rea de Covid del hospital y en general, c\u00f3mo tratan a los pacientes que tal vez est\u00e1n en sus \u00faltimas horas de vida, c\u00f3mo los tratan, como es alimentaci\u00f3n, las habitaciones. Bueno, pudimos escuchar a los vecinos pero tambi\u00e9n vamos a escuchar obviamente a la otra campana que es la del Ejecutivo, el Secretario de Salud, el Director o funcionarios que est\u00e9n involucrados en el \u00e1rea. Que si bien ya la hemos escuchado porque el Secretario de Salud y el Director han dado ayer una conferencia de prensa, s\u00ed ayer si no me equivoco. La verdad que personalmente la escuch\u00e9 y no la comparto y hasta la repudi\u00f3, porque si algo tienen que hacer los funcionarios p\u00fablicos en primer lugar es ponerse en lugar de la gente y tener empat\u00eda, y la verdad que el Secretario de Salud y el Director lo \u00fanico que han hecho es casi terminan acusando a esta familia de, bueno de varias cosas que dijeron. Mezclaron las cosas y no se han hecho cargo de situaciones que se vienen dando porque en el caso de Nori ella lo hizo p\u00fablico pero se ha sumado mucha gente, y creo que se va a seguir sumando. Por eso repudio las declaraciones de los dos funcionarios municipales, y creo que hasta no solucionar\u00eda nada, pero la verdad si sos Intendente o allegado al Intendente amerita que esos dos funcionarios, por lo menos el que est\u00e1 a la cabeza del \u00e1rea de salud deber\u00edan presentar la renuncia. Si bien no es la soluci\u00f3n porque como hablamos con la familia el hospital por lo que se ve falta organizaci\u00f3n y comunicaci\u00f3n, es un problema que hay que solucionar y no se va a solucionar con la renuncia de un funcionario, porque los funcionarios son transitorios, pasan. Pero bueno, quer\u00eda hacer referencia a eso que seguramente tengamos una reuni\u00f3n con el \u00e1rea de salud pero desde de la declaraci\u00f3n que ya dieron ayer p\u00fablicamente, personalmente no estoy de acuerdo y creo que tendr\u00eda un momento de charlarlo con&nbsp; los funcionarios. Y despu\u00e9s quer\u00eda, que estoy de acuerdo est\u00e1 bueno que el Frente, el Bloque de Concejales del Frente de Todos y del Frente Cumplir haga la Declaraci\u00f3n Jurada de la vacunaci\u00f3n, creo que en general todos lo vamos a hacer, no va a haber problema. Y tal vez algunas cosas que marcan la Ordenanza respeto que no est\u00e9n de acuerdo, pero cuando hacen referencia a los datos p\u00fablicos de que de que tal vez no es legal o hay algo que no lo permite, yo recuerdo que hace un par de a\u00f1os a nivel Nacional y Provincial, pero m\u00e1s Nacional, la persona que se opon\u00eda al Gobierno Nacional y ten\u00eda alguna deuda o algo los datos sal\u00edan enseguida en la televisi\u00f3n, nombre, apellido, qui\u00e9n era, si deb\u00eda patentes, si deb\u00eda ABL, o impuestos provinciales o nacionales. Entonces creo que ese argumento, comparto que no, que si quieren asesorarse en ese sentido, es m\u00e1s est\u00e1 perfecto, pero creo que en este caso que no hay nada que esconder, que todas las personas viven subiendo la foto de que se vacunaron, y me parece perfecto, no habr\u00eda ning\u00fan tipo de problema. As\u00ed que, nada m\u00e1s se\u00f1or Presidente\u201d.<\/p>\n\n\n\n<p>Concejal Beatriz D\u00edaz:<\/p>\n\n\n\n<p>\u201cBueno, coincido tambi\u00e9n con todo lo que ha dicho la Concejal Nori en cuanto a hacer seguimiento a los proyectos y las Ordenanzas que se han implementado. Tambi\u00e9n coincido con Luis Castro en esto de la reuni\u00f3n, creo que tuvimos la oportunidad de escuchar a los vecinos, y ahora nos toca escuchar las respuestas que nos den de salud y creo que para lo que estamos o la intenci\u00f3n que imagino ser\u00e1 de todos, es la de mejorar toda esta situaci\u00f3n, aclarar malos entendidos o si hubo malas acciones o incumplimientos poder revertirlos de ac\u00e1 en adelante, ya que la situaci\u00f3n de la pandemia a\u00fan no termina. Con respecto a la vacunaci\u00f3n, entiendo que en la Sesi\u00f3n anterior la Concejal Nori explic\u00f3 cu\u00e1l era el art\u00edculo que lo permit\u00eda, estos de dar a conocer los datos, me parece que eso ya est\u00e1 aclarado. Y en cuanto a dar a conocer si nos vacunamos o no, me parece que la transparencia es algo en lo que coincidimos casi todos pienso yo. Por otro lado quer\u00eda felicitar, saludar a la familia fortinera ya que hoy cumple 62 a\u00f1os el Instituto Fort\u00edn Pav\u00f3n, instituci\u00f3n de la que formo parte hace muchos a\u00f1os, y que bueno que fue creada para dar respuesta, para cubrir la necesidad de que los adolescentes pudieran terminar la secundaria en la zona y no tener que viajar a Bah\u00eda, as\u00ed fue como comenz\u00f3 gracias al accionar del Padre Mario Molinari y toda la sociedad que contribuy\u00f3 y que permanece en pie hace tantos a\u00f1os con el mismo compromiso de siempre. As\u00ed que saludo a todos alumnos, ex alumnos, docentes del colegio del cual me siento orgullosa. Nada m\u00e1s se\u00f1or Presidente\u201d.<\/p>\n\n\n\n<p>HONORABLE CONCEJO DELIBERANTE<\/p>\n\n\n\n<figure class=\"wp-block-gallery columns-3 is-cropped wp-block-gallery-1 is-layout-flex wp-block-gallery-is-layout-flex\"><ul class=\"blocks-gallery-grid\"><li class=\"blocks-gallery-item\"><figure><img loading=\"lazy\" decoding=\"async\" width=\"774\" height=\"1032\" src=\"http:\/\/www.celttv.com.ar\/wp-content\/uploads\/2021\/03\/WhatsApp-Image-2021-03-17-at-11.52.06.jpeg\" alt=\"\" data-id=\"56482\" data-full-url=\"http:\/\/www.celttv.com.ar\/wp-content\/uploads\/2021\/03\/WhatsApp-Image-2021-03-17-at-11.52.06.jpeg\" data-link=\"http:\/\/www.celttv.com.ar\/?attachment_id=56482\" class=\"wp-image-56482\" srcset=\"https:\/\/www.celttv.com.ar\/wp-content\/uploads\/2021\/03\/WhatsApp-Image-2021-03-17-at-11.52.06.jpeg 774w, https:\/\/www.celttv.com.ar\/wp-content\/uploads\/2021\/03\/WhatsApp-Image-2021-03-17-at-11.52.06-225x300.jpeg 225w, https:\/\/www.celttv.com.ar\/wp-content\/uploads\/2021\/03\/WhatsApp-Image-2021-03-17-at-11.52.06-768x1024.jpeg 768w, https:\/\/www.celttv.com.ar\/wp-content\/uploads\/2021\/03\/WhatsApp-Image-2021-03-17-at-11.52.06-750x1000.jpeg 750w\" sizes=\"auto, (max-width: 774px) 100vw, 774px\" \/><\/figure><\/li><li class=\"blocks-gallery-item\"><figure><img loading=\"lazy\" decoding=\"async\" width=\"1032\" height=\"774\" src=\"http:\/\/www.celttv.com.ar\/wp-content\/uploads\/2021\/03\/WhatsApp-Image-2021-03-17-at-11.52.08-1.jpeg\" alt=\"\" data-id=\"56483\" data-full-url=\"http:\/\/www.celttv.com.ar\/wp-content\/uploads\/2021\/03\/WhatsApp-Image-2021-03-17-at-11.52.08-1.jpeg\" data-link=\"http:\/\/www.celttv.com.ar\/?attachment_id=56483\" class=\"wp-image-56483\" srcset=\"https:\/\/www.celttv.com.ar\/wp-content\/uploads\/2021\/03\/WhatsApp-Image-2021-03-17-at-11.52.08-1.jpeg 1032w, https:\/\/www.celttv.com.ar\/wp-content\/uploads\/2021\/03\/WhatsApp-Image-2021-03-17-at-11.52.08-1-300x225.jpeg 300w, https:\/\/www.celttv.com.ar\/wp-content\/uploads\/2021\/03\/WhatsApp-Image-2021-03-17-at-11.52.08-1-1024x768.jpeg 1024w, https:\/\/www.celttv.com.ar\/wp-content\/uploads\/2021\/03\/WhatsApp-Image-2021-03-17-at-11.52.08-1-768x576.jpeg 768w, https:\/\/www.celttv.com.ar\/wp-content\/uploads\/2021\/03\/WhatsApp-Image-2021-03-17-at-11.52.08-1-750x563.jpeg 750w\" sizes=\"auto, (max-width: 1032px) 100vw, 1032px\" \/><\/figure><\/li><li class=\"blocks-gallery-item\"><figure><img loading=\"lazy\" decoding=\"async\" width=\"1032\" height=\"774\" src=\"http:\/\/www.celttv.com.ar\/wp-content\/uploads\/2021\/03\/WhatsApp-Image-2021-03-17-at-11.52.08-2.jpeg\" alt=\"\" data-id=\"56484\" data-full-url=\"http:\/\/www.celttv.com.ar\/wp-content\/uploads\/2021\/03\/WhatsApp-Image-2021-03-17-at-11.52.08-2.jpeg\" data-link=\"http:\/\/www.celttv.com.ar\/?attachment_id=56484\" class=\"wp-image-56484\" srcset=\"https:\/\/www.celttv.com.ar\/wp-content\/uploads\/2021\/03\/WhatsApp-Image-2021-03-17-at-11.52.08-2.jpeg 1032w, https:\/\/www.celttv.com.ar\/wp-content\/uploads\/2021\/03\/WhatsApp-Image-2021-03-17-at-11.52.08-2-300x225.jpeg 300w, https:\/\/www.celttv.com.ar\/wp-content\/uploads\/2021\/03\/WhatsApp-Image-2021-03-17-at-11.52.08-2-1024x768.jpeg 1024w, https:\/\/www.celttv.com.ar\/wp-content\/uploads\/2021\/03\/WhatsApp-Image-2021-03-17-at-11.52.08-2-768x576.jpeg 768w, https:\/\/www.celttv.com.ar\/wp-content\/uploads\/2021\/03\/WhatsApp-Image-2021-03-17-at-11.52.08-2-750x563.jpeg 750w\" sizes=\"auto, (max-width: 1032px) 100vw, 1032px\" \/><\/figure><\/li><li class=\"blocks-gallery-item\"><figure><img loading=\"lazy\" decoding=\"async\" width=\"1032\" height=\"774\" src=\"http:\/\/www.celttv.com.ar\/wp-content\/uploads\/2021\/03\/WhatsApp-Image-2021-03-17-at-11.52.08.jpeg\" alt=\"\" data-id=\"56485\" data-full-url=\"http:\/\/www.celttv.com.ar\/wp-content\/uploads\/2021\/03\/WhatsApp-Image-2021-03-17-at-11.52.08.jpeg\" data-link=\"http:\/\/www.celttv.com.ar\/?attachment_id=56485\" class=\"wp-image-56485\" srcset=\"https:\/\/www.celttv.com.ar\/wp-content\/uploads\/2021\/03\/WhatsApp-Image-2021-03-17-at-11.52.08.jpeg 1032w, https:\/\/www.celttv.com.ar\/wp-content\/uploads\/2021\/03\/WhatsApp-Image-2021-03-17-at-11.52.08-300x225.jpeg 300w, https:\/\/www.celttv.com.ar\/wp-content\/uploads\/2021\/03\/WhatsApp-Image-2021-03-17-at-11.52.08-1024x768.jpeg 1024w, https:\/\/www.celttv.com.ar\/wp-content\/uploads\/2021\/03\/WhatsApp-Image-2021-03-17-at-11.52.08-768x576.jpeg 768w, https:\/\/www.celttv.com.ar\/wp-content\/uploads\/2021\/03\/WhatsApp-Image-2021-03-17-at-11.52.08-750x563.jpeg 750w\" sizes=\"auto, (max-width: 1032px) 100vw, 1032px\" \/><\/figure><\/li><li class=\"blocks-gallery-item\"><figure><img loading=\"lazy\" decoding=\"async\" width=\"774\" height=\"1032\" src=\"http:\/\/www.celttv.com.ar\/wp-content\/uploads\/2021\/03\/WhatsApp-Image-2021-03-17-at-11.52.09.jpeg\" alt=\"\" data-id=\"56486\" data-full-url=\"http:\/\/www.celttv.com.ar\/wp-content\/uploads\/2021\/03\/WhatsApp-Image-2021-03-17-at-11.52.09.jpeg\" data-link=\"http:\/\/www.celttv.com.ar\/?attachment_id=56486\" class=\"wp-image-56486\" srcset=\"https:\/\/www.celttv.com.ar\/wp-content\/uploads\/2021\/03\/WhatsApp-Image-2021-03-17-at-11.52.09.jpeg 774w, https:\/\/www.celttv.com.ar\/wp-content\/uploads\/2021\/03\/WhatsApp-Image-2021-03-17-at-11.52.09-225x300.jpeg 225w, https:\/\/www.celttv.com.ar\/wp-content\/uploads\/2021\/03\/WhatsApp-Image-2021-03-17-at-11.52.09-768x1024.jpeg 768w, https:\/\/www.celttv.com.ar\/wp-content\/uploads\/2021\/03\/WhatsApp-Image-2021-03-17-at-11.52.09-750x1000.jpeg 750w\" sizes=\"auto, (max-width: 774px) 100vw, 774px\" \/><\/figure><\/li><li class=\"blocks-gallery-item\"><figure><img loading=\"lazy\" decoding=\"async\" width=\"774\" height=\"1032\" src=\"http:\/\/www.celttv.com.ar\/wp-content\/uploads\/2021\/03\/WhatsApp-Image-2021-03-17-at-11.52.11.jpeg\" alt=\"\" data-id=\"56487\" data-full-url=\"http:\/\/www.celttv.com.ar\/wp-content\/uploads\/2021\/03\/WhatsApp-Image-2021-03-17-at-11.52.11.jpeg\" data-link=\"http:\/\/www.celttv.com.ar\/?attachment_id=56487\" class=\"wp-image-56487\" srcset=\"https:\/\/www.celttv.com.ar\/wp-content\/uploads\/2021\/03\/WhatsApp-Image-2021-03-17-at-11.52.11.jpeg 774w, https:\/\/www.celttv.com.ar\/wp-content\/uploads\/2021\/03\/WhatsApp-Image-2021-03-17-at-11.52.11-225x300.jpeg 225w, https:\/\/www.celttv.com.ar\/wp-content\/uploads\/2021\/03\/WhatsApp-Image-2021-03-17-at-11.52.11-768x1024.jpeg 768w, https:\/\/www.celttv.com.ar\/wp-content\/uploads\/2021\/03\/WhatsApp-Image-2021-03-17-at-11.52.11-750x1000.jpeg 750w\" sizes=\"auto, (max-width: 774px) 100vw, 774px\" \/><\/figure><\/li><li class=\"blocks-gallery-item\"><figure><img loading=\"lazy\" decoding=\"async\" width=\"774\" height=\"1032\" src=\"http:\/\/www.celttv.com.ar\/wp-content\/uploads\/2021\/03\/WhatsApp-Image-2021-03-17-at-11.52.12-1.jpeg\" alt=\"\" data-id=\"56488\" data-full-url=\"http:\/\/www.celttv.com.ar\/wp-content\/uploads\/2021\/03\/WhatsApp-Image-2021-03-17-at-11.52.12-1.jpeg\" data-link=\"http:\/\/www.celttv.com.ar\/?attachment_id=56488\" class=\"wp-image-56488\" srcset=\"https:\/\/www.celttv.com.ar\/wp-content\/uploads\/2021\/03\/WhatsApp-Image-2021-03-17-at-11.52.12-1.jpeg 774w, https:\/\/www.celttv.com.ar\/wp-content\/uploads\/2021\/03\/WhatsApp-Image-2021-03-17-at-11.52.12-1-225x300.jpeg 225w, https:\/\/www.celttv.com.ar\/wp-content\/uploads\/2021\/03\/WhatsApp-Image-2021-03-17-at-11.52.12-1-768x1024.jpeg 768w, https:\/\/www.celttv.com.ar\/wp-content\/uploads\/2021\/03\/WhatsApp-Image-2021-03-17-at-11.52.12-1-750x1000.jpeg 750w\" sizes=\"auto, (max-width: 774px) 100vw, 774px\" \/><\/figure><\/li><li class=\"blocks-gallery-item\"><figure><img loading=\"lazy\" decoding=\"async\" width=\"774\" height=\"1032\" src=\"http:\/\/www.celttv.com.ar\/wp-content\/uploads\/2021\/03\/WhatsApp-Image-2021-03-17-at-11.52.12.jpeg\" alt=\"\" data-id=\"56489\" data-full-url=\"http:\/\/www.celttv.com.ar\/wp-content\/uploads\/2021\/03\/WhatsApp-Image-2021-03-17-at-11.52.12.jpeg\" data-link=\"http:\/\/www.celttv.com.ar\/?attachment_id=56489\" class=\"wp-image-56489\" srcset=\"https:\/\/www.celttv.com.ar\/wp-content\/uploads\/2021\/03\/WhatsApp-Image-2021-03-17-at-11.52.12.jpeg 774w, https:\/\/www.celttv.com.ar\/wp-content\/uploads\/2021\/03\/WhatsApp-Image-2021-03-17-at-11.52.12-225x300.jpeg 225w, https:\/\/www.celttv.com.ar\/wp-content\/uploads\/2021\/03\/WhatsApp-Image-2021-03-17-at-11.52.12-768x1024.jpeg 768w, https:\/\/www.celttv.com.ar\/wp-content\/uploads\/2021\/03\/WhatsApp-Image-2021-03-17-at-11.52.12-750x1000.jpeg 750w\" sizes=\"auto, (max-width: 774px) 100vw, 774px\" \/><\/figure><\/li><li class=\"blocks-gallery-item\"><figure><img loading=\"lazy\" decoding=\"async\" width=\"774\" height=\"1032\" src=\"http:\/\/www.celttv.com.ar\/wp-content\/uploads\/2021\/03\/WhatsApp-Image-2021-03-17-at-11.52.13-1.jpeg\" alt=\"\" data-id=\"56490\" data-full-url=\"http:\/\/www.celttv.com.ar\/wp-content\/uploads\/2021\/03\/WhatsApp-Image-2021-03-17-at-11.52.13-1.jpeg\" data-link=\"http:\/\/www.celttv.com.ar\/?attachment_id=56490\" class=\"wp-image-56490\" srcset=\"https:\/\/www.celttv.com.ar\/wp-content\/uploads\/2021\/03\/WhatsApp-Image-2021-03-17-at-11.52.13-1.jpeg 774w, https:\/\/www.celttv.com.ar\/wp-content\/uploads\/2021\/03\/WhatsApp-Image-2021-03-17-at-11.52.13-1-225x300.jpeg 225w, https:\/\/www.celttv.com.ar\/wp-content\/uploads\/2021\/03\/WhatsApp-Image-2021-03-17-at-11.52.13-1-768x1024.jpeg 768w, https:\/\/www.celttv.com.ar\/wp-content\/uploads\/2021\/03\/WhatsApp-Image-2021-03-17-at-11.52.13-1-750x1000.jpeg 750w\" sizes=\"auto, (max-width: 774px) 100vw, 774px\" \/><\/figure><\/li><li class=\"blocks-gallery-item\"><figure><img loading=\"lazy\" decoding=\"async\" width=\"774\" height=\"1032\" src=\"http:\/\/www.celttv.com.ar\/wp-content\/uploads\/2021\/03\/WhatsApp-Image-2021-03-17-at-11.52.13.jpeg\" alt=\"\" data-id=\"56491\" data-full-url=\"http:\/\/www.celttv.com.ar\/wp-content\/uploads\/2021\/03\/WhatsApp-Image-2021-03-17-at-11.52.13.jpeg\" data-link=\"http:\/\/www.celttv.com.ar\/?attachment_id=56491\" class=\"wp-image-56491\" srcset=\"https:\/\/www.celttv.com.ar\/wp-content\/uploads\/2021\/03\/WhatsApp-Image-2021-03-17-at-11.52.13.jpeg 774w, https:\/\/www.celttv.com.ar\/wp-content\/uploads\/2021\/03\/WhatsApp-Image-2021-03-17-at-11.52.13-225x300.jpeg 225w, https:\/\/www.celttv.com.ar\/wp-content\/uploads\/2021\/03\/WhatsApp-Image-2021-03-17-at-11.52.13-768x1024.jpeg 768w, https:\/\/www.celttv.com.ar\/wp-content\/uploads\/2021\/03\/WhatsApp-Image-2021-03-17-at-11.52.13-750x1000.jpeg 750w\" sizes=\"auto, (max-width: 774px) 100vw, 774px\" \/><\/figure><\/li><li class=\"blocks-gallery-item\"><figure><img loading=\"lazy\" decoding=\"async\" width=\"774\" height=\"1032\" src=\"http:\/\/www.celttv.com.ar\/wp-content\/uploads\/2021\/03\/WhatsApp-Image-2021-03-17-at-11.52.14.jpeg\" alt=\"\" data-id=\"56492\" data-full-url=\"http:\/\/www.celttv.com.ar\/wp-content\/uploads\/2021\/03\/WhatsApp-Image-2021-03-17-at-11.52.14.jpeg\" data-link=\"http:\/\/www.celttv.com.ar\/?attachment_id=56492\" class=\"wp-image-56492\" srcset=\"https:\/\/www.celttv.com.ar\/wp-content\/uploads\/2021\/03\/WhatsApp-Image-2021-03-17-at-11.52.14.jpeg 774w, https:\/\/www.celttv.com.ar\/wp-content\/uploads\/2021\/03\/WhatsApp-Image-2021-03-17-at-11.52.14-225x300.jpeg 225w, https:\/\/www.celttv.com.ar\/wp-content\/uploads\/2021\/03\/WhatsApp-Image-2021-03-17-at-11.52.14-768x1024.jpeg 768w, https:\/\/www.celttv.com.ar\/wp-content\/uploads\/2021\/03\/WhatsApp-Image-2021-03-17-at-11.52.14-750x1000.jpeg 750w\" sizes=\"auto, (max-width: 774px) 100vw, 774px\" \/><\/figure><\/li><li class=\"blocks-gallery-item\"><figure><img loading=\"lazy\" decoding=\"async\" width=\"774\" height=\"1032\" src=\"http:\/\/www.celttv.com.ar\/wp-content\/uploads\/2021\/03\/WhatsApp-Image-2021-03-17-at-11.52.15.jpeg\" alt=\"\" data-id=\"56493\" data-full-url=\"http:\/\/www.celttv.com.ar\/wp-content\/uploads\/2021\/03\/WhatsApp-Image-2021-03-17-at-11.52.15.jpeg\" data-link=\"http:\/\/www.celttv.com.ar\/?attachment_id=56493\" class=\"wp-image-56493\" srcset=\"https:\/\/www.celttv.com.ar\/wp-content\/uploads\/2021\/03\/WhatsApp-Image-2021-03-17-at-11.52.15.jpeg 774w, https:\/\/www.celttv.com.ar\/wp-content\/uploads\/2021\/03\/WhatsApp-Image-2021-03-17-at-11.52.15-225x300.jpeg 225w, https:\/\/www.celttv.com.ar\/wp-content\/uploads\/2021\/03\/WhatsApp-Image-2021-03-17-at-11.52.15-768x1024.jpeg 768w, https:\/\/www.celttv.com.ar\/wp-content\/uploads\/2021\/03\/WhatsApp-Image-2021-03-17-at-11.52.15-750x1000.jpeg 750w\" sizes=\"auto, (max-width: 774px) 100vw, 774px\" \/><\/figure><\/li><li class=\"blocks-gallery-item\"><figure><img loading=\"lazy\" decoding=\"async\" width=\"774\" height=\"1032\" src=\"http:\/\/www.celttv.com.ar\/wp-content\/uploads\/2021\/03\/WhatsApp-Image-2021-03-17-at-11.52.16-1.jpeg\" alt=\"\" data-id=\"56494\" data-full-url=\"http:\/\/www.celttv.com.ar\/wp-content\/uploads\/2021\/03\/WhatsApp-Image-2021-03-17-at-11.52.16-1.jpeg\" data-link=\"http:\/\/www.celttv.com.ar\/?attachment_id=56494\" class=\"wp-image-56494\" srcset=\"https:\/\/www.celttv.com.ar\/wp-content\/uploads\/2021\/03\/WhatsApp-Image-2021-03-17-at-11.52.16-1.jpeg 774w, https:\/\/www.celttv.com.ar\/wp-content\/uploads\/2021\/03\/WhatsApp-Image-2021-03-17-at-11.52.16-1-225x300.jpeg 225w, https:\/\/www.celttv.com.ar\/wp-content\/uploads\/2021\/03\/WhatsApp-Image-2021-03-17-at-11.52.16-1-768x1024.jpeg 768w, https:\/\/www.celttv.com.ar\/wp-content\/uploads\/2021\/03\/WhatsApp-Image-2021-03-17-at-11.52.16-1-750x1000.jpeg 750w\" sizes=\"auto, (max-width: 774px) 100vw, 774px\" \/><\/figure><\/li><li class=\"blocks-gallery-item\"><figure><img loading=\"lazy\" decoding=\"async\" width=\"774\" height=\"1032\" src=\"http:\/\/www.celttv.com.ar\/wp-content\/uploads\/2021\/03\/WhatsApp-Image-2021-03-17-at-11.52.16.jpeg\" alt=\"\" data-id=\"56495\" data-full-url=\"http:\/\/www.celttv.com.ar\/wp-content\/uploads\/2021\/03\/WhatsApp-Image-2021-03-17-at-11.52.16.jpeg\" data-link=\"http:\/\/www.celttv.com.ar\/?attachment_id=56495\" class=\"wp-image-56495\" srcset=\"https:\/\/www.celttv.com.ar\/wp-content\/uploads\/2021\/03\/WhatsApp-Image-2021-03-17-at-11.52.16.jpeg 774w, https:\/\/www.celttv.com.ar\/wp-content\/uploads\/2021\/03\/WhatsApp-Image-2021-03-17-at-11.52.16-225x300.jpeg 225w, https:\/\/www.celttv.com.ar\/wp-content\/uploads\/2021\/03\/WhatsApp-Image-2021-03-17-at-11.52.16-768x1024.jpeg 768w, https:\/\/www.celttv.com.ar\/wp-content\/uploads\/2021\/03\/WhatsApp-Image-2021-03-17-at-11.52.16-750x1000.jpeg 750w\" sizes=\"auto, (max-width: 774px) 100vw, 774px\" \/><\/figure><\/li><li class=\"blocks-gallery-item\"><figure><img loading=\"lazy\" decoding=\"async\" width=\"774\" height=\"1032\" src=\"http:\/\/www.celttv.com.ar\/wp-content\/uploads\/2021\/03\/WhatsApp-Image-2021-03-17-at-11.52.17.jpeg\" alt=\"\" data-id=\"56496\" data-full-url=\"http:\/\/www.celttv.com.ar\/wp-content\/uploads\/2021\/03\/WhatsApp-Image-2021-03-17-at-11.52.17.jpeg\" data-link=\"http:\/\/www.celttv.com.ar\/?attachment_id=56496\" class=\"wp-image-56496\" srcset=\"https:\/\/www.celttv.com.ar\/wp-content\/uploads\/2021\/03\/WhatsApp-Image-2021-03-17-at-11.52.17.jpeg 774w, https:\/\/www.celttv.com.ar\/wp-content\/uploads\/2021\/03\/WhatsApp-Image-2021-03-17-at-11.52.17-225x300.jpeg 225w, https:\/\/www.celttv.com.ar\/wp-content\/uploads\/2021\/03\/WhatsApp-Image-2021-03-17-at-11.52.17-768x1024.jpeg 768w, https:\/\/www.celttv.com.ar\/wp-content\/uploads\/2021\/03\/WhatsApp-Image-2021-03-17-at-11.52.17-750x1000.jpeg 750w\" sizes=\"auto, (max-width: 774px) 100vw, 774px\" \/><\/figure><\/li><\/ul><\/figure>\n","protected":false},"excerpt":{"rendered":"<p>INFORME SESI\u00d3N ORDINARIA DEL D\u00cdA 16-03-21 Comunicaciones Oficiales y Dict\u00e1menes de las Comisiones: Expte. N\u00ba 051\/21: D.E. Acepta donaci\u00f3n efectuada por la Asociaci\u00f3n Cooperadora de la Unidad Sanitaria de Villa Ventana. Se solicita tratamiento sobre tablas de dicho Expte. Se aprueba por unanimidad la Ordenanza &nbsp;N\u00ba 3307\/21 por la cual se acepta la donaci\u00f3n de [&hellip;]<\/p>\n","protected":false},"author":1,"featured_media":56495,"comment_status":"closed","ping_status":"open","sticky":false,"template":"","format":"standard","meta":{"footnotes":""},"categories":[52,53],"tags":[],"class_list":["post-56481","post","type-post","status-publish","format-standard","has-post-thumbnail","hentry","category-destacadas","category-politica"],"yoast_head":"<!-- This site is optimized with the Yoast SEO plugin v19.7.1 - https:\/\/yoast.com\/wordpress\/plugins\/seo\/ -->\n<title>Los temas que se trataron en la \u00faltima sesi\u00f3n del HCD. - CELTTV<\/title>\n<meta name=\"description\" content=\"Sitio web de noticias de la localidad de Tornquist, provincia de Buenos Aires, Rep\u00fablica Argentina. Contenido propio originado por periodistas de CELTTV, el canal de TV local de la Cooperativa El\u00e9ctrica de Tornquist. Turismo, Pol\u00edtica, Sociedad, Deporte, Cultura y todo el contenido de inter\u00e9s general que la gente del pueblo y la regi\u00f3n debe conocer.\" \/>\n<meta name=\"robots\" content=\"index, follow, max-snippet:-1, max-image-preview:large, max-video-preview:-1\" \/>\n<link rel=\"canonical\" href=\"https:\/\/www.celttv.com.ar\/index.php\/2021\/03\/19\/los-temas-que-se-trataron-en-la-ultima-sesion-del-hcd\/\" \/>\n<meta property=\"og:locale\" content=\"es_ES\" \/>\n<meta property=\"og:type\" content=\"article\" \/>\n<meta property=\"og:title\" content=\"Los temas que se trataron en la \u00faltima sesi\u00f3n del HCD. - CELTTV\" \/>\n<meta property=\"og:description\" content=\"Sitio web de noticias de la localidad de Tornquist, provincia de Buenos Aires, Rep\u00fablica Argentina. Contenido propio originado por periodistas de CELTTV, el canal de TV local de la Cooperativa El\u00e9ctrica de Tornquist. Turismo, Pol\u00edtica, Sociedad, Deporte, Cultura y todo el contenido de inter\u00e9s general que la gente del pueblo y la regi\u00f3n debe conocer.\" \/>\n<meta property=\"og:url\" content=\"https:\/\/www.celttv.com.ar\/index.php\/2021\/03\/19\/los-temas-que-se-trataron-en-la-ultima-sesion-del-hcd\/\" \/>\n<meta property=\"og:site_name\" content=\"CELTTV\" \/>\n<meta property=\"article:publisher\" content=\"https:\/\/www.facebook.com\/celtTV\/\" \/>\n<meta property=\"article:published_time\" content=\"2021-03-19T22:32:50+00:00\" \/>\n<meta property=\"og:image\" content=\"https:\/\/www.celttv.com.ar\/wp-content\/uploads\/2021\/03\/WhatsApp-Image-2021-03-17-at-11.52.16.jpeg\" \/>\n\t<meta property=\"og:image:width\" content=\"774\" \/>\n\t<meta property=\"og:image:height\" content=\"1032\" \/>\n\t<meta property=\"og:image:type\" content=\"image\/jpeg\" \/>\n<meta name=\"author\" content=\"ulises\" \/>\n<meta name=\"twitter:card\" content=\"summary_large_image\" \/>\n<meta name=\"twitter:label1\" content=\"Escrito por\" \/>\n\t<meta name=\"twitter:data1\" content=\"ulises\" \/>\n\t<meta name=\"twitter:label2\" content=\"Tiempo de lectura\" \/>\n\t<meta name=\"twitter:data2\" content=\"24 minutos\" \/>\n<script type=\"application\/ld+json\" class=\"yoast-schema-graph\">{\"@context\":\"https:\/\/schema.org\",\"@graph\":[{\"@type\":\"NewsArticle\",\"@id\":\"https:\/\/www.celttv.com.ar\/index.php\/2021\/03\/19\/los-temas-que-se-trataron-en-la-ultima-sesion-del-hcd\/#article\",\"isPartOf\":{\"@id\":\"https:\/\/www.celttv.com.ar\/index.php\/2021\/03\/19\/los-temas-que-se-trataron-en-la-ultima-sesion-del-hcd\/\"},\"author\":{\"name\":\"ulises\",\"@id\":\"https:\/\/www.celttv.com.ar\/#\/schema\/person\/6d99c072dba59953809c81446e9d0ace\"},\"headline\":\"Los temas que se trataron en la \u00faltima sesi\u00f3n del HCD.\",\"datePublished\":\"2021-03-19T22:32:50+00:00\",\"dateModified\":\"2021-03-19T22:32:50+00:00\",\"mainEntityOfPage\":{\"@id\":\"https:\/\/www.celttv.com.ar\/index.php\/2021\/03\/19\/los-temas-que-se-trataron-en-la-ultima-sesion-del-hcd\/\"},\"wordCount\":4762,\"publisher\":{\"@id\":\"https:\/\/www.celttv.com.ar\/#organization\"},\"articleSection\":[\"Destacadas\",\"Pol\u00edtica\"],\"inLanguage\":\"es\"},{\"@type\":\"WebPage\",\"@id\":\"https:\/\/www.celttv.com.ar\/index.php\/2021\/03\/19\/los-temas-que-se-trataron-en-la-ultima-sesion-del-hcd\/\",\"url\":\"https:\/\/www.celttv.com.ar\/index.php\/2021\/03\/19\/los-temas-que-se-trataron-en-la-ultima-sesion-del-hcd\/\",\"name\":\"Los temas que se trataron en la \u00faltima sesi\u00f3n del HCD. - CELTTV\",\"isPartOf\":{\"@id\":\"https:\/\/www.celttv.com.ar\/#website\"},\"datePublished\":\"2021-03-19T22:32:50+00:00\",\"dateModified\":\"2021-03-19T22:32:50+00:00\",\"description\":\"Sitio web de noticias de la localidad de Tornquist, provincia de Buenos Aires, Rep\u00fablica Argentina. Contenido propio originado por periodistas de CELTTV, el canal de TV local de la Cooperativa El\u00e9ctrica de Tornquist. Turismo, Pol\u00edtica, Sociedad, Deporte, Cultura y todo el contenido de inter\u00e9s general que la gente del pueblo y la regi\u00f3n debe conocer.\",\"breadcrumb\":{\"@id\":\"https:\/\/www.celttv.com.ar\/index.php\/2021\/03\/19\/los-temas-que-se-trataron-en-la-ultima-sesion-del-hcd\/#breadcrumb\"},\"inLanguage\":\"es\",\"potentialAction\":[{\"@type\":\"ReadAction\",\"target\":[\"https:\/\/www.celttv.com.ar\/index.php\/2021\/03\/19\/los-temas-que-se-trataron-en-la-ultima-sesion-del-hcd\/\"]}]},{\"@type\":\"BreadcrumbList\",\"@id\":\"https:\/\/www.celttv.com.ar\/index.php\/2021\/03\/19\/los-temas-que-se-trataron-en-la-ultima-sesion-del-hcd\/#breadcrumb\",\"itemListElement\":[{\"@type\":\"ListItem\",\"position\":1,\"name\":\"Inicio\",\"item\":\"https:\/\/www.celttv.com.ar\/\"},{\"@type\":\"ListItem\",\"position\":2,\"name\":\"Los temas que se trataron en la \u00faltima sesi\u00f3n del HCD.\"}]},{\"@type\":\"WebSite\",\"@id\":\"https:\/\/www.celttv.com.ar\/#website\",\"url\":\"https:\/\/www.celttv.com.ar\/\",\"name\":\"CELTTV\",\"description\":\"Cooperativa El\u00e9ctrica de Tornquist\",\"publisher\":{\"@id\":\"https:\/\/www.celttv.com.ar\/#organization\"},\"potentialAction\":[{\"@type\":\"SearchAction\",\"target\":{\"@type\":\"EntryPoint\",\"urlTemplate\":\"https:\/\/www.celttv.com.ar\/?s={search_term_string}\"},\"query-input\":\"required name=search_term_string\"}],\"inLanguage\":\"es\"},{\"@type\":\"Organization\",\"@id\":\"https:\/\/www.celttv.com.ar\/#organization\",\"name\":\"CELTTV\",\"url\":\"https:\/\/www.celttv.com.ar\/\",\"sameAs\":[\"https:\/\/www.youtube.com\/channel\/UCz_oIt8Hig64Ub-EmcNPIhg\",\"https:\/\/www.facebook.com\/celtTV\/\"],\"logo\":{\"@type\":\"ImageObject\",\"inLanguage\":\"es\",\"@id\":\"https:\/\/www.celttv.com.ar\/#\/schema\/logo\/image\/\",\"url\":\"http:\/\/www.celttv.com.ar\/wp-content\/uploads\/2022\/08\/logo-1.png\",\"contentUrl\":\"http:\/\/www.celttv.com.ar\/wp-content\/uploads\/2022\/08\/logo-1.png\",\"width\":461,\"height\":159,\"caption\":\"CELTTV\"},\"image\":{\"@id\":\"https:\/\/www.celttv.com.ar\/#\/schema\/logo\/image\/\"}},{\"@type\":\"Person\",\"@id\":\"https:\/\/www.celttv.com.ar\/#\/schema\/person\/6d99c072dba59953809c81446e9d0ace\",\"name\":\"ulises\",\"image\":{\"@type\":\"ImageObject\",\"inLanguage\":\"es\",\"@id\":\"https:\/\/www.celttv.com.ar\/#\/schema\/person\/image\/\",\"url\":\"https:\/\/secure.gravatar.com\/avatar\/7f2c48bdc33b30088f941fb6082e555f2874c98e20cb159d7b92b50eadfce793?s=96&d=mm&r=g\",\"contentUrl\":\"https:\/\/secure.gravatar.com\/avatar\/7f2c48bdc33b30088f941fb6082e555f2874c98e20cb159d7b92b50eadfce793?s=96&d=mm&r=g\",\"caption\":\"ulises\"},\"sameAs\":[\"http:\/\/www.celttv.com.ar\"]}]}<\/script>\n<!-- \/ Yoast SEO plugin. -->","yoast_head_json":{"title":"Los temas que se trataron en la \u00faltima sesi\u00f3n del HCD. - CELTTV","description":"Sitio web de noticias de la localidad de Tornquist, provincia de Buenos Aires, Rep\u00fablica Argentina. Contenido propio originado por periodistas de CELTTV, el canal de TV local de la Cooperativa El\u00e9ctrica de Tornquist. Turismo, Pol\u00edtica, Sociedad, Deporte, Cultura y todo el contenido de inter\u00e9s general que la gente del pueblo y la regi\u00f3n debe conocer.","robots":{"index":"index","follow":"follow","max-snippet":"max-snippet:-1","max-image-preview":"max-image-preview:large","max-video-preview":"max-video-preview:-1"},"canonical":"https:\/\/www.celttv.com.ar\/index.php\/2021\/03\/19\/los-temas-que-se-trataron-en-la-ultima-sesion-del-hcd\/","og_locale":"es_ES","og_type":"article","og_title":"Los temas que se trataron en la \u00faltima sesi\u00f3n del HCD. - CELTTV","og_description":"Sitio web de noticias de la localidad de Tornquist, provincia de Buenos Aires, Rep\u00fablica Argentina. Contenido propio originado por periodistas de CELTTV, el canal de TV local de la Cooperativa El\u00e9ctrica de Tornquist. Turismo, Pol\u00edtica, Sociedad, Deporte, Cultura y todo el contenido de inter\u00e9s general que la gente del pueblo y la regi\u00f3n debe conocer.","og_url":"https:\/\/www.celttv.com.ar\/index.php\/2021\/03\/19\/los-temas-que-se-trataron-en-la-ultima-sesion-del-hcd\/","og_site_name":"CELTTV","article_publisher":"https:\/\/www.facebook.com\/celtTV\/","article_published_time":"2021-03-19T22:32:50+00:00","og_image":[{"width":774,"height":1032,"url":"https:\/\/www.celttv.com.ar\/wp-content\/uploads\/2021\/03\/WhatsApp-Image-2021-03-17-at-11.52.16.jpeg","type":"image\/jpeg"}],"author":"ulises","twitter_card":"summary_large_image","twitter_misc":{"Escrito por":"ulises","Tiempo de lectura":"24 minutos"},"schema":{"@context":"https:\/\/schema.org","@graph":[{"@type":"NewsArticle","@id":"https:\/\/www.celttv.com.ar\/index.php\/2021\/03\/19\/los-temas-que-se-trataron-en-la-ultima-sesion-del-hcd\/#article","isPartOf":{"@id":"https:\/\/www.celttv.com.ar\/index.php\/2021\/03\/19\/los-temas-que-se-trataron-en-la-ultima-sesion-del-hcd\/"},"author":{"name":"ulises","@id":"https:\/\/www.celttv.com.ar\/#\/schema\/person\/6d99c072dba59953809c81446e9d0ace"},"headline":"Los temas que se trataron en la \u00faltima sesi\u00f3n del HCD.","datePublished":"2021-03-19T22:32:50+00:00","dateModified":"2021-03-19T22:32:50+00:00","mainEntityOfPage":{"@id":"https:\/\/www.celttv.com.ar\/index.php\/2021\/03\/19\/los-temas-que-se-trataron-en-la-ultima-sesion-del-hcd\/"},"wordCount":4762,"publisher":{"@id":"https:\/\/www.celttv.com.ar\/#organization"},"articleSection":["Destacadas","Pol\u00edtica"],"inLanguage":"es"},{"@type":"WebPage","@id":"https:\/\/www.celttv.com.ar\/index.php\/2021\/03\/19\/los-temas-que-se-trataron-en-la-ultima-sesion-del-hcd\/","url":"https:\/\/www.celttv.com.ar\/index.php\/2021\/03\/19\/los-temas-que-se-trataron-en-la-ultima-sesion-del-hcd\/","name":"Los temas que se trataron en la \u00faltima sesi\u00f3n del HCD. - CELTTV","isPartOf":{"@id":"https:\/\/www.celttv.com.ar\/#website"},"datePublished":"2021-03-19T22:32:50+00:00","dateModified":"2021-03-19T22:32:50+00:00","description":"Sitio web de noticias de la localidad de Tornquist, provincia de Buenos Aires, Rep\u00fablica Argentina. Contenido propio originado por periodistas de CELTTV, el canal de TV local de la Cooperativa El\u00e9ctrica de Tornquist. Turismo, Pol\u00edtica, Sociedad, Deporte, Cultura y todo el contenido de inter\u00e9s general que la gente del pueblo y la regi\u00f3n debe conocer.","breadcrumb":{"@id":"https:\/\/www.celttv.com.ar\/index.php\/2021\/03\/19\/los-temas-que-se-trataron-en-la-ultima-sesion-del-hcd\/#breadcrumb"},"inLanguage":"es","potentialAction":[{"@type":"ReadAction","target":["https:\/\/www.celttv.com.ar\/index.php\/2021\/03\/19\/los-temas-que-se-trataron-en-la-ultima-sesion-del-hcd\/"]}]},{"@type":"BreadcrumbList","@id":"https:\/\/www.celttv.com.ar\/index.php\/2021\/03\/19\/los-temas-que-se-trataron-en-la-ultima-sesion-del-hcd\/#breadcrumb","itemListElement":[{"@type":"ListItem","position":1,"name":"Inicio","item":"https:\/\/www.celttv.com.ar\/"},{"@type":"ListItem","position":2,"name":"Los temas que se trataron en la \u00faltima sesi\u00f3n del HCD."}]},{"@type":"WebSite","@id":"https:\/\/www.celttv.com.ar\/#website","url":"https:\/\/www.celttv.com.ar\/","name":"CELTTV","description":"Cooperativa El\u00e9ctrica de Tornquist","publisher":{"@id":"https:\/\/www.celttv.com.ar\/#organization"},"potentialAction":[{"@type":"SearchAction","target":{"@type":"EntryPoint","urlTemplate":"https:\/\/www.celttv.com.ar\/?s={search_term_string}"},"query-input":"required name=search_term_string"}],"inLanguage":"es"},{"@type":"Organization","@id":"https:\/\/www.celttv.com.ar\/#organization","name":"CELTTV","url":"https:\/\/www.celttv.com.ar\/","sameAs":["https:\/\/www.youtube.com\/channel\/UCz_oIt8Hig64Ub-EmcNPIhg","https:\/\/www.facebook.com\/celtTV\/"],"logo":{"@type":"ImageObject","inLanguage":"es","@id":"https:\/\/www.celttv.com.ar\/#\/schema\/logo\/image\/","url":"http:\/\/www.celttv.com.ar\/wp-content\/uploads\/2022\/08\/logo-1.png","contentUrl":"http:\/\/www.celttv.com.ar\/wp-content\/uploads\/2022\/08\/logo-1.png","width":461,"height":159,"caption":"CELTTV"},"image":{"@id":"https:\/\/www.celttv.com.ar\/#\/schema\/logo\/image\/"}},{"@type":"Person","@id":"https:\/\/www.celttv.com.ar\/#\/schema\/person\/6d99c072dba59953809c81446e9d0ace","name":"ulises","image":{"@type":"ImageObject","inLanguage":"es","@id":"https:\/\/www.celttv.com.ar\/#\/schema\/person\/image\/","url":"https:\/\/secure.gravatar.com\/avatar\/7f2c48bdc33b30088f941fb6082e555f2874c98e20cb159d7b92b50eadfce793?s=96&d=mm&r=g","contentUrl":"https:\/\/secure.gravatar.com\/avatar\/7f2c48bdc33b30088f941fb6082e555f2874c98e20cb159d7b92b50eadfce793?s=96&d=mm&r=g","caption":"ulises"},"sameAs":["http:\/\/www.celttv.com.ar"]}]}},"_links":{"self":[{"href":"https:\/\/www.celttv.com.ar\/index.php\/wp-json\/wp\/v2\/posts\/56481","targetHints":{"allow":["GET"]}}],"collection":[{"href":"https:\/\/www.celttv.com.ar\/index.php\/wp-json\/wp\/v2\/posts"}],"about":[{"href":"https:\/\/www.celttv.com.ar\/index.php\/wp-json\/wp\/v2\/types\/post"}],"author":[{"embeddable":true,"href":"https:\/\/www.celttv.com.ar\/index.php\/wp-json\/wp\/v2\/users\/1"}],"replies":[{"embeddable":true,"href":"https:\/\/www.celttv.com.ar\/index.php\/wp-json\/wp\/v2\/comments?post=56481"}],"version-history":[{"count":0,"href":"https:\/\/www.celttv.com.ar\/index.php\/wp-json\/wp\/v2\/posts\/56481\/revisions"}],"wp:featuredmedia":[{"embeddable":true,"href":"https:\/\/www.celttv.com.ar\/index.php\/wp-json\/wp\/v2\/media\/56495"}],"wp:attachment":[{"href":"https:\/\/www.celttv.com.ar\/index.php\/wp-json\/wp\/v2\/media?parent=56481"}],"wp:term":[{"taxonomy":"category","embeddable":true,"href":"https:\/\/www.celttv.com.ar\/index.php\/wp-json\/wp\/v2\/categories?post=56481"},{"taxonomy":"post_tag","embeddable":true,"href":"https:\/\/www.celttv.com.ar\/index.php\/wp-json\/wp\/v2\/tags?post=56481"}],"curies":[{"name":"wp","href":"https:\/\/api.w.org\/{rel}","templated":true}]}}