{"id":56498,"date":"2021-03-19T22:45:27","date_gmt":"2021-03-19T22:45:27","guid":{"rendered":"http:\/\/www.celttv.com.ar\/?p=56498"},"modified":"2021-03-19T22:45:27","modified_gmt":"2021-03-19T22:45:27","slug":"se-vienen-cuatro-foros-en-el-marco-del-mes-de-las-mujeres-y-el-deporte","status":"publish","type":"post","link":"https:\/\/www.celttv.com.ar\/index.php\/2021\/03\/19\/se-vienen-cuatro-foros-en-el-marco-del-mes-de-las-mujeres-y-el-deporte\/","title":{"rendered":"Se vienen cuatro foros en el marco del \u201cMes de las Mujeres y el Deporte\u201d"},"content":{"rendered":"\n<p><\/p>\n\n\n\n<p>Organizadas por la Subsecretar\u00eda de Deportes de la Provincia de Buenos Aires, se realizar\u00e1n actividades en el marco del \u201cMes de las Mujeres y el Deporte\u201d, que comprende cuatro foros a realizarse de manera virtual v\u00eda Zoom.<\/p>\n\n\n\n<p>Los interesados en participar del evento, deber\u00e1n inscribirse en el campus virtual a trav\u00e9s de <a href=\"http:\/\/www.campus.deportes.gba.gob.ar\">www.campus.deportes.gba.gob.ar<\/a>.<\/p>\n\n\n\n<p><strong>1\u00ba Foro: \u201cDiversidad y Biologisismos en el Deporte.\u201d<\/strong><\/p>\n\n\n\n<p>Lunes 22\/03<\/p>\n\n\n\n<p>Horario 10 a 12 hs.<\/p>\n\n\n\n<p>Ser\u00e1n panelistas en el mismo:<\/p>\n\n\n\n<p>-Mara G\u00f3mez \u2013 Jugadora de F\u00fatbol \/ Primer Jugadora transgenero en jugar en la m\u00e1xima categor\u00eda Argentina de F\u00fatbol femenino.<\/p>\n\n\n\n<p>-Daniela Castro \u2013 Directora Provincial de Pol\u00edticas de Diversidad Sexual.<\/p>\n\n\n\n<p>-Nicol\u00e1s Abratte \u2013 Director de Programas Especiales para la Diversidad Sexual (Min. Mujeres).<\/p>\n\n\n\n<p>-M\u00f3nica Santino &#8211; Jugadora y Dt. de f\u00fatbol, integrante del comit\u00e9 asesor en g\u00e9nero de la Subsecretar\u00eda de deportes.<\/p>\n\n\n\n<p><strong>2\u00ba Foro: \u201cDeporte y Violencia por Razones de G\u00e9nero.\u201d<\/strong><\/p>\n\n\n\n<p>Martes 23\/03<\/p>\n\n\n\n<p>Horario 10 a 12 hs.<\/p>\n\n\n\n<p>Ser\u00e1n panelistas en el mismo:<\/p>\n\n\n\n<p>-Flavia Delmas \u2013 Subsecretaria de Pol\u00edticas contra las Violencias por Razones de Genero de la Provincia de Buenos Aires (Min. Mujeres).<\/p>\n\n\n\n<p>-Claudia Ormachea &#8211; Diputada Nacional.<\/p>\n\n\n\n<p>-AgostinaBalastegui \u2013 Directora de Intervenci\u00f3n en Situaciones de Alto Riesgo y Casos Cr\u00edticos (Min. Mujeres).<\/p>\n\n\n\n<p>-Lorena Berdula \u2013 Dt. de futbol femenino, docente en la universidad de La Plata.<\/p>\n\n\n\n<p><strong>3\u00ba Foro: \u201cJuventudes y el Deporte\u201d.<\/strong><\/p>\n\n\n\n<p>Viernes 26\/03<\/p>\n\n\n\n<p>Horario 10 a 12 hs.<\/p>\n\n\n\n<p>Ser\u00e1n panelistas en el mismo:<\/p>\n\n\n\n<p>-Lucia Portos \u2013 Subsecretaria de Pol\u00edticas de Genero y Diversidad Sexual de la Provincia de Buenos Aires (Min. Mujeres).<\/p>\n\n\n\n<p>-AyelenLopez \u2013 directora de Juventudes de la Provincia de Buenos Aires.<\/p>\n\n\n\n<p>-Jimena \u201cLa Pichi\u201d Carol &#8211;&nbsp; Activista Gorda, modelo y bailarina.<\/p>\n\n\n\n<p>-Luciano Spena \u2013 Nutricionista e integrante del comit\u00e9 asesor en Ciencias del Deporte de la Subsecretaria de Deportes.<\/p>\n\n\n\n<p>-Lorena Guivizzo \u2013 Psic\u00f3loga del deporte e integrante del comit\u00e9 asesor en Ciencias del Deporte de la Subsecretaria de Deportes.<\/p>\n\n\n\n<p><strong>4\u00ba Foro: \u201cMujeres y su rol en el Deporte\u201d.<\/strong><\/p>\n\n\n\n<p>Lunes 29\/03<\/p>\n\n\n\n<p>Horario 10 a 12 hs.<\/p>\n\n\n\n<p>Ser\u00e1n panelistas en el mismo:<\/p>\n\n\n\n<p>-Claudia Lazzaro \u2013 Directora de Pol\u00edticas para la Equidad Laboral, Formaci\u00f3n para el trabajo y Pol\u00edticas de Cuidado de la Provincia de Buenos Aires (Min. Mujeres).<\/p>\n\n\n\n<p>-Cecilia Rodriguez \u2013 Titular de la Unidad del gabinete de asesores del Ministerio de Seguridad de la Naci\u00f3n.<\/p>\n\n\n\n<p>-Mariana Degregorio &#8211;&nbsp; Directora de Deporte Social y Clubes de Barrio (MDComunidad).<\/p>\n\n\n\n<p>-Ver\u00f3nica Weidgans \u2013 Vocal titular Club Atl\u00e9tico Platense.<\/p>\n\n\n\n<p>-Johanna Torres &#8211; Vicepresidenta Club Atl\u00e9tico Mor\u00f3n.<\/p>\n\n\n\n<p>-Lucia Barbuto \u2013 Presidenta Club Atl\u00e9tico Banfield. Ante dudas o consultas, enviar un mail a <a href=\"mailto:mesdelasmujeres@gmail.com\">mesdelasmujeres@gmail.com<\/a><\/p>\n\n\n\n<figure class=\"wp-block-image size-large\"><img loading=\"lazy\" decoding=\"async\" width=\"1080\" height=\"1080\" src=\"http:\/\/www.celttv.com.ar\/wp-content\/uploads\/2021\/03\/Mes-de-las-mujeres-y-el-deporte.jpg\" alt=\"\" class=\"wp-image-56499\" srcset=\"https:\/\/www.celttv.com.ar\/wp-content\/uploads\/2021\/03\/Mes-de-las-mujeres-y-el-deporte.jpg 1080w, https:\/\/www.celttv.com.ar\/wp-content\/uploads\/2021\/03\/Mes-de-las-mujeres-y-el-deporte-300x300.jpg 300w, https:\/\/www.celttv.com.ar\/wp-content\/uploads\/2021\/03\/Mes-de-las-mujeres-y-el-deporte-1024x1024.jpg 1024w, https:\/\/www.celttv.com.ar\/wp-content\/uploads\/2021\/03\/Mes-de-las-mujeres-y-el-deporte-150x150.jpg 150w, https:\/\/www.celttv.com.ar\/wp-content\/uploads\/2021\/03\/Mes-de-las-mujeres-y-el-deporte-768x768.jpg 768w, https:\/\/www.celttv.com.ar\/wp-content\/uploads\/2021\/03\/Mes-de-las-mujeres-y-el-deporte-75x75.jpg 75w, https:\/\/www.celttv.com.ar\/wp-content\/uploads\/2021\/03\/Mes-de-las-mujeres-y-el-deporte-750x750.jpg 750w\" sizes=\"auto, (max-width: 1080px) 100vw, 1080px\" \/><\/figure>\n","protected":false},"excerpt":{"rendered":"<p>Organizadas por la Subsecretar\u00eda de Deportes de la Provincia de Buenos Aires, se realizar\u00e1n actividades en el marco del \u201cMes de las Mujeres y el Deporte\u201d, que comprende cuatro foros a realizarse de manera virtual v\u00eda Zoom. Los interesados en participar del evento, deber\u00e1n inscribirse en el campus virtual a trav\u00e9s de www.campus.deportes.gba.gob.ar. 1\u00ba Foro: [&hellip;]<\/p>\n","protected":false},"author":1,"featured_media":56499,"comment_status":"closed","ping_status":"open","sticky":false,"template":"","format":"standard","meta":{"footnotes":""},"categories":[51,62,52,59],"tags":[],"class_list":["post-56498","post","type-post","status-publish","format-standard","has-post-thumbnail","hentry","category-comunidad","category-deportes","category-destacadas","category-municipales"],"yoast_head":"<!-- This site is optimized with the Yoast SEO plugin v19.7.1 - https:\/\/yoast.com\/wordpress\/plugins\/seo\/ -->\n<title>Se vienen cuatro foros en el marco del \u201cMes de las Mujeres y el Deporte\u201d - CELTTV<\/title>\n<meta name=\"description\" content=\"Sitio web de noticias de la localidad de Tornquist, provincia de Buenos Aires, Rep\u00fablica Argentina. Contenido propio originado por periodistas de CELTTV, el canal de TV local de la Cooperativa El\u00e9ctrica de Tornquist. Turismo, Pol\u00edtica, Sociedad, Deporte, Cultura y todo el contenido de inter\u00e9s general que la gente del pueblo y la regi\u00f3n debe conocer.\" \/>\n<meta name=\"robots\" content=\"index, follow, max-snippet:-1, max-image-preview:large, max-video-preview:-1\" \/>\n<link rel=\"canonical\" href=\"https:\/\/www.celttv.com.ar\/index.php\/2021\/03\/19\/se-vienen-cuatro-foros-en-el-marco-del-mes-de-las-mujeres-y-el-deporte\/\" \/>\n<meta property=\"og:locale\" content=\"es_ES\" \/>\n<meta property=\"og:type\" content=\"article\" \/>\n<meta property=\"og:title\" content=\"Se vienen cuatro foros en el marco del \u201cMes de las Mujeres y el Deporte\u201d - CELTTV\" \/>\n<meta property=\"og:description\" content=\"Sitio web de noticias de la localidad de Tornquist, provincia de Buenos Aires, Rep\u00fablica Argentina. Contenido propio originado por periodistas de CELTTV, el canal de TV local de la Cooperativa El\u00e9ctrica de Tornquist. Turismo, Pol\u00edtica, Sociedad, Deporte, Cultura y todo el contenido de inter\u00e9s general que la gente del pueblo y la regi\u00f3n debe conocer.\" \/>\n<meta property=\"og:url\" content=\"https:\/\/www.celttv.com.ar\/index.php\/2021\/03\/19\/se-vienen-cuatro-foros-en-el-marco-del-mes-de-las-mujeres-y-el-deporte\/\" \/>\n<meta property=\"og:site_name\" content=\"CELTTV\" \/>\n<meta property=\"article:publisher\" content=\"https:\/\/www.facebook.com\/celtTV\/\" \/>\n<meta property=\"article:published_time\" content=\"2021-03-19T22:45:27+00:00\" \/>\n<meta property=\"og:image\" content=\"https:\/\/www.celttv.com.ar\/wp-content\/uploads\/2021\/03\/Mes-de-las-mujeres-y-el-deporte.jpg\" \/>\n\t<meta property=\"og:image:width\" content=\"1080\" \/>\n\t<meta property=\"og:image:height\" content=\"1080\" \/>\n\t<meta property=\"og:image:type\" content=\"image\/jpeg\" \/>\n<meta name=\"author\" content=\"ulises\" \/>\n<meta name=\"twitter:card\" content=\"summary_large_image\" \/>\n<meta name=\"twitter:label1\" content=\"Escrito por\" \/>\n\t<meta name=\"twitter:data1\" content=\"ulises\" \/>\n\t<meta name=\"twitter:label2\" content=\"Tiempo de lectura\" \/>\n\t<meta name=\"twitter:data2\" content=\"2 minutos\" \/>\n<script type=\"application\/ld+json\" class=\"yoast-schema-graph\">{\"@context\":\"https:\/\/schema.org\",\"@graph\":[{\"@type\":\"NewsArticle\",\"@id\":\"https:\/\/www.celttv.com.ar\/index.php\/2021\/03\/19\/se-vienen-cuatro-foros-en-el-marco-del-mes-de-las-mujeres-y-el-deporte\/#article\",\"isPartOf\":{\"@id\":\"https:\/\/www.celttv.com.ar\/index.php\/2021\/03\/19\/se-vienen-cuatro-foros-en-el-marco-del-mes-de-las-mujeres-y-el-deporte\/\"},\"author\":{\"name\":\"ulises\",\"@id\":\"https:\/\/www.celttv.com.ar\/#\/schema\/person\/6d99c072dba59953809c81446e9d0ace\"},\"headline\":\"Se vienen cuatro foros en el marco del \u201cMes de las Mujeres y el Deporte\u201d\",\"datePublished\":\"2021-03-19T22:45:27+00:00\",\"dateModified\":\"2021-03-19T22:45:27+00:00\",\"mainEntityOfPage\":{\"@id\":\"https:\/\/www.celttv.com.ar\/index.php\/2021\/03\/19\/se-vienen-cuatro-foros-en-el-marco-del-mes-de-las-mujeres-y-el-deporte\/\"},\"wordCount\":443,\"publisher\":{\"@id\":\"https:\/\/www.celttv.com.ar\/#organization\"},\"articleSection\":[\"Comunidad\",\"Deportes\",\"Destacadas\",\"Municipales\"],\"inLanguage\":\"es\"},{\"@type\":\"WebPage\",\"@id\":\"https:\/\/www.celttv.com.ar\/index.php\/2021\/03\/19\/se-vienen-cuatro-foros-en-el-marco-del-mes-de-las-mujeres-y-el-deporte\/\",\"url\":\"https:\/\/www.celttv.com.ar\/index.php\/2021\/03\/19\/se-vienen-cuatro-foros-en-el-marco-del-mes-de-las-mujeres-y-el-deporte\/\",\"name\":\"Se vienen cuatro foros en el marco del \u201cMes de las Mujeres y el Deporte\u201d - CELTTV\",\"isPartOf\":{\"@id\":\"https:\/\/www.celttv.com.ar\/#website\"},\"datePublished\":\"2021-03-19T22:45:27+00:00\",\"dateModified\":\"2021-03-19T22:45:27+00:00\",\"description\":\"Sitio web de noticias de la localidad de Tornquist, provincia de Buenos Aires, Rep\u00fablica Argentina. Contenido propio originado por periodistas de CELTTV, el canal de TV local de la Cooperativa El\u00e9ctrica de Tornquist. Turismo, Pol\u00edtica, Sociedad, Deporte, Cultura y todo el contenido de inter\u00e9s general que la gente del pueblo y la regi\u00f3n debe conocer.\",\"breadcrumb\":{\"@id\":\"https:\/\/www.celttv.com.ar\/index.php\/2021\/03\/19\/se-vienen-cuatro-foros-en-el-marco-del-mes-de-las-mujeres-y-el-deporte\/#breadcrumb\"},\"inLanguage\":\"es\",\"potentialAction\":[{\"@type\":\"ReadAction\",\"target\":[\"https:\/\/www.celttv.com.ar\/index.php\/2021\/03\/19\/se-vienen-cuatro-foros-en-el-marco-del-mes-de-las-mujeres-y-el-deporte\/\"]}]},{\"@type\":\"BreadcrumbList\",\"@id\":\"https:\/\/www.celttv.com.ar\/index.php\/2021\/03\/19\/se-vienen-cuatro-foros-en-el-marco-del-mes-de-las-mujeres-y-el-deporte\/#breadcrumb\",\"itemListElement\":[{\"@type\":\"ListItem\",\"position\":1,\"name\":\"Inicio\",\"item\":\"https:\/\/www.celttv.com.ar\/\"},{\"@type\":\"ListItem\",\"position\":2,\"name\":\"Se vienen cuatro foros en el marco del \u201cMes de las Mujeres y el Deporte\u201d\"}]},{\"@type\":\"WebSite\",\"@id\":\"https:\/\/www.celttv.com.ar\/#website\",\"url\":\"https:\/\/www.celttv.com.ar\/\",\"name\":\"CELTTV\",\"description\":\"Cooperativa El\u00e9ctrica de Tornquist\",\"publisher\":{\"@id\":\"https:\/\/www.celttv.com.ar\/#organization\"},\"potentialAction\":[{\"@type\":\"SearchAction\",\"target\":{\"@type\":\"EntryPoint\",\"urlTemplate\":\"https:\/\/www.celttv.com.ar\/?s={search_term_string}\"},\"query-input\":\"required name=search_term_string\"}],\"inLanguage\":\"es\"},{\"@type\":\"Organization\",\"@id\":\"https:\/\/www.celttv.com.ar\/#organization\",\"name\":\"CELTTV\",\"url\":\"https:\/\/www.celttv.com.ar\/\",\"sameAs\":[\"https:\/\/www.youtube.com\/channel\/UCz_oIt8Hig64Ub-EmcNPIhg\",\"https:\/\/www.facebook.com\/celtTV\/\"],\"logo\":{\"@type\":\"ImageObject\",\"inLanguage\":\"es\",\"@id\":\"https:\/\/www.celttv.com.ar\/#\/schema\/logo\/image\/\",\"url\":\"http:\/\/www.celttv.com.ar\/wp-content\/uploads\/2022\/08\/logo-1.png\",\"contentUrl\":\"http:\/\/www.celttv.com.ar\/wp-content\/uploads\/2022\/08\/logo-1.png\",\"width\":461,\"height\":159,\"caption\":\"CELTTV\"},\"image\":{\"@id\":\"https:\/\/www.celttv.com.ar\/#\/schema\/logo\/image\/\"}},{\"@type\":\"Person\",\"@id\":\"https:\/\/www.celttv.com.ar\/#\/schema\/person\/6d99c072dba59953809c81446e9d0ace\",\"name\":\"ulises\",\"image\":{\"@type\":\"ImageObject\",\"inLanguage\":\"es\",\"@id\":\"https:\/\/www.celttv.com.ar\/#\/schema\/person\/image\/\",\"url\":\"https:\/\/secure.gravatar.com\/avatar\/7f2c48bdc33b30088f941fb6082e555f2874c98e20cb159d7b92b50eadfce793?s=96&d=mm&r=g\",\"contentUrl\":\"https:\/\/secure.gravatar.com\/avatar\/7f2c48bdc33b30088f941fb6082e555f2874c98e20cb159d7b92b50eadfce793?s=96&d=mm&r=g\",\"caption\":\"ulises\"},\"sameAs\":[\"http:\/\/www.celttv.com.ar\"]}]}<\/script>\n<!-- \/ Yoast SEO plugin. -->","yoast_head_json":{"title":"Se vienen cuatro foros en el marco del \u201cMes de las Mujeres y el Deporte\u201d - CELTTV","description":"Sitio web de noticias de la localidad de Tornquist, provincia de Buenos Aires, Rep\u00fablica Argentina. Contenido propio originado por periodistas de CELTTV, el canal de TV local de la Cooperativa El\u00e9ctrica de Tornquist. Turismo, Pol\u00edtica, Sociedad, Deporte, Cultura y todo el contenido de inter\u00e9s general que la gente del pueblo y la regi\u00f3n debe conocer.","robots":{"index":"index","follow":"follow","max-snippet":"max-snippet:-1","max-image-preview":"max-image-preview:large","max-video-preview":"max-video-preview:-1"},"canonical":"https:\/\/www.celttv.com.ar\/index.php\/2021\/03\/19\/se-vienen-cuatro-foros-en-el-marco-del-mes-de-las-mujeres-y-el-deporte\/","og_locale":"es_ES","og_type":"article","og_title":"Se vienen cuatro foros en el marco del \u201cMes de las Mujeres y el Deporte\u201d - CELTTV","og_description":"Sitio web de noticias de la localidad de Tornquist, provincia de Buenos Aires, Rep\u00fablica Argentina. Contenido propio originado por periodistas de CELTTV, el canal de TV local de la Cooperativa El\u00e9ctrica de Tornquist. Turismo, Pol\u00edtica, Sociedad, Deporte, Cultura y todo el contenido de inter\u00e9s general que la gente del pueblo y la regi\u00f3n debe conocer.","og_url":"https:\/\/www.celttv.com.ar\/index.php\/2021\/03\/19\/se-vienen-cuatro-foros-en-el-marco-del-mes-de-las-mujeres-y-el-deporte\/","og_site_name":"CELTTV","article_publisher":"https:\/\/www.facebook.com\/celtTV\/","article_published_time":"2021-03-19T22:45:27+00:00","og_image":[{"width":1080,"height":1080,"url":"https:\/\/www.celttv.com.ar\/wp-content\/uploads\/2021\/03\/Mes-de-las-mujeres-y-el-deporte.jpg","type":"image\/jpeg"}],"author":"ulises","twitter_card":"summary_large_image","twitter_misc":{"Escrito por":"ulises","Tiempo de lectura":"2 minutos"},"schema":{"@context":"https:\/\/schema.org","@graph":[{"@type":"NewsArticle","@id":"https:\/\/www.celttv.com.ar\/index.php\/2021\/03\/19\/se-vienen-cuatro-foros-en-el-marco-del-mes-de-las-mujeres-y-el-deporte\/#article","isPartOf":{"@id":"https:\/\/www.celttv.com.ar\/index.php\/2021\/03\/19\/se-vienen-cuatro-foros-en-el-marco-del-mes-de-las-mujeres-y-el-deporte\/"},"author":{"name":"ulises","@id":"https:\/\/www.celttv.com.ar\/#\/schema\/person\/6d99c072dba59953809c81446e9d0ace"},"headline":"Se vienen cuatro foros en el marco del \u201cMes de las Mujeres y el Deporte\u201d","datePublished":"2021-03-19T22:45:27+00:00","dateModified":"2021-03-19T22:45:27+00:00","mainEntityOfPage":{"@id":"https:\/\/www.celttv.com.ar\/index.php\/2021\/03\/19\/se-vienen-cuatro-foros-en-el-marco-del-mes-de-las-mujeres-y-el-deporte\/"},"wordCount":443,"publisher":{"@id":"https:\/\/www.celttv.com.ar\/#organization"},"articleSection":["Comunidad","Deportes","Destacadas","Municipales"],"inLanguage":"es"},{"@type":"WebPage","@id":"https:\/\/www.celttv.com.ar\/index.php\/2021\/03\/19\/se-vienen-cuatro-foros-en-el-marco-del-mes-de-las-mujeres-y-el-deporte\/","url":"https:\/\/www.celttv.com.ar\/index.php\/2021\/03\/19\/se-vienen-cuatro-foros-en-el-marco-del-mes-de-las-mujeres-y-el-deporte\/","name":"Se vienen cuatro foros en el marco del \u201cMes de las Mujeres y el Deporte\u201d - CELTTV","isPartOf":{"@id":"https:\/\/www.celttv.com.ar\/#website"},"datePublished":"2021-03-19T22:45:27+00:00","dateModified":"2021-03-19T22:45:27+00:00","description":"Sitio web de noticias de la localidad de Tornquist, provincia de Buenos Aires, Rep\u00fablica Argentina. Contenido propio originado por periodistas de CELTTV, el canal de TV local de la Cooperativa El\u00e9ctrica de Tornquist. Turismo, Pol\u00edtica, Sociedad, Deporte, Cultura y todo el contenido de inter\u00e9s general que la gente del pueblo y la regi\u00f3n debe conocer.","breadcrumb":{"@id":"https:\/\/www.celttv.com.ar\/index.php\/2021\/03\/19\/se-vienen-cuatro-foros-en-el-marco-del-mes-de-las-mujeres-y-el-deporte\/#breadcrumb"},"inLanguage":"es","potentialAction":[{"@type":"ReadAction","target":["https:\/\/www.celttv.com.ar\/index.php\/2021\/03\/19\/se-vienen-cuatro-foros-en-el-marco-del-mes-de-las-mujeres-y-el-deporte\/"]}]},{"@type":"BreadcrumbList","@id":"https:\/\/www.celttv.com.ar\/index.php\/2021\/03\/19\/se-vienen-cuatro-foros-en-el-marco-del-mes-de-las-mujeres-y-el-deporte\/#breadcrumb","itemListElement":[{"@type":"ListItem","position":1,"name":"Inicio","item":"https:\/\/www.celttv.com.ar\/"},{"@type":"ListItem","position":2,"name":"Se vienen cuatro foros en el marco del \u201cMes de las Mujeres y el Deporte\u201d"}]},{"@type":"WebSite","@id":"https:\/\/www.celttv.com.ar\/#website","url":"https:\/\/www.celttv.com.ar\/","name":"CELTTV","description":"Cooperativa El\u00e9ctrica de Tornquist","publisher":{"@id":"https:\/\/www.celttv.com.ar\/#organization"},"potentialAction":[{"@type":"SearchAction","target":{"@type":"EntryPoint","urlTemplate":"https:\/\/www.celttv.com.ar\/?s={search_term_string}"},"query-input":"required name=search_term_string"}],"inLanguage":"es"},{"@type":"Organization","@id":"https:\/\/www.celttv.com.ar\/#organization","name":"CELTTV","url":"https:\/\/www.celttv.com.ar\/","sameAs":["https:\/\/www.youtube.com\/channel\/UCz_oIt8Hig64Ub-EmcNPIhg","https:\/\/www.facebook.com\/celtTV\/"],"logo":{"@type":"ImageObject","inLanguage":"es","@id":"https:\/\/www.celttv.com.ar\/#\/schema\/logo\/image\/","url":"http:\/\/www.celttv.com.ar\/wp-content\/uploads\/2022\/08\/logo-1.png","contentUrl":"http:\/\/www.celttv.com.ar\/wp-content\/uploads\/2022\/08\/logo-1.png","width":461,"height":159,"caption":"CELTTV"},"image":{"@id":"https:\/\/www.celttv.com.ar\/#\/schema\/logo\/image\/"}},{"@type":"Person","@id":"https:\/\/www.celttv.com.ar\/#\/schema\/person\/6d99c072dba59953809c81446e9d0ace","name":"ulises","image":{"@type":"ImageObject","inLanguage":"es","@id":"https:\/\/www.celttv.com.ar\/#\/schema\/person\/image\/","url":"https:\/\/secure.gravatar.com\/avatar\/7f2c48bdc33b30088f941fb6082e555f2874c98e20cb159d7b92b50eadfce793?s=96&d=mm&r=g","contentUrl":"https:\/\/secure.gravatar.com\/avatar\/7f2c48bdc33b30088f941fb6082e555f2874c98e20cb159d7b92b50eadfce793?s=96&d=mm&r=g","caption":"ulises"},"sameAs":["http:\/\/www.celttv.com.ar"]}]}},"_links":{"self":[{"href":"https:\/\/www.celttv.com.ar\/index.php\/wp-json\/wp\/v2\/posts\/56498","targetHints":{"allow":["GET"]}}],"collection":[{"href":"https:\/\/www.celttv.com.ar\/index.php\/wp-json\/wp\/v2\/posts"}],"about":[{"href":"https:\/\/www.celttv.com.ar\/index.php\/wp-json\/wp\/v2\/types\/post"}],"author":[{"embeddable":true,"href":"https:\/\/www.celttv.com.ar\/index.php\/wp-json\/wp\/v2\/users\/1"}],"replies":[{"embeddable":true,"href":"https:\/\/www.celttv.com.ar\/index.php\/wp-json\/wp\/v2\/comments?post=56498"}],"version-history":[{"count":0,"href":"https:\/\/www.celttv.com.ar\/index.php\/wp-json\/wp\/v2\/posts\/56498\/revisions"}],"wp:featuredmedia":[{"embeddable":true,"href":"https:\/\/www.celttv.com.ar\/index.php\/wp-json\/wp\/v2\/media\/56499"}],"wp:attachment":[{"href":"https:\/\/www.celttv.com.ar\/index.php\/wp-json\/wp\/v2\/media?parent=56498"}],"wp:term":[{"taxonomy":"category","embeddable":true,"href":"https:\/\/www.celttv.com.ar\/index.php\/wp-json\/wp\/v2\/categories?post=56498"},{"taxonomy":"post_tag","embeddable":true,"href":"https:\/\/www.celttv.com.ar\/index.php\/wp-json\/wp\/v2\/tags?post=56498"}],"curies":[{"name":"wp","href":"https:\/\/api.w.org\/{rel}","templated":true}]}}