{"id":56501,"date":"2021-03-19T23:57:46","date_gmt":"2021-03-19T23:57:46","guid":{"rendered":"http:\/\/www.celttv.com.ar\/?p=56501"},"modified":"2021-03-19T23:57:46","modified_gmt":"2021-03-19T23:57:46","slug":"tornquist-participo-del-lanzamiento-de-los-programas-para-la-reactivacion-productiva-2021-de-la-provincia","status":"publish","type":"post","link":"https:\/\/www.celttv.com.ar\/index.php\/2021\/03\/19\/tornquist-participo-del-lanzamiento-de-los-programas-para-la-reactivacion-productiva-2021-de-la-provincia\/","title":{"rendered":"Tornquist particip\u00f3 del lanzamiento de los programas para la \u2018Reactivaci\u00f3n Productiva 2021\u2019 de la provincia"},"content":{"rendered":"\n<p>A trav\u00e9s de la Secretaria de Producci\u00f3n, Comercio e Industria, Susana Dos Santos, Tornquist Municipio particip\u00f3 del lanzamiento de los programas para la \u2018Reactivaci\u00f3n Productiva 2021\u2019 de la provincia de Buenos Aires.<\/p>\n\n\n\n<p>La jornada tuvo lugar este viernes de manera virtual y estuvo encabezada por el Ministro de Producci\u00f3n, Ciencia e Innovaci\u00f3n Tecnol\u00f3gica, Augusto Costa; el Ministro de Hacienda y Finanzas, Pablo L\u00f3pez; la Ministra de Trabajo Mara Ruiz Malec, el Director Ejecutivo de ARBA, Cristian Girard; el presidente del Banco Provincia, Juan Cuattromo; y el Ministro de Desarrollo Agrario, Javier Rodriguez.<\/p>\n\n\n\n<p>Tal cual lo define su nombre, la iniciativa tiene como fin la reactivaci\u00f3n de la econom\u00eda mediante la inversi\u00f3n en programas productivos, de empleo y en capital con un 123% mayor en t\u00e9rminos reales que en 2019.<\/p>\n\n\n\n<p>Para lograr esa recuperaci\u00f3n productiva, el programa se desarrollar\u00e1 sobre seis principales ejes vinculados a medidas impositivas de ARBA, financiamiento del Banco Provincia, mejoramiento productivo e impulsos agrarios, al trabajo y a sectores m\u00e1s afectados por la pandemia.<\/p>\n\n\n\n<p>En esa direcci\u00f3n, habr\u00e1 moratorias y planes de pagos para monotributistas y pymes, diferentes l\u00edneas de cr\u00e9ditos y de leasing, financiaciones a trav\u00e9s de subsidios y programas de reactivaci\u00f3n, entre otros incentivos.<\/p>\n\n\n\n<p><\/p>\n\n\n\n<div class=\"wp-block-file\"><a href=\"http:\/\/www.celttv.com.ar\/wp-content\/uploads\/2021\/03\/21-03-18-Reactivacion-Provincia-FINAL.pdf\">21-03-18-Reactivacion-Provincia-FINAL<\/a><a href=\"http:\/\/www.celttv.com.ar\/wp-content\/uploads\/2021\/03\/21-03-18-Reactivacion-Provincia-FINAL.pdf\" class=\"wp-block-file__button\" download>Descarga<\/a><\/div>\n\n\n\n<figure class=\"wp-block-image size-large\"><img loading=\"lazy\" decoding=\"async\" width=\"1280\" height=\"958\" src=\"http:\/\/www.celttv.com.ar\/wp-content\/uploads\/2021\/03\/Presentacionrecuperacion2021.jpeg\" alt=\"\" class=\"wp-image-56503\" srcset=\"https:\/\/www.celttv.com.ar\/wp-content\/uploads\/2021\/03\/Presentacionrecuperacion2021.jpeg 1280w, https:\/\/www.celttv.com.ar\/wp-content\/uploads\/2021\/03\/Presentacionrecuperacion2021-300x225.jpeg 300w, https:\/\/www.celttv.com.ar\/wp-content\/uploads\/2021\/03\/Presentacionrecuperacion2021-1024x766.jpeg 1024w, https:\/\/www.celttv.com.ar\/wp-content\/uploads\/2021\/03\/Presentacionrecuperacion2021-768x575.jpeg 768w, https:\/\/www.celttv.com.ar\/wp-content\/uploads\/2021\/03\/Presentacionrecuperacion2021-750x561.jpeg 750w, https:\/\/www.celttv.com.ar\/wp-content\/uploads\/2021\/03\/Presentacionrecuperacion2021-1140x853.jpeg 1140w\" sizes=\"auto, (max-width: 1280px) 100vw, 1280px\" \/><\/figure>\n","protected":false},"excerpt":{"rendered":"<p>A trav\u00e9s de la Secretaria de Producci\u00f3n, Comercio e Industria, Susana Dos Santos, Tornquist Municipio particip\u00f3 del lanzamiento de los programas para la \u2018Reactivaci\u00f3n Productiva 2021\u2019 de la provincia de Buenos Aires. La jornada tuvo lugar este viernes de manera virtual y estuvo encabezada por el Ministro de Producci\u00f3n, Ciencia e Innovaci\u00f3n Tecnol\u00f3gica, Augusto Costa; [&hellip;]<\/p>\n","protected":false},"author":1,"featured_media":56503,"comment_status":"closed","ping_status":"open","sticky":false,"template":"","format":"standard","meta":{"footnotes":""},"categories":[51,52,59],"tags":[],"class_list":["post-56501","post","type-post","status-publish","format-standard","has-post-thumbnail","hentry","category-comunidad","category-destacadas","category-municipales"],"yoast_head":"<!-- This site is optimized with the Yoast SEO plugin v19.7.1 - https:\/\/yoast.com\/wordpress\/plugins\/seo\/ -->\n<title>Tornquist particip\u00f3 del lanzamiento de los programas para la \u2018Reactivaci\u00f3n Productiva 2021\u2019 de la provincia - CELTTV<\/title>\n<meta name=\"description\" content=\"Sitio web de noticias de la localidad de Tornquist, provincia de Buenos Aires, Rep\u00fablica Argentina. Contenido propio originado por periodistas de CELTTV, el canal de TV local de la Cooperativa El\u00e9ctrica de Tornquist. Turismo, Pol\u00edtica, Sociedad, Deporte, Cultura y todo el contenido de inter\u00e9s general que la gente del pueblo y la regi\u00f3n debe conocer.\" \/>\n<meta name=\"robots\" content=\"index, follow, max-snippet:-1, max-image-preview:large, max-video-preview:-1\" \/>\n<link rel=\"canonical\" href=\"https:\/\/www.celttv.com.ar\/index.php\/2021\/03\/19\/tornquist-participo-del-lanzamiento-de-los-programas-para-la-reactivacion-productiva-2021-de-la-provincia\/\" \/>\n<meta property=\"og:locale\" content=\"es_ES\" \/>\n<meta property=\"og:type\" content=\"article\" \/>\n<meta property=\"og:title\" content=\"Tornquist particip\u00f3 del lanzamiento de los programas para la \u2018Reactivaci\u00f3n Productiva 2021\u2019 de la provincia - CELTTV\" \/>\n<meta property=\"og:description\" content=\"Sitio web de noticias de la localidad de Tornquist, provincia de Buenos Aires, Rep\u00fablica Argentina. Contenido propio originado por periodistas de CELTTV, el canal de TV local de la Cooperativa El\u00e9ctrica de Tornquist. Turismo, Pol\u00edtica, Sociedad, Deporte, Cultura y todo el contenido de inter\u00e9s general que la gente del pueblo y la regi\u00f3n debe conocer.\" \/>\n<meta property=\"og:url\" content=\"https:\/\/www.celttv.com.ar\/index.php\/2021\/03\/19\/tornquist-participo-del-lanzamiento-de-los-programas-para-la-reactivacion-productiva-2021-de-la-provincia\/\" \/>\n<meta property=\"og:site_name\" content=\"CELTTV\" \/>\n<meta property=\"article:publisher\" content=\"https:\/\/www.facebook.com\/celtTV\/\" \/>\n<meta property=\"article:published_time\" content=\"2021-03-19T23:57:46+00:00\" \/>\n<meta property=\"og:image\" content=\"https:\/\/www.celttv.com.ar\/wp-content\/uploads\/2021\/03\/Presentacionrecuperacion2021.jpeg\" \/>\n\t<meta property=\"og:image:width\" content=\"1280\" \/>\n\t<meta property=\"og:image:height\" content=\"958\" \/>\n\t<meta property=\"og:image:type\" content=\"image\/jpeg\" \/>\n<meta name=\"author\" content=\"ulises\" \/>\n<meta name=\"twitter:card\" content=\"summary_large_image\" \/>\n<meta name=\"twitter:label1\" content=\"Escrito por\" \/>\n\t<meta name=\"twitter:data1\" content=\"ulises\" \/>\n\t<meta name=\"twitter:label2\" content=\"Tiempo de lectura\" \/>\n\t<meta name=\"twitter:data2\" content=\"1 minuto\" \/>\n<script type=\"application\/ld+json\" class=\"yoast-schema-graph\">{\"@context\":\"https:\/\/schema.org\",\"@graph\":[{\"@type\":\"NewsArticle\",\"@id\":\"https:\/\/www.celttv.com.ar\/index.php\/2021\/03\/19\/tornquist-participo-del-lanzamiento-de-los-programas-para-la-reactivacion-productiva-2021-de-la-provincia\/#article\",\"isPartOf\":{\"@id\":\"https:\/\/www.celttv.com.ar\/index.php\/2021\/03\/19\/tornquist-participo-del-lanzamiento-de-los-programas-para-la-reactivacion-productiva-2021-de-la-provincia\/\"},\"author\":{\"name\":\"ulises\",\"@id\":\"https:\/\/www.celttv.com.ar\/#\/schema\/person\/6d99c072dba59953809c81446e9d0ace\"},\"headline\":\"Tornquist particip\u00f3 del lanzamiento de los programas para la \u2018Reactivaci\u00f3n Productiva 2021\u2019 de la provincia\",\"datePublished\":\"2021-03-19T23:57:46+00:00\",\"dateModified\":\"2021-03-19T23:57:46+00:00\",\"mainEntityOfPage\":{\"@id\":\"https:\/\/www.celttv.com.ar\/index.php\/2021\/03\/19\/tornquist-participo-del-lanzamiento-de-los-programas-para-la-reactivacion-productiva-2021-de-la-provincia\/\"},\"wordCount\":232,\"publisher\":{\"@id\":\"https:\/\/www.celttv.com.ar\/#organization\"},\"articleSection\":[\"Comunidad\",\"Destacadas\",\"Municipales\"],\"inLanguage\":\"es\"},{\"@type\":\"WebPage\",\"@id\":\"https:\/\/www.celttv.com.ar\/index.php\/2021\/03\/19\/tornquist-participo-del-lanzamiento-de-los-programas-para-la-reactivacion-productiva-2021-de-la-provincia\/\",\"url\":\"https:\/\/www.celttv.com.ar\/index.php\/2021\/03\/19\/tornquist-participo-del-lanzamiento-de-los-programas-para-la-reactivacion-productiva-2021-de-la-provincia\/\",\"name\":\"Tornquist particip\u00f3 del lanzamiento de los programas para la \u2018Reactivaci\u00f3n Productiva 2021\u2019 de la provincia - CELTTV\",\"isPartOf\":{\"@id\":\"https:\/\/www.celttv.com.ar\/#website\"},\"datePublished\":\"2021-03-19T23:57:46+00:00\",\"dateModified\":\"2021-03-19T23:57:46+00:00\",\"description\":\"Sitio web de noticias de la localidad de Tornquist, provincia de Buenos Aires, Rep\u00fablica Argentina. Contenido propio originado por periodistas de CELTTV, el canal de TV local de la Cooperativa El\u00e9ctrica de Tornquist. Turismo, Pol\u00edtica, Sociedad, Deporte, Cultura y todo el contenido de inter\u00e9s general que la gente del pueblo y la regi\u00f3n debe conocer.\",\"breadcrumb\":{\"@id\":\"https:\/\/www.celttv.com.ar\/index.php\/2021\/03\/19\/tornquist-participo-del-lanzamiento-de-los-programas-para-la-reactivacion-productiva-2021-de-la-provincia\/#breadcrumb\"},\"inLanguage\":\"es\",\"potentialAction\":[{\"@type\":\"ReadAction\",\"target\":[\"https:\/\/www.celttv.com.ar\/index.php\/2021\/03\/19\/tornquist-participo-del-lanzamiento-de-los-programas-para-la-reactivacion-productiva-2021-de-la-provincia\/\"]}]},{\"@type\":\"BreadcrumbList\",\"@id\":\"https:\/\/www.celttv.com.ar\/index.php\/2021\/03\/19\/tornquist-participo-del-lanzamiento-de-los-programas-para-la-reactivacion-productiva-2021-de-la-provincia\/#breadcrumb\",\"itemListElement\":[{\"@type\":\"ListItem\",\"position\":1,\"name\":\"Inicio\",\"item\":\"https:\/\/www.celttv.com.ar\/\"},{\"@type\":\"ListItem\",\"position\":2,\"name\":\"Tornquist particip\u00f3 del lanzamiento de los programas para la \u2018Reactivaci\u00f3n Productiva 2021\u2019 de la provincia\"}]},{\"@type\":\"WebSite\",\"@id\":\"https:\/\/www.celttv.com.ar\/#website\",\"url\":\"https:\/\/www.celttv.com.ar\/\",\"name\":\"CELTTV\",\"description\":\"Cooperativa El\u00e9ctrica de Tornquist\",\"publisher\":{\"@id\":\"https:\/\/www.celttv.com.ar\/#organization\"},\"potentialAction\":[{\"@type\":\"SearchAction\",\"target\":{\"@type\":\"EntryPoint\",\"urlTemplate\":\"https:\/\/www.celttv.com.ar\/?s={search_term_string}\"},\"query-input\":\"required name=search_term_string\"}],\"inLanguage\":\"es\"},{\"@type\":\"Organization\",\"@id\":\"https:\/\/www.celttv.com.ar\/#organization\",\"name\":\"CELTTV\",\"url\":\"https:\/\/www.celttv.com.ar\/\",\"sameAs\":[\"https:\/\/www.youtube.com\/channel\/UCz_oIt8Hig64Ub-EmcNPIhg\",\"https:\/\/www.facebook.com\/celtTV\/\"],\"logo\":{\"@type\":\"ImageObject\",\"inLanguage\":\"es\",\"@id\":\"https:\/\/www.celttv.com.ar\/#\/schema\/logo\/image\/\",\"url\":\"http:\/\/www.celttv.com.ar\/wp-content\/uploads\/2022\/08\/logo-1.png\",\"contentUrl\":\"http:\/\/www.celttv.com.ar\/wp-content\/uploads\/2022\/08\/logo-1.png\",\"width\":461,\"height\":159,\"caption\":\"CELTTV\"},\"image\":{\"@id\":\"https:\/\/www.celttv.com.ar\/#\/schema\/logo\/image\/\"}},{\"@type\":\"Person\",\"@id\":\"https:\/\/www.celttv.com.ar\/#\/schema\/person\/6d99c072dba59953809c81446e9d0ace\",\"name\":\"ulises\",\"image\":{\"@type\":\"ImageObject\",\"inLanguage\":\"es\",\"@id\":\"https:\/\/www.celttv.com.ar\/#\/schema\/person\/image\/\",\"url\":\"https:\/\/secure.gravatar.com\/avatar\/7f2c48bdc33b30088f941fb6082e555f2874c98e20cb159d7b92b50eadfce793?s=96&d=mm&r=g\",\"contentUrl\":\"https:\/\/secure.gravatar.com\/avatar\/7f2c48bdc33b30088f941fb6082e555f2874c98e20cb159d7b92b50eadfce793?s=96&d=mm&r=g\",\"caption\":\"ulises\"},\"sameAs\":[\"http:\/\/www.celttv.com.ar\"]}]}<\/script>\n<!-- \/ Yoast SEO plugin. -->","yoast_head_json":{"title":"Tornquist particip\u00f3 del lanzamiento de los programas para la \u2018Reactivaci\u00f3n Productiva 2021\u2019 de la provincia - CELTTV","description":"Sitio web de noticias de la localidad de Tornquist, provincia de Buenos Aires, Rep\u00fablica Argentina. Contenido propio originado por periodistas de CELTTV, el canal de TV local de la Cooperativa El\u00e9ctrica de Tornquist. Turismo, Pol\u00edtica, Sociedad, Deporte, Cultura y todo el contenido de inter\u00e9s general que la gente del pueblo y la regi\u00f3n debe conocer.","robots":{"index":"index","follow":"follow","max-snippet":"max-snippet:-1","max-image-preview":"max-image-preview:large","max-video-preview":"max-video-preview:-1"},"canonical":"https:\/\/www.celttv.com.ar\/index.php\/2021\/03\/19\/tornquist-participo-del-lanzamiento-de-los-programas-para-la-reactivacion-productiva-2021-de-la-provincia\/","og_locale":"es_ES","og_type":"article","og_title":"Tornquist particip\u00f3 del lanzamiento de los programas para la \u2018Reactivaci\u00f3n Productiva 2021\u2019 de la provincia - CELTTV","og_description":"Sitio web de noticias de la localidad de Tornquist, provincia de Buenos Aires, Rep\u00fablica Argentina. Contenido propio originado por periodistas de CELTTV, el canal de TV local de la Cooperativa El\u00e9ctrica de Tornquist. Turismo, Pol\u00edtica, Sociedad, Deporte, Cultura y todo el contenido de inter\u00e9s general que la gente del pueblo y la regi\u00f3n debe conocer.","og_url":"https:\/\/www.celttv.com.ar\/index.php\/2021\/03\/19\/tornquist-participo-del-lanzamiento-de-los-programas-para-la-reactivacion-productiva-2021-de-la-provincia\/","og_site_name":"CELTTV","article_publisher":"https:\/\/www.facebook.com\/celtTV\/","article_published_time":"2021-03-19T23:57:46+00:00","og_image":[{"width":1280,"height":958,"url":"https:\/\/www.celttv.com.ar\/wp-content\/uploads\/2021\/03\/Presentacionrecuperacion2021.jpeg","type":"image\/jpeg"}],"author":"ulises","twitter_card":"summary_large_image","twitter_misc":{"Escrito por":"ulises","Tiempo de lectura":"1 minuto"},"schema":{"@context":"https:\/\/schema.org","@graph":[{"@type":"NewsArticle","@id":"https:\/\/www.celttv.com.ar\/index.php\/2021\/03\/19\/tornquist-participo-del-lanzamiento-de-los-programas-para-la-reactivacion-productiva-2021-de-la-provincia\/#article","isPartOf":{"@id":"https:\/\/www.celttv.com.ar\/index.php\/2021\/03\/19\/tornquist-participo-del-lanzamiento-de-los-programas-para-la-reactivacion-productiva-2021-de-la-provincia\/"},"author":{"name":"ulises","@id":"https:\/\/www.celttv.com.ar\/#\/schema\/person\/6d99c072dba59953809c81446e9d0ace"},"headline":"Tornquist particip\u00f3 del lanzamiento de los programas para la \u2018Reactivaci\u00f3n Productiva 2021\u2019 de la provincia","datePublished":"2021-03-19T23:57:46+00:00","dateModified":"2021-03-19T23:57:46+00:00","mainEntityOfPage":{"@id":"https:\/\/www.celttv.com.ar\/index.php\/2021\/03\/19\/tornquist-participo-del-lanzamiento-de-los-programas-para-la-reactivacion-productiva-2021-de-la-provincia\/"},"wordCount":232,"publisher":{"@id":"https:\/\/www.celttv.com.ar\/#organization"},"articleSection":["Comunidad","Destacadas","Municipales"],"inLanguage":"es"},{"@type":"WebPage","@id":"https:\/\/www.celttv.com.ar\/index.php\/2021\/03\/19\/tornquist-participo-del-lanzamiento-de-los-programas-para-la-reactivacion-productiva-2021-de-la-provincia\/","url":"https:\/\/www.celttv.com.ar\/index.php\/2021\/03\/19\/tornquist-participo-del-lanzamiento-de-los-programas-para-la-reactivacion-productiva-2021-de-la-provincia\/","name":"Tornquist particip\u00f3 del lanzamiento de los programas para la \u2018Reactivaci\u00f3n Productiva 2021\u2019 de la provincia - CELTTV","isPartOf":{"@id":"https:\/\/www.celttv.com.ar\/#website"},"datePublished":"2021-03-19T23:57:46+00:00","dateModified":"2021-03-19T23:57:46+00:00","description":"Sitio web de noticias de la localidad de Tornquist, provincia de Buenos Aires, Rep\u00fablica Argentina. Contenido propio originado por periodistas de CELTTV, el canal de TV local de la Cooperativa El\u00e9ctrica de Tornquist. Turismo, Pol\u00edtica, Sociedad, Deporte, Cultura y todo el contenido de inter\u00e9s general que la gente del pueblo y la regi\u00f3n debe conocer.","breadcrumb":{"@id":"https:\/\/www.celttv.com.ar\/index.php\/2021\/03\/19\/tornquist-participo-del-lanzamiento-de-los-programas-para-la-reactivacion-productiva-2021-de-la-provincia\/#breadcrumb"},"inLanguage":"es","potentialAction":[{"@type":"ReadAction","target":["https:\/\/www.celttv.com.ar\/index.php\/2021\/03\/19\/tornquist-participo-del-lanzamiento-de-los-programas-para-la-reactivacion-productiva-2021-de-la-provincia\/"]}]},{"@type":"BreadcrumbList","@id":"https:\/\/www.celttv.com.ar\/index.php\/2021\/03\/19\/tornquist-participo-del-lanzamiento-de-los-programas-para-la-reactivacion-productiva-2021-de-la-provincia\/#breadcrumb","itemListElement":[{"@type":"ListItem","position":1,"name":"Inicio","item":"https:\/\/www.celttv.com.ar\/"},{"@type":"ListItem","position":2,"name":"Tornquist particip\u00f3 del lanzamiento de los programas para la \u2018Reactivaci\u00f3n Productiva 2021\u2019 de la provincia"}]},{"@type":"WebSite","@id":"https:\/\/www.celttv.com.ar\/#website","url":"https:\/\/www.celttv.com.ar\/","name":"CELTTV","description":"Cooperativa El\u00e9ctrica de Tornquist","publisher":{"@id":"https:\/\/www.celttv.com.ar\/#organization"},"potentialAction":[{"@type":"SearchAction","target":{"@type":"EntryPoint","urlTemplate":"https:\/\/www.celttv.com.ar\/?s={search_term_string}"},"query-input":"required name=search_term_string"}],"inLanguage":"es"},{"@type":"Organization","@id":"https:\/\/www.celttv.com.ar\/#organization","name":"CELTTV","url":"https:\/\/www.celttv.com.ar\/","sameAs":["https:\/\/www.youtube.com\/channel\/UCz_oIt8Hig64Ub-EmcNPIhg","https:\/\/www.facebook.com\/celtTV\/"],"logo":{"@type":"ImageObject","inLanguage":"es","@id":"https:\/\/www.celttv.com.ar\/#\/schema\/logo\/image\/","url":"http:\/\/www.celttv.com.ar\/wp-content\/uploads\/2022\/08\/logo-1.png","contentUrl":"http:\/\/www.celttv.com.ar\/wp-content\/uploads\/2022\/08\/logo-1.png","width":461,"height":159,"caption":"CELTTV"},"image":{"@id":"https:\/\/www.celttv.com.ar\/#\/schema\/logo\/image\/"}},{"@type":"Person","@id":"https:\/\/www.celttv.com.ar\/#\/schema\/person\/6d99c072dba59953809c81446e9d0ace","name":"ulises","image":{"@type":"ImageObject","inLanguage":"es","@id":"https:\/\/www.celttv.com.ar\/#\/schema\/person\/image\/","url":"https:\/\/secure.gravatar.com\/avatar\/7f2c48bdc33b30088f941fb6082e555f2874c98e20cb159d7b92b50eadfce793?s=96&d=mm&r=g","contentUrl":"https:\/\/secure.gravatar.com\/avatar\/7f2c48bdc33b30088f941fb6082e555f2874c98e20cb159d7b92b50eadfce793?s=96&d=mm&r=g","caption":"ulises"},"sameAs":["http:\/\/www.celttv.com.ar"]}]}},"_links":{"self":[{"href":"https:\/\/www.celttv.com.ar\/index.php\/wp-json\/wp\/v2\/posts\/56501","targetHints":{"allow":["GET"]}}],"collection":[{"href":"https:\/\/www.celttv.com.ar\/index.php\/wp-json\/wp\/v2\/posts"}],"about":[{"href":"https:\/\/www.celttv.com.ar\/index.php\/wp-json\/wp\/v2\/types\/post"}],"author":[{"embeddable":true,"href":"https:\/\/www.celttv.com.ar\/index.php\/wp-json\/wp\/v2\/users\/1"}],"replies":[{"embeddable":true,"href":"https:\/\/www.celttv.com.ar\/index.php\/wp-json\/wp\/v2\/comments?post=56501"}],"version-history":[{"count":0,"href":"https:\/\/www.celttv.com.ar\/index.php\/wp-json\/wp\/v2\/posts\/56501\/revisions"}],"wp:featuredmedia":[{"embeddable":true,"href":"https:\/\/www.celttv.com.ar\/index.php\/wp-json\/wp\/v2\/media\/56503"}],"wp:attachment":[{"href":"https:\/\/www.celttv.com.ar\/index.php\/wp-json\/wp\/v2\/media?parent=56501"}],"wp:term":[{"taxonomy":"category","embeddable":true,"href":"https:\/\/www.celttv.com.ar\/index.php\/wp-json\/wp\/v2\/categories?post=56501"},{"taxonomy":"post_tag","embeddable":true,"href":"https:\/\/www.celttv.com.ar\/index.php\/wp-json\/wp\/v2\/tags?post=56501"}],"curies":[{"name":"wp","href":"https:\/\/api.w.org\/{rel}","templated":true}]}}