{"id":56505,"date":"2021-03-20T23:27:16","date_gmt":"2021-03-20T23:27:16","guid":{"rendered":"http:\/\/www.celttv.com.ar\/?p=56505"},"modified":"2021-03-20T23:27:16","modified_gmt":"2021-03-20T23:27:16","slug":"interna-de-la-ucr-unos-900-empadronados-en-el-distrito-de-tornquist-en-condiciones-de-votar","status":"publish","type":"post","link":"https:\/\/www.celttv.com.ar\/index.php\/2021\/03\/20\/interna-de-la-ucr-unos-900-empadronados-en-el-distrito-de-tornquist-en-condiciones-de-votar\/","title":{"rendered":"Interna de la UCR.: Unos 900 empadronados en el distrito de Tornquist en condiciones de votar"},"content":{"rendered":"\n<p>El radicalismo dirimir\u00e1 este domingo en el final del verano, sus elecciones internas para elegir la conducci\u00f3n del partido y otros cargos que se pondr\u00e1n en juego.<\/p>\n\n\n\n<p>La puja, estar\u00e1 centrada en saber qui\u00e9n ser\u00e1 el pr\u00f3ximo conductor y para ello competir\u00e1n como candidatos a la presidencia del comit\u00e9 Provincia, el actual Intendente del partido de San Isidro&nbsp;<strong>GUSTAVO POSSE, con su lista n\u00famero 14(Protagonismo Radical)&nbsp;<\/strong>acompa\u00f1ado por Danya Ver\u00f3nica Tavela vicerrectora de la Universidad Nacional del Noroeste(Junin), como candidatos a delegados del comit\u00e9 nacional aparece en la cabeza de lista Pablo Matias Domenichini y en segundo lugar&nbsp; Carmela Storani. Tambi\u00e9n en su primer cuerpo el nombre elegido en primer lugar &nbsp;es el de &nbsp;Alejandro Echegaray, como candidato a delegado a la honorable convenci\u00f3n nacional.<\/p>\n\n\n\n<p><strong>La lista 23 \u201cAdelante Buenos Aires\u201d, es encabezada por el abogado PEDRO GASTON MANES<\/strong>, hermano del reconocido neurocirujano Facundo Manes, lo secunda mar\u00eda Alejandra Lorden, bahiense licenciada en medicina, como convencionales nacionales titulares.<\/p>\n\n\n\n<p>Como delegada al comit\u00e9 nacional figura Mar\u00eda Luisa Storani, cabeza de lista.&nbsp;<strong>Como presidente al comit\u00e9 provincia, el abogado y presidente del bloque de juntos por el cambio &nbsp;MAXIMILIANO ABAD,<\/strong>&nbsp;acompa\u00f1ado de Erica Revilla.<\/p>\n\n\n\n<p>Esta boleta es acompa\u00f1ada por candidatos locales que encabezan&nbsp;<strong>la lista 123 en Tornquist, tal es el caso de la dirigente SILVIA PESSOLANI,<\/strong>&nbsp;ex secretaria privada de Marisa Kugler y ex concejal del partido. La acompa\u00f1a Luis Castro como vicepresidente y Silvina Osses como Secretaria. La boleta se completa con m\u00e1s nombres. Fue elegida como candidata a convencional provincial titular Mar\u00eda Isabel Ballesteros.<\/p>\n\n\n\n<p>Las sedes de votaci\u00f3n<\/p>\n\n\n\n<p>En Tornquist, el lugar habilitado es en el comit\u00e9 de la UCR sobre calle Guemes esquina San Martin. El horario de mesas abiertas ser\u00e1 de 8 a 18 horas con 1 mesa habilitada.<\/p>\n\n\n\n<p>En Chasic\u00f3 se votar\u00e1 en la sede de la Cooperativa El\u00e9ctrica, en Sierra de la Ventana se votar\u00e1 en el Sub Comit\u00e9 como as\u00ed tambi\u00e9n en Saldungaray en el sub comit\u00e9 local.<\/p>\n\n\n\n<p>Unos 900 empadronados estar\u00e1n habilitados para sufragar<\/p>\n\n\n\n<figure class=\"wp-block-image size-large\"><img loading=\"lazy\" decoding=\"async\" width=\"442\" height=\"309\" src=\"http:\/\/www.celttv.com.ar\/wp-content\/uploads\/2018\/07\/LOGO-UCR.-copia.jpg\" alt=\"\" class=\"wp-image-34853\" srcset=\"https:\/\/www.celttv.com.ar\/wp-content\/uploads\/2018\/07\/LOGO-UCR.-copia.jpg 442w, https:\/\/www.celttv.com.ar\/wp-content\/uploads\/2018\/07\/LOGO-UCR.-copia-300x210.jpg 300w\" sizes=\"auto, (max-width: 442px) 100vw, 442px\" \/><\/figure>\n\n\n\n<figure class=\"wp-block-image size-large\"><img loading=\"lazy\" decoding=\"async\" width=\"993\" height=\"396\" src=\"http:\/\/www.celttv.com.ar\/wp-content\/uploads\/2021\/03\/WhatsApp-Image-2021-02-26-at-7.16.07-PM-2.jpeg\" alt=\"\" class=\"wp-image-56511\" srcset=\"https:\/\/www.celttv.com.ar\/wp-content\/uploads\/2021\/03\/WhatsApp-Image-2021-02-26-at-7.16.07-PM-2.jpeg 993w, https:\/\/www.celttv.com.ar\/wp-content\/uploads\/2021\/03\/WhatsApp-Image-2021-02-26-at-7.16.07-PM-2-300x120.jpeg 300w, https:\/\/www.celttv.com.ar\/wp-content\/uploads\/2021\/03\/WhatsApp-Image-2021-02-26-at-7.16.07-PM-2-768x306.jpeg 768w, https:\/\/www.celttv.com.ar\/wp-content\/uploads\/2021\/03\/WhatsApp-Image-2021-02-26-at-7.16.07-PM-2-750x299.jpeg 750w\" sizes=\"auto, (max-width: 993px) 100vw, 993px\" \/><\/figure>\n","protected":false},"excerpt":{"rendered":"<p>El radicalismo dirimir\u00e1 este domingo en el final del verano, sus elecciones internas para elegir la conducci\u00f3n del partido y otros cargos que se pondr\u00e1n en juego. La puja, estar\u00e1 centrada en saber qui\u00e9n ser\u00e1 el pr\u00f3ximo conductor y para ello competir\u00e1n como candidatos a la presidencia del comit\u00e9 Provincia, el actual Intendente del partido [&hellip;]<\/p>\n","protected":false},"author":1,"featured_media":56506,"comment_status":"closed","ping_status":"open","sticky":false,"template":"","format":"standard","meta":{"footnotes":""},"categories":[51,53],"tags":[],"class_list":["post-56505","post","type-post","status-publish","format-standard","has-post-thumbnail","hentry","category-comunidad","category-politica"],"yoast_head":"<!-- This site is optimized with the Yoast SEO plugin v19.7.1 - https:\/\/yoast.com\/wordpress\/plugins\/seo\/ -->\n<title>Interna de la UCR.: Unos 900 empadronados en el distrito de Tornquist en condiciones de votar - CELTTV<\/title>\n<meta name=\"description\" content=\"Sitio web de noticias de la localidad de Tornquist, provincia de Buenos Aires, Rep\u00fablica Argentina. Contenido propio originado por periodistas de CELTTV, el canal de TV local de la Cooperativa El\u00e9ctrica de Tornquist. Turismo, Pol\u00edtica, Sociedad, Deporte, Cultura y todo el contenido de inter\u00e9s general que la gente del pueblo y la regi\u00f3n debe conocer.\" \/>\n<meta name=\"robots\" content=\"index, follow, max-snippet:-1, max-image-preview:large, max-video-preview:-1\" \/>\n<link rel=\"canonical\" href=\"https:\/\/www.celttv.com.ar\/index.php\/2021\/03\/20\/interna-de-la-ucr-unos-900-empadronados-en-el-distrito-de-tornquist-en-condiciones-de-votar\/\" \/>\n<meta property=\"og:locale\" content=\"es_ES\" \/>\n<meta property=\"og:type\" content=\"article\" \/>\n<meta property=\"og:title\" content=\"Interna de la UCR.: Unos 900 empadronados en el distrito de Tornquist en condiciones de votar - CELTTV\" \/>\n<meta property=\"og:description\" content=\"Sitio web de noticias de la localidad de Tornquist, provincia de Buenos Aires, Rep\u00fablica Argentina. Contenido propio originado por periodistas de CELTTV, el canal de TV local de la Cooperativa El\u00e9ctrica de Tornquist. Turismo, Pol\u00edtica, Sociedad, Deporte, Cultura y todo el contenido de inter\u00e9s general que la gente del pueblo y la regi\u00f3n debe conocer.\" \/>\n<meta property=\"og:url\" content=\"https:\/\/www.celttv.com.ar\/index.php\/2021\/03\/20\/interna-de-la-ucr-unos-900-empadronados-en-el-distrito-de-tornquist-en-condiciones-de-votar\/\" \/>\n<meta property=\"og:site_name\" content=\"CELTTV\" \/>\n<meta property=\"article:publisher\" content=\"https:\/\/www.facebook.com\/celtTV\/\" \/>\n<meta property=\"article:published_time\" content=\"2021-03-20T23:27:16+00:00\" \/>\n<meta property=\"og:image\" content=\"https:\/\/www.celttv.com.ar\/wp-content\/uploads\/2021\/03\/margarita.jpg\" \/>\n\t<meta property=\"og:image:width\" content=\"718\" \/>\n\t<meta property=\"og:image:height\" content=\"453\" \/>\n\t<meta property=\"og:image:type\" content=\"image\/jpeg\" \/>\n<meta name=\"author\" content=\"ulises\" \/>\n<meta name=\"twitter:card\" content=\"summary_large_image\" \/>\n<meta name=\"twitter:label1\" content=\"Escrito por\" \/>\n\t<meta name=\"twitter:data1\" content=\"ulises\" \/>\n\t<meta name=\"twitter:label2\" content=\"Tiempo de lectura\" \/>\n\t<meta name=\"twitter:data2\" content=\"2 minutos\" \/>\n<script type=\"application\/ld+json\" class=\"yoast-schema-graph\">{\"@context\":\"https:\/\/schema.org\",\"@graph\":[{\"@type\":\"NewsArticle\",\"@id\":\"https:\/\/www.celttv.com.ar\/index.php\/2021\/03\/20\/interna-de-la-ucr-unos-900-empadronados-en-el-distrito-de-tornquist-en-condiciones-de-votar\/#article\",\"isPartOf\":{\"@id\":\"https:\/\/www.celttv.com.ar\/index.php\/2021\/03\/20\/interna-de-la-ucr-unos-900-empadronados-en-el-distrito-de-tornquist-en-condiciones-de-votar\/\"},\"author\":{\"name\":\"ulises\",\"@id\":\"https:\/\/www.celttv.com.ar\/#\/schema\/person\/6d99c072dba59953809c81446e9d0ace\"},\"headline\":\"Interna de la UCR.: Unos 900 empadronados en el distrito de Tornquist en condiciones de votar\",\"datePublished\":\"2021-03-20T23:27:16+00:00\",\"dateModified\":\"2021-03-20T23:27:16+00:00\",\"mainEntityOfPage\":{\"@id\":\"https:\/\/www.celttv.com.ar\/index.php\/2021\/03\/20\/interna-de-la-ucr-unos-900-empadronados-en-el-distrito-de-tornquist-en-condiciones-de-votar\/\"},\"wordCount\":372,\"publisher\":{\"@id\":\"https:\/\/www.celttv.com.ar\/#organization\"},\"articleSection\":[\"Comunidad\",\"Pol\u00edtica\"],\"inLanguage\":\"es\"},{\"@type\":\"WebPage\",\"@id\":\"https:\/\/www.celttv.com.ar\/index.php\/2021\/03\/20\/interna-de-la-ucr-unos-900-empadronados-en-el-distrito-de-tornquist-en-condiciones-de-votar\/\",\"url\":\"https:\/\/www.celttv.com.ar\/index.php\/2021\/03\/20\/interna-de-la-ucr-unos-900-empadronados-en-el-distrito-de-tornquist-en-condiciones-de-votar\/\",\"name\":\"Interna de la UCR.: Unos 900 empadronados en el distrito de Tornquist en condiciones de votar - CELTTV\",\"isPartOf\":{\"@id\":\"https:\/\/www.celttv.com.ar\/#website\"},\"datePublished\":\"2021-03-20T23:27:16+00:00\",\"dateModified\":\"2021-03-20T23:27:16+00:00\",\"description\":\"Sitio web de noticias de la localidad de Tornquist, provincia de Buenos Aires, Rep\u00fablica Argentina. Contenido propio originado por periodistas de CELTTV, el canal de TV local de la Cooperativa El\u00e9ctrica de Tornquist. Turismo, Pol\u00edtica, Sociedad, Deporte, Cultura y todo el contenido de inter\u00e9s general que la gente del pueblo y la regi\u00f3n debe conocer.\",\"breadcrumb\":{\"@id\":\"https:\/\/www.celttv.com.ar\/index.php\/2021\/03\/20\/interna-de-la-ucr-unos-900-empadronados-en-el-distrito-de-tornquist-en-condiciones-de-votar\/#breadcrumb\"},\"inLanguage\":\"es\",\"potentialAction\":[{\"@type\":\"ReadAction\",\"target\":[\"https:\/\/www.celttv.com.ar\/index.php\/2021\/03\/20\/interna-de-la-ucr-unos-900-empadronados-en-el-distrito-de-tornquist-en-condiciones-de-votar\/\"]}]},{\"@type\":\"BreadcrumbList\",\"@id\":\"https:\/\/www.celttv.com.ar\/index.php\/2021\/03\/20\/interna-de-la-ucr-unos-900-empadronados-en-el-distrito-de-tornquist-en-condiciones-de-votar\/#breadcrumb\",\"itemListElement\":[{\"@type\":\"ListItem\",\"position\":1,\"name\":\"Inicio\",\"item\":\"https:\/\/www.celttv.com.ar\/\"},{\"@type\":\"ListItem\",\"position\":2,\"name\":\"Interna de la UCR.: Unos 900 empadronados en el distrito de Tornquist en condiciones de votar\"}]},{\"@type\":\"WebSite\",\"@id\":\"https:\/\/www.celttv.com.ar\/#website\",\"url\":\"https:\/\/www.celttv.com.ar\/\",\"name\":\"CELTTV\",\"description\":\"Cooperativa El\u00e9ctrica de Tornquist\",\"publisher\":{\"@id\":\"https:\/\/www.celttv.com.ar\/#organization\"},\"potentialAction\":[{\"@type\":\"SearchAction\",\"target\":{\"@type\":\"EntryPoint\",\"urlTemplate\":\"https:\/\/www.celttv.com.ar\/?s={search_term_string}\"},\"query-input\":\"required name=search_term_string\"}],\"inLanguage\":\"es\"},{\"@type\":\"Organization\",\"@id\":\"https:\/\/www.celttv.com.ar\/#organization\",\"name\":\"CELTTV\",\"url\":\"https:\/\/www.celttv.com.ar\/\",\"sameAs\":[\"https:\/\/www.youtube.com\/channel\/UCz_oIt8Hig64Ub-EmcNPIhg\",\"https:\/\/www.facebook.com\/celtTV\/\"],\"logo\":{\"@type\":\"ImageObject\",\"inLanguage\":\"es\",\"@id\":\"https:\/\/www.celttv.com.ar\/#\/schema\/logo\/image\/\",\"url\":\"http:\/\/www.celttv.com.ar\/wp-content\/uploads\/2022\/08\/logo-1.png\",\"contentUrl\":\"http:\/\/www.celttv.com.ar\/wp-content\/uploads\/2022\/08\/logo-1.png\",\"width\":461,\"height\":159,\"caption\":\"CELTTV\"},\"image\":{\"@id\":\"https:\/\/www.celttv.com.ar\/#\/schema\/logo\/image\/\"}},{\"@type\":\"Person\",\"@id\":\"https:\/\/www.celttv.com.ar\/#\/schema\/person\/6d99c072dba59953809c81446e9d0ace\",\"name\":\"ulises\",\"image\":{\"@type\":\"ImageObject\",\"inLanguage\":\"es\",\"@id\":\"https:\/\/www.celttv.com.ar\/#\/schema\/person\/image\/\",\"url\":\"https:\/\/secure.gravatar.com\/avatar\/7f2c48bdc33b30088f941fb6082e555f2874c98e20cb159d7b92b50eadfce793?s=96&d=mm&r=g\",\"contentUrl\":\"https:\/\/secure.gravatar.com\/avatar\/7f2c48bdc33b30088f941fb6082e555f2874c98e20cb159d7b92b50eadfce793?s=96&d=mm&r=g\",\"caption\":\"ulises\"},\"sameAs\":[\"http:\/\/www.celttv.com.ar\"]}]}<\/script>\n<!-- \/ Yoast SEO plugin. -->","yoast_head_json":{"title":"Interna de la UCR.: Unos 900 empadronados en el distrito de Tornquist en condiciones de votar - CELTTV","description":"Sitio web de noticias de la localidad de Tornquist, provincia de Buenos Aires, Rep\u00fablica Argentina. Contenido propio originado por periodistas de CELTTV, el canal de TV local de la Cooperativa El\u00e9ctrica de Tornquist. Turismo, Pol\u00edtica, Sociedad, Deporte, Cultura y todo el contenido de inter\u00e9s general que la gente del pueblo y la regi\u00f3n debe conocer.","robots":{"index":"index","follow":"follow","max-snippet":"max-snippet:-1","max-image-preview":"max-image-preview:large","max-video-preview":"max-video-preview:-1"},"canonical":"https:\/\/www.celttv.com.ar\/index.php\/2021\/03\/20\/interna-de-la-ucr-unos-900-empadronados-en-el-distrito-de-tornquist-en-condiciones-de-votar\/","og_locale":"es_ES","og_type":"article","og_title":"Interna de la UCR.: Unos 900 empadronados en el distrito de Tornquist en condiciones de votar - CELTTV","og_description":"Sitio web de noticias de la localidad de Tornquist, provincia de Buenos Aires, Rep\u00fablica Argentina. Contenido propio originado por periodistas de CELTTV, el canal de TV local de la Cooperativa El\u00e9ctrica de Tornquist. Turismo, Pol\u00edtica, Sociedad, Deporte, Cultura y todo el contenido de inter\u00e9s general que la gente del pueblo y la regi\u00f3n debe conocer.","og_url":"https:\/\/www.celttv.com.ar\/index.php\/2021\/03\/20\/interna-de-la-ucr-unos-900-empadronados-en-el-distrito-de-tornquist-en-condiciones-de-votar\/","og_site_name":"CELTTV","article_publisher":"https:\/\/www.facebook.com\/celtTV\/","article_published_time":"2021-03-20T23:27:16+00:00","og_image":[{"width":718,"height":453,"url":"https:\/\/www.celttv.com.ar\/wp-content\/uploads\/2021\/03\/margarita.jpg","type":"image\/jpeg"}],"author":"ulises","twitter_card":"summary_large_image","twitter_misc":{"Escrito por":"ulises","Tiempo de lectura":"2 minutos"},"schema":{"@context":"https:\/\/schema.org","@graph":[{"@type":"NewsArticle","@id":"https:\/\/www.celttv.com.ar\/index.php\/2021\/03\/20\/interna-de-la-ucr-unos-900-empadronados-en-el-distrito-de-tornquist-en-condiciones-de-votar\/#article","isPartOf":{"@id":"https:\/\/www.celttv.com.ar\/index.php\/2021\/03\/20\/interna-de-la-ucr-unos-900-empadronados-en-el-distrito-de-tornquist-en-condiciones-de-votar\/"},"author":{"name":"ulises","@id":"https:\/\/www.celttv.com.ar\/#\/schema\/person\/6d99c072dba59953809c81446e9d0ace"},"headline":"Interna de la UCR.: Unos 900 empadronados en el distrito de Tornquist en condiciones de votar","datePublished":"2021-03-20T23:27:16+00:00","dateModified":"2021-03-20T23:27:16+00:00","mainEntityOfPage":{"@id":"https:\/\/www.celttv.com.ar\/index.php\/2021\/03\/20\/interna-de-la-ucr-unos-900-empadronados-en-el-distrito-de-tornquist-en-condiciones-de-votar\/"},"wordCount":372,"publisher":{"@id":"https:\/\/www.celttv.com.ar\/#organization"},"articleSection":["Comunidad","Pol\u00edtica"],"inLanguage":"es"},{"@type":"WebPage","@id":"https:\/\/www.celttv.com.ar\/index.php\/2021\/03\/20\/interna-de-la-ucr-unos-900-empadronados-en-el-distrito-de-tornquist-en-condiciones-de-votar\/","url":"https:\/\/www.celttv.com.ar\/index.php\/2021\/03\/20\/interna-de-la-ucr-unos-900-empadronados-en-el-distrito-de-tornquist-en-condiciones-de-votar\/","name":"Interna de la UCR.: Unos 900 empadronados en el distrito de Tornquist en condiciones de votar - CELTTV","isPartOf":{"@id":"https:\/\/www.celttv.com.ar\/#website"},"datePublished":"2021-03-20T23:27:16+00:00","dateModified":"2021-03-20T23:27:16+00:00","description":"Sitio web de noticias de la localidad de Tornquist, provincia de Buenos Aires, Rep\u00fablica Argentina. Contenido propio originado por periodistas de CELTTV, el canal de TV local de la Cooperativa El\u00e9ctrica de Tornquist. Turismo, Pol\u00edtica, Sociedad, Deporte, Cultura y todo el contenido de inter\u00e9s general que la gente del pueblo y la regi\u00f3n debe conocer.","breadcrumb":{"@id":"https:\/\/www.celttv.com.ar\/index.php\/2021\/03\/20\/interna-de-la-ucr-unos-900-empadronados-en-el-distrito-de-tornquist-en-condiciones-de-votar\/#breadcrumb"},"inLanguage":"es","potentialAction":[{"@type":"ReadAction","target":["https:\/\/www.celttv.com.ar\/index.php\/2021\/03\/20\/interna-de-la-ucr-unos-900-empadronados-en-el-distrito-de-tornquist-en-condiciones-de-votar\/"]}]},{"@type":"BreadcrumbList","@id":"https:\/\/www.celttv.com.ar\/index.php\/2021\/03\/20\/interna-de-la-ucr-unos-900-empadronados-en-el-distrito-de-tornquist-en-condiciones-de-votar\/#breadcrumb","itemListElement":[{"@type":"ListItem","position":1,"name":"Inicio","item":"https:\/\/www.celttv.com.ar\/"},{"@type":"ListItem","position":2,"name":"Interna de la UCR.: Unos 900 empadronados en el distrito de Tornquist en condiciones de votar"}]},{"@type":"WebSite","@id":"https:\/\/www.celttv.com.ar\/#website","url":"https:\/\/www.celttv.com.ar\/","name":"CELTTV","description":"Cooperativa El\u00e9ctrica de Tornquist","publisher":{"@id":"https:\/\/www.celttv.com.ar\/#organization"},"potentialAction":[{"@type":"SearchAction","target":{"@type":"EntryPoint","urlTemplate":"https:\/\/www.celttv.com.ar\/?s={search_term_string}"},"query-input":"required name=search_term_string"}],"inLanguage":"es"},{"@type":"Organization","@id":"https:\/\/www.celttv.com.ar\/#organization","name":"CELTTV","url":"https:\/\/www.celttv.com.ar\/","sameAs":["https:\/\/www.youtube.com\/channel\/UCz_oIt8Hig64Ub-EmcNPIhg","https:\/\/www.facebook.com\/celtTV\/"],"logo":{"@type":"ImageObject","inLanguage":"es","@id":"https:\/\/www.celttv.com.ar\/#\/schema\/logo\/image\/","url":"http:\/\/www.celttv.com.ar\/wp-content\/uploads\/2022\/08\/logo-1.png","contentUrl":"http:\/\/www.celttv.com.ar\/wp-content\/uploads\/2022\/08\/logo-1.png","width":461,"height":159,"caption":"CELTTV"},"image":{"@id":"https:\/\/www.celttv.com.ar\/#\/schema\/logo\/image\/"}},{"@type":"Person","@id":"https:\/\/www.celttv.com.ar\/#\/schema\/person\/6d99c072dba59953809c81446e9d0ace","name":"ulises","image":{"@type":"ImageObject","inLanguage":"es","@id":"https:\/\/www.celttv.com.ar\/#\/schema\/person\/image\/","url":"https:\/\/secure.gravatar.com\/avatar\/7f2c48bdc33b30088f941fb6082e555f2874c98e20cb159d7b92b50eadfce793?s=96&d=mm&r=g","contentUrl":"https:\/\/secure.gravatar.com\/avatar\/7f2c48bdc33b30088f941fb6082e555f2874c98e20cb159d7b92b50eadfce793?s=96&d=mm&r=g","caption":"ulises"},"sameAs":["http:\/\/www.celttv.com.ar"]}]}},"_links":{"self":[{"href":"https:\/\/www.celttv.com.ar\/index.php\/wp-json\/wp\/v2\/posts\/56505","targetHints":{"allow":["GET"]}}],"collection":[{"href":"https:\/\/www.celttv.com.ar\/index.php\/wp-json\/wp\/v2\/posts"}],"about":[{"href":"https:\/\/www.celttv.com.ar\/index.php\/wp-json\/wp\/v2\/types\/post"}],"author":[{"embeddable":true,"href":"https:\/\/www.celttv.com.ar\/index.php\/wp-json\/wp\/v2\/users\/1"}],"replies":[{"embeddable":true,"href":"https:\/\/www.celttv.com.ar\/index.php\/wp-json\/wp\/v2\/comments?post=56505"}],"version-history":[{"count":0,"href":"https:\/\/www.celttv.com.ar\/index.php\/wp-json\/wp\/v2\/posts\/56505\/revisions"}],"wp:featuredmedia":[{"embeddable":true,"href":"https:\/\/www.celttv.com.ar\/index.php\/wp-json\/wp\/v2\/media\/56506"}],"wp:attachment":[{"href":"https:\/\/www.celttv.com.ar\/index.php\/wp-json\/wp\/v2\/media?parent=56505"}],"wp:term":[{"taxonomy":"category","embeddable":true,"href":"https:\/\/www.celttv.com.ar\/index.php\/wp-json\/wp\/v2\/categories?post=56505"},{"taxonomy":"post_tag","embeddable":true,"href":"https:\/\/www.celttv.com.ar\/index.php\/wp-json\/wp\/v2\/tags?post=56505"}],"curies":[{"name":"wp","href":"https:\/\/api.w.org\/{rel}","templated":true}]}}