{"id":56525,"date":"2021-03-22T14:06:13","date_gmt":"2021-03-22T14:06:13","guid":{"rendered":"http:\/\/www.celttv.com.ar\/?p=56525"},"modified":"2021-03-22T14:06:13","modified_gmt":"2021-03-22T14:06:13","slug":"fuerte-apoyo-politico-del-sudoeste-bonaerense-a-la-ley-de-zona-fria","status":"publish","type":"post","link":"https:\/\/www.celttv.com.ar\/index.php\/2021\/03\/22\/fuerte-apoyo-politico-del-sudoeste-bonaerense-a-la-ley-de-zona-fria\/","title":{"rendered":"Fuerte apoyo pol\u00edtico del Sudoeste Bonaerense a la Ley de Zona Fr\u00eda"},"content":{"rendered":"\n<p>Conceptos como justicia, equidad, mejoras de poder adquisitivo, e inyecci\u00f3n de dinero en las econom\u00edas locales, adem\u00e1s de un\u00e1nimes muestras de apoyo, fueron los argumentos esgrimidos desde los distintos municipios de nuestra regi\u00f3n para apoyar los esperados tratamiento y sanci\u00f3n de la Ley de Zona Fr\u00eda.<\/p>\n\n\n\n<p>&nbsp; &nbsp;Jefes comunales y legisladores de la regi\u00f3n consultados por \u201cLa Nueva.\u201d se mostraron m\u00e1s que conformes y expectantes con la posibilidad de que el proyecto que establece beneficios de entre el 30% y el 50% para los usuarios de nuestra zona en las boletas de gas, pueda ser prontamente discutido y convertido en una realidad, despu\u00e9s de muchos a\u00f1os de gesti\u00f3n y lucha.<\/p>\n\n\n\n<p>&nbsp; &nbsp;El proyecto, presentado por las legisladoras nacionales Liliana Schwindt y Jimena L\u00f3pez, del Frente de Todos, ingres\u00f3 en la C\u00e1mara Baja de la Naci\u00f3n en septiembre del a\u00f1o pasado, donde actualmente se encuentra en la comisi\u00f3n de Presupuesto y Hacienda. El texto modifica el art\u00edculo 75 de la ley 25.565, que establece la composici\u00f3n del fondo fiduciario para consumos residenciales de gas de red y en garrafas, incorporando varios territorios de la provincia de Buenos Aires, entre ellos todos los distritos de la Sexta Secci\u00f3n.<\/p>\n\n\n\n<h4 class=\"wp-block-heading\"><a href=\"https:\/\/www.lanueva.com\/nota\/2021-3-7-8-30-39-ley-de-zona-fria-se-escucharan-los-reclamos-de-bahia-blanca-y-la-region\">\u00bfSe escuchar\u00e1n los reclamos de Bah\u00eda Blanca y la zona?<\/a><\/h4>\n\n\n\n<p>&nbsp; &nbsp;Si bien se esperaba que en las primeras reuniones de la mesa, este tema pudiese ser discutido para ingresar nuevamente al recinto y ser puesto a disposici\u00f3n de la C\u00e1mara, lo cierto es que a\u00fan no recibi\u00f3 tratamiento. Sin embargo, por tratarse de un tema que llega avalado por los principales referentes del oficialismo a nivel nacional, que el propio Enargas dio el visto bueno y que cuenta con el consenso de todo el arco pol\u00edtico, se cree que no deber\u00eda tomar mucho tiempo hasta ser discutido.<\/p>\n\n\n\n<p>&nbsp; &nbsp;En pocas palabras, la ley introduce un descuento del 30% en el pago del valor del metro c\u00fabico del gas en las boletas de los usuarios residenciales de nuestra regi\u00f3n, porcentaje que trepa al 50% si se trata de jubilados, beneficiarios de alg\u00fan programa social, o personas que perciben haberes brutos por debajo de tres sueldos m\u00ednimos, vitales y m\u00f3viles, por ejemplo. En estos momentos se est\u00e1 trabajando para incluir a las pymes, de manera que el sector comercial tambi\u00e9n pueda acogerse a este beneficio.<\/p>\n\n\n\n<p>&nbsp; &nbsp;En ese sentido, el intendente de Coronel Dorrego, Ra\u00fal Reyes, reconoci\u00f3 que su municipio acompa\u00f1a la iniciativa legislativa, \u201cporque las contingencias clim\u00e1ticas en \u00e9poca invernal afectan no solo la salud de la poblaci\u00f3n, sino tambi\u00e9n la econom\u00eda de cada familia\u201d.<\/p>\n\n\n\n<h3 class=\"wp-block-heading\">En estos d\u00edas se discute si habr\u00e1 un aumento en las tarifas de gas. En forma extraoficial se habla de un 20%.&nbsp;<\/h3>\n\n\n\n<p>&nbsp; &nbsp;\u201cPor eso creemos que se trata de un reclamo justo y que, por esa misma raz\u00f3n, es necesario revisar los cuadros tarifarios. Incluso, el Concejo Deliberante de Coronel Dorrego se ha expresado a favor de la iniciativa y tambi\u00e9n, a trav\u00e9s de la OMIC, se han hecho las gestiones que apuntan a este cometido\u201d, se\u00f1al\u00f3.<\/p>\n\n\n\n<p>&nbsp; &nbsp;Con \u00e9l coincidi\u00f3 su par de Coronel Pringles, Lisandro Matzkin, quien remarc\u00f3 que la rebaja en los valores que pagan los usuarios de la regi\u00f3n por las tarifas de gas \u201ces una vieja demanda que tenemos los distritos del sudoeste\u201d.<\/p>\n\n\n\n<p>&nbsp; &nbsp;\u201cEsto nos permitir\u00eda estar en condiciones de igualdad con otras regiones, y acceder a beneficios tarifarios que nuestra zona no se dan. Por ejemplo, Coronel Pringles es una ciudad donde se registra un promedio de 70 heladas anuales, y que tiene condiciones invernales similares a las de Viedma. Sin embargo pagamos tarifas como en zonas donde la temperatura es mucho m\u00e1s elevadas\u201d, advirti\u00f3.<\/p>\n\n\n\n<h4 class=\"wp-block-heading\"><a href=\"https:\/\/www.lanueva.com\/nota\/2018-7-16-6-30-10--por-que-bahia-blanca-y-la-zona-no-son-zona-fria\">\u00bfPor qu\u00e9 no somos zona fr\u00eda?<\/a><\/h4>\n\n\n\n<p>&nbsp; &nbsp;Al respecto, asegur\u00f3 que la sanci\u00f3n de la Ley de Zona Fr\u00eda ser\u00eda un enorme avance para los habitantes de toda la regi\u00f3n.<\/p>\n\n\n\n<p>&nbsp; &nbsp;\u201cSe trata de un acto de justicia, teniendo en cuenta que tenemos un clima similar a otros lugares que s\u00ed cuentan con ese beneficio\u201d, destac\u00f3 el jefe comunal de Villarino, Carlos Bevilacqua.<\/p>\n\n\n\n<p>&nbsp; &nbsp;En ese sentido, dijo a \u201c<strong>La Nueva.<\/strong>\u201d que est\u00e1 de acuerdo estas iniciativas beneficiosas para la zona.<\/p>\n\n\n\n<figure class=\"wp-block-image\"><img decoding=\"async\" src=\"https:\/\/px.cdn.lanueva.com\/032021\/1616174065040\/210319%20gas.jpg\" alt=\"\"\/><\/figure>\n\n\n\n<p>&nbsp; &nbsp;\u201cEsto no es una cuesti\u00f3n solamente propia de Villarino. Debemos plantear estos temas bajo un concepto de regi\u00f3n e ir todos juntos m\u00e1s all\u00e1 de los colores partidarios\u201d, remarc\u00f3.<\/p>\n\n\n\n<p>&nbsp; &nbsp;Por su parte, el intendente de Puan, Facundo Castelli, consider\u00f3 que la aprobaci\u00f3n de esta ley \u201cser\u00eda fundamental para nuestro distrito, m\u00e1s en \u00e9pocas como las que estamos viviendo, con una inflaci\u00f3n muy grande y que afecta mucho a los bolsillos de los habitantes de todo el pa\u00eds\u201d.<\/p>\n\n\n\n<p>&nbsp; &nbsp;&#8220;Estamos muy expectantes a lo que ocurra con su tratamiento&#8221;, asegur\u00f3.<\/p>\n\n\n\n<h3 class=\"wp-block-heading\">M\u00e1s argumentos a favor<\/h3>\n\n\n\n<p>&nbsp; &nbsp;El senador provincial David Hirtz reconoci\u00f3 estar \u201cabsolutamente de acuerdo de que incorporen nuestra regi\u00f3n en la Ley de Zona Fr\u00eda\u201d, argumentando que en distintos estudios sobre temperaturas m\u00ednimas, el Sudoeste Bonaerense tiene -durante el invierno- registros t\u00e9rmicos que incluso se encuentran por debajo de las temperaturas de lugares que hoy son considerados patag\u00f3nicos.<\/p>\n\n\n\n<p>&nbsp; &nbsp;\u201cEn mi gesti\u00f3n como intendente de Adolfo Alsina hicimos gestiones a nivel nacional, pero el tema tarifario era bastante inflexible. No tuvimos suerte y ahora hemos acompa\u00f1ado proyectos en ese sentido que hay a nivel nacional\u201d, dijo.<\/p>\n\n\n\n<p>&nbsp; &nbsp;Por su parte, el intendente suarense Ricardo Moccero destac\u00f3 que el nuevo cuadro tarifario tendr\u00e1 \u201cuna direccionalidad muy clara en el ingreso indirecto de dinero que se producir\u00e1 en la comunidad\u201d.<\/p>\n\n\n\n<p>&nbsp; &nbsp;\u201cComo dato ilustrativo, hasta el 2015 representaba aproximadamente el 4% de un sueldo m\u00ednimo vital y m\u00f3vil. Hoy est\u00e1 muy por encima del 20%\u201d, asegur\u00f3.<\/p>\n\n\n\n<p>\u00a0 \u00a0En tanto, el secretario de Gobierno de Tornquist, Ezequiel Gabella, remarc\u00f3 que la ley representa &#8220;uno de los tantos aspectos de diferenciaci\u00f3n y zonificaci\u00f3n que se vienen peleando, y por eso apoyamos a los legisladores sin importar el partido pol\u00edtico al que pertenezcan&#8221;.<\/p>\n\n\n\n<figure class=\"wp-block-image size-large\"><img loading=\"lazy\" decoding=\"async\" width=\"1500\" height=\"843\" src=\"http:\/\/www.celttv.com.ar\/wp-content\/uploads\/2021\/03\/mapa-regional.jpg\" alt=\"\" class=\"wp-image-56526\" srcset=\"https:\/\/www.celttv.com.ar\/wp-content\/uploads\/2021\/03\/mapa-regional.jpg 1500w, https:\/\/www.celttv.com.ar\/wp-content\/uploads\/2021\/03\/mapa-regional-300x169.jpg 300w, https:\/\/www.celttv.com.ar\/wp-content\/uploads\/2021\/03\/mapa-regional-1024x575.jpg 1024w, https:\/\/www.celttv.com.ar\/wp-content\/uploads\/2021\/03\/mapa-regional-768x432.jpg 768w, https:\/\/www.celttv.com.ar\/wp-content\/uploads\/2021\/03\/mapa-regional-750x422.jpg 750w, https:\/\/www.celttv.com.ar\/wp-content\/uploads\/2021\/03\/mapa-regional-1140x641.jpg 1140w\" sizes=\"auto, (max-width: 1500px) 100vw, 1500px\" \/><\/figure>\n\n\n\n<p><\/p>\n","protected":false},"excerpt":{"rendered":"<p>Conceptos como justicia, equidad, mejoras de poder adquisitivo, e inyecci\u00f3n de dinero en las econom\u00edas locales, adem\u00e1s de un\u00e1nimes muestras de apoyo, fueron los argumentos esgrimidos desde los distintos municipios de nuestra regi\u00f3n para apoyar los esperados tratamiento y sanci\u00f3n de la Ley de Zona Fr\u00eda. &nbsp; &nbsp;Jefes comunales y legisladores de la regi\u00f3n consultados [&hellip;]<\/p>\n","protected":false},"author":1,"featured_media":56527,"comment_status":"closed","ping_status":"open","sticky":false,"template":"","format":"standard","meta":{"footnotes":""},"categories":[55,51,52],"tags":[],"class_list":["post-56525","post","type-post","status-publish","format-standard","has-post-thumbnail","hentry","category-celt-tv-noticias","category-comunidad","category-destacadas"],"yoast_head":"<!-- This site is optimized with the Yoast SEO plugin v19.7.1 - https:\/\/yoast.com\/wordpress\/plugins\/seo\/ -->\n<title>Fuerte apoyo pol\u00edtico del Sudoeste Bonaerense a la Ley de Zona Fr\u00eda - CELTTV<\/title>\n<meta name=\"description\" content=\"Sitio web de noticias de la localidad de Tornquist, provincia de Buenos Aires, Rep\u00fablica Argentina. Contenido propio originado por periodistas de CELTTV, el canal de TV local de la Cooperativa El\u00e9ctrica de Tornquist. Turismo, Pol\u00edtica, Sociedad, Deporte, Cultura y todo el contenido de inter\u00e9s general que la gente del pueblo y la regi\u00f3n debe conocer.\" \/>\n<meta name=\"robots\" content=\"index, follow, max-snippet:-1, max-image-preview:large, max-video-preview:-1\" \/>\n<link rel=\"canonical\" href=\"https:\/\/www.celttv.com.ar\/index.php\/2021\/03\/22\/fuerte-apoyo-politico-del-sudoeste-bonaerense-a-la-ley-de-zona-fria\/\" \/>\n<meta property=\"og:locale\" content=\"es_ES\" \/>\n<meta property=\"og:type\" content=\"article\" \/>\n<meta property=\"og:title\" content=\"Fuerte apoyo pol\u00edtico del Sudoeste Bonaerense a la Ley de Zona Fr\u00eda - CELTTV\" \/>\n<meta property=\"og:description\" content=\"Sitio web de noticias de la localidad de Tornquist, provincia de Buenos Aires, Rep\u00fablica Argentina. Contenido propio originado por periodistas de CELTTV, el canal de TV local de la Cooperativa El\u00e9ctrica de Tornquist. Turismo, Pol\u00edtica, Sociedad, Deporte, Cultura y todo el contenido de inter\u00e9s general que la gente del pueblo y la regi\u00f3n debe conocer.\" \/>\n<meta property=\"og:url\" content=\"https:\/\/www.celttv.com.ar\/index.php\/2021\/03\/22\/fuerte-apoyo-politico-del-sudoeste-bonaerense-a-la-ley-de-zona-fria\/\" \/>\n<meta property=\"og:site_name\" content=\"CELTTV\" \/>\n<meta property=\"article:publisher\" content=\"https:\/\/www.facebook.com\/celtTV\/\" \/>\n<meta property=\"article:published_time\" content=\"2021-03-22T14:06:13+00:00\" \/>\n<meta property=\"og:image\" content=\"https:\/\/www.celttv.com.ar\/wp-content\/uploads\/2021\/03\/hornalla.jpg\" \/>\n\t<meta property=\"og:image:width\" content=\"1500\" \/>\n\t<meta property=\"og:image:height\" content=\"1147\" \/>\n\t<meta property=\"og:image:type\" content=\"image\/jpeg\" \/>\n<meta name=\"author\" content=\"ulises\" \/>\n<meta name=\"twitter:card\" content=\"summary_large_image\" \/>\n<meta name=\"twitter:label1\" content=\"Escrito por\" \/>\n\t<meta name=\"twitter:data1\" content=\"ulises\" \/>\n\t<meta name=\"twitter:label2\" content=\"Tiempo de lectura\" \/>\n\t<meta name=\"twitter:data2\" content=\"5 minutos\" \/>\n<script type=\"application\/ld+json\" class=\"yoast-schema-graph\">{\"@context\":\"https:\/\/schema.org\",\"@graph\":[{\"@type\":\"NewsArticle\",\"@id\":\"https:\/\/www.celttv.com.ar\/index.php\/2021\/03\/22\/fuerte-apoyo-politico-del-sudoeste-bonaerense-a-la-ley-de-zona-fria\/#article\",\"isPartOf\":{\"@id\":\"https:\/\/www.celttv.com.ar\/index.php\/2021\/03\/22\/fuerte-apoyo-politico-del-sudoeste-bonaerense-a-la-ley-de-zona-fria\/\"},\"author\":{\"name\":\"ulises\",\"@id\":\"https:\/\/www.celttv.com.ar\/#\/schema\/person\/6d99c072dba59953809c81446e9d0ace\"},\"headline\":\"Fuerte apoyo pol\u00edtico del Sudoeste Bonaerense a la Ley de Zona Fr\u00eda\",\"datePublished\":\"2021-03-22T14:06:13+00:00\",\"dateModified\":\"2021-03-22T14:06:13+00:00\",\"mainEntityOfPage\":{\"@id\":\"https:\/\/www.celttv.com.ar\/index.php\/2021\/03\/22\/fuerte-apoyo-politico-del-sudoeste-bonaerense-a-la-ley-de-zona-fria\/\"},\"wordCount\":1069,\"publisher\":{\"@id\":\"https:\/\/www.celttv.com.ar\/#organization\"},\"articleSection\":[\"Celt TV Noticias\",\"Comunidad\",\"Destacadas\"],\"inLanguage\":\"es\"},{\"@type\":\"WebPage\",\"@id\":\"https:\/\/www.celttv.com.ar\/index.php\/2021\/03\/22\/fuerte-apoyo-politico-del-sudoeste-bonaerense-a-la-ley-de-zona-fria\/\",\"url\":\"https:\/\/www.celttv.com.ar\/index.php\/2021\/03\/22\/fuerte-apoyo-politico-del-sudoeste-bonaerense-a-la-ley-de-zona-fria\/\",\"name\":\"Fuerte apoyo pol\u00edtico del Sudoeste Bonaerense a la Ley de Zona Fr\u00eda - CELTTV\",\"isPartOf\":{\"@id\":\"https:\/\/www.celttv.com.ar\/#website\"},\"datePublished\":\"2021-03-22T14:06:13+00:00\",\"dateModified\":\"2021-03-22T14:06:13+00:00\",\"description\":\"Sitio web de noticias de la localidad de Tornquist, provincia de Buenos Aires, Rep\u00fablica Argentina. Contenido propio originado por periodistas de CELTTV, el canal de TV local de la Cooperativa El\u00e9ctrica de Tornquist. Turismo, Pol\u00edtica, Sociedad, Deporte, Cultura y todo el contenido de inter\u00e9s general que la gente del pueblo y la regi\u00f3n debe conocer.\",\"breadcrumb\":{\"@id\":\"https:\/\/www.celttv.com.ar\/index.php\/2021\/03\/22\/fuerte-apoyo-politico-del-sudoeste-bonaerense-a-la-ley-de-zona-fria\/#breadcrumb\"},\"inLanguage\":\"es\",\"potentialAction\":[{\"@type\":\"ReadAction\",\"target\":[\"https:\/\/www.celttv.com.ar\/index.php\/2021\/03\/22\/fuerte-apoyo-politico-del-sudoeste-bonaerense-a-la-ley-de-zona-fria\/\"]}]},{\"@type\":\"BreadcrumbList\",\"@id\":\"https:\/\/www.celttv.com.ar\/index.php\/2021\/03\/22\/fuerte-apoyo-politico-del-sudoeste-bonaerense-a-la-ley-de-zona-fria\/#breadcrumb\",\"itemListElement\":[{\"@type\":\"ListItem\",\"position\":1,\"name\":\"Inicio\",\"item\":\"https:\/\/www.celttv.com.ar\/\"},{\"@type\":\"ListItem\",\"position\":2,\"name\":\"Fuerte apoyo pol\u00edtico del Sudoeste Bonaerense a la Ley de Zona Fr\u00eda\"}]},{\"@type\":\"WebSite\",\"@id\":\"https:\/\/www.celttv.com.ar\/#website\",\"url\":\"https:\/\/www.celttv.com.ar\/\",\"name\":\"CELTTV\",\"description\":\"Cooperativa El\u00e9ctrica de Tornquist\",\"publisher\":{\"@id\":\"https:\/\/www.celttv.com.ar\/#organization\"},\"potentialAction\":[{\"@type\":\"SearchAction\",\"target\":{\"@type\":\"EntryPoint\",\"urlTemplate\":\"https:\/\/www.celttv.com.ar\/?s={search_term_string}\"},\"query-input\":\"required name=search_term_string\"}],\"inLanguage\":\"es\"},{\"@type\":\"Organization\",\"@id\":\"https:\/\/www.celttv.com.ar\/#organization\",\"name\":\"CELTTV\",\"url\":\"https:\/\/www.celttv.com.ar\/\",\"sameAs\":[\"https:\/\/www.youtube.com\/channel\/UCz_oIt8Hig64Ub-EmcNPIhg\",\"https:\/\/www.facebook.com\/celtTV\/\"],\"logo\":{\"@type\":\"ImageObject\",\"inLanguage\":\"es\",\"@id\":\"https:\/\/www.celttv.com.ar\/#\/schema\/logo\/image\/\",\"url\":\"http:\/\/www.celttv.com.ar\/wp-content\/uploads\/2022\/08\/logo-1.png\",\"contentUrl\":\"http:\/\/www.celttv.com.ar\/wp-content\/uploads\/2022\/08\/logo-1.png\",\"width\":461,\"height\":159,\"caption\":\"CELTTV\"},\"image\":{\"@id\":\"https:\/\/www.celttv.com.ar\/#\/schema\/logo\/image\/\"}},{\"@type\":\"Person\",\"@id\":\"https:\/\/www.celttv.com.ar\/#\/schema\/person\/6d99c072dba59953809c81446e9d0ace\",\"name\":\"ulises\",\"image\":{\"@type\":\"ImageObject\",\"inLanguage\":\"es\",\"@id\":\"https:\/\/www.celttv.com.ar\/#\/schema\/person\/image\/\",\"url\":\"https:\/\/secure.gravatar.com\/avatar\/7f2c48bdc33b30088f941fb6082e555f2874c98e20cb159d7b92b50eadfce793?s=96&d=mm&r=g\",\"contentUrl\":\"https:\/\/secure.gravatar.com\/avatar\/7f2c48bdc33b30088f941fb6082e555f2874c98e20cb159d7b92b50eadfce793?s=96&d=mm&r=g\",\"caption\":\"ulises\"},\"sameAs\":[\"http:\/\/www.celttv.com.ar\"]}]}<\/script>\n<!-- \/ Yoast SEO plugin. -->","yoast_head_json":{"title":"Fuerte apoyo pol\u00edtico del Sudoeste Bonaerense a la Ley de Zona Fr\u00eda - CELTTV","description":"Sitio web de noticias de la localidad de Tornquist, provincia de Buenos Aires, Rep\u00fablica Argentina. Contenido propio originado por periodistas de CELTTV, el canal de TV local de la Cooperativa El\u00e9ctrica de Tornquist. Turismo, Pol\u00edtica, Sociedad, Deporte, Cultura y todo el contenido de inter\u00e9s general que la gente del pueblo y la regi\u00f3n debe conocer.","robots":{"index":"index","follow":"follow","max-snippet":"max-snippet:-1","max-image-preview":"max-image-preview:large","max-video-preview":"max-video-preview:-1"},"canonical":"https:\/\/www.celttv.com.ar\/index.php\/2021\/03\/22\/fuerte-apoyo-politico-del-sudoeste-bonaerense-a-la-ley-de-zona-fria\/","og_locale":"es_ES","og_type":"article","og_title":"Fuerte apoyo pol\u00edtico del Sudoeste Bonaerense a la Ley de Zona Fr\u00eda - CELTTV","og_description":"Sitio web de noticias de la localidad de Tornquist, provincia de Buenos Aires, Rep\u00fablica Argentina. Contenido propio originado por periodistas de CELTTV, el canal de TV local de la Cooperativa El\u00e9ctrica de Tornquist. Turismo, Pol\u00edtica, Sociedad, Deporte, Cultura y todo el contenido de inter\u00e9s general que la gente del pueblo y la regi\u00f3n debe conocer.","og_url":"https:\/\/www.celttv.com.ar\/index.php\/2021\/03\/22\/fuerte-apoyo-politico-del-sudoeste-bonaerense-a-la-ley-de-zona-fria\/","og_site_name":"CELTTV","article_publisher":"https:\/\/www.facebook.com\/celtTV\/","article_published_time":"2021-03-22T14:06:13+00:00","og_image":[{"width":1500,"height":1147,"url":"https:\/\/www.celttv.com.ar\/wp-content\/uploads\/2021\/03\/hornalla.jpg","type":"image\/jpeg"}],"author":"ulises","twitter_card":"summary_large_image","twitter_misc":{"Escrito por":"ulises","Tiempo de lectura":"5 minutos"},"schema":{"@context":"https:\/\/schema.org","@graph":[{"@type":"NewsArticle","@id":"https:\/\/www.celttv.com.ar\/index.php\/2021\/03\/22\/fuerte-apoyo-politico-del-sudoeste-bonaerense-a-la-ley-de-zona-fria\/#article","isPartOf":{"@id":"https:\/\/www.celttv.com.ar\/index.php\/2021\/03\/22\/fuerte-apoyo-politico-del-sudoeste-bonaerense-a-la-ley-de-zona-fria\/"},"author":{"name":"ulises","@id":"https:\/\/www.celttv.com.ar\/#\/schema\/person\/6d99c072dba59953809c81446e9d0ace"},"headline":"Fuerte apoyo pol\u00edtico del Sudoeste Bonaerense a la Ley de Zona Fr\u00eda","datePublished":"2021-03-22T14:06:13+00:00","dateModified":"2021-03-22T14:06:13+00:00","mainEntityOfPage":{"@id":"https:\/\/www.celttv.com.ar\/index.php\/2021\/03\/22\/fuerte-apoyo-politico-del-sudoeste-bonaerense-a-la-ley-de-zona-fria\/"},"wordCount":1069,"publisher":{"@id":"https:\/\/www.celttv.com.ar\/#organization"},"articleSection":["Celt TV Noticias","Comunidad","Destacadas"],"inLanguage":"es"},{"@type":"WebPage","@id":"https:\/\/www.celttv.com.ar\/index.php\/2021\/03\/22\/fuerte-apoyo-politico-del-sudoeste-bonaerense-a-la-ley-de-zona-fria\/","url":"https:\/\/www.celttv.com.ar\/index.php\/2021\/03\/22\/fuerte-apoyo-politico-del-sudoeste-bonaerense-a-la-ley-de-zona-fria\/","name":"Fuerte apoyo pol\u00edtico del Sudoeste Bonaerense a la Ley de Zona Fr\u00eda - CELTTV","isPartOf":{"@id":"https:\/\/www.celttv.com.ar\/#website"},"datePublished":"2021-03-22T14:06:13+00:00","dateModified":"2021-03-22T14:06:13+00:00","description":"Sitio web de noticias de la localidad de Tornquist, provincia de Buenos Aires, Rep\u00fablica Argentina. Contenido propio originado por periodistas de CELTTV, el canal de TV local de la Cooperativa El\u00e9ctrica de Tornquist. Turismo, Pol\u00edtica, Sociedad, Deporte, Cultura y todo el contenido de inter\u00e9s general que la gente del pueblo y la regi\u00f3n debe conocer.","breadcrumb":{"@id":"https:\/\/www.celttv.com.ar\/index.php\/2021\/03\/22\/fuerte-apoyo-politico-del-sudoeste-bonaerense-a-la-ley-de-zona-fria\/#breadcrumb"},"inLanguage":"es","potentialAction":[{"@type":"ReadAction","target":["https:\/\/www.celttv.com.ar\/index.php\/2021\/03\/22\/fuerte-apoyo-politico-del-sudoeste-bonaerense-a-la-ley-de-zona-fria\/"]}]},{"@type":"BreadcrumbList","@id":"https:\/\/www.celttv.com.ar\/index.php\/2021\/03\/22\/fuerte-apoyo-politico-del-sudoeste-bonaerense-a-la-ley-de-zona-fria\/#breadcrumb","itemListElement":[{"@type":"ListItem","position":1,"name":"Inicio","item":"https:\/\/www.celttv.com.ar\/"},{"@type":"ListItem","position":2,"name":"Fuerte apoyo pol\u00edtico del Sudoeste Bonaerense a la Ley de Zona Fr\u00eda"}]},{"@type":"WebSite","@id":"https:\/\/www.celttv.com.ar\/#website","url":"https:\/\/www.celttv.com.ar\/","name":"CELTTV","description":"Cooperativa El\u00e9ctrica de Tornquist","publisher":{"@id":"https:\/\/www.celttv.com.ar\/#organization"},"potentialAction":[{"@type":"SearchAction","target":{"@type":"EntryPoint","urlTemplate":"https:\/\/www.celttv.com.ar\/?s={search_term_string}"},"query-input":"required name=search_term_string"}],"inLanguage":"es"},{"@type":"Organization","@id":"https:\/\/www.celttv.com.ar\/#organization","name":"CELTTV","url":"https:\/\/www.celttv.com.ar\/","sameAs":["https:\/\/www.youtube.com\/channel\/UCz_oIt8Hig64Ub-EmcNPIhg","https:\/\/www.facebook.com\/celtTV\/"],"logo":{"@type":"ImageObject","inLanguage":"es","@id":"https:\/\/www.celttv.com.ar\/#\/schema\/logo\/image\/","url":"http:\/\/www.celttv.com.ar\/wp-content\/uploads\/2022\/08\/logo-1.png","contentUrl":"http:\/\/www.celttv.com.ar\/wp-content\/uploads\/2022\/08\/logo-1.png","width":461,"height":159,"caption":"CELTTV"},"image":{"@id":"https:\/\/www.celttv.com.ar\/#\/schema\/logo\/image\/"}},{"@type":"Person","@id":"https:\/\/www.celttv.com.ar\/#\/schema\/person\/6d99c072dba59953809c81446e9d0ace","name":"ulises","image":{"@type":"ImageObject","inLanguage":"es","@id":"https:\/\/www.celttv.com.ar\/#\/schema\/person\/image\/","url":"https:\/\/secure.gravatar.com\/avatar\/7f2c48bdc33b30088f941fb6082e555f2874c98e20cb159d7b92b50eadfce793?s=96&d=mm&r=g","contentUrl":"https:\/\/secure.gravatar.com\/avatar\/7f2c48bdc33b30088f941fb6082e555f2874c98e20cb159d7b92b50eadfce793?s=96&d=mm&r=g","caption":"ulises"},"sameAs":["http:\/\/www.celttv.com.ar"]}]}},"_links":{"self":[{"href":"https:\/\/www.celttv.com.ar\/index.php\/wp-json\/wp\/v2\/posts\/56525","targetHints":{"allow":["GET"]}}],"collection":[{"href":"https:\/\/www.celttv.com.ar\/index.php\/wp-json\/wp\/v2\/posts"}],"about":[{"href":"https:\/\/www.celttv.com.ar\/index.php\/wp-json\/wp\/v2\/types\/post"}],"author":[{"embeddable":true,"href":"https:\/\/www.celttv.com.ar\/index.php\/wp-json\/wp\/v2\/users\/1"}],"replies":[{"embeddable":true,"href":"https:\/\/www.celttv.com.ar\/index.php\/wp-json\/wp\/v2\/comments?post=56525"}],"version-history":[{"count":0,"href":"https:\/\/www.celttv.com.ar\/index.php\/wp-json\/wp\/v2\/posts\/56525\/revisions"}],"wp:featuredmedia":[{"embeddable":true,"href":"https:\/\/www.celttv.com.ar\/index.php\/wp-json\/wp\/v2\/media\/56527"}],"wp:attachment":[{"href":"https:\/\/www.celttv.com.ar\/index.php\/wp-json\/wp\/v2\/media?parent=56525"}],"wp:term":[{"taxonomy":"category","embeddable":true,"href":"https:\/\/www.celttv.com.ar\/index.php\/wp-json\/wp\/v2\/categories?post=56525"},{"taxonomy":"post_tag","embeddable":true,"href":"https:\/\/www.celttv.com.ar\/index.php\/wp-json\/wp\/v2\/tags?post=56525"}],"curies":[{"name":"wp","href":"https:\/\/api.w.org\/{rel}","templated":true}]}}