{"id":56534,"date":"2021-03-22T22:34:07","date_gmt":"2021-03-22T22:34:07","guid":{"rendered":"http:\/\/www.celttv.com.ar\/?p=56534"},"modified":"2021-03-22T22:34:07","modified_gmt":"2021-03-22T22:34:07","slug":"reclaman-por-el-estado-de-las-calles-de-villa-ventana","status":"publish","type":"post","link":"https:\/\/www.celttv.com.ar\/index.php\/2021\/03\/22\/reclaman-por-el-estado-de-las-calles-de-villa-ventana\/","title":{"rendered":"Reclaman por el estado de las calles de Villa Ventana"},"content":{"rendered":"\n<p>La C\u00e1mara de Comercio y Turismo de Villa Ventana, en nota elevada dirigida al Secretario de Obras y Servicios P\u00fablicos, con copia al Sr. Intendente, al Honorable Concejo Deliberante y a la Delegada Municipal en Villa Ventana, expuso la falta de mantenimiento de sus calles y el consecuente estado deplorable de las mismas e inst\u00f3 a su urgente reparaci\u00f3n, adem\u00e1s de la planificaci\u00f3n de una agenda de trabajo al respecto, arbitrando los medios para dotar a la localidad de una motoniveladora al menos en forma semipermante y el material necesario para cumplir con la indispensable y correcta conservaci\u00f3n de las mismas.<\/p>\n\n\n\n<p>Puntas de piedras que asoman, surcos, badenes y zanjas de 40 cm de profundidad, calles hundidas a casi 50 cm del nivel de la vereda, pastos y ramas que avanzan sobre las calles, cord\u00f3n cuneta sucio de pastos y piedras, pozos de todo tipo y tama\u00f1o, ya ni la Avenida Cruz del Sur, calle principal de Villa Ventana, est\u00e1 en condiciones. No necesitamos solo un lavado de cara oportuno justo antes del aluvi\u00f3n de turistas de Semana Santa. Necesitamos un trabajo profundo y serio, que llevar\u00e1 tiempo y constancia.<\/p>\n\n\n\n<p>Aqu\u00ed algunos de los p\u00e1rrafos de la mencionada nota (adjunta):<\/p>\n\n\n\n<p>\u201cDesde enero de 2016 a enero de 2020 venimos alertando sobre la falta de mantenimiento de nuestras calles, que a veces se tornan intransitables (as\u00ed como otros aspectos referidos a la pobre gesti\u00f3n municipal en Villa Ventana), &nbsp;por medio de notas, reuniones formales e informales, con el Sr. Intendente, responsables de su Secretar\u00eda, Concejales y por supuesto cada Delegado de turno. Reclamos que, si bien escuchados, jam\u00e1s se han visto satisfechos en tiempo y forma, sino con respuestas que alternaron entre las dificultades econ\u00f3micas del Municipio y promesas repetidas e incumplidas. En los \u00faltimos cuatro a\u00f1os, en cinco reuniones, el Sr. Intendente se &nbsp;comprometi\u00f3, alternativamente, a adquirir una motoniveladora permanente para Villa Ventana, por leasing o cualquier otro recurso que se consiguiere, o a generar desde nuestra Delegaci\u00f3n un cronograma de trabajo eficaz y eficiente junto con la Delegaci\u00f3n de Saldungaray, para compartir la existente y lograr una semipermanencia de la maquinaria. Ninguno de ambos compromisos se ha cumplido.\u201d<\/p>\n\n\n\n<p>\u201cAs\u00ed las cosas, los vecinos y contribuyentes padecemos d\u00eda a d\u00eda el estado cada vez m\u00e1s deplorable de sus calles, al igual que nuestros visitantes, quienes nos eligen y desembolsan su dinero en nuestra localidad, y por ende en el distrito, y se llevan una p\u00e9sima (y a veces onerosa) experiencia con sus veh\u00edculos.\u201d<\/p>\n\n\n\n<p>\u201cEl movimiento tur\u00edstico de Villa Ventana crece sostenidamente, al igual que la inversi\u00f3n privada. Todo incrementado esta temporada estival como consecuencia de la avidez de un lugar natural, libre a\u00fan de muchos tipos de contaminaci\u00f3n, y de una mejora en la calidad de vida, tan vapuleada en las ciudades. Gracias a ello, Villa Ventana aporta una porci\u00f3n nada despreciable del total de la masa tributaria municipal, porci\u00f3n que es dable esperar, se incremente con el tiempo debido a las razones arriba expuestas.\u201d<\/p>\n\n\n\n<p>&nbsp;\u201cLos residentes de Villa Ventana, en tanto habitantes y contribuyentes del Distrito de Tornquist, tienen los mismos derechos que el resto de sus vecinos de otras localidades del partido, y merecen que su lugar de pertenencia, donde viven, trabajan y aportan, sea parte de la agenda activa del Municipio. Cualquier raz\u00f3n de \u00edndole econ\u00f3mico, de personal, o de gesti\u00f3n local, a esta altura de la gesti\u00f3n de gobierno resulta inadmisible e inaceptable.\u201d<\/p>\n\n\n\n<p>Finalmente, sabemos que la acci\u00f3n mancomunada entre el sector p\u00fablico y el privado es indispensable para lograr una gesti\u00f3n de gobierno exitosa, por lo cual en esa misma nota renovamos nuestra buena predisposici\u00f3n y el acompa\u00f1amiento que siempre hemos brindado, del cual acciones concretas y visibles dan fe, sin callar las falencias y los puntos mejorables. Con ganas, criterio, creatividad, trabajo y eficiencia, es factible cumplir con las obligaciones a pesar de las condiciones adversas que siempre nos acompa\u00f1an. Esperamos que de una vez por todas que Villa Ventana sea parte de la agenda activa de trabajo del Municipio de Tornquist y logre la planificaci\u00f3n y ejecuci\u00f3n de las tareas que le competen.<\/p>\n\n\n\n<p><strong>Comisi\u00f3n Directiva C\u00e1mara de Comercio y Turismo de Villa Ventana<\/strong><embed src=\"https:\/\/www.noticiastornquist.com.ar\/imagen.php?imagen=\/obras-publicas.-calles-2.-marzo-2021.pdf\" width=\"100%\" height=\"500\"><\/p>\n\n\n\n<figure class=\"wp-block-image\"><img decoding=\"async\" src=\"https:\/\/www.noticiastornquist.com.ar\/imagen.php?imagen=\/whatsapp-image-20210322-at-2.51.58-pm.jpeg\" alt=\"\"\/><\/figure>\n\n\n\n<figure class=\"wp-block-image\"><img decoding=\"async\" src=\"https:\/\/www.noticiastornquist.com.ar\/imagen.php?imagen=\/whatsapp-image-20210322-at-2.51.56-pm.jpeg\" alt=\"\"\/><\/figure>\n\n\n\n<figure class=\"wp-block-image\"><img decoding=\"async\" src=\"https:\/\/www.noticiastornquist.com.ar\/imagen.php?imagen=\/whatsapp-image-20210322-at-2.51.55-pm.jpeg\" alt=\"\"\/><\/figure>\n\n\n\n<figure class=\"wp-block-image\"><img decoding=\"async\" src=\"https:\/\/www.noticiastornquist.com.ar\/imagen.php?imagen=\/whatsapp-image-20210322-at-2.51.54-pm.jpeg\" alt=\"\"\/><\/figure>\n\n\n\n<figure class=\"wp-block-image\"><img decoding=\"async\" src=\"https:\/\/www.noticiastornquist.com.ar\/imagen.php?imagen=\/whatsapp-image-20210322-at-2.51.52-pm-1.jpeg\" alt=\"\"\/><\/figure>\n\n\n\n<figure class=\"wp-block-image\"><img decoding=\"async\" src=\"https:\/\/www.noticiastornquist.com.ar\/imagen.php?imagen=\/whatsapp-image-20210322-at-2.51.52-pm.jpeg\" alt=\"\"\/><\/figure>\n\n\n\n<figure class=\"wp-block-image\"><img decoding=\"async\" src=\"https:\/\/www.noticiastornquist.com.ar\/imagen.php?imagen=\/whatsapp-image-20210322-at-2.51.51-pm-1.jpeg\" alt=\"\"\/><\/figure>\n\n\n\n<figure class=\"wp-block-image\"><img decoding=\"async\" src=\"https:\/\/www.noticiastornquist.com.ar\/imagen.php?imagen=\/whatsapp-image-20210322-at-2.51.51-pm.jpeg\" alt=\"\"\/><\/figure>\n\n\n\n<figure class=\"wp-block-image\"><img decoding=\"async\" src=\"https:\/\/www.noticiastornquist.com.ar\/imagen.php?imagen=\/whatsapp-image-20210322-at-2.51.49-pm-1.jpeg\" alt=\"\"\/><\/figure>\n\n\n\n<figure class=\"wp-block-image\"><img decoding=\"async\" src=\"https:\/\/www.noticiastornquist.com.ar\/imagen.php?imagen=\/whatsapp-image-20210322-at-2.51.49-pm.jpeg\" alt=\"\"\/><\/figure>\n\n\n\n<hr class=\"wp-block-separator\"\/>\n\n\n\n<hr class=\"wp-block-separator\"\/>\n\n\n\n<hr class=\"wp-block-separator\"\/>\n\n\n\n<hr class=\"wp-block-separator\"\/>\n\n\n\n<hr class=\"wp-block-separator\"\/>\n\n\n\n<hr class=\"wp-block-separator\"\/>\n\n\n\n<hr class=\"wp-block-separator\"\/>\n\n\n\n<hr class=\"wp-block-separator\"\/>\n\n\n\n<hr class=\"wp-block-separator\"\/>\n","protected":false},"excerpt":{"rendered":"<p>La C\u00e1mara de Comercio y Turismo de Villa Ventana, en nota elevada dirigida al Secretario de Obras y Servicios P\u00fablicos, con copia al Sr. Intendente, al Honorable Concejo Deliberante y a la Delegada Municipal en Villa Ventana, expuso la falta de mantenimiento de sus calles y el consecuente estado deplorable de las mismas e inst\u00f3 [&hellip;]<\/p>\n","protected":false},"author":1,"featured_media":41165,"comment_status":"closed","ping_status":"open","sticky":false,"template":"","format":"standard","meta":{"footnotes":""},"categories":[51,52],"tags":[],"class_list":["post-56534","post","type-post","status-publish","format-standard","has-post-thumbnail","hentry","category-comunidad","category-destacadas"],"yoast_head":"<!-- This site is optimized with the Yoast SEO plugin v19.7.1 - https:\/\/yoast.com\/wordpress\/plugins\/seo\/ -->\n<title>Reclaman por el estado de las calles de Villa Ventana - CELTTV<\/title>\n<meta name=\"description\" content=\"Sitio web de noticias de la localidad de Tornquist, provincia de Buenos Aires, Rep\u00fablica Argentina. Contenido propio originado por periodistas de CELTTV, el canal de TV local de la Cooperativa El\u00e9ctrica de Tornquist. Turismo, Pol\u00edtica, Sociedad, Deporte, Cultura y todo el contenido de inter\u00e9s general que la gente del pueblo y la regi\u00f3n debe conocer.\" \/>\n<meta name=\"robots\" content=\"index, follow, max-snippet:-1, max-image-preview:large, max-video-preview:-1\" \/>\n<link rel=\"canonical\" href=\"https:\/\/www.celttv.com.ar\/index.php\/2021\/03\/22\/reclaman-por-el-estado-de-las-calles-de-villa-ventana\/\" \/>\n<meta property=\"og:locale\" content=\"es_ES\" \/>\n<meta property=\"og:type\" content=\"article\" \/>\n<meta property=\"og:title\" content=\"Reclaman por el estado de las calles de Villa Ventana - CELTTV\" \/>\n<meta property=\"og:description\" content=\"Sitio web de noticias de la localidad de Tornquist, provincia de Buenos Aires, Rep\u00fablica Argentina. Contenido propio originado por periodistas de CELTTV, el canal de TV local de la Cooperativa El\u00e9ctrica de Tornquist. Turismo, Pol\u00edtica, Sociedad, Deporte, Cultura y todo el contenido de inter\u00e9s general que la gente del pueblo y la regi\u00f3n debe conocer.\" \/>\n<meta property=\"og:url\" content=\"https:\/\/www.celttv.com.ar\/index.php\/2021\/03\/22\/reclaman-por-el-estado-de-las-calles-de-villa-ventana\/\" \/>\n<meta property=\"og:site_name\" content=\"CELTTV\" \/>\n<meta property=\"article:publisher\" content=\"https:\/\/www.facebook.com\/celtTV\/\" \/>\n<meta property=\"article:published_time\" content=\"2021-03-22T22:34:07+00:00\" \/>\n<meta property=\"og:image\" content=\"https:\/\/www.celttv.com.ar\/wp-content\/uploads\/2019\/04\/2a-Cablagata-Esc.-Agraria-Villa-Ventana-2-777x437-1.jpg\" \/>\n\t<meta property=\"og:image:width\" content=\"777\" \/>\n\t<meta property=\"og:image:height\" content=\"437\" \/>\n\t<meta property=\"og:image:type\" content=\"image\/jpeg\" \/>\n<meta name=\"author\" content=\"ulises\" \/>\n<meta name=\"twitter:card\" content=\"summary_large_image\" \/>\n<meta name=\"twitter:label1\" content=\"Escrito por\" \/>\n\t<meta name=\"twitter:data1\" content=\"ulises\" \/>\n\t<meta name=\"twitter:label2\" content=\"Tiempo de lectura\" \/>\n\t<meta name=\"twitter:data2\" content=\"4 minutos\" \/>\n<script type=\"application\/ld+json\" class=\"yoast-schema-graph\">{\"@context\":\"https:\/\/schema.org\",\"@graph\":[{\"@type\":\"NewsArticle\",\"@id\":\"https:\/\/www.celttv.com.ar\/index.php\/2021\/03\/22\/reclaman-por-el-estado-de-las-calles-de-villa-ventana\/#article\",\"isPartOf\":{\"@id\":\"https:\/\/www.celttv.com.ar\/index.php\/2021\/03\/22\/reclaman-por-el-estado-de-las-calles-de-villa-ventana\/\"},\"author\":{\"name\":\"ulises\",\"@id\":\"https:\/\/www.celttv.com.ar\/#\/schema\/person\/6d99c072dba59953809c81446e9d0ace\"},\"headline\":\"Reclaman por el estado de las calles de Villa Ventana\",\"datePublished\":\"2021-03-22T22:34:07+00:00\",\"dateModified\":\"2021-03-22T22:34:07+00:00\",\"mainEntityOfPage\":{\"@id\":\"https:\/\/www.celttv.com.ar\/index.php\/2021\/03\/22\/reclaman-por-el-estado-de-las-calles-de-villa-ventana\/\"},\"wordCount\":741,\"publisher\":{\"@id\":\"https:\/\/www.celttv.com.ar\/#organization\"},\"articleSection\":[\"Comunidad\",\"Destacadas\"],\"inLanguage\":\"es\"},{\"@type\":\"WebPage\",\"@id\":\"https:\/\/www.celttv.com.ar\/index.php\/2021\/03\/22\/reclaman-por-el-estado-de-las-calles-de-villa-ventana\/\",\"url\":\"https:\/\/www.celttv.com.ar\/index.php\/2021\/03\/22\/reclaman-por-el-estado-de-las-calles-de-villa-ventana\/\",\"name\":\"Reclaman por el estado de las calles de Villa Ventana - CELTTV\",\"isPartOf\":{\"@id\":\"https:\/\/www.celttv.com.ar\/#website\"},\"datePublished\":\"2021-03-22T22:34:07+00:00\",\"dateModified\":\"2021-03-22T22:34:07+00:00\",\"description\":\"Sitio web de noticias de la localidad de Tornquist, provincia de Buenos Aires, Rep\u00fablica Argentina. Contenido propio originado por periodistas de CELTTV, el canal de TV local de la Cooperativa El\u00e9ctrica de Tornquist. Turismo, Pol\u00edtica, Sociedad, Deporte, Cultura y todo el contenido de inter\u00e9s general que la gente del pueblo y la regi\u00f3n debe conocer.\",\"breadcrumb\":{\"@id\":\"https:\/\/www.celttv.com.ar\/index.php\/2021\/03\/22\/reclaman-por-el-estado-de-las-calles-de-villa-ventana\/#breadcrumb\"},\"inLanguage\":\"es\",\"potentialAction\":[{\"@type\":\"ReadAction\",\"target\":[\"https:\/\/www.celttv.com.ar\/index.php\/2021\/03\/22\/reclaman-por-el-estado-de-las-calles-de-villa-ventana\/\"]}]},{\"@type\":\"BreadcrumbList\",\"@id\":\"https:\/\/www.celttv.com.ar\/index.php\/2021\/03\/22\/reclaman-por-el-estado-de-las-calles-de-villa-ventana\/#breadcrumb\",\"itemListElement\":[{\"@type\":\"ListItem\",\"position\":1,\"name\":\"Inicio\",\"item\":\"https:\/\/www.celttv.com.ar\/\"},{\"@type\":\"ListItem\",\"position\":2,\"name\":\"Reclaman por el estado de las calles de Villa Ventana\"}]},{\"@type\":\"WebSite\",\"@id\":\"https:\/\/www.celttv.com.ar\/#website\",\"url\":\"https:\/\/www.celttv.com.ar\/\",\"name\":\"CELTTV\",\"description\":\"Cooperativa El\u00e9ctrica de Tornquist\",\"publisher\":{\"@id\":\"https:\/\/www.celttv.com.ar\/#organization\"},\"potentialAction\":[{\"@type\":\"SearchAction\",\"target\":{\"@type\":\"EntryPoint\",\"urlTemplate\":\"https:\/\/www.celttv.com.ar\/?s={search_term_string}\"},\"query-input\":\"required name=search_term_string\"}],\"inLanguage\":\"es\"},{\"@type\":\"Organization\",\"@id\":\"https:\/\/www.celttv.com.ar\/#organization\",\"name\":\"CELTTV\",\"url\":\"https:\/\/www.celttv.com.ar\/\",\"sameAs\":[\"https:\/\/www.youtube.com\/channel\/UCz_oIt8Hig64Ub-EmcNPIhg\",\"https:\/\/www.facebook.com\/celtTV\/\"],\"logo\":{\"@type\":\"ImageObject\",\"inLanguage\":\"es\",\"@id\":\"https:\/\/www.celttv.com.ar\/#\/schema\/logo\/image\/\",\"url\":\"http:\/\/www.celttv.com.ar\/wp-content\/uploads\/2022\/08\/logo-1.png\",\"contentUrl\":\"http:\/\/www.celttv.com.ar\/wp-content\/uploads\/2022\/08\/logo-1.png\",\"width\":461,\"height\":159,\"caption\":\"CELTTV\"},\"image\":{\"@id\":\"https:\/\/www.celttv.com.ar\/#\/schema\/logo\/image\/\"}},{\"@type\":\"Person\",\"@id\":\"https:\/\/www.celttv.com.ar\/#\/schema\/person\/6d99c072dba59953809c81446e9d0ace\",\"name\":\"ulises\",\"image\":{\"@type\":\"ImageObject\",\"inLanguage\":\"es\",\"@id\":\"https:\/\/www.celttv.com.ar\/#\/schema\/person\/image\/\",\"url\":\"https:\/\/secure.gravatar.com\/avatar\/7f2c48bdc33b30088f941fb6082e555f2874c98e20cb159d7b92b50eadfce793?s=96&d=mm&r=g\",\"contentUrl\":\"https:\/\/secure.gravatar.com\/avatar\/7f2c48bdc33b30088f941fb6082e555f2874c98e20cb159d7b92b50eadfce793?s=96&d=mm&r=g\",\"caption\":\"ulises\"},\"sameAs\":[\"http:\/\/www.celttv.com.ar\"]}]}<\/script>\n<!-- \/ Yoast SEO plugin. -->","yoast_head_json":{"title":"Reclaman por el estado de las calles de Villa Ventana - CELTTV","description":"Sitio web de noticias de la localidad de Tornquist, provincia de Buenos Aires, Rep\u00fablica Argentina. Contenido propio originado por periodistas de CELTTV, el canal de TV local de la Cooperativa El\u00e9ctrica de Tornquist. Turismo, Pol\u00edtica, Sociedad, Deporte, Cultura y todo el contenido de inter\u00e9s general que la gente del pueblo y la regi\u00f3n debe conocer.","robots":{"index":"index","follow":"follow","max-snippet":"max-snippet:-1","max-image-preview":"max-image-preview:large","max-video-preview":"max-video-preview:-1"},"canonical":"https:\/\/www.celttv.com.ar\/index.php\/2021\/03\/22\/reclaman-por-el-estado-de-las-calles-de-villa-ventana\/","og_locale":"es_ES","og_type":"article","og_title":"Reclaman por el estado de las calles de Villa Ventana - CELTTV","og_description":"Sitio web de noticias de la localidad de Tornquist, provincia de Buenos Aires, Rep\u00fablica Argentina. Contenido propio originado por periodistas de CELTTV, el canal de TV local de la Cooperativa El\u00e9ctrica de Tornquist. Turismo, Pol\u00edtica, Sociedad, Deporte, Cultura y todo el contenido de inter\u00e9s general que la gente del pueblo y la regi\u00f3n debe conocer.","og_url":"https:\/\/www.celttv.com.ar\/index.php\/2021\/03\/22\/reclaman-por-el-estado-de-las-calles-de-villa-ventana\/","og_site_name":"CELTTV","article_publisher":"https:\/\/www.facebook.com\/celtTV\/","article_published_time":"2021-03-22T22:34:07+00:00","og_image":[{"width":777,"height":437,"url":"https:\/\/www.celttv.com.ar\/wp-content\/uploads\/2019\/04\/2a-Cablagata-Esc.-Agraria-Villa-Ventana-2-777x437-1.jpg","type":"image\/jpeg"}],"author":"ulises","twitter_card":"summary_large_image","twitter_misc":{"Escrito por":"ulises","Tiempo de lectura":"4 minutos"},"schema":{"@context":"https:\/\/schema.org","@graph":[{"@type":"NewsArticle","@id":"https:\/\/www.celttv.com.ar\/index.php\/2021\/03\/22\/reclaman-por-el-estado-de-las-calles-de-villa-ventana\/#article","isPartOf":{"@id":"https:\/\/www.celttv.com.ar\/index.php\/2021\/03\/22\/reclaman-por-el-estado-de-las-calles-de-villa-ventana\/"},"author":{"name":"ulises","@id":"https:\/\/www.celttv.com.ar\/#\/schema\/person\/6d99c072dba59953809c81446e9d0ace"},"headline":"Reclaman por el estado de las calles de Villa Ventana","datePublished":"2021-03-22T22:34:07+00:00","dateModified":"2021-03-22T22:34:07+00:00","mainEntityOfPage":{"@id":"https:\/\/www.celttv.com.ar\/index.php\/2021\/03\/22\/reclaman-por-el-estado-de-las-calles-de-villa-ventana\/"},"wordCount":741,"publisher":{"@id":"https:\/\/www.celttv.com.ar\/#organization"},"articleSection":["Comunidad","Destacadas"],"inLanguage":"es"},{"@type":"WebPage","@id":"https:\/\/www.celttv.com.ar\/index.php\/2021\/03\/22\/reclaman-por-el-estado-de-las-calles-de-villa-ventana\/","url":"https:\/\/www.celttv.com.ar\/index.php\/2021\/03\/22\/reclaman-por-el-estado-de-las-calles-de-villa-ventana\/","name":"Reclaman por el estado de las calles de Villa Ventana - CELTTV","isPartOf":{"@id":"https:\/\/www.celttv.com.ar\/#website"},"datePublished":"2021-03-22T22:34:07+00:00","dateModified":"2021-03-22T22:34:07+00:00","description":"Sitio web de noticias de la localidad de Tornquist, provincia de Buenos Aires, Rep\u00fablica Argentina. Contenido propio originado por periodistas de CELTTV, el canal de TV local de la Cooperativa El\u00e9ctrica de Tornquist. Turismo, Pol\u00edtica, Sociedad, Deporte, Cultura y todo el contenido de inter\u00e9s general que la gente del pueblo y la regi\u00f3n debe conocer.","breadcrumb":{"@id":"https:\/\/www.celttv.com.ar\/index.php\/2021\/03\/22\/reclaman-por-el-estado-de-las-calles-de-villa-ventana\/#breadcrumb"},"inLanguage":"es","potentialAction":[{"@type":"ReadAction","target":["https:\/\/www.celttv.com.ar\/index.php\/2021\/03\/22\/reclaman-por-el-estado-de-las-calles-de-villa-ventana\/"]}]},{"@type":"BreadcrumbList","@id":"https:\/\/www.celttv.com.ar\/index.php\/2021\/03\/22\/reclaman-por-el-estado-de-las-calles-de-villa-ventana\/#breadcrumb","itemListElement":[{"@type":"ListItem","position":1,"name":"Inicio","item":"https:\/\/www.celttv.com.ar\/"},{"@type":"ListItem","position":2,"name":"Reclaman por el estado de las calles de Villa Ventana"}]},{"@type":"WebSite","@id":"https:\/\/www.celttv.com.ar\/#website","url":"https:\/\/www.celttv.com.ar\/","name":"CELTTV","description":"Cooperativa El\u00e9ctrica de Tornquist","publisher":{"@id":"https:\/\/www.celttv.com.ar\/#organization"},"potentialAction":[{"@type":"SearchAction","target":{"@type":"EntryPoint","urlTemplate":"https:\/\/www.celttv.com.ar\/?s={search_term_string}"},"query-input":"required name=search_term_string"}],"inLanguage":"es"},{"@type":"Organization","@id":"https:\/\/www.celttv.com.ar\/#organization","name":"CELTTV","url":"https:\/\/www.celttv.com.ar\/","sameAs":["https:\/\/www.youtube.com\/channel\/UCz_oIt8Hig64Ub-EmcNPIhg","https:\/\/www.facebook.com\/celtTV\/"],"logo":{"@type":"ImageObject","inLanguage":"es","@id":"https:\/\/www.celttv.com.ar\/#\/schema\/logo\/image\/","url":"http:\/\/www.celttv.com.ar\/wp-content\/uploads\/2022\/08\/logo-1.png","contentUrl":"http:\/\/www.celttv.com.ar\/wp-content\/uploads\/2022\/08\/logo-1.png","width":461,"height":159,"caption":"CELTTV"},"image":{"@id":"https:\/\/www.celttv.com.ar\/#\/schema\/logo\/image\/"}},{"@type":"Person","@id":"https:\/\/www.celttv.com.ar\/#\/schema\/person\/6d99c072dba59953809c81446e9d0ace","name":"ulises","image":{"@type":"ImageObject","inLanguage":"es","@id":"https:\/\/www.celttv.com.ar\/#\/schema\/person\/image\/","url":"https:\/\/secure.gravatar.com\/avatar\/7f2c48bdc33b30088f941fb6082e555f2874c98e20cb159d7b92b50eadfce793?s=96&d=mm&r=g","contentUrl":"https:\/\/secure.gravatar.com\/avatar\/7f2c48bdc33b30088f941fb6082e555f2874c98e20cb159d7b92b50eadfce793?s=96&d=mm&r=g","caption":"ulises"},"sameAs":["http:\/\/www.celttv.com.ar"]}]}},"_links":{"self":[{"href":"https:\/\/www.celttv.com.ar\/index.php\/wp-json\/wp\/v2\/posts\/56534","targetHints":{"allow":["GET"]}}],"collection":[{"href":"https:\/\/www.celttv.com.ar\/index.php\/wp-json\/wp\/v2\/posts"}],"about":[{"href":"https:\/\/www.celttv.com.ar\/index.php\/wp-json\/wp\/v2\/types\/post"}],"author":[{"embeddable":true,"href":"https:\/\/www.celttv.com.ar\/index.php\/wp-json\/wp\/v2\/users\/1"}],"replies":[{"embeddable":true,"href":"https:\/\/www.celttv.com.ar\/index.php\/wp-json\/wp\/v2\/comments?post=56534"}],"version-history":[{"count":0,"href":"https:\/\/www.celttv.com.ar\/index.php\/wp-json\/wp\/v2\/posts\/56534\/revisions"}],"wp:featuredmedia":[{"embeddable":true,"href":"https:\/\/www.celttv.com.ar\/index.php\/wp-json\/wp\/v2\/media\/41165"}],"wp:attachment":[{"href":"https:\/\/www.celttv.com.ar\/index.php\/wp-json\/wp\/v2\/media?parent=56534"}],"wp:term":[{"taxonomy":"category","embeddable":true,"href":"https:\/\/www.celttv.com.ar\/index.php\/wp-json\/wp\/v2\/categories?post=56534"},{"taxonomy":"post_tag","embeddable":true,"href":"https:\/\/www.celttv.com.ar\/index.php\/wp-json\/wp\/v2\/tags?post=56534"}],"curies":[{"name":"wp","href":"https:\/\/api.w.org\/{rel}","templated":true}]}}