{"id":56536,"date":"2021-03-23T02:59:06","date_gmt":"2021-03-23T02:59:06","guid":{"rendered":"http:\/\/www.celttv.com.ar\/?p=56536"},"modified":"2021-03-23T02:59:06","modified_gmt":"2021-03-23T02:59:06","slug":"dia-nacional-de-la-memoria-por-la-verdad-y-la-justicia","status":"publish","type":"post","link":"https:\/\/www.celttv.com.ar\/index.php\/2021\/03\/23\/dia-nacional-de-la-memoria-por-la-verdad-y-la-justicia\/","title":{"rendered":"D\u00cdA NACIONAL DE LA MEMORIA, POR LA VERDAD Y LA JUSTICIA"},"content":{"rendered":"\n<p>FRENTE DE TODOS\/AS TORNQUIST&nbsp;<\/p>\n\n\n\n<p>\u201cPLANTAMOS MEMORIA CON RA\u00cdCES BONAERENSES\u201d<\/p>\n\n\n\n<p>D\u00cdA NACIONAL DE LA MEMORIA, POR LA VERDAD Y LA JUSTICIA<\/p>\n\n\n\n<p>FRENTE DE TODOS\/AS TORNQUIST&nbsp;<\/p>\n\n\n\n<p>\u201cPLANTAMOS MEMORIA CON RA\u00cdCES BONAERENSES\u201d<\/p>\n\n\n\n<p>A 45 a\u00f1os del golpe c\u00edvico, militar genocida ocurrido el 24 de Marzo de 1976, adherimos a la CAMPA\u00d1A NACIONAL E INTERNACIONAL convocada por los organismos de derechos humanos de nuestro querido pa\u00eds y PLANTAMOS MEMORIA para recordar a nuestros\/as 30 mil compa\u00f1eros\/as, vecinos\/as, amigos\/as, familiares, hijos\/as y nietos\/as que so\u00f1aron, vivieron, trabajaron y lucharon por un pa\u00eds m\u00e1s justo e inclusivo, con m\u00e1s derechos e igualdad para todos y todas.<\/p>\n\n\n\n<p>Ellos y ellas fueron detenidos\/as, desaparecidos\/as&nbsp; y asesinados\/as en el mismo suelo donde nacieron y vivieron, y queremos recordarlos, regalando una planta a cada una de las escuelas del distrito afirmando nuestro compromiso con la Memoria, por la Verdad y la Justicia.<\/p>\n\n\n\n<p>El 24 de marzo, a 45 a\u00f1os del golpe genocida del 1976, invitamos a las escuelas a que, el lugar elegido para plantar el \u00e1rbol, se pueda convertir en un espacio preferencial donde el recuerdo compartido nos permita seguir diciendo NUNCA M\u00c1S.<\/p>\n\n\n\n<p>Con las escuelas del distrito, PLANTAMOS MEMORIA POR LA VERDAD Y LA JUSTICIA, para verlas crecer fortalecidas con el objetivo que nos permitan hacer presente el proyecto de una patria m\u00e1s justa, equitativa, solidaria, libre y soberana.<\/p>\n\n\n\n<p>PLANTAMOS MEMORIA PARA Que sigamos construyendo verdaderas comunidades de respeto a los derechos humanos y mutua tolerancia.<\/p>\n\n\n\n<p>FRENTE DE TODOS\/AS TORNQUIST.<\/p>\n\n\n\n<figure class=\"wp-block-gallery columns-3 is-cropped wp-block-gallery-1 is-layout-flex wp-block-gallery-is-layout-flex\"><ul class=\"blocks-gallery-grid\"><li class=\"blocks-gallery-item\"><figure><img loading=\"lazy\" decoding=\"async\" width=\"720\" height=\"1280\" src=\"http:\/\/www.celttv.com.ar\/wp-content\/uploads\/2021\/03\/IMAGEN-ARBOLES-1.jpeg\" alt=\"\" data-id=\"56537\" data-full-url=\"http:\/\/www.celttv.com.ar\/wp-content\/uploads\/2021\/03\/IMAGEN-ARBOLES-1.jpeg\" data-link=\"http:\/\/www.celttv.com.ar\/?attachment_id=56537\" class=\"wp-image-56537\" srcset=\"https:\/\/www.celttv.com.ar\/wp-content\/uploads\/2021\/03\/IMAGEN-ARBOLES-1.jpeg 720w, https:\/\/www.celttv.com.ar\/wp-content\/uploads\/2021\/03\/IMAGEN-ARBOLES-1-169x300.jpeg 169w, https:\/\/www.celttv.com.ar\/wp-content\/uploads\/2021\/03\/IMAGEN-ARBOLES-1-576x1024.jpeg 576w\" sizes=\"auto, (max-width: 720px) 100vw, 720px\" \/><\/figure><\/li><li class=\"blocks-gallery-item\"><figure><img loading=\"lazy\" decoding=\"async\" width=\"1280\" height=\"720\" src=\"http:\/\/www.celttv.com.ar\/wp-content\/uploads\/2021\/03\/IMAGEN-ARBOLES-2.jpeg\" alt=\"\" data-id=\"56538\" data-full-url=\"http:\/\/www.celttv.com.ar\/wp-content\/uploads\/2021\/03\/IMAGEN-ARBOLES-2.jpeg\" data-link=\"http:\/\/www.celttv.com.ar\/?attachment_id=56538\" class=\"wp-image-56538\" srcset=\"https:\/\/www.celttv.com.ar\/wp-content\/uploads\/2021\/03\/IMAGEN-ARBOLES-2.jpeg 1280w, https:\/\/www.celttv.com.ar\/wp-content\/uploads\/2021\/03\/IMAGEN-ARBOLES-2-300x169.jpeg 300w, https:\/\/www.celttv.com.ar\/wp-content\/uploads\/2021\/03\/IMAGEN-ARBOLES-2-1024x576.jpeg 1024w, https:\/\/www.celttv.com.ar\/wp-content\/uploads\/2021\/03\/IMAGEN-ARBOLES-2-768x432.jpeg 768w, https:\/\/www.celttv.com.ar\/wp-content\/uploads\/2021\/03\/IMAGEN-ARBOLES-2-750x422.jpeg 750w, https:\/\/www.celttv.com.ar\/wp-content\/uploads\/2021\/03\/IMAGEN-ARBOLES-2-1140x641.jpeg 1140w\" sizes=\"auto, (max-width: 1280px) 100vw, 1280px\" \/><\/figure><\/li><li class=\"blocks-gallery-item\"><figure><img loading=\"lazy\" decoding=\"async\" width=\"720\" height=\"1280\" src=\"http:\/\/www.celttv.com.ar\/wp-content\/uploads\/2021\/03\/IMAGEN-ARBOLES-3.jpeg\" alt=\"\" data-id=\"56539\" data-full-url=\"http:\/\/www.celttv.com.ar\/wp-content\/uploads\/2021\/03\/IMAGEN-ARBOLES-3.jpeg\" data-link=\"http:\/\/www.celttv.com.ar\/?attachment_id=56539\" class=\"wp-image-56539\" srcset=\"https:\/\/www.celttv.com.ar\/wp-content\/uploads\/2021\/03\/IMAGEN-ARBOLES-3.jpeg 720w, https:\/\/www.celttv.com.ar\/wp-content\/uploads\/2021\/03\/IMAGEN-ARBOLES-3-169x300.jpeg 169w, https:\/\/www.celttv.com.ar\/wp-content\/uploads\/2021\/03\/IMAGEN-ARBOLES-3-576x1024.jpeg 576w\" sizes=\"auto, (max-width: 720px) 100vw, 720px\" \/><\/figure><\/li><li class=\"blocks-gallery-item\"><figure><img loading=\"lazy\" decoding=\"async\" width=\"720\" height=\"1280\" src=\"http:\/\/www.celttv.com.ar\/wp-content\/uploads\/2021\/03\/IMAGEN-ARBOLES-4.jpeg\" alt=\"\" data-id=\"56540\" data-full-url=\"http:\/\/www.celttv.com.ar\/wp-content\/uploads\/2021\/03\/IMAGEN-ARBOLES-4.jpeg\" data-link=\"http:\/\/www.celttv.com.ar\/?attachment_id=56540\" class=\"wp-image-56540\" srcset=\"https:\/\/www.celttv.com.ar\/wp-content\/uploads\/2021\/03\/IMAGEN-ARBOLES-4.jpeg 720w, https:\/\/www.celttv.com.ar\/wp-content\/uploads\/2021\/03\/IMAGEN-ARBOLES-4-169x300.jpeg 169w, https:\/\/www.celttv.com.ar\/wp-content\/uploads\/2021\/03\/IMAGEN-ARBOLES-4-576x1024.jpeg 576w\" sizes=\"auto, (max-width: 720px) 100vw, 720px\" \/><\/figure><\/li><li class=\"blocks-gallery-item\"><figure><img loading=\"lazy\" decoding=\"async\" width=\"750\" height=\"503\" src=\"http:\/\/www.celttv.com.ar\/wp-content\/uploads\/2021\/03\/LOGO-CAMPANA-TORNQUIST.jpeg\" alt=\"\" data-id=\"56541\" data-full-url=\"http:\/\/www.celttv.com.ar\/wp-content\/uploads\/2021\/03\/LOGO-CAMPANA-TORNQUIST.jpeg\" data-link=\"http:\/\/www.celttv.com.ar\/?attachment_id=56541\" class=\"wp-image-56541\" srcset=\"https:\/\/www.celttv.com.ar\/wp-content\/uploads\/2021\/03\/LOGO-CAMPANA-TORNQUIST.jpeg 750w, https:\/\/www.celttv.com.ar\/wp-content\/uploads\/2021\/03\/LOGO-CAMPANA-TORNQUIST-300x201.jpeg 300w\" sizes=\"auto, (max-width: 750px) 100vw, 750px\" \/><\/figure><\/li><li class=\"blocks-gallery-item\"><figure><img decoding=\"async\" src=\"http:\/\/www.celttv.com.ar\/wp-content\/uploads\/2021\/03\/panuelos-para-cortar.jpeg\" alt=\"\" data-id=\"56542\" data-full-url=\"http:\/\/www.celttv.com.ar\/wp-content\/uploads\/2021\/03\/panuelos-para-cortar.jpeg\" data-link=\"http:\/\/www.celttv.com.ar\/?attachment_id=56542\" class=\"wp-image-56542\"\/><\/figure><\/li><\/ul><\/figure>\n","protected":false},"excerpt":{"rendered":"<p>FRENTE DE TODOS\/AS TORNQUIST&nbsp; \u201cPLANTAMOS MEMORIA CON RA\u00cdCES BONAERENSES\u201d D\u00cdA NACIONAL DE LA MEMORIA, POR LA VERDAD Y LA JUSTICIA FRENTE DE TODOS\/AS TORNQUIST&nbsp; \u201cPLANTAMOS MEMORIA CON RA\u00cdCES BONAERENSES\u201d A 45 a\u00f1os del golpe c\u00edvico, militar genocida ocurrido el 24 de Marzo de 1976, adherimos a la CAMPA\u00d1A NACIONAL E INTERNACIONAL convocada por los organismos [&hellip;]<\/p>\n","protected":false},"author":1,"featured_media":56541,"comment_status":"closed","ping_status":"open","sticky":false,"template":"","format":"standard","meta":{"footnotes":""},"categories":[51,52,53],"tags":[],"class_list":["post-56536","post","type-post","status-publish","format-standard","has-post-thumbnail","hentry","category-comunidad","category-destacadas","category-politica"],"yoast_head":"<!-- This site is optimized with the Yoast SEO plugin v19.7.1 - https:\/\/yoast.com\/wordpress\/plugins\/seo\/ -->\n<title>D\u00cdA NACIONAL DE LA MEMORIA, POR LA VERDAD Y LA JUSTICIA - CELTTV<\/title>\n<meta name=\"description\" content=\"Sitio web de noticias de la localidad de Tornquist, provincia de Buenos Aires, Rep\u00fablica Argentina. Contenido propio originado por periodistas de CELTTV, el canal de TV local de la Cooperativa El\u00e9ctrica de Tornquist. Turismo, Pol\u00edtica, Sociedad, Deporte, Cultura y todo el contenido de inter\u00e9s general que la gente del pueblo y la regi\u00f3n debe conocer.\" \/>\n<meta name=\"robots\" content=\"index, follow, max-snippet:-1, max-image-preview:large, max-video-preview:-1\" \/>\n<link rel=\"canonical\" href=\"https:\/\/www.celttv.com.ar\/index.php\/2021\/03\/23\/dia-nacional-de-la-memoria-por-la-verdad-y-la-justicia\/\" \/>\n<meta property=\"og:locale\" content=\"es_ES\" \/>\n<meta property=\"og:type\" content=\"article\" \/>\n<meta property=\"og:title\" content=\"D\u00cdA NACIONAL DE LA MEMORIA, POR LA VERDAD Y LA JUSTICIA - CELTTV\" \/>\n<meta property=\"og:description\" content=\"Sitio web de noticias de la localidad de Tornquist, provincia de Buenos Aires, Rep\u00fablica Argentina. Contenido propio originado por periodistas de CELTTV, el canal de TV local de la Cooperativa El\u00e9ctrica de Tornquist. Turismo, Pol\u00edtica, Sociedad, Deporte, Cultura y todo el contenido de inter\u00e9s general que la gente del pueblo y la regi\u00f3n debe conocer.\" \/>\n<meta property=\"og:url\" content=\"https:\/\/www.celttv.com.ar\/index.php\/2021\/03\/23\/dia-nacional-de-la-memoria-por-la-verdad-y-la-justicia\/\" \/>\n<meta property=\"og:site_name\" content=\"CELTTV\" \/>\n<meta property=\"article:publisher\" content=\"https:\/\/www.facebook.com\/celtTV\/\" \/>\n<meta property=\"article:published_time\" content=\"2021-03-23T02:59:06+00:00\" \/>\n<meta property=\"og:image\" content=\"https:\/\/www.celttv.com.ar\/wp-content\/uploads\/2021\/03\/LOGO-CAMPANA-TORNQUIST.jpeg\" \/>\n\t<meta property=\"og:image:width\" content=\"750\" \/>\n\t<meta property=\"og:image:height\" content=\"503\" \/>\n\t<meta property=\"og:image:type\" content=\"image\/jpeg\" \/>\n<meta name=\"author\" content=\"ulises\" \/>\n<meta name=\"twitter:card\" content=\"summary_large_image\" \/>\n<meta name=\"twitter:label1\" content=\"Escrito por\" \/>\n\t<meta name=\"twitter:data1\" content=\"ulises\" \/>\n\t<meta name=\"twitter:label2\" content=\"Tiempo de lectura\" \/>\n\t<meta name=\"twitter:data2\" content=\"1 minuto\" \/>\n<script type=\"application\/ld+json\" class=\"yoast-schema-graph\">{\"@context\":\"https:\/\/schema.org\",\"@graph\":[{\"@type\":\"NewsArticle\",\"@id\":\"https:\/\/www.celttv.com.ar\/index.php\/2021\/03\/23\/dia-nacional-de-la-memoria-por-la-verdad-y-la-justicia\/#article\",\"isPartOf\":{\"@id\":\"https:\/\/www.celttv.com.ar\/index.php\/2021\/03\/23\/dia-nacional-de-la-memoria-por-la-verdad-y-la-justicia\/\"},\"author\":{\"name\":\"ulises\",\"@id\":\"https:\/\/www.celttv.com.ar\/#\/schema\/person\/6d99c072dba59953809c81446e9d0ace\"},\"headline\":\"D\u00cdA NACIONAL DE LA MEMORIA, POR LA VERDAD Y LA JUSTICIA\",\"datePublished\":\"2021-03-23T02:59:06+00:00\",\"dateModified\":\"2021-03-23T02:59:06+00:00\",\"mainEntityOfPage\":{\"@id\":\"https:\/\/www.celttv.com.ar\/index.php\/2021\/03\/23\/dia-nacional-de-la-memoria-por-la-verdad-y-la-justicia\/\"},\"wordCount\":277,\"publisher\":{\"@id\":\"https:\/\/www.celttv.com.ar\/#organization\"},\"articleSection\":[\"Comunidad\",\"Destacadas\",\"Pol\u00edtica\"],\"inLanguage\":\"es\"},{\"@type\":\"WebPage\",\"@id\":\"https:\/\/www.celttv.com.ar\/index.php\/2021\/03\/23\/dia-nacional-de-la-memoria-por-la-verdad-y-la-justicia\/\",\"url\":\"https:\/\/www.celttv.com.ar\/index.php\/2021\/03\/23\/dia-nacional-de-la-memoria-por-la-verdad-y-la-justicia\/\",\"name\":\"D\u00cdA NACIONAL DE LA MEMORIA, POR LA VERDAD Y LA JUSTICIA - CELTTV\",\"isPartOf\":{\"@id\":\"https:\/\/www.celttv.com.ar\/#website\"},\"datePublished\":\"2021-03-23T02:59:06+00:00\",\"dateModified\":\"2021-03-23T02:59:06+00:00\",\"description\":\"Sitio web de noticias de la localidad de Tornquist, provincia de Buenos Aires, Rep\u00fablica Argentina. Contenido propio originado por periodistas de CELTTV, el canal de TV local de la Cooperativa El\u00e9ctrica de Tornquist. Turismo, Pol\u00edtica, Sociedad, Deporte, Cultura y todo el contenido de inter\u00e9s general que la gente del pueblo y la regi\u00f3n debe conocer.\",\"breadcrumb\":{\"@id\":\"https:\/\/www.celttv.com.ar\/index.php\/2021\/03\/23\/dia-nacional-de-la-memoria-por-la-verdad-y-la-justicia\/#breadcrumb\"},\"inLanguage\":\"es\",\"potentialAction\":[{\"@type\":\"ReadAction\",\"target\":[\"https:\/\/www.celttv.com.ar\/index.php\/2021\/03\/23\/dia-nacional-de-la-memoria-por-la-verdad-y-la-justicia\/\"]}]},{\"@type\":\"BreadcrumbList\",\"@id\":\"https:\/\/www.celttv.com.ar\/index.php\/2021\/03\/23\/dia-nacional-de-la-memoria-por-la-verdad-y-la-justicia\/#breadcrumb\",\"itemListElement\":[{\"@type\":\"ListItem\",\"position\":1,\"name\":\"Inicio\",\"item\":\"https:\/\/www.celttv.com.ar\/\"},{\"@type\":\"ListItem\",\"position\":2,\"name\":\"D\u00cdA NACIONAL DE LA MEMORIA, POR LA VERDAD Y LA JUSTICIA\"}]},{\"@type\":\"WebSite\",\"@id\":\"https:\/\/www.celttv.com.ar\/#website\",\"url\":\"https:\/\/www.celttv.com.ar\/\",\"name\":\"CELTTV\",\"description\":\"Cooperativa El\u00e9ctrica de Tornquist\",\"publisher\":{\"@id\":\"https:\/\/www.celttv.com.ar\/#organization\"},\"potentialAction\":[{\"@type\":\"SearchAction\",\"target\":{\"@type\":\"EntryPoint\",\"urlTemplate\":\"https:\/\/www.celttv.com.ar\/?s={search_term_string}\"},\"query-input\":\"required name=search_term_string\"}],\"inLanguage\":\"es\"},{\"@type\":\"Organization\",\"@id\":\"https:\/\/www.celttv.com.ar\/#organization\",\"name\":\"CELTTV\",\"url\":\"https:\/\/www.celttv.com.ar\/\",\"sameAs\":[\"https:\/\/www.youtube.com\/channel\/UCz_oIt8Hig64Ub-EmcNPIhg\",\"https:\/\/www.facebook.com\/celtTV\/\"],\"logo\":{\"@type\":\"ImageObject\",\"inLanguage\":\"es\",\"@id\":\"https:\/\/www.celttv.com.ar\/#\/schema\/logo\/image\/\",\"url\":\"http:\/\/www.celttv.com.ar\/wp-content\/uploads\/2022\/08\/logo-1.png\",\"contentUrl\":\"http:\/\/www.celttv.com.ar\/wp-content\/uploads\/2022\/08\/logo-1.png\",\"width\":461,\"height\":159,\"caption\":\"CELTTV\"},\"image\":{\"@id\":\"https:\/\/www.celttv.com.ar\/#\/schema\/logo\/image\/\"}},{\"@type\":\"Person\",\"@id\":\"https:\/\/www.celttv.com.ar\/#\/schema\/person\/6d99c072dba59953809c81446e9d0ace\",\"name\":\"ulises\",\"image\":{\"@type\":\"ImageObject\",\"inLanguage\":\"es\",\"@id\":\"https:\/\/www.celttv.com.ar\/#\/schema\/person\/image\/\",\"url\":\"https:\/\/secure.gravatar.com\/avatar\/7f2c48bdc33b30088f941fb6082e555f2874c98e20cb159d7b92b50eadfce793?s=96&d=mm&r=g\",\"contentUrl\":\"https:\/\/secure.gravatar.com\/avatar\/7f2c48bdc33b30088f941fb6082e555f2874c98e20cb159d7b92b50eadfce793?s=96&d=mm&r=g\",\"caption\":\"ulises\"},\"sameAs\":[\"http:\/\/www.celttv.com.ar\"]}]}<\/script>\n<!-- \/ Yoast SEO plugin. -->","yoast_head_json":{"title":"D\u00cdA NACIONAL DE LA MEMORIA, POR LA VERDAD Y LA JUSTICIA - CELTTV","description":"Sitio web de noticias de la localidad de Tornquist, provincia de Buenos Aires, Rep\u00fablica Argentina. Contenido propio originado por periodistas de CELTTV, el canal de TV local de la Cooperativa El\u00e9ctrica de Tornquist. Turismo, Pol\u00edtica, Sociedad, Deporte, Cultura y todo el contenido de inter\u00e9s general que la gente del pueblo y la regi\u00f3n debe conocer.","robots":{"index":"index","follow":"follow","max-snippet":"max-snippet:-1","max-image-preview":"max-image-preview:large","max-video-preview":"max-video-preview:-1"},"canonical":"https:\/\/www.celttv.com.ar\/index.php\/2021\/03\/23\/dia-nacional-de-la-memoria-por-la-verdad-y-la-justicia\/","og_locale":"es_ES","og_type":"article","og_title":"D\u00cdA NACIONAL DE LA MEMORIA, POR LA VERDAD Y LA JUSTICIA - CELTTV","og_description":"Sitio web de noticias de la localidad de Tornquist, provincia de Buenos Aires, Rep\u00fablica Argentina. Contenido propio originado por periodistas de CELTTV, el canal de TV local de la Cooperativa El\u00e9ctrica de Tornquist. Turismo, Pol\u00edtica, Sociedad, Deporte, Cultura y todo el contenido de inter\u00e9s general que la gente del pueblo y la regi\u00f3n debe conocer.","og_url":"https:\/\/www.celttv.com.ar\/index.php\/2021\/03\/23\/dia-nacional-de-la-memoria-por-la-verdad-y-la-justicia\/","og_site_name":"CELTTV","article_publisher":"https:\/\/www.facebook.com\/celtTV\/","article_published_time":"2021-03-23T02:59:06+00:00","og_image":[{"width":750,"height":503,"url":"https:\/\/www.celttv.com.ar\/wp-content\/uploads\/2021\/03\/LOGO-CAMPANA-TORNQUIST.jpeg","type":"image\/jpeg"}],"author":"ulises","twitter_card":"summary_large_image","twitter_misc":{"Escrito por":"ulises","Tiempo de lectura":"1 minuto"},"schema":{"@context":"https:\/\/schema.org","@graph":[{"@type":"NewsArticle","@id":"https:\/\/www.celttv.com.ar\/index.php\/2021\/03\/23\/dia-nacional-de-la-memoria-por-la-verdad-y-la-justicia\/#article","isPartOf":{"@id":"https:\/\/www.celttv.com.ar\/index.php\/2021\/03\/23\/dia-nacional-de-la-memoria-por-la-verdad-y-la-justicia\/"},"author":{"name":"ulises","@id":"https:\/\/www.celttv.com.ar\/#\/schema\/person\/6d99c072dba59953809c81446e9d0ace"},"headline":"D\u00cdA NACIONAL DE LA MEMORIA, POR LA VERDAD Y LA JUSTICIA","datePublished":"2021-03-23T02:59:06+00:00","dateModified":"2021-03-23T02:59:06+00:00","mainEntityOfPage":{"@id":"https:\/\/www.celttv.com.ar\/index.php\/2021\/03\/23\/dia-nacional-de-la-memoria-por-la-verdad-y-la-justicia\/"},"wordCount":277,"publisher":{"@id":"https:\/\/www.celttv.com.ar\/#organization"},"articleSection":["Comunidad","Destacadas","Pol\u00edtica"],"inLanguage":"es"},{"@type":"WebPage","@id":"https:\/\/www.celttv.com.ar\/index.php\/2021\/03\/23\/dia-nacional-de-la-memoria-por-la-verdad-y-la-justicia\/","url":"https:\/\/www.celttv.com.ar\/index.php\/2021\/03\/23\/dia-nacional-de-la-memoria-por-la-verdad-y-la-justicia\/","name":"D\u00cdA NACIONAL DE LA MEMORIA, POR LA VERDAD Y LA JUSTICIA - CELTTV","isPartOf":{"@id":"https:\/\/www.celttv.com.ar\/#website"},"datePublished":"2021-03-23T02:59:06+00:00","dateModified":"2021-03-23T02:59:06+00:00","description":"Sitio web de noticias de la localidad de Tornquist, provincia de Buenos Aires, Rep\u00fablica Argentina. Contenido propio originado por periodistas de CELTTV, el canal de TV local de la Cooperativa El\u00e9ctrica de Tornquist. Turismo, Pol\u00edtica, Sociedad, Deporte, Cultura y todo el contenido de inter\u00e9s general que la gente del pueblo y la regi\u00f3n debe conocer.","breadcrumb":{"@id":"https:\/\/www.celttv.com.ar\/index.php\/2021\/03\/23\/dia-nacional-de-la-memoria-por-la-verdad-y-la-justicia\/#breadcrumb"},"inLanguage":"es","potentialAction":[{"@type":"ReadAction","target":["https:\/\/www.celttv.com.ar\/index.php\/2021\/03\/23\/dia-nacional-de-la-memoria-por-la-verdad-y-la-justicia\/"]}]},{"@type":"BreadcrumbList","@id":"https:\/\/www.celttv.com.ar\/index.php\/2021\/03\/23\/dia-nacional-de-la-memoria-por-la-verdad-y-la-justicia\/#breadcrumb","itemListElement":[{"@type":"ListItem","position":1,"name":"Inicio","item":"https:\/\/www.celttv.com.ar\/"},{"@type":"ListItem","position":2,"name":"D\u00cdA NACIONAL DE LA MEMORIA, POR LA VERDAD Y LA JUSTICIA"}]},{"@type":"WebSite","@id":"https:\/\/www.celttv.com.ar\/#website","url":"https:\/\/www.celttv.com.ar\/","name":"CELTTV","description":"Cooperativa El\u00e9ctrica de Tornquist","publisher":{"@id":"https:\/\/www.celttv.com.ar\/#organization"},"potentialAction":[{"@type":"SearchAction","target":{"@type":"EntryPoint","urlTemplate":"https:\/\/www.celttv.com.ar\/?s={search_term_string}"},"query-input":"required name=search_term_string"}],"inLanguage":"es"},{"@type":"Organization","@id":"https:\/\/www.celttv.com.ar\/#organization","name":"CELTTV","url":"https:\/\/www.celttv.com.ar\/","sameAs":["https:\/\/www.youtube.com\/channel\/UCz_oIt8Hig64Ub-EmcNPIhg","https:\/\/www.facebook.com\/celtTV\/"],"logo":{"@type":"ImageObject","inLanguage":"es","@id":"https:\/\/www.celttv.com.ar\/#\/schema\/logo\/image\/","url":"http:\/\/www.celttv.com.ar\/wp-content\/uploads\/2022\/08\/logo-1.png","contentUrl":"http:\/\/www.celttv.com.ar\/wp-content\/uploads\/2022\/08\/logo-1.png","width":461,"height":159,"caption":"CELTTV"},"image":{"@id":"https:\/\/www.celttv.com.ar\/#\/schema\/logo\/image\/"}},{"@type":"Person","@id":"https:\/\/www.celttv.com.ar\/#\/schema\/person\/6d99c072dba59953809c81446e9d0ace","name":"ulises","image":{"@type":"ImageObject","inLanguage":"es","@id":"https:\/\/www.celttv.com.ar\/#\/schema\/person\/image\/","url":"https:\/\/secure.gravatar.com\/avatar\/7f2c48bdc33b30088f941fb6082e555f2874c98e20cb159d7b92b50eadfce793?s=96&d=mm&r=g","contentUrl":"https:\/\/secure.gravatar.com\/avatar\/7f2c48bdc33b30088f941fb6082e555f2874c98e20cb159d7b92b50eadfce793?s=96&d=mm&r=g","caption":"ulises"},"sameAs":["http:\/\/www.celttv.com.ar"]}]}},"_links":{"self":[{"href":"https:\/\/www.celttv.com.ar\/index.php\/wp-json\/wp\/v2\/posts\/56536","targetHints":{"allow":["GET"]}}],"collection":[{"href":"https:\/\/www.celttv.com.ar\/index.php\/wp-json\/wp\/v2\/posts"}],"about":[{"href":"https:\/\/www.celttv.com.ar\/index.php\/wp-json\/wp\/v2\/types\/post"}],"author":[{"embeddable":true,"href":"https:\/\/www.celttv.com.ar\/index.php\/wp-json\/wp\/v2\/users\/1"}],"replies":[{"embeddable":true,"href":"https:\/\/www.celttv.com.ar\/index.php\/wp-json\/wp\/v2\/comments?post=56536"}],"version-history":[{"count":0,"href":"https:\/\/www.celttv.com.ar\/index.php\/wp-json\/wp\/v2\/posts\/56536\/revisions"}],"wp:featuredmedia":[{"embeddable":true,"href":"https:\/\/www.celttv.com.ar\/index.php\/wp-json\/wp\/v2\/media\/56541"}],"wp:attachment":[{"href":"https:\/\/www.celttv.com.ar\/index.php\/wp-json\/wp\/v2\/media?parent=56536"}],"wp:term":[{"taxonomy":"category","embeddable":true,"href":"https:\/\/www.celttv.com.ar\/index.php\/wp-json\/wp\/v2\/categories?post=56536"},{"taxonomy":"post_tag","embeddable":true,"href":"https:\/\/www.celttv.com.ar\/index.php\/wp-json\/wp\/v2\/tags?post=56536"}],"curies":[{"name":"wp","href":"https:\/\/api.w.org\/{rel}","templated":true}]}}