{"id":56544,"date":"2021-03-23T13:04:36","date_gmt":"2021-03-23T13:04:36","guid":{"rendered":"http:\/\/www.celttv.com.ar\/?p=56544"},"modified":"2021-03-23T13:04:36","modified_gmt":"2021-03-23T13:04:36","slug":"liga-regional-de-futbol-el-apertura-se-jugara-en-tres-zonas-y-comenzara-el-18-de-abril","status":"publish","type":"post","link":"https:\/\/www.celttv.com.ar\/index.php\/2021\/03\/23\/liga-regional-de-futbol-el-apertura-se-jugara-en-tres-zonas-y-comenzara-el-18-de-abril\/","title":{"rendered":"Liga Regional de F\u00fatbol: El Apertura se jugar\u00e1 en tres zonas y comenzar\u00e1 el 18 de abril"},"content":{"rendered":"\n<p><strong>Una vez concluido el primer torneo, del que participar\u00e1n 18 clubes, se resolver\u00e1 la forma de disputa del Clausura. Por excepci\u00f3n este a\u00f1o habr\u00e1 dos campeones. El certamen de inferiores se iniciar\u00e1 el 10 de abril y se respetar\u00e1n las zonas de Primera.\u00a0<\/strong><\/p>\n\n\n\n<p>La temporada 2021 de la Liga Regional de F\u00fatbol de Coronel Su\u00e1rez se dividir\u00e1 en dos tramos y, por excepci\u00f3n, consagrar\u00e1 a dos campeones, seg\u00fan lo resuelto en la reuni\u00f3n que este lunes llev\u00f3 a cabo el consejo directivo que preside Ernesto Manuel Palenzona en el sal\u00f3n de los trofeos del Centro Blanco y Negro.<\/p>\n\n\n\n<p>El objetivo que se persigue con dicha divisi\u00f3n, dado que los partidos se desarrollar\u00e1n sin la presencia de p\u00fablico de acuerdo a una disposici\u00f3n de la APREVIDE (Agencia de Prevenci\u00f3n de la Violencia en el Deporte), es permitir que algunos clubes puedan evaluar su situaci\u00f3n econ\u00f3mica una vez concluida la etapa inicial y, eventualmente, desistir de competir en la complementaria.<\/p>\n\n\n\n<p>El torneo Apertura de Primera divisi\u00f3n, que se pondr\u00e1 en marcha el domingo 18 de abril, se disputar\u00e1 con los 18 clubes anotados divididos en tres zonas de seis a dos ruedas. Clasificar\u00e1n para los cuartos de final el primero y el segundo de cada zona y los dos mejores terceros.<\/p>\n\n\n\n<p>Cabe se\u00f1alar que no se inscribieron en el c\u00edrculo superior San Mart\u00edn de Saavedra, Tiro Federal de Villa Belgrano y Pe\u00f1arol de Guamin\u00ed, este \u00faltimo el \u00fanico que no asisti\u00f3 este lunes a la reuni\u00f3n que se llev\u00f3 a cabo en los altos de la sede social del club albinegro.<\/p>\n\n\n\n<p>En una zona se agrupan Blanco y Negro, Boca Juniors, Deportivo Sarmiento, San Mart\u00edn de Pueblo Santa Trinidad, Independiente de Pueblo San Jos\u00e9 y El Progreso de Pueblo Santa Mar\u00eda.<\/p>\n\n\n\n<p>Otro grupo lo componen Club Sarmiento, Pe\u00f1arol de Pig\u00fc\u00e9, Racing Club, San Mart\u00edn de Carhu\u00e9, Atl\u00e9tico Huanguel\u00e9n y Empleados de Comercio de Guamin\u00ed.<\/p>\n\n\n\n<p>El restante lo integran Automoto, Uni\u00f3n de Tornquist, Deportivo Argentino, Uni\u00f3n Pig\u00fc\u00e9, Puan F. Club y Tiro Federal de Puan.<\/p>\n\n\n\n<p>La mayor\u00eda de las instituciones hab\u00eda confirmado su intervenci\u00f3n con antelaci\u00f3n, mientras Deportivo Sarmiento condicion\u00f3 su presencia a que se divida el a\u00f1o en dos partes y Empleados de Comercio a que sea en zonas, lo cual finalmente sucedi\u00f3.<\/p>\n\n\n\n<p>Antes de la resoluci\u00f3n definitiva se barajaron otras posibilidades. Una de ellas era que, por un lado se agrupen los clubes del distrito de Coronel Su\u00e1rez y Empleados de Comercio (8), y por el otro lo hagan los dem\u00e1s (10), opci\u00f3n que no prosper\u00f3 por la diferente cantidad entre ambas, pese a que Fernando Galiano (El Progreso) pregunt\u00f3 cu\u00e1l era el inconveniente para que sea de esa forma.<\/p>\n\n\n\n<p>Tambi\u00e9n se evalu\u00f3 la chance de armar dos zonas de nueve instituciones cada una a una sola ronda, pero no hubo acuerdo en la conformaci\u00f3n de las mismas, mientras Automoto propuso como m\u00e1s potable un certamen con los equipos divididos en tres zonas a partido y revancha.<\/p>\n\n\n\n<p>Mientras el club de Tornquist, a pesar de que no era lo m\u00e1s conveniente para sus intereses, propuso que est\u00e9n en una misma zona los de Coronel Su\u00e1rez y en las restantes separar a los clubes de Pig\u00fc\u00e9 para que vayan dos para un lado y los dos restantes para el otro, Club Sarmiento tir\u00f3 la posibilidad de que est\u00e9n en un mismo grupo los cuatro pig\u00fcenses con los dos de Tornquist.<\/p>\n\n\n\n<p>Esto generaba una complicaci\u00f3n para las dos entidades de Puan y las deliberaciones por un momento se empantanaron, hasta que en un acto de grandeza Hugo Caldera, presidente sarmientista, retir\u00f3 la moci\u00f3n y apoy\u00f3 la postura de Automoto, que fue la que finalmente aprobaron los delegados presentes.<\/p>\n\n\n\n<p>Tambi\u00e9n hubo un gesto para destacar de Ricardo Salvi, titular del Centro Blanco y Negro, quien a los efectos de favorecer la diagramaci\u00f3n del certamen expres\u00f3 en determinado momento que el club que representa, si ten\u00eda que viajar e integrar una zona con los clubes de la zona no ten\u00eda inconvenientes.<\/p>\n\n\n\n<p>Ernesto Palenzona, titular de la mesa ejecutiva, se\u00f1al\u00f3 que su idea de siempre es que los clubes jueguen todos contra todos, pero que este a\u00f1o atendiendo la especial situaci\u00f3n debido a la pandemia de COVID-19 lo mejor era sectorizar a los participantes.<\/p>\n\n\n\n<p>En las pr\u00f3ximas reuniones se decidir\u00e1 sobre la posibilidad de realizar cinco cambios (est\u00e1 reglamentado por la FIFA debido a la pandemia), se avanzar\u00e1 en la charla con los \u00e1rbitros respecto de los aranceles y se escribir\u00e1 la letra chica del reglamento (c\u00f3mo y d\u00f3nde se jugar\u00e1n los cruces, clasificados en Reserva, etc.)<\/p>\n\n\n\n<p>Mauricio Fibiger, dirigente del Club Atl\u00e9tico Independiente de Pueblo San Jos\u00e9, propuso que el torneo Apertura se denomine \u201cTelma Hern\u00e1ndez\u201d, en memoria de quien fuera la recordada presidenta del Club Atl\u00e9tico Huanguel\u00e9n.<\/p>\n\n\n\n<h3 class=\"wp-block-heading\"><strong>Divisiones inferiores<\/strong><\/h3>\n\n\n\n<p>En otro orden, se dispuso que el torneo de divisiones inferiores se ponga en marcha el s\u00e1bado 10 de abril y que la conformaci\u00f3n de las zonas sea id\u00e9ntica a la de Primera divisi\u00f3n.<\/p>\n\n\n\n<p>San Mart\u00edn de Saavedra, que solamente se presenta con las categor\u00edas menores, se agrega al grupo que integran los dos clubes de Tornquist, los dos de Puan, Deportivo Argentino y Uni\u00f3n Pig\u00fc\u00e9.<\/p>\n\n\n\n<p>A prop\u00f3sito de las inferiores, la mayor\u00eda de las instituciones competir\u00e1 con las cuatro categor\u00edas, en tanto El Progreso no participar\u00e1 en 5\u00aa y en 7\u00aa; Tiro Federal de Puan no interviene en 5\u00aa; Independiente, Puan F. Club, Empleados de Comercio y Uni\u00f3n Pig\u00fc\u00e9 no presentan 6\u00aa.<\/p>\n\n\n\n<p>A su vez, San Mart\u00edn de Carhu\u00e9 consult\u00f3 sobre la posibilidad de presentar una 7\u00aa \u201cB\u201d. (Claudio Meier- Nuevo D\u00eda)<\/p>\n\n\n\n<figure class=\"wp-block-gallery columns-2 is-cropped wp-block-gallery-1 is-layout-flex wp-block-gallery-is-layout-flex\"><ul class=\"blocks-gallery-grid\"><li class=\"blocks-gallery-item\"><figure><img loading=\"lazy\" decoding=\"async\" width=\"1024\" height=\"768\" src=\"http:\/\/www.celttv.com.ar\/wp-content\/uploads\/2021\/03\/reunion-liga-01-1-1024x768-1.jpg\" alt=\"\" data-id=\"56545\" data-link=\"http:\/\/www.celttv.com.ar\/?attachment_id=56545\" class=\"wp-image-56545\" srcset=\"https:\/\/www.celttv.com.ar\/wp-content\/uploads\/2021\/03\/reunion-liga-01-1-1024x768-1.jpg 1024w, https:\/\/www.celttv.com.ar\/wp-content\/uploads\/2021\/03\/reunion-liga-01-1-1024x768-1-300x225.jpg 300w, https:\/\/www.celttv.com.ar\/wp-content\/uploads\/2021\/03\/reunion-liga-01-1-1024x768-1-768x576.jpg 768w, https:\/\/www.celttv.com.ar\/wp-content\/uploads\/2021\/03\/reunion-liga-01-1-1024x768-1-750x563.jpg 750w\" sizes=\"auto, (max-width: 1024px) 100vw, 1024px\" \/><\/figure><\/li><li class=\"blocks-gallery-item\"><figure><img loading=\"lazy\" decoding=\"async\" width=\"1024\" height=\"768\" src=\"http:\/\/www.celttv.com.ar\/wp-content\/uploads\/2021\/03\/reunion-liga-3-1024x768-1.jpg\" alt=\"\" data-id=\"56546\" data-link=\"http:\/\/www.celttv.com.ar\/?attachment_id=56546\" class=\"wp-image-56546\" srcset=\"https:\/\/www.celttv.com.ar\/wp-content\/uploads\/2021\/03\/reunion-liga-3-1024x768-1.jpg 1024w, https:\/\/www.celttv.com.ar\/wp-content\/uploads\/2021\/03\/reunion-liga-3-1024x768-1-300x225.jpg 300w, https:\/\/www.celttv.com.ar\/wp-content\/uploads\/2021\/03\/reunion-liga-3-1024x768-1-768x576.jpg 768w, https:\/\/www.celttv.com.ar\/wp-content\/uploads\/2021\/03\/reunion-liga-3-1024x768-1-750x563.jpg 750w\" sizes=\"auto, (max-width: 1024px) 100vw, 1024px\" \/><\/figure><\/li><\/ul><\/figure>\n","protected":false},"excerpt":{"rendered":"<p>Una vez concluido el primer torneo, del que participar\u00e1n 18 clubes, se resolver\u00e1 la forma de disputa del Clausura. Por excepci\u00f3n este a\u00f1o habr\u00e1 dos campeones. El certamen de inferiores se iniciar\u00e1 el 10 de abril y se respetar\u00e1n las zonas de Primera.\u00a0 La temporada 2021 de la Liga Regional de F\u00fatbol de Coronel Su\u00e1rez [&hellip;]<\/p>\n","protected":false},"author":1,"featured_media":56546,"comment_status":"closed","ping_status":"open","sticky":false,"template":"","format":"standard","meta":{"footnotes":""},"categories":[62,52],"tags":[],"class_list":["post-56544","post","type-post","status-publish","format-standard","has-post-thumbnail","hentry","category-deportes","category-destacadas"],"yoast_head":"<!-- This site is optimized with the Yoast SEO plugin v19.7.1 - https:\/\/yoast.com\/wordpress\/plugins\/seo\/ -->\n<title>Liga Regional de F\u00fatbol: El Apertura se jugar\u00e1 en tres zonas y comenzar\u00e1 el 18 de abril - CELTTV<\/title>\n<meta name=\"description\" content=\"Sitio web de noticias de la localidad de Tornquist, provincia de Buenos Aires, Rep\u00fablica Argentina. Contenido propio originado por periodistas de CELTTV, el canal de TV local de la Cooperativa El\u00e9ctrica de Tornquist. Turismo, Pol\u00edtica, Sociedad, Deporte, Cultura y todo el contenido de inter\u00e9s general que la gente del pueblo y la regi\u00f3n debe conocer.\" \/>\n<meta name=\"robots\" content=\"index, follow, max-snippet:-1, max-image-preview:large, max-video-preview:-1\" \/>\n<link rel=\"canonical\" href=\"https:\/\/www.celttv.com.ar\/index.php\/2021\/03\/23\/liga-regional-de-futbol-el-apertura-se-jugara-en-tres-zonas-y-comenzara-el-18-de-abril\/\" \/>\n<meta property=\"og:locale\" content=\"es_ES\" \/>\n<meta property=\"og:type\" content=\"article\" \/>\n<meta property=\"og:title\" content=\"Liga Regional de F\u00fatbol: El Apertura se jugar\u00e1 en tres zonas y comenzar\u00e1 el 18 de abril - CELTTV\" \/>\n<meta property=\"og:description\" content=\"Sitio web de noticias de la localidad de Tornquist, provincia de Buenos Aires, Rep\u00fablica Argentina. Contenido propio originado por periodistas de CELTTV, el canal de TV local de la Cooperativa El\u00e9ctrica de Tornquist. Turismo, Pol\u00edtica, Sociedad, Deporte, Cultura y todo el contenido de inter\u00e9s general que la gente del pueblo y la regi\u00f3n debe conocer.\" \/>\n<meta property=\"og:url\" content=\"https:\/\/www.celttv.com.ar\/index.php\/2021\/03\/23\/liga-regional-de-futbol-el-apertura-se-jugara-en-tres-zonas-y-comenzara-el-18-de-abril\/\" \/>\n<meta property=\"og:site_name\" content=\"CELTTV\" \/>\n<meta property=\"article:publisher\" content=\"https:\/\/www.facebook.com\/celtTV\/\" \/>\n<meta property=\"article:published_time\" content=\"2021-03-23T13:04:36+00:00\" \/>\n<meta property=\"og:image\" content=\"https:\/\/www.celttv.com.ar\/wp-content\/uploads\/2021\/03\/reunion-liga-3-1024x768-1.jpg\" \/>\n\t<meta property=\"og:image:width\" content=\"1024\" \/>\n\t<meta property=\"og:image:height\" content=\"768\" \/>\n\t<meta property=\"og:image:type\" content=\"image\/jpeg\" \/>\n<meta name=\"author\" content=\"ulises\" \/>\n<meta name=\"twitter:card\" content=\"summary_large_image\" \/>\n<meta name=\"twitter:label1\" content=\"Escrito por\" \/>\n\t<meta name=\"twitter:data1\" content=\"ulises\" \/>\n\t<meta name=\"twitter:label2\" content=\"Tiempo de lectura\" \/>\n\t<meta name=\"twitter:data2\" content=\"5 minutos\" \/>\n<script type=\"application\/ld+json\" class=\"yoast-schema-graph\">{\"@context\":\"https:\/\/schema.org\",\"@graph\":[{\"@type\":\"NewsArticle\",\"@id\":\"https:\/\/www.celttv.com.ar\/index.php\/2021\/03\/23\/liga-regional-de-futbol-el-apertura-se-jugara-en-tres-zonas-y-comenzara-el-18-de-abril\/#article\",\"isPartOf\":{\"@id\":\"https:\/\/www.celttv.com.ar\/index.php\/2021\/03\/23\/liga-regional-de-futbol-el-apertura-se-jugara-en-tres-zonas-y-comenzara-el-18-de-abril\/\"},\"author\":{\"name\":\"ulises\",\"@id\":\"https:\/\/www.celttv.com.ar\/#\/schema\/person\/6d99c072dba59953809c81446e9d0ace\"},\"headline\":\"Liga Regional de F\u00fatbol: El Apertura se jugar\u00e1 en tres zonas y comenzar\u00e1 el 18 de abril\",\"datePublished\":\"2021-03-23T13:04:36+00:00\",\"dateModified\":\"2021-03-23T13:04:36+00:00\",\"mainEntityOfPage\":{\"@id\":\"https:\/\/www.celttv.com.ar\/index.php\/2021\/03\/23\/liga-regional-de-futbol-el-apertura-se-jugara-en-tres-zonas-y-comenzara-el-18-de-abril\/\"},\"wordCount\":1002,\"publisher\":{\"@id\":\"https:\/\/www.celttv.com.ar\/#organization\"},\"articleSection\":[\"Deportes\",\"Destacadas\"],\"inLanguage\":\"es\"},{\"@type\":\"WebPage\",\"@id\":\"https:\/\/www.celttv.com.ar\/index.php\/2021\/03\/23\/liga-regional-de-futbol-el-apertura-se-jugara-en-tres-zonas-y-comenzara-el-18-de-abril\/\",\"url\":\"https:\/\/www.celttv.com.ar\/index.php\/2021\/03\/23\/liga-regional-de-futbol-el-apertura-se-jugara-en-tres-zonas-y-comenzara-el-18-de-abril\/\",\"name\":\"Liga Regional de F\u00fatbol: El Apertura se jugar\u00e1 en tres zonas y comenzar\u00e1 el 18 de abril - CELTTV\",\"isPartOf\":{\"@id\":\"https:\/\/www.celttv.com.ar\/#website\"},\"datePublished\":\"2021-03-23T13:04:36+00:00\",\"dateModified\":\"2021-03-23T13:04:36+00:00\",\"description\":\"Sitio web de noticias de la localidad de Tornquist, provincia de Buenos Aires, Rep\u00fablica Argentina. Contenido propio originado por periodistas de CELTTV, el canal de TV local de la Cooperativa El\u00e9ctrica de Tornquist. Turismo, Pol\u00edtica, Sociedad, Deporte, Cultura y todo el contenido de inter\u00e9s general que la gente del pueblo y la regi\u00f3n debe conocer.\",\"breadcrumb\":{\"@id\":\"https:\/\/www.celttv.com.ar\/index.php\/2021\/03\/23\/liga-regional-de-futbol-el-apertura-se-jugara-en-tres-zonas-y-comenzara-el-18-de-abril\/#breadcrumb\"},\"inLanguage\":\"es\",\"potentialAction\":[{\"@type\":\"ReadAction\",\"target\":[\"https:\/\/www.celttv.com.ar\/index.php\/2021\/03\/23\/liga-regional-de-futbol-el-apertura-se-jugara-en-tres-zonas-y-comenzara-el-18-de-abril\/\"]}]},{\"@type\":\"BreadcrumbList\",\"@id\":\"https:\/\/www.celttv.com.ar\/index.php\/2021\/03\/23\/liga-regional-de-futbol-el-apertura-se-jugara-en-tres-zonas-y-comenzara-el-18-de-abril\/#breadcrumb\",\"itemListElement\":[{\"@type\":\"ListItem\",\"position\":1,\"name\":\"Inicio\",\"item\":\"https:\/\/www.celttv.com.ar\/\"},{\"@type\":\"ListItem\",\"position\":2,\"name\":\"Liga Regional de F\u00fatbol: El Apertura se jugar\u00e1 en tres zonas y comenzar\u00e1 el 18 de abril\"}]},{\"@type\":\"WebSite\",\"@id\":\"https:\/\/www.celttv.com.ar\/#website\",\"url\":\"https:\/\/www.celttv.com.ar\/\",\"name\":\"CELTTV\",\"description\":\"Cooperativa El\u00e9ctrica de Tornquist\",\"publisher\":{\"@id\":\"https:\/\/www.celttv.com.ar\/#organization\"},\"potentialAction\":[{\"@type\":\"SearchAction\",\"target\":{\"@type\":\"EntryPoint\",\"urlTemplate\":\"https:\/\/www.celttv.com.ar\/?s={search_term_string}\"},\"query-input\":\"required name=search_term_string\"}],\"inLanguage\":\"es\"},{\"@type\":\"Organization\",\"@id\":\"https:\/\/www.celttv.com.ar\/#organization\",\"name\":\"CELTTV\",\"url\":\"https:\/\/www.celttv.com.ar\/\",\"sameAs\":[\"https:\/\/www.youtube.com\/channel\/UCz_oIt8Hig64Ub-EmcNPIhg\",\"https:\/\/www.facebook.com\/celtTV\/\"],\"logo\":{\"@type\":\"ImageObject\",\"inLanguage\":\"es\",\"@id\":\"https:\/\/www.celttv.com.ar\/#\/schema\/logo\/image\/\",\"url\":\"http:\/\/www.celttv.com.ar\/wp-content\/uploads\/2022\/08\/logo-1.png\",\"contentUrl\":\"http:\/\/www.celttv.com.ar\/wp-content\/uploads\/2022\/08\/logo-1.png\",\"width\":461,\"height\":159,\"caption\":\"CELTTV\"},\"image\":{\"@id\":\"https:\/\/www.celttv.com.ar\/#\/schema\/logo\/image\/\"}},{\"@type\":\"Person\",\"@id\":\"https:\/\/www.celttv.com.ar\/#\/schema\/person\/6d99c072dba59953809c81446e9d0ace\",\"name\":\"ulises\",\"image\":{\"@type\":\"ImageObject\",\"inLanguage\":\"es\",\"@id\":\"https:\/\/www.celttv.com.ar\/#\/schema\/person\/image\/\",\"url\":\"https:\/\/secure.gravatar.com\/avatar\/7f2c48bdc33b30088f941fb6082e555f2874c98e20cb159d7b92b50eadfce793?s=96&d=mm&r=g\",\"contentUrl\":\"https:\/\/secure.gravatar.com\/avatar\/7f2c48bdc33b30088f941fb6082e555f2874c98e20cb159d7b92b50eadfce793?s=96&d=mm&r=g\",\"caption\":\"ulises\"},\"sameAs\":[\"http:\/\/www.celttv.com.ar\"]}]}<\/script>\n<!-- \/ Yoast SEO plugin. -->","yoast_head_json":{"title":"Liga Regional de F\u00fatbol: El Apertura se jugar\u00e1 en tres zonas y comenzar\u00e1 el 18 de abril - CELTTV","description":"Sitio web de noticias de la localidad de Tornquist, provincia de Buenos Aires, Rep\u00fablica Argentina. Contenido propio originado por periodistas de CELTTV, el canal de TV local de la Cooperativa El\u00e9ctrica de Tornquist. Turismo, Pol\u00edtica, Sociedad, Deporte, Cultura y todo el contenido de inter\u00e9s general que la gente del pueblo y la regi\u00f3n debe conocer.","robots":{"index":"index","follow":"follow","max-snippet":"max-snippet:-1","max-image-preview":"max-image-preview:large","max-video-preview":"max-video-preview:-1"},"canonical":"https:\/\/www.celttv.com.ar\/index.php\/2021\/03\/23\/liga-regional-de-futbol-el-apertura-se-jugara-en-tres-zonas-y-comenzara-el-18-de-abril\/","og_locale":"es_ES","og_type":"article","og_title":"Liga Regional de F\u00fatbol: El Apertura se jugar\u00e1 en tres zonas y comenzar\u00e1 el 18 de abril - CELTTV","og_description":"Sitio web de noticias de la localidad de Tornquist, provincia de Buenos Aires, Rep\u00fablica Argentina. Contenido propio originado por periodistas de CELTTV, el canal de TV local de la Cooperativa El\u00e9ctrica de Tornquist. Turismo, Pol\u00edtica, Sociedad, Deporte, Cultura y todo el contenido de inter\u00e9s general que la gente del pueblo y la regi\u00f3n debe conocer.","og_url":"https:\/\/www.celttv.com.ar\/index.php\/2021\/03\/23\/liga-regional-de-futbol-el-apertura-se-jugara-en-tres-zonas-y-comenzara-el-18-de-abril\/","og_site_name":"CELTTV","article_publisher":"https:\/\/www.facebook.com\/celtTV\/","article_published_time":"2021-03-23T13:04:36+00:00","og_image":[{"width":1024,"height":768,"url":"https:\/\/www.celttv.com.ar\/wp-content\/uploads\/2021\/03\/reunion-liga-3-1024x768-1.jpg","type":"image\/jpeg"}],"author":"ulises","twitter_card":"summary_large_image","twitter_misc":{"Escrito por":"ulises","Tiempo de lectura":"5 minutos"},"schema":{"@context":"https:\/\/schema.org","@graph":[{"@type":"NewsArticle","@id":"https:\/\/www.celttv.com.ar\/index.php\/2021\/03\/23\/liga-regional-de-futbol-el-apertura-se-jugara-en-tres-zonas-y-comenzara-el-18-de-abril\/#article","isPartOf":{"@id":"https:\/\/www.celttv.com.ar\/index.php\/2021\/03\/23\/liga-regional-de-futbol-el-apertura-se-jugara-en-tres-zonas-y-comenzara-el-18-de-abril\/"},"author":{"name":"ulises","@id":"https:\/\/www.celttv.com.ar\/#\/schema\/person\/6d99c072dba59953809c81446e9d0ace"},"headline":"Liga Regional de F\u00fatbol: El Apertura se jugar\u00e1 en tres zonas y comenzar\u00e1 el 18 de abril","datePublished":"2021-03-23T13:04:36+00:00","dateModified":"2021-03-23T13:04:36+00:00","mainEntityOfPage":{"@id":"https:\/\/www.celttv.com.ar\/index.php\/2021\/03\/23\/liga-regional-de-futbol-el-apertura-se-jugara-en-tres-zonas-y-comenzara-el-18-de-abril\/"},"wordCount":1002,"publisher":{"@id":"https:\/\/www.celttv.com.ar\/#organization"},"articleSection":["Deportes","Destacadas"],"inLanguage":"es"},{"@type":"WebPage","@id":"https:\/\/www.celttv.com.ar\/index.php\/2021\/03\/23\/liga-regional-de-futbol-el-apertura-se-jugara-en-tres-zonas-y-comenzara-el-18-de-abril\/","url":"https:\/\/www.celttv.com.ar\/index.php\/2021\/03\/23\/liga-regional-de-futbol-el-apertura-se-jugara-en-tres-zonas-y-comenzara-el-18-de-abril\/","name":"Liga Regional de F\u00fatbol: El Apertura se jugar\u00e1 en tres zonas y comenzar\u00e1 el 18 de abril - CELTTV","isPartOf":{"@id":"https:\/\/www.celttv.com.ar\/#website"},"datePublished":"2021-03-23T13:04:36+00:00","dateModified":"2021-03-23T13:04:36+00:00","description":"Sitio web de noticias de la localidad de Tornquist, provincia de Buenos Aires, Rep\u00fablica Argentina. Contenido propio originado por periodistas de CELTTV, el canal de TV local de la Cooperativa El\u00e9ctrica de Tornquist. Turismo, Pol\u00edtica, Sociedad, Deporte, Cultura y todo el contenido de inter\u00e9s general que la gente del pueblo y la regi\u00f3n debe conocer.","breadcrumb":{"@id":"https:\/\/www.celttv.com.ar\/index.php\/2021\/03\/23\/liga-regional-de-futbol-el-apertura-se-jugara-en-tres-zonas-y-comenzara-el-18-de-abril\/#breadcrumb"},"inLanguage":"es","potentialAction":[{"@type":"ReadAction","target":["https:\/\/www.celttv.com.ar\/index.php\/2021\/03\/23\/liga-regional-de-futbol-el-apertura-se-jugara-en-tres-zonas-y-comenzara-el-18-de-abril\/"]}]},{"@type":"BreadcrumbList","@id":"https:\/\/www.celttv.com.ar\/index.php\/2021\/03\/23\/liga-regional-de-futbol-el-apertura-se-jugara-en-tres-zonas-y-comenzara-el-18-de-abril\/#breadcrumb","itemListElement":[{"@type":"ListItem","position":1,"name":"Inicio","item":"https:\/\/www.celttv.com.ar\/"},{"@type":"ListItem","position":2,"name":"Liga Regional de F\u00fatbol: El Apertura se jugar\u00e1 en tres zonas y comenzar\u00e1 el 18 de abril"}]},{"@type":"WebSite","@id":"https:\/\/www.celttv.com.ar\/#website","url":"https:\/\/www.celttv.com.ar\/","name":"CELTTV","description":"Cooperativa El\u00e9ctrica de Tornquist","publisher":{"@id":"https:\/\/www.celttv.com.ar\/#organization"},"potentialAction":[{"@type":"SearchAction","target":{"@type":"EntryPoint","urlTemplate":"https:\/\/www.celttv.com.ar\/?s={search_term_string}"},"query-input":"required name=search_term_string"}],"inLanguage":"es"},{"@type":"Organization","@id":"https:\/\/www.celttv.com.ar\/#organization","name":"CELTTV","url":"https:\/\/www.celttv.com.ar\/","sameAs":["https:\/\/www.youtube.com\/channel\/UCz_oIt8Hig64Ub-EmcNPIhg","https:\/\/www.facebook.com\/celtTV\/"],"logo":{"@type":"ImageObject","inLanguage":"es","@id":"https:\/\/www.celttv.com.ar\/#\/schema\/logo\/image\/","url":"http:\/\/www.celttv.com.ar\/wp-content\/uploads\/2022\/08\/logo-1.png","contentUrl":"http:\/\/www.celttv.com.ar\/wp-content\/uploads\/2022\/08\/logo-1.png","width":461,"height":159,"caption":"CELTTV"},"image":{"@id":"https:\/\/www.celttv.com.ar\/#\/schema\/logo\/image\/"}},{"@type":"Person","@id":"https:\/\/www.celttv.com.ar\/#\/schema\/person\/6d99c072dba59953809c81446e9d0ace","name":"ulises","image":{"@type":"ImageObject","inLanguage":"es","@id":"https:\/\/www.celttv.com.ar\/#\/schema\/person\/image\/","url":"https:\/\/secure.gravatar.com\/avatar\/7f2c48bdc33b30088f941fb6082e555f2874c98e20cb159d7b92b50eadfce793?s=96&d=mm&r=g","contentUrl":"https:\/\/secure.gravatar.com\/avatar\/7f2c48bdc33b30088f941fb6082e555f2874c98e20cb159d7b92b50eadfce793?s=96&d=mm&r=g","caption":"ulises"},"sameAs":["http:\/\/www.celttv.com.ar"]}]}},"_links":{"self":[{"href":"https:\/\/www.celttv.com.ar\/index.php\/wp-json\/wp\/v2\/posts\/56544","targetHints":{"allow":["GET"]}}],"collection":[{"href":"https:\/\/www.celttv.com.ar\/index.php\/wp-json\/wp\/v2\/posts"}],"about":[{"href":"https:\/\/www.celttv.com.ar\/index.php\/wp-json\/wp\/v2\/types\/post"}],"author":[{"embeddable":true,"href":"https:\/\/www.celttv.com.ar\/index.php\/wp-json\/wp\/v2\/users\/1"}],"replies":[{"embeddable":true,"href":"https:\/\/www.celttv.com.ar\/index.php\/wp-json\/wp\/v2\/comments?post=56544"}],"version-history":[{"count":0,"href":"https:\/\/www.celttv.com.ar\/index.php\/wp-json\/wp\/v2\/posts\/56544\/revisions"}],"wp:featuredmedia":[{"embeddable":true,"href":"https:\/\/www.celttv.com.ar\/index.php\/wp-json\/wp\/v2\/media\/56546"}],"wp:attachment":[{"href":"https:\/\/www.celttv.com.ar\/index.php\/wp-json\/wp\/v2\/media?parent=56544"}],"wp:term":[{"taxonomy":"category","embeddable":true,"href":"https:\/\/www.celttv.com.ar\/index.php\/wp-json\/wp\/v2\/categories?post=56544"},{"taxonomy":"post_tag","embeddable":true,"href":"https:\/\/www.celttv.com.ar\/index.php\/wp-json\/wp\/v2\/tags?post=56544"}],"curies":[{"name":"wp","href":"https:\/\/api.w.org\/{rel}","templated":true}]}}