{"id":56732,"date":"2021-03-30T22:40:00","date_gmt":"2021-03-30T22:40:00","guid":{"rendered":"http:\/\/www.celttv.com.ar\/?p=56732"},"modified":"2021-03-30T22:40:00","modified_gmt":"2021-03-30T22:40:00","slug":"el-municipio-recibio-una-retroexcavadora-adquirida-para-el-proyecto-de-gestion-integral-de-residuos-solidos-urbanos","status":"publish","type":"post","link":"https:\/\/www.celttv.com.ar\/index.php\/2021\/03\/30\/el-municipio-recibio-una-retroexcavadora-adquirida-para-el-proyecto-de-gestion-integral-de-residuos-solidos-urbanos\/","title":{"rendered":"El municipio recibi\u00f3 una retroexcavadora adquirida para el proyecto de Gesti\u00f3n Integral de Residuos S\u00f3lidos Urbanos"},"content":{"rendered":"\n<p>Este martes, Tornquist Municipio recibi\u00f3 una retroexcavadora adquirida en el marco del proyecto de Gesti\u00f3n Integral de Residuos S\u00f3lidos Urbanos (GIRSU), que tiene como fin acciones para la erradicaci\u00f3n de los basureros a cielo abierto.<\/p>\n\n\n\n<p>La nueva maquinaria fue presentada en el corral\u00f3n de Servicios Especiales Urbanos y estuvieron presentes el intendente municipal interino, Sebasti\u00e1n Bassi; el intendente en uso de licencia, Sergio Bordoni; el Secretario de Gobierno y Seguridad, Ezequiel Gabella; y la Directora de Medio Ambiente, Melisa Herrada.<\/p>\n\n\n\n<p>La adquisici\u00f3n se concret\u00f3 mediante un subsidio de $17.146.000 recibido a trav\u00e9s de un convenio de cooperaci\u00f3n y financiaci\u00f3n firmado en noviembre de 2020 entre el municipio y el Ministerio de Ambiente y Desarrollo Sostenible de la Naci\u00f3n.<\/p>\n\n\n\n<figure class=\"wp-block-embed is-type-video is-provider-youtube wp-block-embed-youtube wp-embed-aspect-16-9 wp-has-aspect-ratio\"><div class=\"wp-block-embed__wrapper\">\n<iframe loading=\"lazy\" title=\"2021 03 30 INCOROPORACION RETROEXCAVADORA 1 SERGIO BORODNI\" width=\"500\" height=\"281\" src=\"https:\/\/www.youtube.com\/embed\/22aeGjjTKcs?feature=oembed\" frameborder=\"0\" allow=\"accelerometer; autoplay; clipboard-write; encrypted-media; gyroscope; picture-in-picture; web-share\" referrerpolicy=\"strict-origin-when-cross-origin\" allowfullscreen><\/iframe>\n<\/div><\/figure>\n\n\n\n<figure class=\"wp-block-embed is-type-video is-provider-youtube wp-block-embed-youtube wp-embed-aspect-16-9 wp-has-aspect-ratio\"><div class=\"wp-block-embed__wrapper\">\n<iframe loading=\"lazy\" title=\"2021 03 30 INCOROPORACION RETROEXCAVADORA 2 MELISA HERRADA\" width=\"500\" height=\"281\" src=\"https:\/\/www.youtube.com\/embed\/56AD7hBCQjE?feature=oembed\" frameborder=\"0\" allow=\"accelerometer; autoplay; clipboard-write; encrypted-media; gyroscope; picture-in-picture; web-share\" referrerpolicy=\"strict-origin-when-cross-origin\" allowfullscreen><\/iframe>\n<\/div><\/figure>\n\n\n\n<figure class=\"wp-block-image size-large\"><img loading=\"lazy\" decoding=\"async\" width=\"2000\" height=\"1357\" src=\"http:\/\/www.celttv.com.ar\/wp-content\/uploads\/2021\/03\/Retroexcavadora-8.jpg\" alt=\"\" class=\"wp-image-56733\" srcset=\"https:\/\/www.celttv.com.ar\/wp-content\/uploads\/2021\/03\/Retroexcavadora-8.jpg 2000w, https:\/\/www.celttv.com.ar\/wp-content\/uploads\/2021\/03\/Retroexcavadora-8-300x204.jpg 300w, https:\/\/www.celttv.com.ar\/wp-content\/uploads\/2021\/03\/Retroexcavadora-8-1024x695.jpg 1024w, https:\/\/www.celttv.com.ar\/wp-content\/uploads\/2021\/03\/Retroexcavadora-8-768x521.jpg 768w, https:\/\/www.celttv.com.ar\/wp-content\/uploads\/2021\/03\/Retroexcavadora-8-1536x1042.jpg 1536w, https:\/\/www.celttv.com.ar\/wp-content\/uploads\/2021\/03\/Retroexcavadora-8-750x509.jpg 750w, https:\/\/www.celttv.com.ar\/wp-content\/uploads\/2021\/03\/Retroexcavadora-8-1140x773.jpg 1140w\" sizes=\"auto, (max-width: 2000px) 100vw, 2000px\" \/><\/figure>\n\n\n\n<figure class=\"wp-block-image size-large\"><img loading=\"lazy\" decoding=\"async\" width=\"2000\" height=\"1333\" src=\"http:\/\/www.celttv.com.ar\/wp-content\/uploads\/2021\/03\/Retroexcavadora-4.jpg\" alt=\"\" class=\"wp-image-56734\" srcset=\"https:\/\/www.celttv.com.ar\/wp-content\/uploads\/2021\/03\/Retroexcavadora-4.jpg 2000w, https:\/\/www.celttv.com.ar\/wp-content\/uploads\/2021\/03\/Retroexcavadora-4-300x200.jpg 300w, https:\/\/www.celttv.com.ar\/wp-content\/uploads\/2021\/03\/Retroexcavadora-4-1024x682.jpg 1024w, https:\/\/www.celttv.com.ar\/wp-content\/uploads\/2021\/03\/Retroexcavadora-4-768x512.jpg 768w, https:\/\/www.celttv.com.ar\/wp-content\/uploads\/2021\/03\/Retroexcavadora-4-1536x1024.jpg 1536w, https:\/\/www.celttv.com.ar\/wp-content\/uploads\/2021\/03\/Retroexcavadora-4-750x500.jpg 750w, https:\/\/www.celttv.com.ar\/wp-content\/uploads\/2021\/03\/Retroexcavadora-4-1140x760.jpg 1140w\" sizes=\"auto, (max-width: 2000px) 100vw, 2000px\" \/><\/figure>\n","protected":false},"excerpt":{"rendered":"<p>Este martes, Tornquist Municipio recibi\u00f3 una retroexcavadora adquirida en el marco del proyecto de Gesti\u00f3n Integral de Residuos S\u00f3lidos Urbanos (GIRSU), que tiene como fin acciones para la erradicaci\u00f3n de los basureros a cielo abierto. La nueva maquinaria fue presentada en el corral\u00f3n de Servicios Especiales Urbanos y estuvieron presentes el intendente municipal interino, Sebasti\u00e1n [&hellip;]<\/p>\n","protected":false},"author":1,"featured_media":56733,"comment_status":"closed","ping_status":"open","sticky":false,"template":"","format":"standard","meta":{"footnotes":""},"categories":[55,51,52,65],"tags":[],"class_list":["post-56732","post","type-post","status-publish","format-standard","has-post-thumbnail","hentry","category-celt-tv-noticias","category-comunidad","category-destacadas","category-produccion"],"yoast_head":"<!-- This site is optimized with the Yoast SEO plugin v19.7.1 - https:\/\/yoast.com\/wordpress\/plugins\/seo\/ -->\n<title>El municipio recibi\u00f3 una retroexcavadora adquirida para el proyecto de Gesti\u00f3n Integral de Residuos S\u00f3lidos Urbanos - CELTTV<\/title>\n<meta name=\"description\" content=\"Sitio web de noticias de la localidad de Tornquist, provincia de Buenos Aires, Rep\u00fablica Argentina. Contenido propio originado por periodistas de CELTTV, el canal de TV local de la Cooperativa El\u00e9ctrica de Tornquist. Turismo, Pol\u00edtica, Sociedad, Deporte, Cultura y todo el contenido de inter\u00e9s general que la gente del pueblo y la regi\u00f3n debe conocer.\" \/>\n<meta name=\"robots\" content=\"index, follow, max-snippet:-1, max-image-preview:large, max-video-preview:-1\" \/>\n<link rel=\"canonical\" href=\"https:\/\/www.celttv.com.ar\/index.php\/2021\/03\/30\/el-municipio-recibio-una-retroexcavadora-adquirida-para-el-proyecto-de-gestion-integral-de-residuos-solidos-urbanos\/\" \/>\n<meta property=\"og:locale\" content=\"es_ES\" \/>\n<meta property=\"og:type\" content=\"article\" \/>\n<meta property=\"og:title\" content=\"El municipio recibi\u00f3 una retroexcavadora adquirida para el proyecto de Gesti\u00f3n Integral de Residuos S\u00f3lidos Urbanos - CELTTV\" \/>\n<meta property=\"og:description\" content=\"Sitio web de noticias de la localidad de Tornquist, provincia de Buenos Aires, Rep\u00fablica Argentina. Contenido propio originado por periodistas de CELTTV, el canal de TV local de la Cooperativa El\u00e9ctrica de Tornquist. Turismo, Pol\u00edtica, Sociedad, Deporte, Cultura y todo el contenido de inter\u00e9s general que la gente del pueblo y la regi\u00f3n debe conocer.\" \/>\n<meta property=\"og:url\" content=\"https:\/\/www.celttv.com.ar\/index.php\/2021\/03\/30\/el-municipio-recibio-una-retroexcavadora-adquirida-para-el-proyecto-de-gestion-integral-de-residuos-solidos-urbanos\/\" \/>\n<meta property=\"og:site_name\" content=\"CELTTV\" \/>\n<meta property=\"article:publisher\" content=\"https:\/\/www.facebook.com\/celtTV\/\" \/>\n<meta property=\"article:published_time\" content=\"2021-03-30T22:40:00+00:00\" \/>\n<meta property=\"og:image\" content=\"https:\/\/www.celttv.com.ar\/wp-content\/uploads\/2021\/03\/Retroexcavadora-8.jpg\" \/>\n\t<meta property=\"og:image:width\" content=\"2000\" \/>\n\t<meta property=\"og:image:height\" content=\"1357\" \/>\n\t<meta property=\"og:image:type\" content=\"image\/jpeg\" \/>\n<meta name=\"author\" content=\"ulises\" \/>\n<meta name=\"twitter:card\" content=\"summary_large_image\" \/>\n<meta name=\"twitter:label1\" content=\"Escrito por\" \/>\n\t<meta name=\"twitter:data1\" content=\"ulises\" \/>\n\t<meta name=\"twitter:label2\" content=\"Tiempo de lectura\" \/>\n\t<meta name=\"twitter:data2\" content=\"1 minuto\" \/>\n<script type=\"application\/ld+json\" class=\"yoast-schema-graph\">{\"@context\":\"https:\/\/schema.org\",\"@graph\":[{\"@type\":\"NewsArticle\",\"@id\":\"https:\/\/www.celttv.com.ar\/index.php\/2021\/03\/30\/el-municipio-recibio-una-retroexcavadora-adquirida-para-el-proyecto-de-gestion-integral-de-residuos-solidos-urbanos\/#article\",\"isPartOf\":{\"@id\":\"https:\/\/www.celttv.com.ar\/index.php\/2021\/03\/30\/el-municipio-recibio-una-retroexcavadora-adquirida-para-el-proyecto-de-gestion-integral-de-residuos-solidos-urbanos\/\"},\"author\":{\"name\":\"ulises\",\"@id\":\"https:\/\/www.celttv.com.ar\/#\/schema\/person\/6d99c072dba59953809c81446e9d0ace\"},\"headline\":\"El municipio recibi\u00f3 una retroexcavadora adquirida para el proyecto de Gesti\u00f3n Integral de Residuos S\u00f3lidos Urbanos\",\"datePublished\":\"2021-03-30T22:40:00+00:00\",\"dateModified\":\"2021-03-30T22:40:00+00:00\",\"mainEntityOfPage\":{\"@id\":\"https:\/\/www.celttv.com.ar\/index.php\/2021\/03\/30\/el-municipio-recibio-una-retroexcavadora-adquirida-para-el-proyecto-de-gestion-integral-de-residuos-solidos-urbanos\/\"},\"wordCount\":153,\"publisher\":{\"@id\":\"https:\/\/www.celttv.com.ar\/#organization\"},\"articleSection\":[\"Celt TV Noticias\",\"Comunidad\",\"Destacadas\",\"Producci\u00f3n y Medio Ambiente\"],\"inLanguage\":\"es\"},{\"@type\":\"WebPage\",\"@id\":\"https:\/\/www.celttv.com.ar\/index.php\/2021\/03\/30\/el-municipio-recibio-una-retroexcavadora-adquirida-para-el-proyecto-de-gestion-integral-de-residuos-solidos-urbanos\/\",\"url\":\"https:\/\/www.celttv.com.ar\/index.php\/2021\/03\/30\/el-municipio-recibio-una-retroexcavadora-adquirida-para-el-proyecto-de-gestion-integral-de-residuos-solidos-urbanos\/\",\"name\":\"El municipio recibi\u00f3 una retroexcavadora adquirida para el proyecto de Gesti\u00f3n Integral de Residuos S\u00f3lidos Urbanos - CELTTV\",\"isPartOf\":{\"@id\":\"https:\/\/www.celttv.com.ar\/#website\"},\"datePublished\":\"2021-03-30T22:40:00+00:00\",\"dateModified\":\"2021-03-30T22:40:00+00:00\",\"description\":\"Sitio web de noticias de la localidad de Tornquist, provincia de Buenos Aires, Rep\u00fablica Argentina. Contenido propio originado por periodistas de CELTTV, el canal de TV local de la Cooperativa El\u00e9ctrica de Tornquist. Turismo, Pol\u00edtica, Sociedad, Deporte, Cultura y todo el contenido de inter\u00e9s general que la gente del pueblo y la regi\u00f3n debe conocer.\",\"breadcrumb\":{\"@id\":\"https:\/\/www.celttv.com.ar\/index.php\/2021\/03\/30\/el-municipio-recibio-una-retroexcavadora-adquirida-para-el-proyecto-de-gestion-integral-de-residuos-solidos-urbanos\/#breadcrumb\"},\"inLanguage\":\"es\",\"potentialAction\":[{\"@type\":\"ReadAction\",\"target\":[\"https:\/\/www.celttv.com.ar\/index.php\/2021\/03\/30\/el-municipio-recibio-una-retroexcavadora-adquirida-para-el-proyecto-de-gestion-integral-de-residuos-solidos-urbanos\/\"]}]},{\"@type\":\"BreadcrumbList\",\"@id\":\"https:\/\/www.celttv.com.ar\/index.php\/2021\/03\/30\/el-municipio-recibio-una-retroexcavadora-adquirida-para-el-proyecto-de-gestion-integral-de-residuos-solidos-urbanos\/#breadcrumb\",\"itemListElement\":[{\"@type\":\"ListItem\",\"position\":1,\"name\":\"Inicio\",\"item\":\"https:\/\/www.celttv.com.ar\/\"},{\"@type\":\"ListItem\",\"position\":2,\"name\":\"El municipio recibi\u00f3 una retroexcavadora adquirida para el proyecto de Gesti\u00f3n Integral de Residuos S\u00f3lidos Urbanos\"}]},{\"@type\":\"WebSite\",\"@id\":\"https:\/\/www.celttv.com.ar\/#website\",\"url\":\"https:\/\/www.celttv.com.ar\/\",\"name\":\"CELTTV\",\"description\":\"Cooperativa El\u00e9ctrica de Tornquist\",\"publisher\":{\"@id\":\"https:\/\/www.celttv.com.ar\/#organization\"},\"potentialAction\":[{\"@type\":\"SearchAction\",\"target\":{\"@type\":\"EntryPoint\",\"urlTemplate\":\"https:\/\/www.celttv.com.ar\/?s={search_term_string}\"},\"query-input\":\"required name=search_term_string\"}],\"inLanguage\":\"es\"},{\"@type\":\"Organization\",\"@id\":\"https:\/\/www.celttv.com.ar\/#organization\",\"name\":\"CELTTV\",\"url\":\"https:\/\/www.celttv.com.ar\/\",\"sameAs\":[\"https:\/\/www.youtube.com\/channel\/UCz_oIt8Hig64Ub-EmcNPIhg\",\"https:\/\/www.facebook.com\/celtTV\/\"],\"logo\":{\"@type\":\"ImageObject\",\"inLanguage\":\"es\",\"@id\":\"https:\/\/www.celttv.com.ar\/#\/schema\/logo\/image\/\",\"url\":\"http:\/\/www.celttv.com.ar\/wp-content\/uploads\/2022\/08\/logo-1.png\",\"contentUrl\":\"http:\/\/www.celttv.com.ar\/wp-content\/uploads\/2022\/08\/logo-1.png\",\"width\":461,\"height\":159,\"caption\":\"CELTTV\"},\"image\":{\"@id\":\"https:\/\/www.celttv.com.ar\/#\/schema\/logo\/image\/\"}},{\"@type\":\"Person\",\"@id\":\"https:\/\/www.celttv.com.ar\/#\/schema\/person\/6d99c072dba59953809c81446e9d0ace\",\"name\":\"ulises\",\"image\":{\"@type\":\"ImageObject\",\"inLanguage\":\"es\",\"@id\":\"https:\/\/www.celttv.com.ar\/#\/schema\/person\/image\/\",\"url\":\"https:\/\/secure.gravatar.com\/avatar\/7f2c48bdc33b30088f941fb6082e555f2874c98e20cb159d7b92b50eadfce793?s=96&d=mm&r=g\",\"contentUrl\":\"https:\/\/secure.gravatar.com\/avatar\/7f2c48bdc33b30088f941fb6082e555f2874c98e20cb159d7b92b50eadfce793?s=96&d=mm&r=g\",\"caption\":\"ulises\"},\"sameAs\":[\"http:\/\/www.celttv.com.ar\"]}]}<\/script>\n<!-- \/ Yoast SEO plugin. -->","yoast_head_json":{"title":"El municipio recibi\u00f3 una retroexcavadora adquirida para el proyecto de Gesti\u00f3n Integral de Residuos S\u00f3lidos Urbanos - CELTTV","description":"Sitio web de noticias de la localidad de Tornquist, provincia de Buenos Aires, Rep\u00fablica Argentina. Contenido propio originado por periodistas de CELTTV, el canal de TV local de la Cooperativa El\u00e9ctrica de Tornquist. Turismo, Pol\u00edtica, Sociedad, Deporte, Cultura y todo el contenido de inter\u00e9s general que la gente del pueblo y la regi\u00f3n debe conocer.","robots":{"index":"index","follow":"follow","max-snippet":"max-snippet:-1","max-image-preview":"max-image-preview:large","max-video-preview":"max-video-preview:-1"},"canonical":"https:\/\/www.celttv.com.ar\/index.php\/2021\/03\/30\/el-municipio-recibio-una-retroexcavadora-adquirida-para-el-proyecto-de-gestion-integral-de-residuos-solidos-urbanos\/","og_locale":"es_ES","og_type":"article","og_title":"El municipio recibi\u00f3 una retroexcavadora adquirida para el proyecto de Gesti\u00f3n Integral de Residuos S\u00f3lidos Urbanos - CELTTV","og_description":"Sitio web de noticias de la localidad de Tornquist, provincia de Buenos Aires, Rep\u00fablica Argentina. Contenido propio originado por periodistas de CELTTV, el canal de TV local de la Cooperativa El\u00e9ctrica de Tornquist. Turismo, Pol\u00edtica, Sociedad, Deporte, Cultura y todo el contenido de inter\u00e9s general que la gente del pueblo y la regi\u00f3n debe conocer.","og_url":"https:\/\/www.celttv.com.ar\/index.php\/2021\/03\/30\/el-municipio-recibio-una-retroexcavadora-adquirida-para-el-proyecto-de-gestion-integral-de-residuos-solidos-urbanos\/","og_site_name":"CELTTV","article_publisher":"https:\/\/www.facebook.com\/celtTV\/","article_published_time":"2021-03-30T22:40:00+00:00","og_image":[{"width":2000,"height":1357,"url":"https:\/\/www.celttv.com.ar\/wp-content\/uploads\/2021\/03\/Retroexcavadora-8.jpg","type":"image\/jpeg"}],"author":"ulises","twitter_card":"summary_large_image","twitter_misc":{"Escrito por":"ulises","Tiempo de lectura":"1 minuto"},"schema":{"@context":"https:\/\/schema.org","@graph":[{"@type":"NewsArticle","@id":"https:\/\/www.celttv.com.ar\/index.php\/2021\/03\/30\/el-municipio-recibio-una-retroexcavadora-adquirida-para-el-proyecto-de-gestion-integral-de-residuos-solidos-urbanos\/#article","isPartOf":{"@id":"https:\/\/www.celttv.com.ar\/index.php\/2021\/03\/30\/el-municipio-recibio-una-retroexcavadora-adquirida-para-el-proyecto-de-gestion-integral-de-residuos-solidos-urbanos\/"},"author":{"name":"ulises","@id":"https:\/\/www.celttv.com.ar\/#\/schema\/person\/6d99c072dba59953809c81446e9d0ace"},"headline":"El municipio recibi\u00f3 una retroexcavadora adquirida para el proyecto de Gesti\u00f3n Integral de Residuos S\u00f3lidos Urbanos","datePublished":"2021-03-30T22:40:00+00:00","dateModified":"2021-03-30T22:40:00+00:00","mainEntityOfPage":{"@id":"https:\/\/www.celttv.com.ar\/index.php\/2021\/03\/30\/el-municipio-recibio-una-retroexcavadora-adquirida-para-el-proyecto-de-gestion-integral-de-residuos-solidos-urbanos\/"},"wordCount":153,"publisher":{"@id":"https:\/\/www.celttv.com.ar\/#organization"},"articleSection":["Celt TV Noticias","Comunidad","Destacadas","Producci\u00f3n y Medio Ambiente"],"inLanguage":"es"},{"@type":"WebPage","@id":"https:\/\/www.celttv.com.ar\/index.php\/2021\/03\/30\/el-municipio-recibio-una-retroexcavadora-adquirida-para-el-proyecto-de-gestion-integral-de-residuos-solidos-urbanos\/","url":"https:\/\/www.celttv.com.ar\/index.php\/2021\/03\/30\/el-municipio-recibio-una-retroexcavadora-adquirida-para-el-proyecto-de-gestion-integral-de-residuos-solidos-urbanos\/","name":"El municipio recibi\u00f3 una retroexcavadora adquirida para el proyecto de Gesti\u00f3n Integral de Residuos S\u00f3lidos Urbanos - CELTTV","isPartOf":{"@id":"https:\/\/www.celttv.com.ar\/#website"},"datePublished":"2021-03-30T22:40:00+00:00","dateModified":"2021-03-30T22:40:00+00:00","description":"Sitio web de noticias de la localidad de Tornquist, provincia de Buenos Aires, Rep\u00fablica Argentina. Contenido propio originado por periodistas de CELTTV, el canal de TV local de la Cooperativa El\u00e9ctrica de Tornquist. Turismo, Pol\u00edtica, Sociedad, Deporte, Cultura y todo el contenido de inter\u00e9s general que la gente del pueblo y la regi\u00f3n debe conocer.","breadcrumb":{"@id":"https:\/\/www.celttv.com.ar\/index.php\/2021\/03\/30\/el-municipio-recibio-una-retroexcavadora-adquirida-para-el-proyecto-de-gestion-integral-de-residuos-solidos-urbanos\/#breadcrumb"},"inLanguage":"es","potentialAction":[{"@type":"ReadAction","target":["https:\/\/www.celttv.com.ar\/index.php\/2021\/03\/30\/el-municipio-recibio-una-retroexcavadora-adquirida-para-el-proyecto-de-gestion-integral-de-residuos-solidos-urbanos\/"]}]},{"@type":"BreadcrumbList","@id":"https:\/\/www.celttv.com.ar\/index.php\/2021\/03\/30\/el-municipio-recibio-una-retroexcavadora-adquirida-para-el-proyecto-de-gestion-integral-de-residuos-solidos-urbanos\/#breadcrumb","itemListElement":[{"@type":"ListItem","position":1,"name":"Inicio","item":"https:\/\/www.celttv.com.ar\/"},{"@type":"ListItem","position":2,"name":"El municipio recibi\u00f3 una retroexcavadora adquirida para el proyecto de Gesti\u00f3n Integral de Residuos S\u00f3lidos Urbanos"}]},{"@type":"WebSite","@id":"https:\/\/www.celttv.com.ar\/#website","url":"https:\/\/www.celttv.com.ar\/","name":"CELTTV","description":"Cooperativa El\u00e9ctrica de Tornquist","publisher":{"@id":"https:\/\/www.celttv.com.ar\/#organization"},"potentialAction":[{"@type":"SearchAction","target":{"@type":"EntryPoint","urlTemplate":"https:\/\/www.celttv.com.ar\/?s={search_term_string}"},"query-input":"required name=search_term_string"}],"inLanguage":"es"},{"@type":"Organization","@id":"https:\/\/www.celttv.com.ar\/#organization","name":"CELTTV","url":"https:\/\/www.celttv.com.ar\/","sameAs":["https:\/\/www.youtube.com\/channel\/UCz_oIt8Hig64Ub-EmcNPIhg","https:\/\/www.facebook.com\/celtTV\/"],"logo":{"@type":"ImageObject","inLanguage":"es","@id":"https:\/\/www.celttv.com.ar\/#\/schema\/logo\/image\/","url":"http:\/\/www.celttv.com.ar\/wp-content\/uploads\/2022\/08\/logo-1.png","contentUrl":"http:\/\/www.celttv.com.ar\/wp-content\/uploads\/2022\/08\/logo-1.png","width":461,"height":159,"caption":"CELTTV"},"image":{"@id":"https:\/\/www.celttv.com.ar\/#\/schema\/logo\/image\/"}},{"@type":"Person","@id":"https:\/\/www.celttv.com.ar\/#\/schema\/person\/6d99c072dba59953809c81446e9d0ace","name":"ulises","image":{"@type":"ImageObject","inLanguage":"es","@id":"https:\/\/www.celttv.com.ar\/#\/schema\/person\/image\/","url":"https:\/\/secure.gravatar.com\/avatar\/7f2c48bdc33b30088f941fb6082e555f2874c98e20cb159d7b92b50eadfce793?s=96&d=mm&r=g","contentUrl":"https:\/\/secure.gravatar.com\/avatar\/7f2c48bdc33b30088f941fb6082e555f2874c98e20cb159d7b92b50eadfce793?s=96&d=mm&r=g","caption":"ulises"},"sameAs":["http:\/\/www.celttv.com.ar"]}]}},"_links":{"self":[{"href":"https:\/\/www.celttv.com.ar\/index.php\/wp-json\/wp\/v2\/posts\/56732","targetHints":{"allow":["GET"]}}],"collection":[{"href":"https:\/\/www.celttv.com.ar\/index.php\/wp-json\/wp\/v2\/posts"}],"about":[{"href":"https:\/\/www.celttv.com.ar\/index.php\/wp-json\/wp\/v2\/types\/post"}],"author":[{"embeddable":true,"href":"https:\/\/www.celttv.com.ar\/index.php\/wp-json\/wp\/v2\/users\/1"}],"replies":[{"embeddable":true,"href":"https:\/\/www.celttv.com.ar\/index.php\/wp-json\/wp\/v2\/comments?post=56732"}],"version-history":[{"count":0,"href":"https:\/\/www.celttv.com.ar\/index.php\/wp-json\/wp\/v2\/posts\/56732\/revisions"}],"wp:featuredmedia":[{"embeddable":true,"href":"https:\/\/www.celttv.com.ar\/index.php\/wp-json\/wp\/v2\/media\/56733"}],"wp:attachment":[{"href":"https:\/\/www.celttv.com.ar\/index.php\/wp-json\/wp\/v2\/media?parent=56732"}],"wp:term":[{"taxonomy":"category","embeddable":true,"href":"https:\/\/www.celttv.com.ar\/index.php\/wp-json\/wp\/v2\/categories?post=56732"},{"taxonomy":"post_tag","embeddable":true,"href":"https:\/\/www.celttv.com.ar\/index.php\/wp-json\/wp\/v2\/tags?post=56732"}],"curies":[{"name":"wp","href":"https:\/\/api.w.org\/{rel}","templated":true}]}}