{"id":56879,"date":"2021-04-06T12:41:07","date_gmt":"2021-04-06T12:41:07","guid":{"rendered":"http:\/\/www.celttv.com.ar\/?p=56879"},"modified":"2021-04-06T12:41:07","modified_gmt":"2021-04-06T12:41:07","slug":"todo-listo-para-que-arranquen-las-inferiores-en-la-liga-de-futbol","status":"publish","type":"post","link":"https:\/\/www.celttv.com.ar\/index.php\/2021\/04\/06\/todo-listo-para-que-arranquen-las-inferiores-en-la-liga-de-futbol\/","title":{"rendered":"Todo listo para que arranquen las inferiores en la liga de f\u00fatbol"},"content":{"rendered":"\n<p>El s\u00e1bado pr\u00f3ximo se pondr\u00e1 en marcha el torneo Apertura. Fue aplazado el partido de 5\u00aa entre Atl\u00e9tico y Empleados de Comercio debido a que el club de Huanguel\u00e9n tiene a sus jugadores aislados.<\/p>\n\n\n\n<p>En la reuni\u00f3n que este lunes llev\u00f3 a cabo el consejo directivo de la Liga Regional de F\u00fatbol de Coronel Su\u00e1rez, que preside Ernesto Manuel Palenzona, se ultimaron los detalles para lo que el pr\u00f3ximo s\u00e1bado ser\u00e1 el comienzo del torneo Apertura de divisiones inferiores.&nbsp;<\/p>\n\n\n\n<p>Con los clubes divididos en tres zonas, tal lo determinado oportunamente, en 5\u00aa categor\u00eda competir\u00e1n 16 equipos, en 6\u00aa lo har\u00e1n 15, en 7\u00aa participar\u00e1n 18 y en 8\u00aa tomar\u00e1n parte 19. El desarrollo ser\u00e1 a dos rondas.&nbsp;<\/p>\n\n\n\n<p>La jornada inaugural sufrir\u00e1 el aplazamiento del cotejo de 5\u00aa entre Atl\u00e9tico Huanguel\u00e9n y Empleados de Comercio de Guamin\u00ed, dado que los integrantes del equipo \u201caceitero\u201d se encuentran aislados hasta el domingo pr\u00f3ximo por la pandemia COVID-19.&nbsp;<\/p>\n\n\n\n<p>Ambas instituciones llegaron a un acuerdo para confrontar \u00fanicamente en 8\u00aa y en 7\u00aa, mientras que el cotejo de 5\u00aa lo recuperar\u00e1n la pr\u00f3xima semana.&nbsp;<\/p>\n\n\n\n<p>Por otro lado, Automoto y San Mart\u00edn de Saavedra acordaron invertir la local\u00eda, raz\u00f3n por la cual se enfrentar\u00e1n en el campo de juego del club santo.&nbsp;<\/p>\n\n\n\n<p>Cabe se\u00f1alar que de acuerdo a la disposici\u00f3n vigente de la A.Pre.Vi.De los partidos se jugar\u00e1n sin p\u00fablico, aunque en cada evento podr\u00e1 haber hasta 75 personas por club (sumando socios miembros activos, jugadores, cuerpo t\u00e9cnico, equipo m\u00e9dico y auxiliares).&nbsp;<\/p>\n\n\n\n<p>El programa a cumplirse el pr\u00f3ximo s\u00e1bado es el siguiente:&nbsp;<\/p>\n\n\n\n<p>Zona \u201cA\u201d: San Mart\u00edn de Santa Trinidad vs. Independiente en 8\u00aa y en 7\u00aa (14:00); El Progreso vs. Blanco y Negro en 8\u00aa y en 6\u00aa (14:00) y Deportivo Sarmiento vs. Boca Juniors en 8\u00aa, 7\u00aa, 6\u00aa y 5\u00aa (12:00). Quedan libres&nbsp;<\/p>\n\n\n\n<p>Zona \u201cB\u201d: Uni\u00f3n Pig\u00fc\u00e9 vs. Tiro Federal de Puan en 8\u00aa y en 7\u00aa (14:00); Puan F. Club vs. Deportivo Argentino en 8\u00aa, 7\u00aa y 5\u00aa (13:00) y San Mart\u00edn de Saavedra vs. Automoto en 8\u00aa, 7\u00aa, 6\u00aa y 5\u00aa (12:00). Libre: Uni\u00f3n de Tornquist.&nbsp;<\/p>\n\n\n\n<p>Zona \u201cC\u201d: San Mart\u00edn de Carhu\u00e9 vs. Club Sarmiento en 8\u00aa, 7\u00aa, 6\u00aa y 5\u00aa (12:00); Atl\u00e9tico Huanguel\u00e9n vs. Empleados de Comercio en 8\u00aa, 7\u00aa y 5\u00aa (13:00) y Pe\u00f1arol de Pig\u00fc\u00e9 vs. Racing Club en 8\u00aa, 7\u00aa, 6\u00aa y 5\u00aa (12:00).&nbsp;<\/p>\n\n\n\n<p><strong>Propuesta de Automoto&nbsp;<\/strong><\/p>\n\n\n\n<p>En otro orden, el club Automoto de Tornquist a trav\u00e9s de su presidente Gabriel Artola plante\u00f3 la posibilidad de hacer una lista da buena fe de jugadores de Primera divisi\u00f3n para presentar en la Liga, a los efectos de evitar posibles picard\u00edas a la hora de solicitar la suspensi\u00f3n de alg\u00fan partido por positivos o aislados debido al COVID-19.&nbsp;<\/p>\n\n\n\n<p>Sin embargo, tras una exposici\u00f3n realizada por Ricardo Salerno en su car\u00e1cter de integrante de la mesa ejecutiva en cuanto al inconveniente que ello podr\u00eda provocar, se resolvi\u00f3 que no habr\u00e1 suspensiones y que los clubes deber\u00e1n presentarse con los jugadores disponibles.&nbsp;<\/p>\n\n\n\n<p>Por otro lado, si bien a nivel profesional se permiten cinco cambios en cada equipo, el reglamento del Consejo Federal para el f\u00fatbol del interior prev\u00e9 \u00fanicamente 3 cambios.&nbsp;<\/p>\n\n\n\n<p>Claudio Meier<\/p>\n\n\n\n<p>Diario Nuevo Dia<\/p>\n","protected":false},"excerpt":{"rendered":"<p>El s\u00e1bado pr\u00f3ximo se pondr\u00e1 en marcha el torneo Apertura. Fue aplazado el partido de 5\u00aa entre Atl\u00e9tico y Empleados de Comercio debido a que el club de Huanguel\u00e9n tiene a sus jugadores aislados. En la reuni\u00f3n que este lunes llev\u00f3 a cabo el consejo directivo de la Liga Regional de F\u00fatbol de Coronel Su\u00e1rez, [&hellip;]<\/p>\n","protected":false},"author":1,"featured_media":56880,"comment_status":"closed","ping_status":"open","sticky":false,"template":"","format":"standard","meta":{"footnotes":""},"categories":[62,52],"tags":[],"class_list":["post-56879","post","type-post","status-publish","format-standard","has-post-thumbnail","hentry","category-deportes","category-destacadas"],"yoast_head":"<!-- This site is optimized with the Yoast SEO plugin v19.7.1 - https:\/\/yoast.com\/wordpress\/plugins\/seo\/ -->\n<title>Todo listo para que arranquen las inferiores en la liga de f\u00fatbol - CELTTV<\/title>\n<meta name=\"description\" content=\"Sitio web de noticias de la localidad de Tornquist, provincia de Buenos Aires, Rep\u00fablica Argentina. Contenido propio originado por periodistas de CELTTV, el canal de TV local de la Cooperativa El\u00e9ctrica de Tornquist. Turismo, Pol\u00edtica, Sociedad, Deporte, Cultura y todo el contenido de inter\u00e9s general que la gente del pueblo y la regi\u00f3n debe conocer.\" \/>\n<meta name=\"robots\" content=\"index, follow, max-snippet:-1, max-image-preview:large, max-video-preview:-1\" \/>\n<link rel=\"canonical\" href=\"https:\/\/www.celttv.com.ar\/index.php\/2021\/04\/06\/todo-listo-para-que-arranquen-las-inferiores-en-la-liga-de-futbol\/\" \/>\n<meta property=\"og:locale\" content=\"es_ES\" \/>\n<meta property=\"og:type\" content=\"article\" \/>\n<meta property=\"og:title\" content=\"Todo listo para que arranquen las inferiores en la liga de f\u00fatbol - CELTTV\" \/>\n<meta property=\"og:description\" content=\"Sitio web de noticias de la localidad de Tornquist, provincia de Buenos Aires, Rep\u00fablica Argentina. Contenido propio originado por periodistas de CELTTV, el canal de TV local de la Cooperativa El\u00e9ctrica de Tornquist. Turismo, Pol\u00edtica, Sociedad, Deporte, Cultura y todo el contenido de inter\u00e9s general que la gente del pueblo y la regi\u00f3n debe conocer.\" \/>\n<meta property=\"og:url\" content=\"https:\/\/www.celttv.com.ar\/index.php\/2021\/04\/06\/todo-listo-para-que-arranquen-las-inferiores-en-la-liga-de-futbol\/\" \/>\n<meta property=\"og:site_name\" content=\"CELTTV\" \/>\n<meta property=\"article:publisher\" content=\"https:\/\/www.facebook.com\/celtTV\/\" \/>\n<meta property=\"article:published_time\" content=\"2021-04-06T12:41:07+00:00\" \/>\n<meta property=\"og:image\" content=\"https:\/\/www.celttv.com.ar\/wp-content\/uploads\/2021\/04\/futbol-3.jpg_960.jpg\" \/>\n\t<meta property=\"og:image:width\" content=\"960\" \/>\n\t<meta property=\"og:image:height\" content=\"640\" \/>\n\t<meta property=\"og:image:type\" content=\"image\/jpeg\" \/>\n<meta name=\"author\" content=\"ulises\" \/>\n<meta name=\"twitter:card\" content=\"summary_large_image\" \/>\n<meta name=\"twitter:label1\" content=\"Escrito por\" \/>\n\t<meta name=\"twitter:data1\" content=\"ulises\" \/>\n\t<meta name=\"twitter:label2\" content=\"Tiempo de lectura\" \/>\n\t<meta name=\"twitter:data2\" content=\"3 minutos\" \/>\n<script type=\"application\/ld+json\" class=\"yoast-schema-graph\">{\"@context\":\"https:\/\/schema.org\",\"@graph\":[{\"@type\":\"NewsArticle\",\"@id\":\"https:\/\/www.celttv.com.ar\/index.php\/2021\/04\/06\/todo-listo-para-que-arranquen-las-inferiores-en-la-liga-de-futbol\/#article\",\"isPartOf\":{\"@id\":\"https:\/\/www.celttv.com.ar\/index.php\/2021\/04\/06\/todo-listo-para-que-arranquen-las-inferiores-en-la-liga-de-futbol\/\"},\"author\":{\"name\":\"ulises\",\"@id\":\"https:\/\/www.celttv.com.ar\/#\/schema\/person\/6d99c072dba59953809c81446e9d0ace\"},\"headline\":\"Todo listo para que arranquen las inferiores en la liga de f\u00fatbol\",\"datePublished\":\"2021-04-06T12:41:07+00:00\",\"dateModified\":\"2021-04-06T12:41:07+00:00\",\"mainEntityOfPage\":{\"@id\":\"https:\/\/www.celttv.com.ar\/index.php\/2021\/04\/06\/todo-listo-para-que-arranquen-las-inferiores-en-la-liga-de-futbol\/\"},\"wordCount\":550,\"publisher\":{\"@id\":\"https:\/\/www.celttv.com.ar\/#organization\"},\"articleSection\":[\"Deportes\",\"Destacadas\"],\"inLanguage\":\"es\"},{\"@type\":\"WebPage\",\"@id\":\"https:\/\/www.celttv.com.ar\/index.php\/2021\/04\/06\/todo-listo-para-que-arranquen-las-inferiores-en-la-liga-de-futbol\/\",\"url\":\"https:\/\/www.celttv.com.ar\/index.php\/2021\/04\/06\/todo-listo-para-que-arranquen-las-inferiores-en-la-liga-de-futbol\/\",\"name\":\"Todo listo para que arranquen las inferiores en la liga de f\u00fatbol - CELTTV\",\"isPartOf\":{\"@id\":\"https:\/\/www.celttv.com.ar\/#website\"},\"datePublished\":\"2021-04-06T12:41:07+00:00\",\"dateModified\":\"2021-04-06T12:41:07+00:00\",\"description\":\"Sitio web de noticias de la localidad de Tornquist, provincia de Buenos Aires, Rep\u00fablica Argentina. Contenido propio originado por periodistas de CELTTV, el canal de TV local de la Cooperativa El\u00e9ctrica de Tornquist. Turismo, Pol\u00edtica, Sociedad, Deporte, Cultura y todo el contenido de inter\u00e9s general que la gente del pueblo y la regi\u00f3n debe conocer.\",\"breadcrumb\":{\"@id\":\"https:\/\/www.celttv.com.ar\/index.php\/2021\/04\/06\/todo-listo-para-que-arranquen-las-inferiores-en-la-liga-de-futbol\/#breadcrumb\"},\"inLanguage\":\"es\",\"potentialAction\":[{\"@type\":\"ReadAction\",\"target\":[\"https:\/\/www.celttv.com.ar\/index.php\/2021\/04\/06\/todo-listo-para-que-arranquen-las-inferiores-en-la-liga-de-futbol\/\"]}]},{\"@type\":\"BreadcrumbList\",\"@id\":\"https:\/\/www.celttv.com.ar\/index.php\/2021\/04\/06\/todo-listo-para-que-arranquen-las-inferiores-en-la-liga-de-futbol\/#breadcrumb\",\"itemListElement\":[{\"@type\":\"ListItem\",\"position\":1,\"name\":\"Inicio\",\"item\":\"https:\/\/www.celttv.com.ar\/\"},{\"@type\":\"ListItem\",\"position\":2,\"name\":\"Todo listo para que arranquen las inferiores en la liga de f\u00fatbol\"}]},{\"@type\":\"WebSite\",\"@id\":\"https:\/\/www.celttv.com.ar\/#website\",\"url\":\"https:\/\/www.celttv.com.ar\/\",\"name\":\"CELTTV\",\"description\":\"Cooperativa El\u00e9ctrica de Tornquist\",\"publisher\":{\"@id\":\"https:\/\/www.celttv.com.ar\/#organization\"},\"potentialAction\":[{\"@type\":\"SearchAction\",\"target\":{\"@type\":\"EntryPoint\",\"urlTemplate\":\"https:\/\/www.celttv.com.ar\/?s={search_term_string}\"},\"query-input\":\"required name=search_term_string\"}],\"inLanguage\":\"es\"},{\"@type\":\"Organization\",\"@id\":\"https:\/\/www.celttv.com.ar\/#organization\",\"name\":\"CELTTV\",\"url\":\"https:\/\/www.celttv.com.ar\/\",\"sameAs\":[\"https:\/\/www.youtube.com\/channel\/UCz_oIt8Hig64Ub-EmcNPIhg\",\"https:\/\/www.facebook.com\/celtTV\/\"],\"logo\":{\"@type\":\"ImageObject\",\"inLanguage\":\"es\",\"@id\":\"https:\/\/www.celttv.com.ar\/#\/schema\/logo\/image\/\",\"url\":\"http:\/\/www.celttv.com.ar\/wp-content\/uploads\/2022\/08\/logo-1.png\",\"contentUrl\":\"http:\/\/www.celttv.com.ar\/wp-content\/uploads\/2022\/08\/logo-1.png\",\"width\":461,\"height\":159,\"caption\":\"CELTTV\"},\"image\":{\"@id\":\"https:\/\/www.celttv.com.ar\/#\/schema\/logo\/image\/\"}},{\"@type\":\"Person\",\"@id\":\"https:\/\/www.celttv.com.ar\/#\/schema\/person\/6d99c072dba59953809c81446e9d0ace\",\"name\":\"ulises\",\"image\":{\"@type\":\"ImageObject\",\"inLanguage\":\"es\",\"@id\":\"https:\/\/www.celttv.com.ar\/#\/schema\/person\/image\/\",\"url\":\"https:\/\/secure.gravatar.com\/avatar\/7f2c48bdc33b30088f941fb6082e555f2874c98e20cb159d7b92b50eadfce793?s=96&d=mm&r=g\",\"contentUrl\":\"https:\/\/secure.gravatar.com\/avatar\/7f2c48bdc33b30088f941fb6082e555f2874c98e20cb159d7b92b50eadfce793?s=96&d=mm&r=g\",\"caption\":\"ulises\"},\"sameAs\":[\"http:\/\/www.celttv.com.ar\"]}]}<\/script>\n<!-- \/ Yoast SEO plugin. -->","yoast_head_json":{"title":"Todo listo para que arranquen las inferiores en la liga de f\u00fatbol - CELTTV","description":"Sitio web de noticias de la localidad de Tornquist, provincia de Buenos Aires, Rep\u00fablica Argentina. Contenido propio originado por periodistas de CELTTV, el canal de TV local de la Cooperativa El\u00e9ctrica de Tornquist. Turismo, Pol\u00edtica, Sociedad, Deporte, Cultura y todo el contenido de inter\u00e9s general que la gente del pueblo y la regi\u00f3n debe conocer.","robots":{"index":"index","follow":"follow","max-snippet":"max-snippet:-1","max-image-preview":"max-image-preview:large","max-video-preview":"max-video-preview:-1"},"canonical":"https:\/\/www.celttv.com.ar\/index.php\/2021\/04\/06\/todo-listo-para-que-arranquen-las-inferiores-en-la-liga-de-futbol\/","og_locale":"es_ES","og_type":"article","og_title":"Todo listo para que arranquen las inferiores en la liga de f\u00fatbol - CELTTV","og_description":"Sitio web de noticias de la localidad de Tornquist, provincia de Buenos Aires, Rep\u00fablica Argentina. Contenido propio originado por periodistas de CELTTV, el canal de TV local de la Cooperativa El\u00e9ctrica de Tornquist. Turismo, Pol\u00edtica, Sociedad, Deporte, Cultura y todo el contenido de inter\u00e9s general que la gente del pueblo y la regi\u00f3n debe conocer.","og_url":"https:\/\/www.celttv.com.ar\/index.php\/2021\/04\/06\/todo-listo-para-que-arranquen-las-inferiores-en-la-liga-de-futbol\/","og_site_name":"CELTTV","article_publisher":"https:\/\/www.facebook.com\/celtTV\/","article_published_time":"2021-04-06T12:41:07+00:00","og_image":[{"width":960,"height":640,"url":"https:\/\/www.celttv.com.ar\/wp-content\/uploads\/2021\/04\/futbol-3.jpg_960.jpg","type":"image\/jpeg"}],"author":"ulises","twitter_card":"summary_large_image","twitter_misc":{"Escrito por":"ulises","Tiempo de lectura":"3 minutos"},"schema":{"@context":"https:\/\/schema.org","@graph":[{"@type":"NewsArticle","@id":"https:\/\/www.celttv.com.ar\/index.php\/2021\/04\/06\/todo-listo-para-que-arranquen-las-inferiores-en-la-liga-de-futbol\/#article","isPartOf":{"@id":"https:\/\/www.celttv.com.ar\/index.php\/2021\/04\/06\/todo-listo-para-que-arranquen-las-inferiores-en-la-liga-de-futbol\/"},"author":{"name":"ulises","@id":"https:\/\/www.celttv.com.ar\/#\/schema\/person\/6d99c072dba59953809c81446e9d0ace"},"headline":"Todo listo para que arranquen las inferiores en la liga de f\u00fatbol","datePublished":"2021-04-06T12:41:07+00:00","dateModified":"2021-04-06T12:41:07+00:00","mainEntityOfPage":{"@id":"https:\/\/www.celttv.com.ar\/index.php\/2021\/04\/06\/todo-listo-para-que-arranquen-las-inferiores-en-la-liga-de-futbol\/"},"wordCount":550,"publisher":{"@id":"https:\/\/www.celttv.com.ar\/#organization"},"articleSection":["Deportes","Destacadas"],"inLanguage":"es"},{"@type":"WebPage","@id":"https:\/\/www.celttv.com.ar\/index.php\/2021\/04\/06\/todo-listo-para-que-arranquen-las-inferiores-en-la-liga-de-futbol\/","url":"https:\/\/www.celttv.com.ar\/index.php\/2021\/04\/06\/todo-listo-para-que-arranquen-las-inferiores-en-la-liga-de-futbol\/","name":"Todo listo para que arranquen las inferiores en la liga de f\u00fatbol - CELTTV","isPartOf":{"@id":"https:\/\/www.celttv.com.ar\/#website"},"datePublished":"2021-04-06T12:41:07+00:00","dateModified":"2021-04-06T12:41:07+00:00","description":"Sitio web de noticias de la localidad de Tornquist, provincia de Buenos Aires, Rep\u00fablica Argentina. Contenido propio originado por periodistas de CELTTV, el canal de TV local de la Cooperativa El\u00e9ctrica de Tornquist. Turismo, Pol\u00edtica, Sociedad, Deporte, Cultura y todo el contenido de inter\u00e9s general que la gente del pueblo y la regi\u00f3n debe conocer.","breadcrumb":{"@id":"https:\/\/www.celttv.com.ar\/index.php\/2021\/04\/06\/todo-listo-para-que-arranquen-las-inferiores-en-la-liga-de-futbol\/#breadcrumb"},"inLanguage":"es","potentialAction":[{"@type":"ReadAction","target":["https:\/\/www.celttv.com.ar\/index.php\/2021\/04\/06\/todo-listo-para-que-arranquen-las-inferiores-en-la-liga-de-futbol\/"]}]},{"@type":"BreadcrumbList","@id":"https:\/\/www.celttv.com.ar\/index.php\/2021\/04\/06\/todo-listo-para-que-arranquen-las-inferiores-en-la-liga-de-futbol\/#breadcrumb","itemListElement":[{"@type":"ListItem","position":1,"name":"Inicio","item":"https:\/\/www.celttv.com.ar\/"},{"@type":"ListItem","position":2,"name":"Todo listo para que arranquen las inferiores en la liga de f\u00fatbol"}]},{"@type":"WebSite","@id":"https:\/\/www.celttv.com.ar\/#website","url":"https:\/\/www.celttv.com.ar\/","name":"CELTTV","description":"Cooperativa El\u00e9ctrica de Tornquist","publisher":{"@id":"https:\/\/www.celttv.com.ar\/#organization"},"potentialAction":[{"@type":"SearchAction","target":{"@type":"EntryPoint","urlTemplate":"https:\/\/www.celttv.com.ar\/?s={search_term_string}"},"query-input":"required name=search_term_string"}],"inLanguage":"es"},{"@type":"Organization","@id":"https:\/\/www.celttv.com.ar\/#organization","name":"CELTTV","url":"https:\/\/www.celttv.com.ar\/","sameAs":["https:\/\/www.youtube.com\/channel\/UCz_oIt8Hig64Ub-EmcNPIhg","https:\/\/www.facebook.com\/celtTV\/"],"logo":{"@type":"ImageObject","inLanguage":"es","@id":"https:\/\/www.celttv.com.ar\/#\/schema\/logo\/image\/","url":"http:\/\/www.celttv.com.ar\/wp-content\/uploads\/2022\/08\/logo-1.png","contentUrl":"http:\/\/www.celttv.com.ar\/wp-content\/uploads\/2022\/08\/logo-1.png","width":461,"height":159,"caption":"CELTTV"},"image":{"@id":"https:\/\/www.celttv.com.ar\/#\/schema\/logo\/image\/"}},{"@type":"Person","@id":"https:\/\/www.celttv.com.ar\/#\/schema\/person\/6d99c072dba59953809c81446e9d0ace","name":"ulises","image":{"@type":"ImageObject","inLanguage":"es","@id":"https:\/\/www.celttv.com.ar\/#\/schema\/person\/image\/","url":"https:\/\/secure.gravatar.com\/avatar\/7f2c48bdc33b30088f941fb6082e555f2874c98e20cb159d7b92b50eadfce793?s=96&d=mm&r=g","contentUrl":"https:\/\/secure.gravatar.com\/avatar\/7f2c48bdc33b30088f941fb6082e555f2874c98e20cb159d7b92b50eadfce793?s=96&d=mm&r=g","caption":"ulises"},"sameAs":["http:\/\/www.celttv.com.ar"]}]}},"_links":{"self":[{"href":"https:\/\/www.celttv.com.ar\/index.php\/wp-json\/wp\/v2\/posts\/56879","targetHints":{"allow":["GET"]}}],"collection":[{"href":"https:\/\/www.celttv.com.ar\/index.php\/wp-json\/wp\/v2\/posts"}],"about":[{"href":"https:\/\/www.celttv.com.ar\/index.php\/wp-json\/wp\/v2\/types\/post"}],"author":[{"embeddable":true,"href":"https:\/\/www.celttv.com.ar\/index.php\/wp-json\/wp\/v2\/users\/1"}],"replies":[{"embeddable":true,"href":"https:\/\/www.celttv.com.ar\/index.php\/wp-json\/wp\/v2\/comments?post=56879"}],"version-history":[{"count":0,"href":"https:\/\/www.celttv.com.ar\/index.php\/wp-json\/wp\/v2\/posts\/56879\/revisions"}],"wp:featuredmedia":[{"embeddable":true,"href":"https:\/\/www.celttv.com.ar\/index.php\/wp-json\/wp\/v2\/media\/56880"}],"wp:attachment":[{"href":"https:\/\/www.celttv.com.ar\/index.php\/wp-json\/wp\/v2\/media?parent=56879"}],"wp:term":[{"taxonomy":"category","embeddable":true,"href":"https:\/\/www.celttv.com.ar\/index.php\/wp-json\/wp\/v2\/categories?post=56879"},{"taxonomy":"post_tag","embeddable":true,"href":"https:\/\/www.celttv.com.ar\/index.php\/wp-json\/wp\/v2\/tags?post=56879"}],"curies":[{"name":"wp","href":"https:\/\/api.w.org\/{rel}","templated":true}]}}