{"id":56922,"date":"2021-04-07T21:17:50","date_gmt":"2021-04-07T21:17:50","guid":{"rendered":"http:\/\/www.celttv.com.ar\/?p=56922"},"modified":"2021-04-07T21:17:50","modified_gmt":"2021-04-07T21:17:50","slug":"juanito-salazar-de-automoto-a-argentinos-juniors","status":"publish","type":"post","link":"https:\/\/www.celttv.com.ar\/index.php\/2021\/04\/07\/juanito-salazar-de-automoto-a-argentinos-juniors\/","title":{"rendered":"\u201cJuanito\u201d Salazar, de Automoto a Argentinos Juniors"},"content":{"rendered":"\n<p>El coordinador de las divisiones inferiores de Automoto y director t\u00e9cnico de Reserva, Quinta y Sexta, Juan Salazar, est\u00e1 viviendo por estas horas una experiencia por dem\u00e1s importante desde el punto de vista profesional: se encuentra observando los entrenamientos del f\u00fatbol formativo de Argentinos Juniors.<\/p>\n\n\n\n<p>&nbsp;&nbsp; La invitaci\u00f3n elevada a la instituci\u00f3n azulgrana por Marcelo Katz, representante en nuestra zona del Departamento de Captaci\u00f3n del \u201cBicho\u201d, permiti\u00f3 que \u201cJuanito\u201d acceda a una capacitaci\u00f3n basada en el seguimiento de las distintas pr\u00e1cticas semanales y charlas con los responsables de las categor\u00edas.<\/p>\n\n\n\n<p>&nbsp;&nbsp; \u201cQue nos abran las puertas de esta manera es muy positivo para nosotros\u201d, se\u00f1al\u00f3 Salazar, quien lleg\u00f3 el martes a la Ciudad Aut\u00f3noma de Buenos Aires y permanecer\u00e1 hasta el pr\u00f3ximo viernes.<\/p>\n\n\n\n<p>&nbsp;&nbsp; \u201cTienen una forma muy ordenada de llevar adelante los entrenamientos, con un importante cronograma de trabajo. Desarrollan distintos circuitos y siempre buscan velocidad en el juego y presi\u00f3n inmediata\u201d, coment\u00f3.<\/p>\n\n\n\n<p>&nbsp;&nbsp; Argentinos Juniors cuenta con un predio en cercan\u00edas de la Autopista Dellepiane, en el barrio capitalino de Flores.<\/p>\n\n\n\n<p>&nbsp;&nbsp; \u201cTienen entre 30 y 35 jugadores por categor\u00eda. El predio cuenta con 9 canchas, dos de ellas de piso sint\u00e9tico, una de arena y otras dos de tierra. Incluso, est\u00e1n armando alguna m\u00e1s. El lugar es realmente muy bueno\u201d, cont\u00f3.<\/p>\n\n\n\n<p>&nbsp;&nbsp; Esta experiencia que hoy est\u00e1 viviendo \u201cJuanito\u201d Salazar tiene como sustento el proyecto de divisiones formativas iniciado por Automoto hace algunos a\u00f1os y que busca continuidad a futuro. La idea de la dirigencia es afianzando ese proyecto, que tiene como principal objetivo apostar a la formaci\u00f3n de j\u00f3venes tanto en el aspecto deportivo como social.<\/p>\n\n\n\n<p>&nbsp;&nbsp; Sin dudas, esta capacitaci\u00f3n es una posibilidad muy trascendente para la instituci\u00f3n, debido a que no s\u00f3lo permitir\u00e1 un crecimiento profesional del DT, sino tambi\u00e9n de toda la estructura futbol\u00edstica.<\/p>\n\n\n\n<p>Departamento de Prensa \u2013 Automoto Club Deportivo<\/p>\n\n\n\n<p>www.clubautomotopasion.com.ar<\/p>\n\n\n\n<p>Facebook: \/automototornquist<\/p>\n\n\n\n<p>Twitter: @ClubAutomoto<\/p>\n\n\n\n<p>YouTube: acdtvideos<\/p>\n\n\n\n<figure class=\"wp-block-image size-large\"><img loading=\"lazy\" decoding=\"async\" width=\"960\" height=\"1280\" src=\"http:\/\/www.celttv.com.ar\/wp-content\/uploads\/2021\/04\/001.jpeg\" alt=\"\" class=\"wp-image-56923\" srcset=\"https:\/\/www.celttv.com.ar\/wp-content\/uploads\/2021\/04\/001.jpeg 960w, https:\/\/www.celttv.com.ar\/wp-content\/uploads\/2021\/04\/001-225x300.jpeg 225w, https:\/\/www.celttv.com.ar\/wp-content\/uploads\/2021\/04\/001-768x1024.jpeg 768w, https:\/\/www.celttv.com.ar\/wp-content\/uploads\/2021\/04\/001-750x1000.jpeg 750w\" sizes=\"auto, (max-width: 960px) 100vw, 960px\" \/><\/figure>\n\n\n\n<figure class=\"wp-block-image size-large\"><img loading=\"lazy\" decoding=\"async\" width=\"1156\" height=\"868\" src=\"http:\/\/www.celttv.com.ar\/wp-content\/uploads\/2021\/04\/003.jpeg\" alt=\"\" class=\"wp-image-56924\" srcset=\"https:\/\/www.celttv.com.ar\/wp-content\/uploads\/2021\/04\/003.jpeg 1156w, https:\/\/www.celttv.com.ar\/wp-content\/uploads\/2021\/04\/003-300x225.jpeg 300w, https:\/\/www.celttv.com.ar\/wp-content\/uploads\/2021\/04\/003-1024x769.jpeg 1024w, https:\/\/www.celttv.com.ar\/wp-content\/uploads\/2021\/04\/003-768x577.jpeg 768w, https:\/\/www.celttv.com.ar\/wp-content\/uploads\/2021\/04\/003-750x563.jpeg 750w, https:\/\/www.celttv.com.ar\/wp-content\/uploads\/2021\/04\/003-1140x856.jpeg 1140w\" sizes=\"auto, (max-width: 1156px) 100vw, 1156px\" \/><\/figure>\n\n\n\n<figure class=\"wp-block-image size-large\"><img loading=\"lazy\" decoding=\"async\" width=\"1156\" height=\"868\" src=\"http:\/\/www.celttv.com.ar\/wp-content\/uploads\/2021\/04\/004.jpeg\" alt=\"\" class=\"wp-image-56925\" srcset=\"https:\/\/www.celttv.com.ar\/wp-content\/uploads\/2021\/04\/004.jpeg 1156w, https:\/\/www.celttv.com.ar\/wp-content\/uploads\/2021\/04\/004-300x225.jpeg 300w, https:\/\/www.celttv.com.ar\/wp-content\/uploads\/2021\/04\/004-1024x769.jpeg 1024w, https:\/\/www.celttv.com.ar\/wp-content\/uploads\/2021\/04\/004-768x577.jpeg 768w, https:\/\/www.celttv.com.ar\/wp-content\/uploads\/2021\/04\/004-750x563.jpeg 750w, https:\/\/www.celttv.com.ar\/wp-content\/uploads\/2021\/04\/004-1140x856.jpeg 1140w\" sizes=\"auto, (max-width: 1156px) 100vw, 1156px\" \/><\/figure>\n\n\n\n<figure class=\"wp-block-image size-large\"><img loading=\"lazy\" decoding=\"async\" width=\"960\" height=\"1280\" src=\"http:\/\/www.celttv.com.ar\/wp-content\/uploads\/2021\/04\/006.jpeg\" alt=\"\" class=\"wp-image-56926\" srcset=\"https:\/\/www.celttv.com.ar\/wp-content\/uploads\/2021\/04\/006.jpeg 960w, https:\/\/www.celttv.com.ar\/wp-content\/uploads\/2021\/04\/006-225x300.jpeg 225w, https:\/\/www.celttv.com.ar\/wp-content\/uploads\/2021\/04\/006-768x1024.jpeg 768w, https:\/\/www.celttv.com.ar\/wp-content\/uploads\/2021\/04\/006-750x1000.jpeg 750w\" sizes=\"auto, (max-width: 960px) 100vw, 960px\" \/><\/figure>\n\n\n\n<figure class=\"wp-block-image size-large\"><img loading=\"lazy\" decoding=\"async\" width=\"960\" height=\"1280\" src=\"http:\/\/www.celttv.com.ar\/wp-content\/uploads\/2021\/04\/009.jpeg\" alt=\"\" class=\"wp-image-56927\" srcset=\"https:\/\/www.celttv.com.ar\/wp-content\/uploads\/2021\/04\/009.jpeg 960w, https:\/\/www.celttv.com.ar\/wp-content\/uploads\/2021\/04\/009-225x300.jpeg 225w, https:\/\/www.celttv.com.ar\/wp-content\/uploads\/2021\/04\/009-768x1024.jpeg 768w, https:\/\/www.celttv.com.ar\/wp-content\/uploads\/2021\/04\/009-750x1000.jpeg 750w\" sizes=\"auto, (max-width: 960px) 100vw, 960px\" \/><\/figure>\n","protected":false},"excerpt":{"rendered":"<p>El coordinador de las divisiones inferiores de Automoto y director t\u00e9cnico de Reserva, Quinta y Sexta, Juan Salazar, est\u00e1 viviendo por estas horas una experiencia por dem\u00e1s importante desde el punto de vista profesional: se encuentra observando los entrenamientos del f\u00fatbol formativo de Argentinos Juniors. &nbsp;&nbsp; La invitaci\u00f3n elevada a la instituci\u00f3n azulgrana por Marcelo [&hellip;]<\/p>\n","protected":false},"author":1,"featured_media":56923,"comment_status":"closed","ping_status":"open","sticky":false,"template":"","format":"standard","meta":{"footnotes":""},"categories":[55,60,62,52,63],"tags":[],"class_list":["post-56922","post","type-post","status-publish","format-standard","has-post-thumbnail","hentry","category-celt-tv-noticias","category-deporte","category-deportes","category-destacadas","category-magazine-sport"],"yoast_head":"<!-- This site is optimized with the Yoast SEO plugin v19.7.1 - https:\/\/yoast.com\/wordpress\/plugins\/seo\/ -->\n<title>\u201cJuanito\u201d Salazar, de Automoto a Argentinos Juniors - CELTTV<\/title>\n<meta name=\"description\" content=\"Sitio web de noticias de la localidad de Tornquist, provincia de Buenos Aires, Rep\u00fablica Argentina. Contenido propio originado por periodistas de CELTTV, el canal de TV local de la Cooperativa El\u00e9ctrica de Tornquist. Turismo, Pol\u00edtica, Sociedad, Deporte, Cultura y todo el contenido de inter\u00e9s general que la gente del pueblo y la regi\u00f3n debe conocer.\" \/>\n<meta name=\"robots\" content=\"index, follow, max-snippet:-1, max-image-preview:large, max-video-preview:-1\" \/>\n<link rel=\"canonical\" href=\"https:\/\/www.celttv.com.ar\/index.php\/2021\/04\/07\/juanito-salazar-de-automoto-a-argentinos-juniors\/\" \/>\n<meta property=\"og:locale\" content=\"es_ES\" \/>\n<meta property=\"og:type\" content=\"article\" \/>\n<meta property=\"og:title\" content=\"\u201cJuanito\u201d Salazar, de Automoto a Argentinos Juniors - CELTTV\" \/>\n<meta property=\"og:description\" content=\"Sitio web de noticias de la localidad de Tornquist, provincia de Buenos Aires, Rep\u00fablica Argentina. Contenido propio originado por periodistas de CELTTV, el canal de TV local de la Cooperativa El\u00e9ctrica de Tornquist. Turismo, Pol\u00edtica, Sociedad, Deporte, Cultura y todo el contenido de inter\u00e9s general que la gente del pueblo y la regi\u00f3n debe conocer.\" \/>\n<meta property=\"og:url\" content=\"https:\/\/www.celttv.com.ar\/index.php\/2021\/04\/07\/juanito-salazar-de-automoto-a-argentinos-juniors\/\" \/>\n<meta property=\"og:site_name\" content=\"CELTTV\" \/>\n<meta property=\"article:publisher\" content=\"https:\/\/www.facebook.com\/celtTV\/\" \/>\n<meta property=\"article:published_time\" content=\"2021-04-07T21:17:50+00:00\" \/>\n<meta property=\"og:image\" content=\"https:\/\/www.celttv.com.ar\/wp-content\/uploads\/2021\/04\/001.jpeg\" \/>\n\t<meta property=\"og:image:width\" content=\"960\" \/>\n\t<meta property=\"og:image:height\" content=\"1280\" \/>\n\t<meta property=\"og:image:type\" content=\"image\/jpeg\" \/>\n<meta name=\"author\" content=\"ulises\" \/>\n<meta name=\"twitter:card\" content=\"summary_large_image\" \/>\n<meta name=\"twitter:label1\" content=\"Escrito por\" \/>\n\t<meta name=\"twitter:data1\" content=\"ulises\" \/>\n\t<meta name=\"twitter:label2\" content=\"Tiempo de lectura\" \/>\n\t<meta name=\"twitter:data2\" content=\"2 minutos\" \/>\n<script type=\"application\/ld+json\" class=\"yoast-schema-graph\">{\"@context\":\"https:\/\/schema.org\",\"@graph\":[{\"@type\":\"NewsArticle\",\"@id\":\"https:\/\/www.celttv.com.ar\/index.php\/2021\/04\/07\/juanito-salazar-de-automoto-a-argentinos-juniors\/#article\",\"isPartOf\":{\"@id\":\"https:\/\/www.celttv.com.ar\/index.php\/2021\/04\/07\/juanito-salazar-de-automoto-a-argentinos-juniors\/\"},\"author\":{\"name\":\"ulises\",\"@id\":\"https:\/\/www.celttv.com.ar\/#\/schema\/person\/6d99c072dba59953809c81446e9d0ace\"},\"headline\":\"\u201cJuanito\u201d Salazar, de Automoto a Argentinos Juniors\",\"datePublished\":\"2021-04-07T21:17:50+00:00\",\"dateModified\":\"2021-04-07T21:17:50+00:00\",\"mainEntityOfPage\":{\"@id\":\"https:\/\/www.celttv.com.ar\/index.php\/2021\/04\/07\/juanito-salazar-de-automoto-a-argentinos-juniors\/\"},\"wordCount\":354,\"publisher\":{\"@id\":\"https:\/\/www.celttv.com.ar\/#organization\"},\"articleSection\":[\"Celt TV Noticias\",\"Deporte\",\"Deportes\",\"Destacadas\",\"Magazine Sport\"],\"inLanguage\":\"es\"},{\"@type\":\"WebPage\",\"@id\":\"https:\/\/www.celttv.com.ar\/index.php\/2021\/04\/07\/juanito-salazar-de-automoto-a-argentinos-juniors\/\",\"url\":\"https:\/\/www.celttv.com.ar\/index.php\/2021\/04\/07\/juanito-salazar-de-automoto-a-argentinos-juniors\/\",\"name\":\"\u201cJuanito\u201d Salazar, de Automoto a Argentinos Juniors - CELTTV\",\"isPartOf\":{\"@id\":\"https:\/\/www.celttv.com.ar\/#website\"},\"datePublished\":\"2021-04-07T21:17:50+00:00\",\"dateModified\":\"2021-04-07T21:17:50+00:00\",\"description\":\"Sitio web de noticias de la localidad de Tornquist, provincia de Buenos Aires, Rep\u00fablica Argentina. Contenido propio originado por periodistas de CELTTV, el canal de TV local de la Cooperativa El\u00e9ctrica de Tornquist. Turismo, Pol\u00edtica, Sociedad, Deporte, Cultura y todo el contenido de inter\u00e9s general que la gente del pueblo y la regi\u00f3n debe conocer.\",\"breadcrumb\":{\"@id\":\"https:\/\/www.celttv.com.ar\/index.php\/2021\/04\/07\/juanito-salazar-de-automoto-a-argentinos-juniors\/#breadcrumb\"},\"inLanguage\":\"es\",\"potentialAction\":[{\"@type\":\"ReadAction\",\"target\":[\"https:\/\/www.celttv.com.ar\/index.php\/2021\/04\/07\/juanito-salazar-de-automoto-a-argentinos-juniors\/\"]}]},{\"@type\":\"BreadcrumbList\",\"@id\":\"https:\/\/www.celttv.com.ar\/index.php\/2021\/04\/07\/juanito-salazar-de-automoto-a-argentinos-juniors\/#breadcrumb\",\"itemListElement\":[{\"@type\":\"ListItem\",\"position\":1,\"name\":\"Inicio\",\"item\":\"https:\/\/www.celttv.com.ar\/\"},{\"@type\":\"ListItem\",\"position\":2,\"name\":\"\u201cJuanito\u201d Salazar, de Automoto a Argentinos Juniors\"}]},{\"@type\":\"WebSite\",\"@id\":\"https:\/\/www.celttv.com.ar\/#website\",\"url\":\"https:\/\/www.celttv.com.ar\/\",\"name\":\"CELTTV\",\"description\":\"Cooperativa El\u00e9ctrica de Tornquist\",\"publisher\":{\"@id\":\"https:\/\/www.celttv.com.ar\/#organization\"},\"potentialAction\":[{\"@type\":\"SearchAction\",\"target\":{\"@type\":\"EntryPoint\",\"urlTemplate\":\"https:\/\/www.celttv.com.ar\/?s={search_term_string}\"},\"query-input\":\"required name=search_term_string\"}],\"inLanguage\":\"es\"},{\"@type\":\"Organization\",\"@id\":\"https:\/\/www.celttv.com.ar\/#organization\",\"name\":\"CELTTV\",\"url\":\"https:\/\/www.celttv.com.ar\/\",\"sameAs\":[\"https:\/\/www.youtube.com\/channel\/UCz_oIt8Hig64Ub-EmcNPIhg\",\"https:\/\/www.facebook.com\/celtTV\/\"],\"logo\":{\"@type\":\"ImageObject\",\"inLanguage\":\"es\",\"@id\":\"https:\/\/www.celttv.com.ar\/#\/schema\/logo\/image\/\",\"url\":\"http:\/\/www.celttv.com.ar\/wp-content\/uploads\/2022\/08\/logo-1.png\",\"contentUrl\":\"http:\/\/www.celttv.com.ar\/wp-content\/uploads\/2022\/08\/logo-1.png\",\"width\":461,\"height\":159,\"caption\":\"CELTTV\"},\"image\":{\"@id\":\"https:\/\/www.celttv.com.ar\/#\/schema\/logo\/image\/\"}},{\"@type\":\"Person\",\"@id\":\"https:\/\/www.celttv.com.ar\/#\/schema\/person\/6d99c072dba59953809c81446e9d0ace\",\"name\":\"ulises\",\"image\":{\"@type\":\"ImageObject\",\"inLanguage\":\"es\",\"@id\":\"https:\/\/www.celttv.com.ar\/#\/schema\/person\/image\/\",\"url\":\"https:\/\/secure.gravatar.com\/avatar\/7f2c48bdc33b30088f941fb6082e555f2874c98e20cb159d7b92b50eadfce793?s=96&d=mm&r=g\",\"contentUrl\":\"https:\/\/secure.gravatar.com\/avatar\/7f2c48bdc33b30088f941fb6082e555f2874c98e20cb159d7b92b50eadfce793?s=96&d=mm&r=g\",\"caption\":\"ulises\"},\"sameAs\":[\"http:\/\/www.celttv.com.ar\"]}]}<\/script>\n<!-- \/ Yoast SEO plugin. -->","yoast_head_json":{"title":"\u201cJuanito\u201d Salazar, de Automoto a Argentinos Juniors - CELTTV","description":"Sitio web de noticias de la localidad de Tornquist, provincia de Buenos Aires, Rep\u00fablica Argentina. Contenido propio originado por periodistas de CELTTV, el canal de TV local de la Cooperativa El\u00e9ctrica de Tornquist. Turismo, Pol\u00edtica, Sociedad, Deporte, Cultura y todo el contenido de inter\u00e9s general que la gente del pueblo y la regi\u00f3n debe conocer.","robots":{"index":"index","follow":"follow","max-snippet":"max-snippet:-1","max-image-preview":"max-image-preview:large","max-video-preview":"max-video-preview:-1"},"canonical":"https:\/\/www.celttv.com.ar\/index.php\/2021\/04\/07\/juanito-salazar-de-automoto-a-argentinos-juniors\/","og_locale":"es_ES","og_type":"article","og_title":"\u201cJuanito\u201d Salazar, de Automoto a Argentinos Juniors - CELTTV","og_description":"Sitio web de noticias de la localidad de Tornquist, provincia de Buenos Aires, Rep\u00fablica Argentina. Contenido propio originado por periodistas de CELTTV, el canal de TV local de la Cooperativa El\u00e9ctrica de Tornquist. Turismo, Pol\u00edtica, Sociedad, Deporte, Cultura y todo el contenido de inter\u00e9s general que la gente del pueblo y la regi\u00f3n debe conocer.","og_url":"https:\/\/www.celttv.com.ar\/index.php\/2021\/04\/07\/juanito-salazar-de-automoto-a-argentinos-juniors\/","og_site_name":"CELTTV","article_publisher":"https:\/\/www.facebook.com\/celtTV\/","article_published_time":"2021-04-07T21:17:50+00:00","og_image":[{"width":960,"height":1280,"url":"https:\/\/www.celttv.com.ar\/wp-content\/uploads\/2021\/04\/001.jpeg","type":"image\/jpeg"}],"author":"ulises","twitter_card":"summary_large_image","twitter_misc":{"Escrito por":"ulises","Tiempo de lectura":"2 minutos"},"schema":{"@context":"https:\/\/schema.org","@graph":[{"@type":"NewsArticle","@id":"https:\/\/www.celttv.com.ar\/index.php\/2021\/04\/07\/juanito-salazar-de-automoto-a-argentinos-juniors\/#article","isPartOf":{"@id":"https:\/\/www.celttv.com.ar\/index.php\/2021\/04\/07\/juanito-salazar-de-automoto-a-argentinos-juniors\/"},"author":{"name":"ulises","@id":"https:\/\/www.celttv.com.ar\/#\/schema\/person\/6d99c072dba59953809c81446e9d0ace"},"headline":"\u201cJuanito\u201d Salazar, de Automoto a Argentinos Juniors","datePublished":"2021-04-07T21:17:50+00:00","dateModified":"2021-04-07T21:17:50+00:00","mainEntityOfPage":{"@id":"https:\/\/www.celttv.com.ar\/index.php\/2021\/04\/07\/juanito-salazar-de-automoto-a-argentinos-juniors\/"},"wordCount":354,"publisher":{"@id":"https:\/\/www.celttv.com.ar\/#organization"},"articleSection":["Celt TV Noticias","Deporte","Deportes","Destacadas","Magazine Sport"],"inLanguage":"es"},{"@type":"WebPage","@id":"https:\/\/www.celttv.com.ar\/index.php\/2021\/04\/07\/juanito-salazar-de-automoto-a-argentinos-juniors\/","url":"https:\/\/www.celttv.com.ar\/index.php\/2021\/04\/07\/juanito-salazar-de-automoto-a-argentinos-juniors\/","name":"\u201cJuanito\u201d Salazar, de Automoto a Argentinos Juniors - CELTTV","isPartOf":{"@id":"https:\/\/www.celttv.com.ar\/#website"},"datePublished":"2021-04-07T21:17:50+00:00","dateModified":"2021-04-07T21:17:50+00:00","description":"Sitio web de noticias de la localidad de Tornquist, provincia de Buenos Aires, Rep\u00fablica Argentina. Contenido propio originado por periodistas de CELTTV, el canal de TV local de la Cooperativa El\u00e9ctrica de Tornquist. Turismo, Pol\u00edtica, Sociedad, Deporte, Cultura y todo el contenido de inter\u00e9s general que la gente del pueblo y la regi\u00f3n debe conocer.","breadcrumb":{"@id":"https:\/\/www.celttv.com.ar\/index.php\/2021\/04\/07\/juanito-salazar-de-automoto-a-argentinos-juniors\/#breadcrumb"},"inLanguage":"es","potentialAction":[{"@type":"ReadAction","target":["https:\/\/www.celttv.com.ar\/index.php\/2021\/04\/07\/juanito-salazar-de-automoto-a-argentinos-juniors\/"]}]},{"@type":"BreadcrumbList","@id":"https:\/\/www.celttv.com.ar\/index.php\/2021\/04\/07\/juanito-salazar-de-automoto-a-argentinos-juniors\/#breadcrumb","itemListElement":[{"@type":"ListItem","position":1,"name":"Inicio","item":"https:\/\/www.celttv.com.ar\/"},{"@type":"ListItem","position":2,"name":"\u201cJuanito\u201d Salazar, de Automoto a Argentinos Juniors"}]},{"@type":"WebSite","@id":"https:\/\/www.celttv.com.ar\/#website","url":"https:\/\/www.celttv.com.ar\/","name":"CELTTV","description":"Cooperativa El\u00e9ctrica de Tornquist","publisher":{"@id":"https:\/\/www.celttv.com.ar\/#organization"},"potentialAction":[{"@type":"SearchAction","target":{"@type":"EntryPoint","urlTemplate":"https:\/\/www.celttv.com.ar\/?s={search_term_string}"},"query-input":"required name=search_term_string"}],"inLanguage":"es"},{"@type":"Organization","@id":"https:\/\/www.celttv.com.ar\/#organization","name":"CELTTV","url":"https:\/\/www.celttv.com.ar\/","sameAs":["https:\/\/www.youtube.com\/channel\/UCz_oIt8Hig64Ub-EmcNPIhg","https:\/\/www.facebook.com\/celtTV\/"],"logo":{"@type":"ImageObject","inLanguage":"es","@id":"https:\/\/www.celttv.com.ar\/#\/schema\/logo\/image\/","url":"http:\/\/www.celttv.com.ar\/wp-content\/uploads\/2022\/08\/logo-1.png","contentUrl":"http:\/\/www.celttv.com.ar\/wp-content\/uploads\/2022\/08\/logo-1.png","width":461,"height":159,"caption":"CELTTV"},"image":{"@id":"https:\/\/www.celttv.com.ar\/#\/schema\/logo\/image\/"}},{"@type":"Person","@id":"https:\/\/www.celttv.com.ar\/#\/schema\/person\/6d99c072dba59953809c81446e9d0ace","name":"ulises","image":{"@type":"ImageObject","inLanguage":"es","@id":"https:\/\/www.celttv.com.ar\/#\/schema\/person\/image\/","url":"https:\/\/secure.gravatar.com\/avatar\/7f2c48bdc33b30088f941fb6082e555f2874c98e20cb159d7b92b50eadfce793?s=96&d=mm&r=g","contentUrl":"https:\/\/secure.gravatar.com\/avatar\/7f2c48bdc33b30088f941fb6082e555f2874c98e20cb159d7b92b50eadfce793?s=96&d=mm&r=g","caption":"ulises"},"sameAs":["http:\/\/www.celttv.com.ar"]}]}},"_links":{"self":[{"href":"https:\/\/www.celttv.com.ar\/index.php\/wp-json\/wp\/v2\/posts\/56922","targetHints":{"allow":["GET"]}}],"collection":[{"href":"https:\/\/www.celttv.com.ar\/index.php\/wp-json\/wp\/v2\/posts"}],"about":[{"href":"https:\/\/www.celttv.com.ar\/index.php\/wp-json\/wp\/v2\/types\/post"}],"author":[{"embeddable":true,"href":"https:\/\/www.celttv.com.ar\/index.php\/wp-json\/wp\/v2\/users\/1"}],"replies":[{"embeddable":true,"href":"https:\/\/www.celttv.com.ar\/index.php\/wp-json\/wp\/v2\/comments?post=56922"}],"version-history":[{"count":0,"href":"https:\/\/www.celttv.com.ar\/index.php\/wp-json\/wp\/v2\/posts\/56922\/revisions"}],"wp:featuredmedia":[{"embeddable":true,"href":"https:\/\/www.celttv.com.ar\/index.php\/wp-json\/wp\/v2\/media\/56923"}],"wp:attachment":[{"href":"https:\/\/www.celttv.com.ar\/index.php\/wp-json\/wp\/v2\/media?parent=56922"}],"wp:term":[{"taxonomy":"category","embeddable":true,"href":"https:\/\/www.celttv.com.ar\/index.php\/wp-json\/wp\/v2\/categories?post=56922"},{"taxonomy":"post_tag","embeddable":true,"href":"https:\/\/www.celttv.com.ar\/index.php\/wp-json\/wp\/v2\/tags?post=56922"}],"curies":[{"name":"wp","href":"https:\/\/api.w.org\/{rel}","templated":true}]}}