{"id":56937,"date":"2021-04-08T12:47:44","date_gmt":"2021-04-08T12:47:44","guid":{"rendered":"http:\/\/www.celttv.com.ar\/?p=56937"},"modified":"2021-04-08T12:47:44","modified_gmt":"2021-04-08T12:47:44","slug":"bordoni-inauguracion-de-la-uti-la-vacunacion-contra-el-covid-19-y-el-nuevo-dnu","status":"publish","type":"post","link":"https:\/\/www.celttv.com.ar\/index.php\/2021\/04\/08\/bordoni-inauguracion-de-la-uti-la-vacunacion-contra-el-covid-19-y-el-nuevo-dnu\/","title":{"rendered":"Bordoni: inauguraci\u00f3n de la  UTI, la vacunaci\u00f3n contra el COVID-19 y el nuevo DNU"},"content":{"rendered":"\n<p>El intendente Sergio Bordoni, en di\u00e1logo con CELTTV NOTICIAS , se refiri\u00f3 a la situaci\u00f3n actual del plan de vacunaci\u00f3n contra el COVID-19 que se est\u00e1 llevando adelante en el distrito.<\/p>\n\n\n\n<p>&#8220;En los pr\u00f3ximos d\u00edas vamos a estar recibiendo m\u00e1s dosis. Ya se ha vacunado un porcentaje importante de la poblaci\u00f3n pero necesitamos que la gente del distrito se anote para que el gobierno nos env\u00ede m\u00e1s dosis&#8221;, manifest\u00f3 Bordoni.  <\/p>\n\n\n\n<figure class=\"wp-block-embed is-type-video is-provider-youtube wp-block-embed-youtube wp-embed-aspect-16-9 wp-has-aspect-ratio\"><div class=\"wp-block-embed__wrapper\">\n<iframe loading=\"lazy\" title=\"2021 04 07 SERGIO BORDONI   VACUNACION\" width=\"500\" height=\"281\" src=\"https:\/\/www.youtube.com\/embed\/TahDqq91seY?feature=oembed\" frameborder=\"0\" allow=\"accelerometer; autoplay; clipboard-write; encrypted-media; gyroscope; picture-in-picture; web-share\" referrerpolicy=\"strict-origin-when-cross-origin\" allowfullscreen><\/iframe>\n<\/div><\/figure>\n\n\n\n<p>Por otro lado, y en el marco de la inauguraci\u00f3n de la Unidad de Terapia Intensiva en el Hospital Municipal de Tornquist, el jefe comunal asegur\u00f3 que &#8220;representa un paso trascendental para el \u00e1rea de salud&#8221;<\/p>\n\n\n\n<p>&#8220;La pandemia aceler\u00f3 la cristalizaci\u00f3n de este sue\u00f1o, el cual fue anhelado -con el paso de los a\u00f1os- por tanta gente del distrito. La segunda ola del COVID-19 nos encuentra m\u00e1s preparados que en el 2020 y con los profesionales contratados que trabajar\u00e1n en la terapia intensiva&#8221;, subray\u00f3.<\/p>\n\n\n\n<figure class=\"wp-block-embed is-type-video is-provider-youtube wp-block-embed-youtube wp-embed-aspect-16-9 wp-has-aspect-ratio\"><div class=\"wp-block-embed__wrapper\">\n<iframe loading=\"lazy\" title=\"2021 04 07 INAUGURACION TERAPIA INTENSIVA 5 SERGIO BORDONI\" width=\"500\" height=\"281\" src=\"https:\/\/www.youtube.com\/embed\/TGDzsJ7oqb4?feature=oembed\" frameborder=\"0\" allow=\"accelerometer; autoplay; clipboard-write; encrypted-media; gyroscope; picture-in-picture; web-share\" referrerpolicy=\"strict-origin-when-cross-origin\" allowfullscreen><\/iframe>\n<\/div><\/figure>\n\n\n\n<p>Con respecto a las nuevas medidas que adopt\u00f3 el gobierno en el primer DNU (durante la Semana Santa y que se extiende hasta el 9 de abril) y antes de que el presidente de la Naci\u00f3n, Alberto Fern\u00e1ndez, haga el anunci\u00f3 del segundo DNU que se extender\u00e1 hasta el 30 de abril, Bordoni analiz\u00f3 el impacto de las mismas en el distrito. <\/p>\n\n\n\n<figure class=\"wp-block-embed is-type-video is-provider-youtube wp-block-embed-youtube wp-embed-aspect-16-9 wp-has-aspect-ratio\"><div class=\"wp-block-embed__wrapper\">\n<iframe loading=\"lazy\" title=\"2021 04 07 SERGIO BORDONI   MEDIDAS TOMADAS POR EL GOBIERNO NAICONAL\" width=\"500\" height=\"281\" src=\"https:\/\/www.youtube.com\/embed\/s69soQ6MEJg?feature=oembed\" frameborder=\"0\" allow=\"accelerometer; autoplay; clipboard-write; encrypted-media; gyroscope; picture-in-picture; web-share\" referrerpolicy=\"strict-origin-when-cross-origin\" allowfullscreen><\/iframe>\n<\/div><\/figure>\n","protected":false},"excerpt":{"rendered":"<p>El intendente Sergio Bordoni, en di\u00e1logo con CELTTV NOTICIAS , se refiri\u00f3 a la situaci\u00f3n actual del plan de vacunaci\u00f3n contra el COVID-19 que se est\u00e1 llevando adelante en el distrito. &#8220;En los pr\u00f3ximos d\u00edas vamos a estar recibiendo m\u00e1s dosis. Ya se ha vacunado un porcentaje importante de la poblaci\u00f3n pero necesitamos que la [&hellip;]<\/p>\n","protected":false},"author":1,"featured_media":56938,"comment_status":"closed","ping_status":"open","sticky":false,"template":"","format":"standard","meta":{"footnotes":""},"categories":[55,51,52,53],"tags":[],"class_list":["post-56937","post","type-post","status-publish","format-standard","has-post-thumbnail","hentry","category-celt-tv-noticias","category-comunidad","category-destacadas","category-politica"],"yoast_head":"<!-- This site is optimized with the Yoast SEO plugin v19.7.1 - https:\/\/yoast.com\/wordpress\/plugins\/seo\/ -->\n<title>Bordoni: inauguraci\u00f3n de la UTI, la vacunaci\u00f3n contra el COVID-19 y el nuevo DNU - CELTTV<\/title>\n<meta name=\"description\" content=\"Sitio web de noticias de la localidad de Tornquist, provincia de Buenos Aires, Rep\u00fablica Argentina. Contenido propio originado por periodistas de CELTTV, el canal de TV local de la Cooperativa El\u00e9ctrica de Tornquist. Turismo, Pol\u00edtica, Sociedad, Deporte, Cultura y todo el contenido de inter\u00e9s general que la gente del pueblo y la regi\u00f3n debe conocer.\" \/>\n<meta name=\"robots\" content=\"index, follow, max-snippet:-1, max-image-preview:large, max-video-preview:-1\" \/>\n<link rel=\"canonical\" href=\"https:\/\/www.celttv.com.ar\/index.php\/2021\/04\/08\/bordoni-inauguracion-de-la-uti-la-vacunacion-contra-el-covid-19-y-el-nuevo-dnu\/\" \/>\n<meta property=\"og:locale\" content=\"es_ES\" \/>\n<meta property=\"og:type\" content=\"article\" \/>\n<meta property=\"og:title\" content=\"Bordoni: inauguraci\u00f3n de la UTI, la vacunaci\u00f3n contra el COVID-19 y el nuevo DNU - CELTTV\" \/>\n<meta property=\"og:description\" content=\"Sitio web de noticias de la localidad de Tornquist, provincia de Buenos Aires, Rep\u00fablica Argentina. Contenido propio originado por periodistas de CELTTV, el canal de TV local de la Cooperativa El\u00e9ctrica de Tornquist. Turismo, Pol\u00edtica, Sociedad, Deporte, Cultura y todo el contenido de inter\u00e9s general que la gente del pueblo y la regi\u00f3n debe conocer.\" \/>\n<meta property=\"og:url\" content=\"https:\/\/www.celttv.com.ar\/index.php\/2021\/04\/08\/bordoni-inauguracion-de-la-uti-la-vacunacion-contra-el-covid-19-y-el-nuevo-dnu\/\" \/>\n<meta property=\"og:site_name\" content=\"CELTTV\" \/>\n<meta property=\"article:publisher\" content=\"https:\/\/www.facebook.com\/celtTV\/\" \/>\n<meta property=\"article:published_time\" content=\"2021-04-08T12:47:44+00:00\" \/>\n<meta property=\"og:image\" content=\"https:\/\/www.celttv.com.ar\/wp-content\/uploads\/2021\/04\/Sergio-Bordoni.jpg\" \/>\n\t<meta property=\"og:image:width\" content=\"1372\" \/>\n\t<meta property=\"og:image:height\" content=\"694\" \/>\n\t<meta property=\"og:image:type\" content=\"image\/jpeg\" \/>\n<meta name=\"author\" content=\"ulises\" \/>\n<meta name=\"twitter:card\" content=\"summary_large_image\" \/>\n<meta name=\"twitter:label1\" content=\"Escrito por\" \/>\n\t<meta name=\"twitter:data1\" content=\"ulises\" \/>\n\t<meta name=\"twitter:label2\" content=\"Tiempo de lectura\" \/>\n\t<meta name=\"twitter:data2\" content=\"1 minuto\" \/>\n<script type=\"application\/ld+json\" class=\"yoast-schema-graph\">{\"@context\":\"https:\/\/schema.org\",\"@graph\":[{\"@type\":\"NewsArticle\",\"@id\":\"https:\/\/www.celttv.com.ar\/index.php\/2021\/04\/08\/bordoni-inauguracion-de-la-uti-la-vacunacion-contra-el-covid-19-y-el-nuevo-dnu\/#article\",\"isPartOf\":{\"@id\":\"https:\/\/www.celttv.com.ar\/index.php\/2021\/04\/08\/bordoni-inauguracion-de-la-uti-la-vacunacion-contra-el-covid-19-y-el-nuevo-dnu\/\"},\"author\":{\"name\":\"ulises\",\"@id\":\"https:\/\/www.celttv.com.ar\/#\/schema\/person\/6d99c072dba59953809c81446e9d0ace\"},\"headline\":\"Bordoni: inauguraci\u00f3n de la UTI, la vacunaci\u00f3n contra el COVID-19 y el nuevo DNU\",\"datePublished\":\"2021-04-08T12:47:44+00:00\",\"dateModified\":\"2021-04-08T12:47:44+00:00\",\"mainEntityOfPage\":{\"@id\":\"https:\/\/www.celttv.com.ar\/index.php\/2021\/04\/08\/bordoni-inauguracion-de-la-uti-la-vacunacion-contra-el-covid-19-y-el-nuevo-dnu\/\"},\"wordCount\":261,\"publisher\":{\"@id\":\"https:\/\/www.celttv.com.ar\/#organization\"},\"articleSection\":[\"Celt TV Noticias\",\"Comunidad\",\"Destacadas\",\"Pol\u00edtica\"],\"inLanguage\":\"es\"},{\"@type\":\"WebPage\",\"@id\":\"https:\/\/www.celttv.com.ar\/index.php\/2021\/04\/08\/bordoni-inauguracion-de-la-uti-la-vacunacion-contra-el-covid-19-y-el-nuevo-dnu\/\",\"url\":\"https:\/\/www.celttv.com.ar\/index.php\/2021\/04\/08\/bordoni-inauguracion-de-la-uti-la-vacunacion-contra-el-covid-19-y-el-nuevo-dnu\/\",\"name\":\"Bordoni: inauguraci\u00f3n de la UTI, la vacunaci\u00f3n contra el COVID-19 y el nuevo DNU - CELTTV\",\"isPartOf\":{\"@id\":\"https:\/\/www.celttv.com.ar\/#website\"},\"datePublished\":\"2021-04-08T12:47:44+00:00\",\"dateModified\":\"2021-04-08T12:47:44+00:00\",\"description\":\"Sitio web de noticias de la localidad de Tornquist, provincia de Buenos Aires, Rep\u00fablica Argentina. Contenido propio originado por periodistas de CELTTV, el canal de TV local de la Cooperativa El\u00e9ctrica de Tornquist. Turismo, Pol\u00edtica, Sociedad, Deporte, Cultura y todo el contenido de inter\u00e9s general que la gente del pueblo y la regi\u00f3n debe conocer.\",\"breadcrumb\":{\"@id\":\"https:\/\/www.celttv.com.ar\/index.php\/2021\/04\/08\/bordoni-inauguracion-de-la-uti-la-vacunacion-contra-el-covid-19-y-el-nuevo-dnu\/#breadcrumb\"},\"inLanguage\":\"es\",\"potentialAction\":[{\"@type\":\"ReadAction\",\"target\":[\"https:\/\/www.celttv.com.ar\/index.php\/2021\/04\/08\/bordoni-inauguracion-de-la-uti-la-vacunacion-contra-el-covid-19-y-el-nuevo-dnu\/\"]}]},{\"@type\":\"BreadcrumbList\",\"@id\":\"https:\/\/www.celttv.com.ar\/index.php\/2021\/04\/08\/bordoni-inauguracion-de-la-uti-la-vacunacion-contra-el-covid-19-y-el-nuevo-dnu\/#breadcrumb\",\"itemListElement\":[{\"@type\":\"ListItem\",\"position\":1,\"name\":\"Inicio\",\"item\":\"https:\/\/www.celttv.com.ar\/\"},{\"@type\":\"ListItem\",\"position\":2,\"name\":\"Bordoni: inauguraci\u00f3n de la UTI, la vacunaci\u00f3n contra el COVID-19 y el nuevo DNU\"}]},{\"@type\":\"WebSite\",\"@id\":\"https:\/\/www.celttv.com.ar\/#website\",\"url\":\"https:\/\/www.celttv.com.ar\/\",\"name\":\"CELTTV\",\"description\":\"Cooperativa El\u00e9ctrica de Tornquist\",\"publisher\":{\"@id\":\"https:\/\/www.celttv.com.ar\/#organization\"},\"potentialAction\":[{\"@type\":\"SearchAction\",\"target\":{\"@type\":\"EntryPoint\",\"urlTemplate\":\"https:\/\/www.celttv.com.ar\/?s={search_term_string}\"},\"query-input\":\"required name=search_term_string\"}],\"inLanguage\":\"es\"},{\"@type\":\"Organization\",\"@id\":\"https:\/\/www.celttv.com.ar\/#organization\",\"name\":\"CELTTV\",\"url\":\"https:\/\/www.celttv.com.ar\/\",\"sameAs\":[\"https:\/\/www.youtube.com\/channel\/UCz_oIt8Hig64Ub-EmcNPIhg\",\"https:\/\/www.facebook.com\/celtTV\/\"],\"logo\":{\"@type\":\"ImageObject\",\"inLanguage\":\"es\",\"@id\":\"https:\/\/www.celttv.com.ar\/#\/schema\/logo\/image\/\",\"url\":\"http:\/\/www.celttv.com.ar\/wp-content\/uploads\/2022\/08\/logo-1.png\",\"contentUrl\":\"http:\/\/www.celttv.com.ar\/wp-content\/uploads\/2022\/08\/logo-1.png\",\"width\":461,\"height\":159,\"caption\":\"CELTTV\"},\"image\":{\"@id\":\"https:\/\/www.celttv.com.ar\/#\/schema\/logo\/image\/\"}},{\"@type\":\"Person\",\"@id\":\"https:\/\/www.celttv.com.ar\/#\/schema\/person\/6d99c072dba59953809c81446e9d0ace\",\"name\":\"ulises\",\"image\":{\"@type\":\"ImageObject\",\"inLanguage\":\"es\",\"@id\":\"https:\/\/www.celttv.com.ar\/#\/schema\/person\/image\/\",\"url\":\"https:\/\/secure.gravatar.com\/avatar\/7f2c48bdc33b30088f941fb6082e555f2874c98e20cb159d7b92b50eadfce793?s=96&d=mm&r=g\",\"contentUrl\":\"https:\/\/secure.gravatar.com\/avatar\/7f2c48bdc33b30088f941fb6082e555f2874c98e20cb159d7b92b50eadfce793?s=96&d=mm&r=g\",\"caption\":\"ulises\"},\"sameAs\":[\"http:\/\/www.celttv.com.ar\"]}]}<\/script>\n<!-- \/ Yoast SEO plugin. -->","yoast_head_json":{"title":"Bordoni: inauguraci\u00f3n de la UTI, la vacunaci\u00f3n contra el COVID-19 y el nuevo DNU - CELTTV","description":"Sitio web de noticias de la localidad de Tornquist, provincia de Buenos Aires, Rep\u00fablica Argentina. Contenido propio originado por periodistas de CELTTV, el canal de TV local de la Cooperativa El\u00e9ctrica de Tornquist. Turismo, Pol\u00edtica, Sociedad, Deporte, Cultura y todo el contenido de inter\u00e9s general que la gente del pueblo y la regi\u00f3n debe conocer.","robots":{"index":"index","follow":"follow","max-snippet":"max-snippet:-1","max-image-preview":"max-image-preview:large","max-video-preview":"max-video-preview:-1"},"canonical":"https:\/\/www.celttv.com.ar\/index.php\/2021\/04\/08\/bordoni-inauguracion-de-la-uti-la-vacunacion-contra-el-covid-19-y-el-nuevo-dnu\/","og_locale":"es_ES","og_type":"article","og_title":"Bordoni: inauguraci\u00f3n de la UTI, la vacunaci\u00f3n contra el COVID-19 y el nuevo DNU - CELTTV","og_description":"Sitio web de noticias de la localidad de Tornquist, provincia de Buenos Aires, Rep\u00fablica Argentina. Contenido propio originado por periodistas de CELTTV, el canal de TV local de la Cooperativa El\u00e9ctrica de Tornquist. Turismo, Pol\u00edtica, Sociedad, Deporte, Cultura y todo el contenido de inter\u00e9s general que la gente del pueblo y la regi\u00f3n debe conocer.","og_url":"https:\/\/www.celttv.com.ar\/index.php\/2021\/04\/08\/bordoni-inauguracion-de-la-uti-la-vacunacion-contra-el-covid-19-y-el-nuevo-dnu\/","og_site_name":"CELTTV","article_publisher":"https:\/\/www.facebook.com\/celtTV\/","article_published_time":"2021-04-08T12:47:44+00:00","og_image":[{"width":1372,"height":694,"url":"https:\/\/www.celttv.com.ar\/wp-content\/uploads\/2021\/04\/Sergio-Bordoni.jpg","type":"image\/jpeg"}],"author":"ulises","twitter_card":"summary_large_image","twitter_misc":{"Escrito por":"ulises","Tiempo de lectura":"1 minuto"},"schema":{"@context":"https:\/\/schema.org","@graph":[{"@type":"NewsArticle","@id":"https:\/\/www.celttv.com.ar\/index.php\/2021\/04\/08\/bordoni-inauguracion-de-la-uti-la-vacunacion-contra-el-covid-19-y-el-nuevo-dnu\/#article","isPartOf":{"@id":"https:\/\/www.celttv.com.ar\/index.php\/2021\/04\/08\/bordoni-inauguracion-de-la-uti-la-vacunacion-contra-el-covid-19-y-el-nuevo-dnu\/"},"author":{"name":"ulises","@id":"https:\/\/www.celttv.com.ar\/#\/schema\/person\/6d99c072dba59953809c81446e9d0ace"},"headline":"Bordoni: inauguraci\u00f3n de la UTI, la vacunaci\u00f3n contra el COVID-19 y el nuevo DNU","datePublished":"2021-04-08T12:47:44+00:00","dateModified":"2021-04-08T12:47:44+00:00","mainEntityOfPage":{"@id":"https:\/\/www.celttv.com.ar\/index.php\/2021\/04\/08\/bordoni-inauguracion-de-la-uti-la-vacunacion-contra-el-covid-19-y-el-nuevo-dnu\/"},"wordCount":261,"publisher":{"@id":"https:\/\/www.celttv.com.ar\/#organization"},"articleSection":["Celt TV Noticias","Comunidad","Destacadas","Pol\u00edtica"],"inLanguage":"es"},{"@type":"WebPage","@id":"https:\/\/www.celttv.com.ar\/index.php\/2021\/04\/08\/bordoni-inauguracion-de-la-uti-la-vacunacion-contra-el-covid-19-y-el-nuevo-dnu\/","url":"https:\/\/www.celttv.com.ar\/index.php\/2021\/04\/08\/bordoni-inauguracion-de-la-uti-la-vacunacion-contra-el-covid-19-y-el-nuevo-dnu\/","name":"Bordoni: inauguraci\u00f3n de la UTI, la vacunaci\u00f3n contra el COVID-19 y el nuevo DNU - CELTTV","isPartOf":{"@id":"https:\/\/www.celttv.com.ar\/#website"},"datePublished":"2021-04-08T12:47:44+00:00","dateModified":"2021-04-08T12:47:44+00:00","description":"Sitio web de noticias de la localidad de Tornquist, provincia de Buenos Aires, Rep\u00fablica Argentina. Contenido propio originado por periodistas de CELTTV, el canal de TV local de la Cooperativa El\u00e9ctrica de Tornquist. Turismo, Pol\u00edtica, Sociedad, Deporte, Cultura y todo el contenido de inter\u00e9s general que la gente del pueblo y la regi\u00f3n debe conocer.","breadcrumb":{"@id":"https:\/\/www.celttv.com.ar\/index.php\/2021\/04\/08\/bordoni-inauguracion-de-la-uti-la-vacunacion-contra-el-covid-19-y-el-nuevo-dnu\/#breadcrumb"},"inLanguage":"es","potentialAction":[{"@type":"ReadAction","target":["https:\/\/www.celttv.com.ar\/index.php\/2021\/04\/08\/bordoni-inauguracion-de-la-uti-la-vacunacion-contra-el-covid-19-y-el-nuevo-dnu\/"]}]},{"@type":"BreadcrumbList","@id":"https:\/\/www.celttv.com.ar\/index.php\/2021\/04\/08\/bordoni-inauguracion-de-la-uti-la-vacunacion-contra-el-covid-19-y-el-nuevo-dnu\/#breadcrumb","itemListElement":[{"@type":"ListItem","position":1,"name":"Inicio","item":"https:\/\/www.celttv.com.ar\/"},{"@type":"ListItem","position":2,"name":"Bordoni: inauguraci\u00f3n de la UTI, la vacunaci\u00f3n contra el COVID-19 y el nuevo DNU"}]},{"@type":"WebSite","@id":"https:\/\/www.celttv.com.ar\/#website","url":"https:\/\/www.celttv.com.ar\/","name":"CELTTV","description":"Cooperativa El\u00e9ctrica de Tornquist","publisher":{"@id":"https:\/\/www.celttv.com.ar\/#organization"},"potentialAction":[{"@type":"SearchAction","target":{"@type":"EntryPoint","urlTemplate":"https:\/\/www.celttv.com.ar\/?s={search_term_string}"},"query-input":"required name=search_term_string"}],"inLanguage":"es"},{"@type":"Organization","@id":"https:\/\/www.celttv.com.ar\/#organization","name":"CELTTV","url":"https:\/\/www.celttv.com.ar\/","sameAs":["https:\/\/www.youtube.com\/channel\/UCz_oIt8Hig64Ub-EmcNPIhg","https:\/\/www.facebook.com\/celtTV\/"],"logo":{"@type":"ImageObject","inLanguage":"es","@id":"https:\/\/www.celttv.com.ar\/#\/schema\/logo\/image\/","url":"http:\/\/www.celttv.com.ar\/wp-content\/uploads\/2022\/08\/logo-1.png","contentUrl":"http:\/\/www.celttv.com.ar\/wp-content\/uploads\/2022\/08\/logo-1.png","width":461,"height":159,"caption":"CELTTV"},"image":{"@id":"https:\/\/www.celttv.com.ar\/#\/schema\/logo\/image\/"}},{"@type":"Person","@id":"https:\/\/www.celttv.com.ar\/#\/schema\/person\/6d99c072dba59953809c81446e9d0ace","name":"ulises","image":{"@type":"ImageObject","inLanguage":"es","@id":"https:\/\/www.celttv.com.ar\/#\/schema\/person\/image\/","url":"https:\/\/secure.gravatar.com\/avatar\/7f2c48bdc33b30088f941fb6082e555f2874c98e20cb159d7b92b50eadfce793?s=96&d=mm&r=g","contentUrl":"https:\/\/secure.gravatar.com\/avatar\/7f2c48bdc33b30088f941fb6082e555f2874c98e20cb159d7b92b50eadfce793?s=96&d=mm&r=g","caption":"ulises"},"sameAs":["http:\/\/www.celttv.com.ar"]}]}},"_links":{"self":[{"href":"https:\/\/www.celttv.com.ar\/index.php\/wp-json\/wp\/v2\/posts\/56937","targetHints":{"allow":["GET"]}}],"collection":[{"href":"https:\/\/www.celttv.com.ar\/index.php\/wp-json\/wp\/v2\/posts"}],"about":[{"href":"https:\/\/www.celttv.com.ar\/index.php\/wp-json\/wp\/v2\/types\/post"}],"author":[{"embeddable":true,"href":"https:\/\/www.celttv.com.ar\/index.php\/wp-json\/wp\/v2\/users\/1"}],"replies":[{"embeddable":true,"href":"https:\/\/www.celttv.com.ar\/index.php\/wp-json\/wp\/v2\/comments?post=56937"}],"version-history":[{"count":0,"href":"https:\/\/www.celttv.com.ar\/index.php\/wp-json\/wp\/v2\/posts\/56937\/revisions"}],"wp:featuredmedia":[{"embeddable":true,"href":"https:\/\/www.celttv.com.ar\/index.php\/wp-json\/wp\/v2\/media\/56938"}],"wp:attachment":[{"href":"https:\/\/www.celttv.com.ar\/index.php\/wp-json\/wp\/v2\/media?parent=56937"}],"wp:term":[{"taxonomy":"category","embeddable":true,"href":"https:\/\/www.celttv.com.ar\/index.php\/wp-json\/wp\/v2\/categories?post=56937"},{"taxonomy":"post_tag","embeddable":true,"href":"https:\/\/www.celttv.com.ar\/index.php\/wp-json\/wp\/v2\/tags?post=56937"}],"curies":[{"name":"wp","href":"https:\/\/api.w.org\/{rel}","templated":true}]}}