{"id":56947,"date":"2021-04-08T22:01:57","date_gmt":"2021-04-08T22:01:57","guid":{"rendered":"http:\/\/www.celttv.com.ar\/?p=56947"},"modified":"2021-04-08T22:01:57","modified_gmt":"2021-04-08T22:01:57","slug":"prestadores-gastronomicos-locales-realizaron-un-balance-de-la-temporada-y-opinaron-sobre-las-nuevas-medidas-del-dnu-notas-de-celttv-noticias","status":"publish","type":"post","link":"https:\/\/www.celttv.com.ar\/index.php\/2021\/04\/08\/prestadores-gastronomicos-locales-realizaron-un-balance-de-la-temporada-y-opinaron-sobre-las-nuevas-medidas-del-dnu-notas-de-celttv-noticias\/","title":{"rendered":"Prestadores gastron\u00f3micos locales realizaron un balance de la temporada y opinaron sobre las nuevas medidas del DNU. (Notas de CELTTV Noticias)"},"content":{"rendered":"\n<p>Branco De Sabarte (Grun), Alejandro Caporicci (Confiter\u00eda Automoto) y Leandro Robledo (Berraco Pearce), hicieron un balance de la actividad comercial durante la temporada y opinaron sobre las nuevas medidas del DNU. anunciado por el presidente de la Naci\u00f3n.<\/p>\n\n\n\n<p><strong><em>&#8220;El rubro gastron\u00f3mico es el que est\u00e1 pagando todas las consecuencias&#8221;<\/em><\/strong><\/p>\n\n\n\n<p>&#8220;Yo entiendo a la gente que se tiene que cuidar, pero nosotros tambi\u00e9n tenemos que trabajar&#8221; dijo Leandro Robledo de Berraco Pearce, al ser consultado sobre las  recientes medidas anunciadas por el presidente de la Naci\u00f3n mediante un DNU.<\/p>\n\n\n\n<p>&#8220;El verano fue raro, mucho protocolo de por medio, y la gente se cuid\u00f3 y no creo que ning\u00fan caso hay salido de los bares&#8221; subray\u00f3 Leandro.<\/p>\n\n\n\n<p>&#8220;El a\u00f1o pasado estuvimos siete meses cerrados y espero que no vuelva a pasar lo mismo y si ocurre lo mismo ser\u00e1 definitivo porque no hay espalda que aguante semejante cantidad de d\u00edas parados. Y siempre el rubro gastron\u00f3mico es el que est\u00e1 pagando todas la consecuencias desde el inicio de la cuarentena. Creo que hay que ajusta muchas cosas mas y no solamente el rubro gastron\u00f3mico&#8221; asegur\u00f3.<\/p>\n\n\n\n<figure class=\"wp-block-embed is-type-video is-provider-youtube wp-block-embed-youtube wp-embed-aspect-16-9 wp-has-aspect-ratio\"><div class=\"wp-block-embed__wrapper\">\n<iframe loading=\"lazy\" title=\"2021 04 08 NOTAS COMERCIANTES 2 LEONARDO ROBLEDO\" width=\"500\" height=\"281\" src=\"https:\/\/www.youtube.com\/embed\/qkGQewJmdbs?feature=oembed\" frameborder=\"0\" allow=\"accelerometer; autoplay; clipboard-write; encrypted-media; gyroscope; picture-in-picture; web-share\" referrerpolicy=\"strict-origin-when-cross-origin\" allowfullscreen><\/iframe>\n<\/div><\/figure>\n\n\n\n<p><em><strong>&#8220;Creo que se toman decisiones para la tribuna&#8221;<\/strong><\/em><\/p>\n\n\n\n<p>&#8220;El balance para nosotros ha sido positivo, al menos pudimos pasar el verano, que era lo que la ten\u00edamos miedo&#8221; dijo Alejandro Caporicci de Confiter\u00eda Automoto.<\/p>\n\n\n\n<p>&#8220;Tenemos que agradecer a los proveedores y a la gente est\u00e1bamos medianamente volviendo al ruedo. El verano nos sirvi\u00f3 para levantar los muertos que nos dej\u00f3 el invierno y no se si estamos para pasar otro invierno como el que pasamos&#8221; subray\u00f3 Caporicci.<\/p>\n\n\n\n<p>El titular de Confiter\u00eda Automoto se mostr\u00f3 preocupado por los anuncios del mandatario nacional mediante el DNU dado a conocer en las \u00faltimas horas.<\/p>\n\n\n\n<p>&#8220;Al incentivar tanto el miedo y entiendo que estamos en una situaci\u00f3n que nadie se esperaba, pero nosotros no se si estamos para pasar otro a\u00f1o como el anterior donde era pura angustia y no pod\u00edas planificar nada&#8221; se\u00f1al\u00f3.<\/p>\n\n\n\n<p>&#8220;Creo que nosotros no ayudamos en nada cerrando a las 23:00 a las 22:00 o alas 2 de la ma\u00f1ana. Creo que se toman decisiones para la tribuna; nos cierran a los restaurantes y despu\u00e9s en todo un viva la pepa&#8221; dijo Caporicci.<\/p>\n\n\n\n<figure class=\"wp-block-embed is-type-video is-provider-youtube wp-block-embed-youtube wp-embed-aspect-16-9 wp-has-aspect-ratio\"><div class=\"wp-block-embed__wrapper\">\n<iframe loading=\"lazy\" title=\"2021 04 08 NOTAS COMERCIANTES 1 ALEJANDRO CAPORICCI\" width=\"500\" height=\"281\" src=\"https:\/\/www.youtube.com\/embed\/_nrfEjnRlno?feature=oembed\" frameborder=\"0\" allow=\"accelerometer; autoplay; clipboard-write; encrypted-media; gyroscope; picture-in-picture; web-share\" referrerpolicy=\"strict-origin-when-cross-origin\" allowfullscreen><\/iframe>\n<\/div><\/figure>\n\n\n\n<p><strong><em>&#8220;No quedar\u00e1 otra que adaptarse nuevamente a esto y trabajar lo mejor posible&#8221;<\/em><\/strong><\/p>\n\n\n\n<p>&#8220;Con esto del COVID es todo distinto a lo que pens\u00e1bamos pero estamos muy agradecidos a la gente y muy contentos y nos ha sorprendido de lo bien que nos fue, la gente responde muy bien&#8221; dijo Branco De Sabarte de Grun.<\/p>\n\n\n\n<p>&#8220;Las medidas adoptadas la semana anterior con motivo de la pandemia, nos perjudican pero entendemos tambi\u00e9n la situaci\u00f3n del pa\u00eds. Y nos adaptamos a trabajar en ese horario que resulta complicado porque a veces la gente no lo entiende porque no quiere irse a dormir a las 2 de la ma\u00f1ana&#8221; describi\u00f3 Branko.<\/p>\n\n\n\n<p>&#8220;Si las nuevas medidas son hasta las 23:00 hs. ser\u00e1 mas complicado todavia y habr\u00e1 que pensar y adaptarse a esta nueva situaci\u00f3n y no se si se va a poder trabajar con comodidad y no quedar\u00e1 otra que adaptarse nuevamente a esto y trabajar lo mejor posible&#8221; se\u00f1al\u00f3 De Sabarte.<\/p>\n\n\n\n<figure class=\"wp-block-embed is-type-video is-provider-youtube wp-block-embed-youtube wp-embed-aspect-16-9 wp-has-aspect-ratio\"><div class=\"wp-block-embed__wrapper\">\n<iframe loading=\"lazy\" title=\"2021 04 08 NOTAS COMERCIANTES 3 BRANKO DE SABARTE\" width=\"500\" height=\"281\" src=\"https:\/\/www.youtube.com\/embed\/30Gxl7SXqzo?feature=oembed\" frameborder=\"0\" allow=\"accelerometer; autoplay; clipboard-write; encrypted-media; gyroscope; picture-in-picture; web-share\" referrerpolicy=\"strict-origin-when-cross-origin\" allowfullscreen><\/iframe>\n<\/div><\/figure>\n\n\n\n<p><\/p>\n\n\n\n<p><\/p>\n\n\n\n<p><\/p>\n","protected":false},"excerpt":{"rendered":"<p>Branco De Sabarte (Grun), Alejandro Caporicci (Confiter\u00eda Automoto) y Leandro Robledo (Berraco Pearce), hicieron un balance de la actividad comercial durante la temporada y opinaron sobre las nuevas medidas del DNU. anunciado por el presidente de la Naci\u00f3n. &#8220;El rubro gastron\u00f3mico es el que est\u00e1 pagando todas las consecuencias&#8221; &#8220;Yo entiendo a la gente que [&hellip;]<\/p>\n","protected":false},"author":1,"featured_media":56948,"comment_status":"closed","ping_status":"open","sticky":false,"template":"","format":"standard","meta":{"footnotes":""},"categories":[55,51,52],"tags":[],"class_list":["post-56947","post","type-post","status-publish","format-standard","has-post-thumbnail","hentry","category-celt-tv-noticias","category-comunidad","category-destacadas"],"yoast_head":"<!-- This site is optimized with the Yoast SEO plugin v19.7.1 - https:\/\/yoast.com\/wordpress\/plugins\/seo\/ -->\n<title>Prestadores gastron\u00f3micos locales realizaron un balance de la temporada y opinaron sobre las nuevas medidas del DNU. (Notas de CELTTV Noticias) - CELTTV<\/title>\n<meta name=\"description\" content=\"Sitio web de noticias de la localidad de Tornquist, provincia de Buenos Aires, Rep\u00fablica Argentina. Contenido propio originado por periodistas de CELTTV, el canal de TV local de la Cooperativa El\u00e9ctrica de Tornquist. Turismo, Pol\u00edtica, Sociedad, Deporte, Cultura y todo el contenido de inter\u00e9s general que la gente del pueblo y la regi\u00f3n debe conocer.\" \/>\n<meta name=\"robots\" content=\"index, follow, max-snippet:-1, max-image-preview:large, max-video-preview:-1\" \/>\n<link rel=\"canonical\" href=\"https:\/\/www.celttv.com.ar\/index.php\/2021\/04\/08\/prestadores-gastronomicos-locales-realizaron-un-balance-de-la-temporada-y-opinaron-sobre-las-nuevas-medidas-del-dnu-notas-de-celttv-noticias\/\" \/>\n<meta property=\"og:locale\" content=\"es_ES\" \/>\n<meta property=\"og:type\" content=\"article\" \/>\n<meta property=\"og:title\" content=\"Prestadores gastron\u00f3micos locales realizaron un balance de la temporada y opinaron sobre las nuevas medidas del DNU. (Notas de CELTTV Noticias) - CELTTV\" \/>\n<meta property=\"og:description\" content=\"Sitio web de noticias de la localidad de Tornquist, provincia de Buenos Aires, Rep\u00fablica Argentina. Contenido propio originado por periodistas de CELTTV, el canal de TV local de la Cooperativa El\u00e9ctrica de Tornquist. Turismo, Pol\u00edtica, Sociedad, Deporte, Cultura y todo el contenido de inter\u00e9s general que la gente del pueblo y la regi\u00f3n debe conocer.\" \/>\n<meta property=\"og:url\" content=\"https:\/\/www.celttv.com.ar\/index.php\/2021\/04\/08\/prestadores-gastronomicos-locales-realizaron-un-balance-de-la-temporada-y-opinaron-sobre-las-nuevas-medidas-del-dnu-notas-de-celttv-noticias\/\" \/>\n<meta property=\"og:site_name\" content=\"CELTTV\" \/>\n<meta property=\"article:publisher\" content=\"https:\/\/www.facebook.com\/celtTV\/\" \/>\n<meta property=\"article:published_time\" content=\"2021-04-08T22:01:57+00:00\" \/>\n<meta property=\"og:image\" content=\"https:\/\/www.celttv.com.ar\/wp-content\/uploads\/2021\/04\/pestadores-gasstornomicos-localas.jpg\" \/>\n\t<meta property=\"og:image:width\" content=\"762\" \/>\n\t<meta property=\"og:image:height\" content=\"344\" \/>\n\t<meta property=\"og:image:type\" content=\"image\/jpeg\" \/>\n<meta name=\"author\" content=\"ulises\" \/>\n<meta name=\"twitter:card\" content=\"summary_large_image\" \/>\n<meta name=\"twitter:label1\" content=\"Escrito por\" \/>\n\t<meta name=\"twitter:data1\" content=\"ulises\" \/>\n\t<meta name=\"twitter:label2\" content=\"Tiempo de lectura\" \/>\n\t<meta name=\"twitter:data2\" content=\"3 minutos\" \/>\n<script type=\"application\/ld+json\" class=\"yoast-schema-graph\">{\"@context\":\"https:\/\/schema.org\",\"@graph\":[{\"@type\":\"NewsArticle\",\"@id\":\"https:\/\/www.celttv.com.ar\/index.php\/2021\/04\/08\/prestadores-gastronomicos-locales-realizaron-un-balance-de-la-temporada-y-opinaron-sobre-las-nuevas-medidas-del-dnu-notas-de-celttv-noticias\/#article\",\"isPartOf\":{\"@id\":\"https:\/\/www.celttv.com.ar\/index.php\/2021\/04\/08\/prestadores-gastronomicos-locales-realizaron-un-balance-de-la-temporada-y-opinaron-sobre-las-nuevas-medidas-del-dnu-notas-de-celttv-noticias\/\"},\"author\":{\"name\":\"ulises\",\"@id\":\"https:\/\/www.celttv.com.ar\/#\/schema\/person\/6d99c072dba59953809c81446e9d0ace\"},\"headline\":\"Prestadores gastron\u00f3micos locales realizaron un balance de la temporada y opinaron sobre las nuevas medidas del DNU. (Notas de CELTTV Noticias)\",\"datePublished\":\"2021-04-08T22:01:57+00:00\",\"dateModified\":\"2021-04-08T22:01:57+00:00\",\"mainEntityOfPage\":{\"@id\":\"https:\/\/www.celttv.com.ar\/index.php\/2021\/04\/08\/prestadores-gastronomicos-locales-realizaron-un-balance-de-la-temporada-y-opinaron-sobre-las-nuevas-medidas-del-dnu-notas-de-celttv-noticias\/\"},\"wordCount\":582,\"publisher\":{\"@id\":\"https:\/\/www.celttv.com.ar\/#organization\"},\"articleSection\":[\"Celt TV Noticias\",\"Comunidad\",\"Destacadas\"],\"inLanguage\":\"es\"},{\"@type\":\"WebPage\",\"@id\":\"https:\/\/www.celttv.com.ar\/index.php\/2021\/04\/08\/prestadores-gastronomicos-locales-realizaron-un-balance-de-la-temporada-y-opinaron-sobre-las-nuevas-medidas-del-dnu-notas-de-celttv-noticias\/\",\"url\":\"https:\/\/www.celttv.com.ar\/index.php\/2021\/04\/08\/prestadores-gastronomicos-locales-realizaron-un-balance-de-la-temporada-y-opinaron-sobre-las-nuevas-medidas-del-dnu-notas-de-celttv-noticias\/\",\"name\":\"Prestadores gastron\u00f3micos locales realizaron un balance de la temporada y opinaron sobre las nuevas medidas del DNU. (Notas de CELTTV Noticias) - CELTTV\",\"isPartOf\":{\"@id\":\"https:\/\/www.celttv.com.ar\/#website\"},\"datePublished\":\"2021-04-08T22:01:57+00:00\",\"dateModified\":\"2021-04-08T22:01:57+00:00\",\"description\":\"Sitio web de noticias de la localidad de Tornquist, provincia de Buenos Aires, Rep\u00fablica Argentina. Contenido propio originado por periodistas de CELTTV, el canal de TV local de la Cooperativa El\u00e9ctrica de Tornquist. Turismo, Pol\u00edtica, Sociedad, Deporte, Cultura y todo el contenido de inter\u00e9s general que la gente del pueblo y la regi\u00f3n debe conocer.\",\"breadcrumb\":{\"@id\":\"https:\/\/www.celttv.com.ar\/index.php\/2021\/04\/08\/prestadores-gastronomicos-locales-realizaron-un-balance-de-la-temporada-y-opinaron-sobre-las-nuevas-medidas-del-dnu-notas-de-celttv-noticias\/#breadcrumb\"},\"inLanguage\":\"es\",\"potentialAction\":[{\"@type\":\"ReadAction\",\"target\":[\"https:\/\/www.celttv.com.ar\/index.php\/2021\/04\/08\/prestadores-gastronomicos-locales-realizaron-un-balance-de-la-temporada-y-opinaron-sobre-las-nuevas-medidas-del-dnu-notas-de-celttv-noticias\/\"]}]},{\"@type\":\"BreadcrumbList\",\"@id\":\"https:\/\/www.celttv.com.ar\/index.php\/2021\/04\/08\/prestadores-gastronomicos-locales-realizaron-un-balance-de-la-temporada-y-opinaron-sobre-las-nuevas-medidas-del-dnu-notas-de-celttv-noticias\/#breadcrumb\",\"itemListElement\":[{\"@type\":\"ListItem\",\"position\":1,\"name\":\"Inicio\",\"item\":\"https:\/\/www.celttv.com.ar\/\"},{\"@type\":\"ListItem\",\"position\":2,\"name\":\"Prestadores gastron\u00f3micos locales realizaron un balance de la temporada y opinaron sobre las nuevas medidas del DNU. (Notas de CELTTV Noticias)\"}]},{\"@type\":\"WebSite\",\"@id\":\"https:\/\/www.celttv.com.ar\/#website\",\"url\":\"https:\/\/www.celttv.com.ar\/\",\"name\":\"CELTTV\",\"description\":\"Cooperativa El\u00e9ctrica de Tornquist\",\"publisher\":{\"@id\":\"https:\/\/www.celttv.com.ar\/#organization\"},\"potentialAction\":[{\"@type\":\"SearchAction\",\"target\":{\"@type\":\"EntryPoint\",\"urlTemplate\":\"https:\/\/www.celttv.com.ar\/?s={search_term_string}\"},\"query-input\":\"required name=search_term_string\"}],\"inLanguage\":\"es\"},{\"@type\":\"Organization\",\"@id\":\"https:\/\/www.celttv.com.ar\/#organization\",\"name\":\"CELTTV\",\"url\":\"https:\/\/www.celttv.com.ar\/\",\"sameAs\":[\"https:\/\/www.youtube.com\/channel\/UCz_oIt8Hig64Ub-EmcNPIhg\",\"https:\/\/www.facebook.com\/celtTV\/\"],\"logo\":{\"@type\":\"ImageObject\",\"inLanguage\":\"es\",\"@id\":\"https:\/\/www.celttv.com.ar\/#\/schema\/logo\/image\/\",\"url\":\"http:\/\/www.celttv.com.ar\/wp-content\/uploads\/2022\/08\/logo-1.png\",\"contentUrl\":\"http:\/\/www.celttv.com.ar\/wp-content\/uploads\/2022\/08\/logo-1.png\",\"width\":461,\"height\":159,\"caption\":\"CELTTV\"},\"image\":{\"@id\":\"https:\/\/www.celttv.com.ar\/#\/schema\/logo\/image\/\"}},{\"@type\":\"Person\",\"@id\":\"https:\/\/www.celttv.com.ar\/#\/schema\/person\/6d99c072dba59953809c81446e9d0ace\",\"name\":\"ulises\",\"image\":{\"@type\":\"ImageObject\",\"inLanguage\":\"es\",\"@id\":\"https:\/\/www.celttv.com.ar\/#\/schema\/person\/image\/\",\"url\":\"https:\/\/secure.gravatar.com\/avatar\/7f2c48bdc33b30088f941fb6082e555f2874c98e20cb159d7b92b50eadfce793?s=96&d=mm&r=g\",\"contentUrl\":\"https:\/\/secure.gravatar.com\/avatar\/7f2c48bdc33b30088f941fb6082e555f2874c98e20cb159d7b92b50eadfce793?s=96&d=mm&r=g\",\"caption\":\"ulises\"},\"sameAs\":[\"http:\/\/www.celttv.com.ar\"]}]}<\/script>\n<!-- \/ Yoast SEO plugin. -->","yoast_head_json":{"title":"Prestadores gastron\u00f3micos locales realizaron un balance de la temporada y opinaron sobre las nuevas medidas del DNU. (Notas de CELTTV Noticias) - CELTTV","description":"Sitio web de noticias de la localidad de Tornquist, provincia de Buenos Aires, Rep\u00fablica Argentina. Contenido propio originado por periodistas de CELTTV, el canal de TV local de la Cooperativa El\u00e9ctrica de Tornquist. Turismo, Pol\u00edtica, Sociedad, Deporte, Cultura y todo el contenido de inter\u00e9s general que la gente del pueblo y la regi\u00f3n debe conocer.","robots":{"index":"index","follow":"follow","max-snippet":"max-snippet:-1","max-image-preview":"max-image-preview:large","max-video-preview":"max-video-preview:-1"},"canonical":"https:\/\/www.celttv.com.ar\/index.php\/2021\/04\/08\/prestadores-gastronomicos-locales-realizaron-un-balance-de-la-temporada-y-opinaron-sobre-las-nuevas-medidas-del-dnu-notas-de-celttv-noticias\/","og_locale":"es_ES","og_type":"article","og_title":"Prestadores gastron\u00f3micos locales realizaron un balance de la temporada y opinaron sobre las nuevas medidas del DNU. (Notas de CELTTV Noticias) - CELTTV","og_description":"Sitio web de noticias de la localidad de Tornquist, provincia de Buenos Aires, Rep\u00fablica Argentina. Contenido propio originado por periodistas de CELTTV, el canal de TV local de la Cooperativa El\u00e9ctrica de Tornquist. Turismo, Pol\u00edtica, Sociedad, Deporte, Cultura y todo el contenido de inter\u00e9s general que la gente del pueblo y la regi\u00f3n debe conocer.","og_url":"https:\/\/www.celttv.com.ar\/index.php\/2021\/04\/08\/prestadores-gastronomicos-locales-realizaron-un-balance-de-la-temporada-y-opinaron-sobre-las-nuevas-medidas-del-dnu-notas-de-celttv-noticias\/","og_site_name":"CELTTV","article_publisher":"https:\/\/www.facebook.com\/celtTV\/","article_published_time":"2021-04-08T22:01:57+00:00","og_image":[{"width":762,"height":344,"url":"https:\/\/www.celttv.com.ar\/wp-content\/uploads\/2021\/04\/pestadores-gasstornomicos-localas.jpg","type":"image\/jpeg"}],"author":"ulises","twitter_card":"summary_large_image","twitter_misc":{"Escrito por":"ulises","Tiempo de lectura":"3 minutos"},"schema":{"@context":"https:\/\/schema.org","@graph":[{"@type":"NewsArticle","@id":"https:\/\/www.celttv.com.ar\/index.php\/2021\/04\/08\/prestadores-gastronomicos-locales-realizaron-un-balance-de-la-temporada-y-opinaron-sobre-las-nuevas-medidas-del-dnu-notas-de-celttv-noticias\/#article","isPartOf":{"@id":"https:\/\/www.celttv.com.ar\/index.php\/2021\/04\/08\/prestadores-gastronomicos-locales-realizaron-un-balance-de-la-temporada-y-opinaron-sobre-las-nuevas-medidas-del-dnu-notas-de-celttv-noticias\/"},"author":{"name":"ulises","@id":"https:\/\/www.celttv.com.ar\/#\/schema\/person\/6d99c072dba59953809c81446e9d0ace"},"headline":"Prestadores gastron\u00f3micos locales realizaron un balance de la temporada y opinaron sobre las nuevas medidas del DNU. (Notas de CELTTV Noticias)","datePublished":"2021-04-08T22:01:57+00:00","dateModified":"2021-04-08T22:01:57+00:00","mainEntityOfPage":{"@id":"https:\/\/www.celttv.com.ar\/index.php\/2021\/04\/08\/prestadores-gastronomicos-locales-realizaron-un-balance-de-la-temporada-y-opinaron-sobre-las-nuevas-medidas-del-dnu-notas-de-celttv-noticias\/"},"wordCount":582,"publisher":{"@id":"https:\/\/www.celttv.com.ar\/#organization"},"articleSection":["Celt TV Noticias","Comunidad","Destacadas"],"inLanguage":"es"},{"@type":"WebPage","@id":"https:\/\/www.celttv.com.ar\/index.php\/2021\/04\/08\/prestadores-gastronomicos-locales-realizaron-un-balance-de-la-temporada-y-opinaron-sobre-las-nuevas-medidas-del-dnu-notas-de-celttv-noticias\/","url":"https:\/\/www.celttv.com.ar\/index.php\/2021\/04\/08\/prestadores-gastronomicos-locales-realizaron-un-balance-de-la-temporada-y-opinaron-sobre-las-nuevas-medidas-del-dnu-notas-de-celttv-noticias\/","name":"Prestadores gastron\u00f3micos locales realizaron un balance de la temporada y opinaron sobre las nuevas medidas del DNU. (Notas de CELTTV Noticias) - CELTTV","isPartOf":{"@id":"https:\/\/www.celttv.com.ar\/#website"},"datePublished":"2021-04-08T22:01:57+00:00","dateModified":"2021-04-08T22:01:57+00:00","description":"Sitio web de noticias de la localidad de Tornquist, provincia de Buenos Aires, Rep\u00fablica Argentina. Contenido propio originado por periodistas de CELTTV, el canal de TV local de la Cooperativa El\u00e9ctrica de Tornquist. Turismo, Pol\u00edtica, Sociedad, Deporte, Cultura y todo el contenido de inter\u00e9s general que la gente del pueblo y la regi\u00f3n debe conocer.","breadcrumb":{"@id":"https:\/\/www.celttv.com.ar\/index.php\/2021\/04\/08\/prestadores-gastronomicos-locales-realizaron-un-balance-de-la-temporada-y-opinaron-sobre-las-nuevas-medidas-del-dnu-notas-de-celttv-noticias\/#breadcrumb"},"inLanguage":"es","potentialAction":[{"@type":"ReadAction","target":["https:\/\/www.celttv.com.ar\/index.php\/2021\/04\/08\/prestadores-gastronomicos-locales-realizaron-un-balance-de-la-temporada-y-opinaron-sobre-las-nuevas-medidas-del-dnu-notas-de-celttv-noticias\/"]}]},{"@type":"BreadcrumbList","@id":"https:\/\/www.celttv.com.ar\/index.php\/2021\/04\/08\/prestadores-gastronomicos-locales-realizaron-un-balance-de-la-temporada-y-opinaron-sobre-las-nuevas-medidas-del-dnu-notas-de-celttv-noticias\/#breadcrumb","itemListElement":[{"@type":"ListItem","position":1,"name":"Inicio","item":"https:\/\/www.celttv.com.ar\/"},{"@type":"ListItem","position":2,"name":"Prestadores gastron\u00f3micos locales realizaron un balance de la temporada y opinaron sobre las nuevas medidas del DNU. (Notas de CELTTV Noticias)"}]},{"@type":"WebSite","@id":"https:\/\/www.celttv.com.ar\/#website","url":"https:\/\/www.celttv.com.ar\/","name":"CELTTV","description":"Cooperativa El\u00e9ctrica de Tornquist","publisher":{"@id":"https:\/\/www.celttv.com.ar\/#organization"},"potentialAction":[{"@type":"SearchAction","target":{"@type":"EntryPoint","urlTemplate":"https:\/\/www.celttv.com.ar\/?s={search_term_string}"},"query-input":"required name=search_term_string"}],"inLanguage":"es"},{"@type":"Organization","@id":"https:\/\/www.celttv.com.ar\/#organization","name":"CELTTV","url":"https:\/\/www.celttv.com.ar\/","sameAs":["https:\/\/www.youtube.com\/channel\/UCz_oIt8Hig64Ub-EmcNPIhg","https:\/\/www.facebook.com\/celtTV\/"],"logo":{"@type":"ImageObject","inLanguage":"es","@id":"https:\/\/www.celttv.com.ar\/#\/schema\/logo\/image\/","url":"http:\/\/www.celttv.com.ar\/wp-content\/uploads\/2022\/08\/logo-1.png","contentUrl":"http:\/\/www.celttv.com.ar\/wp-content\/uploads\/2022\/08\/logo-1.png","width":461,"height":159,"caption":"CELTTV"},"image":{"@id":"https:\/\/www.celttv.com.ar\/#\/schema\/logo\/image\/"}},{"@type":"Person","@id":"https:\/\/www.celttv.com.ar\/#\/schema\/person\/6d99c072dba59953809c81446e9d0ace","name":"ulises","image":{"@type":"ImageObject","inLanguage":"es","@id":"https:\/\/www.celttv.com.ar\/#\/schema\/person\/image\/","url":"https:\/\/secure.gravatar.com\/avatar\/7f2c48bdc33b30088f941fb6082e555f2874c98e20cb159d7b92b50eadfce793?s=96&d=mm&r=g","contentUrl":"https:\/\/secure.gravatar.com\/avatar\/7f2c48bdc33b30088f941fb6082e555f2874c98e20cb159d7b92b50eadfce793?s=96&d=mm&r=g","caption":"ulises"},"sameAs":["http:\/\/www.celttv.com.ar"]}]}},"_links":{"self":[{"href":"https:\/\/www.celttv.com.ar\/index.php\/wp-json\/wp\/v2\/posts\/56947","targetHints":{"allow":["GET"]}}],"collection":[{"href":"https:\/\/www.celttv.com.ar\/index.php\/wp-json\/wp\/v2\/posts"}],"about":[{"href":"https:\/\/www.celttv.com.ar\/index.php\/wp-json\/wp\/v2\/types\/post"}],"author":[{"embeddable":true,"href":"https:\/\/www.celttv.com.ar\/index.php\/wp-json\/wp\/v2\/users\/1"}],"replies":[{"embeddable":true,"href":"https:\/\/www.celttv.com.ar\/index.php\/wp-json\/wp\/v2\/comments?post=56947"}],"version-history":[{"count":0,"href":"https:\/\/www.celttv.com.ar\/index.php\/wp-json\/wp\/v2\/posts\/56947\/revisions"}],"wp:featuredmedia":[{"embeddable":true,"href":"https:\/\/www.celttv.com.ar\/index.php\/wp-json\/wp\/v2\/media\/56948"}],"wp:attachment":[{"href":"https:\/\/www.celttv.com.ar\/index.php\/wp-json\/wp\/v2\/media?parent=56947"}],"wp:term":[{"taxonomy":"category","embeddable":true,"href":"https:\/\/www.celttv.com.ar\/index.php\/wp-json\/wp\/v2\/categories?post=56947"},{"taxonomy":"post_tag","embeddable":true,"href":"https:\/\/www.celttv.com.ar\/index.php\/wp-json\/wp\/v2\/tags?post=56947"}],"curies":[{"name":"wp","href":"https:\/\/api.w.org\/{rel}","templated":true}]}}