{"id":56988,"date":"2021-04-09T16:50:16","date_gmt":"2021-04-09T16:50:16","guid":{"rendered":"http:\/\/www.celttv.com.ar\/?p=56988"},"modified":"2021-04-09T16:50:16","modified_gmt":"2021-04-09T16:50:16","slug":"fueron-presentados-lo-profesionales-medicos-que-se-desempenan-en-la-unidad-de-terapia-intensiva-del-hospital-municipal","status":"publish","type":"post","link":"https:\/\/www.celttv.com.ar\/index.php\/2021\/04\/09\/fueron-presentados-lo-profesionales-medicos-que-se-desempenan-en-la-unidad-de-terapia-intensiva-del-hospital-municipal\/","title":{"rendered":"Fueron presentados lo profesionales m\u00e9dicos que se desempe\u00f1an en la UTI del Hospital Municipal"},"content":{"rendered":"\n<p>Mediante una conferencia de prensa brindada este viernes, se dieron a conocer los profesionales m\u00e9dicos que se desempe\u00f1an en la Unidad de Terapia Intensiva (UTI) del Hospital Municipal \u2018Dr. Alberto Castro\u2019 de Tornquist, inaugurada el \u00faltimo mi\u00e9rcoles.<\/p>\n\n\n\n<p>Al respecto se refirieron el intendente municipal, Sergio Bordoni; el Secretario de Salud, Dr. Daniel Barca; y el Director M\u00e9dico, Dr. Diego Herrera; quienes destacaron la importancia de contar con una UTI en el nosocomio local y de tener todas las guardias cubiertas con especialistas.<\/p>\n\n\n\n<p>\u201cEs un paso trascendental para la historia de nuestro distrito en materia de salud, con una inversi\u00f3n importante edilicia, en aparatolog\u00eda y, ahora, en recurso humano, que ronda los dos millones de pesos mensuales\u201d, expres\u00f3 Bordoni.<\/p>\n\n\n\n<figure class=\"wp-block-embed is-type-video is-provider-youtube wp-block-embed-youtube wp-embed-aspect-16-9 wp-has-aspect-ratio\"><div class=\"wp-block-embed__wrapper\">\n<iframe loading=\"lazy\" title=\"2021 04 09 HOSPITAL 1   SERGIO  BORDONI\" width=\"500\" height=\"281\" src=\"https:\/\/www.youtube.com\/embed\/VfI-7NY3OaM?feature=oembed\" frameborder=\"0\" allow=\"accelerometer; autoplay; clipboard-write; encrypted-media; gyroscope; picture-in-picture; web-share\" referrerpolicy=\"strict-origin-when-cross-origin\" allowfullscreen><\/iframe>\n<\/div><\/figure>\n\n\n\n<p>\u201cEn una UTI tienen que desarrollarse especialistas en terapia intensiva, en emergentolog\u00eda o en cardiolog\u00eda. En ese sentido, hemos podido lograr un staff mixto como para poder dar respuesta en una terapia mixta, de terapia intensiva y unidad coronaria\u201d, destac\u00f3 en tanto Barca.<\/p>\n\n\n\n<figure class=\"wp-block-embed is-type-video is-provider-youtube wp-block-embed-youtube wp-embed-aspect-16-9 wp-has-aspect-ratio\"><div class=\"wp-block-embed__wrapper\">\n<iframe loading=\"lazy\" title=\"2021 04 09 HOSPITAL 2   DANIEL BARCA\" width=\"500\" height=\"281\" src=\"https:\/\/www.youtube.com\/embed\/OIqiqq24RsQ?feature=oembed\" frameborder=\"0\" allow=\"accelerometer; autoplay; clipboard-write; encrypted-media; gyroscope; picture-in-picture; web-share\" referrerpolicy=\"strict-origin-when-cross-origin\" allowfullscreen><\/iframe>\n<\/div><\/figure>\n\n\n\n<p>A su turno, Herrera afirm\u00f3 que \u201cla incorporaci\u00f3n de la UTI fue un salto de calidad muy grande para el hospital, que fue un sue\u00f1o y donde tuvo mucho que ver, no solo la decisi\u00f3n pol\u00edtica que nos apoy\u00f3 todo el tiempo, sino tambi\u00e9n el hecho de formar un buen equipo de trabajo con objetivos claros de lo que queremos como hospital y lo que tenemos planteado\u201d.<\/p>\n\n\n\n<figure class=\"wp-block-embed is-type-video is-provider-youtube wp-block-embed-youtube wp-embed-aspect-16-9 wp-has-aspect-ratio\"><div class=\"wp-block-embed__wrapper\">\n<iframe loading=\"lazy\" title=\"2021 04 09 HOSPITAL 3   DIEGO HERRERA\" width=\"500\" height=\"281\" src=\"https:\/\/www.youtube.com\/embed\/zuVc4xtyWSk?feature=oembed\" frameborder=\"0\" allow=\"accelerometer; autoplay; clipboard-write; encrypted-media; gyroscope; picture-in-picture; web-share\" referrerpolicy=\"strict-origin-when-cross-origin\" allowfullscreen><\/iframe>\n<\/div><\/figure>\n\n\n\n<p>Los profesionales m\u00e9dicos que prestan servicio en la unidad de cuidados complejos son los siguientes:<\/p>\n\n\n\n<p>Dr. Diego D\u00edaz, especialista en emergentologia, se desempe\u00f1a en el Hospital Municipal de Tornquist;<\/p>\n\n\n\n<p>Dra. Noelia Prus especialista en terapia intensiva, trabaja en el Hospital Privado del Sur de Bahia Blanca y en la UTI de Ocecac.<\/p>\n\n\n\n<p>Dr. Juan Sebasti\u00e1n Olivera Garc\u00eda, especialista en terapia intensiva; presta servicio en el Hospital Privado del Sur y en el Hospital Espa\u00f1ol, ambos de Bah\u00eda Blanca;<\/p>\n\n\n\n<p>Dra. Carina Ciccoli, especialista en cardiolog\u00eda; trabaja en la terapia intensiva del Hospital Interzonal \u2018Dr. Jos\u00e9 Penna\u2019 y en el Hospital Espa\u00f1ol, los dos de Bah\u00eda Blanca;<\/p>\n\n\n\n<p>Dr. Mat\u00edas Soler, especialista cardiolog\u00eda; se desempe\u00f1a en el Hospital Municipal de Coronel Suarez;<\/p>\n\n\n\n<p>Dr. Daniel Barca, especialista en terapia intensiva; actual Secretario de Salud de Tornquist y presta servicios en el Hospital Privado del Sur;<\/p>\n\n\n\n<p>Dr. Rogelio Uriza, especialista en terapia intensiva; actual jefe de terapia intensiva de Coronel Su\u00e1rez;<\/p>\n\n\n\n<p>Dr. Diego Herrera, especialista en cardiolog\u00eda; actual Director M\u00e9dico de Tornquist.<\/p>\n\n\n\n<p>Adem\u00e1s, est\u00e1n dispuestos en el sector seis enfermeras, dos mucamas y una kinesi\u00f3loga.<\/p>\n","protected":false},"excerpt":{"rendered":"<p>Mediante una conferencia de prensa brindada este viernes, se dieron a conocer los profesionales m\u00e9dicos que se desempe\u00f1an en la Unidad de Terapia Intensiva (UTI) del Hospital Municipal \u2018Dr. Alberto Castro\u2019 de Tornquist, inaugurada el \u00faltimo mi\u00e9rcoles. Al respecto se refirieron el intendente municipal, Sergio Bordoni; el Secretario de Salud, Dr. Daniel Barca; y el [&hellip;]<\/p>\n","protected":false},"author":1,"featured_media":56989,"comment_status":"closed","ping_status":"open","sticky":false,"template":"","format":"standard","meta":{"footnotes":""},"categories":[54,55,51,52],"tags":[],"class_list":["post-56988","post","type-post","status-publish","format-standard","has-post-thumbnail","hentry","category-atencion-salud","category-celt-tv-noticias","category-comunidad","category-destacadas"],"yoast_head":"<!-- This site is optimized with the Yoast SEO plugin v19.7.1 - https:\/\/yoast.com\/wordpress\/plugins\/seo\/ -->\n<title>Fueron presentados lo profesionales m\u00e9dicos que se desempe\u00f1an en la UTI del Hospital Municipal - CELTTV<\/title>\n<meta name=\"description\" content=\"Sitio web de noticias de la localidad de Tornquist, provincia de Buenos Aires, Rep\u00fablica Argentina. Contenido propio originado por periodistas de CELTTV, el canal de TV local de la Cooperativa El\u00e9ctrica de Tornquist. Turismo, Pol\u00edtica, Sociedad, Deporte, Cultura y todo el contenido de inter\u00e9s general que la gente del pueblo y la regi\u00f3n debe conocer.\" \/>\n<meta name=\"robots\" content=\"index, follow, max-snippet:-1, max-image-preview:large, max-video-preview:-1\" \/>\n<link rel=\"canonical\" href=\"https:\/\/www.celttv.com.ar\/index.php\/2021\/04\/09\/fueron-presentados-lo-profesionales-medicos-que-se-desempenan-en-la-unidad-de-terapia-intensiva-del-hospital-municipal\/\" \/>\n<meta property=\"og:locale\" content=\"es_ES\" \/>\n<meta property=\"og:type\" content=\"article\" \/>\n<meta property=\"og:title\" content=\"Fueron presentados lo profesionales m\u00e9dicos que se desempe\u00f1an en la UTI del Hospital Municipal - CELTTV\" \/>\n<meta property=\"og:description\" content=\"Sitio web de noticias de la localidad de Tornquist, provincia de Buenos Aires, Rep\u00fablica Argentina. Contenido propio originado por periodistas de CELTTV, el canal de TV local de la Cooperativa El\u00e9ctrica de Tornquist. Turismo, Pol\u00edtica, Sociedad, Deporte, Cultura y todo el contenido de inter\u00e9s general que la gente del pueblo y la regi\u00f3n debe conocer.\" \/>\n<meta property=\"og:url\" content=\"https:\/\/www.celttv.com.ar\/index.php\/2021\/04\/09\/fueron-presentados-lo-profesionales-medicos-que-se-desempenan-en-la-unidad-de-terapia-intensiva-del-hospital-municipal\/\" \/>\n<meta property=\"og:site_name\" content=\"CELTTV\" \/>\n<meta property=\"article:publisher\" content=\"https:\/\/www.facebook.com\/celtTV\/\" \/>\n<meta property=\"article:published_time\" content=\"2021-04-09T16:50:16+00:00\" \/>\n<meta property=\"og:image\" content=\"https:\/\/www.celttv.com.ar\/wp-content\/uploads\/2021\/04\/Presentacion-medicos-UTI-1.jpeg\" \/>\n\t<meta property=\"og:image:width\" content=\"1280\" \/>\n\t<meta property=\"og:image:height\" content=\"853\" \/>\n\t<meta property=\"og:image:type\" content=\"image\/jpeg\" \/>\n<meta name=\"author\" content=\"ulises\" \/>\n<meta name=\"twitter:card\" content=\"summary_large_image\" \/>\n<meta name=\"twitter:label1\" content=\"Escrito por\" \/>\n\t<meta name=\"twitter:data1\" content=\"ulises\" \/>\n\t<meta name=\"twitter:label2\" content=\"Tiempo de lectura\" \/>\n\t<meta name=\"twitter:data2\" content=\"2 minutos\" \/>\n<script type=\"application\/ld+json\" class=\"yoast-schema-graph\">{\"@context\":\"https:\/\/schema.org\",\"@graph\":[{\"@type\":\"NewsArticle\",\"@id\":\"https:\/\/www.celttv.com.ar\/index.php\/2021\/04\/09\/fueron-presentados-lo-profesionales-medicos-que-se-desempenan-en-la-unidad-de-terapia-intensiva-del-hospital-municipal\/#article\",\"isPartOf\":{\"@id\":\"https:\/\/www.celttv.com.ar\/index.php\/2021\/04\/09\/fueron-presentados-lo-profesionales-medicos-que-se-desempenan-en-la-unidad-de-terapia-intensiva-del-hospital-municipal\/\"},\"author\":{\"name\":\"ulises\",\"@id\":\"https:\/\/www.celttv.com.ar\/#\/schema\/person\/6d99c072dba59953809c81446e9d0ace\"},\"headline\":\"Fueron presentados lo profesionales m\u00e9dicos que se desempe\u00f1an en la UTI del Hospital Municipal\",\"datePublished\":\"2021-04-09T16:50:16+00:00\",\"dateModified\":\"2021-04-09T16:50:16+00:00\",\"mainEntityOfPage\":{\"@id\":\"https:\/\/www.celttv.com.ar\/index.php\/2021\/04\/09\/fueron-presentados-lo-profesionales-medicos-que-se-desempenan-en-la-unidad-de-terapia-intensiva-del-hospital-municipal\/\"},\"wordCount\":472,\"publisher\":{\"@id\":\"https:\/\/www.celttv.com.ar\/#organization\"},\"articleSection\":[\"Atenci\u00f3n Salud\",\"Celt TV Noticias\",\"Comunidad\",\"Destacadas\"],\"inLanguage\":\"es\"},{\"@type\":\"WebPage\",\"@id\":\"https:\/\/www.celttv.com.ar\/index.php\/2021\/04\/09\/fueron-presentados-lo-profesionales-medicos-que-se-desempenan-en-la-unidad-de-terapia-intensiva-del-hospital-municipal\/\",\"url\":\"https:\/\/www.celttv.com.ar\/index.php\/2021\/04\/09\/fueron-presentados-lo-profesionales-medicos-que-se-desempenan-en-la-unidad-de-terapia-intensiva-del-hospital-municipal\/\",\"name\":\"Fueron presentados lo profesionales m\u00e9dicos que se desempe\u00f1an en la UTI del Hospital Municipal - CELTTV\",\"isPartOf\":{\"@id\":\"https:\/\/www.celttv.com.ar\/#website\"},\"datePublished\":\"2021-04-09T16:50:16+00:00\",\"dateModified\":\"2021-04-09T16:50:16+00:00\",\"description\":\"Sitio web de noticias de la localidad de Tornquist, provincia de Buenos Aires, Rep\u00fablica Argentina. Contenido propio originado por periodistas de CELTTV, el canal de TV local de la Cooperativa El\u00e9ctrica de Tornquist. Turismo, Pol\u00edtica, Sociedad, Deporte, Cultura y todo el contenido de inter\u00e9s general que la gente del pueblo y la regi\u00f3n debe conocer.\",\"breadcrumb\":{\"@id\":\"https:\/\/www.celttv.com.ar\/index.php\/2021\/04\/09\/fueron-presentados-lo-profesionales-medicos-que-se-desempenan-en-la-unidad-de-terapia-intensiva-del-hospital-municipal\/#breadcrumb\"},\"inLanguage\":\"es\",\"potentialAction\":[{\"@type\":\"ReadAction\",\"target\":[\"https:\/\/www.celttv.com.ar\/index.php\/2021\/04\/09\/fueron-presentados-lo-profesionales-medicos-que-se-desempenan-en-la-unidad-de-terapia-intensiva-del-hospital-municipal\/\"]}]},{\"@type\":\"BreadcrumbList\",\"@id\":\"https:\/\/www.celttv.com.ar\/index.php\/2021\/04\/09\/fueron-presentados-lo-profesionales-medicos-que-se-desempenan-en-la-unidad-de-terapia-intensiva-del-hospital-municipal\/#breadcrumb\",\"itemListElement\":[{\"@type\":\"ListItem\",\"position\":1,\"name\":\"Inicio\",\"item\":\"https:\/\/www.celttv.com.ar\/\"},{\"@type\":\"ListItem\",\"position\":2,\"name\":\"Fueron presentados lo profesionales m\u00e9dicos que se desempe\u00f1an en la UTI del Hospital Municipal\"}]},{\"@type\":\"WebSite\",\"@id\":\"https:\/\/www.celttv.com.ar\/#website\",\"url\":\"https:\/\/www.celttv.com.ar\/\",\"name\":\"CELTTV\",\"description\":\"Cooperativa El\u00e9ctrica de Tornquist\",\"publisher\":{\"@id\":\"https:\/\/www.celttv.com.ar\/#organization\"},\"potentialAction\":[{\"@type\":\"SearchAction\",\"target\":{\"@type\":\"EntryPoint\",\"urlTemplate\":\"https:\/\/www.celttv.com.ar\/?s={search_term_string}\"},\"query-input\":\"required name=search_term_string\"}],\"inLanguage\":\"es\"},{\"@type\":\"Organization\",\"@id\":\"https:\/\/www.celttv.com.ar\/#organization\",\"name\":\"CELTTV\",\"url\":\"https:\/\/www.celttv.com.ar\/\",\"sameAs\":[\"https:\/\/www.youtube.com\/channel\/UCz_oIt8Hig64Ub-EmcNPIhg\",\"https:\/\/www.facebook.com\/celtTV\/\"],\"logo\":{\"@type\":\"ImageObject\",\"inLanguage\":\"es\",\"@id\":\"https:\/\/www.celttv.com.ar\/#\/schema\/logo\/image\/\",\"url\":\"http:\/\/www.celttv.com.ar\/wp-content\/uploads\/2022\/08\/logo-1.png\",\"contentUrl\":\"http:\/\/www.celttv.com.ar\/wp-content\/uploads\/2022\/08\/logo-1.png\",\"width\":461,\"height\":159,\"caption\":\"CELTTV\"},\"image\":{\"@id\":\"https:\/\/www.celttv.com.ar\/#\/schema\/logo\/image\/\"}},{\"@type\":\"Person\",\"@id\":\"https:\/\/www.celttv.com.ar\/#\/schema\/person\/6d99c072dba59953809c81446e9d0ace\",\"name\":\"ulises\",\"image\":{\"@type\":\"ImageObject\",\"inLanguage\":\"es\",\"@id\":\"https:\/\/www.celttv.com.ar\/#\/schema\/person\/image\/\",\"url\":\"https:\/\/secure.gravatar.com\/avatar\/7f2c48bdc33b30088f941fb6082e555f2874c98e20cb159d7b92b50eadfce793?s=96&d=mm&r=g\",\"contentUrl\":\"https:\/\/secure.gravatar.com\/avatar\/7f2c48bdc33b30088f941fb6082e555f2874c98e20cb159d7b92b50eadfce793?s=96&d=mm&r=g\",\"caption\":\"ulises\"},\"sameAs\":[\"http:\/\/www.celttv.com.ar\"]}]}<\/script>\n<!-- \/ Yoast SEO plugin. -->","yoast_head_json":{"title":"Fueron presentados lo profesionales m\u00e9dicos que se desempe\u00f1an en la UTI del Hospital Municipal - CELTTV","description":"Sitio web de noticias de la localidad de Tornquist, provincia de Buenos Aires, Rep\u00fablica Argentina. Contenido propio originado por periodistas de CELTTV, el canal de TV local de la Cooperativa El\u00e9ctrica de Tornquist. Turismo, Pol\u00edtica, Sociedad, Deporte, Cultura y todo el contenido de inter\u00e9s general que la gente del pueblo y la regi\u00f3n debe conocer.","robots":{"index":"index","follow":"follow","max-snippet":"max-snippet:-1","max-image-preview":"max-image-preview:large","max-video-preview":"max-video-preview:-1"},"canonical":"https:\/\/www.celttv.com.ar\/index.php\/2021\/04\/09\/fueron-presentados-lo-profesionales-medicos-que-se-desempenan-en-la-unidad-de-terapia-intensiva-del-hospital-municipal\/","og_locale":"es_ES","og_type":"article","og_title":"Fueron presentados lo profesionales m\u00e9dicos que se desempe\u00f1an en la UTI del Hospital Municipal - CELTTV","og_description":"Sitio web de noticias de la localidad de Tornquist, provincia de Buenos Aires, Rep\u00fablica Argentina. Contenido propio originado por periodistas de CELTTV, el canal de TV local de la Cooperativa El\u00e9ctrica de Tornquist. Turismo, Pol\u00edtica, Sociedad, Deporte, Cultura y todo el contenido de inter\u00e9s general que la gente del pueblo y la regi\u00f3n debe conocer.","og_url":"https:\/\/www.celttv.com.ar\/index.php\/2021\/04\/09\/fueron-presentados-lo-profesionales-medicos-que-se-desempenan-en-la-unidad-de-terapia-intensiva-del-hospital-municipal\/","og_site_name":"CELTTV","article_publisher":"https:\/\/www.facebook.com\/celtTV\/","article_published_time":"2021-04-09T16:50:16+00:00","og_image":[{"width":1280,"height":853,"url":"https:\/\/www.celttv.com.ar\/wp-content\/uploads\/2021\/04\/Presentacion-medicos-UTI-1.jpeg","type":"image\/jpeg"}],"author":"ulises","twitter_card":"summary_large_image","twitter_misc":{"Escrito por":"ulises","Tiempo de lectura":"2 minutos"},"schema":{"@context":"https:\/\/schema.org","@graph":[{"@type":"NewsArticle","@id":"https:\/\/www.celttv.com.ar\/index.php\/2021\/04\/09\/fueron-presentados-lo-profesionales-medicos-que-se-desempenan-en-la-unidad-de-terapia-intensiva-del-hospital-municipal\/#article","isPartOf":{"@id":"https:\/\/www.celttv.com.ar\/index.php\/2021\/04\/09\/fueron-presentados-lo-profesionales-medicos-que-se-desempenan-en-la-unidad-de-terapia-intensiva-del-hospital-municipal\/"},"author":{"name":"ulises","@id":"https:\/\/www.celttv.com.ar\/#\/schema\/person\/6d99c072dba59953809c81446e9d0ace"},"headline":"Fueron presentados lo profesionales m\u00e9dicos que se desempe\u00f1an en la UTI del Hospital Municipal","datePublished":"2021-04-09T16:50:16+00:00","dateModified":"2021-04-09T16:50:16+00:00","mainEntityOfPage":{"@id":"https:\/\/www.celttv.com.ar\/index.php\/2021\/04\/09\/fueron-presentados-lo-profesionales-medicos-que-se-desempenan-en-la-unidad-de-terapia-intensiva-del-hospital-municipal\/"},"wordCount":472,"publisher":{"@id":"https:\/\/www.celttv.com.ar\/#organization"},"articleSection":["Atenci\u00f3n Salud","Celt TV Noticias","Comunidad","Destacadas"],"inLanguage":"es"},{"@type":"WebPage","@id":"https:\/\/www.celttv.com.ar\/index.php\/2021\/04\/09\/fueron-presentados-lo-profesionales-medicos-que-se-desempenan-en-la-unidad-de-terapia-intensiva-del-hospital-municipal\/","url":"https:\/\/www.celttv.com.ar\/index.php\/2021\/04\/09\/fueron-presentados-lo-profesionales-medicos-que-se-desempenan-en-la-unidad-de-terapia-intensiva-del-hospital-municipal\/","name":"Fueron presentados lo profesionales m\u00e9dicos que se desempe\u00f1an en la UTI del Hospital Municipal - CELTTV","isPartOf":{"@id":"https:\/\/www.celttv.com.ar\/#website"},"datePublished":"2021-04-09T16:50:16+00:00","dateModified":"2021-04-09T16:50:16+00:00","description":"Sitio web de noticias de la localidad de Tornquist, provincia de Buenos Aires, Rep\u00fablica Argentina. Contenido propio originado por periodistas de CELTTV, el canal de TV local de la Cooperativa El\u00e9ctrica de Tornquist. Turismo, Pol\u00edtica, Sociedad, Deporte, Cultura y todo el contenido de inter\u00e9s general que la gente del pueblo y la regi\u00f3n debe conocer.","breadcrumb":{"@id":"https:\/\/www.celttv.com.ar\/index.php\/2021\/04\/09\/fueron-presentados-lo-profesionales-medicos-que-se-desempenan-en-la-unidad-de-terapia-intensiva-del-hospital-municipal\/#breadcrumb"},"inLanguage":"es","potentialAction":[{"@type":"ReadAction","target":["https:\/\/www.celttv.com.ar\/index.php\/2021\/04\/09\/fueron-presentados-lo-profesionales-medicos-que-se-desempenan-en-la-unidad-de-terapia-intensiva-del-hospital-municipal\/"]}]},{"@type":"BreadcrumbList","@id":"https:\/\/www.celttv.com.ar\/index.php\/2021\/04\/09\/fueron-presentados-lo-profesionales-medicos-que-se-desempenan-en-la-unidad-de-terapia-intensiva-del-hospital-municipal\/#breadcrumb","itemListElement":[{"@type":"ListItem","position":1,"name":"Inicio","item":"https:\/\/www.celttv.com.ar\/"},{"@type":"ListItem","position":2,"name":"Fueron presentados lo profesionales m\u00e9dicos que se desempe\u00f1an en la UTI del Hospital Municipal"}]},{"@type":"WebSite","@id":"https:\/\/www.celttv.com.ar\/#website","url":"https:\/\/www.celttv.com.ar\/","name":"CELTTV","description":"Cooperativa El\u00e9ctrica de Tornquist","publisher":{"@id":"https:\/\/www.celttv.com.ar\/#organization"},"potentialAction":[{"@type":"SearchAction","target":{"@type":"EntryPoint","urlTemplate":"https:\/\/www.celttv.com.ar\/?s={search_term_string}"},"query-input":"required name=search_term_string"}],"inLanguage":"es"},{"@type":"Organization","@id":"https:\/\/www.celttv.com.ar\/#organization","name":"CELTTV","url":"https:\/\/www.celttv.com.ar\/","sameAs":["https:\/\/www.youtube.com\/channel\/UCz_oIt8Hig64Ub-EmcNPIhg","https:\/\/www.facebook.com\/celtTV\/"],"logo":{"@type":"ImageObject","inLanguage":"es","@id":"https:\/\/www.celttv.com.ar\/#\/schema\/logo\/image\/","url":"http:\/\/www.celttv.com.ar\/wp-content\/uploads\/2022\/08\/logo-1.png","contentUrl":"http:\/\/www.celttv.com.ar\/wp-content\/uploads\/2022\/08\/logo-1.png","width":461,"height":159,"caption":"CELTTV"},"image":{"@id":"https:\/\/www.celttv.com.ar\/#\/schema\/logo\/image\/"}},{"@type":"Person","@id":"https:\/\/www.celttv.com.ar\/#\/schema\/person\/6d99c072dba59953809c81446e9d0ace","name":"ulises","image":{"@type":"ImageObject","inLanguage":"es","@id":"https:\/\/www.celttv.com.ar\/#\/schema\/person\/image\/","url":"https:\/\/secure.gravatar.com\/avatar\/7f2c48bdc33b30088f941fb6082e555f2874c98e20cb159d7b92b50eadfce793?s=96&d=mm&r=g","contentUrl":"https:\/\/secure.gravatar.com\/avatar\/7f2c48bdc33b30088f941fb6082e555f2874c98e20cb159d7b92b50eadfce793?s=96&d=mm&r=g","caption":"ulises"},"sameAs":["http:\/\/www.celttv.com.ar"]}]}},"_links":{"self":[{"href":"https:\/\/www.celttv.com.ar\/index.php\/wp-json\/wp\/v2\/posts\/56988","targetHints":{"allow":["GET"]}}],"collection":[{"href":"https:\/\/www.celttv.com.ar\/index.php\/wp-json\/wp\/v2\/posts"}],"about":[{"href":"https:\/\/www.celttv.com.ar\/index.php\/wp-json\/wp\/v2\/types\/post"}],"author":[{"embeddable":true,"href":"https:\/\/www.celttv.com.ar\/index.php\/wp-json\/wp\/v2\/users\/1"}],"replies":[{"embeddable":true,"href":"https:\/\/www.celttv.com.ar\/index.php\/wp-json\/wp\/v2\/comments?post=56988"}],"version-history":[{"count":0,"href":"https:\/\/www.celttv.com.ar\/index.php\/wp-json\/wp\/v2\/posts\/56988\/revisions"}],"wp:featuredmedia":[{"embeddable":true,"href":"https:\/\/www.celttv.com.ar\/index.php\/wp-json\/wp\/v2\/media\/56989"}],"wp:attachment":[{"href":"https:\/\/www.celttv.com.ar\/index.php\/wp-json\/wp\/v2\/media?parent=56988"}],"wp:term":[{"taxonomy":"category","embeddable":true,"href":"https:\/\/www.celttv.com.ar\/index.php\/wp-json\/wp\/v2\/categories?post=56988"},{"taxonomy":"post_tag","embeddable":true,"href":"https:\/\/www.celttv.com.ar\/index.php\/wp-json\/wp\/v2\/tags?post=56988"}],"curies":[{"name":"wp","href":"https:\/\/api.w.org\/{rel}","templated":true}]}}