{"id":57004,"date":"2021-04-10T10:46:31","date_gmt":"2021-04-10T10:46:31","guid":{"rendered":"http:\/\/www.celttv.com.ar\/?p=57004"},"modified":"2021-04-10T10:46:31","modified_gmt":"2021-04-10T10:46:31","slug":"un-herido-de-consideracion-en-un-accidente-registrado-esta-madrugada-en-la-rp-76-fotos-y-video","status":"publish","type":"post","link":"https:\/\/www.celttv.com.ar\/index.php\/2021\/04\/10\/un-herido-de-consideracion-en-un-accidente-registrado-esta-madrugada-en-la-rp-76-fotos-y-video\/","title":{"rendered":"Un herido de consideraci\u00f3n en un accidente registrado \u00e9sta madrugada en la RP 76 (fotos y video)"},"content":{"rendered":"\n<p>El accidente ocurri\u00f3 \u00e9sta madrugada alrededor de 05:30 hs. a la salida de la curva conocida como del Puente del Arroyo Ventana y fue protagonizado por un utilitario marca Renault dominio CAZ064, conducido por  Normando Noel Choque (23), quien se encuentra trabajando en la zona de San Andres de Las Sierras. <\/p>\n\n\n\n<p>Choque, iba acompa\u00f1ado por Juan Francisco C\u00e1ceres, de 21 a\u00f1os, el cual qued\u00f3 atrapado dentro del veh\u00edculo. <\/p>\n\n\n\n<p>Seg\u00fan datos recogidos en el lugar del accidente el conductor del utilitario que se desplazaba sentido Villa Ventana-San Andres se vio encandilado por el paso de un veh\u00edculo que ven\u00eda en sentido contrario lo que habr\u00eda originado la brusca maniobra haciendo que el veh\u00edculo termine con la camioneta literalmente incrustada contra el  <strong>\u00a0guardrail<\/strong> lo que, milagrosamente, evit\u00f3 que el veh\u00edculo terminara en el Arroyo Ventana.<\/p>\n\n\n\n<p>Choque pudo salir por sus propios medios, pero C\u00e1ceres debi\u00f3 ser retirado por los bomberos de Tornquist ya que hab\u00eda quedado atrapado en  el habit\u00e1culo. <\/p>\n\n\n\n<p>Personal del SAME Tornquist concurri\u00f3 con dos unidades ambulancias trasladando a los heridos al nosocomio local, mientra que tambi\u00e9n intervino personal de la Polic\u00eda Comunal Tornquist, del destacamento Villa Serrana La Gruta y dos dotaciones de los Bomberos Voluntarios de Tornquist.<\/p>\n\n\n\n<figure class=\"wp-block-embed is-type-video is-provider-youtube wp-block-embed-youtube wp-embed-aspect-16-9 wp-has-aspect-ratio\"><div class=\"wp-block-embed__wrapper\">\n<iframe loading=\"lazy\" title=\"2021 04 10 ACCIDENTE EN LA RUTA 76\" width=\"500\" height=\"281\" src=\"https:\/\/www.youtube.com\/embed\/CfxkNsCliNI?feature=oembed\" frameborder=\"0\" allow=\"accelerometer; autoplay; clipboard-write; encrypted-media; gyroscope; picture-in-picture; web-share\" referrerpolicy=\"strict-origin-when-cross-origin\" allowfullscreen><\/iframe>\n<\/div><\/figure>\n\n\n\n<figure class=\"wp-block-gallery columns-3 is-cropped wp-block-gallery-1 is-layout-flex wp-block-gallery-is-layout-flex\"><ul class=\"blocks-gallery-grid\"><li class=\"blocks-gallery-item\"><figure><img loading=\"lazy\" decoding=\"async\" width=\"1152\" height=\"768\" src=\"http:\/\/www.celttv.com.ar\/wp-content\/uploads\/2021\/04\/IMG_6575-Medium.jpg\" alt=\"\" data-id=\"57005\" data-link=\"http:\/\/www.celttv.com.ar\/?attachment_id=57005\" class=\"wp-image-57005\" srcset=\"https:\/\/www.celttv.com.ar\/wp-content\/uploads\/2021\/04\/IMG_6575-Medium.jpg 1152w, https:\/\/www.celttv.com.ar\/wp-content\/uploads\/2021\/04\/IMG_6575-Medium-300x200.jpg 300w, https:\/\/www.celttv.com.ar\/wp-content\/uploads\/2021\/04\/IMG_6575-Medium-1024x683.jpg 1024w, https:\/\/www.celttv.com.ar\/wp-content\/uploads\/2021\/04\/IMG_6575-Medium-768x512.jpg 768w, https:\/\/www.celttv.com.ar\/wp-content\/uploads\/2021\/04\/IMG_6575-Medium-750x500.jpg 750w, https:\/\/www.celttv.com.ar\/wp-content\/uploads\/2021\/04\/IMG_6575-Medium-1140x760.jpg 1140w\" sizes=\"auto, (max-width: 1152px) 100vw, 1152px\" \/><\/figure><\/li><li class=\"blocks-gallery-item\"><figure><img loading=\"lazy\" decoding=\"async\" width=\"1152\" height=\"768\" src=\"http:\/\/www.celttv.com.ar\/wp-content\/uploads\/2021\/04\/IMG_6576-Medium.jpg\" alt=\"\" data-id=\"57006\" data-link=\"http:\/\/www.celttv.com.ar\/?attachment_id=57006\" class=\"wp-image-57006\" srcset=\"https:\/\/www.celttv.com.ar\/wp-content\/uploads\/2021\/04\/IMG_6576-Medium.jpg 1152w, https:\/\/www.celttv.com.ar\/wp-content\/uploads\/2021\/04\/IMG_6576-Medium-300x200.jpg 300w, https:\/\/www.celttv.com.ar\/wp-content\/uploads\/2021\/04\/IMG_6576-Medium-1024x683.jpg 1024w, https:\/\/www.celttv.com.ar\/wp-content\/uploads\/2021\/04\/IMG_6576-Medium-768x512.jpg 768w, https:\/\/www.celttv.com.ar\/wp-content\/uploads\/2021\/04\/IMG_6576-Medium-750x500.jpg 750w, https:\/\/www.celttv.com.ar\/wp-content\/uploads\/2021\/04\/IMG_6576-Medium-1140x760.jpg 1140w\" sizes=\"auto, (max-width: 1152px) 100vw, 1152px\" \/><\/figure><\/li><li class=\"blocks-gallery-item\"><figure><img loading=\"lazy\" decoding=\"async\" width=\"1152\" height=\"768\" src=\"http:\/\/www.celttv.com.ar\/wp-content\/uploads\/2021\/04\/IMG_6577-Medium.jpg\" alt=\"\" data-id=\"57007\" data-link=\"http:\/\/www.celttv.com.ar\/?attachment_id=57007\" class=\"wp-image-57007\" srcset=\"https:\/\/www.celttv.com.ar\/wp-content\/uploads\/2021\/04\/IMG_6577-Medium.jpg 1152w, https:\/\/www.celttv.com.ar\/wp-content\/uploads\/2021\/04\/IMG_6577-Medium-300x200.jpg 300w, https:\/\/www.celttv.com.ar\/wp-content\/uploads\/2021\/04\/IMG_6577-Medium-1024x683.jpg 1024w, https:\/\/www.celttv.com.ar\/wp-content\/uploads\/2021\/04\/IMG_6577-Medium-768x512.jpg 768w, https:\/\/www.celttv.com.ar\/wp-content\/uploads\/2021\/04\/IMG_6577-Medium-750x500.jpg 750w, https:\/\/www.celttv.com.ar\/wp-content\/uploads\/2021\/04\/IMG_6577-Medium-1140x760.jpg 1140w\" sizes=\"auto, (max-width: 1152px) 100vw, 1152px\" \/><\/figure><\/li><li class=\"blocks-gallery-item\"><figure><img loading=\"lazy\" decoding=\"async\" width=\"1152\" height=\"768\" src=\"http:\/\/www.celttv.com.ar\/wp-content\/uploads\/2021\/04\/IMG_6578-Medium.jpg\" alt=\"\" data-id=\"57008\" data-link=\"http:\/\/www.celttv.com.ar\/?attachment_id=57008\" class=\"wp-image-57008\" srcset=\"https:\/\/www.celttv.com.ar\/wp-content\/uploads\/2021\/04\/IMG_6578-Medium.jpg 1152w, https:\/\/www.celttv.com.ar\/wp-content\/uploads\/2021\/04\/IMG_6578-Medium-300x200.jpg 300w, https:\/\/www.celttv.com.ar\/wp-content\/uploads\/2021\/04\/IMG_6578-Medium-1024x683.jpg 1024w, https:\/\/www.celttv.com.ar\/wp-content\/uploads\/2021\/04\/IMG_6578-Medium-768x512.jpg 768w, https:\/\/www.celttv.com.ar\/wp-content\/uploads\/2021\/04\/IMG_6578-Medium-750x500.jpg 750w, https:\/\/www.celttv.com.ar\/wp-content\/uploads\/2021\/04\/IMG_6578-Medium-1140x760.jpg 1140w\" sizes=\"auto, (max-width: 1152px) 100vw, 1152px\" \/><\/figure><\/li><li class=\"blocks-gallery-item\"><figure><img loading=\"lazy\" decoding=\"async\" width=\"1152\" height=\"768\" src=\"http:\/\/www.celttv.com.ar\/wp-content\/uploads\/2021\/04\/IMG_6579-Medium.jpg\" alt=\"\" data-id=\"57009\" data-link=\"http:\/\/www.celttv.com.ar\/?attachment_id=57009\" class=\"wp-image-57009\" srcset=\"https:\/\/www.celttv.com.ar\/wp-content\/uploads\/2021\/04\/IMG_6579-Medium.jpg 1152w, https:\/\/www.celttv.com.ar\/wp-content\/uploads\/2021\/04\/IMG_6579-Medium-300x200.jpg 300w, https:\/\/www.celttv.com.ar\/wp-content\/uploads\/2021\/04\/IMG_6579-Medium-1024x683.jpg 1024w, https:\/\/www.celttv.com.ar\/wp-content\/uploads\/2021\/04\/IMG_6579-Medium-768x512.jpg 768w, https:\/\/www.celttv.com.ar\/wp-content\/uploads\/2021\/04\/IMG_6579-Medium-750x500.jpg 750w, https:\/\/www.celttv.com.ar\/wp-content\/uploads\/2021\/04\/IMG_6579-Medium-1140x760.jpg 1140w\" sizes=\"auto, (max-width: 1152px) 100vw, 1152px\" \/><\/figure><\/li><li class=\"blocks-gallery-item\"><figure><img loading=\"lazy\" decoding=\"async\" width=\"1152\" height=\"768\" src=\"http:\/\/www.celttv.com.ar\/wp-content\/uploads\/2021\/04\/IMG_6580-Medium.jpg\" alt=\"\" data-id=\"57010\" data-link=\"http:\/\/www.celttv.com.ar\/?attachment_id=57010\" class=\"wp-image-57010\" srcset=\"https:\/\/www.celttv.com.ar\/wp-content\/uploads\/2021\/04\/IMG_6580-Medium.jpg 1152w, https:\/\/www.celttv.com.ar\/wp-content\/uploads\/2021\/04\/IMG_6580-Medium-300x200.jpg 300w, https:\/\/www.celttv.com.ar\/wp-content\/uploads\/2021\/04\/IMG_6580-Medium-1024x683.jpg 1024w, https:\/\/www.celttv.com.ar\/wp-content\/uploads\/2021\/04\/IMG_6580-Medium-768x512.jpg 768w, https:\/\/www.celttv.com.ar\/wp-content\/uploads\/2021\/04\/IMG_6580-Medium-750x500.jpg 750w, https:\/\/www.celttv.com.ar\/wp-content\/uploads\/2021\/04\/IMG_6580-Medium-1140x760.jpg 1140w\" sizes=\"auto, (max-width: 1152px) 100vw, 1152px\" \/><\/figure><\/li><li class=\"blocks-gallery-item\"><figure><img loading=\"lazy\" decoding=\"async\" width=\"1152\" height=\"768\" src=\"http:\/\/www.celttv.com.ar\/wp-content\/uploads\/2021\/04\/IMG_6581-Medium.jpg\" alt=\"\" data-id=\"57011\" data-link=\"http:\/\/www.celttv.com.ar\/?attachment_id=57011\" class=\"wp-image-57011\" srcset=\"https:\/\/www.celttv.com.ar\/wp-content\/uploads\/2021\/04\/IMG_6581-Medium.jpg 1152w, https:\/\/www.celttv.com.ar\/wp-content\/uploads\/2021\/04\/IMG_6581-Medium-300x200.jpg 300w, https:\/\/www.celttv.com.ar\/wp-content\/uploads\/2021\/04\/IMG_6581-Medium-1024x683.jpg 1024w, https:\/\/www.celttv.com.ar\/wp-content\/uploads\/2021\/04\/IMG_6581-Medium-768x512.jpg 768w, https:\/\/www.celttv.com.ar\/wp-content\/uploads\/2021\/04\/IMG_6581-Medium-750x500.jpg 750w, https:\/\/www.celttv.com.ar\/wp-content\/uploads\/2021\/04\/IMG_6581-Medium-1140x760.jpg 1140w\" sizes=\"auto, (max-width: 1152px) 100vw, 1152px\" \/><\/figure><\/li><li class=\"blocks-gallery-item\"><figure><img loading=\"lazy\" decoding=\"async\" width=\"1152\" height=\"768\" src=\"http:\/\/www.celttv.com.ar\/wp-content\/uploads\/2021\/04\/IMG_6582-Medium.jpg\" alt=\"\" data-id=\"57012\" data-link=\"http:\/\/www.celttv.com.ar\/?attachment_id=57012\" class=\"wp-image-57012\" srcset=\"https:\/\/www.celttv.com.ar\/wp-content\/uploads\/2021\/04\/IMG_6582-Medium.jpg 1152w, https:\/\/www.celttv.com.ar\/wp-content\/uploads\/2021\/04\/IMG_6582-Medium-300x200.jpg 300w, https:\/\/www.celttv.com.ar\/wp-content\/uploads\/2021\/04\/IMG_6582-Medium-1024x683.jpg 1024w, https:\/\/www.celttv.com.ar\/wp-content\/uploads\/2021\/04\/IMG_6582-Medium-768x512.jpg 768w, https:\/\/www.celttv.com.ar\/wp-content\/uploads\/2021\/04\/IMG_6582-Medium-750x500.jpg 750w, https:\/\/www.celttv.com.ar\/wp-content\/uploads\/2021\/04\/IMG_6582-Medium-1140x760.jpg 1140w\" sizes=\"auto, (max-width: 1152px) 100vw, 1152px\" \/><\/figure><\/li><li class=\"blocks-gallery-item\"><figure><img loading=\"lazy\" decoding=\"async\" width=\"1152\" height=\"768\" src=\"http:\/\/www.celttv.com.ar\/wp-content\/uploads\/2021\/04\/IMG_6583-Medium.jpg\" alt=\"\" data-id=\"57013\" data-link=\"http:\/\/www.celttv.com.ar\/?attachment_id=57013\" class=\"wp-image-57013\" srcset=\"https:\/\/www.celttv.com.ar\/wp-content\/uploads\/2021\/04\/IMG_6583-Medium.jpg 1152w, https:\/\/www.celttv.com.ar\/wp-content\/uploads\/2021\/04\/IMG_6583-Medium-300x200.jpg 300w, https:\/\/www.celttv.com.ar\/wp-content\/uploads\/2021\/04\/IMG_6583-Medium-1024x683.jpg 1024w, https:\/\/www.celttv.com.ar\/wp-content\/uploads\/2021\/04\/IMG_6583-Medium-768x512.jpg 768w, https:\/\/www.celttv.com.ar\/wp-content\/uploads\/2021\/04\/IMG_6583-Medium-750x500.jpg 750w, https:\/\/www.celttv.com.ar\/wp-content\/uploads\/2021\/04\/IMG_6583-Medium-1140x760.jpg 1140w\" sizes=\"auto, (max-width: 1152px) 100vw, 1152px\" \/><\/figure><\/li><li class=\"blocks-gallery-item\"><figure><img loading=\"lazy\" decoding=\"async\" width=\"1152\" height=\"768\" src=\"http:\/\/www.celttv.com.ar\/wp-content\/uploads\/2021\/04\/IMG_6584-Medium.jpg\" alt=\"\" data-id=\"57014\" data-link=\"http:\/\/www.celttv.com.ar\/?attachment_id=57014\" class=\"wp-image-57014\" srcset=\"https:\/\/www.celttv.com.ar\/wp-content\/uploads\/2021\/04\/IMG_6584-Medium.jpg 1152w, https:\/\/www.celttv.com.ar\/wp-content\/uploads\/2021\/04\/IMG_6584-Medium-300x200.jpg 300w, https:\/\/www.celttv.com.ar\/wp-content\/uploads\/2021\/04\/IMG_6584-Medium-1024x683.jpg 1024w, https:\/\/www.celttv.com.ar\/wp-content\/uploads\/2021\/04\/IMG_6584-Medium-768x512.jpg 768w, https:\/\/www.celttv.com.ar\/wp-content\/uploads\/2021\/04\/IMG_6584-Medium-750x500.jpg 750w, https:\/\/www.celttv.com.ar\/wp-content\/uploads\/2021\/04\/IMG_6584-Medium-1140x760.jpg 1140w\" sizes=\"auto, (max-width: 1152px) 100vw, 1152px\" \/><\/figure><\/li><li class=\"blocks-gallery-item\"><figure><img loading=\"lazy\" decoding=\"async\" width=\"1152\" height=\"768\" src=\"http:\/\/www.celttv.com.ar\/wp-content\/uploads\/2021\/04\/IMG_6585-Medium.jpg\" alt=\"\" data-id=\"57015\" data-link=\"http:\/\/www.celttv.com.ar\/?attachment_id=57015\" class=\"wp-image-57015\" srcset=\"https:\/\/www.celttv.com.ar\/wp-content\/uploads\/2021\/04\/IMG_6585-Medium.jpg 1152w, https:\/\/www.celttv.com.ar\/wp-content\/uploads\/2021\/04\/IMG_6585-Medium-300x200.jpg 300w, https:\/\/www.celttv.com.ar\/wp-content\/uploads\/2021\/04\/IMG_6585-Medium-1024x683.jpg 1024w, https:\/\/www.celttv.com.ar\/wp-content\/uploads\/2021\/04\/IMG_6585-Medium-768x512.jpg 768w, https:\/\/www.celttv.com.ar\/wp-content\/uploads\/2021\/04\/IMG_6585-Medium-750x500.jpg 750w, https:\/\/www.celttv.com.ar\/wp-content\/uploads\/2021\/04\/IMG_6585-Medium-1140x760.jpg 1140w\" sizes=\"auto, (max-width: 1152px) 100vw, 1152px\" \/><\/figure><\/li><li class=\"blocks-gallery-item\"><figure><img loading=\"lazy\" decoding=\"async\" width=\"1152\" height=\"768\" src=\"http:\/\/www.celttv.com.ar\/wp-content\/uploads\/2021\/04\/IMG_6586-Medium.jpg\" alt=\"\" data-id=\"57016\" data-link=\"http:\/\/www.celttv.com.ar\/?attachment_id=57016\" class=\"wp-image-57016\" srcset=\"https:\/\/www.celttv.com.ar\/wp-content\/uploads\/2021\/04\/IMG_6586-Medium.jpg 1152w, https:\/\/www.celttv.com.ar\/wp-content\/uploads\/2021\/04\/IMG_6586-Medium-300x200.jpg 300w, https:\/\/www.celttv.com.ar\/wp-content\/uploads\/2021\/04\/IMG_6586-Medium-1024x683.jpg 1024w, https:\/\/www.celttv.com.ar\/wp-content\/uploads\/2021\/04\/IMG_6586-Medium-768x512.jpg 768w, https:\/\/www.celttv.com.ar\/wp-content\/uploads\/2021\/04\/IMG_6586-Medium-750x500.jpg 750w, https:\/\/www.celttv.com.ar\/wp-content\/uploads\/2021\/04\/IMG_6586-Medium-1140x760.jpg 1140w\" sizes=\"auto, (max-width: 1152px) 100vw, 1152px\" \/><\/figure><\/li><li class=\"blocks-gallery-item\"><figure><img loading=\"lazy\" decoding=\"async\" width=\"1152\" height=\"768\" src=\"http:\/\/www.celttv.com.ar\/wp-content\/uploads\/2021\/04\/IMG_6587-Medium.jpg\" alt=\"\" data-id=\"57017\" data-link=\"http:\/\/www.celttv.com.ar\/?attachment_id=57017\" class=\"wp-image-57017\" srcset=\"https:\/\/www.celttv.com.ar\/wp-content\/uploads\/2021\/04\/IMG_6587-Medium.jpg 1152w, https:\/\/www.celttv.com.ar\/wp-content\/uploads\/2021\/04\/IMG_6587-Medium-300x200.jpg 300w, https:\/\/www.celttv.com.ar\/wp-content\/uploads\/2021\/04\/IMG_6587-Medium-1024x683.jpg 1024w, https:\/\/www.celttv.com.ar\/wp-content\/uploads\/2021\/04\/IMG_6587-Medium-768x512.jpg 768w, https:\/\/www.celttv.com.ar\/wp-content\/uploads\/2021\/04\/IMG_6587-Medium-750x500.jpg 750w, https:\/\/www.celttv.com.ar\/wp-content\/uploads\/2021\/04\/IMG_6587-Medium-1140x760.jpg 1140w\" sizes=\"auto, (max-width: 1152px) 100vw, 1152px\" \/><\/figure><\/li><li class=\"blocks-gallery-item\"><figure><img loading=\"lazy\" decoding=\"async\" width=\"1152\" height=\"768\" src=\"http:\/\/www.celttv.com.ar\/wp-content\/uploads\/2021\/04\/IMG_6588-Medium.jpg\" alt=\"\" data-id=\"57018\" data-link=\"http:\/\/www.celttv.com.ar\/?attachment_id=57018\" class=\"wp-image-57018\" srcset=\"https:\/\/www.celttv.com.ar\/wp-content\/uploads\/2021\/04\/IMG_6588-Medium.jpg 1152w, https:\/\/www.celttv.com.ar\/wp-content\/uploads\/2021\/04\/IMG_6588-Medium-300x200.jpg 300w, https:\/\/www.celttv.com.ar\/wp-content\/uploads\/2021\/04\/IMG_6588-Medium-1024x683.jpg 1024w, https:\/\/www.celttv.com.ar\/wp-content\/uploads\/2021\/04\/IMG_6588-Medium-768x512.jpg 768w, https:\/\/www.celttv.com.ar\/wp-content\/uploads\/2021\/04\/IMG_6588-Medium-750x500.jpg 750w, https:\/\/www.celttv.com.ar\/wp-content\/uploads\/2021\/04\/IMG_6588-Medium-1140x760.jpg 1140w\" sizes=\"auto, (max-width: 1152px) 100vw, 1152px\" \/><\/figure><\/li><\/ul><\/figure>\n","protected":false},"excerpt":{"rendered":"<p>El accidente ocurri\u00f3 \u00e9sta madrugada alrededor de 05:30 hs. a la salida de la curva conocida como del Puente del Arroyo Ventana y fue protagonizado por un utilitario marca Renault dominio CAZ064, conducido por Normando Noel Choque (23), quien se encuentra trabajando en la zona de San Andres de Las Sierras. Choque, iba acompa\u00f1ado por [&hellip;]<\/p>\n","protected":false},"author":1,"featured_media":57011,"comment_status":"closed","ping_status":"open","sticky":false,"template":"","format":"standard","meta":{"footnotes":""},"categories":[55,52,61],"tags":[],"class_list":["post-57004","post","type-post","status-publish","format-standard","has-post-thumbnail","hentry","category-celt-tv-noticias","category-destacadas","category-policiales"],"yoast_head":"<!-- This site is optimized with the Yoast SEO plugin v19.7.1 - https:\/\/yoast.com\/wordpress\/plugins\/seo\/ -->\n<title>Un herido de consideraci\u00f3n en un accidente registrado \u00e9sta madrugada en la RP 76 (fotos y video) - CELTTV<\/title>\n<meta name=\"description\" content=\"Sitio web de noticias de la localidad de Tornquist, provincia de Buenos Aires, Rep\u00fablica Argentina. Contenido propio originado por periodistas de CELTTV, el canal de TV local de la Cooperativa El\u00e9ctrica de Tornquist. Turismo, Pol\u00edtica, Sociedad, Deporte, Cultura y todo el contenido de inter\u00e9s general que la gente del pueblo y la regi\u00f3n debe conocer.\" \/>\n<meta name=\"robots\" content=\"index, follow, max-snippet:-1, max-image-preview:large, max-video-preview:-1\" \/>\n<link rel=\"canonical\" href=\"https:\/\/www.celttv.com.ar\/index.php\/2021\/04\/10\/un-herido-de-consideracion-en-un-accidente-registrado-esta-madrugada-en-la-rp-76-fotos-y-video\/\" \/>\n<meta property=\"og:locale\" content=\"es_ES\" \/>\n<meta property=\"og:type\" content=\"article\" \/>\n<meta property=\"og:title\" content=\"Un herido de consideraci\u00f3n en un accidente registrado \u00e9sta madrugada en la RP 76 (fotos y video) - CELTTV\" \/>\n<meta property=\"og:description\" content=\"Sitio web de noticias de la localidad de Tornquist, provincia de Buenos Aires, Rep\u00fablica Argentina. Contenido propio originado por periodistas de CELTTV, el canal de TV local de la Cooperativa El\u00e9ctrica de Tornquist. Turismo, Pol\u00edtica, Sociedad, Deporte, Cultura y todo el contenido de inter\u00e9s general que la gente del pueblo y la regi\u00f3n debe conocer.\" \/>\n<meta property=\"og:url\" content=\"https:\/\/www.celttv.com.ar\/index.php\/2021\/04\/10\/un-herido-de-consideracion-en-un-accidente-registrado-esta-madrugada-en-la-rp-76-fotos-y-video\/\" \/>\n<meta property=\"og:site_name\" content=\"CELTTV\" \/>\n<meta property=\"article:publisher\" content=\"https:\/\/www.facebook.com\/celtTV\/\" \/>\n<meta property=\"article:published_time\" content=\"2021-04-10T10:46:31+00:00\" \/>\n<meta property=\"og:image\" content=\"https:\/\/www.celttv.com.ar\/wp-content\/uploads\/2021\/04\/IMG_6581-Medium.jpg\" \/>\n\t<meta property=\"og:image:width\" content=\"1152\" \/>\n\t<meta property=\"og:image:height\" content=\"768\" \/>\n\t<meta property=\"og:image:type\" content=\"image\/jpeg\" \/>\n<meta name=\"author\" content=\"ulises\" \/>\n<meta name=\"twitter:card\" content=\"summary_large_image\" \/>\n<meta name=\"twitter:label1\" content=\"Escrito por\" \/>\n\t<meta name=\"twitter:data1\" content=\"ulises\" \/>\n\t<meta name=\"twitter:label2\" content=\"Tiempo de lectura\" \/>\n\t<meta name=\"twitter:data2\" content=\"1 minuto\" \/>\n<script type=\"application\/ld+json\" class=\"yoast-schema-graph\">{\"@context\":\"https:\/\/schema.org\",\"@graph\":[{\"@type\":\"NewsArticle\",\"@id\":\"https:\/\/www.celttv.com.ar\/index.php\/2021\/04\/10\/un-herido-de-consideracion-en-un-accidente-registrado-esta-madrugada-en-la-rp-76-fotos-y-video\/#article\",\"isPartOf\":{\"@id\":\"https:\/\/www.celttv.com.ar\/index.php\/2021\/04\/10\/un-herido-de-consideracion-en-un-accidente-registrado-esta-madrugada-en-la-rp-76-fotos-y-video\/\"},\"author\":{\"name\":\"ulises\",\"@id\":\"https:\/\/www.celttv.com.ar\/#\/schema\/person\/6d99c072dba59953809c81446e9d0ace\"},\"headline\":\"Un herido de consideraci\u00f3n en un accidente registrado \u00e9sta madrugada en la RP 76 (fotos y video)\",\"datePublished\":\"2021-04-10T10:46:31+00:00\",\"dateModified\":\"2021-04-10T10:46:31+00:00\",\"mainEntityOfPage\":{\"@id\":\"https:\/\/www.celttv.com.ar\/index.php\/2021\/04\/10\/un-herido-de-consideracion-en-un-accidente-registrado-esta-madrugada-en-la-rp-76-fotos-y-video\/\"},\"wordCount\":232,\"publisher\":{\"@id\":\"https:\/\/www.celttv.com.ar\/#organization\"},\"articleSection\":[\"Celt TV Noticias\",\"Destacadas\",\"Policiales\"],\"inLanguage\":\"es\"},{\"@type\":\"WebPage\",\"@id\":\"https:\/\/www.celttv.com.ar\/index.php\/2021\/04\/10\/un-herido-de-consideracion-en-un-accidente-registrado-esta-madrugada-en-la-rp-76-fotos-y-video\/\",\"url\":\"https:\/\/www.celttv.com.ar\/index.php\/2021\/04\/10\/un-herido-de-consideracion-en-un-accidente-registrado-esta-madrugada-en-la-rp-76-fotos-y-video\/\",\"name\":\"Un herido de consideraci\u00f3n en un accidente registrado \u00e9sta madrugada en la RP 76 (fotos y video) - CELTTV\",\"isPartOf\":{\"@id\":\"https:\/\/www.celttv.com.ar\/#website\"},\"datePublished\":\"2021-04-10T10:46:31+00:00\",\"dateModified\":\"2021-04-10T10:46:31+00:00\",\"description\":\"Sitio web de noticias de la localidad de Tornquist, provincia de Buenos Aires, Rep\u00fablica Argentina. Contenido propio originado por periodistas de CELTTV, el canal de TV local de la Cooperativa El\u00e9ctrica de Tornquist. Turismo, Pol\u00edtica, Sociedad, Deporte, Cultura y todo el contenido de inter\u00e9s general que la gente del pueblo y la regi\u00f3n debe conocer.\",\"breadcrumb\":{\"@id\":\"https:\/\/www.celttv.com.ar\/index.php\/2021\/04\/10\/un-herido-de-consideracion-en-un-accidente-registrado-esta-madrugada-en-la-rp-76-fotos-y-video\/#breadcrumb\"},\"inLanguage\":\"es\",\"potentialAction\":[{\"@type\":\"ReadAction\",\"target\":[\"https:\/\/www.celttv.com.ar\/index.php\/2021\/04\/10\/un-herido-de-consideracion-en-un-accidente-registrado-esta-madrugada-en-la-rp-76-fotos-y-video\/\"]}]},{\"@type\":\"BreadcrumbList\",\"@id\":\"https:\/\/www.celttv.com.ar\/index.php\/2021\/04\/10\/un-herido-de-consideracion-en-un-accidente-registrado-esta-madrugada-en-la-rp-76-fotos-y-video\/#breadcrumb\",\"itemListElement\":[{\"@type\":\"ListItem\",\"position\":1,\"name\":\"Inicio\",\"item\":\"https:\/\/www.celttv.com.ar\/\"},{\"@type\":\"ListItem\",\"position\":2,\"name\":\"Un herido de consideraci\u00f3n en un accidente registrado \u00e9sta madrugada en la RP 76 (fotos y video)\"}]},{\"@type\":\"WebSite\",\"@id\":\"https:\/\/www.celttv.com.ar\/#website\",\"url\":\"https:\/\/www.celttv.com.ar\/\",\"name\":\"CELTTV\",\"description\":\"Cooperativa El\u00e9ctrica de Tornquist\",\"publisher\":{\"@id\":\"https:\/\/www.celttv.com.ar\/#organization\"},\"potentialAction\":[{\"@type\":\"SearchAction\",\"target\":{\"@type\":\"EntryPoint\",\"urlTemplate\":\"https:\/\/www.celttv.com.ar\/?s={search_term_string}\"},\"query-input\":\"required name=search_term_string\"}],\"inLanguage\":\"es\"},{\"@type\":\"Organization\",\"@id\":\"https:\/\/www.celttv.com.ar\/#organization\",\"name\":\"CELTTV\",\"url\":\"https:\/\/www.celttv.com.ar\/\",\"sameAs\":[\"https:\/\/www.youtube.com\/channel\/UCz_oIt8Hig64Ub-EmcNPIhg\",\"https:\/\/www.facebook.com\/celtTV\/\"],\"logo\":{\"@type\":\"ImageObject\",\"inLanguage\":\"es\",\"@id\":\"https:\/\/www.celttv.com.ar\/#\/schema\/logo\/image\/\",\"url\":\"http:\/\/www.celttv.com.ar\/wp-content\/uploads\/2022\/08\/logo-1.png\",\"contentUrl\":\"http:\/\/www.celttv.com.ar\/wp-content\/uploads\/2022\/08\/logo-1.png\",\"width\":461,\"height\":159,\"caption\":\"CELTTV\"},\"image\":{\"@id\":\"https:\/\/www.celttv.com.ar\/#\/schema\/logo\/image\/\"}},{\"@type\":\"Person\",\"@id\":\"https:\/\/www.celttv.com.ar\/#\/schema\/person\/6d99c072dba59953809c81446e9d0ace\",\"name\":\"ulises\",\"image\":{\"@type\":\"ImageObject\",\"inLanguage\":\"es\",\"@id\":\"https:\/\/www.celttv.com.ar\/#\/schema\/person\/image\/\",\"url\":\"https:\/\/secure.gravatar.com\/avatar\/7f2c48bdc33b30088f941fb6082e555f2874c98e20cb159d7b92b50eadfce793?s=96&d=mm&r=g\",\"contentUrl\":\"https:\/\/secure.gravatar.com\/avatar\/7f2c48bdc33b30088f941fb6082e555f2874c98e20cb159d7b92b50eadfce793?s=96&d=mm&r=g\",\"caption\":\"ulises\"},\"sameAs\":[\"http:\/\/www.celttv.com.ar\"]}]}<\/script>\n<!-- \/ Yoast SEO plugin. -->","yoast_head_json":{"title":"Un herido de consideraci\u00f3n en un accidente registrado \u00e9sta madrugada en la RP 76 (fotos y video) - CELTTV","description":"Sitio web de noticias de la localidad de Tornquist, provincia de Buenos Aires, Rep\u00fablica Argentina. Contenido propio originado por periodistas de CELTTV, el canal de TV local de la Cooperativa El\u00e9ctrica de Tornquist. Turismo, Pol\u00edtica, Sociedad, Deporte, Cultura y todo el contenido de inter\u00e9s general que la gente del pueblo y la regi\u00f3n debe conocer.","robots":{"index":"index","follow":"follow","max-snippet":"max-snippet:-1","max-image-preview":"max-image-preview:large","max-video-preview":"max-video-preview:-1"},"canonical":"https:\/\/www.celttv.com.ar\/index.php\/2021\/04\/10\/un-herido-de-consideracion-en-un-accidente-registrado-esta-madrugada-en-la-rp-76-fotos-y-video\/","og_locale":"es_ES","og_type":"article","og_title":"Un herido de consideraci\u00f3n en un accidente registrado \u00e9sta madrugada en la RP 76 (fotos y video) - CELTTV","og_description":"Sitio web de noticias de la localidad de Tornquist, provincia de Buenos Aires, Rep\u00fablica Argentina. Contenido propio originado por periodistas de CELTTV, el canal de TV local de la Cooperativa El\u00e9ctrica de Tornquist. Turismo, Pol\u00edtica, Sociedad, Deporte, Cultura y todo el contenido de inter\u00e9s general que la gente del pueblo y la regi\u00f3n debe conocer.","og_url":"https:\/\/www.celttv.com.ar\/index.php\/2021\/04\/10\/un-herido-de-consideracion-en-un-accidente-registrado-esta-madrugada-en-la-rp-76-fotos-y-video\/","og_site_name":"CELTTV","article_publisher":"https:\/\/www.facebook.com\/celtTV\/","article_published_time":"2021-04-10T10:46:31+00:00","og_image":[{"width":1152,"height":768,"url":"https:\/\/www.celttv.com.ar\/wp-content\/uploads\/2021\/04\/IMG_6581-Medium.jpg","type":"image\/jpeg"}],"author":"ulises","twitter_card":"summary_large_image","twitter_misc":{"Escrito por":"ulises","Tiempo de lectura":"1 minuto"},"schema":{"@context":"https:\/\/schema.org","@graph":[{"@type":"NewsArticle","@id":"https:\/\/www.celttv.com.ar\/index.php\/2021\/04\/10\/un-herido-de-consideracion-en-un-accidente-registrado-esta-madrugada-en-la-rp-76-fotos-y-video\/#article","isPartOf":{"@id":"https:\/\/www.celttv.com.ar\/index.php\/2021\/04\/10\/un-herido-de-consideracion-en-un-accidente-registrado-esta-madrugada-en-la-rp-76-fotos-y-video\/"},"author":{"name":"ulises","@id":"https:\/\/www.celttv.com.ar\/#\/schema\/person\/6d99c072dba59953809c81446e9d0ace"},"headline":"Un herido de consideraci\u00f3n en un accidente registrado \u00e9sta madrugada en la RP 76 (fotos y video)","datePublished":"2021-04-10T10:46:31+00:00","dateModified":"2021-04-10T10:46:31+00:00","mainEntityOfPage":{"@id":"https:\/\/www.celttv.com.ar\/index.php\/2021\/04\/10\/un-herido-de-consideracion-en-un-accidente-registrado-esta-madrugada-en-la-rp-76-fotos-y-video\/"},"wordCount":232,"publisher":{"@id":"https:\/\/www.celttv.com.ar\/#organization"},"articleSection":["Celt TV Noticias","Destacadas","Policiales"],"inLanguage":"es"},{"@type":"WebPage","@id":"https:\/\/www.celttv.com.ar\/index.php\/2021\/04\/10\/un-herido-de-consideracion-en-un-accidente-registrado-esta-madrugada-en-la-rp-76-fotos-y-video\/","url":"https:\/\/www.celttv.com.ar\/index.php\/2021\/04\/10\/un-herido-de-consideracion-en-un-accidente-registrado-esta-madrugada-en-la-rp-76-fotos-y-video\/","name":"Un herido de consideraci\u00f3n en un accidente registrado \u00e9sta madrugada en la RP 76 (fotos y video) - CELTTV","isPartOf":{"@id":"https:\/\/www.celttv.com.ar\/#website"},"datePublished":"2021-04-10T10:46:31+00:00","dateModified":"2021-04-10T10:46:31+00:00","description":"Sitio web de noticias de la localidad de Tornquist, provincia de Buenos Aires, Rep\u00fablica Argentina. Contenido propio originado por periodistas de CELTTV, el canal de TV local de la Cooperativa El\u00e9ctrica de Tornquist. Turismo, Pol\u00edtica, Sociedad, Deporte, Cultura y todo el contenido de inter\u00e9s general que la gente del pueblo y la regi\u00f3n debe conocer.","breadcrumb":{"@id":"https:\/\/www.celttv.com.ar\/index.php\/2021\/04\/10\/un-herido-de-consideracion-en-un-accidente-registrado-esta-madrugada-en-la-rp-76-fotos-y-video\/#breadcrumb"},"inLanguage":"es","potentialAction":[{"@type":"ReadAction","target":["https:\/\/www.celttv.com.ar\/index.php\/2021\/04\/10\/un-herido-de-consideracion-en-un-accidente-registrado-esta-madrugada-en-la-rp-76-fotos-y-video\/"]}]},{"@type":"BreadcrumbList","@id":"https:\/\/www.celttv.com.ar\/index.php\/2021\/04\/10\/un-herido-de-consideracion-en-un-accidente-registrado-esta-madrugada-en-la-rp-76-fotos-y-video\/#breadcrumb","itemListElement":[{"@type":"ListItem","position":1,"name":"Inicio","item":"https:\/\/www.celttv.com.ar\/"},{"@type":"ListItem","position":2,"name":"Un herido de consideraci\u00f3n en un accidente registrado \u00e9sta madrugada en la RP 76 (fotos y video)"}]},{"@type":"WebSite","@id":"https:\/\/www.celttv.com.ar\/#website","url":"https:\/\/www.celttv.com.ar\/","name":"CELTTV","description":"Cooperativa El\u00e9ctrica de Tornquist","publisher":{"@id":"https:\/\/www.celttv.com.ar\/#organization"},"potentialAction":[{"@type":"SearchAction","target":{"@type":"EntryPoint","urlTemplate":"https:\/\/www.celttv.com.ar\/?s={search_term_string}"},"query-input":"required name=search_term_string"}],"inLanguage":"es"},{"@type":"Organization","@id":"https:\/\/www.celttv.com.ar\/#organization","name":"CELTTV","url":"https:\/\/www.celttv.com.ar\/","sameAs":["https:\/\/www.youtube.com\/channel\/UCz_oIt8Hig64Ub-EmcNPIhg","https:\/\/www.facebook.com\/celtTV\/"],"logo":{"@type":"ImageObject","inLanguage":"es","@id":"https:\/\/www.celttv.com.ar\/#\/schema\/logo\/image\/","url":"http:\/\/www.celttv.com.ar\/wp-content\/uploads\/2022\/08\/logo-1.png","contentUrl":"http:\/\/www.celttv.com.ar\/wp-content\/uploads\/2022\/08\/logo-1.png","width":461,"height":159,"caption":"CELTTV"},"image":{"@id":"https:\/\/www.celttv.com.ar\/#\/schema\/logo\/image\/"}},{"@type":"Person","@id":"https:\/\/www.celttv.com.ar\/#\/schema\/person\/6d99c072dba59953809c81446e9d0ace","name":"ulises","image":{"@type":"ImageObject","inLanguage":"es","@id":"https:\/\/www.celttv.com.ar\/#\/schema\/person\/image\/","url":"https:\/\/secure.gravatar.com\/avatar\/7f2c48bdc33b30088f941fb6082e555f2874c98e20cb159d7b92b50eadfce793?s=96&d=mm&r=g","contentUrl":"https:\/\/secure.gravatar.com\/avatar\/7f2c48bdc33b30088f941fb6082e555f2874c98e20cb159d7b92b50eadfce793?s=96&d=mm&r=g","caption":"ulises"},"sameAs":["http:\/\/www.celttv.com.ar"]}]}},"_links":{"self":[{"href":"https:\/\/www.celttv.com.ar\/index.php\/wp-json\/wp\/v2\/posts\/57004","targetHints":{"allow":["GET"]}}],"collection":[{"href":"https:\/\/www.celttv.com.ar\/index.php\/wp-json\/wp\/v2\/posts"}],"about":[{"href":"https:\/\/www.celttv.com.ar\/index.php\/wp-json\/wp\/v2\/types\/post"}],"author":[{"embeddable":true,"href":"https:\/\/www.celttv.com.ar\/index.php\/wp-json\/wp\/v2\/users\/1"}],"replies":[{"embeddable":true,"href":"https:\/\/www.celttv.com.ar\/index.php\/wp-json\/wp\/v2\/comments?post=57004"}],"version-history":[{"count":0,"href":"https:\/\/www.celttv.com.ar\/index.php\/wp-json\/wp\/v2\/posts\/57004\/revisions"}],"wp:featuredmedia":[{"embeddable":true,"href":"https:\/\/www.celttv.com.ar\/index.php\/wp-json\/wp\/v2\/media\/57011"}],"wp:attachment":[{"href":"https:\/\/www.celttv.com.ar\/index.php\/wp-json\/wp\/v2\/media?parent=57004"}],"wp:term":[{"taxonomy":"category","embeddable":true,"href":"https:\/\/www.celttv.com.ar\/index.php\/wp-json\/wp\/v2\/categories?post=57004"},{"taxonomy":"post_tag","embeddable":true,"href":"https:\/\/www.celttv.com.ar\/index.php\/wp-json\/wp\/v2\/tags?post=57004"}],"curies":[{"name":"wp","href":"https:\/\/api.w.org\/{rel}","templated":true}]}}