{"id":57029,"date":"2021-04-12T13:34:46","date_gmt":"2021-04-12T13:34:46","guid":{"rendered":"http:\/\/www.celttv.com.ar\/?p=57029"},"modified":"2021-04-12T13:34:46","modified_gmt":"2021-04-12T13:34:46","slug":"la-delegacion-de-villa-ventana-e-instituciones-avanzan-con-la-puesta-en-valor-de-la-plaza-salerno","status":"publish","type":"post","link":"https:\/\/www.celttv.com.ar\/index.php\/2021\/04\/12\/la-delegacion-de-villa-ventana-e-instituciones-avanzan-con-la-puesta-en-valor-de-la-plaza-salerno\/","title":{"rendered":"La delegaci\u00f3n de Villa Ventana e instituciones avanzan con la puesta en valor de la Plaza Salerno"},"content":{"rendered":"\n<p>En el transcurso de las \u00faltimas semanas, la comuna en colaboraci\u00f3n con el Club de Actividades de Ventania, la Asociaci\u00f3n de Fomento, Cultura y Deportes, la C\u00e1mara de Comercio y Turismo y Nicolas Savisky, realiz\u00f3 diferentes tareas de mejora y embellecimiento de uno de los principales sitios de la villa.<\/p>\n\n\n\n<p>Entre los trabajos, que a\u00fan contin\u00faan, se hicieron reparaciones en la garita, se pintaron los juegos y los postes de las luces y se reemplazaron farolas y luminarias. Tambi\u00e9n, se arreglaron los canteros, donde se est\u00e1n colocando nuevas plantas.<\/p>\n\n\n\n<figure class=\"wp-block-gallery columns-3 is-cropped wp-block-gallery-1 is-layout-flex wp-block-gallery-is-layout-flex\"><ul class=\"blocks-gallery-grid\"><li class=\"blocks-gallery-item\"><figure><img loading=\"lazy\" decoding=\"async\" width=\"725\" height=\"852\" src=\"http:\/\/www.celttv.com.ar\/wp-content\/uploads\/2021\/04\/Arreglos-Plaza-Salerno-1.jpeg\" alt=\"\" data-id=\"57032\" data-link=\"http:\/\/www.celttv.com.ar\/?attachment_id=57032\" class=\"wp-image-57032\" srcset=\"https:\/\/www.celttv.com.ar\/wp-content\/uploads\/2021\/04\/Arreglos-Plaza-Salerno-1.jpeg 725w, https:\/\/www.celttv.com.ar\/wp-content\/uploads\/2021\/04\/Arreglos-Plaza-Salerno-1-255x300.jpeg 255w\" sizes=\"auto, (max-width: 725px) 100vw, 725px\" \/><\/figure><\/li><li class=\"blocks-gallery-item\"><figure><img loading=\"lazy\" decoding=\"async\" width=\"622\" height=\"1011\" src=\"http:\/\/www.celttv.com.ar\/wp-content\/uploads\/2021\/04\/Arreglos-Plaza-Salerno-2.jpeg\" alt=\"\" data-id=\"57033\" data-link=\"http:\/\/www.celttv.com.ar\/?attachment_id=57033\" class=\"wp-image-57033\" srcset=\"https:\/\/www.celttv.com.ar\/wp-content\/uploads\/2021\/04\/Arreglos-Plaza-Salerno-2.jpeg 622w, https:\/\/www.celttv.com.ar\/wp-content\/uploads\/2021\/04\/Arreglos-Plaza-Salerno-2-185x300.jpeg 185w\" sizes=\"auto, (max-width: 622px) 100vw, 622px\" \/><\/figure><\/li><li class=\"blocks-gallery-item\"><figure><img loading=\"lazy\" decoding=\"async\" width=\"1280\" height=\"622\" src=\"http:\/\/www.celttv.com.ar\/wp-content\/uploads\/2021\/04\/Arreglos-Plaza-Salerno-3.jpeg\" alt=\"\" data-id=\"57034\" data-link=\"http:\/\/www.celttv.com.ar\/?attachment_id=57034\" class=\"wp-image-57034\" srcset=\"https:\/\/www.celttv.com.ar\/wp-content\/uploads\/2021\/04\/Arreglos-Plaza-Salerno-3.jpeg 1280w, https:\/\/www.celttv.com.ar\/wp-content\/uploads\/2021\/04\/Arreglos-Plaza-Salerno-3-300x146.jpeg 300w, https:\/\/www.celttv.com.ar\/wp-content\/uploads\/2021\/04\/Arreglos-Plaza-Salerno-3-1024x498.jpeg 1024w, https:\/\/www.celttv.com.ar\/wp-content\/uploads\/2021\/04\/Arreglos-Plaza-Salerno-3-768x373.jpeg 768w, https:\/\/www.celttv.com.ar\/wp-content\/uploads\/2021\/04\/Arreglos-Plaza-Salerno-3-750x364.jpeg 750w, https:\/\/www.celttv.com.ar\/wp-content\/uploads\/2021\/04\/Arreglos-Plaza-Salerno-3-1140x554.jpeg 1140w\" sizes=\"auto, (max-width: 1280px) 100vw, 1280px\" \/><\/figure><\/li><li class=\"blocks-gallery-item\"><figure><img loading=\"lazy\" decoding=\"async\" width=\"1280\" height=\"621\" src=\"http:\/\/www.celttv.com.ar\/wp-content\/uploads\/2021\/04\/Arreglos-Plaza-Salerno-4.jpeg\" alt=\"\" data-id=\"57035\" data-link=\"http:\/\/www.celttv.com.ar\/?attachment_id=57035\" class=\"wp-image-57035\" srcset=\"https:\/\/www.celttv.com.ar\/wp-content\/uploads\/2021\/04\/Arreglos-Plaza-Salerno-4.jpeg 1280w, https:\/\/www.celttv.com.ar\/wp-content\/uploads\/2021\/04\/Arreglos-Plaza-Salerno-4-300x146.jpeg 300w, https:\/\/www.celttv.com.ar\/wp-content\/uploads\/2021\/04\/Arreglos-Plaza-Salerno-4-1024x497.jpeg 1024w, https:\/\/www.celttv.com.ar\/wp-content\/uploads\/2021\/04\/Arreglos-Plaza-Salerno-4-768x373.jpeg 768w, https:\/\/www.celttv.com.ar\/wp-content\/uploads\/2021\/04\/Arreglos-Plaza-Salerno-4-750x364.jpeg 750w, https:\/\/www.celttv.com.ar\/wp-content\/uploads\/2021\/04\/Arreglos-Plaza-Salerno-4-1140x553.jpeg 1140w\" sizes=\"auto, (max-width: 1280px) 100vw, 1280px\" \/><\/figure><\/li><li class=\"blocks-gallery-item\"><figure><img loading=\"lazy\" decoding=\"async\" width=\"520\" height=\"400\" src=\"http:\/\/www.celttv.com.ar\/wp-content\/uploads\/2021\/04\/Arreglos-Plaza-Salerno-5.jpeg\" alt=\"\" data-id=\"57036\" data-link=\"http:\/\/www.celttv.com.ar\/?attachment_id=57036\" class=\"wp-image-57036\" srcset=\"https:\/\/www.celttv.com.ar\/wp-content\/uploads\/2021\/04\/Arreglos-Plaza-Salerno-5.jpeg 520w, https:\/\/www.celttv.com.ar\/wp-content\/uploads\/2021\/04\/Arreglos-Plaza-Salerno-5-300x231.jpeg 300w\" sizes=\"auto, (max-width: 520px) 100vw, 520px\" \/><\/figure><\/li><\/ul><\/figure>\n","protected":false},"excerpt":{"rendered":"<p>En el transcurso de las \u00faltimas semanas, la comuna en colaboraci\u00f3n con el Club de Actividades de Ventania, la Asociaci\u00f3n de Fomento, Cultura y Deportes, la C\u00e1mara de Comercio y Turismo y Nicolas Savisky, realiz\u00f3 diferentes tareas de mejora y embellecimiento de uno de los principales sitios de la villa. Entre los trabajos, que a\u00fan [&hellip;]<\/p>\n","protected":false},"author":1,"featured_media":57035,"comment_status":"closed","ping_status":"open","sticky":false,"template":"","format":"standard","meta":{"footnotes":""},"categories":[55,51,52,59],"tags":[],"class_list":["post-57029","post","type-post","status-publish","format-standard","has-post-thumbnail","hentry","category-celt-tv-noticias","category-comunidad","category-destacadas","category-municipales"],"yoast_head":"<!-- This site is optimized with the Yoast SEO plugin v19.7.1 - https:\/\/yoast.com\/wordpress\/plugins\/seo\/ -->\n<title>La delegaci\u00f3n de Villa Ventana e instituciones avanzan con la puesta en valor de la Plaza Salerno - CELTTV<\/title>\n<meta name=\"description\" content=\"Sitio web de noticias de la localidad de Tornquist, provincia de Buenos Aires, Rep\u00fablica Argentina. Contenido propio originado por periodistas de CELTTV, el canal de TV local de la Cooperativa El\u00e9ctrica de Tornquist. Turismo, Pol\u00edtica, Sociedad, Deporte, Cultura y todo el contenido de inter\u00e9s general que la gente del pueblo y la regi\u00f3n debe conocer.\" \/>\n<meta name=\"robots\" content=\"index, follow, max-snippet:-1, max-image-preview:large, max-video-preview:-1\" \/>\n<link rel=\"canonical\" href=\"https:\/\/www.celttv.com.ar\/index.php\/2021\/04\/12\/la-delegacion-de-villa-ventana-e-instituciones-avanzan-con-la-puesta-en-valor-de-la-plaza-salerno\/\" \/>\n<meta property=\"og:locale\" content=\"es_ES\" \/>\n<meta property=\"og:type\" content=\"article\" \/>\n<meta property=\"og:title\" content=\"La delegaci\u00f3n de Villa Ventana e instituciones avanzan con la puesta en valor de la Plaza Salerno - CELTTV\" \/>\n<meta property=\"og:description\" content=\"Sitio web de noticias de la localidad de Tornquist, provincia de Buenos Aires, Rep\u00fablica Argentina. Contenido propio originado por periodistas de CELTTV, el canal de TV local de la Cooperativa El\u00e9ctrica de Tornquist. Turismo, Pol\u00edtica, Sociedad, Deporte, Cultura y todo el contenido de inter\u00e9s general que la gente del pueblo y la regi\u00f3n debe conocer.\" \/>\n<meta property=\"og:url\" content=\"https:\/\/www.celttv.com.ar\/index.php\/2021\/04\/12\/la-delegacion-de-villa-ventana-e-instituciones-avanzan-con-la-puesta-en-valor-de-la-plaza-salerno\/\" \/>\n<meta property=\"og:site_name\" content=\"CELTTV\" \/>\n<meta property=\"article:publisher\" content=\"https:\/\/www.facebook.com\/celtTV\/\" \/>\n<meta property=\"article:published_time\" content=\"2021-04-12T13:34:46+00:00\" \/>\n<meta property=\"og:image\" content=\"https:\/\/www.celttv.com.ar\/wp-content\/uploads\/2021\/04\/Arreglos-Plaza-Salerno-4.jpeg\" \/>\n\t<meta property=\"og:image:width\" content=\"1280\" \/>\n\t<meta property=\"og:image:height\" content=\"621\" \/>\n\t<meta property=\"og:image:type\" content=\"image\/jpeg\" \/>\n<meta name=\"author\" content=\"ulises\" \/>\n<meta name=\"twitter:card\" content=\"summary_large_image\" \/>\n<meta name=\"twitter:label1\" content=\"Escrito por\" \/>\n\t<meta name=\"twitter:data1\" content=\"ulises\" \/>\n<script type=\"application\/ld+json\" class=\"yoast-schema-graph\">{\"@context\":\"https:\/\/schema.org\",\"@graph\":[{\"@type\":\"NewsArticle\",\"@id\":\"https:\/\/www.celttv.com.ar\/index.php\/2021\/04\/12\/la-delegacion-de-villa-ventana-e-instituciones-avanzan-con-la-puesta-en-valor-de-la-plaza-salerno\/#article\",\"isPartOf\":{\"@id\":\"https:\/\/www.celttv.com.ar\/index.php\/2021\/04\/12\/la-delegacion-de-villa-ventana-e-instituciones-avanzan-con-la-puesta-en-valor-de-la-plaza-salerno\/\"},\"author\":{\"name\":\"ulises\",\"@id\":\"https:\/\/www.celttv.com.ar\/#\/schema\/person\/6d99c072dba59953809c81446e9d0ace\"},\"headline\":\"La delegaci\u00f3n de Villa Ventana e instituciones avanzan con la puesta en valor de la Plaza Salerno\",\"datePublished\":\"2021-04-12T13:34:46+00:00\",\"dateModified\":\"2021-04-12T13:34:46+00:00\",\"mainEntityOfPage\":{\"@id\":\"https:\/\/www.celttv.com.ar\/index.php\/2021\/04\/12\/la-delegacion-de-villa-ventana-e-instituciones-avanzan-con-la-puesta-en-valor-de-la-plaza-salerno\/\"},\"wordCount\":114,\"publisher\":{\"@id\":\"https:\/\/www.celttv.com.ar\/#organization\"},\"articleSection\":[\"Celt TV Noticias\",\"Comunidad\",\"Destacadas\",\"Municipales\"],\"inLanguage\":\"es\"},{\"@type\":\"WebPage\",\"@id\":\"https:\/\/www.celttv.com.ar\/index.php\/2021\/04\/12\/la-delegacion-de-villa-ventana-e-instituciones-avanzan-con-la-puesta-en-valor-de-la-plaza-salerno\/\",\"url\":\"https:\/\/www.celttv.com.ar\/index.php\/2021\/04\/12\/la-delegacion-de-villa-ventana-e-instituciones-avanzan-con-la-puesta-en-valor-de-la-plaza-salerno\/\",\"name\":\"La delegaci\u00f3n de Villa Ventana e instituciones avanzan con la puesta en valor de la Plaza Salerno - CELTTV\",\"isPartOf\":{\"@id\":\"https:\/\/www.celttv.com.ar\/#website\"},\"datePublished\":\"2021-04-12T13:34:46+00:00\",\"dateModified\":\"2021-04-12T13:34:46+00:00\",\"description\":\"Sitio web de noticias de la localidad de Tornquist, provincia de Buenos Aires, Rep\u00fablica Argentina. Contenido propio originado por periodistas de CELTTV, el canal de TV local de la Cooperativa El\u00e9ctrica de Tornquist. Turismo, Pol\u00edtica, Sociedad, Deporte, Cultura y todo el contenido de inter\u00e9s general que la gente del pueblo y la regi\u00f3n debe conocer.\",\"breadcrumb\":{\"@id\":\"https:\/\/www.celttv.com.ar\/index.php\/2021\/04\/12\/la-delegacion-de-villa-ventana-e-instituciones-avanzan-con-la-puesta-en-valor-de-la-plaza-salerno\/#breadcrumb\"},\"inLanguage\":\"es\",\"potentialAction\":[{\"@type\":\"ReadAction\",\"target\":[\"https:\/\/www.celttv.com.ar\/index.php\/2021\/04\/12\/la-delegacion-de-villa-ventana-e-instituciones-avanzan-con-la-puesta-en-valor-de-la-plaza-salerno\/\"]}]},{\"@type\":\"BreadcrumbList\",\"@id\":\"https:\/\/www.celttv.com.ar\/index.php\/2021\/04\/12\/la-delegacion-de-villa-ventana-e-instituciones-avanzan-con-la-puesta-en-valor-de-la-plaza-salerno\/#breadcrumb\",\"itemListElement\":[{\"@type\":\"ListItem\",\"position\":1,\"name\":\"Inicio\",\"item\":\"https:\/\/www.celttv.com.ar\/\"},{\"@type\":\"ListItem\",\"position\":2,\"name\":\"La delegaci\u00f3n de Villa Ventana e instituciones avanzan con la puesta en valor de la Plaza Salerno\"}]},{\"@type\":\"WebSite\",\"@id\":\"https:\/\/www.celttv.com.ar\/#website\",\"url\":\"https:\/\/www.celttv.com.ar\/\",\"name\":\"CELTTV\",\"description\":\"Cooperativa El\u00e9ctrica de Tornquist\",\"publisher\":{\"@id\":\"https:\/\/www.celttv.com.ar\/#organization\"},\"potentialAction\":[{\"@type\":\"SearchAction\",\"target\":{\"@type\":\"EntryPoint\",\"urlTemplate\":\"https:\/\/www.celttv.com.ar\/?s={search_term_string}\"},\"query-input\":\"required name=search_term_string\"}],\"inLanguage\":\"es\"},{\"@type\":\"Organization\",\"@id\":\"https:\/\/www.celttv.com.ar\/#organization\",\"name\":\"CELTTV\",\"url\":\"https:\/\/www.celttv.com.ar\/\",\"sameAs\":[\"https:\/\/www.youtube.com\/channel\/UCz_oIt8Hig64Ub-EmcNPIhg\",\"https:\/\/www.facebook.com\/celtTV\/\"],\"logo\":{\"@type\":\"ImageObject\",\"inLanguage\":\"es\",\"@id\":\"https:\/\/www.celttv.com.ar\/#\/schema\/logo\/image\/\",\"url\":\"http:\/\/www.celttv.com.ar\/wp-content\/uploads\/2022\/08\/logo-1.png\",\"contentUrl\":\"http:\/\/www.celttv.com.ar\/wp-content\/uploads\/2022\/08\/logo-1.png\",\"width\":461,\"height\":159,\"caption\":\"CELTTV\"},\"image\":{\"@id\":\"https:\/\/www.celttv.com.ar\/#\/schema\/logo\/image\/\"}},{\"@type\":\"Person\",\"@id\":\"https:\/\/www.celttv.com.ar\/#\/schema\/person\/6d99c072dba59953809c81446e9d0ace\",\"name\":\"ulises\",\"image\":{\"@type\":\"ImageObject\",\"inLanguage\":\"es\",\"@id\":\"https:\/\/www.celttv.com.ar\/#\/schema\/person\/image\/\",\"url\":\"https:\/\/secure.gravatar.com\/avatar\/7f2c48bdc33b30088f941fb6082e555f2874c98e20cb159d7b92b50eadfce793?s=96&d=mm&r=g\",\"contentUrl\":\"https:\/\/secure.gravatar.com\/avatar\/7f2c48bdc33b30088f941fb6082e555f2874c98e20cb159d7b92b50eadfce793?s=96&d=mm&r=g\",\"caption\":\"ulises\"},\"sameAs\":[\"http:\/\/www.celttv.com.ar\"]}]}<\/script>\n<!-- \/ Yoast SEO plugin. -->","yoast_head_json":{"title":"La delegaci\u00f3n de Villa Ventana e instituciones avanzan con la puesta en valor de la Plaza Salerno - CELTTV","description":"Sitio web de noticias de la localidad de Tornquist, provincia de Buenos Aires, Rep\u00fablica Argentina. Contenido propio originado por periodistas de CELTTV, el canal de TV local de la Cooperativa El\u00e9ctrica de Tornquist. Turismo, Pol\u00edtica, Sociedad, Deporte, Cultura y todo el contenido de inter\u00e9s general que la gente del pueblo y la regi\u00f3n debe conocer.","robots":{"index":"index","follow":"follow","max-snippet":"max-snippet:-1","max-image-preview":"max-image-preview:large","max-video-preview":"max-video-preview:-1"},"canonical":"https:\/\/www.celttv.com.ar\/index.php\/2021\/04\/12\/la-delegacion-de-villa-ventana-e-instituciones-avanzan-con-la-puesta-en-valor-de-la-plaza-salerno\/","og_locale":"es_ES","og_type":"article","og_title":"La delegaci\u00f3n de Villa Ventana e instituciones avanzan con la puesta en valor de la Plaza Salerno - CELTTV","og_description":"Sitio web de noticias de la localidad de Tornquist, provincia de Buenos Aires, Rep\u00fablica Argentina. Contenido propio originado por periodistas de CELTTV, el canal de TV local de la Cooperativa El\u00e9ctrica de Tornquist. Turismo, Pol\u00edtica, Sociedad, Deporte, Cultura y todo el contenido de inter\u00e9s general que la gente del pueblo y la regi\u00f3n debe conocer.","og_url":"https:\/\/www.celttv.com.ar\/index.php\/2021\/04\/12\/la-delegacion-de-villa-ventana-e-instituciones-avanzan-con-la-puesta-en-valor-de-la-plaza-salerno\/","og_site_name":"CELTTV","article_publisher":"https:\/\/www.facebook.com\/celtTV\/","article_published_time":"2021-04-12T13:34:46+00:00","og_image":[{"width":1280,"height":621,"url":"https:\/\/www.celttv.com.ar\/wp-content\/uploads\/2021\/04\/Arreglos-Plaza-Salerno-4.jpeg","type":"image\/jpeg"}],"author":"ulises","twitter_card":"summary_large_image","twitter_misc":{"Escrito por":"ulises"},"schema":{"@context":"https:\/\/schema.org","@graph":[{"@type":"NewsArticle","@id":"https:\/\/www.celttv.com.ar\/index.php\/2021\/04\/12\/la-delegacion-de-villa-ventana-e-instituciones-avanzan-con-la-puesta-en-valor-de-la-plaza-salerno\/#article","isPartOf":{"@id":"https:\/\/www.celttv.com.ar\/index.php\/2021\/04\/12\/la-delegacion-de-villa-ventana-e-instituciones-avanzan-con-la-puesta-en-valor-de-la-plaza-salerno\/"},"author":{"name":"ulises","@id":"https:\/\/www.celttv.com.ar\/#\/schema\/person\/6d99c072dba59953809c81446e9d0ace"},"headline":"La delegaci\u00f3n de Villa Ventana e instituciones avanzan con la puesta en valor de la Plaza Salerno","datePublished":"2021-04-12T13:34:46+00:00","dateModified":"2021-04-12T13:34:46+00:00","mainEntityOfPage":{"@id":"https:\/\/www.celttv.com.ar\/index.php\/2021\/04\/12\/la-delegacion-de-villa-ventana-e-instituciones-avanzan-con-la-puesta-en-valor-de-la-plaza-salerno\/"},"wordCount":114,"publisher":{"@id":"https:\/\/www.celttv.com.ar\/#organization"},"articleSection":["Celt TV Noticias","Comunidad","Destacadas","Municipales"],"inLanguage":"es"},{"@type":"WebPage","@id":"https:\/\/www.celttv.com.ar\/index.php\/2021\/04\/12\/la-delegacion-de-villa-ventana-e-instituciones-avanzan-con-la-puesta-en-valor-de-la-plaza-salerno\/","url":"https:\/\/www.celttv.com.ar\/index.php\/2021\/04\/12\/la-delegacion-de-villa-ventana-e-instituciones-avanzan-con-la-puesta-en-valor-de-la-plaza-salerno\/","name":"La delegaci\u00f3n de Villa Ventana e instituciones avanzan con la puesta en valor de la Plaza Salerno - CELTTV","isPartOf":{"@id":"https:\/\/www.celttv.com.ar\/#website"},"datePublished":"2021-04-12T13:34:46+00:00","dateModified":"2021-04-12T13:34:46+00:00","description":"Sitio web de noticias de la localidad de Tornquist, provincia de Buenos Aires, Rep\u00fablica Argentina. Contenido propio originado por periodistas de CELTTV, el canal de TV local de la Cooperativa El\u00e9ctrica de Tornquist. Turismo, Pol\u00edtica, Sociedad, Deporte, Cultura y todo el contenido de inter\u00e9s general que la gente del pueblo y la regi\u00f3n debe conocer.","breadcrumb":{"@id":"https:\/\/www.celttv.com.ar\/index.php\/2021\/04\/12\/la-delegacion-de-villa-ventana-e-instituciones-avanzan-con-la-puesta-en-valor-de-la-plaza-salerno\/#breadcrumb"},"inLanguage":"es","potentialAction":[{"@type":"ReadAction","target":["https:\/\/www.celttv.com.ar\/index.php\/2021\/04\/12\/la-delegacion-de-villa-ventana-e-instituciones-avanzan-con-la-puesta-en-valor-de-la-plaza-salerno\/"]}]},{"@type":"BreadcrumbList","@id":"https:\/\/www.celttv.com.ar\/index.php\/2021\/04\/12\/la-delegacion-de-villa-ventana-e-instituciones-avanzan-con-la-puesta-en-valor-de-la-plaza-salerno\/#breadcrumb","itemListElement":[{"@type":"ListItem","position":1,"name":"Inicio","item":"https:\/\/www.celttv.com.ar\/"},{"@type":"ListItem","position":2,"name":"La delegaci\u00f3n de Villa Ventana e instituciones avanzan con la puesta en valor de la Plaza Salerno"}]},{"@type":"WebSite","@id":"https:\/\/www.celttv.com.ar\/#website","url":"https:\/\/www.celttv.com.ar\/","name":"CELTTV","description":"Cooperativa El\u00e9ctrica de Tornquist","publisher":{"@id":"https:\/\/www.celttv.com.ar\/#organization"},"potentialAction":[{"@type":"SearchAction","target":{"@type":"EntryPoint","urlTemplate":"https:\/\/www.celttv.com.ar\/?s={search_term_string}"},"query-input":"required name=search_term_string"}],"inLanguage":"es"},{"@type":"Organization","@id":"https:\/\/www.celttv.com.ar\/#organization","name":"CELTTV","url":"https:\/\/www.celttv.com.ar\/","sameAs":["https:\/\/www.youtube.com\/channel\/UCz_oIt8Hig64Ub-EmcNPIhg","https:\/\/www.facebook.com\/celtTV\/"],"logo":{"@type":"ImageObject","inLanguage":"es","@id":"https:\/\/www.celttv.com.ar\/#\/schema\/logo\/image\/","url":"http:\/\/www.celttv.com.ar\/wp-content\/uploads\/2022\/08\/logo-1.png","contentUrl":"http:\/\/www.celttv.com.ar\/wp-content\/uploads\/2022\/08\/logo-1.png","width":461,"height":159,"caption":"CELTTV"},"image":{"@id":"https:\/\/www.celttv.com.ar\/#\/schema\/logo\/image\/"}},{"@type":"Person","@id":"https:\/\/www.celttv.com.ar\/#\/schema\/person\/6d99c072dba59953809c81446e9d0ace","name":"ulises","image":{"@type":"ImageObject","inLanguage":"es","@id":"https:\/\/www.celttv.com.ar\/#\/schema\/person\/image\/","url":"https:\/\/secure.gravatar.com\/avatar\/7f2c48bdc33b30088f941fb6082e555f2874c98e20cb159d7b92b50eadfce793?s=96&d=mm&r=g","contentUrl":"https:\/\/secure.gravatar.com\/avatar\/7f2c48bdc33b30088f941fb6082e555f2874c98e20cb159d7b92b50eadfce793?s=96&d=mm&r=g","caption":"ulises"},"sameAs":["http:\/\/www.celttv.com.ar"]}]}},"_links":{"self":[{"href":"https:\/\/www.celttv.com.ar\/index.php\/wp-json\/wp\/v2\/posts\/57029","targetHints":{"allow":["GET"]}}],"collection":[{"href":"https:\/\/www.celttv.com.ar\/index.php\/wp-json\/wp\/v2\/posts"}],"about":[{"href":"https:\/\/www.celttv.com.ar\/index.php\/wp-json\/wp\/v2\/types\/post"}],"author":[{"embeddable":true,"href":"https:\/\/www.celttv.com.ar\/index.php\/wp-json\/wp\/v2\/users\/1"}],"replies":[{"embeddable":true,"href":"https:\/\/www.celttv.com.ar\/index.php\/wp-json\/wp\/v2\/comments?post=57029"}],"version-history":[{"count":0,"href":"https:\/\/www.celttv.com.ar\/index.php\/wp-json\/wp\/v2\/posts\/57029\/revisions"}],"wp:featuredmedia":[{"embeddable":true,"href":"https:\/\/www.celttv.com.ar\/index.php\/wp-json\/wp\/v2\/media\/57035"}],"wp:attachment":[{"href":"https:\/\/www.celttv.com.ar\/index.php\/wp-json\/wp\/v2\/media?parent=57029"}],"wp:term":[{"taxonomy":"category","embeddable":true,"href":"https:\/\/www.celttv.com.ar\/index.php\/wp-json\/wp\/v2\/categories?post=57029"},{"taxonomy":"post_tag","embeddable":true,"href":"https:\/\/www.celttv.com.ar\/index.php\/wp-json\/wp\/v2\/tags?post=57029"}],"curies":[{"name":"wp","href":"https:\/\/api.w.org\/{rel}","templated":true}]}}