{"id":571,"date":"2011-08-06T17:45:26","date_gmt":"2011-08-06T17:45:26","guid":{"rendered":"http:\/\/www.tvcnoticias.com.ar\/?p=571"},"modified":"2011-08-06T17:45:26","modified_gmt":"2011-08-06T17:45:26","slug":"devolucion-de-mis-pertenencias","status":"publish","type":"post","link":"https:\/\/www.celttv.com.ar\/index.php\/2011\/08\/06\/devolucion-de-mis-pertenencias\/","title":{"rendered":"Devoluci\u00f3n de mis pertenencias"},"content":{"rendered":"<p><strong><span style=\"font-family: Calibri;\">Primera carta con solicitudes para que se me haga inmediata devoluci\u00f3n de mis pertenencias<br \/>\n<\/span><\/strong><br \/>\n<strong><\/strong>\u00a0Sigo lamentando tener que hacer p\u00fablico, algo que siempre insist\u00ed, no debi\u00f3 salir del \u00e1mbito privado, la intransigencia de personas, que dicen tener m\u00e1s derechos que yo, me obliga a seguir reclamando p\u00fablicamente ?por mis derechos? y hasta llegar a tener que acudir a la justicia, simplemente tengo derecho a mi identidad, necesito y quiero que me devuelvan todo y absolutamente TODO lo que reclamo en la lista que sucesivamente ir\u00e9 publicando o que se me indemnice por aquello que no me restituya, por el da\u00f1o, el dolor, la angustia, la amargura y el agobio que siento, que perjudica mi salud emocional, por todo lo que se llevaron me ocasiona? \u00a1Pobre viejo! Si a m\u00ed me hacen esto?lo que \u00e9l habr\u00e1 tenido que soportar&#8230; NO pisoteen m\u00e1s mi pasado, mi apellido, mis ra\u00edces, mi dignidad y mis recuerdos? ni tampoco quieran imponerme \u00a1qu\u00e9 sentimientos hacia mi padre!, debo tener, seg\u00fan sus propios criterios?le estoy gritando BASTA.<br \/>\nReclamo que se me devuelva<br \/>\n1- El ba\u00fal de mi abuela Rosario, con quien compart\u00edamos el dormitorio, adentro ten\u00eda pertenencias m\u00edas, las guardamos juntas, cuando yo me cas\u00e9 y me fui a Tucum\u00e1n&#8230;no ten\u00eda sentido llev\u00e1rmelas sabiendo que iba a volver?quiero:<br \/>\n# Mis cuadernos de 7mo grado y mi carpeta de pl\u00e1stica de la escuela primaria<br \/>\n# dos abanicos y un peinet\u00f3n de cuando yo bailaba espa\u00f1ol<br \/>\n# mi traje de paisana, el delantal bordado (me lo hab\u00eda bordado mi mam\u00e1), y las alpargatas blancas con el que actuaba en la escuela primaria y sol\u00eda bailar en la Pe\u00f1a Ruca Huen\u00ed, con profesores Jorge Gestoso y Graciela Scaglioni, tambi\u00e9n las fotos que me saque con ellos.<br \/>\n# mi libro de primera comuni\u00f3n con las fotos, estampitas, y las dos medallitas que yo hab\u00eda pegado con sintex en la tapa, una de oro y plata que me regal\u00f3 el t\u00edo Alberto Fern\u00e1ndez y esposa y otra de plata que me hab\u00eda regalado Ana Elena (Porota) Pe\u00f1aloza.<br \/>\n# dos rompecabezas con que yo jugaba de ni\u00f1a, uno con el dibujo de Blanca nieves y otro con la Rep. Argentina, con divisi\u00f3n pol\u00edtica ( faltaba la pcia de Tucum\u00e1n) mi \u00e1lbum con figuritas con brillantina y el espejito que recib\u00ed de premio por llenar el \u00e1lbum.<br \/>\n# dos agarraderas que yo hab\u00eda tejido en crochet una con un dibujo de una flor y otra una mariposa (las primeras que yo tej\u00ed por eso las guard\u00e9) mis abuelas me ense\u00f1aron a tejer.<br \/>\n# una alfombra redonda que yo tej\u00ed a crochet de varios colores de lana y con tiritas de bolsas de nylon (mi abuela hab\u00eda hecho otra que era cuadrada y la usaba la m\u00eda estaba guardada)<br \/>\n# los tres cuadritos que yo hab\u00eda hecho en collage, con mascotas de mundiales, con el dibujo del gauchito del mundial 78 y se lo hab\u00eda regalado a mi padre en esa ocasi\u00f3n, el mexicanito de M\u00e9xico 86 y el perrito del mundial de USA (ese sin terminar, cuando lo sacaron a Maradona, Edgar dijo que no lo termine), lo guard\u00f3 as\u00ed.<br \/>\n# dos cartas envueltas en papel celof\u00e1n junto a dos rosas disecadas (recuerdo de mi primer noviecito) y unas cartas atadas con cinta rosa que me escribi\u00f3 mi esposo (de novios) cuando \u00e9l viajaba.<br \/>\n# mi chal de hilo blanco, que me teji\u00f3 mi abuela Rosario cuando yo cumpl\u00ed 15 a\u00f1os, ese fue su regalo.<br \/>\n# un caja forrada por mi con cintas ribonete en 1er a\u00f1o de secundario (con profesora Ofelia de Actividades Practicas) donde guard\u00e9 los suvenires de los cumplea\u00f1os de 15 a los que asist\u00ed, algunas fotos y las tarjetas de invitaci\u00f3n correspondientes.<br \/>\nContin\u00fao en otra carta en brevedad<br \/>\nLaura Griselda Gamero<\/p>\n","protected":false},"excerpt":{"rendered":"<p>Primera carta con solicitudes para que se me haga inmediata devoluci\u00f3n de mis pertenencias \u00a0Sigo lamentando tener que hacer p\u00fablico, algo que siempre insist\u00ed, no debi\u00f3 salir del \u00e1mbito privado, la intransigencia de personas, que dicen tener m\u00e1s derechos que yo, me obliga a seguir reclamando p\u00fablicamente ?por mis derechos? y hasta llegar a tener [&hellip;]<\/p>\n","protected":false},"author":1,"featured_media":0,"comment_status":"closed","ping_status":"open","sticky":false,"template":"","format":"standard","meta":{"footnotes":""},"categories":[95],"tags":[],"class_list":["post-571","post","type-post","status-publish","format-standard","hentry","category-opiniones"],"yoast_head":"<!-- This site is optimized with the Yoast SEO plugin v19.7.1 - https:\/\/yoast.com\/wordpress\/plugins\/seo\/ -->\n<title>Devoluci\u00f3n de mis pertenencias - CELTTV<\/title>\n<meta name=\"description\" content=\"Sitio web de noticias de la localidad de Tornquist, provincia de Buenos Aires, Rep\u00fablica Argentina. Contenido propio originado por periodistas de CELTTV, el canal de TV local de la Cooperativa El\u00e9ctrica de Tornquist. Turismo, Pol\u00edtica, Sociedad, Deporte, Cultura y todo el contenido de inter\u00e9s general que la gente del pueblo y la regi\u00f3n debe conocer.\" \/>\n<meta name=\"robots\" content=\"index, follow, max-snippet:-1, max-image-preview:large, max-video-preview:-1\" \/>\n<link rel=\"canonical\" href=\"https:\/\/www.celttv.com.ar\/index.php\/2011\/08\/06\/devolucion-de-mis-pertenencias\/\" \/>\n<meta property=\"og:locale\" content=\"es_ES\" \/>\n<meta property=\"og:type\" content=\"article\" \/>\n<meta property=\"og:title\" content=\"Devoluci\u00f3n de mis pertenencias - CELTTV\" \/>\n<meta property=\"og:description\" content=\"Sitio web de noticias de la localidad de Tornquist, provincia de Buenos Aires, Rep\u00fablica Argentina. Contenido propio originado por periodistas de CELTTV, el canal de TV local de la Cooperativa El\u00e9ctrica de Tornquist. Turismo, Pol\u00edtica, Sociedad, Deporte, Cultura y todo el contenido de inter\u00e9s general que la gente del pueblo y la regi\u00f3n debe conocer.\" \/>\n<meta property=\"og:url\" content=\"https:\/\/www.celttv.com.ar\/index.php\/2011\/08\/06\/devolucion-de-mis-pertenencias\/\" \/>\n<meta property=\"og:site_name\" content=\"CELTTV\" \/>\n<meta property=\"article:publisher\" content=\"https:\/\/www.facebook.com\/celtTV\/\" \/>\n<meta property=\"article:published_time\" content=\"2011-08-06T17:45:26+00:00\" \/>\n<meta name=\"author\" content=\"ulises\" \/>\n<meta name=\"twitter:card\" content=\"summary_large_image\" \/>\n<meta name=\"twitter:label1\" content=\"Escrito por\" \/>\n\t<meta name=\"twitter:data1\" content=\"ulises\" \/>\n\t<meta name=\"twitter:label2\" content=\"Tiempo de lectura\" \/>\n\t<meta name=\"twitter:data2\" content=\"3 minutos\" \/>\n<script type=\"application\/ld+json\" class=\"yoast-schema-graph\">{\"@context\":\"https:\/\/schema.org\",\"@graph\":[{\"@type\":\"NewsArticle\",\"@id\":\"https:\/\/www.celttv.com.ar\/index.php\/2011\/08\/06\/devolucion-de-mis-pertenencias\/#article\",\"isPartOf\":{\"@id\":\"https:\/\/www.celttv.com.ar\/index.php\/2011\/08\/06\/devolucion-de-mis-pertenencias\/\"},\"author\":{\"name\":\"ulises\",\"@id\":\"https:\/\/www.celttv.com.ar\/#\/schema\/person\/6d99c072dba59953809c81446e9d0ace\"},\"headline\":\"Devoluci\u00f3n de mis pertenencias\",\"datePublished\":\"2011-08-06T17:45:26+00:00\",\"dateModified\":\"2011-08-06T17:45:26+00:00\",\"mainEntityOfPage\":{\"@id\":\"https:\/\/www.celttv.com.ar\/index.php\/2011\/08\/06\/devolucion-de-mis-pertenencias\/\"},\"wordCount\":660,\"publisher\":{\"@id\":\"https:\/\/www.celttv.com.ar\/#organization\"},\"articleSection\":[\"Opiniones\"],\"inLanguage\":\"es\"},{\"@type\":\"WebPage\",\"@id\":\"https:\/\/www.celttv.com.ar\/index.php\/2011\/08\/06\/devolucion-de-mis-pertenencias\/\",\"url\":\"https:\/\/www.celttv.com.ar\/index.php\/2011\/08\/06\/devolucion-de-mis-pertenencias\/\",\"name\":\"Devoluci\u00f3n de mis pertenencias - CELTTV\",\"isPartOf\":{\"@id\":\"https:\/\/www.celttv.com.ar\/#website\"},\"datePublished\":\"2011-08-06T17:45:26+00:00\",\"dateModified\":\"2011-08-06T17:45:26+00:00\",\"description\":\"Sitio web de noticias de la localidad de Tornquist, provincia de Buenos Aires, Rep\u00fablica Argentina. Contenido propio originado por periodistas de CELTTV, el canal de TV local de la Cooperativa El\u00e9ctrica de Tornquist. Turismo, Pol\u00edtica, Sociedad, Deporte, Cultura y todo el contenido de inter\u00e9s general que la gente del pueblo y la regi\u00f3n debe conocer.\",\"breadcrumb\":{\"@id\":\"https:\/\/www.celttv.com.ar\/index.php\/2011\/08\/06\/devolucion-de-mis-pertenencias\/#breadcrumb\"},\"inLanguage\":\"es\",\"potentialAction\":[{\"@type\":\"ReadAction\",\"target\":[\"https:\/\/www.celttv.com.ar\/index.php\/2011\/08\/06\/devolucion-de-mis-pertenencias\/\"]}]},{\"@type\":\"BreadcrumbList\",\"@id\":\"https:\/\/www.celttv.com.ar\/index.php\/2011\/08\/06\/devolucion-de-mis-pertenencias\/#breadcrumb\",\"itemListElement\":[{\"@type\":\"ListItem\",\"position\":1,\"name\":\"Inicio\",\"item\":\"https:\/\/www.celttv.com.ar\/\"},{\"@type\":\"ListItem\",\"position\":2,\"name\":\"Devoluci\u00f3n de mis pertenencias\"}]},{\"@type\":\"WebSite\",\"@id\":\"https:\/\/www.celttv.com.ar\/#website\",\"url\":\"https:\/\/www.celttv.com.ar\/\",\"name\":\"CELTTV\",\"description\":\"Cooperativa El\u00e9ctrica de Tornquist\",\"publisher\":{\"@id\":\"https:\/\/www.celttv.com.ar\/#organization\"},\"potentialAction\":[{\"@type\":\"SearchAction\",\"target\":{\"@type\":\"EntryPoint\",\"urlTemplate\":\"https:\/\/www.celttv.com.ar\/?s={search_term_string}\"},\"query-input\":\"required name=search_term_string\"}],\"inLanguage\":\"es\"},{\"@type\":\"Organization\",\"@id\":\"https:\/\/www.celttv.com.ar\/#organization\",\"name\":\"CELTTV\",\"url\":\"https:\/\/www.celttv.com.ar\/\",\"sameAs\":[\"https:\/\/www.youtube.com\/channel\/UCz_oIt8Hig64Ub-EmcNPIhg\",\"https:\/\/www.facebook.com\/celtTV\/\"],\"logo\":{\"@type\":\"ImageObject\",\"inLanguage\":\"es\",\"@id\":\"https:\/\/www.celttv.com.ar\/#\/schema\/logo\/image\/\",\"url\":\"http:\/\/www.celttv.com.ar\/wp-content\/uploads\/2022\/08\/logo-1.png\",\"contentUrl\":\"http:\/\/www.celttv.com.ar\/wp-content\/uploads\/2022\/08\/logo-1.png\",\"width\":461,\"height\":159,\"caption\":\"CELTTV\"},\"image\":{\"@id\":\"https:\/\/www.celttv.com.ar\/#\/schema\/logo\/image\/\"}},{\"@type\":\"Person\",\"@id\":\"https:\/\/www.celttv.com.ar\/#\/schema\/person\/6d99c072dba59953809c81446e9d0ace\",\"name\":\"ulises\",\"image\":{\"@type\":\"ImageObject\",\"inLanguage\":\"es\",\"@id\":\"https:\/\/www.celttv.com.ar\/#\/schema\/person\/image\/\",\"url\":\"https:\/\/secure.gravatar.com\/avatar\/7f2c48bdc33b30088f941fb6082e555f2874c98e20cb159d7b92b50eadfce793?s=96&d=mm&r=g\",\"contentUrl\":\"https:\/\/secure.gravatar.com\/avatar\/7f2c48bdc33b30088f941fb6082e555f2874c98e20cb159d7b92b50eadfce793?s=96&d=mm&r=g\",\"caption\":\"ulises\"},\"sameAs\":[\"http:\/\/www.celttv.com.ar\"]}]}<\/script>\n<!-- \/ Yoast SEO plugin. -->","yoast_head_json":{"title":"Devoluci\u00f3n de mis pertenencias - CELTTV","description":"Sitio web de noticias de la localidad de Tornquist, provincia de Buenos Aires, Rep\u00fablica Argentina. Contenido propio originado por periodistas de CELTTV, el canal de TV local de la Cooperativa El\u00e9ctrica de Tornquist. Turismo, Pol\u00edtica, Sociedad, Deporte, Cultura y todo el contenido de inter\u00e9s general que la gente del pueblo y la regi\u00f3n debe conocer.","robots":{"index":"index","follow":"follow","max-snippet":"max-snippet:-1","max-image-preview":"max-image-preview:large","max-video-preview":"max-video-preview:-1"},"canonical":"https:\/\/www.celttv.com.ar\/index.php\/2011\/08\/06\/devolucion-de-mis-pertenencias\/","og_locale":"es_ES","og_type":"article","og_title":"Devoluci\u00f3n de mis pertenencias - CELTTV","og_description":"Sitio web de noticias de la localidad de Tornquist, provincia de Buenos Aires, Rep\u00fablica Argentina. Contenido propio originado por periodistas de CELTTV, el canal de TV local de la Cooperativa El\u00e9ctrica de Tornquist. Turismo, Pol\u00edtica, Sociedad, Deporte, Cultura y todo el contenido de inter\u00e9s general que la gente del pueblo y la regi\u00f3n debe conocer.","og_url":"https:\/\/www.celttv.com.ar\/index.php\/2011\/08\/06\/devolucion-de-mis-pertenencias\/","og_site_name":"CELTTV","article_publisher":"https:\/\/www.facebook.com\/celtTV\/","article_published_time":"2011-08-06T17:45:26+00:00","author":"ulises","twitter_card":"summary_large_image","twitter_misc":{"Escrito por":"ulises","Tiempo de lectura":"3 minutos"},"schema":{"@context":"https:\/\/schema.org","@graph":[{"@type":"NewsArticle","@id":"https:\/\/www.celttv.com.ar\/index.php\/2011\/08\/06\/devolucion-de-mis-pertenencias\/#article","isPartOf":{"@id":"https:\/\/www.celttv.com.ar\/index.php\/2011\/08\/06\/devolucion-de-mis-pertenencias\/"},"author":{"name":"ulises","@id":"https:\/\/www.celttv.com.ar\/#\/schema\/person\/6d99c072dba59953809c81446e9d0ace"},"headline":"Devoluci\u00f3n de mis pertenencias","datePublished":"2011-08-06T17:45:26+00:00","dateModified":"2011-08-06T17:45:26+00:00","mainEntityOfPage":{"@id":"https:\/\/www.celttv.com.ar\/index.php\/2011\/08\/06\/devolucion-de-mis-pertenencias\/"},"wordCount":660,"publisher":{"@id":"https:\/\/www.celttv.com.ar\/#organization"},"articleSection":["Opiniones"],"inLanguage":"es"},{"@type":"WebPage","@id":"https:\/\/www.celttv.com.ar\/index.php\/2011\/08\/06\/devolucion-de-mis-pertenencias\/","url":"https:\/\/www.celttv.com.ar\/index.php\/2011\/08\/06\/devolucion-de-mis-pertenencias\/","name":"Devoluci\u00f3n de mis pertenencias - CELTTV","isPartOf":{"@id":"https:\/\/www.celttv.com.ar\/#website"},"datePublished":"2011-08-06T17:45:26+00:00","dateModified":"2011-08-06T17:45:26+00:00","description":"Sitio web de noticias de la localidad de Tornquist, provincia de Buenos Aires, Rep\u00fablica Argentina. Contenido propio originado por periodistas de CELTTV, el canal de TV local de la Cooperativa El\u00e9ctrica de Tornquist. Turismo, Pol\u00edtica, Sociedad, Deporte, Cultura y todo el contenido de inter\u00e9s general que la gente del pueblo y la regi\u00f3n debe conocer.","breadcrumb":{"@id":"https:\/\/www.celttv.com.ar\/index.php\/2011\/08\/06\/devolucion-de-mis-pertenencias\/#breadcrumb"},"inLanguage":"es","potentialAction":[{"@type":"ReadAction","target":["https:\/\/www.celttv.com.ar\/index.php\/2011\/08\/06\/devolucion-de-mis-pertenencias\/"]}]},{"@type":"BreadcrumbList","@id":"https:\/\/www.celttv.com.ar\/index.php\/2011\/08\/06\/devolucion-de-mis-pertenencias\/#breadcrumb","itemListElement":[{"@type":"ListItem","position":1,"name":"Inicio","item":"https:\/\/www.celttv.com.ar\/"},{"@type":"ListItem","position":2,"name":"Devoluci\u00f3n de mis pertenencias"}]},{"@type":"WebSite","@id":"https:\/\/www.celttv.com.ar\/#website","url":"https:\/\/www.celttv.com.ar\/","name":"CELTTV","description":"Cooperativa El\u00e9ctrica de Tornquist","publisher":{"@id":"https:\/\/www.celttv.com.ar\/#organization"},"potentialAction":[{"@type":"SearchAction","target":{"@type":"EntryPoint","urlTemplate":"https:\/\/www.celttv.com.ar\/?s={search_term_string}"},"query-input":"required name=search_term_string"}],"inLanguage":"es"},{"@type":"Organization","@id":"https:\/\/www.celttv.com.ar\/#organization","name":"CELTTV","url":"https:\/\/www.celttv.com.ar\/","sameAs":["https:\/\/www.youtube.com\/channel\/UCz_oIt8Hig64Ub-EmcNPIhg","https:\/\/www.facebook.com\/celtTV\/"],"logo":{"@type":"ImageObject","inLanguage":"es","@id":"https:\/\/www.celttv.com.ar\/#\/schema\/logo\/image\/","url":"http:\/\/www.celttv.com.ar\/wp-content\/uploads\/2022\/08\/logo-1.png","contentUrl":"http:\/\/www.celttv.com.ar\/wp-content\/uploads\/2022\/08\/logo-1.png","width":461,"height":159,"caption":"CELTTV"},"image":{"@id":"https:\/\/www.celttv.com.ar\/#\/schema\/logo\/image\/"}},{"@type":"Person","@id":"https:\/\/www.celttv.com.ar\/#\/schema\/person\/6d99c072dba59953809c81446e9d0ace","name":"ulises","image":{"@type":"ImageObject","inLanguage":"es","@id":"https:\/\/www.celttv.com.ar\/#\/schema\/person\/image\/","url":"https:\/\/secure.gravatar.com\/avatar\/7f2c48bdc33b30088f941fb6082e555f2874c98e20cb159d7b92b50eadfce793?s=96&d=mm&r=g","contentUrl":"https:\/\/secure.gravatar.com\/avatar\/7f2c48bdc33b30088f941fb6082e555f2874c98e20cb159d7b92b50eadfce793?s=96&d=mm&r=g","caption":"ulises"},"sameAs":["http:\/\/www.celttv.com.ar"]}]}},"_links":{"self":[{"href":"https:\/\/www.celttv.com.ar\/index.php\/wp-json\/wp\/v2\/posts\/571","targetHints":{"allow":["GET"]}}],"collection":[{"href":"https:\/\/www.celttv.com.ar\/index.php\/wp-json\/wp\/v2\/posts"}],"about":[{"href":"https:\/\/www.celttv.com.ar\/index.php\/wp-json\/wp\/v2\/types\/post"}],"author":[{"embeddable":true,"href":"https:\/\/www.celttv.com.ar\/index.php\/wp-json\/wp\/v2\/users\/1"}],"replies":[{"embeddable":true,"href":"https:\/\/www.celttv.com.ar\/index.php\/wp-json\/wp\/v2\/comments?post=571"}],"version-history":[{"count":0,"href":"https:\/\/www.celttv.com.ar\/index.php\/wp-json\/wp\/v2\/posts\/571\/revisions"}],"wp:attachment":[{"href":"https:\/\/www.celttv.com.ar\/index.php\/wp-json\/wp\/v2\/media?parent=571"}],"wp:term":[{"taxonomy":"category","embeddable":true,"href":"https:\/\/www.celttv.com.ar\/index.php\/wp-json\/wp\/v2\/categories?post=571"},{"taxonomy":"post_tag","embeddable":true,"href":"https:\/\/www.celttv.com.ar\/index.php\/wp-json\/wp\/v2\/tags?post=571"}],"curies":[{"name":"wp","href":"https:\/\/api.w.org\/{rel}","templated":true}]}}