{"id":57107,"date":"2021-04-15T20:28:54","date_gmt":"2021-04-15T20:28:54","guid":{"rendered":"http:\/\/www.celttv.com.ar\/?p=57107"},"modified":"2021-04-15T20:28:54","modified_gmt":"2021-04-15T20:28:54","slug":"la-huerta-municipal-amplia-su-produccion-con-un-nuevo-invernadero","status":"publish","type":"post","link":"https:\/\/www.celttv.com.ar\/index.php\/2021\/04\/15\/la-huerta-municipal-amplia-su-produccion-con-un-nuevo-invernadero\/","title":{"rendered":"La Huerta Municipal ampl\u00eda su producci\u00f3n con un nuevo invernadero"},"content":{"rendered":"\n<p>Con el objetivo de continuar aumentando la capacidad de producci\u00f3n, en los \u00faltimos d\u00edas fue instalado en la Huerta Municipal deTornquist un nuevo invernadero, lindero al ya existente y colocado en octubre del a\u00f1o pasado.<\/p>\n\n\n\n<p>El nuevo espacio, que junto al anterior suma 400 metros cuadrados, permitir\u00e1 ampliar el volumen de trabajo y prolongar los meses de producci\u00f3n de frutas y hortalizas de la huerta, que funciona en el predio ubicado en Ruta 76 y acceso a la ciudad cabecera del distrito.<\/p>\n\n\n\n<p>La huerta, perteneciente a la Secretar\u00eda de Producci\u00f3n, Comercio e Industria de Tornquist, cumple una importante funci\u00f3n social, abasteciendo a distintas \u00e1reas como el hospital y el geri\u00e1trico municipal, Hogar Convivencial, Centro de D\u00eda, el Mercado Comunitario de Saldungaray y Desarrollo Social, asegurando productos frescos y de calidad.<\/p>\n\n\n\n<p>Durante marzo, en el lugar fueron cosechados 700 kilos de zapallitos calabaza y de tronco, achicoria, tomate y acelga, entre otros, y en lo que va del a\u00f1o, la producci\u00f3n supera las dos toneladas.<\/p>\n\n\n\n<figure class=\"wp-block-gallery columns-3 is-cropped wp-block-gallery-1 is-layout-flex wp-block-gallery-is-layout-flex\"><ul class=\"blocks-gallery-grid\"><li class=\"blocks-gallery-item\"><figure><img loading=\"lazy\" decoding=\"async\" width=\"1040\" height=\"780\" src=\"http:\/\/www.celttv.com.ar\/wp-content\/uploads\/2021\/04\/Nuevo-invernadero-huerta-1.jpeg\" alt=\"\" data-id=\"57108\" data-link=\"http:\/\/www.celttv.com.ar\/?attachment_id=57108\" class=\"wp-image-57108\" srcset=\"https:\/\/www.celttv.com.ar\/wp-content\/uploads\/2021\/04\/Nuevo-invernadero-huerta-1.jpeg 1040w, https:\/\/www.celttv.com.ar\/wp-content\/uploads\/2021\/04\/Nuevo-invernadero-huerta-1-300x225.jpeg 300w, https:\/\/www.celttv.com.ar\/wp-content\/uploads\/2021\/04\/Nuevo-invernadero-huerta-1-1024x768.jpeg 1024w, https:\/\/www.celttv.com.ar\/wp-content\/uploads\/2021\/04\/Nuevo-invernadero-huerta-1-768x576.jpeg 768w, https:\/\/www.celttv.com.ar\/wp-content\/uploads\/2021\/04\/Nuevo-invernadero-huerta-1-750x563.jpeg 750w\" sizes=\"auto, (max-width: 1040px) 100vw, 1040px\" \/><\/figure><\/li><li class=\"blocks-gallery-item\"><figure><img loading=\"lazy\" decoding=\"async\" width=\"1040\" height=\"780\" src=\"http:\/\/www.celttv.com.ar\/wp-content\/uploads\/2021\/04\/Nuevo-invernadero-huerta-2.jpeg\" alt=\"\" data-id=\"57109\" data-link=\"http:\/\/www.celttv.com.ar\/?attachment_id=57109\" class=\"wp-image-57109\" srcset=\"https:\/\/www.celttv.com.ar\/wp-content\/uploads\/2021\/04\/Nuevo-invernadero-huerta-2.jpeg 1040w, https:\/\/www.celttv.com.ar\/wp-content\/uploads\/2021\/04\/Nuevo-invernadero-huerta-2-300x225.jpeg 300w, https:\/\/www.celttv.com.ar\/wp-content\/uploads\/2021\/04\/Nuevo-invernadero-huerta-2-1024x768.jpeg 1024w, https:\/\/www.celttv.com.ar\/wp-content\/uploads\/2021\/04\/Nuevo-invernadero-huerta-2-768x576.jpeg 768w, https:\/\/www.celttv.com.ar\/wp-content\/uploads\/2021\/04\/Nuevo-invernadero-huerta-2-750x563.jpeg 750w\" sizes=\"auto, (max-width: 1040px) 100vw, 1040px\" \/><\/figure><\/li><li class=\"blocks-gallery-item\"><figure><img loading=\"lazy\" decoding=\"async\" width=\"1040\" height=\"780\" src=\"http:\/\/www.celttv.com.ar\/wp-content\/uploads\/2021\/04\/Nuevo-invernadero-huerta-3.jpeg\" alt=\"\" data-id=\"57110\" data-link=\"http:\/\/www.celttv.com.ar\/?attachment_id=57110\" class=\"wp-image-57110\" srcset=\"https:\/\/www.celttv.com.ar\/wp-content\/uploads\/2021\/04\/Nuevo-invernadero-huerta-3.jpeg 1040w, https:\/\/www.celttv.com.ar\/wp-content\/uploads\/2021\/04\/Nuevo-invernadero-huerta-3-300x225.jpeg 300w, https:\/\/www.celttv.com.ar\/wp-content\/uploads\/2021\/04\/Nuevo-invernadero-huerta-3-1024x768.jpeg 1024w, https:\/\/www.celttv.com.ar\/wp-content\/uploads\/2021\/04\/Nuevo-invernadero-huerta-3-768x576.jpeg 768w, https:\/\/www.celttv.com.ar\/wp-content\/uploads\/2021\/04\/Nuevo-invernadero-huerta-3-750x563.jpeg 750w\" sizes=\"auto, (max-width: 1040px) 100vw, 1040px\" \/><\/figure><\/li><li class=\"blocks-gallery-item\"><figure><img loading=\"lazy\" decoding=\"async\" width=\"1040\" height=\"780\" src=\"http:\/\/www.celttv.com.ar\/wp-content\/uploads\/2021\/04\/Nuevo-invernadero-huerta-4.jpeg\" alt=\"\" data-id=\"57111\" data-link=\"http:\/\/www.celttv.com.ar\/?attachment_id=57111\" class=\"wp-image-57111\" srcset=\"https:\/\/www.celttv.com.ar\/wp-content\/uploads\/2021\/04\/Nuevo-invernadero-huerta-4.jpeg 1040w, https:\/\/www.celttv.com.ar\/wp-content\/uploads\/2021\/04\/Nuevo-invernadero-huerta-4-300x225.jpeg 300w, https:\/\/www.celttv.com.ar\/wp-content\/uploads\/2021\/04\/Nuevo-invernadero-huerta-4-1024x768.jpeg 1024w, https:\/\/www.celttv.com.ar\/wp-content\/uploads\/2021\/04\/Nuevo-invernadero-huerta-4-768x576.jpeg 768w, https:\/\/www.celttv.com.ar\/wp-content\/uploads\/2021\/04\/Nuevo-invernadero-huerta-4-750x563.jpeg 750w\" sizes=\"auto, (max-width: 1040px) 100vw, 1040px\" \/><\/figure><\/li><li class=\"blocks-gallery-item\"><figure><img loading=\"lazy\" decoding=\"async\" width=\"1040\" height=\"780\" src=\"http:\/\/www.celttv.com.ar\/wp-content\/uploads\/2021\/04\/Nuevo-invernadero-huerta-5.jpeg\" alt=\"\" data-id=\"57112\" data-link=\"http:\/\/www.celttv.com.ar\/?attachment_id=57112\" class=\"wp-image-57112\" srcset=\"https:\/\/www.celttv.com.ar\/wp-content\/uploads\/2021\/04\/Nuevo-invernadero-huerta-5.jpeg 1040w, https:\/\/www.celttv.com.ar\/wp-content\/uploads\/2021\/04\/Nuevo-invernadero-huerta-5-300x225.jpeg 300w, https:\/\/www.celttv.com.ar\/wp-content\/uploads\/2021\/04\/Nuevo-invernadero-huerta-5-1024x768.jpeg 1024w, https:\/\/www.celttv.com.ar\/wp-content\/uploads\/2021\/04\/Nuevo-invernadero-huerta-5-768x576.jpeg 768w, https:\/\/www.celttv.com.ar\/wp-content\/uploads\/2021\/04\/Nuevo-invernadero-huerta-5-750x563.jpeg 750w\" sizes=\"auto, (max-width: 1040px) 100vw, 1040px\" \/><\/figure><\/li><li class=\"blocks-gallery-item\"><figure><img loading=\"lazy\" decoding=\"async\" width=\"1040\" height=\"780\" src=\"http:\/\/www.celttv.com.ar\/wp-content\/uploads\/2021\/04\/Nuevo-invernadero-huerta-6.jpeg\" alt=\"\" data-id=\"57113\" data-link=\"http:\/\/www.celttv.com.ar\/?attachment_id=57113\" class=\"wp-image-57113\" srcset=\"https:\/\/www.celttv.com.ar\/wp-content\/uploads\/2021\/04\/Nuevo-invernadero-huerta-6.jpeg 1040w, https:\/\/www.celttv.com.ar\/wp-content\/uploads\/2021\/04\/Nuevo-invernadero-huerta-6-300x225.jpeg 300w, https:\/\/www.celttv.com.ar\/wp-content\/uploads\/2021\/04\/Nuevo-invernadero-huerta-6-1024x768.jpeg 1024w, https:\/\/www.celttv.com.ar\/wp-content\/uploads\/2021\/04\/Nuevo-invernadero-huerta-6-768x576.jpeg 768w, https:\/\/www.celttv.com.ar\/wp-content\/uploads\/2021\/04\/Nuevo-invernadero-huerta-6-750x563.jpeg 750w\" sizes=\"auto, (max-width: 1040px) 100vw, 1040px\" \/><\/figure><\/li><\/ul><\/figure>\n","protected":false},"excerpt":{"rendered":"<p>Con el objetivo de continuar aumentando la capacidad de producci\u00f3n, en los \u00faltimos d\u00edas fue instalado en la Huerta Municipal deTornquist un nuevo invernadero, lindero al ya existente y colocado en octubre del a\u00f1o pasado. El nuevo espacio, que junto al anterior suma 400 metros cuadrados, permitir\u00e1 ampliar el volumen de trabajo y prolongar los [&hellip;]<\/p>\n","protected":false},"author":1,"featured_media":57113,"comment_status":"closed","ping_status":"open","sticky":false,"template":"","format":"standard","meta":{"footnotes":""},"categories":[51,52,59],"tags":[],"class_list":["post-57107","post","type-post","status-publish","format-standard","has-post-thumbnail","hentry","category-comunidad","category-destacadas","category-municipales"],"yoast_head":"<!-- This site is optimized with the Yoast SEO plugin v19.7.1 - https:\/\/yoast.com\/wordpress\/plugins\/seo\/ -->\n<title>La Huerta Municipal ampl\u00eda su producci\u00f3n con un nuevo invernadero - CELTTV<\/title>\n<meta name=\"description\" content=\"Sitio web de noticias de la localidad de Tornquist, provincia de Buenos Aires, Rep\u00fablica Argentina. Contenido propio originado por periodistas de CELTTV, el canal de TV local de la Cooperativa El\u00e9ctrica de Tornquist. Turismo, Pol\u00edtica, Sociedad, Deporte, Cultura y todo el contenido de inter\u00e9s general que la gente del pueblo y la regi\u00f3n debe conocer.\" \/>\n<meta name=\"robots\" content=\"index, follow, max-snippet:-1, max-image-preview:large, max-video-preview:-1\" \/>\n<link rel=\"canonical\" href=\"https:\/\/www.celttv.com.ar\/index.php\/2021\/04\/15\/la-huerta-municipal-amplia-su-produccion-con-un-nuevo-invernadero\/\" \/>\n<meta property=\"og:locale\" content=\"es_ES\" \/>\n<meta property=\"og:type\" content=\"article\" \/>\n<meta property=\"og:title\" content=\"La Huerta Municipal ampl\u00eda su producci\u00f3n con un nuevo invernadero - CELTTV\" \/>\n<meta property=\"og:description\" content=\"Sitio web de noticias de la localidad de Tornquist, provincia de Buenos Aires, Rep\u00fablica Argentina. Contenido propio originado por periodistas de CELTTV, el canal de TV local de la Cooperativa El\u00e9ctrica de Tornquist. Turismo, Pol\u00edtica, Sociedad, Deporte, Cultura y todo el contenido de inter\u00e9s general que la gente del pueblo y la regi\u00f3n debe conocer.\" \/>\n<meta property=\"og:url\" content=\"https:\/\/www.celttv.com.ar\/index.php\/2021\/04\/15\/la-huerta-municipal-amplia-su-produccion-con-un-nuevo-invernadero\/\" \/>\n<meta property=\"og:site_name\" content=\"CELTTV\" \/>\n<meta property=\"article:publisher\" content=\"https:\/\/www.facebook.com\/celtTV\/\" \/>\n<meta property=\"article:published_time\" content=\"2021-04-15T20:28:54+00:00\" \/>\n<meta property=\"og:image\" content=\"https:\/\/www.celttv.com.ar\/wp-content\/uploads\/2021\/04\/Nuevo-invernadero-huerta-6.jpeg\" \/>\n\t<meta property=\"og:image:width\" content=\"1040\" \/>\n\t<meta property=\"og:image:height\" content=\"780\" \/>\n\t<meta property=\"og:image:type\" content=\"image\/jpeg\" \/>\n<meta name=\"author\" content=\"ulises\" \/>\n<meta name=\"twitter:card\" content=\"summary_large_image\" \/>\n<meta name=\"twitter:label1\" content=\"Escrito por\" \/>\n\t<meta name=\"twitter:data1\" content=\"ulises\" \/>\n\t<meta name=\"twitter:label2\" content=\"Tiempo de lectura\" \/>\n\t<meta name=\"twitter:data2\" content=\"1 minuto\" \/>\n<script type=\"application\/ld+json\" class=\"yoast-schema-graph\">{\"@context\":\"https:\/\/schema.org\",\"@graph\":[{\"@type\":\"NewsArticle\",\"@id\":\"https:\/\/www.celttv.com.ar\/index.php\/2021\/04\/15\/la-huerta-municipal-amplia-su-produccion-con-un-nuevo-invernadero\/#article\",\"isPartOf\":{\"@id\":\"https:\/\/www.celttv.com.ar\/index.php\/2021\/04\/15\/la-huerta-municipal-amplia-su-produccion-con-un-nuevo-invernadero\/\"},\"author\":{\"name\":\"ulises\",\"@id\":\"https:\/\/www.celttv.com.ar\/#\/schema\/person\/6d99c072dba59953809c81446e9d0ace\"},\"headline\":\"La Huerta Municipal ampl\u00eda su producci\u00f3n con un nuevo invernadero\",\"datePublished\":\"2021-04-15T20:28:54+00:00\",\"dateModified\":\"2021-04-15T20:28:54+00:00\",\"mainEntityOfPage\":{\"@id\":\"https:\/\/www.celttv.com.ar\/index.php\/2021\/04\/15\/la-huerta-municipal-amplia-su-produccion-con-un-nuevo-invernadero\/\"},\"wordCount\":184,\"publisher\":{\"@id\":\"https:\/\/www.celttv.com.ar\/#organization\"},\"articleSection\":[\"Comunidad\",\"Destacadas\",\"Municipales\"],\"inLanguage\":\"es\"},{\"@type\":\"WebPage\",\"@id\":\"https:\/\/www.celttv.com.ar\/index.php\/2021\/04\/15\/la-huerta-municipal-amplia-su-produccion-con-un-nuevo-invernadero\/\",\"url\":\"https:\/\/www.celttv.com.ar\/index.php\/2021\/04\/15\/la-huerta-municipal-amplia-su-produccion-con-un-nuevo-invernadero\/\",\"name\":\"La Huerta Municipal ampl\u00eda su producci\u00f3n con un nuevo invernadero - CELTTV\",\"isPartOf\":{\"@id\":\"https:\/\/www.celttv.com.ar\/#website\"},\"datePublished\":\"2021-04-15T20:28:54+00:00\",\"dateModified\":\"2021-04-15T20:28:54+00:00\",\"description\":\"Sitio web de noticias de la localidad de Tornquist, provincia de Buenos Aires, Rep\u00fablica Argentina. Contenido propio originado por periodistas de CELTTV, el canal de TV local de la Cooperativa El\u00e9ctrica de Tornquist. Turismo, Pol\u00edtica, Sociedad, Deporte, Cultura y todo el contenido de inter\u00e9s general que la gente del pueblo y la regi\u00f3n debe conocer.\",\"breadcrumb\":{\"@id\":\"https:\/\/www.celttv.com.ar\/index.php\/2021\/04\/15\/la-huerta-municipal-amplia-su-produccion-con-un-nuevo-invernadero\/#breadcrumb\"},\"inLanguage\":\"es\",\"potentialAction\":[{\"@type\":\"ReadAction\",\"target\":[\"https:\/\/www.celttv.com.ar\/index.php\/2021\/04\/15\/la-huerta-municipal-amplia-su-produccion-con-un-nuevo-invernadero\/\"]}]},{\"@type\":\"BreadcrumbList\",\"@id\":\"https:\/\/www.celttv.com.ar\/index.php\/2021\/04\/15\/la-huerta-municipal-amplia-su-produccion-con-un-nuevo-invernadero\/#breadcrumb\",\"itemListElement\":[{\"@type\":\"ListItem\",\"position\":1,\"name\":\"Inicio\",\"item\":\"https:\/\/www.celttv.com.ar\/\"},{\"@type\":\"ListItem\",\"position\":2,\"name\":\"La Huerta Municipal ampl\u00eda su producci\u00f3n con un nuevo invernadero\"}]},{\"@type\":\"WebSite\",\"@id\":\"https:\/\/www.celttv.com.ar\/#website\",\"url\":\"https:\/\/www.celttv.com.ar\/\",\"name\":\"CELTTV\",\"description\":\"Cooperativa El\u00e9ctrica de Tornquist\",\"publisher\":{\"@id\":\"https:\/\/www.celttv.com.ar\/#organization\"},\"potentialAction\":[{\"@type\":\"SearchAction\",\"target\":{\"@type\":\"EntryPoint\",\"urlTemplate\":\"https:\/\/www.celttv.com.ar\/?s={search_term_string}\"},\"query-input\":\"required name=search_term_string\"}],\"inLanguage\":\"es\"},{\"@type\":\"Organization\",\"@id\":\"https:\/\/www.celttv.com.ar\/#organization\",\"name\":\"CELTTV\",\"url\":\"https:\/\/www.celttv.com.ar\/\",\"sameAs\":[\"https:\/\/www.youtube.com\/channel\/UCz_oIt8Hig64Ub-EmcNPIhg\",\"https:\/\/www.facebook.com\/celtTV\/\"],\"logo\":{\"@type\":\"ImageObject\",\"inLanguage\":\"es\",\"@id\":\"https:\/\/www.celttv.com.ar\/#\/schema\/logo\/image\/\",\"url\":\"http:\/\/www.celttv.com.ar\/wp-content\/uploads\/2022\/08\/logo-1.png\",\"contentUrl\":\"http:\/\/www.celttv.com.ar\/wp-content\/uploads\/2022\/08\/logo-1.png\",\"width\":461,\"height\":159,\"caption\":\"CELTTV\"},\"image\":{\"@id\":\"https:\/\/www.celttv.com.ar\/#\/schema\/logo\/image\/\"}},{\"@type\":\"Person\",\"@id\":\"https:\/\/www.celttv.com.ar\/#\/schema\/person\/6d99c072dba59953809c81446e9d0ace\",\"name\":\"ulises\",\"image\":{\"@type\":\"ImageObject\",\"inLanguage\":\"es\",\"@id\":\"https:\/\/www.celttv.com.ar\/#\/schema\/person\/image\/\",\"url\":\"https:\/\/secure.gravatar.com\/avatar\/7f2c48bdc33b30088f941fb6082e555f2874c98e20cb159d7b92b50eadfce793?s=96&d=mm&r=g\",\"contentUrl\":\"https:\/\/secure.gravatar.com\/avatar\/7f2c48bdc33b30088f941fb6082e555f2874c98e20cb159d7b92b50eadfce793?s=96&d=mm&r=g\",\"caption\":\"ulises\"},\"sameAs\":[\"http:\/\/www.celttv.com.ar\"]}]}<\/script>\n<!-- \/ Yoast SEO plugin. -->","yoast_head_json":{"title":"La Huerta Municipal ampl\u00eda su producci\u00f3n con un nuevo invernadero - CELTTV","description":"Sitio web de noticias de la localidad de Tornquist, provincia de Buenos Aires, Rep\u00fablica Argentina. Contenido propio originado por periodistas de CELTTV, el canal de TV local de la Cooperativa El\u00e9ctrica de Tornquist. Turismo, Pol\u00edtica, Sociedad, Deporte, Cultura y todo el contenido de inter\u00e9s general que la gente del pueblo y la regi\u00f3n debe conocer.","robots":{"index":"index","follow":"follow","max-snippet":"max-snippet:-1","max-image-preview":"max-image-preview:large","max-video-preview":"max-video-preview:-1"},"canonical":"https:\/\/www.celttv.com.ar\/index.php\/2021\/04\/15\/la-huerta-municipal-amplia-su-produccion-con-un-nuevo-invernadero\/","og_locale":"es_ES","og_type":"article","og_title":"La Huerta Municipal ampl\u00eda su producci\u00f3n con un nuevo invernadero - CELTTV","og_description":"Sitio web de noticias de la localidad de Tornquist, provincia de Buenos Aires, Rep\u00fablica Argentina. Contenido propio originado por periodistas de CELTTV, el canal de TV local de la Cooperativa El\u00e9ctrica de Tornquist. Turismo, Pol\u00edtica, Sociedad, Deporte, Cultura y todo el contenido de inter\u00e9s general que la gente del pueblo y la regi\u00f3n debe conocer.","og_url":"https:\/\/www.celttv.com.ar\/index.php\/2021\/04\/15\/la-huerta-municipal-amplia-su-produccion-con-un-nuevo-invernadero\/","og_site_name":"CELTTV","article_publisher":"https:\/\/www.facebook.com\/celtTV\/","article_published_time":"2021-04-15T20:28:54+00:00","og_image":[{"width":1040,"height":780,"url":"https:\/\/www.celttv.com.ar\/wp-content\/uploads\/2021\/04\/Nuevo-invernadero-huerta-6.jpeg","type":"image\/jpeg"}],"author":"ulises","twitter_card":"summary_large_image","twitter_misc":{"Escrito por":"ulises","Tiempo de lectura":"1 minuto"},"schema":{"@context":"https:\/\/schema.org","@graph":[{"@type":"NewsArticle","@id":"https:\/\/www.celttv.com.ar\/index.php\/2021\/04\/15\/la-huerta-municipal-amplia-su-produccion-con-un-nuevo-invernadero\/#article","isPartOf":{"@id":"https:\/\/www.celttv.com.ar\/index.php\/2021\/04\/15\/la-huerta-municipal-amplia-su-produccion-con-un-nuevo-invernadero\/"},"author":{"name":"ulises","@id":"https:\/\/www.celttv.com.ar\/#\/schema\/person\/6d99c072dba59953809c81446e9d0ace"},"headline":"La Huerta Municipal ampl\u00eda su producci\u00f3n con un nuevo invernadero","datePublished":"2021-04-15T20:28:54+00:00","dateModified":"2021-04-15T20:28:54+00:00","mainEntityOfPage":{"@id":"https:\/\/www.celttv.com.ar\/index.php\/2021\/04\/15\/la-huerta-municipal-amplia-su-produccion-con-un-nuevo-invernadero\/"},"wordCount":184,"publisher":{"@id":"https:\/\/www.celttv.com.ar\/#organization"},"articleSection":["Comunidad","Destacadas","Municipales"],"inLanguage":"es"},{"@type":"WebPage","@id":"https:\/\/www.celttv.com.ar\/index.php\/2021\/04\/15\/la-huerta-municipal-amplia-su-produccion-con-un-nuevo-invernadero\/","url":"https:\/\/www.celttv.com.ar\/index.php\/2021\/04\/15\/la-huerta-municipal-amplia-su-produccion-con-un-nuevo-invernadero\/","name":"La Huerta Municipal ampl\u00eda su producci\u00f3n con un nuevo invernadero - CELTTV","isPartOf":{"@id":"https:\/\/www.celttv.com.ar\/#website"},"datePublished":"2021-04-15T20:28:54+00:00","dateModified":"2021-04-15T20:28:54+00:00","description":"Sitio web de noticias de la localidad de Tornquist, provincia de Buenos Aires, Rep\u00fablica Argentina. Contenido propio originado por periodistas de CELTTV, el canal de TV local de la Cooperativa El\u00e9ctrica de Tornquist. Turismo, Pol\u00edtica, Sociedad, Deporte, Cultura y todo el contenido de inter\u00e9s general que la gente del pueblo y la regi\u00f3n debe conocer.","breadcrumb":{"@id":"https:\/\/www.celttv.com.ar\/index.php\/2021\/04\/15\/la-huerta-municipal-amplia-su-produccion-con-un-nuevo-invernadero\/#breadcrumb"},"inLanguage":"es","potentialAction":[{"@type":"ReadAction","target":["https:\/\/www.celttv.com.ar\/index.php\/2021\/04\/15\/la-huerta-municipal-amplia-su-produccion-con-un-nuevo-invernadero\/"]}]},{"@type":"BreadcrumbList","@id":"https:\/\/www.celttv.com.ar\/index.php\/2021\/04\/15\/la-huerta-municipal-amplia-su-produccion-con-un-nuevo-invernadero\/#breadcrumb","itemListElement":[{"@type":"ListItem","position":1,"name":"Inicio","item":"https:\/\/www.celttv.com.ar\/"},{"@type":"ListItem","position":2,"name":"La Huerta Municipal ampl\u00eda su producci\u00f3n con un nuevo invernadero"}]},{"@type":"WebSite","@id":"https:\/\/www.celttv.com.ar\/#website","url":"https:\/\/www.celttv.com.ar\/","name":"CELTTV","description":"Cooperativa El\u00e9ctrica de Tornquist","publisher":{"@id":"https:\/\/www.celttv.com.ar\/#organization"},"potentialAction":[{"@type":"SearchAction","target":{"@type":"EntryPoint","urlTemplate":"https:\/\/www.celttv.com.ar\/?s={search_term_string}"},"query-input":"required name=search_term_string"}],"inLanguage":"es"},{"@type":"Organization","@id":"https:\/\/www.celttv.com.ar\/#organization","name":"CELTTV","url":"https:\/\/www.celttv.com.ar\/","sameAs":["https:\/\/www.youtube.com\/channel\/UCz_oIt8Hig64Ub-EmcNPIhg","https:\/\/www.facebook.com\/celtTV\/"],"logo":{"@type":"ImageObject","inLanguage":"es","@id":"https:\/\/www.celttv.com.ar\/#\/schema\/logo\/image\/","url":"http:\/\/www.celttv.com.ar\/wp-content\/uploads\/2022\/08\/logo-1.png","contentUrl":"http:\/\/www.celttv.com.ar\/wp-content\/uploads\/2022\/08\/logo-1.png","width":461,"height":159,"caption":"CELTTV"},"image":{"@id":"https:\/\/www.celttv.com.ar\/#\/schema\/logo\/image\/"}},{"@type":"Person","@id":"https:\/\/www.celttv.com.ar\/#\/schema\/person\/6d99c072dba59953809c81446e9d0ace","name":"ulises","image":{"@type":"ImageObject","inLanguage":"es","@id":"https:\/\/www.celttv.com.ar\/#\/schema\/person\/image\/","url":"https:\/\/secure.gravatar.com\/avatar\/7f2c48bdc33b30088f941fb6082e555f2874c98e20cb159d7b92b50eadfce793?s=96&d=mm&r=g","contentUrl":"https:\/\/secure.gravatar.com\/avatar\/7f2c48bdc33b30088f941fb6082e555f2874c98e20cb159d7b92b50eadfce793?s=96&d=mm&r=g","caption":"ulises"},"sameAs":["http:\/\/www.celttv.com.ar"]}]}},"_links":{"self":[{"href":"https:\/\/www.celttv.com.ar\/index.php\/wp-json\/wp\/v2\/posts\/57107","targetHints":{"allow":["GET"]}}],"collection":[{"href":"https:\/\/www.celttv.com.ar\/index.php\/wp-json\/wp\/v2\/posts"}],"about":[{"href":"https:\/\/www.celttv.com.ar\/index.php\/wp-json\/wp\/v2\/types\/post"}],"author":[{"embeddable":true,"href":"https:\/\/www.celttv.com.ar\/index.php\/wp-json\/wp\/v2\/users\/1"}],"replies":[{"embeddable":true,"href":"https:\/\/www.celttv.com.ar\/index.php\/wp-json\/wp\/v2\/comments?post=57107"}],"version-history":[{"count":0,"href":"https:\/\/www.celttv.com.ar\/index.php\/wp-json\/wp\/v2\/posts\/57107\/revisions"}],"wp:featuredmedia":[{"embeddable":true,"href":"https:\/\/www.celttv.com.ar\/index.php\/wp-json\/wp\/v2\/media\/57113"}],"wp:attachment":[{"href":"https:\/\/www.celttv.com.ar\/index.php\/wp-json\/wp\/v2\/media?parent=57107"}],"wp:term":[{"taxonomy":"category","embeddable":true,"href":"https:\/\/www.celttv.com.ar\/index.php\/wp-json\/wp\/v2\/categories?post=57107"},{"taxonomy":"post_tag","embeddable":true,"href":"https:\/\/www.celttv.com.ar\/index.php\/wp-json\/wp\/v2\/tags?post=57107"}],"curies":[{"name":"wp","href":"https:\/\/api.w.org\/{rel}","templated":true}]}}