{"id":57131,"date":"2021-04-16T15:20:54","date_gmt":"2021-04-16T15:20:54","guid":{"rendered":"http:\/\/www.celttv.com.ar\/?p=57131"},"modified":"2021-04-16T15:20:54","modified_gmt":"2021-04-16T15:20:54","slug":"la-comarca-turistica-promedio-la-temporada-de-verano-con-84-de-ocupacion-con-picos-del-100","status":"publish","type":"post","link":"https:\/\/www.celttv.com.ar\/index.php\/2021\/04\/16\/la-comarca-turistica-promedio-la-temporada-de-verano-con-84-de-ocupacion-con-picos-del-100\/","title":{"rendered":"La Comarca Tur\u00edstica promedi\u00f3 la temporada de verano con 84% de ocupaci\u00f3n, con picos del 100%"},"content":{"rendered":"\n<p>La temporada de verano en la Comarca Tur\u00edstica Sierras de la Ventana en el distrito de Tornquist, que inici\u00f3 el 1 de diciembre y concluy\u00f3 el 4 de abril, cerr\u00f3 con una ocupaci\u00f3n promedio del 84%, con picos del 100%.<\/p>\n\n\n\n<p>Durante diciembre, la ocupaci\u00f3n alcanz\u00f3 el 60%, con picos del 100% el fin de semana del D\u00eda de la Virgen y del 91% en A\u00f1o Nuevo; y en enero, el promedio fue del 88,5%, con un 88% los fines de semana y 88% de lunes a viernes; pero llegando al 91% las semanas del 11 al 14 y del 18 al 21.<\/p>\n\n\n\n<p>Febrero, en tanto, redonde\u00f3 un 87%, observ\u00e1ndose una mayor ocupaci\u00f3n los fines de semana, llegando al 100% en el feriado de Carnavales y al 91% los d\u00edas 19, 20 y 21; mientras que marzo registr\u00f3 71% entre el 12, 13 y 14, y 67% del 19 al 21, promediando 60% en todo el mes. Por \u00faltimo, Semana Santa tuvo el 100%.<\/p>\n\n\n\n<p>A lo largo de toda la temporada, las localidades m\u00e1s elegidas para alojarse fueron Sierra de la Ventana y Villa Ventana, seguidos por Villa Serrana La Gruta, San Andr\u00e9s de las Sierras,Saldungaray y Tornquist, en ese orden.<\/p>\n\n\n\n<p>En cuanto a la procedencia de los turistas (de acuerdo a los datos de los permisos Cuidar), el 28% pertenece al Gran Buenos Aires, el 18% a Capital Federal, el 45% al interior bonaerense (incluida la regi\u00f3n del sudoeste) y el 9% restante a provincias como Rio Negro, La Pampa, Santa Fe, C\u00f3rdoba, Neuqu\u00e9n y Chubut.<\/p>\n\n\n\n<p>Con respecto al tipo de alojamiento, un 53% eligi\u00f3 caba\u00f1as, un 10% camping y un 6% hotel; en menor medida, el 2% opt\u00f3 por Apart hotel y el 1% por hoster\u00eda, hostel y\/o casa de familia. En referencia a la estad\u00eda, el 44% se aloj\u00f3 de 4 a 7 noches, el 32% de una a tres, el 6% super\u00f3 las ocho y el 18% de los visitantes solo estuvo por el d\u00eda.<\/p>\n\n\n\n<p>El sitio m\u00e1s visitado fue el Parque Provincial \u2018Ernesto Tornquist\u2019, en sus diferentes excursiones y senderos. Tambi\u00e9n tuvieron destacada afluencia de turistas el Ex Club Hotel de la Ventana, la Reserva Natural Sierras Grandes, la Estancia Funke y el Fort\u00edn Pav\u00f3n.<\/p>\n\n\n\n<figure class=\"wp-block-image size-large\"><img loading=\"lazy\" decoding=\"async\" width=\"1360\" height=\"906\" src=\"http:\/\/www.celttv.com.ar\/wp-content\/uploads\/2021\/02\/turis-copia.jpg\" alt=\"\" class=\"wp-image-55838\" srcset=\"https:\/\/www.celttv.com.ar\/wp-content\/uploads\/2021\/02\/turis-copia.jpg 1360w, https:\/\/www.celttv.com.ar\/wp-content\/uploads\/2021\/02\/turis-copia-300x200.jpg 300w, https:\/\/www.celttv.com.ar\/wp-content\/uploads\/2021\/02\/turis-copia-1024x682.jpg 1024w, https:\/\/www.celttv.com.ar\/wp-content\/uploads\/2021\/02\/turis-copia-768x512.jpg 768w, https:\/\/www.celttv.com.ar\/wp-content\/uploads\/2021\/02\/turis-copia-750x500.jpg 750w, https:\/\/www.celttv.com.ar\/wp-content\/uploads\/2021\/02\/turis-copia-1140x759.jpg 1140w\" sizes=\"auto, (max-width: 1360px) 100vw, 1360px\" \/><\/figure>\n","protected":false},"excerpt":{"rendered":"<p>La temporada de verano en la Comarca Tur\u00edstica Sierras de la Ventana en el distrito de Tornquist, que inici\u00f3 el 1 de diciembre y concluy\u00f3 el 4 de abril, cerr\u00f3 con una ocupaci\u00f3n promedio del 84%, con picos del 100%. Durante diciembre, la ocupaci\u00f3n alcanz\u00f3 el 60%, con picos del 100% el fin de semana [&hellip;]<\/p>\n","protected":false},"author":1,"featured_media":55838,"comment_status":"closed","ping_status":"open","sticky":false,"template":"","format":"standard","meta":{"footnotes":""},"categories":[52],"tags":[],"class_list":["post-57131","post","type-post","status-publish","format-standard","has-post-thumbnail","hentry","category-destacadas"],"yoast_head":"<!-- This site is optimized with the Yoast SEO plugin v19.7.1 - https:\/\/yoast.com\/wordpress\/plugins\/seo\/ -->\n<title>La Comarca Tur\u00edstica promedi\u00f3 la temporada de verano con 84% de ocupaci\u00f3n, con picos del 100% - CELTTV<\/title>\n<meta name=\"description\" content=\"Sitio web de noticias de la localidad de Tornquist, provincia de Buenos Aires, Rep\u00fablica Argentina. Contenido propio originado por periodistas de CELTTV, el canal de TV local de la Cooperativa El\u00e9ctrica de Tornquist. Turismo, Pol\u00edtica, Sociedad, Deporte, Cultura y todo el contenido de inter\u00e9s general que la gente del pueblo y la regi\u00f3n debe conocer.\" \/>\n<meta name=\"robots\" content=\"index, follow, max-snippet:-1, max-image-preview:large, max-video-preview:-1\" \/>\n<link rel=\"canonical\" href=\"https:\/\/www.celttv.com.ar\/index.php\/2021\/04\/16\/la-comarca-turistica-promedio-la-temporada-de-verano-con-84-de-ocupacion-con-picos-del-100\/\" \/>\n<meta property=\"og:locale\" content=\"es_ES\" \/>\n<meta property=\"og:type\" content=\"article\" \/>\n<meta property=\"og:title\" content=\"La Comarca Tur\u00edstica promedi\u00f3 la temporada de verano con 84% de ocupaci\u00f3n, con picos del 100% - CELTTV\" \/>\n<meta property=\"og:description\" content=\"Sitio web de noticias de la localidad de Tornquist, provincia de Buenos Aires, Rep\u00fablica Argentina. Contenido propio originado por periodistas de CELTTV, el canal de TV local de la Cooperativa El\u00e9ctrica de Tornquist. Turismo, Pol\u00edtica, Sociedad, Deporte, Cultura y todo el contenido de inter\u00e9s general que la gente del pueblo y la regi\u00f3n debe conocer.\" \/>\n<meta property=\"og:url\" content=\"https:\/\/www.celttv.com.ar\/index.php\/2021\/04\/16\/la-comarca-turistica-promedio-la-temporada-de-verano-con-84-de-ocupacion-con-picos-del-100\/\" \/>\n<meta property=\"og:site_name\" content=\"CELTTV\" \/>\n<meta property=\"article:publisher\" content=\"https:\/\/www.facebook.com\/celtTV\/\" \/>\n<meta property=\"article:published_time\" content=\"2021-04-16T15:20:54+00:00\" \/>\n<meta property=\"og:image\" content=\"https:\/\/www.celttv.com.ar\/wp-content\/uploads\/2021\/02\/turis-copia.jpg\" \/>\n\t<meta property=\"og:image:width\" content=\"1360\" \/>\n\t<meta property=\"og:image:height\" content=\"906\" \/>\n\t<meta property=\"og:image:type\" content=\"image\/jpeg\" \/>\n<meta name=\"author\" content=\"ulises\" \/>\n<meta name=\"twitter:card\" content=\"summary_large_image\" \/>\n<meta name=\"twitter:label1\" content=\"Escrito por\" \/>\n\t<meta name=\"twitter:data1\" content=\"ulises\" \/>\n\t<meta name=\"twitter:label2\" content=\"Tiempo de lectura\" \/>\n\t<meta name=\"twitter:data2\" content=\"2 minutos\" \/>\n<script type=\"application\/ld+json\" class=\"yoast-schema-graph\">{\"@context\":\"https:\/\/schema.org\",\"@graph\":[{\"@type\":\"NewsArticle\",\"@id\":\"https:\/\/www.celttv.com.ar\/index.php\/2021\/04\/16\/la-comarca-turistica-promedio-la-temporada-de-verano-con-84-de-ocupacion-con-picos-del-100\/#article\",\"isPartOf\":{\"@id\":\"https:\/\/www.celttv.com.ar\/index.php\/2021\/04\/16\/la-comarca-turistica-promedio-la-temporada-de-verano-con-84-de-ocupacion-con-picos-del-100\/\"},\"author\":{\"name\":\"ulises\",\"@id\":\"https:\/\/www.celttv.com.ar\/#\/schema\/person\/6d99c072dba59953809c81446e9d0ace\"},\"headline\":\"La Comarca Tur\u00edstica promedi\u00f3 la temporada de verano con 84% de ocupaci\u00f3n, con picos del 100%\",\"datePublished\":\"2021-04-16T15:20:54+00:00\",\"dateModified\":\"2021-04-16T15:20:54+00:00\",\"mainEntityOfPage\":{\"@id\":\"https:\/\/www.celttv.com.ar\/index.php\/2021\/04\/16\/la-comarca-turistica-promedio-la-temporada-de-verano-con-84-de-ocupacion-con-picos-del-100\/\"},\"wordCount\":363,\"publisher\":{\"@id\":\"https:\/\/www.celttv.com.ar\/#organization\"},\"articleSection\":[\"Destacadas\"],\"inLanguage\":\"es\"},{\"@type\":\"WebPage\",\"@id\":\"https:\/\/www.celttv.com.ar\/index.php\/2021\/04\/16\/la-comarca-turistica-promedio-la-temporada-de-verano-con-84-de-ocupacion-con-picos-del-100\/\",\"url\":\"https:\/\/www.celttv.com.ar\/index.php\/2021\/04\/16\/la-comarca-turistica-promedio-la-temporada-de-verano-con-84-de-ocupacion-con-picos-del-100\/\",\"name\":\"La Comarca Tur\u00edstica promedi\u00f3 la temporada de verano con 84% de ocupaci\u00f3n, con picos del 100% - CELTTV\",\"isPartOf\":{\"@id\":\"https:\/\/www.celttv.com.ar\/#website\"},\"datePublished\":\"2021-04-16T15:20:54+00:00\",\"dateModified\":\"2021-04-16T15:20:54+00:00\",\"description\":\"Sitio web de noticias de la localidad de Tornquist, provincia de Buenos Aires, Rep\u00fablica Argentina. Contenido propio originado por periodistas de CELTTV, el canal de TV local de la Cooperativa El\u00e9ctrica de Tornquist. Turismo, Pol\u00edtica, Sociedad, Deporte, Cultura y todo el contenido de inter\u00e9s general que la gente del pueblo y la regi\u00f3n debe conocer.\",\"breadcrumb\":{\"@id\":\"https:\/\/www.celttv.com.ar\/index.php\/2021\/04\/16\/la-comarca-turistica-promedio-la-temporada-de-verano-con-84-de-ocupacion-con-picos-del-100\/#breadcrumb\"},\"inLanguage\":\"es\",\"potentialAction\":[{\"@type\":\"ReadAction\",\"target\":[\"https:\/\/www.celttv.com.ar\/index.php\/2021\/04\/16\/la-comarca-turistica-promedio-la-temporada-de-verano-con-84-de-ocupacion-con-picos-del-100\/\"]}]},{\"@type\":\"BreadcrumbList\",\"@id\":\"https:\/\/www.celttv.com.ar\/index.php\/2021\/04\/16\/la-comarca-turistica-promedio-la-temporada-de-verano-con-84-de-ocupacion-con-picos-del-100\/#breadcrumb\",\"itemListElement\":[{\"@type\":\"ListItem\",\"position\":1,\"name\":\"Inicio\",\"item\":\"https:\/\/www.celttv.com.ar\/\"},{\"@type\":\"ListItem\",\"position\":2,\"name\":\"La Comarca Tur\u00edstica promedi\u00f3 la temporada de verano con 84% de ocupaci\u00f3n, con picos del 100%\"}]},{\"@type\":\"WebSite\",\"@id\":\"https:\/\/www.celttv.com.ar\/#website\",\"url\":\"https:\/\/www.celttv.com.ar\/\",\"name\":\"CELTTV\",\"description\":\"Cooperativa El\u00e9ctrica de Tornquist\",\"publisher\":{\"@id\":\"https:\/\/www.celttv.com.ar\/#organization\"},\"potentialAction\":[{\"@type\":\"SearchAction\",\"target\":{\"@type\":\"EntryPoint\",\"urlTemplate\":\"https:\/\/www.celttv.com.ar\/?s={search_term_string}\"},\"query-input\":\"required name=search_term_string\"}],\"inLanguage\":\"es\"},{\"@type\":\"Organization\",\"@id\":\"https:\/\/www.celttv.com.ar\/#organization\",\"name\":\"CELTTV\",\"url\":\"https:\/\/www.celttv.com.ar\/\",\"sameAs\":[\"https:\/\/www.youtube.com\/channel\/UCz_oIt8Hig64Ub-EmcNPIhg\",\"https:\/\/www.facebook.com\/celtTV\/\"],\"logo\":{\"@type\":\"ImageObject\",\"inLanguage\":\"es\",\"@id\":\"https:\/\/www.celttv.com.ar\/#\/schema\/logo\/image\/\",\"url\":\"http:\/\/www.celttv.com.ar\/wp-content\/uploads\/2022\/08\/logo-1.png\",\"contentUrl\":\"http:\/\/www.celttv.com.ar\/wp-content\/uploads\/2022\/08\/logo-1.png\",\"width\":461,\"height\":159,\"caption\":\"CELTTV\"},\"image\":{\"@id\":\"https:\/\/www.celttv.com.ar\/#\/schema\/logo\/image\/\"}},{\"@type\":\"Person\",\"@id\":\"https:\/\/www.celttv.com.ar\/#\/schema\/person\/6d99c072dba59953809c81446e9d0ace\",\"name\":\"ulises\",\"image\":{\"@type\":\"ImageObject\",\"inLanguage\":\"es\",\"@id\":\"https:\/\/www.celttv.com.ar\/#\/schema\/person\/image\/\",\"url\":\"https:\/\/secure.gravatar.com\/avatar\/7f2c48bdc33b30088f941fb6082e555f2874c98e20cb159d7b92b50eadfce793?s=96&d=mm&r=g\",\"contentUrl\":\"https:\/\/secure.gravatar.com\/avatar\/7f2c48bdc33b30088f941fb6082e555f2874c98e20cb159d7b92b50eadfce793?s=96&d=mm&r=g\",\"caption\":\"ulises\"},\"sameAs\":[\"http:\/\/www.celttv.com.ar\"]}]}<\/script>\n<!-- \/ Yoast SEO plugin. -->","yoast_head_json":{"title":"La Comarca Tur\u00edstica promedi\u00f3 la temporada de verano con 84% de ocupaci\u00f3n, con picos del 100% - CELTTV","description":"Sitio web de noticias de la localidad de Tornquist, provincia de Buenos Aires, Rep\u00fablica Argentina. Contenido propio originado por periodistas de CELTTV, el canal de TV local de la Cooperativa El\u00e9ctrica de Tornquist. Turismo, Pol\u00edtica, Sociedad, Deporte, Cultura y todo el contenido de inter\u00e9s general que la gente del pueblo y la regi\u00f3n debe conocer.","robots":{"index":"index","follow":"follow","max-snippet":"max-snippet:-1","max-image-preview":"max-image-preview:large","max-video-preview":"max-video-preview:-1"},"canonical":"https:\/\/www.celttv.com.ar\/index.php\/2021\/04\/16\/la-comarca-turistica-promedio-la-temporada-de-verano-con-84-de-ocupacion-con-picos-del-100\/","og_locale":"es_ES","og_type":"article","og_title":"La Comarca Tur\u00edstica promedi\u00f3 la temporada de verano con 84% de ocupaci\u00f3n, con picos del 100% - CELTTV","og_description":"Sitio web de noticias de la localidad de Tornquist, provincia de Buenos Aires, Rep\u00fablica Argentina. Contenido propio originado por periodistas de CELTTV, el canal de TV local de la Cooperativa El\u00e9ctrica de Tornquist. Turismo, Pol\u00edtica, Sociedad, Deporte, Cultura y todo el contenido de inter\u00e9s general que la gente del pueblo y la regi\u00f3n debe conocer.","og_url":"https:\/\/www.celttv.com.ar\/index.php\/2021\/04\/16\/la-comarca-turistica-promedio-la-temporada-de-verano-con-84-de-ocupacion-con-picos-del-100\/","og_site_name":"CELTTV","article_publisher":"https:\/\/www.facebook.com\/celtTV\/","article_published_time":"2021-04-16T15:20:54+00:00","og_image":[{"width":1360,"height":906,"url":"https:\/\/www.celttv.com.ar\/wp-content\/uploads\/2021\/02\/turis-copia.jpg","type":"image\/jpeg"}],"author":"ulises","twitter_card":"summary_large_image","twitter_misc":{"Escrito por":"ulises","Tiempo de lectura":"2 minutos"},"schema":{"@context":"https:\/\/schema.org","@graph":[{"@type":"NewsArticle","@id":"https:\/\/www.celttv.com.ar\/index.php\/2021\/04\/16\/la-comarca-turistica-promedio-la-temporada-de-verano-con-84-de-ocupacion-con-picos-del-100\/#article","isPartOf":{"@id":"https:\/\/www.celttv.com.ar\/index.php\/2021\/04\/16\/la-comarca-turistica-promedio-la-temporada-de-verano-con-84-de-ocupacion-con-picos-del-100\/"},"author":{"name":"ulises","@id":"https:\/\/www.celttv.com.ar\/#\/schema\/person\/6d99c072dba59953809c81446e9d0ace"},"headline":"La Comarca Tur\u00edstica promedi\u00f3 la temporada de verano con 84% de ocupaci\u00f3n, con picos del 100%","datePublished":"2021-04-16T15:20:54+00:00","dateModified":"2021-04-16T15:20:54+00:00","mainEntityOfPage":{"@id":"https:\/\/www.celttv.com.ar\/index.php\/2021\/04\/16\/la-comarca-turistica-promedio-la-temporada-de-verano-con-84-de-ocupacion-con-picos-del-100\/"},"wordCount":363,"publisher":{"@id":"https:\/\/www.celttv.com.ar\/#organization"},"articleSection":["Destacadas"],"inLanguage":"es"},{"@type":"WebPage","@id":"https:\/\/www.celttv.com.ar\/index.php\/2021\/04\/16\/la-comarca-turistica-promedio-la-temporada-de-verano-con-84-de-ocupacion-con-picos-del-100\/","url":"https:\/\/www.celttv.com.ar\/index.php\/2021\/04\/16\/la-comarca-turistica-promedio-la-temporada-de-verano-con-84-de-ocupacion-con-picos-del-100\/","name":"La Comarca Tur\u00edstica promedi\u00f3 la temporada de verano con 84% de ocupaci\u00f3n, con picos del 100% - CELTTV","isPartOf":{"@id":"https:\/\/www.celttv.com.ar\/#website"},"datePublished":"2021-04-16T15:20:54+00:00","dateModified":"2021-04-16T15:20:54+00:00","description":"Sitio web de noticias de la localidad de Tornquist, provincia de Buenos Aires, Rep\u00fablica Argentina. Contenido propio originado por periodistas de CELTTV, el canal de TV local de la Cooperativa El\u00e9ctrica de Tornquist. Turismo, Pol\u00edtica, Sociedad, Deporte, Cultura y todo el contenido de inter\u00e9s general que la gente del pueblo y la regi\u00f3n debe conocer.","breadcrumb":{"@id":"https:\/\/www.celttv.com.ar\/index.php\/2021\/04\/16\/la-comarca-turistica-promedio-la-temporada-de-verano-con-84-de-ocupacion-con-picos-del-100\/#breadcrumb"},"inLanguage":"es","potentialAction":[{"@type":"ReadAction","target":["https:\/\/www.celttv.com.ar\/index.php\/2021\/04\/16\/la-comarca-turistica-promedio-la-temporada-de-verano-con-84-de-ocupacion-con-picos-del-100\/"]}]},{"@type":"BreadcrumbList","@id":"https:\/\/www.celttv.com.ar\/index.php\/2021\/04\/16\/la-comarca-turistica-promedio-la-temporada-de-verano-con-84-de-ocupacion-con-picos-del-100\/#breadcrumb","itemListElement":[{"@type":"ListItem","position":1,"name":"Inicio","item":"https:\/\/www.celttv.com.ar\/"},{"@type":"ListItem","position":2,"name":"La Comarca Tur\u00edstica promedi\u00f3 la temporada de verano con 84% de ocupaci\u00f3n, con picos del 100%"}]},{"@type":"WebSite","@id":"https:\/\/www.celttv.com.ar\/#website","url":"https:\/\/www.celttv.com.ar\/","name":"CELTTV","description":"Cooperativa El\u00e9ctrica de Tornquist","publisher":{"@id":"https:\/\/www.celttv.com.ar\/#organization"},"potentialAction":[{"@type":"SearchAction","target":{"@type":"EntryPoint","urlTemplate":"https:\/\/www.celttv.com.ar\/?s={search_term_string}"},"query-input":"required name=search_term_string"}],"inLanguage":"es"},{"@type":"Organization","@id":"https:\/\/www.celttv.com.ar\/#organization","name":"CELTTV","url":"https:\/\/www.celttv.com.ar\/","sameAs":["https:\/\/www.youtube.com\/channel\/UCz_oIt8Hig64Ub-EmcNPIhg","https:\/\/www.facebook.com\/celtTV\/"],"logo":{"@type":"ImageObject","inLanguage":"es","@id":"https:\/\/www.celttv.com.ar\/#\/schema\/logo\/image\/","url":"http:\/\/www.celttv.com.ar\/wp-content\/uploads\/2022\/08\/logo-1.png","contentUrl":"http:\/\/www.celttv.com.ar\/wp-content\/uploads\/2022\/08\/logo-1.png","width":461,"height":159,"caption":"CELTTV"},"image":{"@id":"https:\/\/www.celttv.com.ar\/#\/schema\/logo\/image\/"}},{"@type":"Person","@id":"https:\/\/www.celttv.com.ar\/#\/schema\/person\/6d99c072dba59953809c81446e9d0ace","name":"ulises","image":{"@type":"ImageObject","inLanguage":"es","@id":"https:\/\/www.celttv.com.ar\/#\/schema\/person\/image\/","url":"https:\/\/secure.gravatar.com\/avatar\/7f2c48bdc33b30088f941fb6082e555f2874c98e20cb159d7b92b50eadfce793?s=96&d=mm&r=g","contentUrl":"https:\/\/secure.gravatar.com\/avatar\/7f2c48bdc33b30088f941fb6082e555f2874c98e20cb159d7b92b50eadfce793?s=96&d=mm&r=g","caption":"ulises"},"sameAs":["http:\/\/www.celttv.com.ar"]}]}},"_links":{"self":[{"href":"https:\/\/www.celttv.com.ar\/index.php\/wp-json\/wp\/v2\/posts\/57131","targetHints":{"allow":["GET"]}}],"collection":[{"href":"https:\/\/www.celttv.com.ar\/index.php\/wp-json\/wp\/v2\/posts"}],"about":[{"href":"https:\/\/www.celttv.com.ar\/index.php\/wp-json\/wp\/v2\/types\/post"}],"author":[{"embeddable":true,"href":"https:\/\/www.celttv.com.ar\/index.php\/wp-json\/wp\/v2\/users\/1"}],"replies":[{"embeddable":true,"href":"https:\/\/www.celttv.com.ar\/index.php\/wp-json\/wp\/v2\/comments?post=57131"}],"version-history":[{"count":0,"href":"https:\/\/www.celttv.com.ar\/index.php\/wp-json\/wp\/v2\/posts\/57131\/revisions"}],"wp:featuredmedia":[{"embeddable":true,"href":"https:\/\/www.celttv.com.ar\/index.php\/wp-json\/wp\/v2\/media\/55838"}],"wp:attachment":[{"href":"https:\/\/www.celttv.com.ar\/index.php\/wp-json\/wp\/v2\/media?parent=57131"}],"wp:term":[{"taxonomy":"category","embeddable":true,"href":"https:\/\/www.celttv.com.ar\/index.php\/wp-json\/wp\/v2\/categories?post=57131"},{"taxonomy":"post_tag","embeddable":true,"href":"https:\/\/www.celttv.com.ar\/index.php\/wp-json\/wp\/v2\/tags?post=57131"}],"curies":[{"name":"wp","href":"https:\/\/api.w.org\/{rel}","templated":true}]}}