{"id":57136,"date":"2021-04-17T14:54:21","date_gmt":"2021-04-17T14:54:21","guid":{"rendered":"http:\/\/www.celttv.com.ar\/?p=57136"},"modified":"2021-04-17T14:54:21","modified_gmt":"2021-04-17T14:54:21","slug":"se-realizo-el-acto-por-el-138-aniversario-de-la-fundacion-de-tornquist","status":"publish","type":"post","link":"https:\/\/www.celttv.com.ar\/index.php\/2021\/04\/17\/se-realizo-el-acto-por-el-138-aniversario-de-la-fundacion-de-tornquist\/","title":{"rendered":"Se realiz\u00f3 el acto por el 138\u00b0 aniversario de la fundaci\u00f3n de Tornquist"},"content":{"rendered":"\n<p>Un nutrido grupo de personas participaron en la ma\u00f1ana del s\u00e1bado, del acto protocolar por el 138\u00b0 aniversario de la fundaci\u00f3n de Tornquist, realizado frente al monumento del fundador, ubicado en la plaza que lleva su nombre.<\/p>\n\n\n\n<p>Participaron del acto el secretario de Gobierno y Seguridad, Ezequiel Gabella; secretario de Turismo, Gustavo Sandobal; la Directora de Cultura, Noel\u00ed Kloster; el Director del Hogar Convivencial, Carlos Pollio; las ediles Laura Rosatelli y Elisabet Nori; la consejera escolar Silvia Rossi; el delegado de Tres Picos, Ricardo Amer; el p\u00e1rroco Norberto L\u00f3pez y autoridades de la Polic\u00eda Comunal de Tornquist.<\/p>\n\n\n\n<p> El Padre Norberto L\u00f3pez, fue el encargado de la invocaci\u00f3n religiosa y luego, Ezequiel Gabella, se refiri\u00f3 al aniversario de la fundaci\u00f3n de Tornquist.<\/p>\n\n\n\n<p>En uso de la palabra en representaci\u00f3n del intendente municipal, Gabella resalt\u00f3 \u201clos desaf\u00edos que tenemos como tornquistenses en este contexto de pandemia\u201d, haciendo hincapi\u00e9 \u201cen la uni\u00f3n de todos y el compromiso\u201d para continuar haci\u00e9ndole frente a la situaci\u00f3n.<\/p>\n\n\n\n<p>Durante el acto, se entonaron las estrofas del Himno Nacional Argentino y del Himno a Tornquist. Como cierre, se coloc\u00f3 una ofrenda floral junto a los restos del Ernesto Tornquist, que descansan en la Parroquia Santa Rosa de Lima.<\/p>\n\n\n\n<figure class=\"wp-block-embed is-type-video is-provider-youtube wp-block-embed-youtube wp-embed-aspect-16-9 wp-has-aspect-ratio\"><div class=\"wp-block-embed__wrapper\">\n<iframe loading=\"lazy\" title=\"2021 04 17 138\u00b0 ANIVERSARIO DE LA FUNDACION DE TORNQUIST 1   PADRE NORBERTO\" width=\"500\" height=\"281\" src=\"https:\/\/www.youtube.com\/embed\/jqJt09jPa6w?feature=oembed\" frameborder=\"0\" allow=\"accelerometer; autoplay; clipboard-write; encrypted-media; gyroscope; picture-in-picture; web-share\" referrerpolicy=\"strict-origin-when-cross-origin\" allowfullscreen><\/iframe>\n<\/div><\/figure>\n\n\n\n<figure class=\"wp-block-embed is-type-video is-provider-youtube wp-block-embed-youtube wp-embed-aspect-16-9 wp-has-aspect-ratio\"><div class=\"wp-block-embed__wrapper\">\n<iframe loading=\"lazy\" title=\"2021 04 17 138\u00b0 ANIVERSARIO DE LA FUNDACION DE TORNQUIST 2   EZEQUIEL GABELLA\" width=\"500\" height=\"281\" src=\"https:\/\/www.youtube.com\/embed\/milNGloWWSs?feature=oembed\" frameborder=\"0\" allow=\"accelerometer; autoplay; clipboard-write; encrypted-media; gyroscope; picture-in-picture; web-share\" referrerpolicy=\"strict-origin-when-cross-origin\" allowfullscreen><\/iframe>\n<\/div><\/figure>\n\n\n\n<figure class=\"wp-block-image size-large\"><img loading=\"lazy\" decoding=\"async\" width=\"279\" height=\"393\" src=\"http:\/\/www.celttv.com.ar\/wp-content\/uploads\/2021\/04\/08986a2d-b9b6-4624-82cc-fd8e862eea07.jpg\" alt=\"\" class=\"wp-image-57137\" srcset=\"https:\/\/www.celttv.com.ar\/wp-content\/uploads\/2021\/04\/08986a2d-b9b6-4624-82cc-fd8e862eea07.jpg 279w, https:\/\/www.celttv.com.ar\/wp-content\/uploads\/2021\/04\/08986a2d-b9b6-4624-82cc-fd8e862eea07-213x300.jpg 213w\" sizes=\"auto, (max-width: 279px) 100vw, 279px\" \/><\/figure>\n\n\n\n<figure class=\"wp-block-image size-large\"><img loading=\"lazy\" decoding=\"async\" width=\"423\" height=\"605\" src=\"http:\/\/www.celttv.com.ar\/wp-content\/uploads\/2021\/04\/10ccdf7c-1a17-4258-81ab-1f99fc273f65.jpg\" alt=\"\" class=\"wp-image-57138\" srcset=\"https:\/\/www.celttv.com.ar\/wp-content\/uploads\/2021\/04\/10ccdf7c-1a17-4258-81ab-1f99fc273f65.jpg 423w, https:\/\/www.celttv.com.ar\/wp-content\/uploads\/2021\/04\/10ccdf7c-1a17-4258-81ab-1f99fc273f65-210x300.jpg 210w\" sizes=\"auto, (max-width: 423px) 100vw, 423px\" \/><\/figure>\n\n\n\n<figure class=\"wp-block-image size-large\"><img loading=\"lazy\" decoding=\"async\" width=\"1267\" height=\"663\" src=\"http:\/\/www.celttv.com.ar\/wp-content\/uploads\/2021\/04\/ded53eb1-8c79-42a4-926a-353cdbf06a90.jpg\" alt=\"\" class=\"wp-image-57139\" srcset=\"https:\/\/www.celttv.com.ar\/wp-content\/uploads\/2021\/04\/ded53eb1-8c79-42a4-926a-353cdbf06a90.jpg 1267w, https:\/\/www.celttv.com.ar\/wp-content\/uploads\/2021\/04\/ded53eb1-8c79-42a4-926a-353cdbf06a90-300x157.jpg 300w, https:\/\/www.celttv.com.ar\/wp-content\/uploads\/2021\/04\/ded53eb1-8c79-42a4-926a-353cdbf06a90-1024x536.jpg 1024w, https:\/\/www.celttv.com.ar\/wp-content\/uploads\/2021\/04\/ded53eb1-8c79-42a4-926a-353cdbf06a90-768x402.jpg 768w, https:\/\/www.celttv.com.ar\/wp-content\/uploads\/2021\/04\/ded53eb1-8c79-42a4-926a-353cdbf06a90-750x392.jpg 750w, https:\/\/www.celttv.com.ar\/wp-content\/uploads\/2021\/04\/ded53eb1-8c79-42a4-926a-353cdbf06a90-1140x597.jpg 1140w\" sizes=\"auto, (max-width: 1267px) 100vw, 1267px\" \/><\/figure>\n\n\n\n<figure class=\"wp-block-image size-large\"><img loading=\"lazy\" decoding=\"async\" width=\"1280\" height=\"960\" src=\"http:\/\/www.celttv.com.ar\/wp-content\/uploads\/2021\/04\/88981204-2f1d-4a0a-aeb9-b5041d0a1733.jpg\" alt=\"\" class=\"wp-image-57140\" srcset=\"https:\/\/www.celttv.com.ar\/wp-content\/uploads\/2021\/04\/88981204-2f1d-4a0a-aeb9-b5041d0a1733.jpg 1280w, https:\/\/www.celttv.com.ar\/wp-content\/uploads\/2021\/04\/88981204-2f1d-4a0a-aeb9-b5041d0a1733-300x225.jpg 300w, https:\/\/www.celttv.com.ar\/wp-content\/uploads\/2021\/04\/88981204-2f1d-4a0a-aeb9-b5041d0a1733-1024x768.jpg 1024w, https:\/\/www.celttv.com.ar\/wp-content\/uploads\/2021\/04\/88981204-2f1d-4a0a-aeb9-b5041d0a1733-768x576.jpg 768w, https:\/\/www.celttv.com.ar\/wp-content\/uploads\/2021\/04\/88981204-2f1d-4a0a-aeb9-b5041d0a1733-750x563.jpg 750w, https:\/\/www.celttv.com.ar\/wp-content\/uploads\/2021\/04\/88981204-2f1d-4a0a-aeb9-b5041d0a1733-1140x855.jpg 1140w\" sizes=\"auto, (max-width: 1280px) 100vw, 1280px\" \/><\/figure>\n\n\n\n<figure class=\"wp-block-image size-large\"><img loading=\"lazy\" decoding=\"async\" width=\"1280\" height=\"960\" src=\"http:\/\/www.celttv.com.ar\/wp-content\/uploads\/2021\/04\/e500d455-29e9-4f3b-b300-4be03dfa666f.jpg\" alt=\"\" class=\"wp-image-57141\" srcset=\"https:\/\/www.celttv.com.ar\/wp-content\/uploads\/2021\/04\/e500d455-29e9-4f3b-b300-4be03dfa666f.jpg 1280w, https:\/\/www.celttv.com.ar\/wp-content\/uploads\/2021\/04\/e500d455-29e9-4f3b-b300-4be03dfa666f-300x225.jpg 300w, https:\/\/www.celttv.com.ar\/wp-content\/uploads\/2021\/04\/e500d455-29e9-4f3b-b300-4be03dfa666f-1024x768.jpg 1024w, https:\/\/www.celttv.com.ar\/wp-content\/uploads\/2021\/04\/e500d455-29e9-4f3b-b300-4be03dfa666f-768x576.jpg 768w, https:\/\/www.celttv.com.ar\/wp-content\/uploads\/2021\/04\/e500d455-29e9-4f3b-b300-4be03dfa666f-750x563.jpg 750w, https:\/\/www.celttv.com.ar\/wp-content\/uploads\/2021\/04\/e500d455-29e9-4f3b-b300-4be03dfa666f-1140x855.jpg 1140w\" sizes=\"auto, (max-width: 1280px) 100vw, 1280px\" \/><\/figure>\n\n\n\n<p><strong>SALUTACI\u00d3N DEL HONORABLE CONCEJO DELIBERANTE<\/strong><\/p>\n\n\n\n<p>En esta fecha tan especial, se conmemora el &nbsp;138\u00ba Aniversario de la fundaci\u00f3n de Tornquist, desde el Honorable Concejo Deliberante creemos propicia la oportunidad para hacer llegar un afectuoso &nbsp;saludo a todos nuestros vecinos. Inst\u00e1ndolos a continuar el trabajo &nbsp;de nuestros antiguos pobladores, quienes con gran esfuerzo han forjado nuestro pasado y presente, deseando que el proyecto como comunidad siga acompa\u00f1ando el crecimiento de la ciudad, como en todos estos a\u00f1os.<strong><\/strong><\/p>\n\n\n\n<p>\u00a1Tornquist, Feliz Aniversario!<\/p>\n","protected":false},"excerpt":{"rendered":"<p>Un nutrido grupo de personas participaron en la ma\u00f1ana del s\u00e1bado, del acto protocolar por el 138\u00b0 aniversario de la fundaci\u00f3n de Tornquist, realizado frente al monumento del fundador, ubicado en la plaza que lleva su nombre. Participaron del acto el secretario de Gobierno y Seguridad, Ezequiel Gabella; secretario de Turismo, Gustavo Sandobal; la Directora [&hellip;]<\/p>\n","protected":false},"author":1,"featured_media":57140,"comment_status":"closed","ping_status":"open","sticky":false,"template":"","format":"standard","meta":{"footnotes":""},"categories":[55,51,52],"tags":[],"class_list":["post-57136","post","type-post","status-publish","format-standard","has-post-thumbnail","hentry","category-celt-tv-noticias","category-comunidad","category-destacadas"],"yoast_head":"<!-- This site is optimized with the Yoast SEO plugin v19.7.1 - https:\/\/yoast.com\/wordpress\/plugins\/seo\/ -->\n<title>Se realiz\u00f3 el acto por el 138\u00b0 aniversario de la fundaci\u00f3n de Tornquist - CELTTV<\/title>\n<meta name=\"description\" content=\"Sitio web de noticias de la localidad de Tornquist, provincia de Buenos Aires, Rep\u00fablica Argentina. Contenido propio originado por periodistas de CELTTV, el canal de TV local de la Cooperativa El\u00e9ctrica de Tornquist. Turismo, Pol\u00edtica, Sociedad, Deporte, Cultura y todo el contenido de inter\u00e9s general que la gente del pueblo y la regi\u00f3n debe conocer.\" \/>\n<meta name=\"robots\" content=\"index, follow, max-snippet:-1, max-image-preview:large, max-video-preview:-1\" \/>\n<link rel=\"canonical\" href=\"https:\/\/www.celttv.com.ar\/index.php\/2021\/04\/17\/se-realizo-el-acto-por-el-138-aniversario-de-la-fundacion-de-tornquist\/\" \/>\n<meta property=\"og:locale\" content=\"es_ES\" \/>\n<meta property=\"og:type\" content=\"article\" \/>\n<meta property=\"og:title\" content=\"Se realiz\u00f3 el acto por el 138\u00b0 aniversario de la fundaci\u00f3n de Tornquist - CELTTV\" \/>\n<meta property=\"og:description\" content=\"Sitio web de noticias de la localidad de Tornquist, provincia de Buenos Aires, Rep\u00fablica Argentina. Contenido propio originado por periodistas de CELTTV, el canal de TV local de la Cooperativa El\u00e9ctrica de Tornquist. Turismo, Pol\u00edtica, Sociedad, Deporte, Cultura y todo el contenido de inter\u00e9s general que la gente del pueblo y la regi\u00f3n debe conocer.\" \/>\n<meta property=\"og:url\" content=\"https:\/\/www.celttv.com.ar\/index.php\/2021\/04\/17\/se-realizo-el-acto-por-el-138-aniversario-de-la-fundacion-de-tornquist\/\" \/>\n<meta property=\"og:site_name\" content=\"CELTTV\" \/>\n<meta property=\"article:publisher\" content=\"https:\/\/www.facebook.com\/celtTV\/\" \/>\n<meta property=\"article:published_time\" content=\"2021-04-17T14:54:21+00:00\" \/>\n<meta property=\"og:image\" content=\"https:\/\/www.celttv.com.ar\/wp-content\/uploads\/2021\/04\/88981204-2f1d-4a0a-aeb9-b5041d0a1733.jpg\" \/>\n\t<meta property=\"og:image:width\" content=\"1280\" \/>\n\t<meta property=\"og:image:height\" content=\"960\" \/>\n\t<meta property=\"og:image:type\" content=\"image\/jpeg\" \/>\n<meta name=\"author\" content=\"ulises\" \/>\n<meta name=\"twitter:card\" content=\"summary_large_image\" \/>\n<meta name=\"twitter:label1\" content=\"Escrito por\" \/>\n\t<meta name=\"twitter:data1\" content=\"ulises\" \/>\n\t<meta name=\"twitter:label2\" content=\"Tiempo de lectura\" \/>\n\t<meta name=\"twitter:data2\" content=\"2 minutos\" \/>\n<script type=\"application\/ld+json\" class=\"yoast-schema-graph\">{\"@context\":\"https:\/\/schema.org\",\"@graph\":[{\"@type\":\"NewsArticle\",\"@id\":\"https:\/\/www.celttv.com.ar\/index.php\/2021\/04\/17\/se-realizo-el-acto-por-el-138-aniversario-de-la-fundacion-de-tornquist\/#article\",\"isPartOf\":{\"@id\":\"https:\/\/www.celttv.com.ar\/index.php\/2021\/04\/17\/se-realizo-el-acto-por-el-138-aniversario-de-la-fundacion-de-tornquist\/\"},\"author\":{\"name\":\"ulises\",\"@id\":\"https:\/\/www.celttv.com.ar\/#\/schema\/person\/6d99c072dba59953809c81446e9d0ace\"},\"headline\":\"Se realiz\u00f3 el acto por el 138\u00b0 aniversario de la fundaci\u00f3n de Tornquist\",\"datePublished\":\"2021-04-17T14:54:21+00:00\",\"dateModified\":\"2021-04-17T14:54:21+00:00\",\"mainEntityOfPage\":{\"@id\":\"https:\/\/www.celttv.com.ar\/index.php\/2021\/04\/17\/se-realizo-el-acto-por-el-138-aniversario-de-la-fundacion-de-tornquist\/\"},\"wordCount\":322,\"publisher\":{\"@id\":\"https:\/\/www.celttv.com.ar\/#organization\"},\"articleSection\":[\"Celt TV Noticias\",\"Comunidad\",\"Destacadas\"],\"inLanguage\":\"es\"},{\"@type\":\"WebPage\",\"@id\":\"https:\/\/www.celttv.com.ar\/index.php\/2021\/04\/17\/se-realizo-el-acto-por-el-138-aniversario-de-la-fundacion-de-tornquist\/\",\"url\":\"https:\/\/www.celttv.com.ar\/index.php\/2021\/04\/17\/se-realizo-el-acto-por-el-138-aniversario-de-la-fundacion-de-tornquist\/\",\"name\":\"Se realiz\u00f3 el acto por el 138\u00b0 aniversario de la fundaci\u00f3n de Tornquist - CELTTV\",\"isPartOf\":{\"@id\":\"https:\/\/www.celttv.com.ar\/#website\"},\"datePublished\":\"2021-04-17T14:54:21+00:00\",\"dateModified\":\"2021-04-17T14:54:21+00:00\",\"description\":\"Sitio web de noticias de la localidad de Tornquist, provincia de Buenos Aires, Rep\u00fablica Argentina. Contenido propio originado por periodistas de CELTTV, el canal de TV local de la Cooperativa El\u00e9ctrica de Tornquist. Turismo, Pol\u00edtica, Sociedad, Deporte, Cultura y todo el contenido de inter\u00e9s general que la gente del pueblo y la regi\u00f3n debe conocer.\",\"breadcrumb\":{\"@id\":\"https:\/\/www.celttv.com.ar\/index.php\/2021\/04\/17\/se-realizo-el-acto-por-el-138-aniversario-de-la-fundacion-de-tornquist\/#breadcrumb\"},\"inLanguage\":\"es\",\"potentialAction\":[{\"@type\":\"ReadAction\",\"target\":[\"https:\/\/www.celttv.com.ar\/index.php\/2021\/04\/17\/se-realizo-el-acto-por-el-138-aniversario-de-la-fundacion-de-tornquist\/\"]}]},{\"@type\":\"BreadcrumbList\",\"@id\":\"https:\/\/www.celttv.com.ar\/index.php\/2021\/04\/17\/se-realizo-el-acto-por-el-138-aniversario-de-la-fundacion-de-tornquist\/#breadcrumb\",\"itemListElement\":[{\"@type\":\"ListItem\",\"position\":1,\"name\":\"Inicio\",\"item\":\"https:\/\/www.celttv.com.ar\/\"},{\"@type\":\"ListItem\",\"position\":2,\"name\":\"Se realiz\u00f3 el acto por el 138\u00b0 aniversario de la fundaci\u00f3n de Tornquist\"}]},{\"@type\":\"WebSite\",\"@id\":\"https:\/\/www.celttv.com.ar\/#website\",\"url\":\"https:\/\/www.celttv.com.ar\/\",\"name\":\"CELTTV\",\"description\":\"Cooperativa El\u00e9ctrica de Tornquist\",\"publisher\":{\"@id\":\"https:\/\/www.celttv.com.ar\/#organization\"},\"potentialAction\":[{\"@type\":\"SearchAction\",\"target\":{\"@type\":\"EntryPoint\",\"urlTemplate\":\"https:\/\/www.celttv.com.ar\/?s={search_term_string}\"},\"query-input\":\"required name=search_term_string\"}],\"inLanguage\":\"es\"},{\"@type\":\"Organization\",\"@id\":\"https:\/\/www.celttv.com.ar\/#organization\",\"name\":\"CELTTV\",\"url\":\"https:\/\/www.celttv.com.ar\/\",\"sameAs\":[\"https:\/\/www.youtube.com\/channel\/UCz_oIt8Hig64Ub-EmcNPIhg\",\"https:\/\/www.facebook.com\/celtTV\/\"],\"logo\":{\"@type\":\"ImageObject\",\"inLanguage\":\"es\",\"@id\":\"https:\/\/www.celttv.com.ar\/#\/schema\/logo\/image\/\",\"url\":\"http:\/\/www.celttv.com.ar\/wp-content\/uploads\/2022\/08\/logo-1.png\",\"contentUrl\":\"http:\/\/www.celttv.com.ar\/wp-content\/uploads\/2022\/08\/logo-1.png\",\"width\":461,\"height\":159,\"caption\":\"CELTTV\"},\"image\":{\"@id\":\"https:\/\/www.celttv.com.ar\/#\/schema\/logo\/image\/\"}},{\"@type\":\"Person\",\"@id\":\"https:\/\/www.celttv.com.ar\/#\/schema\/person\/6d99c072dba59953809c81446e9d0ace\",\"name\":\"ulises\",\"image\":{\"@type\":\"ImageObject\",\"inLanguage\":\"es\",\"@id\":\"https:\/\/www.celttv.com.ar\/#\/schema\/person\/image\/\",\"url\":\"https:\/\/secure.gravatar.com\/avatar\/7f2c48bdc33b30088f941fb6082e555f2874c98e20cb159d7b92b50eadfce793?s=96&d=mm&r=g\",\"contentUrl\":\"https:\/\/secure.gravatar.com\/avatar\/7f2c48bdc33b30088f941fb6082e555f2874c98e20cb159d7b92b50eadfce793?s=96&d=mm&r=g\",\"caption\":\"ulises\"},\"sameAs\":[\"http:\/\/www.celttv.com.ar\"]}]}<\/script>\n<!-- \/ Yoast SEO plugin. -->","yoast_head_json":{"title":"Se realiz\u00f3 el acto por el 138\u00b0 aniversario de la fundaci\u00f3n de Tornquist - CELTTV","description":"Sitio web de noticias de la localidad de Tornquist, provincia de Buenos Aires, Rep\u00fablica Argentina. Contenido propio originado por periodistas de CELTTV, el canal de TV local de la Cooperativa El\u00e9ctrica de Tornquist. Turismo, Pol\u00edtica, Sociedad, Deporte, Cultura y todo el contenido de inter\u00e9s general que la gente del pueblo y la regi\u00f3n debe conocer.","robots":{"index":"index","follow":"follow","max-snippet":"max-snippet:-1","max-image-preview":"max-image-preview:large","max-video-preview":"max-video-preview:-1"},"canonical":"https:\/\/www.celttv.com.ar\/index.php\/2021\/04\/17\/se-realizo-el-acto-por-el-138-aniversario-de-la-fundacion-de-tornquist\/","og_locale":"es_ES","og_type":"article","og_title":"Se realiz\u00f3 el acto por el 138\u00b0 aniversario de la fundaci\u00f3n de Tornquist - CELTTV","og_description":"Sitio web de noticias de la localidad de Tornquist, provincia de Buenos Aires, Rep\u00fablica Argentina. Contenido propio originado por periodistas de CELTTV, el canal de TV local de la Cooperativa El\u00e9ctrica de Tornquist. Turismo, Pol\u00edtica, Sociedad, Deporte, Cultura y todo el contenido de inter\u00e9s general que la gente del pueblo y la regi\u00f3n debe conocer.","og_url":"https:\/\/www.celttv.com.ar\/index.php\/2021\/04\/17\/se-realizo-el-acto-por-el-138-aniversario-de-la-fundacion-de-tornquist\/","og_site_name":"CELTTV","article_publisher":"https:\/\/www.facebook.com\/celtTV\/","article_published_time":"2021-04-17T14:54:21+00:00","og_image":[{"width":1280,"height":960,"url":"https:\/\/www.celttv.com.ar\/wp-content\/uploads\/2021\/04\/88981204-2f1d-4a0a-aeb9-b5041d0a1733.jpg","type":"image\/jpeg"}],"author":"ulises","twitter_card":"summary_large_image","twitter_misc":{"Escrito por":"ulises","Tiempo de lectura":"2 minutos"},"schema":{"@context":"https:\/\/schema.org","@graph":[{"@type":"NewsArticle","@id":"https:\/\/www.celttv.com.ar\/index.php\/2021\/04\/17\/se-realizo-el-acto-por-el-138-aniversario-de-la-fundacion-de-tornquist\/#article","isPartOf":{"@id":"https:\/\/www.celttv.com.ar\/index.php\/2021\/04\/17\/se-realizo-el-acto-por-el-138-aniversario-de-la-fundacion-de-tornquist\/"},"author":{"name":"ulises","@id":"https:\/\/www.celttv.com.ar\/#\/schema\/person\/6d99c072dba59953809c81446e9d0ace"},"headline":"Se realiz\u00f3 el acto por el 138\u00b0 aniversario de la fundaci\u00f3n de Tornquist","datePublished":"2021-04-17T14:54:21+00:00","dateModified":"2021-04-17T14:54:21+00:00","mainEntityOfPage":{"@id":"https:\/\/www.celttv.com.ar\/index.php\/2021\/04\/17\/se-realizo-el-acto-por-el-138-aniversario-de-la-fundacion-de-tornquist\/"},"wordCount":322,"publisher":{"@id":"https:\/\/www.celttv.com.ar\/#organization"},"articleSection":["Celt TV Noticias","Comunidad","Destacadas"],"inLanguage":"es"},{"@type":"WebPage","@id":"https:\/\/www.celttv.com.ar\/index.php\/2021\/04\/17\/se-realizo-el-acto-por-el-138-aniversario-de-la-fundacion-de-tornquist\/","url":"https:\/\/www.celttv.com.ar\/index.php\/2021\/04\/17\/se-realizo-el-acto-por-el-138-aniversario-de-la-fundacion-de-tornquist\/","name":"Se realiz\u00f3 el acto por el 138\u00b0 aniversario de la fundaci\u00f3n de Tornquist - CELTTV","isPartOf":{"@id":"https:\/\/www.celttv.com.ar\/#website"},"datePublished":"2021-04-17T14:54:21+00:00","dateModified":"2021-04-17T14:54:21+00:00","description":"Sitio web de noticias de la localidad de Tornquist, provincia de Buenos Aires, Rep\u00fablica Argentina. Contenido propio originado por periodistas de CELTTV, el canal de TV local de la Cooperativa El\u00e9ctrica de Tornquist. Turismo, Pol\u00edtica, Sociedad, Deporte, Cultura y todo el contenido de inter\u00e9s general que la gente del pueblo y la regi\u00f3n debe conocer.","breadcrumb":{"@id":"https:\/\/www.celttv.com.ar\/index.php\/2021\/04\/17\/se-realizo-el-acto-por-el-138-aniversario-de-la-fundacion-de-tornquist\/#breadcrumb"},"inLanguage":"es","potentialAction":[{"@type":"ReadAction","target":["https:\/\/www.celttv.com.ar\/index.php\/2021\/04\/17\/se-realizo-el-acto-por-el-138-aniversario-de-la-fundacion-de-tornquist\/"]}]},{"@type":"BreadcrumbList","@id":"https:\/\/www.celttv.com.ar\/index.php\/2021\/04\/17\/se-realizo-el-acto-por-el-138-aniversario-de-la-fundacion-de-tornquist\/#breadcrumb","itemListElement":[{"@type":"ListItem","position":1,"name":"Inicio","item":"https:\/\/www.celttv.com.ar\/"},{"@type":"ListItem","position":2,"name":"Se realiz\u00f3 el acto por el 138\u00b0 aniversario de la fundaci\u00f3n de Tornquist"}]},{"@type":"WebSite","@id":"https:\/\/www.celttv.com.ar\/#website","url":"https:\/\/www.celttv.com.ar\/","name":"CELTTV","description":"Cooperativa El\u00e9ctrica de Tornquist","publisher":{"@id":"https:\/\/www.celttv.com.ar\/#organization"},"potentialAction":[{"@type":"SearchAction","target":{"@type":"EntryPoint","urlTemplate":"https:\/\/www.celttv.com.ar\/?s={search_term_string}"},"query-input":"required name=search_term_string"}],"inLanguage":"es"},{"@type":"Organization","@id":"https:\/\/www.celttv.com.ar\/#organization","name":"CELTTV","url":"https:\/\/www.celttv.com.ar\/","sameAs":["https:\/\/www.youtube.com\/channel\/UCz_oIt8Hig64Ub-EmcNPIhg","https:\/\/www.facebook.com\/celtTV\/"],"logo":{"@type":"ImageObject","inLanguage":"es","@id":"https:\/\/www.celttv.com.ar\/#\/schema\/logo\/image\/","url":"http:\/\/www.celttv.com.ar\/wp-content\/uploads\/2022\/08\/logo-1.png","contentUrl":"http:\/\/www.celttv.com.ar\/wp-content\/uploads\/2022\/08\/logo-1.png","width":461,"height":159,"caption":"CELTTV"},"image":{"@id":"https:\/\/www.celttv.com.ar\/#\/schema\/logo\/image\/"}},{"@type":"Person","@id":"https:\/\/www.celttv.com.ar\/#\/schema\/person\/6d99c072dba59953809c81446e9d0ace","name":"ulises","image":{"@type":"ImageObject","inLanguage":"es","@id":"https:\/\/www.celttv.com.ar\/#\/schema\/person\/image\/","url":"https:\/\/secure.gravatar.com\/avatar\/7f2c48bdc33b30088f941fb6082e555f2874c98e20cb159d7b92b50eadfce793?s=96&d=mm&r=g","contentUrl":"https:\/\/secure.gravatar.com\/avatar\/7f2c48bdc33b30088f941fb6082e555f2874c98e20cb159d7b92b50eadfce793?s=96&d=mm&r=g","caption":"ulises"},"sameAs":["http:\/\/www.celttv.com.ar"]}]}},"_links":{"self":[{"href":"https:\/\/www.celttv.com.ar\/index.php\/wp-json\/wp\/v2\/posts\/57136","targetHints":{"allow":["GET"]}}],"collection":[{"href":"https:\/\/www.celttv.com.ar\/index.php\/wp-json\/wp\/v2\/posts"}],"about":[{"href":"https:\/\/www.celttv.com.ar\/index.php\/wp-json\/wp\/v2\/types\/post"}],"author":[{"embeddable":true,"href":"https:\/\/www.celttv.com.ar\/index.php\/wp-json\/wp\/v2\/users\/1"}],"replies":[{"embeddable":true,"href":"https:\/\/www.celttv.com.ar\/index.php\/wp-json\/wp\/v2\/comments?post=57136"}],"version-history":[{"count":0,"href":"https:\/\/www.celttv.com.ar\/index.php\/wp-json\/wp\/v2\/posts\/57136\/revisions"}],"wp:featuredmedia":[{"embeddable":true,"href":"https:\/\/www.celttv.com.ar\/index.php\/wp-json\/wp\/v2\/media\/57140"}],"wp:attachment":[{"href":"https:\/\/www.celttv.com.ar\/index.php\/wp-json\/wp\/v2\/media?parent=57136"}],"wp:term":[{"taxonomy":"category","embeddable":true,"href":"https:\/\/www.celttv.com.ar\/index.php\/wp-json\/wp\/v2\/categories?post=57136"},{"taxonomy":"post_tag","embeddable":true,"href":"https:\/\/www.celttv.com.ar\/index.php\/wp-json\/wp\/v2\/tags?post=57136"}],"curies":[{"name":"wp","href":"https:\/\/api.w.org\/{rel}","templated":true}]}}