{"id":57163,"date":"2021-04-17T22:35:05","date_gmt":"2021-04-17T22:35:05","guid":{"rendered":"http:\/\/www.celttv.com.ar\/?p=57163"},"modified":"2021-04-17T22:35:05","modified_gmt":"2021-04-17T22:35:05","slug":"liga-regional-de-futbol-el-comienzo-para-los-chicos-fue-a-medias","status":"publish","type":"post","link":"https:\/\/www.celttv.com.ar\/index.php\/2021\/04\/17\/liga-regional-de-futbol-el-comienzo-para-los-chicos-fue-a-medias\/","title":{"rendered":"Liga Regional de F\u00fatbol: el comienzo para los chicos fue a medias"},"content":{"rendered":"\n<p>De manera parcial, fundamentalmente debido a la lluvia \u2013en algunos casos con tormenta el\u00e9ctrica\u2013, se puso en marcha este s\u00e1bado el torneo Apertura de divisiones inferiores que organiza la Liga Regional de F\u00fatbol de Coronel Su\u00e1rez.<\/p>\n\n\n\n<p>Cabe se\u00f1alar que con antelaci\u00f3n hab\u00eda sido cancelado el enfrentamiento entre Atl\u00e9tico Huanguel\u00e9n y Empleados de Comercio, debido a que el club de Guamin\u00ed tiene a la mayor\u00eda de sus jugadores aislados.<\/p>\n\n\n\n<p>De las tiras que estaban programadas, algunas se pudieron cumplir en forma completa, otras se suspendieron cuando estaban en pleno desarrollo y una ni siquiera alcanz\u00f3 a arrancar.<\/p>\n\n\n\n<p>La s\u00edntesis de lo ocurrido responde al siguiente detalle:<\/p>\n\n\n\n<h4 class=\"wp-block-heading\">Zona \u201cA\u201d<\/h4>\n\n\n\n<p><strong>Quinta<\/strong>: Deportivo Sarmiento vs. Boca Juniors suspendido. Libres: San Mart\u00edn de Santa Trinidad y Blanco y Negro.<\/p>\n\n\n\n<p><strong>Sexta:&nbsp;<\/strong>El Progreso vs. Blanco y Negro y Deportivo Sarmiento vs. Boca Juniors suspendidos. Libre: San Mart\u00edn de Santa Trinidad.<\/p>\n\n\n\n<p><strong>S\u00e9ptima:&nbsp;<\/strong>San Mart\u00edn de Santa Trinidad vs. Independiente suspendido y Deportivo Sarmiento 3 vs. Boca Juniors 1 suspendido al t\u00e9rmino del primer tiempo. Libre: Blanco y Negro.<\/p>\n\n\n\n<p><strong>Octava:<\/strong>&nbsp;San Mart\u00edn de Santa Trinidad vs. Independiente suspendido; El Progreso 0 vs. Blanco y Negro 1 suspendido a los 18m. del segundo tiempo y Deportivo Sarmiento 5 vs. Boca Juniors 0.<\/p>\n\n\n\n<h4 class=\"wp-block-heading\">Zona \u201cB\u201d<\/h4>\n\n\n\n<p><strong>Quinta:&nbsp;<\/strong>Puan F. Club 0 vs. Deportivo Argentino 3 y San Mart\u00edn de Saavedra 1 vs. Automoto 5. Libres: Uni\u00f3n de Tornquist y Uni\u00f3n Pig\u00fc\u00e9.<\/p>\n\n\n\n<p><strong>Sexta<\/strong>: San Mart\u00edn de Saavedra 1 vs. Automoto 3. Libres: Uni\u00f3n de Tornquist, Tiro Federal de Puan y Deportivo Argentino.<\/p>\n\n\n\n<p><strong>S\u00e9ptima:<\/strong>&nbsp;Uni\u00f3n Pig\u00fc\u00e9 2 vs. Tiro Federal de Puan 4; Puan F. Club 1 vs. Deportivo Argentino 2 y San Mart\u00edn de Saavedra 1 vs. Automoto 3. Libre: Uni\u00f3n de Tornquist.<\/p>\n\n\n\n<p><strong>Octava:<\/strong>&nbsp;Uni\u00f3n Pig\u00fc\u00e9 0 vs. Tiro Federal de Puan 3 suspendido a los 10m. del segundo tiempo; Puan F. Club 0 vs. Deportivo Argentino 2 y San Mart\u00edn de Saavedra 0 vs. Automoto 2. Libre: Uni\u00f3n de Tornquist.<\/p>\n\n\n\n<h4 class=\"wp-block-heading\">Zona \u201cC\u201d<\/h4>\n\n\n\n<p><strong>Quinta:<\/strong>&nbsp;San Mart\u00edn de Carhu\u00e9 3 vs. Club Sarmiento 3; Atl\u00e9tico Huanguel\u00e9n vs. Empleados de Comercio suspendido por aislamientos y Pe\u00f1arol de Pig\u00fc\u00e9 vs. Racing Club suspendido por lluvia.<\/p>\n\n\n\n<p><strong>Sexta:<\/strong>&nbsp;San Mart\u00edn de Carhu\u00e9 0 vs. Club Sarmiento 7 y Pe\u00f1arol de Pig\u00fc\u00e9 vs. Racing Club suspendido por lluvia. Libre: Atl\u00e9tico Huanguel\u00e9n.<\/p>\n\n\n\n<p><strong>S\u00e9ptima:<\/strong>&nbsp;San Mart\u00edn de Carhu\u00e9 3 vs. Club Sarmiento 2; Atl\u00e9tico Huanguel\u00e9n vs. Empleados de Comercio suspendido por aislamientos y Pe\u00f1arol de Pig\u00fc\u00e9 vs. Racing Club suspendido por lluvia.<\/p>\n\n\n\n<p><strong>Octava:<\/strong>&nbsp;San Mart\u00edn de Carhu\u00e9 2 vs. Club Sarmiento 3; Atl\u00e9tico Huanguel\u00e9n vs. Empleados de Comercio suspendido por aislamientos y Pe\u00f1arol de Pig\u00fc\u00e9 1 vs. Racing Club 0 suspendido al t\u00e9rmino del primer tiempo.<\/p>\n\n\n\n<h4 class=\"wp-block-heading\">Pr\u00f3xima fecha<\/h4>\n\n\n\n<p>La que sigue es la segunda fecha, de acuerdo al siguiente detalle:<\/p>\n\n\n\n<p><strong>Zona \u201cA\u201d:&nbsp;<\/strong>Boca Juniors vs. El Progreso (6\u00aa y 8\u00aa), Independiente vs. Deportivo Sarmiento (7\u00aa y 8\u00aa) y Blanco y Negro vs. San Mart\u00edn de Santa Trinidad (5\u00aa, 6\u00aa, 7\u00aa y 8\u00aa).<\/p>\n\n\n\n<p><strong>Zona \u201cB\u201d<\/strong>: San Mart\u00edn de Saavedra vs. Puan F. Club (5\u00aa, 7\u00aa y 8\u00aa), Deportivo Argentino vs. Uni\u00f3n Pig\u00fc\u00e9 (5\u00aa, 7\u00aa y 8\u00aa) y Tiro Federal de Puan vs. Uni\u00f3n de Tornquist (6\u00aa, 7\u00aa y 8\u00aa). Libre: Automoto.<\/p>\n\n\n\n<p><strong>Zona \u201cC\u201d:\u00a0<\/strong>Pe\u00f1arol de Pig\u00fc\u00e9 vs. San Mart\u00edn de Carhu\u00e9 (5\u00aa, 6\u00aa, 7\u00aa y 8\u00aa), Racing Club vs. Atl\u00e9tico Huanguel\u00e9n (5\u00aa, 6\u00aa, 7\u00aa y 8\u00aa) y Empleados de Comercio vs. Club Sarmiento (5\u00aa, 7\u00aa y 8\u00aa).<\/p>\n\n\n\n<p><strong>FUENTE: Nuevo D\u00eda Digital<\/strong><\/p>\n","protected":false},"excerpt":{"rendered":"<p>De manera parcial, fundamentalmente debido a la lluvia \u2013en algunos casos con tormenta el\u00e9ctrica\u2013, se puso en marcha este s\u00e1bado el torneo Apertura de divisiones inferiores que organiza la Liga Regional de F\u00fatbol de Coronel Su\u00e1rez. Cabe se\u00f1alar que con antelaci\u00f3n hab\u00eda sido cancelado el enfrentamiento entre Atl\u00e9tico Huanguel\u00e9n y Empleados de Comercio, debido a [&hellip;]<\/p>\n","protected":false},"author":1,"featured_media":57164,"comment_status":"closed","ping_status":"open","sticky":false,"template":"","format":"standard","meta":{"footnotes":""},"categories":[55,60,62,52,63],"tags":[],"class_list":["post-57163","post","type-post","status-publish","format-standard","has-post-thumbnail","hentry","category-celt-tv-noticias","category-deporte","category-deportes","category-destacadas","category-magazine-sport"],"yoast_head":"<!-- This site is optimized with the Yoast SEO plugin v19.7.1 - https:\/\/yoast.com\/wordpress\/plugins\/seo\/ -->\n<title>Liga Regional de F\u00fatbol: el comienzo para los chicos fue a medias - CELTTV<\/title>\n<meta name=\"description\" content=\"Sitio web de noticias de la localidad de Tornquist, provincia de Buenos Aires, Rep\u00fablica Argentina. Contenido propio originado por periodistas de CELTTV, el canal de TV local de la Cooperativa El\u00e9ctrica de Tornquist. Turismo, Pol\u00edtica, Sociedad, Deporte, Cultura y todo el contenido de inter\u00e9s general que la gente del pueblo y la regi\u00f3n debe conocer.\" \/>\n<meta name=\"robots\" content=\"index, follow, max-snippet:-1, max-image-preview:large, max-video-preview:-1\" \/>\n<link rel=\"canonical\" href=\"https:\/\/www.celttv.com.ar\/index.php\/2021\/04\/17\/liga-regional-de-futbol-el-comienzo-para-los-chicos-fue-a-medias\/\" \/>\n<meta property=\"og:locale\" content=\"es_ES\" \/>\n<meta property=\"og:type\" content=\"article\" \/>\n<meta property=\"og:title\" content=\"Liga Regional de F\u00fatbol: el comienzo para los chicos fue a medias - CELTTV\" \/>\n<meta property=\"og:description\" content=\"Sitio web de noticias de la localidad de Tornquist, provincia de Buenos Aires, Rep\u00fablica Argentina. Contenido propio originado por periodistas de CELTTV, el canal de TV local de la Cooperativa El\u00e9ctrica de Tornquist. Turismo, Pol\u00edtica, Sociedad, Deporte, Cultura y todo el contenido de inter\u00e9s general que la gente del pueblo y la regi\u00f3n debe conocer.\" \/>\n<meta property=\"og:url\" content=\"https:\/\/www.celttv.com.ar\/index.php\/2021\/04\/17\/liga-regional-de-futbol-el-comienzo-para-los-chicos-fue-a-medias\/\" \/>\n<meta property=\"og:site_name\" content=\"CELTTV\" \/>\n<meta property=\"article:publisher\" content=\"https:\/\/www.facebook.com\/celtTV\/\" \/>\n<meta property=\"article:published_time\" content=\"2021-04-17T22:35:05+00:00\" \/>\n<meta property=\"og:image\" content=\"https:\/\/www.celttv.com.ar\/wp-content\/uploads\/2021\/04\/9892db67-bc7c-4602-8db1-3a4efddeb54c.jpg\" \/>\n\t<meta property=\"og:image:width\" content=\"1080\" \/>\n\t<meta property=\"og:image:height\" content=\"721\" \/>\n\t<meta property=\"og:image:type\" content=\"image\/jpeg\" \/>\n<meta name=\"author\" content=\"ulises\" \/>\n<meta name=\"twitter:card\" content=\"summary_large_image\" \/>\n<meta name=\"twitter:label1\" content=\"Escrito por\" \/>\n\t<meta name=\"twitter:data1\" content=\"ulises\" \/>\n\t<meta name=\"twitter:label2\" content=\"Tiempo de lectura\" \/>\n\t<meta name=\"twitter:data2\" content=\"3 minutos\" \/>\n<script type=\"application\/ld+json\" class=\"yoast-schema-graph\">{\"@context\":\"https:\/\/schema.org\",\"@graph\":[{\"@type\":\"NewsArticle\",\"@id\":\"https:\/\/www.celttv.com.ar\/index.php\/2021\/04\/17\/liga-regional-de-futbol-el-comienzo-para-los-chicos-fue-a-medias\/#article\",\"isPartOf\":{\"@id\":\"https:\/\/www.celttv.com.ar\/index.php\/2021\/04\/17\/liga-regional-de-futbol-el-comienzo-para-los-chicos-fue-a-medias\/\"},\"author\":{\"name\":\"ulises\",\"@id\":\"https:\/\/www.celttv.com.ar\/#\/schema\/person\/6d99c072dba59953809c81446e9d0ace\"},\"headline\":\"Liga Regional de F\u00fatbol: el comienzo para los chicos fue a medias\",\"datePublished\":\"2021-04-17T22:35:05+00:00\",\"dateModified\":\"2021-04-17T22:35:05+00:00\",\"mainEntityOfPage\":{\"@id\":\"https:\/\/www.celttv.com.ar\/index.php\/2021\/04\/17\/liga-regional-de-futbol-el-comienzo-para-los-chicos-fue-a-medias\/\"},\"wordCount\":579,\"publisher\":{\"@id\":\"https:\/\/www.celttv.com.ar\/#organization\"},\"articleSection\":[\"Celt TV Noticias\",\"Deporte\",\"Deportes\",\"Destacadas\",\"Magazine Sport\"],\"inLanguage\":\"es\"},{\"@type\":\"WebPage\",\"@id\":\"https:\/\/www.celttv.com.ar\/index.php\/2021\/04\/17\/liga-regional-de-futbol-el-comienzo-para-los-chicos-fue-a-medias\/\",\"url\":\"https:\/\/www.celttv.com.ar\/index.php\/2021\/04\/17\/liga-regional-de-futbol-el-comienzo-para-los-chicos-fue-a-medias\/\",\"name\":\"Liga Regional de F\u00fatbol: el comienzo para los chicos fue a medias - CELTTV\",\"isPartOf\":{\"@id\":\"https:\/\/www.celttv.com.ar\/#website\"},\"datePublished\":\"2021-04-17T22:35:05+00:00\",\"dateModified\":\"2021-04-17T22:35:05+00:00\",\"description\":\"Sitio web de noticias de la localidad de Tornquist, provincia de Buenos Aires, Rep\u00fablica Argentina. Contenido propio originado por periodistas de CELTTV, el canal de TV local de la Cooperativa El\u00e9ctrica de Tornquist. Turismo, Pol\u00edtica, Sociedad, Deporte, Cultura y todo el contenido de inter\u00e9s general que la gente del pueblo y la regi\u00f3n debe conocer.\",\"breadcrumb\":{\"@id\":\"https:\/\/www.celttv.com.ar\/index.php\/2021\/04\/17\/liga-regional-de-futbol-el-comienzo-para-los-chicos-fue-a-medias\/#breadcrumb\"},\"inLanguage\":\"es\",\"potentialAction\":[{\"@type\":\"ReadAction\",\"target\":[\"https:\/\/www.celttv.com.ar\/index.php\/2021\/04\/17\/liga-regional-de-futbol-el-comienzo-para-los-chicos-fue-a-medias\/\"]}]},{\"@type\":\"BreadcrumbList\",\"@id\":\"https:\/\/www.celttv.com.ar\/index.php\/2021\/04\/17\/liga-regional-de-futbol-el-comienzo-para-los-chicos-fue-a-medias\/#breadcrumb\",\"itemListElement\":[{\"@type\":\"ListItem\",\"position\":1,\"name\":\"Inicio\",\"item\":\"https:\/\/www.celttv.com.ar\/\"},{\"@type\":\"ListItem\",\"position\":2,\"name\":\"Liga Regional de F\u00fatbol: el comienzo para los chicos fue a medias\"}]},{\"@type\":\"WebSite\",\"@id\":\"https:\/\/www.celttv.com.ar\/#website\",\"url\":\"https:\/\/www.celttv.com.ar\/\",\"name\":\"CELTTV\",\"description\":\"Cooperativa El\u00e9ctrica de Tornquist\",\"publisher\":{\"@id\":\"https:\/\/www.celttv.com.ar\/#organization\"},\"potentialAction\":[{\"@type\":\"SearchAction\",\"target\":{\"@type\":\"EntryPoint\",\"urlTemplate\":\"https:\/\/www.celttv.com.ar\/?s={search_term_string}\"},\"query-input\":\"required name=search_term_string\"}],\"inLanguage\":\"es\"},{\"@type\":\"Organization\",\"@id\":\"https:\/\/www.celttv.com.ar\/#organization\",\"name\":\"CELTTV\",\"url\":\"https:\/\/www.celttv.com.ar\/\",\"sameAs\":[\"https:\/\/www.youtube.com\/channel\/UCz_oIt8Hig64Ub-EmcNPIhg\",\"https:\/\/www.facebook.com\/celtTV\/\"],\"logo\":{\"@type\":\"ImageObject\",\"inLanguage\":\"es\",\"@id\":\"https:\/\/www.celttv.com.ar\/#\/schema\/logo\/image\/\",\"url\":\"http:\/\/www.celttv.com.ar\/wp-content\/uploads\/2022\/08\/logo-1.png\",\"contentUrl\":\"http:\/\/www.celttv.com.ar\/wp-content\/uploads\/2022\/08\/logo-1.png\",\"width\":461,\"height\":159,\"caption\":\"CELTTV\"},\"image\":{\"@id\":\"https:\/\/www.celttv.com.ar\/#\/schema\/logo\/image\/\"}},{\"@type\":\"Person\",\"@id\":\"https:\/\/www.celttv.com.ar\/#\/schema\/person\/6d99c072dba59953809c81446e9d0ace\",\"name\":\"ulises\",\"image\":{\"@type\":\"ImageObject\",\"inLanguage\":\"es\",\"@id\":\"https:\/\/www.celttv.com.ar\/#\/schema\/person\/image\/\",\"url\":\"https:\/\/secure.gravatar.com\/avatar\/7f2c48bdc33b30088f941fb6082e555f2874c98e20cb159d7b92b50eadfce793?s=96&d=mm&r=g\",\"contentUrl\":\"https:\/\/secure.gravatar.com\/avatar\/7f2c48bdc33b30088f941fb6082e555f2874c98e20cb159d7b92b50eadfce793?s=96&d=mm&r=g\",\"caption\":\"ulises\"},\"sameAs\":[\"http:\/\/www.celttv.com.ar\"]}]}<\/script>\n<!-- \/ Yoast SEO plugin. -->","yoast_head_json":{"title":"Liga Regional de F\u00fatbol: el comienzo para los chicos fue a medias - CELTTV","description":"Sitio web de noticias de la localidad de Tornquist, provincia de Buenos Aires, Rep\u00fablica Argentina. Contenido propio originado por periodistas de CELTTV, el canal de TV local de la Cooperativa El\u00e9ctrica de Tornquist. Turismo, Pol\u00edtica, Sociedad, Deporte, Cultura y todo el contenido de inter\u00e9s general que la gente del pueblo y la regi\u00f3n debe conocer.","robots":{"index":"index","follow":"follow","max-snippet":"max-snippet:-1","max-image-preview":"max-image-preview:large","max-video-preview":"max-video-preview:-1"},"canonical":"https:\/\/www.celttv.com.ar\/index.php\/2021\/04\/17\/liga-regional-de-futbol-el-comienzo-para-los-chicos-fue-a-medias\/","og_locale":"es_ES","og_type":"article","og_title":"Liga Regional de F\u00fatbol: el comienzo para los chicos fue a medias - CELTTV","og_description":"Sitio web de noticias de la localidad de Tornquist, provincia de Buenos Aires, Rep\u00fablica Argentina. Contenido propio originado por periodistas de CELTTV, el canal de TV local de la Cooperativa El\u00e9ctrica de Tornquist. Turismo, Pol\u00edtica, Sociedad, Deporte, Cultura y todo el contenido de inter\u00e9s general que la gente del pueblo y la regi\u00f3n debe conocer.","og_url":"https:\/\/www.celttv.com.ar\/index.php\/2021\/04\/17\/liga-regional-de-futbol-el-comienzo-para-los-chicos-fue-a-medias\/","og_site_name":"CELTTV","article_publisher":"https:\/\/www.facebook.com\/celtTV\/","article_published_time":"2021-04-17T22:35:05+00:00","og_image":[{"width":1080,"height":721,"url":"https:\/\/www.celttv.com.ar\/wp-content\/uploads\/2021\/04\/9892db67-bc7c-4602-8db1-3a4efddeb54c.jpg","type":"image\/jpeg"}],"author":"ulises","twitter_card":"summary_large_image","twitter_misc":{"Escrito por":"ulises","Tiempo de lectura":"3 minutos"},"schema":{"@context":"https:\/\/schema.org","@graph":[{"@type":"NewsArticle","@id":"https:\/\/www.celttv.com.ar\/index.php\/2021\/04\/17\/liga-regional-de-futbol-el-comienzo-para-los-chicos-fue-a-medias\/#article","isPartOf":{"@id":"https:\/\/www.celttv.com.ar\/index.php\/2021\/04\/17\/liga-regional-de-futbol-el-comienzo-para-los-chicos-fue-a-medias\/"},"author":{"name":"ulises","@id":"https:\/\/www.celttv.com.ar\/#\/schema\/person\/6d99c072dba59953809c81446e9d0ace"},"headline":"Liga Regional de F\u00fatbol: el comienzo para los chicos fue a medias","datePublished":"2021-04-17T22:35:05+00:00","dateModified":"2021-04-17T22:35:05+00:00","mainEntityOfPage":{"@id":"https:\/\/www.celttv.com.ar\/index.php\/2021\/04\/17\/liga-regional-de-futbol-el-comienzo-para-los-chicos-fue-a-medias\/"},"wordCount":579,"publisher":{"@id":"https:\/\/www.celttv.com.ar\/#organization"},"articleSection":["Celt TV Noticias","Deporte","Deportes","Destacadas","Magazine Sport"],"inLanguage":"es"},{"@type":"WebPage","@id":"https:\/\/www.celttv.com.ar\/index.php\/2021\/04\/17\/liga-regional-de-futbol-el-comienzo-para-los-chicos-fue-a-medias\/","url":"https:\/\/www.celttv.com.ar\/index.php\/2021\/04\/17\/liga-regional-de-futbol-el-comienzo-para-los-chicos-fue-a-medias\/","name":"Liga Regional de F\u00fatbol: el comienzo para los chicos fue a medias - CELTTV","isPartOf":{"@id":"https:\/\/www.celttv.com.ar\/#website"},"datePublished":"2021-04-17T22:35:05+00:00","dateModified":"2021-04-17T22:35:05+00:00","description":"Sitio web de noticias de la localidad de Tornquist, provincia de Buenos Aires, Rep\u00fablica Argentina. Contenido propio originado por periodistas de CELTTV, el canal de TV local de la Cooperativa El\u00e9ctrica de Tornquist. Turismo, Pol\u00edtica, Sociedad, Deporte, Cultura y todo el contenido de inter\u00e9s general que la gente del pueblo y la regi\u00f3n debe conocer.","breadcrumb":{"@id":"https:\/\/www.celttv.com.ar\/index.php\/2021\/04\/17\/liga-regional-de-futbol-el-comienzo-para-los-chicos-fue-a-medias\/#breadcrumb"},"inLanguage":"es","potentialAction":[{"@type":"ReadAction","target":["https:\/\/www.celttv.com.ar\/index.php\/2021\/04\/17\/liga-regional-de-futbol-el-comienzo-para-los-chicos-fue-a-medias\/"]}]},{"@type":"BreadcrumbList","@id":"https:\/\/www.celttv.com.ar\/index.php\/2021\/04\/17\/liga-regional-de-futbol-el-comienzo-para-los-chicos-fue-a-medias\/#breadcrumb","itemListElement":[{"@type":"ListItem","position":1,"name":"Inicio","item":"https:\/\/www.celttv.com.ar\/"},{"@type":"ListItem","position":2,"name":"Liga Regional de F\u00fatbol: el comienzo para los chicos fue a medias"}]},{"@type":"WebSite","@id":"https:\/\/www.celttv.com.ar\/#website","url":"https:\/\/www.celttv.com.ar\/","name":"CELTTV","description":"Cooperativa El\u00e9ctrica de Tornquist","publisher":{"@id":"https:\/\/www.celttv.com.ar\/#organization"},"potentialAction":[{"@type":"SearchAction","target":{"@type":"EntryPoint","urlTemplate":"https:\/\/www.celttv.com.ar\/?s={search_term_string}"},"query-input":"required name=search_term_string"}],"inLanguage":"es"},{"@type":"Organization","@id":"https:\/\/www.celttv.com.ar\/#organization","name":"CELTTV","url":"https:\/\/www.celttv.com.ar\/","sameAs":["https:\/\/www.youtube.com\/channel\/UCz_oIt8Hig64Ub-EmcNPIhg","https:\/\/www.facebook.com\/celtTV\/"],"logo":{"@type":"ImageObject","inLanguage":"es","@id":"https:\/\/www.celttv.com.ar\/#\/schema\/logo\/image\/","url":"http:\/\/www.celttv.com.ar\/wp-content\/uploads\/2022\/08\/logo-1.png","contentUrl":"http:\/\/www.celttv.com.ar\/wp-content\/uploads\/2022\/08\/logo-1.png","width":461,"height":159,"caption":"CELTTV"},"image":{"@id":"https:\/\/www.celttv.com.ar\/#\/schema\/logo\/image\/"}},{"@type":"Person","@id":"https:\/\/www.celttv.com.ar\/#\/schema\/person\/6d99c072dba59953809c81446e9d0ace","name":"ulises","image":{"@type":"ImageObject","inLanguage":"es","@id":"https:\/\/www.celttv.com.ar\/#\/schema\/person\/image\/","url":"https:\/\/secure.gravatar.com\/avatar\/7f2c48bdc33b30088f941fb6082e555f2874c98e20cb159d7b92b50eadfce793?s=96&d=mm&r=g","contentUrl":"https:\/\/secure.gravatar.com\/avatar\/7f2c48bdc33b30088f941fb6082e555f2874c98e20cb159d7b92b50eadfce793?s=96&d=mm&r=g","caption":"ulises"},"sameAs":["http:\/\/www.celttv.com.ar"]}]}},"_links":{"self":[{"href":"https:\/\/www.celttv.com.ar\/index.php\/wp-json\/wp\/v2\/posts\/57163","targetHints":{"allow":["GET"]}}],"collection":[{"href":"https:\/\/www.celttv.com.ar\/index.php\/wp-json\/wp\/v2\/posts"}],"about":[{"href":"https:\/\/www.celttv.com.ar\/index.php\/wp-json\/wp\/v2\/types\/post"}],"author":[{"embeddable":true,"href":"https:\/\/www.celttv.com.ar\/index.php\/wp-json\/wp\/v2\/users\/1"}],"replies":[{"embeddable":true,"href":"https:\/\/www.celttv.com.ar\/index.php\/wp-json\/wp\/v2\/comments?post=57163"}],"version-history":[{"count":0,"href":"https:\/\/www.celttv.com.ar\/index.php\/wp-json\/wp\/v2\/posts\/57163\/revisions"}],"wp:featuredmedia":[{"embeddable":true,"href":"https:\/\/www.celttv.com.ar\/index.php\/wp-json\/wp\/v2\/media\/57164"}],"wp:attachment":[{"href":"https:\/\/www.celttv.com.ar\/index.php\/wp-json\/wp\/v2\/media?parent=57163"}],"wp:term":[{"taxonomy":"category","embeddable":true,"href":"https:\/\/www.celttv.com.ar\/index.php\/wp-json\/wp\/v2\/categories?post=57163"},{"taxonomy":"post_tag","embeddable":true,"href":"https:\/\/www.celttv.com.ar\/index.php\/wp-json\/wp\/v2\/tags?post=57163"}],"curies":[{"name":"wp","href":"https:\/\/api.w.org\/{rel}","templated":true}]}}