{"id":57167,"date":"2021-04-18T21:04:02","date_gmt":"2021-04-18T21:04:02","guid":{"rendered":"http:\/\/www.celttv.com.ar\/?p=57167"},"modified":"2021-04-18T21:04:02","modified_gmt":"2021-04-18T21:04:02","slug":"liga-regional-de-futbol-el-torneo-apertura-dio-el-puntapie-inicial","status":"publish","type":"post","link":"https:\/\/www.celttv.com.ar\/index.php\/2021\/04\/18\/liga-regional-de-futbol-el-torneo-apertura-dio-el-puntapie-inicial\/","title":{"rendered":"Liga Regional de F\u00fatbol: el Torneo Apertura dio el puntapi\u00e9 inicial"},"content":{"rendered":"\n<p>Luego de una larga espera (530 d\u00edas en Primera divisi\u00f3n y 544 d\u00edas en Reserva), este domingo volvi\u00f3 a rodar la pelota de manera oficial en el \u00e1mbito de la Liga Regional de F\u00fatbol de Coronel Su\u00e1rez.<\/p>\n\n\n\n<p>La que se jug\u00f3 de manera parcial, dado que fue suspendido el enfrentamiento entre Pe\u00f1arol de Pig\u00fc\u00e9 y San Mart\u00edn de Carhu\u00e9 por el mal estado de la cancha, fue la primera fecha del torneo Apertura, que arroj\u00f3 los siguientes resultados:<\/p>\n\n\n\n<p><strong>Primera divisi\u00f3n<\/strong><\/p>\n\n\n\n<p><strong>Zona \u201cA\u201d<\/strong><\/p>\n\n\n\n<p>Independiente &nbsp;1 * Blanco y Negro 3<\/p>\n\n\n\n<p>San Mart\u00edn (ST) 2 * Boca Juniors 1<\/p>\n\n\n\n<p>Deportivo Sarmiento 2 * El Progreso 2<\/p>\n\n\n\n<p><strong>Zona \u201cB\u201d<\/strong><\/p>\n\n\n\n<p>Automoto 1 * Deportivo Argentino 1<\/p>\n\n\n\n<p>Uni\u00f3n Pig\u00fc\u00e9 1 * Puan F. Club 3<\/p>\n\n\n\n<p>Tiro Federal (P) 2 * Uni\u00f3n de Tornquist 3<\/p>\n\n\n\n<p><strong>Zona \u201cC\u201d<\/strong><\/p>\n\n\n\n<p>Atl\u00e9tico Huanguel\u00e9n 2 * Club Sarmiento 2<\/p>\n\n\n\n<p>Pe\u00f1arol de Pig\u00fc\u00e9 * San Mart\u00edn (Carhu\u00e9) suspendido<\/p>\n\n\n\n<p>Racing Club 2 * Empleados de Comercio 1<\/p>\n\n\n\n<p>Divisi\u00f3n Reserva<\/p>\n\n\n\n<p><strong>Zona \u201cA\u201d<\/strong><\/p>\n\n\n\n<p>Independiente 0 * Blanco y Negro 2<\/p>\n\n\n\n<p>San Mart\u00edn (ST) 2 * Boca Juniors 4<\/p>\n\n\n\n<p>Deportivo Sarmiento 2 * El Progreso 0<\/p>\n\n\n\n<p><strong>Zona \u201cB\u201d<\/strong><\/p>\n\n\n\n<p>Automoto 0 * Deportivo Argentino 0<\/p>\n\n\n\n<p>Uni\u00f3n Pig\u00fc\u00e9 3 * Puan F. Club 2<\/p>\n\n\n\n<p>Tiro Federal (P) 2 * Uni\u00f3n de Tornquist 2<\/p>\n\n\n\n<p><strong>Zona \u201cC\u201d<\/strong><\/p>\n\n\n\n<p>Atl\u00e9tico Huanguel\u00e9n 1 * Club Sarmiento 1<\/p>\n\n\n\n<p>Pe\u00f1arol de Pig\u00fc\u00e9 * San Mart\u00edn (Carhu\u00e9) suspendido<\/p>\n\n\n\n<p>Racing Club 1 * Empleados de Comercio 1<\/p>\n\n\n\n<p><strong>Pr\u00f3xima fecha (segunda)<\/strong><\/p>\n\n\n\n<p><strong>Zona \u201cA\u201d<\/strong><\/p>\n\n\n\n<ol class=\"wp-block-list\"><li>Sarmiento * Independiente<\/li><\/ol>\n\n\n\n<p>El Progreso * San Mart\u00edn (ST)<\/p>\n\n\n\n<p>Boca Juniors * Blanco y Negro<\/p>\n\n\n\n<p><strong>Zona \u201cB\u201d<\/strong><\/p>\n\n\n\n<p>Uni\u00f3n (Tornquist) * Uni\u00f3n Pig\u00fc\u00e9<\/p>\n\n\n\n<ol class=\"wp-block-list\"><li>Argentino * Tiro Federal (P)<\/li><\/ol>\n\n\n\n<p>Puan F. Club * Automoto<\/p>\n\n\n\n<p><strong>Zona \u201cC\u201d<\/strong><\/p>\n\n\n\n<ol class=\"wp-block-list\"><li>de Comercio * Pe\u00f1arol (Pig\u00fc\u00e9)<\/li><\/ol>\n\n\n\n<p>Club Sarmiento * Racing Club<\/p>\n\n\n\n<p>San Mart\u00edn (C) * A. Huanguel\u00e9n<\/p>\n\n\n\n<p><strong>FUENTE: Nuevo D\u00eda Digital<\/strong><\/p>\n","protected":false},"excerpt":{"rendered":"<p>Luego de una larga espera (530 d\u00edas en Primera divisi\u00f3n y 544 d\u00edas en Reserva), este domingo volvi\u00f3 a rodar la pelota de manera oficial en el \u00e1mbito de la Liga Regional de F\u00fatbol de Coronel Su\u00e1rez. La que se jug\u00f3 de manera parcial, dado que fue suspendido el enfrentamiento entre Pe\u00f1arol de Pig\u00fc\u00e9 y [&hellip;]<\/p>\n","protected":false},"author":1,"featured_media":57168,"comment_status":"closed","ping_status":"open","sticky":false,"template":"","format":"standard","meta":{"footnotes":""},"categories":[55,60,62,52,63],"tags":[],"class_list":["post-57167","post","type-post","status-publish","format-standard","has-post-thumbnail","hentry","category-celt-tv-noticias","category-deporte","category-deportes","category-destacadas","category-magazine-sport"],"yoast_head":"<!-- This site is optimized with the Yoast SEO plugin v19.7.1 - https:\/\/yoast.com\/wordpress\/plugins\/seo\/ -->\n<title>Liga Regional de F\u00fatbol: el Torneo Apertura dio el puntapi\u00e9 inicial - CELTTV<\/title>\n<meta name=\"description\" content=\"Sitio web de noticias de la localidad de Tornquist, provincia de Buenos Aires, Rep\u00fablica Argentina. Contenido propio originado por periodistas de CELTTV, el canal de TV local de la Cooperativa El\u00e9ctrica de Tornquist. Turismo, Pol\u00edtica, Sociedad, Deporte, Cultura y todo el contenido de inter\u00e9s general que la gente del pueblo y la regi\u00f3n debe conocer.\" \/>\n<meta name=\"robots\" content=\"index, follow, max-snippet:-1, max-image-preview:large, max-video-preview:-1\" \/>\n<link rel=\"canonical\" href=\"https:\/\/www.celttv.com.ar\/index.php\/2021\/04\/18\/liga-regional-de-futbol-el-torneo-apertura-dio-el-puntapie-inicial\/\" \/>\n<meta property=\"og:locale\" content=\"es_ES\" \/>\n<meta property=\"og:type\" content=\"article\" \/>\n<meta property=\"og:title\" content=\"Liga Regional de F\u00fatbol: el Torneo Apertura dio el puntapi\u00e9 inicial - CELTTV\" \/>\n<meta property=\"og:description\" content=\"Sitio web de noticias de la localidad de Tornquist, provincia de Buenos Aires, Rep\u00fablica Argentina. Contenido propio originado por periodistas de CELTTV, el canal de TV local de la Cooperativa El\u00e9ctrica de Tornquist. Turismo, Pol\u00edtica, Sociedad, Deporte, Cultura y todo el contenido de inter\u00e9s general que la gente del pueblo y la regi\u00f3n debe conocer.\" \/>\n<meta property=\"og:url\" content=\"https:\/\/www.celttv.com.ar\/index.php\/2021\/04\/18\/liga-regional-de-futbol-el-torneo-apertura-dio-el-puntapie-inicial\/\" \/>\n<meta property=\"og:site_name\" content=\"CELTTV\" \/>\n<meta property=\"article:publisher\" content=\"https:\/\/www.facebook.com\/celtTV\/\" \/>\n<meta property=\"article:published_time\" content=\"2021-04-18T21:04:02+00:00\" \/>\n<meta property=\"og:image\" content=\"https:\/\/www.celttv.com.ar\/wp-content\/uploads\/2021\/04\/futbol-byn-696x522-1.jpg\" \/>\n\t<meta property=\"og:image:width\" content=\"696\" \/>\n\t<meta property=\"og:image:height\" content=\"522\" \/>\n\t<meta property=\"og:image:type\" content=\"image\/jpeg\" \/>\n<meta name=\"author\" content=\"ulises\" \/>\n<meta name=\"twitter:card\" content=\"summary_large_image\" \/>\n<meta name=\"twitter:label1\" content=\"Escrito por\" \/>\n\t<meta name=\"twitter:data1\" content=\"ulises\" \/>\n\t<meta name=\"twitter:label2\" content=\"Tiempo de lectura\" \/>\n\t<meta name=\"twitter:data2\" content=\"1 minuto\" \/>\n<script type=\"application\/ld+json\" class=\"yoast-schema-graph\">{\"@context\":\"https:\/\/schema.org\",\"@graph\":[{\"@type\":\"NewsArticle\",\"@id\":\"https:\/\/www.celttv.com.ar\/index.php\/2021\/04\/18\/liga-regional-de-futbol-el-torneo-apertura-dio-el-puntapie-inicial\/#article\",\"isPartOf\":{\"@id\":\"https:\/\/www.celttv.com.ar\/index.php\/2021\/04\/18\/liga-regional-de-futbol-el-torneo-apertura-dio-el-puntapie-inicial\/\"},\"author\":{\"name\":\"ulises\",\"@id\":\"https:\/\/www.celttv.com.ar\/#\/schema\/person\/6d99c072dba59953809c81446e9d0ace\"},\"headline\":\"Liga Regional de F\u00fatbol: el Torneo Apertura dio el puntapi\u00e9 inicial\",\"datePublished\":\"2021-04-18T21:04:02+00:00\",\"dateModified\":\"2021-04-18T21:04:02+00:00\",\"mainEntityOfPage\":{\"@id\":\"https:\/\/www.celttv.com.ar\/index.php\/2021\/04\/18\/liga-regional-de-futbol-el-torneo-apertura-dio-el-puntapie-inicial\/\"},\"wordCount\":272,\"publisher\":{\"@id\":\"https:\/\/www.celttv.com.ar\/#organization\"},\"articleSection\":[\"Celt TV Noticias\",\"Deporte\",\"Deportes\",\"Destacadas\",\"Magazine Sport\"],\"inLanguage\":\"es\"},{\"@type\":\"WebPage\",\"@id\":\"https:\/\/www.celttv.com.ar\/index.php\/2021\/04\/18\/liga-regional-de-futbol-el-torneo-apertura-dio-el-puntapie-inicial\/\",\"url\":\"https:\/\/www.celttv.com.ar\/index.php\/2021\/04\/18\/liga-regional-de-futbol-el-torneo-apertura-dio-el-puntapie-inicial\/\",\"name\":\"Liga Regional de F\u00fatbol: el Torneo Apertura dio el puntapi\u00e9 inicial - CELTTV\",\"isPartOf\":{\"@id\":\"https:\/\/www.celttv.com.ar\/#website\"},\"datePublished\":\"2021-04-18T21:04:02+00:00\",\"dateModified\":\"2021-04-18T21:04:02+00:00\",\"description\":\"Sitio web de noticias de la localidad de Tornquist, provincia de Buenos Aires, Rep\u00fablica Argentina. Contenido propio originado por periodistas de CELTTV, el canal de TV local de la Cooperativa El\u00e9ctrica de Tornquist. Turismo, Pol\u00edtica, Sociedad, Deporte, Cultura y todo el contenido de inter\u00e9s general que la gente del pueblo y la regi\u00f3n debe conocer.\",\"breadcrumb\":{\"@id\":\"https:\/\/www.celttv.com.ar\/index.php\/2021\/04\/18\/liga-regional-de-futbol-el-torneo-apertura-dio-el-puntapie-inicial\/#breadcrumb\"},\"inLanguage\":\"es\",\"potentialAction\":[{\"@type\":\"ReadAction\",\"target\":[\"https:\/\/www.celttv.com.ar\/index.php\/2021\/04\/18\/liga-regional-de-futbol-el-torneo-apertura-dio-el-puntapie-inicial\/\"]}]},{\"@type\":\"BreadcrumbList\",\"@id\":\"https:\/\/www.celttv.com.ar\/index.php\/2021\/04\/18\/liga-regional-de-futbol-el-torneo-apertura-dio-el-puntapie-inicial\/#breadcrumb\",\"itemListElement\":[{\"@type\":\"ListItem\",\"position\":1,\"name\":\"Inicio\",\"item\":\"https:\/\/www.celttv.com.ar\/\"},{\"@type\":\"ListItem\",\"position\":2,\"name\":\"Liga Regional de F\u00fatbol: el Torneo Apertura dio el puntapi\u00e9 inicial\"}]},{\"@type\":\"WebSite\",\"@id\":\"https:\/\/www.celttv.com.ar\/#website\",\"url\":\"https:\/\/www.celttv.com.ar\/\",\"name\":\"CELTTV\",\"description\":\"Cooperativa El\u00e9ctrica de Tornquist\",\"publisher\":{\"@id\":\"https:\/\/www.celttv.com.ar\/#organization\"},\"potentialAction\":[{\"@type\":\"SearchAction\",\"target\":{\"@type\":\"EntryPoint\",\"urlTemplate\":\"https:\/\/www.celttv.com.ar\/?s={search_term_string}\"},\"query-input\":\"required name=search_term_string\"}],\"inLanguage\":\"es\"},{\"@type\":\"Organization\",\"@id\":\"https:\/\/www.celttv.com.ar\/#organization\",\"name\":\"CELTTV\",\"url\":\"https:\/\/www.celttv.com.ar\/\",\"sameAs\":[\"https:\/\/www.youtube.com\/channel\/UCz_oIt8Hig64Ub-EmcNPIhg\",\"https:\/\/www.facebook.com\/celtTV\/\"],\"logo\":{\"@type\":\"ImageObject\",\"inLanguage\":\"es\",\"@id\":\"https:\/\/www.celttv.com.ar\/#\/schema\/logo\/image\/\",\"url\":\"http:\/\/www.celttv.com.ar\/wp-content\/uploads\/2022\/08\/logo-1.png\",\"contentUrl\":\"http:\/\/www.celttv.com.ar\/wp-content\/uploads\/2022\/08\/logo-1.png\",\"width\":461,\"height\":159,\"caption\":\"CELTTV\"},\"image\":{\"@id\":\"https:\/\/www.celttv.com.ar\/#\/schema\/logo\/image\/\"}},{\"@type\":\"Person\",\"@id\":\"https:\/\/www.celttv.com.ar\/#\/schema\/person\/6d99c072dba59953809c81446e9d0ace\",\"name\":\"ulises\",\"image\":{\"@type\":\"ImageObject\",\"inLanguage\":\"es\",\"@id\":\"https:\/\/www.celttv.com.ar\/#\/schema\/person\/image\/\",\"url\":\"https:\/\/secure.gravatar.com\/avatar\/7f2c48bdc33b30088f941fb6082e555f2874c98e20cb159d7b92b50eadfce793?s=96&d=mm&r=g\",\"contentUrl\":\"https:\/\/secure.gravatar.com\/avatar\/7f2c48bdc33b30088f941fb6082e555f2874c98e20cb159d7b92b50eadfce793?s=96&d=mm&r=g\",\"caption\":\"ulises\"},\"sameAs\":[\"http:\/\/www.celttv.com.ar\"]}]}<\/script>\n<!-- \/ Yoast SEO plugin. -->","yoast_head_json":{"title":"Liga Regional de F\u00fatbol: el Torneo Apertura dio el puntapi\u00e9 inicial - CELTTV","description":"Sitio web de noticias de la localidad de Tornquist, provincia de Buenos Aires, Rep\u00fablica Argentina. Contenido propio originado por periodistas de CELTTV, el canal de TV local de la Cooperativa El\u00e9ctrica de Tornquist. Turismo, Pol\u00edtica, Sociedad, Deporte, Cultura y todo el contenido de inter\u00e9s general que la gente del pueblo y la regi\u00f3n debe conocer.","robots":{"index":"index","follow":"follow","max-snippet":"max-snippet:-1","max-image-preview":"max-image-preview:large","max-video-preview":"max-video-preview:-1"},"canonical":"https:\/\/www.celttv.com.ar\/index.php\/2021\/04\/18\/liga-regional-de-futbol-el-torneo-apertura-dio-el-puntapie-inicial\/","og_locale":"es_ES","og_type":"article","og_title":"Liga Regional de F\u00fatbol: el Torneo Apertura dio el puntapi\u00e9 inicial - CELTTV","og_description":"Sitio web de noticias de la localidad de Tornquist, provincia de Buenos Aires, Rep\u00fablica Argentina. Contenido propio originado por periodistas de CELTTV, el canal de TV local de la Cooperativa El\u00e9ctrica de Tornquist. Turismo, Pol\u00edtica, Sociedad, Deporte, Cultura y todo el contenido de inter\u00e9s general que la gente del pueblo y la regi\u00f3n debe conocer.","og_url":"https:\/\/www.celttv.com.ar\/index.php\/2021\/04\/18\/liga-regional-de-futbol-el-torneo-apertura-dio-el-puntapie-inicial\/","og_site_name":"CELTTV","article_publisher":"https:\/\/www.facebook.com\/celtTV\/","article_published_time":"2021-04-18T21:04:02+00:00","og_image":[{"width":696,"height":522,"url":"https:\/\/www.celttv.com.ar\/wp-content\/uploads\/2021\/04\/futbol-byn-696x522-1.jpg","type":"image\/jpeg"}],"author":"ulises","twitter_card":"summary_large_image","twitter_misc":{"Escrito por":"ulises","Tiempo de lectura":"1 minuto"},"schema":{"@context":"https:\/\/schema.org","@graph":[{"@type":"NewsArticle","@id":"https:\/\/www.celttv.com.ar\/index.php\/2021\/04\/18\/liga-regional-de-futbol-el-torneo-apertura-dio-el-puntapie-inicial\/#article","isPartOf":{"@id":"https:\/\/www.celttv.com.ar\/index.php\/2021\/04\/18\/liga-regional-de-futbol-el-torneo-apertura-dio-el-puntapie-inicial\/"},"author":{"name":"ulises","@id":"https:\/\/www.celttv.com.ar\/#\/schema\/person\/6d99c072dba59953809c81446e9d0ace"},"headline":"Liga Regional de F\u00fatbol: el Torneo Apertura dio el puntapi\u00e9 inicial","datePublished":"2021-04-18T21:04:02+00:00","dateModified":"2021-04-18T21:04:02+00:00","mainEntityOfPage":{"@id":"https:\/\/www.celttv.com.ar\/index.php\/2021\/04\/18\/liga-regional-de-futbol-el-torneo-apertura-dio-el-puntapie-inicial\/"},"wordCount":272,"publisher":{"@id":"https:\/\/www.celttv.com.ar\/#organization"},"articleSection":["Celt TV Noticias","Deporte","Deportes","Destacadas","Magazine Sport"],"inLanguage":"es"},{"@type":"WebPage","@id":"https:\/\/www.celttv.com.ar\/index.php\/2021\/04\/18\/liga-regional-de-futbol-el-torneo-apertura-dio-el-puntapie-inicial\/","url":"https:\/\/www.celttv.com.ar\/index.php\/2021\/04\/18\/liga-regional-de-futbol-el-torneo-apertura-dio-el-puntapie-inicial\/","name":"Liga Regional de F\u00fatbol: el Torneo Apertura dio el puntapi\u00e9 inicial - CELTTV","isPartOf":{"@id":"https:\/\/www.celttv.com.ar\/#website"},"datePublished":"2021-04-18T21:04:02+00:00","dateModified":"2021-04-18T21:04:02+00:00","description":"Sitio web de noticias de la localidad de Tornquist, provincia de Buenos Aires, Rep\u00fablica Argentina. Contenido propio originado por periodistas de CELTTV, el canal de TV local de la Cooperativa El\u00e9ctrica de Tornquist. Turismo, Pol\u00edtica, Sociedad, Deporte, Cultura y todo el contenido de inter\u00e9s general que la gente del pueblo y la regi\u00f3n debe conocer.","breadcrumb":{"@id":"https:\/\/www.celttv.com.ar\/index.php\/2021\/04\/18\/liga-regional-de-futbol-el-torneo-apertura-dio-el-puntapie-inicial\/#breadcrumb"},"inLanguage":"es","potentialAction":[{"@type":"ReadAction","target":["https:\/\/www.celttv.com.ar\/index.php\/2021\/04\/18\/liga-regional-de-futbol-el-torneo-apertura-dio-el-puntapie-inicial\/"]}]},{"@type":"BreadcrumbList","@id":"https:\/\/www.celttv.com.ar\/index.php\/2021\/04\/18\/liga-regional-de-futbol-el-torneo-apertura-dio-el-puntapie-inicial\/#breadcrumb","itemListElement":[{"@type":"ListItem","position":1,"name":"Inicio","item":"https:\/\/www.celttv.com.ar\/"},{"@type":"ListItem","position":2,"name":"Liga Regional de F\u00fatbol: el Torneo Apertura dio el puntapi\u00e9 inicial"}]},{"@type":"WebSite","@id":"https:\/\/www.celttv.com.ar\/#website","url":"https:\/\/www.celttv.com.ar\/","name":"CELTTV","description":"Cooperativa El\u00e9ctrica de Tornquist","publisher":{"@id":"https:\/\/www.celttv.com.ar\/#organization"},"potentialAction":[{"@type":"SearchAction","target":{"@type":"EntryPoint","urlTemplate":"https:\/\/www.celttv.com.ar\/?s={search_term_string}"},"query-input":"required name=search_term_string"}],"inLanguage":"es"},{"@type":"Organization","@id":"https:\/\/www.celttv.com.ar\/#organization","name":"CELTTV","url":"https:\/\/www.celttv.com.ar\/","sameAs":["https:\/\/www.youtube.com\/channel\/UCz_oIt8Hig64Ub-EmcNPIhg","https:\/\/www.facebook.com\/celtTV\/"],"logo":{"@type":"ImageObject","inLanguage":"es","@id":"https:\/\/www.celttv.com.ar\/#\/schema\/logo\/image\/","url":"http:\/\/www.celttv.com.ar\/wp-content\/uploads\/2022\/08\/logo-1.png","contentUrl":"http:\/\/www.celttv.com.ar\/wp-content\/uploads\/2022\/08\/logo-1.png","width":461,"height":159,"caption":"CELTTV"},"image":{"@id":"https:\/\/www.celttv.com.ar\/#\/schema\/logo\/image\/"}},{"@type":"Person","@id":"https:\/\/www.celttv.com.ar\/#\/schema\/person\/6d99c072dba59953809c81446e9d0ace","name":"ulises","image":{"@type":"ImageObject","inLanguage":"es","@id":"https:\/\/www.celttv.com.ar\/#\/schema\/person\/image\/","url":"https:\/\/secure.gravatar.com\/avatar\/7f2c48bdc33b30088f941fb6082e555f2874c98e20cb159d7b92b50eadfce793?s=96&d=mm&r=g","contentUrl":"https:\/\/secure.gravatar.com\/avatar\/7f2c48bdc33b30088f941fb6082e555f2874c98e20cb159d7b92b50eadfce793?s=96&d=mm&r=g","caption":"ulises"},"sameAs":["http:\/\/www.celttv.com.ar"]}]}},"_links":{"self":[{"href":"https:\/\/www.celttv.com.ar\/index.php\/wp-json\/wp\/v2\/posts\/57167","targetHints":{"allow":["GET"]}}],"collection":[{"href":"https:\/\/www.celttv.com.ar\/index.php\/wp-json\/wp\/v2\/posts"}],"about":[{"href":"https:\/\/www.celttv.com.ar\/index.php\/wp-json\/wp\/v2\/types\/post"}],"author":[{"embeddable":true,"href":"https:\/\/www.celttv.com.ar\/index.php\/wp-json\/wp\/v2\/users\/1"}],"replies":[{"embeddable":true,"href":"https:\/\/www.celttv.com.ar\/index.php\/wp-json\/wp\/v2\/comments?post=57167"}],"version-history":[{"count":0,"href":"https:\/\/www.celttv.com.ar\/index.php\/wp-json\/wp\/v2\/posts\/57167\/revisions"}],"wp:featuredmedia":[{"embeddable":true,"href":"https:\/\/www.celttv.com.ar\/index.php\/wp-json\/wp\/v2\/media\/57168"}],"wp:attachment":[{"href":"https:\/\/www.celttv.com.ar\/index.php\/wp-json\/wp\/v2\/media?parent=57167"}],"wp:term":[{"taxonomy":"category","embeddable":true,"href":"https:\/\/www.celttv.com.ar\/index.php\/wp-json\/wp\/v2\/categories?post=57167"},{"taxonomy":"post_tag","embeddable":true,"href":"https:\/\/www.celttv.com.ar\/index.php\/wp-json\/wp\/v2\/tags?post=57167"}],"curies":[{"name":"wp","href":"https:\/\/api.w.org\/{rel}","templated":true}]}}