{"id":5737,"date":"2012-04-03T22:23:20","date_gmt":"2012-04-03T22:23:20","guid":{"rendered":"http:\/\/www.tvcnoticias.com.ar\/?p=5737"},"modified":"2012-04-03T22:23:20","modified_gmt":"2012-04-03T22:23:20","slug":"fiesta-provincial-de-la-vendimia-balance-y-agradecimientos-de-una-fiesta-inolvidable-119-fotos-gentileza-de-julio-gaggini","status":"publish","type":"post","link":"https:\/\/www.celttv.com.ar\/index.php\/2012\/04\/03\/fiesta-provincial-de-la-vendimia-balance-y-agradecimientos-de-una-fiesta-inolvidable-119-fotos-gentileza-de-julio-gaggini\/","title":{"rendered":"FIESTA PROVINCIAL DE LA VENDIMIA: BALANCE Y AGRADECIMIENTOS DE UNA FIESTA INOLVIDABLE (119 Fotos gentileza de Julio Gaggini))"},"content":{"rendered":"<p>La calidad de los espect\u00e1culos, la multitudinaria concurrencia de p\u00fablico, la buena disposici\u00f3n de los expositores y el esfuerzo de la organizaci\u00f3n se conjugaron para cerrar una m\u00e1s que exitosa primera edici\u00f3n de la Fiesta Provincial de la Vendimia, que se instal\u00f3 con mucha fuerza dentro del calendario de celebraciones de la Comarca Tur\u00edstica Sierras de la Ventana, distrito de Tornquist.<br \/>\n\u00a0 La iniciativa organizada por la Municipalidad de Tornquist, a trav\u00e9s de la Secretar\u00eda de Turismo, Cultura y Deportes, entreg\u00f3 dos jornadas intensas, acompa\u00f1adas de un clima inmejorable para deleite de los presentes.<br \/>\n\u00a0\u00a0 Las estimaciones realizadas por los controles ubicados en el acceso al predio de las ruinas del Club Hotel de la Ventana, donde se desarrollaron los festejos, indican que m\u00e1s de 20 mil personas pasaron por el lugar durante los dos d\u00edas.<br \/>\n\u00a0\u00a0 \u201cQuiero agradecerle a todos los que confiaron en nosotros en este sue\u00f1o que ten\u00edamos de llevar adelante esta fiesta, un anhelo que apuntaba a mostrar lo que se est\u00e1 produciendo en nuestra regi\u00f3n y que puede ser un nuevo perfil para la provincia. Por eso vamos a estar eternamente agradecidos a los funcionarios del gobierno nacional y provincial, que nos dieron su total apoyo, a las instituciones, a las bodegas, a los productores artesanales de vinos y a los distintos expositores. Tambi\u00e9n a los legisladores que plasmaron esta iniciativa en un proyecto de declaraci\u00f3n y a toda la gente que se acerc\u00f3 al predio para disfrutar en familia\u201d, manifest\u00f3 el intendente municipal, licenciado Gustavo Trankels.<br \/>\n\u00a0\u00a0 \u201cLa fiesta super\u00f3 las expectativas que ten\u00edamos en cuanto a la afluencia de p\u00fablico y compartimos la alegr\u00eda de cada una de las personas que disfrutaron del evento\u201d, a\u00f1adi\u00f3.<br \/>\n\u00a0\u00a0 La mayor convocatoria se registr\u00f3 el domingo, cuando el predio se vio colmado de espectadores y hasta por momentos se debi\u00f3 restringir el acceso de veh\u00edculos porque el estacionamiento se encontraba completo. No era para menos. La expectativa generada por los artistas y las opciones de los distintos stands lo ameritaba.<br \/>\n\u00a0\u00a0 Despu\u00e9s de la apertura oficial realizada el s\u00e1bado, con la presencia del intendente municipal, licenciado Gustavo Trankels; el Ministro de Asuntos Agrarios, Gustavo Arrieta; y el Secretario de Turismo, Ignacio Crotto, entre otros funcionarios bonaerenses, los espect\u00e1culos irrumpieron sobre el escenario.<br \/>\n\u00a0\u00a0 Ese d\u00eda actuaron Pe\u00f1i Hue, Fernando \u201cBomba\u201d D\u00edaz, Enzo Pacho, la Escuela Folkl\u00f3rica Municipal, Churio, Los Jilgueros y Ambo\u00e9, que apost\u00f3 por su cl\u00e1sico repertorio y recibi\u00f3 la exclamaci\u00f3n de los presentes.<br \/>\n\u00a0\u00a0 El segundo d\u00eda comenz\u00f3 con Los Creadores, para seguir con el tango de Jonathan Rond\u00e1n, Branka Rock y el m\u00e1s que importante aporte realizado por Martiniano Molina, Hilda Lizarazu, el Mago Radagast y el Grupo Quattro, cuatro shows de lujo para el arranque de la celebraci\u00f3n vendimial.<br \/>\n\u00a0\u00a0 La fuerte apuesta de la Municipalidad de Tornquist cosech\u00f3 los frutos sembrados. El \u00e9xito de la primera edici\u00f3n significa redoblar el esfuerzo para el pr\u00f3ximo a\u00f1o.<br \/>\n\u00a0\u00a0 Ya desarrollada la fiesta, la Municipalidad quiere agradecer a la presidenta Cristina Fern\u00e1ndez de Kirchner, al gobernador Daniel Scioli, al Ministro de Agricultura, Ganader\u00eda y Pesca de la Naci\u00f3n, Norberto Yauhar; a la Ministra de Desarrollo Social de la Naci\u00f3n, Alicia Kirchner; la Secretar\u00eda de Cultura de la Naci\u00f3n; la Agencia Nacional de Seguridad Vial; Instituto de Vitivinicultura de la Naci\u00f3n; Correo Argentino; Ministerio de Econom\u00eda de la Provincia de Buenos Aires; Ministro de Asuntos Agrarios Bonaerense, Gustavo Arrieta; y Secretario de Turismo provincial, Ignacio Crotto.<br \/>\n\u00a0\u00a0 Tambi\u00e9n a la Ministra de Gobierno, Cristina Alvarez Rodr\u00edguez; el Ministro de Infraestructura, Alejandro Arl\u00eda; el Secretario de Espacios P\u00fablicos, Eduardo Aparicio; al Secretario de Deportes bonaerense, Alejandro Rodr\u00edguez; la Subsecretar\u00eda de Asuntos Municipales; el Ministerio de Desarrollo Social bonaerense; el Oceba; el SPAR y su titular, Juan Mar\u00eda Vi\u00f1ales; ARBA y su director, Mart\u00edn Di Bella; los legisladores Anal\u00eda Richmond y Daniel Rodr\u00edguez (mandato cumplido); OPDS; Loter\u00eda y Casinos de la Provincia; el Consejo Provincial de Emergencias; la Asociaci\u00f3n para el Desarrollo Tur\u00edstico de la Comarca de Sierra de la Ventana; los prestadores tur\u00edsticos que colaboraron; expositores; bodegas; productores de vinos; instituciones; personal municipal; personal de la Polic\u00eda Comunal; Cooperativa El\u00e9ctrica de Tornquist; y medios de prensa locales y regionales que apoyaron la celebraci\u00f3n.<br \/>\nPrensa Municipalidad de Tornquist (<a href=\"mailto:prensa@tornquist.gov.ar\">prensa@tornquist.gov.ar<\/a>)<br \/>\nTwitter: @prensatornquist<br \/>\n<a href=\"http:\/\/www.tornquist.gov.ar\">www.tornquist.gov.ar<\/a><br \/>\n<\/p>\n","protected":false},"excerpt":{"rendered":"<p>La calidad de los espect\u00e1culos, la multitudinaria concurrencia de p\u00fablico, la buena disposici\u00f3n de los expositores y el esfuerzo de la organizaci\u00f3n se conjugaron para cerrar una m\u00e1s que exitosa primera edici\u00f3n de la Fiesta Provincial de la Vendimia, que se instal\u00f3 con mucha fuerza dentro del calendario de celebraciones de la Comarca Tur\u00edstica Sierras [&hellip;]<\/p>\n","protected":false},"author":1,"featured_media":0,"comment_status":"closed","ping_status":"open","sticky":false,"template":"","format":"standard","meta":{"footnotes":""},"categories":[51,52,53],"tags":[],"class_list":["post-5737","post","type-post","status-publish","format-standard","hentry","category-comunidad","category-destacadas","category-politica"],"yoast_head":"<!-- This site is optimized with the Yoast SEO plugin v19.7.1 - https:\/\/yoast.com\/wordpress\/plugins\/seo\/ -->\n<title>FIESTA PROVINCIAL DE LA VENDIMIA: BALANCE Y AGRADECIMIENTOS DE UNA FIESTA INOLVIDABLE (119 Fotos gentileza de Julio Gaggini)) - CELTTV<\/title>\n<meta name=\"description\" content=\"Sitio web de noticias de la localidad de Tornquist, provincia de Buenos Aires, Rep\u00fablica Argentina. Contenido propio originado por periodistas de CELTTV, el canal de TV local de la Cooperativa El\u00e9ctrica de Tornquist. Turismo, Pol\u00edtica, Sociedad, Deporte, Cultura y todo el contenido de inter\u00e9s general que la gente del pueblo y la regi\u00f3n debe conocer.\" \/>\n<meta name=\"robots\" content=\"index, follow, max-snippet:-1, max-image-preview:large, max-video-preview:-1\" \/>\n<link rel=\"canonical\" href=\"https:\/\/www.celttv.com.ar\/index.php\/2012\/04\/03\/fiesta-provincial-de-la-vendimia-balance-y-agradecimientos-de-una-fiesta-inolvidable-119-fotos-gentileza-de-julio-gaggini\/\" \/>\n<meta property=\"og:locale\" content=\"es_ES\" \/>\n<meta property=\"og:type\" content=\"article\" \/>\n<meta property=\"og:title\" content=\"FIESTA PROVINCIAL DE LA VENDIMIA: BALANCE Y AGRADECIMIENTOS DE UNA FIESTA INOLVIDABLE (119 Fotos gentileza de Julio Gaggini)) - CELTTV\" \/>\n<meta property=\"og:description\" content=\"Sitio web de noticias de la localidad de Tornquist, provincia de Buenos Aires, Rep\u00fablica Argentina. Contenido propio originado por periodistas de CELTTV, el canal de TV local de la Cooperativa El\u00e9ctrica de Tornquist. Turismo, Pol\u00edtica, Sociedad, Deporte, Cultura y todo el contenido de inter\u00e9s general que la gente del pueblo y la regi\u00f3n debe conocer.\" \/>\n<meta property=\"og:url\" content=\"https:\/\/www.celttv.com.ar\/index.php\/2012\/04\/03\/fiesta-provincial-de-la-vendimia-balance-y-agradecimientos-de-una-fiesta-inolvidable-119-fotos-gentileza-de-julio-gaggini\/\" \/>\n<meta property=\"og:site_name\" content=\"CELTTV\" \/>\n<meta property=\"article:publisher\" content=\"https:\/\/www.facebook.com\/celtTV\/\" \/>\n<meta property=\"article:published_time\" content=\"2012-04-03T22:23:20+00:00\" \/>\n<meta name=\"author\" content=\"ulises\" \/>\n<meta name=\"twitter:card\" content=\"summary_large_image\" \/>\n<meta name=\"twitter:label1\" content=\"Escrito por\" \/>\n\t<meta name=\"twitter:data1\" content=\"ulises\" \/>\n\t<meta name=\"twitter:label2\" content=\"Tiempo de lectura\" \/>\n\t<meta name=\"twitter:data2\" content=\"4 minutos\" \/>\n<script type=\"application\/ld+json\" class=\"yoast-schema-graph\">{\"@context\":\"https:\/\/schema.org\",\"@graph\":[{\"@type\":\"NewsArticle\",\"@id\":\"https:\/\/www.celttv.com.ar\/index.php\/2012\/04\/03\/fiesta-provincial-de-la-vendimia-balance-y-agradecimientos-de-una-fiesta-inolvidable-119-fotos-gentileza-de-julio-gaggini\/#article\",\"isPartOf\":{\"@id\":\"https:\/\/www.celttv.com.ar\/index.php\/2012\/04\/03\/fiesta-provincial-de-la-vendimia-balance-y-agradecimientos-de-una-fiesta-inolvidable-119-fotos-gentileza-de-julio-gaggini\/\"},\"author\":{\"name\":\"ulises\",\"@id\":\"https:\/\/www.celttv.com.ar\/#\/schema\/person\/6d99c072dba59953809c81446e9d0ace\"},\"headline\":\"FIESTA PROVINCIAL DE LA VENDIMIA: BALANCE Y AGRADECIMIENTOS DE UNA FIESTA INOLVIDABLE (119 Fotos gentileza de Julio Gaggini))\",\"datePublished\":\"2012-04-03T22:23:20+00:00\",\"dateModified\":\"2012-04-03T22:23:20+00:00\",\"mainEntityOfPage\":{\"@id\":\"https:\/\/www.celttv.com.ar\/index.php\/2012\/04\/03\/fiesta-provincial-de-la-vendimia-balance-y-agradecimientos-de-una-fiesta-inolvidable-119-fotos-gentileza-de-julio-gaggini\/\"},\"wordCount\":784,\"publisher\":{\"@id\":\"https:\/\/www.celttv.com.ar\/#organization\"},\"articleSection\":[\"Comunidad\",\"Destacadas\",\"Pol\u00edtica\"],\"inLanguage\":\"es\"},{\"@type\":\"WebPage\",\"@id\":\"https:\/\/www.celttv.com.ar\/index.php\/2012\/04\/03\/fiesta-provincial-de-la-vendimia-balance-y-agradecimientos-de-una-fiesta-inolvidable-119-fotos-gentileza-de-julio-gaggini\/\",\"url\":\"https:\/\/www.celttv.com.ar\/index.php\/2012\/04\/03\/fiesta-provincial-de-la-vendimia-balance-y-agradecimientos-de-una-fiesta-inolvidable-119-fotos-gentileza-de-julio-gaggini\/\",\"name\":\"FIESTA PROVINCIAL DE LA VENDIMIA: BALANCE Y AGRADECIMIENTOS DE UNA FIESTA INOLVIDABLE (119 Fotos gentileza de Julio Gaggini)) - CELTTV\",\"isPartOf\":{\"@id\":\"https:\/\/www.celttv.com.ar\/#website\"},\"datePublished\":\"2012-04-03T22:23:20+00:00\",\"dateModified\":\"2012-04-03T22:23:20+00:00\",\"description\":\"Sitio web de noticias de la localidad de Tornquist, provincia de Buenos Aires, Rep\u00fablica Argentina. Contenido propio originado por periodistas de CELTTV, el canal de TV local de la Cooperativa El\u00e9ctrica de Tornquist. Turismo, Pol\u00edtica, Sociedad, Deporte, Cultura y todo el contenido de inter\u00e9s general que la gente del pueblo y la regi\u00f3n debe conocer.\",\"breadcrumb\":{\"@id\":\"https:\/\/www.celttv.com.ar\/index.php\/2012\/04\/03\/fiesta-provincial-de-la-vendimia-balance-y-agradecimientos-de-una-fiesta-inolvidable-119-fotos-gentileza-de-julio-gaggini\/#breadcrumb\"},\"inLanguage\":\"es\",\"potentialAction\":[{\"@type\":\"ReadAction\",\"target\":[\"https:\/\/www.celttv.com.ar\/index.php\/2012\/04\/03\/fiesta-provincial-de-la-vendimia-balance-y-agradecimientos-de-una-fiesta-inolvidable-119-fotos-gentileza-de-julio-gaggini\/\"]}]},{\"@type\":\"BreadcrumbList\",\"@id\":\"https:\/\/www.celttv.com.ar\/index.php\/2012\/04\/03\/fiesta-provincial-de-la-vendimia-balance-y-agradecimientos-de-una-fiesta-inolvidable-119-fotos-gentileza-de-julio-gaggini\/#breadcrumb\",\"itemListElement\":[{\"@type\":\"ListItem\",\"position\":1,\"name\":\"Inicio\",\"item\":\"https:\/\/www.celttv.com.ar\/\"},{\"@type\":\"ListItem\",\"position\":2,\"name\":\"FIESTA PROVINCIAL DE LA VENDIMIA: BALANCE Y AGRADECIMIENTOS DE UNA FIESTA INOLVIDABLE (119 Fotos gentileza de Julio Gaggini))\"}]},{\"@type\":\"WebSite\",\"@id\":\"https:\/\/www.celttv.com.ar\/#website\",\"url\":\"https:\/\/www.celttv.com.ar\/\",\"name\":\"CELTTV\",\"description\":\"Cooperativa El\u00e9ctrica de Tornquist\",\"publisher\":{\"@id\":\"https:\/\/www.celttv.com.ar\/#organization\"},\"potentialAction\":[{\"@type\":\"SearchAction\",\"target\":{\"@type\":\"EntryPoint\",\"urlTemplate\":\"https:\/\/www.celttv.com.ar\/?s={search_term_string}\"},\"query-input\":\"required name=search_term_string\"}],\"inLanguage\":\"es\"},{\"@type\":\"Organization\",\"@id\":\"https:\/\/www.celttv.com.ar\/#organization\",\"name\":\"CELTTV\",\"url\":\"https:\/\/www.celttv.com.ar\/\",\"sameAs\":[\"https:\/\/www.youtube.com\/channel\/UCz_oIt8Hig64Ub-EmcNPIhg\",\"https:\/\/www.facebook.com\/celtTV\/\"],\"logo\":{\"@type\":\"ImageObject\",\"inLanguage\":\"es\",\"@id\":\"https:\/\/www.celttv.com.ar\/#\/schema\/logo\/image\/\",\"url\":\"http:\/\/www.celttv.com.ar\/wp-content\/uploads\/2022\/08\/logo-1.png\",\"contentUrl\":\"http:\/\/www.celttv.com.ar\/wp-content\/uploads\/2022\/08\/logo-1.png\",\"width\":461,\"height\":159,\"caption\":\"CELTTV\"},\"image\":{\"@id\":\"https:\/\/www.celttv.com.ar\/#\/schema\/logo\/image\/\"}},{\"@type\":\"Person\",\"@id\":\"https:\/\/www.celttv.com.ar\/#\/schema\/person\/6d99c072dba59953809c81446e9d0ace\",\"name\":\"ulises\",\"image\":{\"@type\":\"ImageObject\",\"inLanguage\":\"es\",\"@id\":\"https:\/\/www.celttv.com.ar\/#\/schema\/person\/image\/\",\"url\":\"https:\/\/secure.gravatar.com\/avatar\/7f2c48bdc33b30088f941fb6082e555f2874c98e20cb159d7b92b50eadfce793?s=96&d=mm&r=g\",\"contentUrl\":\"https:\/\/secure.gravatar.com\/avatar\/7f2c48bdc33b30088f941fb6082e555f2874c98e20cb159d7b92b50eadfce793?s=96&d=mm&r=g\",\"caption\":\"ulises\"},\"sameAs\":[\"http:\/\/www.celttv.com.ar\"]}]}<\/script>\n<!-- \/ Yoast SEO plugin. -->","yoast_head_json":{"title":"FIESTA PROVINCIAL DE LA VENDIMIA: BALANCE Y AGRADECIMIENTOS DE UNA FIESTA INOLVIDABLE (119 Fotos gentileza de Julio Gaggini)) - CELTTV","description":"Sitio web de noticias de la localidad de Tornquist, provincia de Buenos Aires, Rep\u00fablica Argentina. Contenido propio originado por periodistas de CELTTV, el canal de TV local de la Cooperativa El\u00e9ctrica de Tornquist. Turismo, Pol\u00edtica, Sociedad, Deporte, Cultura y todo el contenido de inter\u00e9s general que la gente del pueblo y la regi\u00f3n debe conocer.","robots":{"index":"index","follow":"follow","max-snippet":"max-snippet:-1","max-image-preview":"max-image-preview:large","max-video-preview":"max-video-preview:-1"},"canonical":"https:\/\/www.celttv.com.ar\/index.php\/2012\/04\/03\/fiesta-provincial-de-la-vendimia-balance-y-agradecimientos-de-una-fiesta-inolvidable-119-fotos-gentileza-de-julio-gaggini\/","og_locale":"es_ES","og_type":"article","og_title":"FIESTA PROVINCIAL DE LA VENDIMIA: BALANCE Y AGRADECIMIENTOS DE UNA FIESTA INOLVIDABLE (119 Fotos gentileza de Julio Gaggini)) - CELTTV","og_description":"Sitio web de noticias de la localidad de Tornquist, provincia de Buenos Aires, Rep\u00fablica Argentina. Contenido propio originado por periodistas de CELTTV, el canal de TV local de la Cooperativa El\u00e9ctrica de Tornquist. Turismo, Pol\u00edtica, Sociedad, Deporte, Cultura y todo el contenido de inter\u00e9s general que la gente del pueblo y la regi\u00f3n debe conocer.","og_url":"https:\/\/www.celttv.com.ar\/index.php\/2012\/04\/03\/fiesta-provincial-de-la-vendimia-balance-y-agradecimientos-de-una-fiesta-inolvidable-119-fotos-gentileza-de-julio-gaggini\/","og_site_name":"CELTTV","article_publisher":"https:\/\/www.facebook.com\/celtTV\/","article_published_time":"2012-04-03T22:23:20+00:00","author":"ulises","twitter_card":"summary_large_image","twitter_misc":{"Escrito por":"ulises","Tiempo de lectura":"4 minutos"},"schema":{"@context":"https:\/\/schema.org","@graph":[{"@type":"NewsArticle","@id":"https:\/\/www.celttv.com.ar\/index.php\/2012\/04\/03\/fiesta-provincial-de-la-vendimia-balance-y-agradecimientos-de-una-fiesta-inolvidable-119-fotos-gentileza-de-julio-gaggini\/#article","isPartOf":{"@id":"https:\/\/www.celttv.com.ar\/index.php\/2012\/04\/03\/fiesta-provincial-de-la-vendimia-balance-y-agradecimientos-de-una-fiesta-inolvidable-119-fotos-gentileza-de-julio-gaggini\/"},"author":{"name":"ulises","@id":"https:\/\/www.celttv.com.ar\/#\/schema\/person\/6d99c072dba59953809c81446e9d0ace"},"headline":"FIESTA PROVINCIAL DE LA VENDIMIA: BALANCE Y AGRADECIMIENTOS DE UNA FIESTA INOLVIDABLE (119 Fotos gentileza de Julio Gaggini))","datePublished":"2012-04-03T22:23:20+00:00","dateModified":"2012-04-03T22:23:20+00:00","mainEntityOfPage":{"@id":"https:\/\/www.celttv.com.ar\/index.php\/2012\/04\/03\/fiesta-provincial-de-la-vendimia-balance-y-agradecimientos-de-una-fiesta-inolvidable-119-fotos-gentileza-de-julio-gaggini\/"},"wordCount":784,"publisher":{"@id":"https:\/\/www.celttv.com.ar\/#organization"},"articleSection":["Comunidad","Destacadas","Pol\u00edtica"],"inLanguage":"es"},{"@type":"WebPage","@id":"https:\/\/www.celttv.com.ar\/index.php\/2012\/04\/03\/fiesta-provincial-de-la-vendimia-balance-y-agradecimientos-de-una-fiesta-inolvidable-119-fotos-gentileza-de-julio-gaggini\/","url":"https:\/\/www.celttv.com.ar\/index.php\/2012\/04\/03\/fiesta-provincial-de-la-vendimia-balance-y-agradecimientos-de-una-fiesta-inolvidable-119-fotos-gentileza-de-julio-gaggini\/","name":"FIESTA PROVINCIAL DE LA VENDIMIA: BALANCE Y AGRADECIMIENTOS DE UNA FIESTA INOLVIDABLE (119 Fotos gentileza de Julio Gaggini)) - CELTTV","isPartOf":{"@id":"https:\/\/www.celttv.com.ar\/#website"},"datePublished":"2012-04-03T22:23:20+00:00","dateModified":"2012-04-03T22:23:20+00:00","description":"Sitio web de noticias de la localidad de Tornquist, provincia de Buenos Aires, Rep\u00fablica Argentina. Contenido propio originado por periodistas de CELTTV, el canal de TV local de la Cooperativa El\u00e9ctrica de Tornquist. Turismo, Pol\u00edtica, Sociedad, Deporte, Cultura y todo el contenido de inter\u00e9s general que la gente del pueblo y la regi\u00f3n debe conocer.","breadcrumb":{"@id":"https:\/\/www.celttv.com.ar\/index.php\/2012\/04\/03\/fiesta-provincial-de-la-vendimia-balance-y-agradecimientos-de-una-fiesta-inolvidable-119-fotos-gentileza-de-julio-gaggini\/#breadcrumb"},"inLanguage":"es","potentialAction":[{"@type":"ReadAction","target":["https:\/\/www.celttv.com.ar\/index.php\/2012\/04\/03\/fiesta-provincial-de-la-vendimia-balance-y-agradecimientos-de-una-fiesta-inolvidable-119-fotos-gentileza-de-julio-gaggini\/"]}]},{"@type":"BreadcrumbList","@id":"https:\/\/www.celttv.com.ar\/index.php\/2012\/04\/03\/fiesta-provincial-de-la-vendimia-balance-y-agradecimientos-de-una-fiesta-inolvidable-119-fotos-gentileza-de-julio-gaggini\/#breadcrumb","itemListElement":[{"@type":"ListItem","position":1,"name":"Inicio","item":"https:\/\/www.celttv.com.ar\/"},{"@type":"ListItem","position":2,"name":"FIESTA PROVINCIAL DE LA VENDIMIA: BALANCE Y AGRADECIMIENTOS DE UNA FIESTA INOLVIDABLE (119 Fotos gentileza de Julio Gaggini))"}]},{"@type":"WebSite","@id":"https:\/\/www.celttv.com.ar\/#website","url":"https:\/\/www.celttv.com.ar\/","name":"CELTTV","description":"Cooperativa El\u00e9ctrica de Tornquist","publisher":{"@id":"https:\/\/www.celttv.com.ar\/#organization"},"potentialAction":[{"@type":"SearchAction","target":{"@type":"EntryPoint","urlTemplate":"https:\/\/www.celttv.com.ar\/?s={search_term_string}"},"query-input":"required name=search_term_string"}],"inLanguage":"es"},{"@type":"Organization","@id":"https:\/\/www.celttv.com.ar\/#organization","name":"CELTTV","url":"https:\/\/www.celttv.com.ar\/","sameAs":["https:\/\/www.youtube.com\/channel\/UCz_oIt8Hig64Ub-EmcNPIhg","https:\/\/www.facebook.com\/celtTV\/"],"logo":{"@type":"ImageObject","inLanguage":"es","@id":"https:\/\/www.celttv.com.ar\/#\/schema\/logo\/image\/","url":"http:\/\/www.celttv.com.ar\/wp-content\/uploads\/2022\/08\/logo-1.png","contentUrl":"http:\/\/www.celttv.com.ar\/wp-content\/uploads\/2022\/08\/logo-1.png","width":461,"height":159,"caption":"CELTTV"},"image":{"@id":"https:\/\/www.celttv.com.ar\/#\/schema\/logo\/image\/"}},{"@type":"Person","@id":"https:\/\/www.celttv.com.ar\/#\/schema\/person\/6d99c072dba59953809c81446e9d0ace","name":"ulises","image":{"@type":"ImageObject","inLanguage":"es","@id":"https:\/\/www.celttv.com.ar\/#\/schema\/person\/image\/","url":"https:\/\/secure.gravatar.com\/avatar\/7f2c48bdc33b30088f941fb6082e555f2874c98e20cb159d7b92b50eadfce793?s=96&d=mm&r=g","contentUrl":"https:\/\/secure.gravatar.com\/avatar\/7f2c48bdc33b30088f941fb6082e555f2874c98e20cb159d7b92b50eadfce793?s=96&d=mm&r=g","caption":"ulises"},"sameAs":["http:\/\/www.celttv.com.ar"]}]}},"_links":{"self":[{"href":"https:\/\/www.celttv.com.ar\/index.php\/wp-json\/wp\/v2\/posts\/5737","targetHints":{"allow":["GET"]}}],"collection":[{"href":"https:\/\/www.celttv.com.ar\/index.php\/wp-json\/wp\/v2\/posts"}],"about":[{"href":"https:\/\/www.celttv.com.ar\/index.php\/wp-json\/wp\/v2\/types\/post"}],"author":[{"embeddable":true,"href":"https:\/\/www.celttv.com.ar\/index.php\/wp-json\/wp\/v2\/users\/1"}],"replies":[{"embeddable":true,"href":"https:\/\/www.celttv.com.ar\/index.php\/wp-json\/wp\/v2\/comments?post=5737"}],"version-history":[{"count":0,"href":"https:\/\/www.celttv.com.ar\/index.php\/wp-json\/wp\/v2\/posts\/5737\/revisions"}],"wp:attachment":[{"href":"https:\/\/www.celttv.com.ar\/index.php\/wp-json\/wp\/v2\/media?parent=5737"}],"wp:term":[{"taxonomy":"category","embeddable":true,"href":"https:\/\/www.celttv.com.ar\/index.php\/wp-json\/wp\/v2\/categories?post=5737"},{"taxonomy":"post_tag","embeddable":true,"href":"https:\/\/www.celttv.com.ar\/index.php\/wp-json\/wp\/v2\/tags?post=5737"}],"curies":[{"name":"wp","href":"https:\/\/api.w.org\/{rel}","templated":true}]}}