{"id":57383,"date":"2021-04-29T20:47:32","date_gmt":"2021-04-29T20:47:32","guid":{"rendered":"http:\/\/www.celttv.com.ar\/?p=57383"},"modified":"2021-04-29T20:47:32","modified_gmt":"2021-04-29T20:47:32","slug":"las-tierras-de-la-planta-de-reciclaje-de-sierra-saldungaray-ya-son-del-municipio-de-tornquist","status":"publish","type":"post","link":"https:\/\/www.celttv.com.ar\/index.php\/2021\/04\/29\/las-tierras-de-la-planta-de-reciclaje-de-sierra-saldungaray-ya-son-del-municipio-de-tornquist\/","title":{"rendered":"Las tierras de la planta de reciclaje de Sierra \u2013 Saldungaray ya son del Municipio de Tornquist"},"content":{"rendered":"\n<p>Este jueves en la ciudad de La Plata, el intendente Sergio Bordoni firm\u00f3 el t\u00edtulo de propiedad que establece la cesi\u00f3n definitiva al municipio de Tornquist de las tierras ubicadas entreSierra de la Ventana y Saldungaray, en las que se emplazar\u00e1 la planta de separaci\u00f3n y transferencia de residuos.<\/p>\n\n\n\n<p>A trav\u00e9s de la operatoria \u201cProtocolizaci\u00f3n de Subasta Judicial y Cesi\u00f3n\u201d, el municipio incorpora a su dominio dos parcelas que suman 17 hect\u00e1reas, y que tienen como destino avanzar con obras y acciones en el marcodel Plan de Gesti\u00f3n Integral de los Residuos S\u00f3lidos Urbanos (GIRSU), cuyo prop\u00f3sito final es la erradicaci\u00f3n de los basureros a cielo abierto del partido.<\/p>\n\n\n\n<p>La r\u00fabrica de la documentaci\u00f3n se realiz\u00f3 en la sede de la Escriban\u00eda General de Gobierno de la Provincia de Buenos Aires, ante la Escribana Adscripta Claudia Deffelito.<\/p>\n\n\n\n<figure class=\"wp-block-gallery columns-3 is-cropped wp-block-gallery-1 is-layout-flex wp-block-gallery-is-layout-flex\"><ul class=\"blocks-gallery-grid\"><li class=\"blocks-gallery-item\"><figure><img loading=\"lazy\" decoding=\"async\" width=\"700\" height=\"461\" src=\"http:\/\/www.celttv.com.ar\/wp-content\/uploads\/2021\/04\/Firma-escritura-tierras-1.jpeg\" alt=\"\" data-id=\"57385\" data-link=\"http:\/\/www.celttv.com.ar\/?attachment_id=57385\" class=\"wp-image-57385\" srcset=\"https:\/\/www.celttv.com.ar\/wp-content\/uploads\/2021\/04\/Firma-escritura-tierras-1.jpeg 700w, https:\/\/www.celttv.com.ar\/wp-content\/uploads\/2021\/04\/Firma-escritura-tierras-1-300x198.jpeg 300w\" sizes=\"auto, (max-width: 700px) 100vw, 700px\" \/><\/figure><\/li><li class=\"blocks-gallery-item\"><figure><img loading=\"lazy\" decoding=\"async\" width=\"1280\" height=\"853\" src=\"http:\/\/www.celttv.com.ar\/wp-content\/uploads\/2021\/04\/Firma-escritura-tierras-2-1.jpeg\" alt=\"\" data-id=\"57386\" data-link=\"http:\/\/www.celttv.com.ar\/?attachment_id=57386\" class=\"wp-image-57386\" srcset=\"https:\/\/www.celttv.com.ar\/wp-content\/uploads\/2021\/04\/Firma-escritura-tierras-2-1.jpeg 1280w, https:\/\/www.celttv.com.ar\/wp-content\/uploads\/2021\/04\/Firma-escritura-tierras-2-1-300x200.jpeg 300w, https:\/\/www.celttv.com.ar\/wp-content\/uploads\/2021\/04\/Firma-escritura-tierras-2-1-1024x682.jpeg 1024w, https:\/\/www.celttv.com.ar\/wp-content\/uploads\/2021\/04\/Firma-escritura-tierras-2-1-768x512.jpeg 768w, https:\/\/www.celttv.com.ar\/wp-content\/uploads\/2021\/04\/Firma-escritura-tierras-2-1-750x500.jpeg 750w, https:\/\/www.celttv.com.ar\/wp-content\/uploads\/2021\/04\/Firma-escritura-tierras-2-1-1140x760.jpeg 1140w\" sizes=\"auto, (max-width: 1280px) 100vw, 1280px\" \/><\/figure><\/li><li class=\"blocks-gallery-item\"><figure><img loading=\"lazy\" decoding=\"async\" width=\"1280\" height=\"605\" src=\"http:\/\/www.celttv.com.ar\/wp-content\/uploads\/2021\/04\/Firma-escritura-tierras-3.jpeg\" alt=\"\" data-id=\"57387\" data-link=\"http:\/\/www.celttv.com.ar\/?attachment_id=57387\" class=\"wp-image-57387\" srcset=\"https:\/\/www.celttv.com.ar\/wp-content\/uploads\/2021\/04\/Firma-escritura-tierras-3.jpeg 1280w, https:\/\/www.celttv.com.ar\/wp-content\/uploads\/2021\/04\/Firma-escritura-tierras-3-300x142.jpeg 300w, https:\/\/www.celttv.com.ar\/wp-content\/uploads\/2021\/04\/Firma-escritura-tierras-3-1024x484.jpeg 1024w, https:\/\/www.celttv.com.ar\/wp-content\/uploads\/2021\/04\/Firma-escritura-tierras-3-768x363.jpeg 768w, https:\/\/www.celttv.com.ar\/wp-content\/uploads\/2021\/04\/Firma-escritura-tierras-3-750x354.jpeg 750w, https:\/\/www.celttv.com.ar\/wp-content\/uploads\/2021\/04\/Firma-escritura-tierras-3-1140x539.jpeg 1140w\" sizes=\"auto, (max-width: 1280px) 100vw, 1280px\" \/><\/figure><\/li><\/ul><\/figure>\n\n\n\n<figure class=\"wp-block-gallery columns-0 is-cropped wp-block-gallery-2 is-layout-flex wp-block-gallery-is-layout-flex\"><ul class=\"blocks-gallery-grid\"><\/ul><\/figure>\n","protected":false},"excerpt":{"rendered":"<p>Este jueves en la ciudad de La Plata, el intendente Sergio Bordoni firm\u00f3 el t\u00edtulo de propiedad que establece la cesi\u00f3n definitiva al municipio de Tornquist de las tierras ubicadas entreSierra de la Ventana y Saldungaray, en las que se emplazar\u00e1 la planta de separaci\u00f3n y transferencia de residuos. A trav\u00e9s de la operatoria \u201cProtocolizaci\u00f3n [&hellip;]<\/p>\n","protected":false},"author":1,"featured_media":57384,"comment_status":"closed","ping_status":"open","sticky":false,"template":"","format":"standard","meta":{"footnotes":""},"categories":[51,52,59],"tags":[],"class_list":["post-57383","post","type-post","status-publish","format-standard","has-post-thumbnail","hentry","category-comunidad","category-destacadas","category-municipales"],"yoast_head":"<!-- This site is optimized with the Yoast SEO plugin v19.7.1 - https:\/\/yoast.com\/wordpress\/plugins\/seo\/ -->\n<title>Las tierras de la planta de reciclaje de Sierra \u2013 Saldungaray ya son del Municipio de Tornquist - CELTTV<\/title>\n<meta name=\"description\" content=\"Sitio web de noticias de la localidad de Tornquist, provincia de Buenos Aires, Rep\u00fablica Argentina. Contenido propio originado por periodistas de CELTTV, el canal de TV local de la Cooperativa El\u00e9ctrica de Tornquist. Turismo, Pol\u00edtica, Sociedad, Deporte, Cultura y todo el contenido de inter\u00e9s general que la gente del pueblo y la regi\u00f3n debe conocer.\" \/>\n<meta name=\"robots\" content=\"index, follow, max-snippet:-1, max-image-preview:large, max-video-preview:-1\" \/>\n<link rel=\"canonical\" href=\"https:\/\/www.celttv.com.ar\/index.php\/2021\/04\/29\/las-tierras-de-la-planta-de-reciclaje-de-sierra-saldungaray-ya-son-del-municipio-de-tornquist\/\" \/>\n<meta property=\"og:locale\" content=\"es_ES\" \/>\n<meta property=\"og:type\" content=\"article\" \/>\n<meta property=\"og:title\" content=\"Las tierras de la planta de reciclaje de Sierra \u2013 Saldungaray ya son del Municipio de Tornquist - CELTTV\" \/>\n<meta property=\"og:description\" content=\"Sitio web de noticias de la localidad de Tornquist, provincia de Buenos Aires, Rep\u00fablica Argentina. Contenido propio originado por periodistas de CELTTV, el canal de TV local de la Cooperativa El\u00e9ctrica de Tornquist. Turismo, Pol\u00edtica, Sociedad, Deporte, Cultura y todo el contenido de inter\u00e9s general que la gente del pueblo y la regi\u00f3n debe conocer.\" \/>\n<meta property=\"og:url\" content=\"https:\/\/www.celttv.com.ar\/index.php\/2021\/04\/29\/las-tierras-de-la-planta-de-reciclaje-de-sierra-saldungaray-ya-son-del-municipio-de-tornquist\/\" \/>\n<meta property=\"og:site_name\" content=\"CELTTV\" \/>\n<meta property=\"article:publisher\" content=\"https:\/\/www.facebook.com\/celtTV\/\" \/>\n<meta property=\"article:published_time\" content=\"2021-04-29T20:47:32+00:00\" \/>\n<meta property=\"og:image\" content=\"https:\/\/www.celttv.com.ar\/wp-content\/uploads\/2021\/04\/Firma-escritura-tierras-2.jpeg\" \/>\n\t<meta property=\"og:image:width\" content=\"1280\" \/>\n\t<meta property=\"og:image:height\" content=\"853\" \/>\n\t<meta property=\"og:image:type\" content=\"image\/jpeg\" \/>\n<meta name=\"author\" content=\"ulises\" \/>\n<meta name=\"twitter:card\" content=\"summary_large_image\" \/>\n<meta name=\"twitter:label1\" content=\"Escrito por\" \/>\n\t<meta name=\"twitter:data1\" content=\"ulises\" \/>\n\t<meta name=\"twitter:label2\" content=\"Tiempo de lectura\" \/>\n\t<meta name=\"twitter:data2\" content=\"1 minuto\" \/>\n<script type=\"application\/ld+json\" class=\"yoast-schema-graph\">{\"@context\":\"https:\/\/schema.org\",\"@graph\":[{\"@type\":\"NewsArticle\",\"@id\":\"https:\/\/www.celttv.com.ar\/index.php\/2021\/04\/29\/las-tierras-de-la-planta-de-reciclaje-de-sierra-saldungaray-ya-son-del-municipio-de-tornquist\/#article\",\"isPartOf\":{\"@id\":\"https:\/\/www.celttv.com.ar\/index.php\/2021\/04\/29\/las-tierras-de-la-planta-de-reciclaje-de-sierra-saldungaray-ya-son-del-municipio-de-tornquist\/\"},\"author\":{\"name\":\"ulises\",\"@id\":\"https:\/\/www.celttv.com.ar\/#\/schema\/person\/6d99c072dba59953809c81446e9d0ace\"},\"headline\":\"Las tierras de la planta de reciclaje de Sierra \u2013 Saldungaray ya son del Municipio de Tornquist\",\"datePublished\":\"2021-04-29T20:47:32+00:00\",\"dateModified\":\"2021-04-29T20:47:32+00:00\",\"mainEntityOfPage\":{\"@id\":\"https:\/\/www.celttv.com.ar\/index.php\/2021\/04\/29\/las-tierras-de-la-planta-de-reciclaje-de-sierra-saldungaray-ya-son-del-municipio-de-tornquist\/\"},\"wordCount\":166,\"publisher\":{\"@id\":\"https:\/\/www.celttv.com.ar\/#organization\"},\"articleSection\":[\"Comunidad\",\"Destacadas\",\"Municipales\"],\"inLanguage\":\"es\"},{\"@type\":\"WebPage\",\"@id\":\"https:\/\/www.celttv.com.ar\/index.php\/2021\/04\/29\/las-tierras-de-la-planta-de-reciclaje-de-sierra-saldungaray-ya-son-del-municipio-de-tornquist\/\",\"url\":\"https:\/\/www.celttv.com.ar\/index.php\/2021\/04\/29\/las-tierras-de-la-planta-de-reciclaje-de-sierra-saldungaray-ya-son-del-municipio-de-tornquist\/\",\"name\":\"Las tierras de la planta de reciclaje de Sierra \u2013 Saldungaray ya son del Municipio de Tornquist - CELTTV\",\"isPartOf\":{\"@id\":\"https:\/\/www.celttv.com.ar\/#website\"},\"datePublished\":\"2021-04-29T20:47:32+00:00\",\"dateModified\":\"2021-04-29T20:47:32+00:00\",\"description\":\"Sitio web de noticias de la localidad de Tornquist, provincia de Buenos Aires, Rep\u00fablica Argentina. Contenido propio originado por periodistas de CELTTV, el canal de TV local de la Cooperativa El\u00e9ctrica de Tornquist. Turismo, Pol\u00edtica, Sociedad, Deporte, Cultura y todo el contenido de inter\u00e9s general que la gente del pueblo y la regi\u00f3n debe conocer.\",\"breadcrumb\":{\"@id\":\"https:\/\/www.celttv.com.ar\/index.php\/2021\/04\/29\/las-tierras-de-la-planta-de-reciclaje-de-sierra-saldungaray-ya-son-del-municipio-de-tornquist\/#breadcrumb\"},\"inLanguage\":\"es\",\"potentialAction\":[{\"@type\":\"ReadAction\",\"target\":[\"https:\/\/www.celttv.com.ar\/index.php\/2021\/04\/29\/las-tierras-de-la-planta-de-reciclaje-de-sierra-saldungaray-ya-son-del-municipio-de-tornquist\/\"]}]},{\"@type\":\"BreadcrumbList\",\"@id\":\"https:\/\/www.celttv.com.ar\/index.php\/2021\/04\/29\/las-tierras-de-la-planta-de-reciclaje-de-sierra-saldungaray-ya-son-del-municipio-de-tornquist\/#breadcrumb\",\"itemListElement\":[{\"@type\":\"ListItem\",\"position\":1,\"name\":\"Inicio\",\"item\":\"https:\/\/www.celttv.com.ar\/\"},{\"@type\":\"ListItem\",\"position\":2,\"name\":\"Las tierras de la planta de reciclaje de Sierra \u2013 Saldungaray ya son del Municipio de Tornquist\"}]},{\"@type\":\"WebSite\",\"@id\":\"https:\/\/www.celttv.com.ar\/#website\",\"url\":\"https:\/\/www.celttv.com.ar\/\",\"name\":\"CELTTV\",\"description\":\"Cooperativa El\u00e9ctrica de Tornquist\",\"publisher\":{\"@id\":\"https:\/\/www.celttv.com.ar\/#organization\"},\"potentialAction\":[{\"@type\":\"SearchAction\",\"target\":{\"@type\":\"EntryPoint\",\"urlTemplate\":\"https:\/\/www.celttv.com.ar\/?s={search_term_string}\"},\"query-input\":\"required name=search_term_string\"}],\"inLanguage\":\"es\"},{\"@type\":\"Organization\",\"@id\":\"https:\/\/www.celttv.com.ar\/#organization\",\"name\":\"CELTTV\",\"url\":\"https:\/\/www.celttv.com.ar\/\",\"sameAs\":[\"https:\/\/www.youtube.com\/channel\/UCz_oIt8Hig64Ub-EmcNPIhg\",\"https:\/\/www.facebook.com\/celtTV\/\"],\"logo\":{\"@type\":\"ImageObject\",\"inLanguage\":\"es\",\"@id\":\"https:\/\/www.celttv.com.ar\/#\/schema\/logo\/image\/\",\"url\":\"http:\/\/www.celttv.com.ar\/wp-content\/uploads\/2022\/08\/logo-1.png\",\"contentUrl\":\"http:\/\/www.celttv.com.ar\/wp-content\/uploads\/2022\/08\/logo-1.png\",\"width\":461,\"height\":159,\"caption\":\"CELTTV\"},\"image\":{\"@id\":\"https:\/\/www.celttv.com.ar\/#\/schema\/logo\/image\/\"}},{\"@type\":\"Person\",\"@id\":\"https:\/\/www.celttv.com.ar\/#\/schema\/person\/6d99c072dba59953809c81446e9d0ace\",\"name\":\"ulises\",\"image\":{\"@type\":\"ImageObject\",\"inLanguage\":\"es\",\"@id\":\"https:\/\/www.celttv.com.ar\/#\/schema\/person\/image\/\",\"url\":\"https:\/\/secure.gravatar.com\/avatar\/7f2c48bdc33b30088f941fb6082e555f2874c98e20cb159d7b92b50eadfce793?s=96&d=mm&r=g\",\"contentUrl\":\"https:\/\/secure.gravatar.com\/avatar\/7f2c48bdc33b30088f941fb6082e555f2874c98e20cb159d7b92b50eadfce793?s=96&d=mm&r=g\",\"caption\":\"ulises\"},\"sameAs\":[\"http:\/\/www.celttv.com.ar\"]}]}<\/script>\n<!-- \/ Yoast SEO plugin. -->","yoast_head_json":{"title":"Las tierras de la planta de reciclaje de Sierra \u2013 Saldungaray ya son del Municipio de Tornquist - CELTTV","description":"Sitio web de noticias de la localidad de Tornquist, provincia de Buenos Aires, Rep\u00fablica Argentina. Contenido propio originado por periodistas de CELTTV, el canal de TV local de la Cooperativa El\u00e9ctrica de Tornquist. Turismo, Pol\u00edtica, Sociedad, Deporte, Cultura y todo el contenido de inter\u00e9s general que la gente del pueblo y la regi\u00f3n debe conocer.","robots":{"index":"index","follow":"follow","max-snippet":"max-snippet:-1","max-image-preview":"max-image-preview:large","max-video-preview":"max-video-preview:-1"},"canonical":"https:\/\/www.celttv.com.ar\/index.php\/2021\/04\/29\/las-tierras-de-la-planta-de-reciclaje-de-sierra-saldungaray-ya-son-del-municipio-de-tornquist\/","og_locale":"es_ES","og_type":"article","og_title":"Las tierras de la planta de reciclaje de Sierra \u2013 Saldungaray ya son del Municipio de Tornquist - CELTTV","og_description":"Sitio web de noticias de la localidad de Tornquist, provincia de Buenos Aires, Rep\u00fablica Argentina. Contenido propio originado por periodistas de CELTTV, el canal de TV local de la Cooperativa El\u00e9ctrica de Tornquist. Turismo, Pol\u00edtica, Sociedad, Deporte, Cultura y todo el contenido de inter\u00e9s general que la gente del pueblo y la regi\u00f3n debe conocer.","og_url":"https:\/\/www.celttv.com.ar\/index.php\/2021\/04\/29\/las-tierras-de-la-planta-de-reciclaje-de-sierra-saldungaray-ya-son-del-municipio-de-tornquist\/","og_site_name":"CELTTV","article_publisher":"https:\/\/www.facebook.com\/celtTV\/","article_published_time":"2021-04-29T20:47:32+00:00","og_image":[{"width":1280,"height":853,"url":"https:\/\/www.celttv.com.ar\/wp-content\/uploads\/2021\/04\/Firma-escritura-tierras-2.jpeg","type":"image\/jpeg"}],"author":"ulises","twitter_card":"summary_large_image","twitter_misc":{"Escrito por":"ulises","Tiempo de lectura":"1 minuto"},"schema":{"@context":"https:\/\/schema.org","@graph":[{"@type":"NewsArticle","@id":"https:\/\/www.celttv.com.ar\/index.php\/2021\/04\/29\/las-tierras-de-la-planta-de-reciclaje-de-sierra-saldungaray-ya-son-del-municipio-de-tornquist\/#article","isPartOf":{"@id":"https:\/\/www.celttv.com.ar\/index.php\/2021\/04\/29\/las-tierras-de-la-planta-de-reciclaje-de-sierra-saldungaray-ya-son-del-municipio-de-tornquist\/"},"author":{"name":"ulises","@id":"https:\/\/www.celttv.com.ar\/#\/schema\/person\/6d99c072dba59953809c81446e9d0ace"},"headline":"Las tierras de la planta de reciclaje de Sierra \u2013 Saldungaray ya son del Municipio de Tornquist","datePublished":"2021-04-29T20:47:32+00:00","dateModified":"2021-04-29T20:47:32+00:00","mainEntityOfPage":{"@id":"https:\/\/www.celttv.com.ar\/index.php\/2021\/04\/29\/las-tierras-de-la-planta-de-reciclaje-de-sierra-saldungaray-ya-son-del-municipio-de-tornquist\/"},"wordCount":166,"publisher":{"@id":"https:\/\/www.celttv.com.ar\/#organization"},"articleSection":["Comunidad","Destacadas","Municipales"],"inLanguage":"es"},{"@type":"WebPage","@id":"https:\/\/www.celttv.com.ar\/index.php\/2021\/04\/29\/las-tierras-de-la-planta-de-reciclaje-de-sierra-saldungaray-ya-son-del-municipio-de-tornquist\/","url":"https:\/\/www.celttv.com.ar\/index.php\/2021\/04\/29\/las-tierras-de-la-planta-de-reciclaje-de-sierra-saldungaray-ya-son-del-municipio-de-tornquist\/","name":"Las tierras de la planta de reciclaje de Sierra \u2013 Saldungaray ya son del Municipio de Tornquist - CELTTV","isPartOf":{"@id":"https:\/\/www.celttv.com.ar\/#website"},"datePublished":"2021-04-29T20:47:32+00:00","dateModified":"2021-04-29T20:47:32+00:00","description":"Sitio web de noticias de la localidad de Tornquist, provincia de Buenos Aires, Rep\u00fablica Argentina. Contenido propio originado por periodistas de CELTTV, el canal de TV local de la Cooperativa El\u00e9ctrica de Tornquist. Turismo, Pol\u00edtica, Sociedad, Deporte, Cultura y todo el contenido de inter\u00e9s general que la gente del pueblo y la regi\u00f3n debe conocer.","breadcrumb":{"@id":"https:\/\/www.celttv.com.ar\/index.php\/2021\/04\/29\/las-tierras-de-la-planta-de-reciclaje-de-sierra-saldungaray-ya-son-del-municipio-de-tornquist\/#breadcrumb"},"inLanguage":"es","potentialAction":[{"@type":"ReadAction","target":["https:\/\/www.celttv.com.ar\/index.php\/2021\/04\/29\/las-tierras-de-la-planta-de-reciclaje-de-sierra-saldungaray-ya-son-del-municipio-de-tornquist\/"]}]},{"@type":"BreadcrumbList","@id":"https:\/\/www.celttv.com.ar\/index.php\/2021\/04\/29\/las-tierras-de-la-planta-de-reciclaje-de-sierra-saldungaray-ya-son-del-municipio-de-tornquist\/#breadcrumb","itemListElement":[{"@type":"ListItem","position":1,"name":"Inicio","item":"https:\/\/www.celttv.com.ar\/"},{"@type":"ListItem","position":2,"name":"Las tierras de la planta de reciclaje de Sierra \u2013 Saldungaray ya son del Municipio de Tornquist"}]},{"@type":"WebSite","@id":"https:\/\/www.celttv.com.ar\/#website","url":"https:\/\/www.celttv.com.ar\/","name":"CELTTV","description":"Cooperativa El\u00e9ctrica de Tornquist","publisher":{"@id":"https:\/\/www.celttv.com.ar\/#organization"},"potentialAction":[{"@type":"SearchAction","target":{"@type":"EntryPoint","urlTemplate":"https:\/\/www.celttv.com.ar\/?s={search_term_string}"},"query-input":"required name=search_term_string"}],"inLanguage":"es"},{"@type":"Organization","@id":"https:\/\/www.celttv.com.ar\/#organization","name":"CELTTV","url":"https:\/\/www.celttv.com.ar\/","sameAs":["https:\/\/www.youtube.com\/channel\/UCz_oIt8Hig64Ub-EmcNPIhg","https:\/\/www.facebook.com\/celtTV\/"],"logo":{"@type":"ImageObject","inLanguage":"es","@id":"https:\/\/www.celttv.com.ar\/#\/schema\/logo\/image\/","url":"http:\/\/www.celttv.com.ar\/wp-content\/uploads\/2022\/08\/logo-1.png","contentUrl":"http:\/\/www.celttv.com.ar\/wp-content\/uploads\/2022\/08\/logo-1.png","width":461,"height":159,"caption":"CELTTV"},"image":{"@id":"https:\/\/www.celttv.com.ar\/#\/schema\/logo\/image\/"}},{"@type":"Person","@id":"https:\/\/www.celttv.com.ar\/#\/schema\/person\/6d99c072dba59953809c81446e9d0ace","name":"ulises","image":{"@type":"ImageObject","inLanguage":"es","@id":"https:\/\/www.celttv.com.ar\/#\/schema\/person\/image\/","url":"https:\/\/secure.gravatar.com\/avatar\/7f2c48bdc33b30088f941fb6082e555f2874c98e20cb159d7b92b50eadfce793?s=96&d=mm&r=g","contentUrl":"https:\/\/secure.gravatar.com\/avatar\/7f2c48bdc33b30088f941fb6082e555f2874c98e20cb159d7b92b50eadfce793?s=96&d=mm&r=g","caption":"ulises"},"sameAs":["http:\/\/www.celttv.com.ar"]}]}},"_links":{"self":[{"href":"https:\/\/www.celttv.com.ar\/index.php\/wp-json\/wp\/v2\/posts\/57383","targetHints":{"allow":["GET"]}}],"collection":[{"href":"https:\/\/www.celttv.com.ar\/index.php\/wp-json\/wp\/v2\/posts"}],"about":[{"href":"https:\/\/www.celttv.com.ar\/index.php\/wp-json\/wp\/v2\/types\/post"}],"author":[{"embeddable":true,"href":"https:\/\/www.celttv.com.ar\/index.php\/wp-json\/wp\/v2\/users\/1"}],"replies":[{"embeddable":true,"href":"https:\/\/www.celttv.com.ar\/index.php\/wp-json\/wp\/v2\/comments?post=57383"}],"version-history":[{"count":0,"href":"https:\/\/www.celttv.com.ar\/index.php\/wp-json\/wp\/v2\/posts\/57383\/revisions"}],"wp:featuredmedia":[{"embeddable":true,"href":"https:\/\/www.celttv.com.ar\/index.php\/wp-json\/wp\/v2\/media\/57384"}],"wp:attachment":[{"href":"https:\/\/www.celttv.com.ar\/index.php\/wp-json\/wp\/v2\/media?parent=57383"}],"wp:term":[{"taxonomy":"category","embeddable":true,"href":"https:\/\/www.celttv.com.ar\/index.php\/wp-json\/wp\/v2\/categories?post=57383"},{"taxonomy":"post_tag","embeddable":true,"href":"https:\/\/www.celttv.com.ar\/index.php\/wp-json\/wp\/v2\/tags?post=57383"}],"curies":[{"name":"wp","href":"https:\/\/api.w.org\/{rel}","templated":true}]}}