{"id":57389,"date":"2021-04-29T23:46:42","date_gmt":"2021-04-29T23:46:42","guid":{"rendered":"http:\/\/www.celttv.com.ar\/?p=57389"},"modified":"2021-04-29T23:46:42","modified_gmt":"2021-04-29T23:46:42","slug":"claudio-masson-todos-los-que-nosotros-somos-y-vivimos-tiene-que-ver-con-la-politica","status":"publish","type":"post","link":"https:\/\/www.celttv.com.ar\/index.php\/2021\/04\/29\/claudio-masson-todos-los-que-nosotros-somos-y-vivimos-tiene-que-ver-con-la-politica\/","title":{"rendered":"Claudio Masson: &#8220;Todo los que nosotros somos y vivimos tiene que ver con  la pol\u00edtica&#8221;"},"content":{"rendered":"\n<p>Claudo Masson es el presidente en el distrito de Tornquist del Frente Grande, partido pol\u00edtico que acaba de cumplir 28 a\u00f1os de existencia.<\/p>\n\n\n\n<p>&#8220;Su naciminento es 1993 y luego tuvo una participaci\u00f3n protag\u00f3nica en la pol\u00edtica en la conformaci\u00f3n de La Alianza. El Frente Grande aport\u00f3 determinadas idea que La Alianza y el radicalismo no llevaron adelante y eso gener\u00f3 un proceso de crisis&#8221; explic\u00f3 Masson.<\/p>\n\n\n\n<p>&#8220;Esta reconstrucci\u00f3n comenz\u00f3 en el 2018 en el sub oeste bonaerense y estamos muy contentos&#8221; dijo el dirigente del Frente Grande al tiempo que aprovech\u00f3 a invitar a la participaci\u00f3n de la gente en pol\u00edtica o en el \u00e1mbito institucional.<\/p>\n\n\n\n<p>&#8220;Todos sabemos lo dif\u00edcil que es en la pol\u00edtica, con todo lo desprestigiada que est\u00e1. Es dificil convocar a la gente y que crea, porque en la campa\u00f1a se le dice una cosa y despu\u00e9s se hace otra&#8221; se\u00f1al\u00f3.<\/p>\n\n\n\n<p>&#8220;La pol\u00edtica es resolverle los problemas a la gente; desarrollar estrategias para que estemos mejor, encontrar formas para que entre todos resolvamos los problemas que tiene nuestra comunidad&#8221;<\/p>\n\n\n\n<p> &#8220;Hoy estamos formando parte del Frente de Todos en Tornquist, en la Provincia de Buenos Aires y en la Rep\u00fablica Argentina&#8221; dijo Claudio Masson.<\/p>\n\n\n\n<p>&#8220;Todos los que nosotros somos y vivimos tiene que ver con  la pol\u00edtica porque tiene que ver con la idea que tenemos de la vida&#8221; sostuvo el presidente del Frente Grande del distrito de Tornquist.<\/p>\n\n\n\n<p>NOTA COMPLETA EN  VIDEO DE CELT TV NOTICIAS<\/p>\n\n\n\n<figure class=\"wp-block-embed is-type-video is-provider-youtube wp-block-embed-youtube wp-embed-aspect-16-9 wp-has-aspect-ratio\"><div class=\"wp-block-embed__wrapper\">\n<iframe loading=\"lazy\" title=\"2021 04 29 COMUNICACION VIA ZOOM CON CLAUDIO MASSON\" width=\"500\" height=\"281\" src=\"https:\/\/www.youtube.com\/embed\/WS-u3JB4fvU?feature=oembed\" frameborder=\"0\" allow=\"accelerometer; autoplay; clipboard-write; encrypted-media; gyroscope; picture-in-picture; web-share\" referrerpolicy=\"strict-origin-when-cross-origin\" allowfullscreen><\/iframe>\n<\/div><\/figure>\n","protected":false},"excerpt":{"rendered":"<p>Claudo Masson es el presidente en el distrito de Tornquist del Frente Grande, partido pol\u00edtico que acaba de cumplir 28 a\u00f1os de existencia. &#8220;Su naciminento es 1993 y luego tuvo una participaci\u00f3n protag\u00f3nica en la pol\u00edtica en la conformaci\u00f3n de La Alianza. El Frente Grande aport\u00f3 determinadas idea que La Alianza y el radicalismo no [&hellip;]<\/p>\n","protected":false},"author":1,"featured_media":57390,"comment_status":"closed","ping_status":"open","sticky":false,"template":"","format":"standard","meta":{"footnotes":""},"categories":[52,53],"tags":[],"class_list":["post-57389","post","type-post","status-publish","format-standard","has-post-thumbnail","hentry","category-destacadas","category-politica"],"yoast_head":"<!-- This site is optimized with the Yoast SEO plugin v19.7.1 - https:\/\/yoast.com\/wordpress\/plugins\/seo\/ -->\n<title>Claudio Masson: &quot;Todo los que nosotros somos y vivimos tiene que ver con la pol\u00edtica&quot; - CELTTV<\/title>\n<meta name=\"description\" content=\"Sitio web de noticias de la localidad de Tornquist, provincia de Buenos Aires, Rep\u00fablica Argentina. Contenido propio originado por periodistas de CELTTV, el canal de TV local de la Cooperativa El\u00e9ctrica de Tornquist. Turismo, Pol\u00edtica, Sociedad, Deporte, Cultura y todo el contenido de inter\u00e9s general que la gente del pueblo y la regi\u00f3n debe conocer.\" \/>\n<meta name=\"robots\" content=\"index, follow, max-snippet:-1, max-image-preview:large, max-video-preview:-1\" \/>\n<link rel=\"canonical\" href=\"https:\/\/www.celttv.com.ar\/index.php\/2021\/04\/29\/claudio-masson-todos-los-que-nosotros-somos-y-vivimos-tiene-que-ver-con-la-politica\/\" \/>\n<meta property=\"og:locale\" content=\"es_ES\" \/>\n<meta property=\"og:type\" content=\"article\" \/>\n<meta property=\"og:title\" content=\"Claudio Masson: &quot;Todo los que nosotros somos y vivimos tiene que ver con la pol\u00edtica&quot; - CELTTV\" \/>\n<meta property=\"og:description\" content=\"Sitio web de noticias de la localidad de Tornquist, provincia de Buenos Aires, Rep\u00fablica Argentina. Contenido propio originado por periodistas de CELTTV, el canal de TV local de la Cooperativa El\u00e9ctrica de Tornquist. Turismo, Pol\u00edtica, Sociedad, Deporte, Cultura y todo el contenido de inter\u00e9s general que la gente del pueblo y la regi\u00f3n debe conocer.\" \/>\n<meta property=\"og:url\" content=\"https:\/\/www.celttv.com.ar\/index.php\/2021\/04\/29\/claudio-masson-todos-los-que-nosotros-somos-y-vivimos-tiene-que-ver-con-la-politica\/\" \/>\n<meta property=\"og:site_name\" content=\"CELTTV\" \/>\n<meta property=\"article:publisher\" content=\"https:\/\/www.facebook.com\/celtTV\/\" \/>\n<meta property=\"article:published_time\" content=\"2021-04-29T23:46:42+00:00\" \/>\n<meta property=\"og:image\" content=\"https:\/\/www.celttv.com.ar\/wp-content\/uploads\/2021\/04\/frente-grande.jpg\" \/>\n\t<meta property=\"og:image:width\" content=\"700\" \/>\n\t<meta property=\"og:image:height\" content=\"459\" \/>\n\t<meta property=\"og:image:type\" content=\"image\/jpeg\" \/>\n<meta name=\"author\" content=\"ulises\" \/>\n<meta name=\"twitter:card\" content=\"summary_large_image\" \/>\n<meta name=\"twitter:label1\" content=\"Escrito por\" \/>\n\t<meta name=\"twitter:data1\" content=\"ulises\" \/>\n\t<meta name=\"twitter:label2\" content=\"Tiempo de lectura\" \/>\n\t<meta name=\"twitter:data2\" content=\"1 minuto\" \/>\n<script type=\"application\/ld+json\" class=\"yoast-schema-graph\">{\"@context\":\"https:\/\/schema.org\",\"@graph\":[{\"@type\":\"NewsArticle\",\"@id\":\"https:\/\/www.celttv.com.ar\/index.php\/2021\/04\/29\/claudio-masson-todos-los-que-nosotros-somos-y-vivimos-tiene-que-ver-con-la-politica\/#article\",\"isPartOf\":{\"@id\":\"https:\/\/www.celttv.com.ar\/index.php\/2021\/04\/29\/claudio-masson-todos-los-que-nosotros-somos-y-vivimos-tiene-que-ver-con-la-politica\/\"},\"author\":{\"name\":\"ulises\",\"@id\":\"https:\/\/www.celttv.com.ar\/#\/schema\/person\/6d99c072dba59953809c81446e9d0ace\"},\"headline\":\"Claudio Masson: &#8220;Todo los que nosotros somos y vivimos tiene que ver con la pol\u00edtica&#8221;\",\"datePublished\":\"2021-04-29T23:46:42+00:00\",\"dateModified\":\"2021-04-29T23:46:42+00:00\",\"mainEntityOfPage\":{\"@id\":\"https:\/\/www.celttv.com.ar\/index.php\/2021\/04\/29\/claudio-masson-todos-los-que-nosotros-somos-y-vivimos-tiene-que-ver-con-la-politica\/\"},\"wordCount\":276,\"publisher\":{\"@id\":\"https:\/\/www.celttv.com.ar\/#organization\"},\"articleSection\":[\"Destacadas\",\"Pol\u00edtica\"],\"inLanguage\":\"es\"},{\"@type\":\"WebPage\",\"@id\":\"https:\/\/www.celttv.com.ar\/index.php\/2021\/04\/29\/claudio-masson-todos-los-que-nosotros-somos-y-vivimos-tiene-que-ver-con-la-politica\/\",\"url\":\"https:\/\/www.celttv.com.ar\/index.php\/2021\/04\/29\/claudio-masson-todos-los-que-nosotros-somos-y-vivimos-tiene-que-ver-con-la-politica\/\",\"name\":\"Claudio Masson: \\\"Todo los que nosotros somos y vivimos tiene que ver con la pol\u00edtica\\\" - CELTTV\",\"isPartOf\":{\"@id\":\"https:\/\/www.celttv.com.ar\/#website\"},\"datePublished\":\"2021-04-29T23:46:42+00:00\",\"dateModified\":\"2021-04-29T23:46:42+00:00\",\"description\":\"Sitio web de noticias de la localidad de Tornquist, provincia de Buenos Aires, Rep\u00fablica Argentina. Contenido propio originado por periodistas de CELTTV, el canal de TV local de la Cooperativa El\u00e9ctrica de Tornquist. Turismo, Pol\u00edtica, Sociedad, Deporte, Cultura y todo el contenido de inter\u00e9s general que la gente del pueblo y la regi\u00f3n debe conocer.\",\"breadcrumb\":{\"@id\":\"https:\/\/www.celttv.com.ar\/index.php\/2021\/04\/29\/claudio-masson-todos-los-que-nosotros-somos-y-vivimos-tiene-que-ver-con-la-politica\/#breadcrumb\"},\"inLanguage\":\"es\",\"potentialAction\":[{\"@type\":\"ReadAction\",\"target\":[\"https:\/\/www.celttv.com.ar\/index.php\/2021\/04\/29\/claudio-masson-todos-los-que-nosotros-somos-y-vivimos-tiene-que-ver-con-la-politica\/\"]}]},{\"@type\":\"BreadcrumbList\",\"@id\":\"https:\/\/www.celttv.com.ar\/index.php\/2021\/04\/29\/claudio-masson-todos-los-que-nosotros-somos-y-vivimos-tiene-que-ver-con-la-politica\/#breadcrumb\",\"itemListElement\":[{\"@type\":\"ListItem\",\"position\":1,\"name\":\"Inicio\",\"item\":\"https:\/\/www.celttv.com.ar\/\"},{\"@type\":\"ListItem\",\"position\":2,\"name\":\"Claudio Masson: &#8220;Todo los que nosotros somos y vivimos tiene que ver con la pol\u00edtica&#8221;\"}]},{\"@type\":\"WebSite\",\"@id\":\"https:\/\/www.celttv.com.ar\/#website\",\"url\":\"https:\/\/www.celttv.com.ar\/\",\"name\":\"CELTTV\",\"description\":\"Cooperativa El\u00e9ctrica de Tornquist\",\"publisher\":{\"@id\":\"https:\/\/www.celttv.com.ar\/#organization\"},\"potentialAction\":[{\"@type\":\"SearchAction\",\"target\":{\"@type\":\"EntryPoint\",\"urlTemplate\":\"https:\/\/www.celttv.com.ar\/?s={search_term_string}\"},\"query-input\":\"required name=search_term_string\"}],\"inLanguage\":\"es\"},{\"@type\":\"Organization\",\"@id\":\"https:\/\/www.celttv.com.ar\/#organization\",\"name\":\"CELTTV\",\"url\":\"https:\/\/www.celttv.com.ar\/\",\"sameAs\":[\"https:\/\/www.youtube.com\/channel\/UCz_oIt8Hig64Ub-EmcNPIhg\",\"https:\/\/www.facebook.com\/celtTV\/\"],\"logo\":{\"@type\":\"ImageObject\",\"inLanguage\":\"es\",\"@id\":\"https:\/\/www.celttv.com.ar\/#\/schema\/logo\/image\/\",\"url\":\"http:\/\/www.celttv.com.ar\/wp-content\/uploads\/2022\/08\/logo-1.png\",\"contentUrl\":\"http:\/\/www.celttv.com.ar\/wp-content\/uploads\/2022\/08\/logo-1.png\",\"width\":461,\"height\":159,\"caption\":\"CELTTV\"},\"image\":{\"@id\":\"https:\/\/www.celttv.com.ar\/#\/schema\/logo\/image\/\"}},{\"@type\":\"Person\",\"@id\":\"https:\/\/www.celttv.com.ar\/#\/schema\/person\/6d99c072dba59953809c81446e9d0ace\",\"name\":\"ulises\",\"image\":{\"@type\":\"ImageObject\",\"inLanguage\":\"es\",\"@id\":\"https:\/\/www.celttv.com.ar\/#\/schema\/person\/image\/\",\"url\":\"https:\/\/secure.gravatar.com\/avatar\/7f2c48bdc33b30088f941fb6082e555f2874c98e20cb159d7b92b50eadfce793?s=96&d=mm&r=g\",\"contentUrl\":\"https:\/\/secure.gravatar.com\/avatar\/7f2c48bdc33b30088f941fb6082e555f2874c98e20cb159d7b92b50eadfce793?s=96&d=mm&r=g\",\"caption\":\"ulises\"},\"sameAs\":[\"http:\/\/www.celttv.com.ar\"]}]}<\/script>\n<!-- \/ Yoast SEO plugin. -->","yoast_head_json":{"title":"Claudio Masson: \"Todo los que nosotros somos y vivimos tiene que ver con la pol\u00edtica\" - CELTTV","description":"Sitio web de noticias de la localidad de Tornquist, provincia de Buenos Aires, Rep\u00fablica Argentina. Contenido propio originado por periodistas de CELTTV, el canal de TV local de la Cooperativa El\u00e9ctrica de Tornquist. Turismo, Pol\u00edtica, Sociedad, Deporte, Cultura y todo el contenido de inter\u00e9s general que la gente del pueblo y la regi\u00f3n debe conocer.","robots":{"index":"index","follow":"follow","max-snippet":"max-snippet:-1","max-image-preview":"max-image-preview:large","max-video-preview":"max-video-preview:-1"},"canonical":"https:\/\/www.celttv.com.ar\/index.php\/2021\/04\/29\/claudio-masson-todos-los-que-nosotros-somos-y-vivimos-tiene-que-ver-con-la-politica\/","og_locale":"es_ES","og_type":"article","og_title":"Claudio Masson: \"Todo los que nosotros somos y vivimos tiene que ver con la pol\u00edtica\" - CELTTV","og_description":"Sitio web de noticias de la localidad de Tornquist, provincia de Buenos Aires, Rep\u00fablica Argentina. Contenido propio originado por periodistas de CELTTV, el canal de TV local de la Cooperativa El\u00e9ctrica de Tornquist. Turismo, Pol\u00edtica, Sociedad, Deporte, Cultura y todo el contenido de inter\u00e9s general que la gente del pueblo y la regi\u00f3n debe conocer.","og_url":"https:\/\/www.celttv.com.ar\/index.php\/2021\/04\/29\/claudio-masson-todos-los-que-nosotros-somos-y-vivimos-tiene-que-ver-con-la-politica\/","og_site_name":"CELTTV","article_publisher":"https:\/\/www.facebook.com\/celtTV\/","article_published_time":"2021-04-29T23:46:42+00:00","og_image":[{"width":700,"height":459,"url":"https:\/\/www.celttv.com.ar\/wp-content\/uploads\/2021\/04\/frente-grande.jpg","type":"image\/jpeg"}],"author":"ulises","twitter_card":"summary_large_image","twitter_misc":{"Escrito por":"ulises","Tiempo de lectura":"1 minuto"},"schema":{"@context":"https:\/\/schema.org","@graph":[{"@type":"NewsArticle","@id":"https:\/\/www.celttv.com.ar\/index.php\/2021\/04\/29\/claudio-masson-todos-los-que-nosotros-somos-y-vivimos-tiene-que-ver-con-la-politica\/#article","isPartOf":{"@id":"https:\/\/www.celttv.com.ar\/index.php\/2021\/04\/29\/claudio-masson-todos-los-que-nosotros-somos-y-vivimos-tiene-que-ver-con-la-politica\/"},"author":{"name":"ulises","@id":"https:\/\/www.celttv.com.ar\/#\/schema\/person\/6d99c072dba59953809c81446e9d0ace"},"headline":"Claudio Masson: &#8220;Todo los que nosotros somos y vivimos tiene que ver con la pol\u00edtica&#8221;","datePublished":"2021-04-29T23:46:42+00:00","dateModified":"2021-04-29T23:46:42+00:00","mainEntityOfPage":{"@id":"https:\/\/www.celttv.com.ar\/index.php\/2021\/04\/29\/claudio-masson-todos-los-que-nosotros-somos-y-vivimos-tiene-que-ver-con-la-politica\/"},"wordCount":276,"publisher":{"@id":"https:\/\/www.celttv.com.ar\/#organization"},"articleSection":["Destacadas","Pol\u00edtica"],"inLanguage":"es"},{"@type":"WebPage","@id":"https:\/\/www.celttv.com.ar\/index.php\/2021\/04\/29\/claudio-masson-todos-los-que-nosotros-somos-y-vivimos-tiene-que-ver-con-la-politica\/","url":"https:\/\/www.celttv.com.ar\/index.php\/2021\/04\/29\/claudio-masson-todos-los-que-nosotros-somos-y-vivimos-tiene-que-ver-con-la-politica\/","name":"Claudio Masson: \"Todo los que nosotros somos y vivimos tiene que ver con la pol\u00edtica\" - CELTTV","isPartOf":{"@id":"https:\/\/www.celttv.com.ar\/#website"},"datePublished":"2021-04-29T23:46:42+00:00","dateModified":"2021-04-29T23:46:42+00:00","description":"Sitio web de noticias de la localidad de Tornquist, provincia de Buenos Aires, Rep\u00fablica Argentina. Contenido propio originado por periodistas de CELTTV, el canal de TV local de la Cooperativa El\u00e9ctrica de Tornquist. Turismo, Pol\u00edtica, Sociedad, Deporte, Cultura y todo el contenido de inter\u00e9s general que la gente del pueblo y la regi\u00f3n debe conocer.","breadcrumb":{"@id":"https:\/\/www.celttv.com.ar\/index.php\/2021\/04\/29\/claudio-masson-todos-los-que-nosotros-somos-y-vivimos-tiene-que-ver-con-la-politica\/#breadcrumb"},"inLanguage":"es","potentialAction":[{"@type":"ReadAction","target":["https:\/\/www.celttv.com.ar\/index.php\/2021\/04\/29\/claudio-masson-todos-los-que-nosotros-somos-y-vivimos-tiene-que-ver-con-la-politica\/"]}]},{"@type":"BreadcrumbList","@id":"https:\/\/www.celttv.com.ar\/index.php\/2021\/04\/29\/claudio-masson-todos-los-que-nosotros-somos-y-vivimos-tiene-que-ver-con-la-politica\/#breadcrumb","itemListElement":[{"@type":"ListItem","position":1,"name":"Inicio","item":"https:\/\/www.celttv.com.ar\/"},{"@type":"ListItem","position":2,"name":"Claudio Masson: &#8220;Todo los que nosotros somos y vivimos tiene que ver con la pol\u00edtica&#8221;"}]},{"@type":"WebSite","@id":"https:\/\/www.celttv.com.ar\/#website","url":"https:\/\/www.celttv.com.ar\/","name":"CELTTV","description":"Cooperativa El\u00e9ctrica de Tornquist","publisher":{"@id":"https:\/\/www.celttv.com.ar\/#organization"},"potentialAction":[{"@type":"SearchAction","target":{"@type":"EntryPoint","urlTemplate":"https:\/\/www.celttv.com.ar\/?s={search_term_string}"},"query-input":"required name=search_term_string"}],"inLanguage":"es"},{"@type":"Organization","@id":"https:\/\/www.celttv.com.ar\/#organization","name":"CELTTV","url":"https:\/\/www.celttv.com.ar\/","sameAs":["https:\/\/www.youtube.com\/channel\/UCz_oIt8Hig64Ub-EmcNPIhg","https:\/\/www.facebook.com\/celtTV\/"],"logo":{"@type":"ImageObject","inLanguage":"es","@id":"https:\/\/www.celttv.com.ar\/#\/schema\/logo\/image\/","url":"http:\/\/www.celttv.com.ar\/wp-content\/uploads\/2022\/08\/logo-1.png","contentUrl":"http:\/\/www.celttv.com.ar\/wp-content\/uploads\/2022\/08\/logo-1.png","width":461,"height":159,"caption":"CELTTV"},"image":{"@id":"https:\/\/www.celttv.com.ar\/#\/schema\/logo\/image\/"}},{"@type":"Person","@id":"https:\/\/www.celttv.com.ar\/#\/schema\/person\/6d99c072dba59953809c81446e9d0ace","name":"ulises","image":{"@type":"ImageObject","inLanguage":"es","@id":"https:\/\/www.celttv.com.ar\/#\/schema\/person\/image\/","url":"https:\/\/secure.gravatar.com\/avatar\/7f2c48bdc33b30088f941fb6082e555f2874c98e20cb159d7b92b50eadfce793?s=96&d=mm&r=g","contentUrl":"https:\/\/secure.gravatar.com\/avatar\/7f2c48bdc33b30088f941fb6082e555f2874c98e20cb159d7b92b50eadfce793?s=96&d=mm&r=g","caption":"ulises"},"sameAs":["http:\/\/www.celttv.com.ar"]}]}},"_links":{"self":[{"href":"https:\/\/www.celttv.com.ar\/index.php\/wp-json\/wp\/v2\/posts\/57389","targetHints":{"allow":["GET"]}}],"collection":[{"href":"https:\/\/www.celttv.com.ar\/index.php\/wp-json\/wp\/v2\/posts"}],"about":[{"href":"https:\/\/www.celttv.com.ar\/index.php\/wp-json\/wp\/v2\/types\/post"}],"author":[{"embeddable":true,"href":"https:\/\/www.celttv.com.ar\/index.php\/wp-json\/wp\/v2\/users\/1"}],"replies":[{"embeddable":true,"href":"https:\/\/www.celttv.com.ar\/index.php\/wp-json\/wp\/v2\/comments?post=57389"}],"version-history":[{"count":0,"href":"https:\/\/www.celttv.com.ar\/index.php\/wp-json\/wp\/v2\/posts\/57389\/revisions"}],"wp:featuredmedia":[{"embeddable":true,"href":"https:\/\/www.celttv.com.ar\/index.php\/wp-json\/wp\/v2\/media\/57390"}],"wp:attachment":[{"href":"https:\/\/www.celttv.com.ar\/index.php\/wp-json\/wp\/v2\/media?parent=57389"}],"wp:term":[{"taxonomy":"category","embeddable":true,"href":"https:\/\/www.celttv.com.ar\/index.php\/wp-json\/wp\/v2\/categories?post=57389"},{"taxonomy":"post_tag","embeddable":true,"href":"https:\/\/www.celttv.com.ar\/index.php\/wp-json\/wp\/v2\/tags?post=57389"}],"curies":[{"name":"wp","href":"https:\/\/api.w.org\/{rel}","templated":true}]}}