{"id":57393,"date":"2021-04-30T00:42:06","date_gmt":"2021-04-30T00:42:06","guid":{"rendered":"http:\/\/www.celttv.com.ar\/?p=57393"},"modified":"2021-04-30T00:42:06","modified_gmt":"2021-04-30T00:42:06","slug":"automoto-obras-en-marcha-y-la-idea-de-un-campeonato-de-septiembre-a-abril","status":"publish","type":"post","link":"https:\/\/www.celttv.com.ar\/index.php\/2021\/04\/30\/automoto-obras-en-marcha-y-la-idea-de-un-campeonato-de-septiembre-a-abril\/","title":{"rendered":"Automoto: Obras en marcha y la idea de un campeonato de septiembre a abril"},"content":{"rendered":"\n<p>El presidente del Automoto Club Deportivo habl\u00f3 de las obras que se est\u00e1n realizando en el campo deportivo de la entidad y lo costoso que resultar\u00eda jugar al f\u00fatbol sin una m\u00ednima recaudaci\u00f3n.<\/p>\n\n\n\n<p>&#8220;La televisaci\u00f3n es lo que est\u00e1 bancando la actividad y nosotros, salvando las distancias, tenemos que adaptarnos a estos nuevos tiempos y los clubes de Tornquist estamos convencidos del tema del servicio de streemeng, que no solo sirve para la transmisi\u00f3n de un partido de f\u00fatbol&#8221;<\/p>\n\n\n\n<p>Artola cit\u00f3 como ejemplo la posibilidad de realizar entre Automoto y Uni\u00f3n un<strong> bingo virtual para Tornquist<\/strong>.<\/p>\n\n\n\n<p>&#8220;Tenemos que adaptarnos a esta tecnolog\u00eda y gracias a que tenemos nuestra Cooperativa El\u00e9ctrica en Tornquist que nos da una mano enorme para poder llegar a este tipo de recursos t\u00e9cnicos. Esto sirve para un mont\u00f3n de aplicaciones y para que la gente pueda disfrutar c\u00f3modamente desde su casa de  un evento como puede ser un partido de f\u00fatbol, un bingo o cualquier otra actividad que podamos desarrollar en forma comunitaria y cuid\u00e1ndonos cada uno en su casa y c\u00f3modamente ubicados&#8221; se\u00f1al\u00f3 el presidente azulgrana.<\/p>\n\n\n\n<p><strong>Las obras contin\u00faa a buen ritmo en el Agust\u00edn Ruppel<\/strong><\/p>\n\n\n\n<p>Artola tambi\u00e9n se refiri\u00f3 a las obras que se realizan en el campo deportivo &#8220;Agust\u00edn Ruppel&#8221;  con la incorporaci\u00f3n de <strong>una nueva tribuna<\/strong> y donde se ha redise\u00f1ado distintos sectores.<\/p>\n\n\n\n<p>&#8220;La instalaci\u00f3n de una nueva tribuna era un objetivo que nos habiamos trazado hace dos a\u00f1os atr\u00e1s y siempre con la intenci\u00f3n de mejorar la comodidad de toda la gente&#8221; dijo el titular azulgrana que estim\u00f3 en alrededor de 30 d\u00edas para la finalizaci\u00f3n de la mencionada obra.<\/p>\n\n\n\n<p>Artola tambi\u00e9n mencion\u00f3 la incorporaci\u00f3n de  un sistema de cantina habilitado para ambos sectores y sus correspondientes sanitarios.<\/p>\n\n\n\n<p>Tambi\u00e9n se contemplaron  las medidas de seguridad con la instalaci\u00f3n de los pulmones seg\u00fan el requerimiento de las autoridades de seguridad.<\/p>\n\n\n\n<p><strong>La idea de un campeonato de septiembre a abril<\/strong><\/p>\n\n\n\n<p>Respecto a la continuidad del campeonato de la Liga Regional Artola  LOL consider\u00f3 dif\u00edcil, en funci\u00f3n de como afecta la pandemia en general y en particular en los distintos distritos que forman parte de la Liga Regional de F\u00fatbol.<\/p>\n\n\n\n<p>&#8220;Cuando pasan estas cosas se producen algunas crisis y algunos cambios. Nosotros estar\u00edamos de acuerdo en <strong>comenzar con un campeonato a fines de agosto o principios de septiembre y finalizarlo en abril<\/strong> con un corte de alrededor de un mes, aproximadamente entre el 20 de diciembre y el 20 de enero. Creo que vamos en direcci\u00f3n hacia ese esquema de jugar en ese periodo del a\u00f1o que es el mas lindo&#8221; argument\u00f3 Gabriel Artola.<\/p>\n\n\n\n<p><strong>NOTA COMPLETA EN VIDEO DE CELTTV NOTICIAS<\/strong><\/p>\n\n\n\n<figure class=\"wp-block-embed is-type-video is-provider-youtube wp-block-embed-youtube wp-embed-aspect-16-9 wp-has-aspect-ratio\"><div class=\"wp-block-embed__wrapper\">\n<iframe loading=\"lazy\" title=\"2021 04 29 COMUNICACION VIA ZOOM CON GABRIEL ARTOLA\" width=\"500\" height=\"281\" src=\"https:\/\/www.youtube.com\/embed\/vavVb-nQpw0?feature=oembed\" frameborder=\"0\" allow=\"accelerometer; autoplay; clipboard-write; encrypted-media; gyroscope; picture-in-picture; web-share\" referrerpolicy=\"strict-origin-when-cross-origin\" allowfullscreen><\/iframe>\n<\/div><\/figure>\n\n\n\n<p><\/p>\n","protected":false},"excerpt":{"rendered":"<p>El presidente del Automoto Club Deportivo habl\u00f3 de las obras que se est\u00e1n realizando en el campo deportivo de la entidad y lo costoso que resultar\u00eda jugar al f\u00fatbol sin una m\u00ednima recaudaci\u00f3n. &#8220;La televisaci\u00f3n es lo que est\u00e1 bancando la actividad y nosotros, salvando las distancias, tenemos que adaptarnos a estos nuevos tiempos y [&hellip;]<\/p>\n","protected":false},"author":1,"featured_media":57394,"comment_status":"closed","ping_status":"open","sticky":false,"template":"","format":"standard","meta":{"footnotes":""},"categories":[51,62,52],"tags":[],"class_list":["post-57393","post","type-post","status-publish","format-standard","has-post-thumbnail","hentry","category-comunidad","category-deportes","category-destacadas"],"yoast_head":"<!-- This site is optimized with the Yoast SEO plugin v19.7.1 - https:\/\/yoast.com\/wordpress\/plugins\/seo\/ -->\n<title>Automoto: Obras en marcha y la idea de un campeonato de septiembre a abril - CELTTV<\/title>\n<meta name=\"description\" content=\"Sitio web de noticias de la localidad de Tornquist, provincia de Buenos Aires, Rep\u00fablica Argentina. Contenido propio originado por periodistas de CELTTV, el canal de TV local de la Cooperativa El\u00e9ctrica de Tornquist. Turismo, Pol\u00edtica, Sociedad, Deporte, Cultura y todo el contenido de inter\u00e9s general que la gente del pueblo y la regi\u00f3n debe conocer.\" \/>\n<meta name=\"robots\" content=\"index, follow, max-snippet:-1, max-image-preview:large, max-video-preview:-1\" \/>\n<link rel=\"canonical\" href=\"https:\/\/www.celttv.com.ar\/index.php\/2021\/04\/30\/automoto-obras-en-marcha-y-la-idea-de-un-campeonato-de-septiembre-a-abril\/\" \/>\n<meta property=\"og:locale\" content=\"es_ES\" \/>\n<meta property=\"og:type\" content=\"article\" \/>\n<meta property=\"og:title\" content=\"Automoto: Obras en marcha y la idea de un campeonato de septiembre a abril - CELTTV\" \/>\n<meta property=\"og:description\" content=\"Sitio web de noticias de la localidad de Tornquist, provincia de Buenos Aires, Rep\u00fablica Argentina. Contenido propio originado por periodistas de CELTTV, el canal de TV local de la Cooperativa El\u00e9ctrica de Tornquist. Turismo, Pol\u00edtica, Sociedad, Deporte, Cultura y todo el contenido de inter\u00e9s general que la gente del pueblo y la regi\u00f3n debe conocer.\" \/>\n<meta property=\"og:url\" content=\"https:\/\/www.celttv.com.ar\/index.php\/2021\/04\/30\/automoto-obras-en-marcha-y-la-idea-de-un-campeonato-de-septiembre-a-abril\/\" \/>\n<meta property=\"og:site_name\" content=\"CELTTV\" \/>\n<meta property=\"article:publisher\" content=\"https:\/\/www.facebook.com\/celtTV\/\" \/>\n<meta property=\"article:published_time\" content=\"2021-04-30T00:42:06+00:00\" \/>\n<meta property=\"og:image\" content=\"https:\/\/www.celttv.com.ar\/wp-content\/uploads\/2021\/04\/Artola-pistolero.jpg\" \/>\n\t<meta property=\"og:image:width\" content=\"739\" \/>\n\t<meta property=\"og:image:height\" content=\"447\" \/>\n\t<meta property=\"og:image:type\" content=\"image\/jpeg\" \/>\n<meta name=\"author\" content=\"ulises\" \/>\n<meta name=\"twitter:card\" content=\"summary_large_image\" \/>\n<meta name=\"twitter:label1\" content=\"Escrito por\" \/>\n\t<meta name=\"twitter:data1\" content=\"ulises\" \/>\n\t<meta name=\"twitter:label2\" content=\"Tiempo de lectura\" \/>\n\t<meta name=\"twitter:data2\" content=\"2 minutos\" \/>\n<script type=\"application\/ld+json\" class=\"yoast-schema-graph\">{\"@context\":\"https:\/\/schema.org\",\"@graph\":[{\"@type\":\"NewsArticle\",\"@id\":\"https:\/\/www.celttv.com.ar\/index.php\/2021\/04\/30\/automoto-obras-en-marcha-y-la-idea-de-un-campeonato-de-septiembre-a-abril\/#article\",\"isPartOf\":{\"@id\":\"https:\/\/www.celttv.com.ar\/index.php\/2021\/04\/30\/automoto-obras-en-marcha-y-la-idea-de-un-campeonato-de-septiembre-a-abril\/\"},\"author\":{\"name\":\"ulises\",\"@id\":\"https:\/\/www.celttv.com.ar\/#\/schema\/person\/6d99c072dba59953809c81446e9d0ace\"},\"headline\":\"Automoto: Obras en marcha y la idea de un campeonato de septiembre a abril\",\"datePublished\":\"2021-04-30T00:42:06+00:00\",\"dateModified\":\"2021-04-30T00:42:06+00:00\",\"mainEntityOfPage\":{\"@id\":\"https:\/\/www.celttv.com.ar\/index.php\/2021\/04\/30\/automoto-obras-en-marcha-y-la-idea-de-un-campeonato-de-septiembre-a-abril\/\"},\"wordCount\":493,\"publisher\":{\"@id\":\"https:\/\/www.celttv.com.ar\/#organization\"},\"articleSection\":[\"Comunidad\",\"Deportes\",\"Destacadas\"],\"inLanguage\":\"es\"},{\"@type\":\"WebPage\",\"@id\":\"https:\/\/www.celttv.com.ar\/index.php\/2021\/04\/30\/automoto-obras-en-marcha-y-la-idea-de-un-campeonato-de-septiembre-a-abril\/\",\"url\":\"https:\/\/www.celttv.com.ar\/index.php\/2021\/04\/30\/automoto-obras-en-marcha-y-la-idea-de-un-campeonato-de-septiembre-a-abril\/\",\"name\":\"Automoto: Obras en marcha y la idea de un campeonato de septiembre a abril - CELTTV\",\"isPartOf\":{\"@id\":\"https:\/\/www.celttv.com.ar\/#website\"},\"datePublished\":\"2021-04-30T00:42:06+00:00\",\"dateModified\":\"2021-04-30T00:42:06+00:00\",\"description\":\"Sitio web de noticias de la localidad de Tornquist, provincia de Buenos Aires, Rep\u00fablica Argentina. Contenido propio originado por periodistas de CELTTV, el canal de TV local de la Cooperativa El\u00e9ctrica de Tornquist. Turismo, Pol\u00edtica, Sociedad, Deporte, Cultura y todo el contenido de inter\u00e9s general que la gente del pueblo y la regi\u00f3n debe conocer.\",\"breadcrumb\":{\"@id\":\"https:\/\/www.celttv.com.ar\/index.php\/2021\/04\/30\/automoto-obras-en-marcha-y-la-idea-de-un-campeonato-de-septiembre-a-abril\/#breadcrumb\"},\"inLanguage\":\"es\",\"potentialAction\":[{\"@type\":\"ReadAction\",\"target\":[\"https:\/\/www.celttv.com.ar\/index.php\/2021\/04\/30\/automoto-obras-en-marcha-y-la-idea-de-un-campeonato-de-septiembre-a-abril\/\"]}]},{\"@type\":\"BreadcrumbList\",\"@id\":\"https:\/\/www.celttv.com.ar\/index.php\/2021\/04\/30\/automoto-obras-en-marcha-y-la-idea-de-un-campeonato-de-septiembre-a-abril\/#breadcrumb\",\"itemListElement\":[{\"@type\":\"ListItem\",\"position\":1,\"name\":\"Inicio\",\"item\":\"https:\/\/www.celttv.com.ar\/\"},{\"@type\":\"ListItem\",\"position\":2,\"name\":\"Automoto: Obras en marcha y la idea de un campeonato de septiembre a abril\"}]},{\"@type\":\"WebSite\",\"@id\":\"https:\/\/www.celttv.com.ar\/#website\",\"url\":\"https:\/\/www.celttv.com.ar\/\",\"name\":\"CELTTV\",\"description\":\"Cooperativa El\u00e9ctrica de Tornquist\",\"publisher\":{\"@id\":\"https:\/\/www.celttv.com.ar\/#organization\"},\"potentialAction\":[{\"@type\":\"SearchAction\",\"target\":{\"@type\":\"EntryPoint\",\"urlTemplate\":\"https:\/\/www.celttv.com.ar\/?s={search_term_string}\"},\"query-input\":\"required name=search_term_string\"}],\"inLanguage\":\"es\"},{\"@type\":\"Organization\",\"@id\":\"https:\/\/www.celttv.com.ar\/#organization\",\"name\":\"CELTTV\",\"url\":\"https:\/\/www.celttv.com.ar\/\",\"sameAs\":[\"https:\/\/www.youtube.com\/channel\/UCz_oIt8Hig64Ub-EmcNPIhg\",\"https:\/\/www.facebook.com\/celtTV\/\"],\"logo\":{\"@type\":\"ImageObject\",\"inLanguage\":\"es\",\"@id\":\"https:\/\/www.celttv.com.ar\/#\/schema\/logo\/image\/\",\"url\":\"http:\/\/www.celttv.com.ar\/wp-content\/uploads\/2022\/08\/logo-1.png\",\"contentUrl\":\"http:\/\/www.celttv.com.ar\/wp-content\/uploads\/2022\/08\/logo-1.png\",\"width\":461,\"height\":159,\"caption\":\"CELTTV\"},\"image\":{\"@id\":\"https:\/\/www.celttv.com.ar\/#\/schema\/logo\/image\/\"}},{\"@type\":\"Person\",\"@id\":\"https:\/\/www.celttv.com.ar\/#\/schema\/person\/6d99c072dba59953809c81446e9d0ace\",\"name\":\"ulises\",\"image\":{\"@type\":\"ImageObject\",\"inLanguage\":\"es\",\"@id\":\"https:\/\/www.celttv.com.ar\/#\/schema\/person\/image\/\",\"url\":\"https:\/\/secure.gravatar.com\/avatar\/7f2c48bdc33b30088f941fb6082e555f2874c98e20cb159d7b92b50eadfce793?s=96&d=mm&r=g\",\"contentUrl\":\"https:\/\/secure.gravatar.com\/avatar\/7f2c48bdc33b30088f941fb6082e555f2874c98e20cb159d7b92b50eadfce793?s=96&d=mm&r=g\",\"caption\":\"ulises\"},\"sameAs\":[\"http:\/\/www.celttv.com.ar\"]}]}<\/script>\n<!-- \/ Yoast SEO plugin. -->","yoast_head_json":{"title":"Automoto: Obras en marcha y la idea de un campeonato de septiembre a abril - CELTTV","description":"Sitio web de noticias de la localidad de Tornquist, provincia de Buenos Aires, Rep\u00fablica Argentina. Contenido propio originado por periodistas de CELTTV, el canal de TV local de la Cooperativa El\u00e9ctrica de Tornquist. Turismo, Pol\u00edtica, Sociedad, Deporte, Cultura y todo el contenido de inter\u00e9s general que la gente del pueblo y la regi\u00f3n debe conocer.","robots":{"index":"index","follow":"follow","max-snippet":"max-snippet:-1","max-image-preview":"max-image-preview:large","max-video-preview":"max-video-preview:-1"},"canonical":"https:\/\/www.celttv.com.ar\/index.php\/2021\/04\/30\/automoto-obras-en-marcha-y-la-idea-de-un-campeonato-de-septiembre-a-abril\/","og_locale":"es_ES","og_type":"article","og_title":"Automoto: Obras en marcha y la idea de un campeonato de septiembre a abril - CELTTV","og_description":"Sitio web de noticias de la localidad de Tornquist, provincia de Buenos Aires, Rep\u00fablica Argentina. Contenido propio originado por periodistas de CELTTV, el canal de TV local de la Cooperativa El\u00e9ctrica de Tornquist. Turismo, Pol\u00edtica, Sociedad, Deporte, Cultura y todo el contenido de inter\u00e9s general que la gente del pueblo y la regi\u00f3n debe conocer.","og_url":"https:\/\/www.celttv.com.ar\/index.php\/2021\/04\/30\/automoto-obras-en-marcha-y-la-idea-de-un-campeonato-de-septiembre-a-abril\/","og_site_name":"CELTTV","article_publisher":"https:\/\/www.facebook.com\/celtTV\/","article_published_time":"2021-04-30T00:42:06+00:00","og_image":[{"width":739,"height":447,"url":"https:\/\/www.celttv.com.ar\/wp-content\/uploads\/2021\/04\/Artola-pistolero.jpg","type":"image\/jpeg"}],"author":"ulises","twitter_card":"summary_large_image","twitter_misc":{"Escrito por":"ulises","Tiempo de lectura":"2 minutos"},"schema":{"@context":"https:\/\/schema.org","@graph":[{"@type":"NewsArticle","@id":"https:\/\/www.celttv.com.ar\/index.php\/2021\/04\/30\/automoto-obras-en-marcha-y-la-idea-de-un-campeonato-de-septiembre-a-abril\/#article","isPartOf":{"@id":"https:\/\/www.celttv.com.ar\/index.php\/2021\/04\/30\/automoto-obras-en-marcha-y-la-idea-de-un-campeonato-de-septiembre-a-abril\/"},"author":{"name":"ulises","@id":"https:\/\/www.celttv.com.ar\/#\/schema\/person\/6d99c072dba59953809c81446e9d0ace"},"headline":"Automoto: Obras en marcha y la idea de un campeonato de septiembre a abril","datePublished":"2021-04-30T00:42:06+00:00","dateModified":"2021-04-30T00:42:06+00:00","mainEntityOfPage":{"@id":"https:\/\/www.celttv.com.ar\/index.php\/2021\/04\/30\/automoto-obras-en-marcha-y-la-idea-de-un-campeonato-de-septiembre-a-abril\/"},"wordCount":493,"publisher":{"@id":"https:\/\/www.celttv.com.ar\/#organization"},"articleSection":["Comunidad","Deportes","Destacadas"],"inLanguage":"es"},{"@type":"WebPage","@id":"https:\/\/www.celttv.com.ar\/index.php\/2021\/04\/30\/automoto-obras-en-marcha-y-la-idea-de-un-campeonato-de-septiembre-a-abril\/","url":"https:\/\/www.celttv.com.ar\/index.php\/2021\/04\/30\/automoto-obras-en-marcha-y-la-idea-de-un-campeonato-de-septiembre-a-abril\/","name":"Automoto: Obras en marcha y la idea de un campeonato de septiembre a abril - CELTTV","isPartOf":{"@id":"https:\/\/www.celttv.com.ar\/#website"},"datePublished":"2021-04-30T00:42:06+00:00","dateModified":"2021-04-30T00:42:06+00:00","description":"Sitio web de noticias de la localidad de Tornquist, provincia de Buenos Aires, Rep\u00fablica Argentina. Contenido propio originado por periodistas de CELTTV, el canal de TV local de la Cooperativa El\u00e9ctrica de Tornquist. Turismo, Pol\u00edtica, Sociedad, Deporte, Cultura y todo el contenido de inter\u00e9s general que la gente del pueblo y la regi\u00f3n debe conocer.","breadcrumb":{"@id":"https:\/\/www.celttv.com.ar\/index.php\/2021\/04\/30\/automoto-obras-en-marcha-y-la-idea-de-un-campeonato-de-septiembre-a-abril\/#breadcrumb"},"inLanguage":"es","potentialAction":[{"@type":"ReadAction","target":["https:\/\/www.celttv.com.ar\/index.php\/2021\/04\/30\/automoto-obras-en-marcha-y-la-idea-de-un-campeonato-de-septiembre-a-abril\/"]}]},{"@type":"BreadcrumbList","@id":"https:\/\/www.celttv.com.ar\/index.php\/2021\/04\/30\/automoto-obras-en-marcha-y-la-idea-de-un-campeonato-de-septiembre-a-abril\/#breadcrumb","itemListElement":[{"@type":"ListItem","position":1,"name":"Inicio","item":"https:\/\/www.celttv.com.ar\/"},{"@type":"ListItem","position":2,"name":"Automoto: Obras en marcha y la idea de un campeonato de septiembre a abril"}]},{"@type":"WebSite","@id":"https:\/\/www.celttv.com.ar\/#website","url":"https:\/\/www.celttv.com.ar\/","name":"CELTTV","description":"Cooperativa El\u00e9ctrica de Tornquist","publisher":{"@id":"https:\/\/www.celttv.com.ar\/#organization"},"potentialAction":[{"@type":"SearchAction","target":{"@type":"EntryPoint","urlTemplate":"https:\/\/www.celttv.com.ar\/?s={search_term_string}"},"query-input":"required name=search_term_string"}],"inLanguage":"es"},{"@type":"Organization","@id":"https:\/\/www.celttv.com.ar\/#organization","name":"CELTTV","url":"https:\/\/www.celttv.com.ar\/","sameAs":["https:\/\/www.youtube.com\/channel\/UCz_oIt8Hig64Ub-EmcNPIhg","https:\/\/www.facebook.com\/celtTV\/"],"logo":{"@type":"ImageObject","inLanguage":"es","@id":"https:\/\/www.celttv.com.ar\/#\/schema\/logo\/image\/","url":"http:\/\/www.celttv.com.ar\/wp-content\/uploads\/2022\/08\/logo-1.png","contentUrl":"http:\/\/www.celttv.com.ar\/wp-content\/uploads\/2022\/08\/logo-1.png","width":461,"height":159,"caption":"CELTTV"},"image":{"@id":"https:\/\/www.celttv.com.ar\/#\/schema\/logo\/image\/"}},{"@type":"Person","@id":"https:\/\/www.celttv.com.ar\/#\/schema\/person\/6d99c072dba59953809c81446e9d0ace","name":"ulises","image":{"@type":"ImageObject","inLanguage":"es","@id":"https:\/\/www.celttv.com.ar\/#\/schema\/person\/image\/","url":"https:\/\/secure.gravatar.com\/avatar\/7f2c48bdc33b30088f941fb6082e555f2874c98e20cb159d7b92b50eadfce793?s=96&d=mm&r=g","contentUrl":"https:\/\/secure.gravatar.com\/avatar\/7f2c48bdc33b30088f941fb6082e555f2874c98e20cb159d7b92b50eadfce793?s=96&d=mm&r=g","caption":"ulises"},"sameAs":["http:\/\/www.celttv.com.ar"]}]}},"_links":{"self":[{"href":"https:\/\/www.celttv.com.ar\/index.php\/wp-json\/wp\/v2\/posts\/57393","targetHints":{"allow":["GET"]}}],"collection":[{"href":"https:\/\/www.celttv.com.ar\/index.php\/wp-json\/wp\/v2\/posts"}],"about":[{"href":"https:\/\/www.celttv.com.ar\/index.php\/wp-json\/wp\/v2\/types\/post"}],"author":[{"embeddable":true,"href":"https:\/\/www.celttv.com.ar\/index.php\/wp-json\/wp\/v2\/users\/1"}],"replies":[{"embeddable":true,"href":"https:\/\/www.celttv.com.ar\/index.php\/wp-json\/wp\/v2\/comments?post=57393"}],"version-history":[{"count":0,"href":"https:\/\/www.celttv.com.ar\/index.php\/wp-json\/wp\/v2\/posts\/57393\/revisions"}],"wp:featuredmedia":[{"embeddable":true,"href":"https:\/\/www.celttv.com.ar\/index.php\/wp-json\/wp\/v2\/media\/57394"}],"wp:attachment":[{"href":"https:\/\/www.celttv.com.ar\/index.php\/wp-json\/wp\/v2\/media?parent=57393"}],"wp:term":[{"taxonomy":"category","embeddable":true,"href":"https:\/\/www.celttv.com.ar\/index.php\/wp-json\/wp\/v2\/categories?post=57393"},{"taxonomy":"post_tag","embeddable":true,"href":"https:\/\/www.celttv.com.ar\/index.php\/wp-json\/wp\/v2\/tags?post=57393"}],"curies":[{"name":"wp","href":"https:\/\/api.w.org\/{rel}","templated":true}]}}