{"id":57396,"date":"2021-04-30T02:17:21","date_gmt":"2021-04-30T02:17:21","guid":{"rendered":"http:\/\/www.celttv.com.ar\/?p=57396"},"modified":"2021-04-30T02:17:21","modified_gmt":"2021-04-30T02:17:21","slug":"bordoni-firmo-un-convenio-para-la-refuncionalizacion-de-la-estacion-saldungaray-con-fines-turisticos","status":"publish","type":"post","link":"https:\/\/www.celttv.com.ar\/index.php\/2021\/04\/30\/bordoni-firmo-un-convenio-para-la-refuncionalizacion-de-la-estacion-saldungaray-con-fines-turisticos\/","title":{"rendered":"Bordoni firm\u00f3 un convenio para la refuncionalizaci\u00f3n de la Estaci\u00f3n Saldungaray con fines tur\u00edsticos"},"content":{"rendered":"\n<p>El intendente Sergio Bordoni firm\u00f3 un convenio urban\u00edstico con la Administraci\u00f3n de Infraestructuras Ferroviarias (ADIF), para la custodia y refuncionalizaci\u00f3n de la Estaci\u00f3n Saldungaray con fines tur\u00edsticos.<\/p>\n\n\n\n<p>La r\u00fabrica se dio en el marco de la propuesta del municipio de Tornquist de preservaci\u00f3n, mantenimiento, limpieza y uso del inmueble de 3964 metros cuadrados, ya que se encontraba sin uso y en riesgo de ser intrusado.<\/p>\n\n\n\n<p>A partir del convenio, el municipio restaurar\u00e1 el Edificio de Pasajeros y su entorno, siempre conservando las instalaciones ferroviarias en su estado original sin modificaciones significativas, para redestinarlo como sitio tur\u00edstico.<\/p>\n\n\n\n<p>La firma del acuerdo tuvo lugar este jueves en la Ciudad de Buenos Aires, junto al Presidente de ADIF, Alexis Guerrera.<\/p>\n\n\n\n<figure class=\"wp-block-gallery columns-2 is-cropped wp-block-gallery-1 is-layout-flex wp-block-gallery-is-layout-flex\"><ul class=\"blocks-gallery-grid\"><li class=\"blocks-gallery-item\"><figure><img loading=\"lazy\" decoding=\"async\" width=\"848\" height=\"607\" src=\"http:\/\/www.celttv.com.ar\/wp-content\/uploads\/2021\/04\/Firma-convenio-Estacion-Saldungaray-0.jpeg\" alt=\"\" data-id=\"57397\" data-link=\"http:\/\/www.celttv.com.ar\/?attachment_id=57397\" class=\"wp-image-57397\" srcset=\"https:\/\/www.celttv.com.ar\/wp-content\/uploads\/2021\/04\/Firma-convenio-Estacion-Saldungaray-0.jpeg 848w, https:\/\/www.celttv.com.ar\/wp-content\/uploads\/2021\/04\/Firma-convenio-Estacion-Saldungaray-0-300x215.jpeg 300w, https:\/\/www.celttv.com.ar\/wp-content\/uploads\/2021\/04\/Firma-convenio-Estacion-Saldungaray-0-768x550.jpeg 768w, https:\/\/www.celttv.com.ar\/wp-content\/uploads\/2021\/04\/Firma-convenio-Estacion-Saldungaray-0-120x86.jpeg 120w, https:\/\/www.celttv.com.ar\/wp-content\/uploads\/2021\/04\/Firma-convenio-Estacion-Saldungaray-0-350x250.jpeg 350w, https:\/\/www.celttv.com.ar\/wp-content\/uploads\/2021\/04\/Firma-convenio-Estacion-Saldungaray-0-750x537.jpeg 750w\" sizes=\"auto, (max-width: 848px) 100vw, 848px\" \/><\/figure><\/li><li class=\"blocks-gallery-item\"><figure><img loading=\"lazy\" decoding=\"async\" width=\"948\" height=\"691\" src=\"http:\/\/www.celttv.com.ar\/wp-content\/uploads\/2021\/04\/Firma-convenio-Estacion-Saldungaray.jpeg\" alt=\"\" data-id=\"57398\" data-link=\"http:\/\/www.celttv.com.ar\/?attachment_id=57398\" class=\"wp-image-57398\" srcset=\"https:\/\/www.celttv.com.ar\/wp-content\/uploads\/2021\/04\/Firma-convenio-Estacion-Saldungaray.jpeg 948w, https:\/\/www.celttv.com.ar\/wp-content\/uploads\/2021\/04\/Firma-convenio-Estacion-Saldungaray-300x219.jpeg 300w, https:\/\/www.celttv.com.ar\/wp-content\/uploads\/2021\/04\/Firma-convenio-Estacion-Saldungaray-768x560.jpeg 768w, https:\/\/www.celttv.com.ar\/wp-content\/uploads\/2021\/04\/Firma-convenio-Estacion-Saldungaray-120x86.jpeg 120w, https:\/\/www.celttv.com.ar\/wp-content\/uploads\/2021\/04\/Firma-convenio-Estacion-Saldungaray-750x547.jpeg 750w\" sizes=\"auto, (max-width: 948px) 100vw, 948px\" \/><\/figure><\/li><\/ul><\/figure>\n\n\n","protected":false},"excerpt":{"rendered":"<p>El intendente Sergio Bordoni firm\u00f3 un convenio urban\u00edstico con la Administraci\u00f3n de Infraestructuras Ferroviarias (ADIF), para la custodia y refuncionalizaci\u00f3n de la Estaci\u00f3n Saldungaray con fines tur\u00edsticos. La r\u00fabrica se dio en el marco de la propuesta del municipio de Tornquist de preservaci\u00f3n, mantenimiento, limpieza y uso del inmueble de 3964 metros cuadrados, ya que [&hellip;]<\/p>\n","protected":false},"author":1,"featured_media":57397,"comment_status":"closed","ping_status":"open","sticky":false,"template":"","format":"standard","meta":{"footnotes":""},"categories":[55,51,59],"tags":[],"class_list":["post-57396","post","type-post","status-publish","format-standard","has-post-thumbnail","hentry","category-celt-tv-noticias","category-comunidad","category-municipales"],"yoast_head":"<!-- This site is optimized with the Yoast SEO plugin v19.7.1 - https:\/\/yoast.com\/wordpress\/plugins\/seo\/ -->\n<title>Bordoni firm\u00f3 un convenio para la refuncionalizaci\u00f3n de la Estaci\u00f3n Saldungaray con fines tur\u00edsticos - CELTTV<\/title>\n<meta name=\"description\" content=\"Sitio web de noticias de la localidad de Tornquist, provincia de Buenos Aires, Rep\u00fablica Argentina. Contenido propio originado por periodistas de CELTTV, el canal de TV local de la Cooperativa El\u00e9ctrica de Tornquist. Turismo, Pol\u00edtica, Sociedad, Deporte, Cultura y todo el contenido de inter\u00e9s general que la gente del pueblo y la regi\u00f3n debe conocer.\" \/>\n<meta name=\"robots\" content=\"index, follow, max-snippet:-1, max-image-preview:large, max-video-preview:-1\" \/>\n<link rel=\"canonical\" href=\"https:\/\/www.celttv.com.ar\/index.php\/2021\/04\/30\/bordoni-firmo-un-convenio-para-la-refuncionalizacion-de-la-estacion-saldungaray-con-fines-turisticos\/\" \/>\n<meta property=\"og:locale\" content=\"es_ES\" \/>\n<meta property=\"og:type\" content=\"article\" \/>\n<meta property=\"og:title\" content=\"Bordoni firm\u00f3 un convenio para la refuncionalizaci\u00f3n de la Estaci\u00f3n Saldungaray con fines tur\u00edsticos - CELTTV\" \/>\n<meta property=\"og:description\" content=\"Sitio web de noticias de la localidad de Tornquist, provincia de Buenos Aires, Rep\u00fablica Argentina. Contenido propio originado por periodistas de CELTTV, el canal de TV local de la Cooperativa El\u00e9ctrica de Tornquist. Turismo, Pol\u00edtica, Sociedad, Deporte, Cultura y todo el contenido de inter\u00e9s general que la gente del pueblo y la regi\u00f3n debe conocer.\" \/>\n<meta property=\"og:url\" content=\"https:\/\/www.celttv.com.ar\/index.php\/2021\/04\/30\/bordoni-firmo-un-convenio-para-la-refuncionalizacion-de-la-estacion-saldungaray-con-fines-turisticos\/\" \/>\n<meta property=\"og:site_name\" content=\"CELTTV\" \/>\n<meta property=\"article:publisher\" content=\"https:\/\/www.facebook.com\/celtTV\/\" \/>\n<meta property=\"article:published_time\" content=\"2021-04-30T02:17:21+00:00\" \/>\n<meta property=\"og:image\" content=\"https:\/\/www.celttv.com.ar\/wp-content\/uploads\/2021\/04\/Firma-convenio-Estacion-Saldungaray-0.jpeg\" \/>\n\t<meta property=\"og:image:width\" content=\"848\" \/>\n\t<meta property=\"og:image:height\" content=\"607\" \/>\n\t<meta property=\"og:image:type\" content=\"image\/jpeg\" \/>\n<meta name=\"author\" content=\"ulises\" \/>\n<meta name=\"twitter:card\" content=\"summary_large_image\" \/>\n<meta name=\"twitter:label1\" content=\"Escrito por\" \/>\n\t<meta name=\"twitter:data1\" content=\"ulises\" \/>\n\t<meta name=\"twitter:label2\" content=\"Tiempo de lectura\" \/>\n\t<meta name=\"twitter:data2\" content=\"1 minuto\" \/>\n<script type=\"application\/ld+json\" class=\"yoast-schema-graph\">{\"@context\":\"https:\/\/schema.org\",\"@graph\":[{\"@type\":\"NewsArticle\",\"@id\":\"https:\/\/www.celttv.com.ar\/index.php\/2021\/04\/30\/bordoni-firmo-un-convenio-para-la-refuncionalizacion-de-la-estacion-saldungaray-con-fines-turisticos\/#article\",\"isPartOf\":{\"@id\":\"https:\/\/www.celttv.com.ar\/index.php\/2021\/04\/30\/bordoni-firmo-un-convenio-para-la-refuncionalizacion-de-la-estacion-saldungaray-con-fines-turisticos\/\"},\"author\":{\"name\":\"ulises\",\"@id\":\"https:\/\/www.celttv.com.ar\/#\/schema\/person\/6d99c072dba59953809c81446e9d0ace\"},\"headline\":\"Bordoni firm\u00f3 un convenio para la refuncionalizaci\u00f3n de la Estaci\u00f3n Saldungaray con fines tur\u00edsticos\",\"datePublished\":\"2021-04-30T02:17:21+00:00\",\"dateModified\":\"2021-04-30T02:17:21+00:00\",\"mainEntityOfPage\":{\"@id\":\"https:\/\/www.celttv.com.ar\/index.php\/2021\/04\/30\/bordoni-firmo-un-convenio-para-la-refuncionalizacion-de-la-estacion-saldungaray-con-fines-turisticos\/\"},\"wordCount\":141,\"publisher\":{\"@id\":\"https:\/\/www.celttv.com.ar\/#organization\"},\"articleSection\":[\"Celt TV Noticias\",\"Comunidad\",\"Municipales\"],\"inLanguage\":\"es\"},{\"@type\":\"WebPage\",\"@id\":\"https:\/\/www.celttv.com.ar\/index.php\/2021\/04\/30\/bordoni-firmo-un-convenio-para-la-refuncionalizacion-de-la-estacion-saldungaray-con-fines-turisticos\/\",\"url\":\"https:\/\/www.celttv.com.ar\/index.php\/2021\/04\/30\/bordoni-firmo-un-convenio-para-la-refuncionalizacion-de-la-estacion-saldungaray-con-fines-turisticos\/\",\"name\":\"Bordoni firm\u00f3 un convenio para la refuncionalizaci\u00f3n de la Estaci\u00f3n Saldungaray con fines tur\u00edsticos - CELTTV\",\"isPartOf\":{\"@id\":\"https:\/\/www.celttv.com.ar\/#website\"},\"datePublished\":\"2021-04-30T02:17:21+00:00\",\"dateModified\":\"2021-04-30T02:17:21+00:00\",\"description\":\"Sitio web de noticias de la localidad de Tornquist, provincia de Buenos Aires, Rep\u00fablica Argentina. Contenido propio originado por periodistas de CELTTV, el canal de TV local de la Cooperativa El\u00e9ctrica de Tornquist. Turismo, Pol\u00edtica, Sociedad, Deporte, Cultura y todo el contenido de inter\u00e9s general que la gente del pueblo y la regi\u00f3n debe conocer.\",\"breadcrumb\":{\"@id\":\"https:\/\/www.celttv.com.ar\/index.php\/2021\/04\/30\/bordoni-firmo-un-convenio-para-la-refuncionalizacion-de-la-estacion-saldungaray-con-fines-turisticos\/#breadcrumb\"},\"inLanguage\":\"es\",\"potentialAction\":[{\"@type\":\"ReadAction\",\"target\":[\"https:\/\/www.celttv.com.ar\/index.php\/2021\/04\/30\/bordoni-firmo-un-convenio-para-la-refuncionalizacion-de-la-estacion-saldungaray-con-fines-turisticos\/\"]}]},{\"@type\":\"BreadcrumbList\",\"@id\":\"https:\/\/www.celttv.com.ar\/index.php\/2021\/04\/30\/bordoni-firmo-un-convenio-para-la-refuncionalizacion-de-la-estacion-saldungaray-con-fines-turisticos\/#breadcrumb\",\"itemListElement\":[{\"@type\":\"ListItem\",\"position\":1,\"name\":\"Inicio\",\"item\":\"https:\/\/www.celttv.com.ar\/\"},{\"@type\":\"ListItem\",\"position\":2,\"name\":\"Bordoni firm\u00f3 un convenio para la refuncionalizaci\u00f3n de la Estaci\u00f3n Saldungaray con fines tur\u00edsticos\"}]},{\"@type\":\"WebSite\",\"@id\":\"https:\/\/www.celttv.com.ar\/#website\",\"url\":\"https:\/\/www.celttv.com.ar\/\",\"name\":\"CELTTV\",\"description\":\"Cooperativa El\u00e9ctrica de Tornquist\",\"publisher\":{\"@id\":\"https:\/\/www.celttv.com.ar\/#organization\"},\"potentialAction\":[{\"@type\":\"SearchAction\",\"target\":{\"@type\":\"EntryPoint\",\"urlTemplate\":\"https:\/\/www.celttv.com.ar\/?s={search_term_string}\"},\"query-input\":\"required name=search_term_string\"}],\"inLanguage\":\"es\"},{\"@type\":\"Organization\",\"@id\":\"https:\/\/www.celttv.com.ar\/#organization\",\"name\":\"CELTTV\",\"url\":\"https:\/\/www.celttv.com.ar\/\",\"sameAs\":[\"https:\/\/www.youtube.com\/channel\/UCz_oIt8Hig64Ub-EmcNPIhg\",\"https:\/\/www.facebook.com\/celtTV\/\"],\"logo\":{\"@type\":\"ImageObject\",\"inLanguage\":\"es\",\"@id\":\"https:\/\/www.celttv.com.ar\/#\/schema\/logo\/image\/\",\"url\":\"http:\/\/www.celttv.com.ar\/wp-content\/uploads\/2022\/08\/logo-1.png\",\"contentUrl\":\"http:\/\/www.celttv.com.ar\/wp-content\/uploads\/2022\/08\/logo-1.png\",\"width\":461,\"height\":159,\"caption\":\"CELTTV\"},\"image\":{\"@id\":\"https:\/\/www.celttv.com.ar\/#\/schema\/logo\/image\/\"}},{\"@type\":\"Person\",\"@id\":\"https:\/\/www.celttv.com.ar\/#\/schema\/person\/6d99c072dba59953809c81446e9d0ace\",\"name\":\"ulises\",\"image\":{\"@type\":\"ImageObject\",\"inLanguage\":\"es\",\"@id\":\"https:\/\/www.celttv.com.ar\/#\/schema\/person\/image\/\",\"url\":\"https:\/\/secure.gravatar.com\/avatar\/7f2c48bdc33b30088f941fb6082e555f2874c98e20cb159d7b92b50eadfce793?s=96&d=mm&r=g\",\"contentUrl\":\"https:\/\/secure.gravatar.com\/avatar\/7f2c48bdc33b30088f941fb6082e555f2874c98e20cb159d7b92b50eadfce793?s=96&d=mm&r=g\",\"caption\":\"ulises\"},\"sameAs\":[\"http:\/\/www.celttv.com.ar\"]}]}<\/script>\n<!-- \/ Yoast SEO plugin. -->","yoast_head_json":{"title":"Bordoni firm\u00f3 un convenio para la refuncionalizaci\u00f3n de la Estaci\u00f3n Saldungaray con fines tur\u00edsticos - CELTTV","description":"Sitio web de noticias de la localidad de Tornquist, provincia de Buenos Aires, Rep\u00fablica Argentina. Contenido propio originado por periodistas de CELTTV, el canal de TV local de la Cooperativa El\u00e9ctrica de Tornquist. Turismo, Pol\u00edtica, Sociedad, Deporte, Cultura y todo el contenido de inter\u00e9s general que la gente del pueblo y la regi\u00f3n debe conocer.","robots":{"index":"index","follow":"follow","max-snippet":"max-snippet:-1","max-image-preview":"max-image-preview:large","max-video-preview":"max-video-preview:-1"},"canonical":"https:\/\/www.celttv.com.ar\/index.php\/2021\/04\/30\/bordoni-firmo-un-convenio-para-la-refuncionalizacion-de-la-estacion-saldungaray-con-fines-turisticos\/","og_locale":"es_ES","og_type":"article","og_title":"Bordoni firm\u00f3 un convenio para la refuncionalizaci\u00f3n de la Estaci\u00f3n Saldungaray con fines tur\u00edsticos - CELTTV","og_description":"Sitio web de noticias de la localidad de Tornquist, provincia de Buenos Aires, Rep\u00fablica Argentina. Contenido propio originado por periodistas de CELTTV, el canal de TV local de la Cooperativa El\u00e9ctrica de Tornquist. Turismo, Pol\u00edtica, Sociedad, Deporte, Cultura y todo el contenido de inter\u00e9s general que la gente del pueblo y la regi\u00f3n debe conocer.","og_url":"https:\/\/www.celttv.com.ar\/index.php\/2021\/04\/30\/bordoni-firmo-un-convenio-para-la-refuncionalizacion-de-la-estacion-saldungaray-con-fines-turisticos\/","og_site_name":"CELTTV","article_publisher":"https:\/\/www.facebook.com\/celtTV\/","article_published_time":"2021-04-30T02:17:21+00:00","og_image":[{"width":848,"height":607,"url":"https:\/\/www.celttv.com.ar\/wp-content\/uploads\/2021\/04\/Firma-convenio-Estacion-Saldungaray-0.jpeg","type":"image\/jpeg"}],"author":"ulises","twitter_card":"summary_large_image","twitter_misc":{"Escrito por":"ulises","Tiempo de lectura":"1 minuto"},"schema":{"@context":"https:\/\/schema.org","@graph":[{"@type":"NewsArticle","@id":"https:\/\/www.celttv.com.ar\/index.php\/2021\/04\/30\/bordoni-firmo-un-convenio-para-la-refuncionalizacion-de-la-estacion-saldungaray-con-fines-turisticos\/#article","isPartOf":{"@id":"https:\/\/www.celttv.com.ar\/index.php\/2021\/04\/30\/bordoni-firmo-un-convenio-para-la-refuncionalizacion-de-la-estacion-saldungaray-con-fines-turisticos\/"},"author":{"name":"ulises","@id":"https:\/\/www.celttv.com.ar\/#\/schema\/person\/6d99c072dba59953809c81446e9d0ace"},"headline":"Bordoni firm\u00f3 un convenio para la refuncionalizaci\u00f3n de la Estaci\u00f3n Saldungaray con fines tur\u00edsticos","datePublished":"2021-04-30T02:17:21+00:00","dateModified":"2021-04-30T02:17:21+00:00","mainEntityOfPage":{"@id":"https:\/\/www.celttv.com.ar\/index.php\/2021\/04\/30\/bordoni-firmo-un-convenio-para-la-refuncionalizacion-de-la-estacion-saldungaray-con-fines-turisticos\/"},"wordCount":141,"publisher":{"@id":"https:\/\/www.celttv.com.ar\/#organization"},"articleSection":["Celt TV Noticias","Comunidad","Municipales"],"inLanguage":"es"},{"@type":"WebPage","@id":"https:\/\/www.celttv.com.ar\/index.php\/2021\/04\/30\/bordoni-firmo-un-convenio-para-la-refuncionalizacion-de-la-estacion-saldungaray-con-fines-turisticos\/","url":"https:\/\/www.celttv.com.ar\/index.php\/2021\/04\/30\/bordoni-firmo-un-convenio-para-la-refuncionalizacion-de-la-estacion-saldungaray-con-fines-turisticos\/","name":"Bordoni firm\u00f3 un convenio para la refuncionalizaci\u00f3n de la Estaci\u00f3n Saldungaray con fines tur\u00edsticos - CELTTV","isPartOf":{"@id":"https:\/\/www.celttv.com.ar\/#website"},"datePublished":"2021-04-30T02:17:21+00:00","dateModified":"2021-04-30T02:17:21+00:00","description":"Sitio web de noticias de la localidad de Tornquist, provincia de Buenos Aires, Rep\u00fablica Argentina. Contenido propio originado por periodistas de CELTTV, el canal de TV local de la Cooperativa El\u00e9ctrica de Tornquist. Turismo, Pol\u00edtica, Sociedad, Deporte, Cultura y todo el contenido de inter\u00e9s general que la gente del pueblo y la regi\u00f3n debe conocer.","breadcrumb":{"@id":"https:\/\/www.celttv.com.ar\/index.php\/2021\/04\/30\/bordoni-firmo-un-convenio-para-la-refuncionalizacion-de-la-estacion-saldungaray-con-fines-turisticos\/#breadcrumb"},"inLanguage":"es","potentialAction":[{"@type":"ReadAction","target":["https:\/\/www.celttv.com.ar\/index.php\/2021\/04\/30\/bordoni-firmo-un-convenio-para-la-refuncionalizacion-de-la-estacion-saldungaray-con-fines-turisticos\/"]}]},{"@type":"BreadcrumbList","@id":"https:\/\/www.celttv.com.ar\/index.php\/2021\/04\/30\/bordoni-firmo-un-convenio-para-la-refuncionalizacion-de-la-estacion-saldungaray-con-fines-turisticos\/#breadcrumb","itemListElement":[{"@type":"ListItem","position":1,"name":"Inicio","item":"https:\/\/www.celttv.com.ar\/"},{"@type":"ListItem","position":2,"name":"Bordoni firm\u00f3 un convenio para la refuncionalizaci\u00f3n de la Estaci\u00f3n Saldungaray con fines tur\u00edsticos"}]},{"@type":"WebSite","@id":"https:\/\/www.celttv.com.ar\/#website","url":"https:\/\/www.celttv.com.ar\/","name":"CELTTV","description":"Cooperativa El\u00e9ctrica de Tornquist","publisher":{"@id":"https:\/\/www.celttv.com.ar\/#organization"},"potentialAction":[{"@type":"SearchAction","target":{"@type":"EntryPoint","urlTemplate":"https:\/\/www.celttv.com.ar\/?s={search_term_string}"},"query-input":"required name=search_term_string"}],"inLanguage":"es"},{"@type":"Organization","@id":"https:\/\/www.celttv.com.ar\/#organization","name":"CELTTV","url":"https:\/\/www.celttv.com.ar\/","sameAs":["https:\/\/www.youtube.com\/channel\/UCz_oIt8Hig64Ub-EmcNPIhg","https:\/\/www.facebook.com\/celtTV\/"],"logo":{"@type":"ImageObject","inLanguage":"es","@id":"https:\/\/www.celttv.com.ar\/#\/schema\/logo\/image\/","url":"http:\/\/www.celttv.com.ar\/wp-content\/uploads\/2022\/08\/logo-1.png","contentUrl":"http:\/\/www.celttv.com.ar\/wp-content\/uploads\/2022\/08\/logo-1.png","width":461,"height":159,"caption":"CELTTV"},"image":{"@id":"https:\/\/www.celttv.com.ar\/#\/schema\/logo\/image\/"}},{"@type":"Person","@id":"https:\/\/www.celttv.com.ar\/#\/schema\/person\/6d99c072dba59953809c81446e9d0ace","name":"ulises","image":{"@type":"ImageObject","inLanguage":"es","@id":"https:\/\/www.celttv.com.ar\/#\/schema\/person\/image\/","url":"https:\/\/secure.gravatar.com\/avatar\/7f2c48bdc33b30088f941fb6082e555f2874c98e20cb159d7b92b50eadfce793?s=96&d=mm&r=g","contentUrl":"https:\/\/secure.gravatar.com\/avatar\/7f2c48bdc33b30088f941fb6082e555f2874c98e20cb159d7b92b50eadfce793?s=96&d=mm&r=g","caption":"ulises"},"sameAs":["http:\/\/www.celttv.com.ar"]}]}},"_links":{"self":[{"href":"https:\/\/www.celttv.com.ar\/index.php\/wp-json\/wp\/v2\/posts\/57396","targetHints":{"allow":["GET"]}}],"collection":[{"href":"https:\/\/www.celttv.com.ar\/index.php\/wp-json\/wp\/v2\/posts"}],"about":[{"href":"https:\/\/www.celttv.com.ar\/index.php\/wp-json\/wp\/v2\/types\/post"}],"author":[{"embeddable":true,"href":"https:\/\/www.celttv.com.ar\/index.php\/wp-json\/wp\/v2\/users\/1"}],"replies":[{"embeddable":true,"href":"https:\/\/www.celttv.com.ar\/index.php\/wp-json\/wp\/v2\/comments?post=57396"}],"version-history":[{"count":0,"href":"https:\/\/www.celttv.com.ar\/index.php\/wp-json\/wp\/v2\/posts\/57396\/revisions"}],"wp:featuredmedia":[{"embeddable":true,"href":"https:\/\/www.celttv.com.ar\/index.php\/wp-json\/wp\/v2\/media\/57397"}],"wp:attachment":[{"href":"https:\/\/www.celttv.com.ar\/index.php\/wp-json\/wp\/v2\/media?parent=57396"}],"wp:term":[{"taxonomy":"category","embeddable":true,"href":"https:\/\/www.celttv.com.ar\/index.php\/wp-json\/wp\/v2\/categories?post=57396"},{"taxonomy":"post_tag","embeddable":true,"href":"https:\/\/www.celttv.com.ar\/index.php\/wp-json\/wp\/v2\/tags?post=57396"}],"curies":[{"name":"wp","href":"https:\/\/api.w.org\/{rel}","templated":true}]}}