{"id":57400,"date":"2021-04-30T13:24:25","date_gmt":"2021-04-30T13:24:25","guid":{"rendered":"http:\/\/www.celttv.com.ar\/?p=57400"},"modified":"2021-04-30T13:24:25","modified_gmt":"2021-04-30T13:24:25","slug":"el-lobo-caru-es-la-nueva-mascota-de-semillero-verde","status":"publish","type":"post","link":"https:\/\/www.celttv.com.ar\/index.php\/2021\/04\/30\/el-lobo-caru-es-la-nueva-mascota-de-semillero-verde\/","title":{"rendered":"El Lobo &#8220;Car\u00fa&#8221; es la nueva mascota de &#8220;Semillero Verde&#8221;"},"content":{"rendered":"\n<p>Los chicos de la escuelita de f\u00f9tbol del Club Uni\u00f3n, ayer vivieron un momento de gran sorpresa y alegr\u00eda cuando conocieron a la mascota que identificar\u00e1 a &#8220;Semillero Verde&#8221;.<\/p>\n\n\n\n<p>El coordinador de dicha escuelita, Pablo Romano, fue el encargado de presentar al lobo &#8220;Car\u00fa&#8221;, quien se hizo presente en la cancha de c\u00e9sped sint\u00e9tico de la entidad verde, ante el aplauso y los gritos de los chicos.<\/p>\n\n\n\n<figure class=\"wp-block-image size-large\"><img loading=\"lazy\" decoding=\"async\" width=\"960\" height=\"720\" src=\"http:\/\/www.celttv.com.ar\/wp-content\/uploads\/2021\/04\/180382741_2674962186057831_4483762108559234330_n.jpg\" alt=\"\" class=\"wp-image-57401\" srcset=\"https:\/\/www.celttv.com.ar\/wp-content\/uploads\/2021\/04\/180382741_2674962186057831_4483762108559234330_n.jpg 960w, https:\/\/www.celttv.com.ar\/wp-content\/uploads\/2021\/04\/180382741_2674962186057831_4483762108559234330_n-300x225.jpg 300w, https:\/\/www.celttv.com.ar\/wp-content\/uploads\/2021\/04\/180382741_2674962186057831_4483762108559234330_n-768x576.jpg 768w, https:\/\/www.celttv.com.ar\/wp-content\/uploads\/2021\/04\/180382741_2674962186057831_4483762108559234330_n-750x563.jpg 750w\" sizes=\"auto, (max-width: 960px) 100vw, 960px\" \/><\/figure>\n\n\n\n<figure class=\"wp-block-image size-large\"><img loading=\"lazy\" decoding=\"async\" width=\"960\" height=\"720\" src=\"http:\/\/www.celttv.com.ar\/wp-content\/uploads\/2021\/04\/180646206_2674962106057839_7857387525236119758_n.jpg\" alt=\"\" class=\"wp-image-57402\" srcset=\"https:\/\/www.celttv.com.ar\/wp-content\/uploads\/2021\/04\/180646206_2674962106057839_7857387525236119758_n.jpg 960w, https:\/\/www.celttv.com.ar\/wp-content\/uploads\/2021\/04\/180646206_2674962106057839_7857387525236119758_n-300x225.jpg 300w, https:\/\/www.celttv.com.ar\/wp-content\/uploads\/2021\/04\/180646206_2674962106057839_7857387525236119758_n-768x576.jpg 768w, https:\/\/www.celttv.com.ar\/wp-content\/uploads\/2021\/04\/180646206_2674962106057839_7857387525236119758_n-750x563.jpg 750w\" sizes=\"auto, (max-width: 960px) 100vw, 960px\" \/><\/figure>\n\n\n\n<figure class=\"wp-block-image size-large\"><img loading=\"lazy\" decoding=\"async\" width=\"960\" height=\"720\" src=\"http:\/\/www.celttv.com.ar\/wp-content\/uploads\/2021\/04\/180633426_2674962242724492_3478004244745079027_n.jpg\" alt=\"\" class=\"wp-image-57403\" srcset=\"https:\/\/www.celttv.com.ar\/wp-content\/uploads\/2021\/04\/180633426_2674962242724492_3478004244745079027_n.jpg 960w, https:\/\/www.celttv.com.ar\/wp-content\/uploads\/2021\/04\/180633426_2674962242724492_3478004244745079027_n-300x225.jpg 300w, https:\/\/www.celttv.com.ar\/wp-content\/uploads\/2021\/04\/180633426_2674962242724492_3478004244745079027_n-768x576.jpg 768w, https:\/\/www.celttv.com.ar\/wp-content\/uploads\/2021\/04\/180633426_2674962242724492_3478004244745079027_n-750x563.jpg 750w\" sizes=\"auto, (max-width: 960px) 100vw, 960px\" \/><\/figure>\n\n\n\n<figure class=\"wp-block-image size-large\"><img loading=\"lazy\" decoding=\"async\" width=\"960\" height=\"720\" src=\"http:\/\/www.celttv.com.ar\/wp-content\/uploads\/2021\/04\/180686963_2674961956057854_8641049819692820810_n.jpg\" alt=\"\" class=\"wp-image-57404\" srcset=\"https:\/\/www.celttv.com.ar\/wp-content\/uploads\/2021\/04\/180686963_2674961956057854_8641049819692820810_n.jpg 960w, https:\/\/www.celttv.com.ar\/wp-content\/uploads\/2021\/04\/180686963_2674961956057854_8641049819692820810_n-300x225.jpg 300w, https:\/\/www.celttv.com.ar\/wp-content\/uploads\/2021\/04\/180686963_2674961956057854_8641049819692820810_n-768x576.jpg 768w, https:\/\/www.celttv.com.ar\/wp-content\/uploads\/2021\/04\/180686963_2674961956057854_8641049819692820810_n-750x563.jpg 750w\" sizes=\"auto, (max-width: 960px) 100vw, 960px\" \/><\/figure>\n\n\n\n<figure class=\"wp-block-image size-large\"><img loading=\"lazy\" decoding=\"async\" width=\"960\" height=\"720\" src=\"http:\/\/www.celttv.com.ar\/wp-content\/uploads\/2021\/04\/180321882_2674961682724548_1959755669800890972_n.jpg\" alt=\"\" class=\"wp-image-57405\" srcset=\"https:\/\/www.celttv.com.ar\/wp-content\/uploads\/2021\/04\/180321882_2674961682724548_1959755669800890972_n.jpg 960w, https:\/\/www.celttv.com.ar\/wp-content\/uploads\/2021\/04\/180321882_2674961682724548_1959755669800890972_n-300x225.jpg 300w, https:\/\/www.celttv.com.ar\/wp-content\/uploads\/2021\/04\/180321882_2674961682724548_1959755669800890972_n-768x576.jpg 768w, https:\/\/www.celttv.com.ar\/wp-content\/uploads\/2021\/04\/180321882_2674961682724548_1959755669800890972_n-750x563.jpg 750w\" sizes=\"auto, (max-width: 960px) 100vw, 960px\" \/><\/figure>\n\n\n\n<figure class=\"wp-block-image size-large\"><img loading=\"lazy\" decoding=\"async\" width=\"600\" height=\"450\" src=\"http:\/\/www.celttv.com.ar\/wp-content\/uploads\/2021\/04\/180253020_2674961706057879_6828645108226528540_n.jpg\" alt=\"\" class=\"wp-image-57406\" srcset=\"https:\/\/www.celttv.com.ar\/wp-content\/uploads\/2021\/04\/180253020_2674961706057879_6828645108226528540_n.jpg 600w, https:\/\/www.celttv.com.ar\/wp-content\/uploads\/2021\/04\/180253020_2674961706057879_6828645108226528540_n-300x225.jpg 300w\" sizes=\"auto, (max-width: 600px) 100vw, 600px\" \/><\/figure>\n\n\n\n<figure class=\"wp-block-image size-large\"><img loading=\"lazy\" decoding=\"async\" width=\"960\" height=\"720\" src=\"http:\/\/www.celttv.com.ar\/wp-content\/uploads\/2021\/04\/180412783_2674961896057860_8171770938546838531_n.jpg\" alt=\"\" class=\"wp-image-57407\" srcset=\"https:\/\/www.celttv.com.ar\/wp-content\/uploads\/2021\/04\/180412783_2674961896057860_8171770938546838531_n.jpg 960w, https:\/\/www.celttv.com.ar\/wp-content\/uploads\/2021\/04\/180412783_2674961896057860_8171770938546838531_n-300x225.jpg 300w, https:\/\/www.celttv.com.ar\/wp-content\/uploads\/2021\/04\/180412783_2674961896057860_8171770938546838531_n-768x576.jpg 768w, https:\/\/www.celttv.com.ar\/wp-content\/uploads\/2021\/04\/180412783_2674961896057860_8171770938546838531_n-750x563.jpg 750w\" sizes=\"auto, (max-width: 960px) 100vw, 960px\" \/><\/figure>\n\n\n\n<figure class=\"wp-block-image size-large\"><img loading=\"lazy\" decoding=\"async\" width=\"960\" height=\"720\" src=\"http:\/\/www.celttv.com.ar\/wp-content\/uploads\/2021\/04\/180412846_2674962266057823_2465354818609292829_n.jpg\" alt=\"\" class=\"wp-image-57408\" srcset=\"https:\/\/www.celttv.com.ar\/wp-content\/uploads\/2021\/04\/180412846_2674962266057823_2465354818609292829_n.jpg 960w, https:\/\/www.celttv.com.ar\/wp-content\/uploads\/2021\/04\/180412846_2674962266057823_2465354818609292829_n-300x225.jpg 300w, https:\/\/www.celttv.com.ar\/wp-content\/uploads\/2021\/04\/180412846_2674962266057823_2465354818609292829_n-768x576.jpg 768w, https:\/\/www.celttv.com.ar\/wp-content\/uploads\/2021\/04\/180412846_2674962266057823_2465354818609292829_n-750x563.jpg 750w\" sizes=\"auto, (max-width: 960px) 100vw, 960px\" \/><\/figure>\n\n\n\n<figure class=\"wp-block-image size-large\"><img loading=\"lazy\" decoding=\"async\" width=\"960\" height=\"720\" src=\"http:\/\/www.celttv.com.ar\/wp-content\/uploads\/2021\/04\/180875938_2674962299391153_3030799707680405231_n.jpg\" alt=\"\" class=\"wp-image-57409\" srcset=\"https:\/\/www.celttv.com.ar\/wp-content\/uploads\/2021\/04\/180875938_2674962299391153_3030799707680405231_n.jpg 960w, https:\/\/www.celttv.com.ar\/wp-content\/uploads\/2021\/04\/180875938_2674962299391153_3030799707680405231_n-300x225.jpg 300w, https:\/\/www.celttv.com.ar\/wp-content\/uploads\/2021\/04\/180875938_2674962299391153_3030799707680405231_n-768x576.jpg 768w, https:\/\/www.celttv.com.ar\/wp-content\/uploads\/2021\/04\/180875938_2674962299391153_3030799707680405231_n-750x563.jpg 750w\" sizes=\"auto, (max-width: 960px) 100vw, 960px\" \/><\/figure>\n\n\n\n<figure class=\"wp-block-image size-large\"><img loading=\"lazy\" decoding=\"async\" width=\"1321\" height=\"640\" src=\"http:\/\/www.celttv.com.ar\/wp-content\/uploads\/2021\/04\/179820462_2674962442724472_5588814031066828827_n.jpg\" alt=\"\" class=\"wp-image-57410\" srcset=\"https:\/\/www.celttv.com.ar\/wp-content\/uploads\/2021\/04\/179820462_2674962442724472_5588814031066828827_n.jpg 1321w, https:\/\/www.celttv.com.ar\/wp-content\/uploads\/2021\/04\/179820462_2674962442724472_5588814031066828827_n-300x145.jpg 300w, https:\/\/www.celttv.com.ar\/wp-content\/uploads\/2021\/04\/179820462_2674962442724472_5588814031066828827_n-1024x496.jpg 1024w, https:\/\/www.celttv.com.ar\/wp-content\/uploads\/2021\/04\/179820462_2674962442724472_5588814031066828827_n-768x372.jpg 768w, https:\/\/www.celttv.com.ar\/wp-content\/uploads\/2021\/04\/179820462_2674962442724472_5588814031066828827_n-750x363.jpg 750w, https:\/\/www.celttv.com.ar\/wp-content\/uploads\/2021\/04\/179820462_2674962442724472_5588814031066828827_n-1140x552.jpg 1140w\" sizes=\"auto, (max-width: 1321px) 100vw, 1321px\" \/><\/figure>\n\n\n\n<figure class=\"wp-block-embed is-type-video is-provider-youtube wp-block-embed-youtube wp-embed-aspect-16-9 wp-has-aspect-ratio\"><div class=\"wp-block-embed__wrapper\">\n<iframe loading=\"lazy\" title=\"2021 04 29 GERMAN PETINARI   PRESENTACION DE CARU\" width=\"500\" height=\"281\" src=\"https:\/\/www.youtube.com\/embed\/XXEioVb90ao?feature=oembed\" frameborder=\"0\" allow=\"accelerometer; autoplay; clipboard-write; encrypted-media; gyroscope; picture-in-picture; web-share\" referrerpolicy=\"strict-origin-when-cross-origin\" allowfullscreen><\/iframe>\n<\/div><\/figure>\n\n\n\n<p>  <\/p>\n","protected":false},"excerpt":{"rendered":"<p>Los chicos de la escuelita de f\u00f9tbol del Club Uni\u00f3n, ayer vivieron un momento de gran sorpresa y alegr\u00eda cuando conocieron a la mascota que identificar\u00e1 a &#8220;Semillero Verde&#8221;. El coordinador de dicha escuelita, Pablo Romano, fue el encargado de presentar al lobo &#8220;Car\u00fa&#8221;, quien se hizo presente en la cancha de c\u00e9sped sint\u00e9tico de [&hellip;]<\/p>\n","protected":false},"author":1,"featured_media":57411,"comment_status":"closed","ping_status":"open","sticky":false,"template":"","format":"standard","meta":{"footnotes":""},"categories":[55,60,62,52,63],"tags":[],"class_list":["post-57400","post","type-post","status-publish","format-standard","has-post-thumbnail","hentry","category-celt-tv-noticias","category-deporte","category-deportes","category-destacadas","category-magazine-sport"],"yoast_head":"<!-- This site is optimized with the Yoast SEO plugin v19.7.1 - https:\/\/yoast.com\/wordpress\/plugins\/seo\/ -->\n<title>El Lobo &quot;Car\u00fa&quot; es la nueva mascota de &quot;Semillero Verde&quot; - CELTTV<\/title>\n<meta name=\"description\" content=\"Sitio web de noticias de la localidad de Tornquist, provincia de Buenos Aires, Rep\u00fablica Argentina. Contenido propio originado por periodistas de CELTTV, el canal de TV local de la Cooperativa El\u00e9ctrica de Tornquist. Turismo, Pol\u00edtica, Sociedad, Deporte, Cultura y todo el contenido de inter\u00e9s general que la gente del pueblo y la regi\u00f3n debe conocer.\" \/>\n<meta name=\"robots\" content=\"index, follow, max-snippet:-1, max-image-preview:large, max-video-preview:-1\" \/>\n<link rel=\"canonical\" href=\"https:\/\/www.celttv.com.ar\/index.php\/2021\/04\/30\/el-lobo-caru-es-la-nueva-mascota-de-semillero-verde\/\" \/>\n<meta property=\"og:locale\" content=\"es_ES\" \/>\n<meta property=\"og:type\" content=\"article\" \/>\n<meta property=\"og:title\" content=\"El Lobo &quot;Car\u00fa&quot; es la nueva mascota de &quot;Semillero Verde&quot; - CELTTV\" \/>\n<meta property=\"og:description\" content=\"Sitio web de noticias de la localidad de Tornquist, provincia de Buenos Aires, Rep\u00fablica Argentina. Contenido propio originado por periodistas de CELTTV, el canal de TV local de la Cooperativa El\u00e9ctrica de Tornquist. Turismo, Pol\u00edtica, Sociedad, Deporte, Cultura y todo el contenido de inter\u00e9s general que la gente del pueblo y la regi\u00f3n debe conocer.\" \/>\n<meta property=\"og:url\" content=\"https:\/\/www.celttv.com.ar\/index.php\/2021\/04\/30\/el-lobo-caru-es-la-nueva-mascota-de-semillero-verde\/\" \/>\n<meta property=\"og:site_name\" content=\"CELTTV\" \/>\n<meta property=\"article:publisher\" content=\"https:\/\/www.facebook.com\/celtTV\/\" \/>\n<meta property=\"article:published_time\" content=\"2021-04-30T13:24:25+00:00\" \/>\n<meta property=\"og:image\" content=\"https:\/\/www.celttv.com.ar\/wp-content\/uploads\/2021\/04\/179820462_2674962442724472_5588814031066828827_n-1.jpg\" \/>\n\t<meta property=\"og:image:width\" content=\"1321\" \/>\n\t<meta property=\"og:image:height\" content=\"640\" \/>\n\t<meta property=\"og:image:type\" content=\"image\/jpeg\" \/>\n<meta name=\"author\" content=\"ulises\" \/>\n<meta name=\"twitter:card\" content=\"summary_large_image\" \/>\n<meta name=\"twitter:label1\" content=\"Escrito por\" \/>\n\t<meta name=\"twitter:data1\" content=\"ulises\" \/>\n<script type=\"application\/ld+json\" class=\"yoast-schema-graph\">{\"@context\":\"https:\/\/schema.org\",\"@graph\":[{\"@type\":\"NewsArticle\",\"@id\":\"https:\/\/www.celttv.com.ar\/index.php\/2021\/04\/30\/el-lobo-caru-es-la-nueva-mascota-de-semillero-verde\/#article\",\"isPartOf\":{\"@id\":\"https:\/\/www.celttv.com.ar\/index.php\/2021\/04\/30\/el-lobo-caru-es-la-nueva-mascota-de-semillero-verde\/\"},\"author\":{\"name\":\"ulises\",\"@id\":\"https:\/\/www.celttv.com.ar\/#\/schema\/person\/6d99c072dba59953809c81446e9d0ace\"},\"headline\":\"El Lobo &#8220;Car\u00fa&#8221; es la nueva mascota de &#8220;Semillero Verde&#8221;\",\"datePublished\":\"2021-04-30T13:24:25+00:00\",\"dateModified\":\"2021-04-30T13:24:25+00:00\",\"mainEntityOfPage\":{\"@id\":\"https:\/\/www.celttv.com.ar\/index.php\/2021\/04\/30\/el-lobo-caru-es-la-nueva-mascota-de-semillero-verde\/\"},\"wordCount\":87,\"publisher\":{\"@id\":\"https:\/\/www.celttv.com.ar\/#organization\"},\"articleSection\":[\"Celt TV Noticias\",\"Deporte\",\"Deportes\",\"Destacadas\",\"Magazine Sport\"],\"inLanguage\":\"es\"},{\"@type\":\"WebPage\",\"@id\":\"https:\/\/www.celttv.com.ar\/index.php\/2021\/04\/30\/el-lobo-caru-es-la-nueva-mascota-de-semillero-verde\/\",\"url\":\"https:\/\/www.celttv.com.ar\/index.php\/2021\/04\/30\/el-lobo-caru-es-la-nueva-mascota-de-semillero-verde\/\",\"name\":\"El Lobo \\\"Car\u00fa\\\" es la nueva mascota de \\\"Semillero Verde\\\" - CELTTV\",\"isPartOf\":{\"@id\":\"https:\/\/www.celttv.com.ar\/#website\"},\"datePublished\":\"2021-04-30T13:24:25+00:00\",\"dateModified\":\"2021-04-30T13:24:25+00:00\",\"description\":\"Sitio web de noticias de la localidad de Tornquist, provincia de Buenos Aires, Rep\u00fablica Argentina. Contenido propio originado por periodistas de CELTTV, el canal de TV local de la Cooperativa El\u00e9ctrica de Tornquist. Turismo, Pol\u00edtica, Sociedad, Deporte, Cultura y todo el contenido de inter\u00e9s general que la gente del pueblo y la regi\u00f3n debe conocer.\",\"breadcrumb\":{\"@id\":\"https:\/\/www.celttv.com.ar\/index.php\/2021\/04\/30\/el-lobo-caru-es-la-nueva-mascota-de-semillero-verde\/#breadcrumb\"},\"inLanguage\":\"es\",\"potentialAction\":[{\"@type\":\"ReadAction\",\"target\":[\"https:\/\/www.celttv.com.ar\/index.php\/2021\/04\/30\/el-lobo-caru-es-la-nueva-mascota-de-semillero-verde\/\"]}]},{\"@type\":\"BreadcrumbList\",\"@id\":\"https:\/\/www.celttv.com.ar\/index.php\/2021\/04\/30\/el-lobo-caru-es-la-nueva-mascota-de-semillero-verde\/#breadcrumb\",\"itemListElement\":[{\"@type\":\"ListItem\",\"position\":1,\"name\":\"Inicio\",\"item\":\"https:\/\/www.celttv.com.ar\/\"},{\"@type\":\"ListItem\",\"position\":2,\"name\":\"El Lobo &#8220;Car\u00fa&#8221; es la nueva mascota de &#8220;Semillero Verde&#8221;\"}]},{\"@type\":\"WebSite\",\"@id\":\"https:\/\/www.celttv.com.ar\/#website\",\"url\":\"https:\/\/www.celttv.com.ar\/\",\"name\":\"CELTTV\",\"description\":\"Cooperativa El\u00e9ctrica de Tornquist\",\"publisher\":{\"@id\":\"https:\/\/www.celttv.com.ar\/#organization\"},\"potentialAction\":[{\"@type\":\"SearchAction\",\"target\":{\"@type\":\"EntryPoint\",\"urlTemplate\":\"https:\/\/www.celttv.com.ar\/?s={search_term_string}\"},\"query-input\":\"required name=search_term_string\"}],\"inLanguage\":\"es\"},{\"@type\":\"Organization\",\"@id\":\"https:\/\/www.celttv.com.ar\/#organization\",\"name\":\"CELTTV\",\"url\":\"https:\/\/www.celttv.com.ar\/\",\"sameAs\":[\"https:\/\/www.youtube.com\/channel\/UCz_oIt8Hig64Ub-EmcNPIhg\",\"https:\/\/www.facebook.com\/celtTV\/\"],\"logo\":{\"@type\":\"ImageObject\",\"inLanguage\":\"es\",\"@id\":\"https:\/\/www.celttv.com.ar\/#\/schema\/logo\/image\/\",\"url\":\"http:\/\/www.celttv.com.ar\/wp-content\/uploads\/2022\/08\/logo-1.png\",\"contentUrl\":\"http:\/\/www.celttv.com.ar\/wp-content\/uploads\/2022\/08\/logo-1.png\",\"width\":461,\"height\":159,\"caption\":\"CELTTV\"},\"image\":{\"@id\":\"https:\/\/www.celttv.com.ar\/#\/schema\/logo\/image\/\"}},{\"@type\":\"Person\",\"@id\":\"https:\/\/www.celttv.com.ar\/#\/schema\/person\/6d99c072dba59953809c81446e9d0ace\",\"name\":\"ulises\",\"image\":{\"@type\":\"ImageObject\",\"inLanguage\":\"es\",\"@id\":\"https:\/\/www.celttv.com.ar\/#\/schema\/person\/image\/\",\"url\":\"https:\/\/secure.gravatar.com\/avatar\/7f2c48bdc33b30088f941fb6082e555f2874c98e20cb159d7b92b50eadfce793?s=96&d=mm&r=g\",\"contentUrl\":\"https:\/\/secure.gravatar.com\/avatar\/7f2c48bdc33b30088f941fb6082e555f2874c98e20cb159d7b92b50eadfce793?s=96&d=mm&r=g\",\"caption\":\"ulises\"},\"sameAs\":[\"http:\/\/www.celttv.com.ar\"]}]}<\/script>\n<!-- \/ Yoast SEO plugin. -->","yoast_head_json":{"title":"El Lobo \"Car\u00fa\" es la nueva mascota de \"Semillero Verde\" - CELTTV","description":"Sitio web de noticias de la localidad de Tornquist, provincia de Buenos Aires, Rep\u00fablica Argentina. Contenido propio originado por periodistas de CELTTV, el canal de TV local de la Cooperativa El\u00e9ctrica de Tornquist. Turismo, Pol\u00edtica, Sociedad, Deporte, Cultura y todo el contenido de inter\u00e9s general que la gente del pueblo y la regi\u00f3n debe conocer.","robots":{"index":"index","follow":"follow","max-snippet":"max-snippet:-1","max-image-preview":"max-image-preview:large","max-video-preview":"max-video-preview:-1"},"canonical":"https:\/\/www.celttv.com.ar\/index.php\/2021\/04\/30\/el-lobo-caru-es-la-nueva-mascota-de-semillero-verde\/","og_locale":"es_ES","og_type":"article","og_title":"El Lobo \"Car\u00fa\" es la nueva mascota de \"Semillero Verde\" - CELTTV","og_description":"Sitio web de noticias de la localidad de Tornquist, provincia de Buenos Aires, Rep\u00fablica Argentina. Contenido propio originado por periodistas de CELTTV, el canal de TV local de la Cooperativa El\u00e9ctrica de Tornquist. Turismo, Pol\u00edtica, Sociedad, Deporte, Cultura y todo el contenido de inter\u00e9s general que la gente del pueblo y la regi\u00f3n debe conocer.","og_url":"https:\/\/www.celttv.com.ar\/index.php\/2021\/04\/30\/el-lobo-caru-es-la-nueva-mascota-de-semillero-verde\/","og_site_name":"CELTTV","article_publisher":"https:\/\/www.facebook.com\/celtTV\/","article_published_time":"2021-04-30T13:24:25+00:00","og_image":[{"width":1321,"height":640,"url":"https:\/\/www.celttv.com.ar\/wp-content\/uploads\/2021\/04\/179820462_2674962442724472_5588814031066828827_n-1.jpg","type":"image\/jpeg"}],"author":"ulises","twitter_card":"summary_large_image","twitter_misc":{"Escrito por":"ulises"},"schema":{"@context":"https:\/\/schema.org","@graph":[{"@type":"NewsArticle","@id":"https:\/\/www.celttv.com.ar\/index.php\/2021\/04\/30\/el-lobo-caru-es-la-nueva-mascota-de-semillero-verde\/#article","isPartOf":{"@id":"https:\/\/www.celttv.com.ar\/index.php\/2021\/04\/30\/el-lobo-caru-es-la-nueva-mascota-de-semillero-verde\/"},"author":{"name":"ulises","@id":"https:\/\/www.celttv.com.ar\/#\/schema\/person\/6d99c072dba59953809c81446e9d0ace"},"headline":"El Lobo &#8220;Car\u00fa&#8221; es la nueva mascota de &#8220;Semillero Verde&#8221;","datePublished":"2021-04-30T13:24:25+00:00","dateModified":"2021-04-30T13:24:25+00:00","mainEntityOfPage":{"@id":"https:\/\/www.celttv.com.ar\/index.php\/2021\/04\/30\/el-lobo-caru-es-la-nueva-mascota-de-semillero-verde\/"},"wordCount":87,"publisher":{"@id":"https:\/\/www.celttv.com.ar\/#organization"},"articleSection":["Celt TV Noticias","Deporte","Deportes","Destacadas","Magazine Sport"],"inLanguage":"es"},{"@type":"WebPage","@id":"https:\/\/www.celttv.com.ar\/index.php\/2021\/04\/30\/el-lobo-caru-es-la-nueva-mascota-de-semillero-verde\/","url":"https:\/\/www.celttv.com.ar\/index.php\/2021\/04\/30\/el-lobo-caru-es-la-nueva-mascota-de-semillero-verde\/","name":"El Lobo \"Car\u00fa\" es la nueva mascota de \"Semillero Verde\" - CELTTV","isPartOf":{"@id":"https:\/\/www.celttv.com.ar\/#website"},"datePublished":"2021-04-30T13:24:25+00:00","dateModified":"2021-04-30T13:24:25+00:00","description":"Sitio web de noticias de la localidad de Tornquist, provincia de Buenos Aires, Rep\u00fablica Argentina. Contenido propio originado por periodistas de CELTTV, el canal de TV local de la Cooperativa El\u00e9ctrica de Tornquist. Turismo, Pol\u00edtica, Sociedad, Deporte, Cultura y todo el contenido de inter\u00e9s general que la gente del pueblo y la regi\u00f3n debe conocer.","breadcrumb":{"@id":"https:\/\/www.celttv.com.ar\/index.php\/2021\/04\/30\/el-lobo-caru-es-la-nueva-mascota-de-semillero-verde\/#breadcrumb"},"inLanguage":"es","potentialAction":[{"@type":"ReadAction","target":["https:\/\/www.celttv.com.ar\/index.php\/2021\/04\/30\/el-lobo-caru-es-la-nueva-mascota-de-semillero-verde\/"]}]},{"@type":"BreadcrumbList","@id":"https:\/\/www.celttv.com.ar\/index.php\/2021\/04\/30\/el-lobo-caru-es-la-nueva-mascota-de-semillero-verde\/#breadcrumb","itemListElement":[{"@type":"ListItem","position":1,"name":"Inicio","item":"https:\/\/www.celttv.com.ar\/"},{"@type":"ListItem","position":2,"name":"El Lobo &#8220;Car\u00fa&#8221; es la nueva mascota de &#8220;Semillero Verde&#8221;"}]},{"@type":"WebSite","@id":"https:\/\/www.celttv.com.ar\/#website","url":"https:\/\/www.celttv.com.ar\/","name":"CELTTV","description":"Cooperativa El\u00e9ctrica de Tornquist","publisher":{"@id":"https:\/\/www.celttv.com.ar\/#organization"},"potentialAction":[{"@type":"SearchAction","target":{"@type":"EntryPoint","urlTemplate":"https:\/\/www.celttv.com.ar\/?s={search_term_string}"},"query-input":"required name=search_term_string"}],"inLanguage":"es"},{"@type":"Organization","@id":"https:\/\/www.celttv.com.ar\/#organization","name":"CELTTV","url":"https:\/\/www.celttv.com.ar\/","sameAs":["https:\/\/www.youtube.com\/channel\/UCz_oIt8Hig64Ub-EmcNPIhg","https:\/\/www.facebook.com\/celtTV\/"],"logo":{"@type":"ImageObject","inLanguage":"es","@id":"https:\/\/www.celttv.com.ar\/#\/schema\/logo\/image\/","url":"http:\/\/www.celttv.com.ar\/wp-content\/uploads\/2022\/08\/logo-1.png","contentUrl":"http:\/\/www.celttv.com.ar\/wp-content\/uploads\/2022\/08\/logo-1.png","width":461,"height":159,"caption":"CELTTV"},"image":{"@id":"https:\/\/www.celttv.com.ar\/#\/schema\/logo\/image\/"}},{"@type":"Person","@id":"https:\/\/www.celttv.com.ar\/#\/schema\/person\/6d99c072dba59953809c81446e9d0ace","name":"ulises","image":{"@type":"ImageObject","inLanguage":"es","@id":"https:\/\/www.celttv.com.ar\/#\/schema\/person\/image\/","url":"https:\/\/secure.gravatar.com\/avatar\/7f2c48bdc33b30088f941fb6082e555f2874c98e20cb159d7b92b50eadfce793?s=96&d=mm&r=g","contentUrl":"https:\/\/secure.gravatar.com\/avatar\/7f2c48bdc33b30088f941fb6082e555f2874c98e20cb159d7b92b50eadfce793?s=96&d=mm&r=g","caption":"ulises"},"sameAs":["http:\/\/www.celttv.com.ar"]}]}},"_links":{"self":[{"href":"https:\/\/www.celttv.com.ar\/index.php\/wp-json\/wp\/v2\/posts\/57400","targetHints":{"allow":["GET"]}}],"collection":[{"href":"https:\/\/www.celttv.com.ar\/index.php\/wp-json\/wp\/v2\/posts"}],"about":[{"href":"https:\/\/www.celttv.com.ar\/index.php\/wp-json\/wp\/v2\/types\/post"}],"author":[{"embeddable":true,"href":"https:\/\/www.celttv.com.ar\/index.php\/wp-json\/wp\/v2\/users\/1"}],"replies":[{"embeddable":true,"href":"https:\/\/www.celttv.com.ar\/index.php\/wp-json\/wp\/v2\/comments?post=57400"}],"version-history":[{"count":0,"href":"https:\/\/www.celttv.com.ar\/index.php\/wp-json\/wp\/v2\/posts\/57400\/revisions"}],"wp:featuredmedia":[{"embeddable":true,"href":"https:\/\/www.celttv.com.ar\/index.php\/wp-json\/wp\/v2\/media\/57411"}],"wp:attachment":[{"href":"https:\/\/www.celttv.com.ar\/index.php\/wp-json\/wp\/v2\/media?parent=57400"}],"wp:term":[{"taxonomy":"category","embeddable":true,"href":"https:\/\/www.celttv.com.ar\/index.php\/wp-json\/wp\/v2\/categories?post=57400"},{"taxonomy":"post_tag","embeddable":true,"href":"https:\/\/www.celttv.com.ar\/index.php\/wp-json\/wp\/v2\/tags?post=57400"}],"curies":[{"name":"wp","href":"https:\/\/api.w.org\/{rel}","templated":true}]}}