{"id":57424,"date":"2021-04-30T17:41:56","date_gmt":"2021-04-30T17:41:56","guid":{"rendered":"http:\/\/www.celttv.com.ar\/?p=57424"},"modified":"2021-04-30T17:41:56","modified_gmt":"2021-04-30T17:41:56","slug":"nos-quedamos-10-dias-en-casa-el-compromiso-comunitario-de-los-adolescentes-de-saldungaray","status":"publish","type":"post","link":"https:\/\/www.celttv.com.ar\/index.php\/2021\/04\/30\/nos-quedamos-10-dias-en-casa-el-compromiso-comunitario-de-los-adolescentes-de-saldungaray\/","title":{"rendered":"\u2018Nos quedamos 10 d\u00edas en casa\u2019, el compromiso comunitario de los adolescentes de Saldungaray"},"content":{"rendered":"\n<p>Ante el incremento de casos de Covid-19 en todo el distrito, adolescentes de Saldungaray lanzaron la campa\u00f1a \u2018Nos quedamos 10 d\u00edas en casa\u2019, con el objetivo de reducir la circulaci\u00f3n y las posibilidades de nuevos contagios.<\/p>\n\n\n\n<p>La iniciativa surgi\u00f3 mediante un acuerdo de compromiso comunitario, que fue el resultado de una reuni\u00f3n que estudiantes de la Escuela Secundaria de la localidad mantuvieron con agentes del \u00e1rea de salud municipal.<\/p>\n\n\n\n<p>En ese sentido, destacaron la tarea que, junto al equipo de salud, desarrolla Yanella Trujillo, enfermera encargada del seguimiento y control de pacientes ambulatorios puertas adentro a su comunidad.<\/p>\n\n\n\n<p>Dicha labor, que se realiza adem\u00e1s en todas las localidades del distrito a cargo de personal de salud, ensancha la base de la pir\u00e1mide de casos, evitando la circulaci\u00f3n y diseminaci\u00f3n del virus y, que los infectados lleguen a una complejidad en la que requieran asistencia en terapia intensiva.<\/p>\n\n\n\n<figure class=\"wp-block-image size-large\"><img loading=\"lazy\" decoding=\"async\" width=\"793\" height=\"1122\" src=\"http:\/\/www.celttv.com.ar\/wp-content\/uploads\/2021\/04\/Compromisoescuela.jpeg\" alt=\"\" class=\"wp-image-57425\" srcset=\"https:\/\/www.celttv.com.ar\/wp-content\/uploads\/2021\/04\/Compromisoescuela.jpeg 793w, https:\/\/www.celttv.com.ar\/wp-content\/uploads\/2021\/04\/Compromisoescuela-212x300.jpeg 212w, https:\/\/www.celttv.com.ar\/wp-content\/uploads\/2021\/04\/Compromisoescuela-724x1024.jpeg 724w, https:\/\/www.celttv.com.ar\/wp-content\/uploads\/2021\/04\/Compromisoescuela-768x1087.jpeg 768w, https:\/\/www.celttv.com.ar\/wp-content\/uploads\/2021\/04\/Compromisoescuela-750x1061.jpeg 750w\" sizes=\"auto, (max-width: 793px) 100vw, 793px\" \/><\/figure>\n","protected":false},"excerpt":{"rendered":"<p>Ante el incremento de casos de Covid-19 en todo el distrito, adolescentes de Saldungaray lanzaron la campa\u00f1a \u2018Nos quedamos 10 d\u00edas en casa\u2019, con el objetivo de reducir la circulaci\u00f3n y las posibilidades de nuevos contagios. La iniciativa surgi\u00f3 mediante un acuerdo de compromiso comunitario, que fue el resultado de una reuni\u00f3n que estudiantes de [&hellip;]<\/p>\n","protected":false},"author":1,"featured_media":57425,"comment_status":"closed","ping_status":"open","sticky":false,"template":"","format":"standard","meta":{"footnotes":""},"categories":[51,52],"tags":[],"class_list":["post-57424","post","type-post","status-publish","format-standard","has-post-thumbnail","hentry","category-comunidad","category-destacadas"],"yoast_head":"<!-- This site is optimized with the Yoast SEO plugin v19.7.1 - https:\/\/yoast.com\/wordpress\/plugins\/seo\/ -->\n<title>\u2018Nos quedamos 10 d\u00edas en casa\u2019, el compromiso comunitario de los adolescentes de Saldungaray - CELTTV<\/title>\n<meta name=\"description\" content=\"Sitio web de noticias de la localidad de Tornquist, provincia de Buenos Aires, Rep\u00fablica Argentina. Contenido propio originado por periodistas de CELTTV, el canal de TV local de la Cooperativa El\u00e9ctrica de Tornquist. Turismo, Pol\u00edtica, Sociedad, Deporte, Cultura y todo el contenido de inter\u00e9s general que la gente del pueblo y la regi\u00f3n debe conocer.\" \/>\n<meta name=\"robots\" content=\"index, follow, max-snippet:-1, max-image-preview:large, max-video-preview:-1\" \/>\n<link rel=\"canonical\" href=\"https:\/\/www.celttv.com.ar\/index.php\/2021\/04\/30\/nos-quedamos-10-dias-en-casa-el-compromiso-comunitario-de-los-adolescentes-de-saldungaray\/\" \/>\n<meta property=\"og:locale\" content=\"es_ES\" \/>\n<meta property=\"og:type\" content=\"article\" \/>\n<meta property=\"og:title\" content=\"\u2018Nos quedamos 10 d\u00edas en casa\u2019, el compromiso comunitario de los adolescentes de Saldungaray - CELTTV\" \/>\n<meta property=\"og:description\" content=\"Sitio web de noticias de la localidad de Tornquist, provincia de Buenos Aires, Rep\u00fablica Argentina. Contenido propio originado por periodistas de CELTTV, el canal de TV local de la Cooperativa El\u00e9ctrica de Tornquist. Turismo, Pol\u00edtica, Sociedad, Deporte, Cultura y todo el contenido de inter\u00e9s general que la gente del pueblo y la regi\u00f3n debe conocer.\" \/>\n<meta property=\"og:url\" content=\"https:\/\/www.celttv.com.ar\/index.php\/2021\/04\/30\/nos-quedamos-10-dias-en-casa-el-compromiso-comunitario-de-los-adolescentes-de-saldungaray\/\" \/>\n<meta property=\"og:site_name\" content=\"CELTTV\" \/>\n<meta property=\"article:publisher\" content=\"https:\/\/www.facebook.com\/celtTV\/\" \/>\n<meta property=\"article:published_time\" content=\"2021-04-30T17:41:56+00:00\" \/>\n<meta property=\"og:image\" content=\"https:\/\/www.celttv.com.ar\/wp-content\/uploads\/2021\/04\/Compromisoescuela.jpeg\" \/>\n\t<meta property=\"og:image:width\" content=\"793\" \/>\n\t<meta property=\"og:image:height\" content=\"1122\" \/>\n\t<meta property=\"og:image:type\" content=\"image\/jpeg\" \/>\n<meta name=\"author\" content=\"ulises\" \/>\n<meta name=\"twitter:card\" content=\"summary_large_image\" \/>\n<meta name=\"twitter:label1\" content=\"Escrito por\" \/>\n\t<meta name=\"twitter:data1\" content=\"ulises\" \/>\n\t<meta name=\"twitter:label2\" content=\"Tiempo de lectura\" \/>\n\t<meta name=\"twitter:data2\" content=\"1 minuto\" \/>\n<script type=\"application\/ld+json\" class=\"yoast-schema-graph\">{\"@context\":\"https:\/\/schema.org\",\"@graph\":[{\"@type\":\"NewsArticle\",\"@id\":\"https:\/\/www.celttv.com.ar\/index.php\/2021\/04\/30\/nos-quedamos-10-dias-en-casa-el-compromiso-comunitario-de-los-adolescentes-de-saldungaray\/#article\",\"isPartOf\":{\"@id\":\"https:\/\/www.celttv.com.ar\/index.php\/2021\/04\/30\/nos-quedamos-10-dias-en-casa-el-compromiso-comunitario-de-los-adolescentes-de-saldungaray\/\"},\"author\":{\"name\":\"ulises\",\"@id\":\"https:\/\/www.celttv.com.ar\/#\/schema\/person\/6d99c072dba59953809c81446e9d0ace\"},\"headline\":\"\u2018Nos quedamos 10 d\u00edas en casa\u2019, el compromiso comunitario de los adolescentes de Saldungaray\",\"datePublished\":\"2021-04-30T17:41:56+00:00\",\"dateModified\":\"2021-04-30T17:41:56+00:00\",\"mainEntityOfPage\":{\"@id\":\"https:\/\/www.celttv.com.ar\/index.php\/2021\/04\/30\/nos-quedamos-10-dias-en-casa-el-compromiso-comunitario-de-los-adolescentes-de-saldungaray\/\"},\"wordCount\":168,\"publisher\":{\"@id\":\"https:\/\/www.celttv.com.ar\/#organization\"},\"articleSection\":[\"Comunidad\",\"Destacadas\"],\"inLanguage\":\"es\"},{\"@type\":\"WebPage\",\"@id\":\"https:\/\/www.celttv.com.ar\/index.php\/2021\/04\/30\/nos-quedamos-10-dias-en-casa-el-compromiso-comunitario-de-los-adolescentes-de-saldungaray\/\",\"url\":\"https:\/\/www.celttv.com.ar\/index.php\/2021\/04\/30\/nos-quedamos-10-dias-en-casa-el-compromiso-comunitario-de-los-adolescentes-de-saldungaray\/\",\"name\":\"\u2018Nos quedamos 10 d\u00edas en casa\u2019, el compromiso comunitario de los adolescentes de Saldungaray - CELTTV\",\"isPartOf\":{\"@id\":\"https:\/\/www.celttv.com.ar\/#website\"},\"datePublished\":\"2021-04-30T17:41:56+00:00\",\"dateModified\":\"2021-04-30T17:41:56+00:00\",\"description\":\"Sitio web de noticias de la localidad de Tornquist, provincia de Buenos Aires, Rep\u00fablica Argentina. Contenido propio originado por periodistas de CELTTV, el canal de TV local de la Cooperativa El\u00e9ctrica de Tornquist. Turismo, Pol\u00edtica, Sociedad, Deporte, Cultura y todo el contenido de inter\u00e9s general que la gente del pueblo y la regi\u00f3n debe conocer.\",\"breadcrumb\":{\"@id\":\"https:\/\/www.celttv.com.ar\/index.php\/2021\/04\/30\/nos-quedamos-10-dias-en-casa-el-compromiso-comunitario-de-los-adolescentes-de-saldungaray\/#breadcrumb\"},\"inLanguage\":\"es\",\"potentialAction\":[{\"@type\":\"ReadAction\",\"target\":[\"https:\/\/www.celttv.com.ar\/index.php\/2021\/04\/30\/nos-quedamos-10-dias-en-casa-el-compromiso-comunitario-de-los-adolescentes-de-saldungaray\/\"]}]},{\"@type\":\"BreadcrumbList\",\"@id\":\"https:\/\/www.celttv.com.ar\/index.php\/2021\/04\/30\/nos-quedamos-10-dias-en-casa-el-compromiso-comunitario-de-los-adolescentes-de-saldungaray\/#breadcrumb\",\"itemListElement\":[{\"@type\":\"ListItem\",\"position\":1,\"name\":\"Inicio\",\"item\":\"https:\/\/www.celttv.com.ar\/\"},{\"@type\":\"ListItem\",\"position\":2,\"name\":\"\u2018Nos quedamos 10 d\u00edas en casa\u2019, el compromiso comunitario de los adolescentes de Saldungaray\"}]},{\"@type\":\"WebSite\",\"@id\":\"https:\/\/www.celttv.com.ar\/#website\",\"url\":\"https:\/\/www.celttv.com.ar\/\",\"name\":\"CELTTV\",\"description\":\"Cooperativa El\u00e9ctrica de Tornquist\",\"publisher\":{\"@id\":\"https:\/\/www.celttv.com.ar\/#organization\"},\"potentialAction\":[{\"@type\":\"SearchAction\",\"target\":{\"@type\":\"EntryPoint\",\"urlTemplate\":\"https:\/\/www.celttv.com.ar\/?s={search_term_string}\"},\"query-input\":\"required name=search_term_string\"}],\"inLanguage\":\"es\"},{\"@type\":\"Organization\",\"@id\":\"https:\/\/www.celttv.com.ar\/#organization\",\"name\":\"CELTTV\",\"url\":\"https:\/\/www.celttv.com.ar\/\",\"sameAs\":[\"https:\/\/www.youtube.com\/channel\/UCz_oIt8Hig64Ub-EmcNPIhg\",\"https:\/\/www.facebook.com\/celtTV\/\"],\"logo\":{\"@type\":\"ImageObject\",\"inLanguage\":\"es\",\"@id\":\"https:\/\/www.celttv.com.ar\/#\/schema\/logo\/image\/\",\"url\":\"http:\/\/www.celttv.com.ar\/wp-content\/uploads\/2022\/08\/logo-1.png\",\"contentUrl\":\"http:\/\/www.celttv.com.ar\/wp-content\/uploads\/2022\/08\/logo-1.png\",\"width\":461,\"height\":159,\"caption\":\"CELTTV\"},\"image\":{\"@id\":\"https:\/\/www.celttv.com.ar\/#\/schema\/logo\/image\/\"}},{\"@type\":\"Person\",\"@id\":\"https:\/\/www.celttv.com.ar\/#\/schema\/person\/6d99c072dba59953809c81446e9d0ace\",\"name\":\"ulises\",\"image\":{\"@type\":\"ImageObject\",\"inLanguage\":\"es\",\"@id\":\"https:\/\/www.celttv.com.ar\/#\/schema\/person\/image\/\",\"url\":\"https:\/\/secure.gravatar.com\/avatar\/7f2c48bdc33b30088f941fb6082e555f2874c98e20cb159d7b92b50eadfce793?s=96&d=mm&r=g\",\"contentUrl\":\"https:\/\/secure.gravatar.com\/avatar\/7f2c48bdc33b30088f941fb6082e555f2874c98e20cb159d7b92b50eadfce793?s=96&d=mm&r=g\",\"caption\":\"ulises\"},\"sameAs\":[\"http:\/\/www.celttv.com.ar\"]}]}<\/script>\n<!-- \/ Yoast SEO plugin. -->","yoast_head_json":{"title":"\u2018Nos quedamos 10 d\u00edas en casa\u2019, el compromiso comunitario de los adolescentes de Saldungaray - CELTTV","description":"Sitio web de noticias de la localidad de Tornquist, provincia de Buenos Aires, Rep\u00fablica Argentina. Contenido propio originado por periodistas de CELTTV, el canal de TV local de la Cooperativa El\u00e9ctrica de Tornquist. Turismo, Pol\u00edtica, Sociedad, Deporte, Cultura y todo el contenido de inter\u00e9s general que la gente del pueblo y la regi\u00f3n debe conocer.","robots":{"index":"index","follow":"follow","max-snippet":"max-snippet:-1","max-image-preview":"max-image-preview:large","max-video-preview":"max-video-preview:-1"},"canonical":"https:\/\/www.celttv.com.ar\/index.php\/2021\/04\/30\/nos-quedamos-10-dias-en-casa-el-compromiso-comunitario-de-los-adolescentes-de-saldungaray\/","og_locale":"es_ES","og_type":"article","og_title":"\u2018Nos quedamos 10 d\u00edas en casa\u2019, el compromiso comunitario de los adolescentes de Saldungaray - CELTTV","og_description":"Sitio web de noticias de la localidad de Tornquist, provincia de Buenos Aires, Rep\u00fablica Argentina. Contenido propio originado por periodistas de CELTTV, el canal de TV local de la Cooperativa El\u00e9ctrica de Tornquist. Turismo, Pol\u00edtica, Sociedad, Deporte, Cultura y todo el contenido de inter\u00e9s general que la gente del pueblo y la regi\u00f3n debe conocer.","og_url":"https:\/\/www.celttv.com.ar\/index.php\/2021\/04\/30\/nos-quedamos-10-dias-en-casa-el-compromiso-comunitario-de-los-adolescentes-de-saldungaray\/","og_site_name":"CELTTV","article_publisher":"https:\/\/www.facebook.com\/celtTV\/","article_published_time":"2021-04-30T17:41:56+00:00","og_image":[{"width":793,"height":1122,"url":"https:\/\/www.celttv.com.ar\/wp-content\/uploads\/2021\/04\/Compromisoescuela.jpeg","type":"image\/jpeg"}],"author":"ulises","twitter_card":"summary_large_image","twitter_misc":{"Escrito por":"ulises","Tiempo de lectura":"1 minuto"},"schema":{"@context":"https:\/\/schema.org","@graph":[{"@type":"NewsArticle","@id":"https:\/\/www.celttv.com.ar\/index.php\/2021\/04\/30\/nos-quedamos-10-dias-en-casa-el-compromiso-comunitario-de-los-adolescentes-de-saldungaray\/#article","isPartOf":{"@id":"https:\/\/www.celttv.com.ar\/index.php\/2021\/04\/30\/nos-quedamos-10-dias-en-casa-el-compromiso-comunitario-de-los-adolescentes-de-saldungaray\/"},"author":{"name":"ulises","@id":"https:\/\/www.celttv.com.ar\/#\/schema\/person\/6d99c072dba59953809c81446e9d0ace"},"headline":"\u2018Nos quedamos 10 d\u00edas en casa\u2019, el compromiso comunitario de los adolescentes de Saldungaray","datePublished":"2021-04-30T17:41:56+00:00","dateModified":"2021-04-30T17:41:56+00:00","mainEntityOfPage":{"@id":"https:\/\/www.celttv.com.ar\/index.php\/2021\/04\/30\/nos-quedamos-10-dias-en-casa-el-compromiso-comunitario-de-los-adolescentes-de-saldungaray\/"},"wordCount":168,"publisher":{"@id":"https:\/\/www.celttv.com.ar\/#organization"},"articleSection":["Comunidad","Destacadas"],"inLanguage":"es"},{"@type":"WebPage","@id":"https:\/\/www.celttv.com.ar\/index.php\/2021\/04\/30\/nos-quedamos-10-dias-en-casa-el-compromiso-comunitario-de-los-adolescentes-de-saldungaray\/","url":"https:\/\/www.celttv.com.ar\/index.php\/2021\/04\/30\/nos-quedamos-10-dias-en-casa-el-compromiso-comunitario-de-los-adolescentes-de-saldungaray\/","name":"\u2018Nos quedamos 10 d\u00edas en casa\u2019, el compromiso comunitario de los adolescentes de Saldungaray - CELTTV","isPartOf":{"@id":"https:\/\/www.celttv.com.ar\/#website"},"datePublished":"2021-04-30T17:41:56+00:00","dateModified":"2021-04-30T17:41:56+00:00","description":"Sitio web de noticias de la localidad de Tornquist, provincia de Buenos Aires, Rep\u00fablica Argentina. Contenido propio originado por periodistas de CELTTV, el canal de TV local de la Cooperativa El\u00e9ctrica de Tornquist. Turismo, Pol\u00edtica, Sociedad, Deporte, Cultura y todo el contenido de inter\u00e9s general que la gente del pueblo y la regi\u00f3n debe conocer.","breadcrumb":{"@id":"https:\/\/www.celttv.com.ar\/index.php\/2021\/04\/30\/nos-quedamos-10-dias-en-casa-el-compromiso-comunitario-de-los-adolescentes-de-saldungaray\/#breadcrumb"},"inLanguage":"es","potentialAction":[{"@type":"ReadAction","target":["https:\/\/www.celttv.com.ar\/index.php\/2021\/04\/30\/nos-quedamos-10-dias-en-casa-el-compromiso-comunitario-de-los-adolescentes-de-saldungaray\/"]}]},{"@type":"BreadcrumbList","@id":"https:\/\/www.celttv.com.ar\/index.php\/2021\/04\/30\/nos-quedamos-10-dias-en-casa-el-compromiso-comunitario-de-los-adolescentes-de-saldungaray\/#breadcrumb","itemListElement":[{"@type":"ListItem","position":1,"name":"Inicio","item":"https:\/\/www.celttv.com.ar\/"},{"@type":"ListItem","position":2,"name":"\u2018Nos quedamos 10 d\u00edas en casa\u2019, el compromiso comunitario de los adolescentes de Saldungaray"}]},{"@type":"WebSite","@id":"https:\/\/www.celttv.com.ar\/#website","url":"https:\/\/www.celttv.com.ar\/","name":"CELTTV","description":"Cooperativa El\u00e9ctrica de Tornquist","publisher":{"@id":"https:\/\/www.celttv.com.ar\/#organization"},"potentialAction":[{"@type":"SearchAction","target":{"@type":"EntryPoint","urlTemplate":"https:\/\/www.celttv.com.ar\/?s={search_term_string}"},"query-input":"required name=search_term_string"}],"inLanguage":"es"},{"@type":"Organization","@id":"https:\/\/www.celttv.com.ar\/#organization","name":"CELTTV","url":"https:\/\/www.celttv.com.ar\/","sameAs":["https:\/\/www.youtube.com\/channel\/UCz_oIt8Hig64Ub-EmcNPIhg","https:\/\/www.facebook.com\/celtTV\/"],"logo":{"@type":"ImageObject","inLanguage":"es","@id":"https:\/\/www.celttv.com.ar\/#\/schema\/logo\/image\/","url":"http:\/\/www.celttv.com.ar\/wp-content\/uploads\/2022\/08\/logo-1.png","contentUrl":"http:\/\/www.celttv.com.ar\/wp-content\/uploads\/2022\/08\/logo-1.png","width":461,"height":159,"caption":"CELTTV"},"image":{"@id":"https:\/\/www.celttv.com.ar\/#\/schema\/logo\/image\/"}},{"@type":"Person","@id":"https:\/\/www.celttv.com.ar\/#\/schema\/person\/6d99c072dba59953809c81446e9d0ace","name":"ulises","image":{"@type":"ImageObject","inLanguage":"es","@id":"https:\/\/www.celttv.com.ar\/#\/schema\/person\/image\/","url":"https:\/\/secure.gravatar.com\/avatar\/7f2c48bdc33b30088f941fb6082e555f2874c98e20cb159d7b92b50eadfce793?s=96&d=mm&r=g","contentUrl":"https:\/\/secure.gravatar.com\/avatar\/7f2c48bdc33b30088f941fb6082e555f2874c98e20cb159d7b92b50eadfce793?s=96&d=mm&r=g","caption":"ulises"},"sameAs":["http:\/\/www.celttv.com.ar"]}]}},"_links":{"self":[{"href":"https:\/\/www.celttv.com.ar\/index.php\/wp-json\/wp\/v2\/posts\/57424","targetHints":{"allow":["GET"]}}],"collection":[{"href":"https:\/\/www.celttv.com.ar\/index.php\/wp-json\/wp\/v2\/posts"}],"about":[{"href":"https:\/\/www.celttv.com.ar\/index.php\/wp-json\/wp\/v2\/types\/post"}],"author":[{"embeddable":true,"href":"https:\/\/www.celttv.com.ar\/index.php\/wp-json\/wp\/v2\/users\/1"}],"replies":[{"embeddable":true,"href":"https:\/\/www.celttv.com.ar\/index.php\/wp-json\/wp\/v2\/comments?post=57424"}],"version-history":[{"count":0,"href":"https:\/\/www.celttv.com.ar\/index.php\/wp-json\/wp\/v2\/posts\/57424\/revisions"}],"wp:featuredmedia":[{"embeddable":true,"href":"https:\/\/www.celttv.com.ar\/index.php\/wp-json\/wp\/v2\/media\/57425"}],"wp:attachment":[{"href":"https:\/\/www.celttv.com.ar\/index.php\/wp-json\/wp\/v2\/media?parent=57424"}],"wp:term":[{"taxonomy":"category","embeddable":true,"href":"https:\/\/www.celttv.com.ar\/index.php\/wp-json\/wp\/v2\/categories?post=57424"},{"taxonomy":"post_tag","embeddable":true,"href":"https:\/\/www.celttv.com.ar\/index.php\/wp-json\/wp\/v2\/tags?post=57424"}],"curies":[{"name":"wp","href":"https:\/\/api.w.org\/{rel}","templated":true}]}}