{"id":57429,"date":"2021-05-01T13:48:05","date_gmt":"2021-05-01T13:48:05","guid":{"rendered":"http:\/\/www.celttv.com.ar\/?p=57429"},"modified":"2021-05-01T13:48:05","modified_gmt":"2021-05-01T13:48:05","slug":"los-gremios-de-suteba-udocba-y-feb-homenajearon-al-personal-de-salud","status":"publish","type":"post","link":"https:\/\/www.celttv.com.ar\/index.php\/2021\/05\/01\/los-gremios-de-suteba-udocba-y-feb-homenajearon-al-personal-de-salud\/","title":{"rendered":"Los gremios de SUTEBA, UDOCBA y FEB homenajearon al personal de salud"},"content":{"rendered":"\n<p>Un grupo de docentes representando a los gremios de SUTEBA, UDOCBA y FEB, le brindaron un sentido homenaje a los agentes de salud del distrito de Tornquist, en un breve acto realizado en el exterior del Hospital Municipal de la ciudad cabecera.<\/p>\n\n\n\n<p>En primer lugar, se dio lectura a una carta donde se resalt\u00f3 el trabajo, la entrega y compromiso del personal de salud que, d\u00eda a d\u00eda, entregan lo mejor en beneficio de la comunidad.<\/p>\n\n\n\n<p>Posteriormente, el grupo de docentes entreg\u00f3 un cuadro al Director de Salud, Diego Herrera, el cual dec\u00eda: &#8220;\u00a1Gracias! Homenaje a las y los trabajadores de la salud por su compromiso y entrega&#8221;. <\/p>\n\n\n\n<figure class=\"wp-block-embed is-type-video is-provider-youtube wp-block-embed-youtube wp-embed-aspect-16-9 wp-has-aspect-ratio\"><div class=\"wp-block-embed__wrapper\">\n<iframe loading=\"lazy\" title=\"2021 05 01 HOMENAJE DE GREMIOS DOCENTES A PERSONAL DE SALUD 1 LECTURA\" width=\"500\" height=\"281\" src=\"https:\/\/www.youtube.com\/embed\/F8QoOsYm5UI?feature=oembed\" frameborder=\"0\" allow=\"accelerometer; autoplay; clipboard-write; encrypted-media; gyroscope; picture-in-picture; web-share\" referrerpolicy=\"strict-origin-when-cross-origin\" allowfullscreen><\/iframe>\n<\/div><\/figure>\n\n\n\n<figure class=\"wp-block-embed is-type-video is-provider-youtube wp-block-embed-youtube wp-embed-aspect-16-9 wp-has-aspect-ratio\"><div class=\"wp-block-embed__wrapper\">\n<iframe loading=\"lazy\" title=\"2021 05 01 HOMENAJE DE GREMIOS DOCENTES A PERSONAL DE SALUD 2 NOTA DIEGO HERRERA   FERNANDO CAFIERI\" width=\"500\" height=\"281\" src=\"https:\/\/www.youtube.com\/embed\/cNMtZUZfHKk?feature=oembed\" frameborder=\"0\" allow=\"accelerometer; autoplay; clipboard-write; encrypted-media; gyroscope; picture-in-picture; web-share\" referrerpolicy=\"strict-origin-when-cross-origin\" allowfullscreen><\/iframe>\n<\/div><\/figure>\n\n\n\n<figure class=\"wp-block-image size-large\"><img loading=\"lazy\" decoding=\"async\" width=\"1280\" height=\"960\" src=\"http:\/\/www.celttv.com.ar\/wp-content\/uploads\/2021\/05\/0f3d1eeb-04e5-4634-8635-ccfcedafbf80.jpg\" alt=\"\" class=\"wp-image-57430\" srcset=\"https:\/\/www.celttv.com.ar\/wp-content\/uploads\/2021\/05\/0f3d1eeb-04e5-4634-8635-ccfcedafbf80.jpg 1280w, https:\/\/www.celttv.com.ar\/wp-content\/uploads\/2021\/05\/0f3d1eeb-04e5-4634-8635-ccfcedafbf80-300x225.jpg 300w, https:\/\/www.celttv.com.ar\/wp-content\/uploads\/2021\/05\/0f3d1eeb-04e5-4634-8635-ccfcedafbf80-1024x768.jpg 1024w, https:\/\/www.celttv.com.ar\/wp-content\/uploads\/2021\/05\/0f3d1eeb-04e5-4634-8635-ccfcedafbf80-768x576.jpg 768w, https:\/\/www.celttv.com.ar\/wp-content\/uploads\/2021\/05\/0f3d1eeb-04e5-4634-8635-ccfcedafbf80-750x563.jpg 750w, https:\/\/www.celttv.com.ar\/wp-content\/uploads\/2021\/05\/0f3d1eeb-04e5-4634-8635-ccfcedafbf80-1140x855.jpg 1140w\" sizes=\"auto, (max-width: 1280px) 100vw, 1280px\" \/><\/figure>\n\n\n\n<figure class=\"wp-block-image size-large\"><img loading=\"lazy\" decoding=\"async\" width=\"1280\" height=\"960\" src=\"http:\/\/www.celttv.com.ar\/wp-content\/uploads\/2021\/05\/41b90a28-8c63-45e3-82bb-c83479593d21.jpg\" alt=\"\" class=\"wp-image-57431\" srcset=\"https:\/\/www.celttv.com.ar\/wp-content\/uploads\/2021\/05\/41b90a28-8c63-45e3-82bb-c83479593d21.jpg 1280w, https:\/\/www.celttv.com.ar\/wp-content\/uploads\/2021\/05\/41b90a28-8c63-45e3-82bb-c83479593d21-300x225.jpg 300w, https:\/\/www.celttv.com.ar\/wp-content\/uploads\/2021\/05\/41b90a28-8c63-45e3-82bb-c83479593d21-1024x768.jpg 1024w, https:\/\/www.celttv.com.ar\/wp-content\/uploads\/2021\/05\/41b90a28-8c63-45e3-82bb-c83479593d21-768x576.jpg 768w, https:\/\/www.celttv.com.ar\/wp-content\/uploads\/2021\/05\/41b90a28-8c63-45e3-82bb-c83479593d21-750x563.jpg 750w, https:\/\/www.celttv.com.ar\/wp-content\/uploads\/2021\/05\/41b90a28-8c63-45e3-82bb-c83479593d21-1140x855.jpg 1140w\" sizes=\"auto, (max-width: 1280px) 100vw, 1280px\" \/><\/figure>\n\n\n\n<figure class=\"wp-block-image size-large\"><img loading=\"lazy\" decoding=\"async\" width=\"1280\" height=\"960\" src=\"http:\/\/www.celttv.com.ar\/wp-content\/uploads\/2021\/05\/978e8cec-d418-4021-9696-29dff254f5c6.jpg\" alt=\"\" class=\"wp-image-57432\" srcset=\"https:\/\/www.celttv.com.ar\/wp-content\/uploads\/2021\/05\/978e8cec-d418-4021-9696-29dff254f5c6.jpg 1280w, https:\/\/www.celttv.com.ar\/wp-content\/uploads\/2021\/05\/978e8cec-d418-4021-9696-29dff254f5c6-300x225.jpg 300w, https:\/\/www.celttv.com.ar\/wp-content\/uploads\/2021\/05\/978e8cec-d418-4021-9696-29dff254f5c6-1024x768.jpg 1024w, https:\/\/www.celttv.com.ar\/wp-content\/uploads\/2021\/05\/978e8cec-d418-4021-9696-29dff254f5c6-768x576.jpg 768w, https:\/\/www.celttv.com.ar\/wp-content\/uploads\/2021\/05\/978e8cec-d418-4021-9696-29dff254f5c6-750x563.jpg 750w, https:\/\/www.celttv.com.ar\/wp-content\/uploads\/2021\/05\/978e8cec-d418-4021-9696-29dff254f5c6-1140x855.jpg 1140w\" sizes=\"auto, (max-width: 1280px) 100vw, 1280px\" \/><\/figure>\n\n\n\n<figure class=\"wp-block-image size-large\"><img loading=\"lazy\" decoding=\"async\" width=\"1280\" height=\"960\" src=\"http:\/\/www.celttv.com.ar\/wp-content\/uploads\/2021\/05\/2594e89e-a789-4165-aac9-71bd837d0f97.jpg\" alt=\"\" class=\"wp-image-57433\" srcset=\"https:\/\/www.celttv.com.ar\/wp-content\/uploads\/2021\/05\/2594e89e-a789-4165-aac9-71bd837d0f97.jpg 1280w, https:\/\/www.celttv.com.ar\/wp-content\/uploads\/2021\/05\/2594e89e-a789-4165-aac9-71bd837d0f97-300x225.jpg 300w, https:\/\/www.celttv.com.ar\/wp-content\/uploads\/2021\/05\/2594e89e-a789-4165-aac9-71bd837d0f97-1024x768.jpg 1024w, https:\/\/www.celttv.com.ar\/wp-content\/uploads\/2021\/05\/2594e89e-a789-4165-aac9-71bd837d0f97-768x576.jpg 768w, https:\/\/www.celttv.com.ar\/wp-content\/uploads\/2021\/05\/2594e89e-a789-4165-aac9-71bd837d0f97-750x563.jpg 750w, https:\/\/www.celttv.com.ar\/wp-content\/uploads\/2021\/05\/2594e89e-a789-4165-aac9-71bd837d0f97-1140x855.jpg 1140w\" sizes=\"auto, (max-width: 1280px) 100vw, 1280px\" \/><\/figure>\n\n\n\n<figure class=\"wp-block-image size-large\"><img loading=\"lazy\" decoding=\"async\" width=\"1280\" height=\"960\" src=\"http:\/\/www.celttv.com.ar\/wp-content\/uploads\/2021\/05\/7f88fcd2-6231-4309-8bfe-49a0d4eb8023.jpg\" alt=\"\" class=\"wp-image-57434\" srcset=\"https:\/\/www.celttv.com.ar\/wp-content\/uploads\/2021\/05\/7f88fcd2-6231-4309-8bfe-49a0d4eb8023.jpg 1280w, https:\/\/www.celttv.com.ar\/wp-content\/uploads\/2021\/05\/7f88fcd2-6231-4309-8bfe-49a0d4eb8023-300x225.jpg 300w, https:\/\/www.celttv.com.ar\/wp-content\/uploads\/2021\/05\/7f88fcd2-6231-4309-8bfe-49a0d4eb8023-1024x768.jpg 1024w, https:\/\/www.celttv.com.ar\/wp-content\/uploads\/2021\/05\/7f88fcd2-6231-4309-8bfe-49a0d4eb8023-768x576.jpg 768w, https:\/\/www.celttv.com.ar\/wp-content\/uploads\/2021\/05\/7f88fcd2-6231-4309-8bfe-49a0d4eb8023-750x563.jpg 750w, https:\/\/www.celttv.com.ar\/wp-content\/uploads\/2021\/05\/7f88fcd2-6231-4309-8bfe-49a0d4eb8023-1140x855.jpg 1140w\" sizes=\"auto, (max-width: 1280px) 100vw, 1280px\" \/><\/figure>\n\n\n\n<figure class=\"wp-block-image size-large\"><img loading=\"lazy\" decoding=\"async\" width=\"1280\" height=\"960\" src=\"http:\/\/www.celttv.com.ar\/wp-content\/uploads\/2021\/05\/92168414-2657-4d3e-bf21-5ff46af7a2f2.jpg\" alt=\"\" class=\"wp-image-57435\" srcset=\"https:\/\/www.celttv.com.ar\/wp-content\/uploads\/2021\/05\/92168414-2657-4d3e-bf21-5ff46af7a2f2.jpg 1280w, https:\/\/www.celttv.com.ar\/wp-content\/uploads\/2021\/05\/92168414-2657-4d3e-bf21-5ff46af7a2f2-300x225.jpg 300w, https:\/\/www.celttv.com.ar\/wp-content\/uploads\/2021\/05\/92168414-2657-4d3e-bf21-5ff46af7a2f2-1024x768.jpg 1024w, https:\/\/www.celttv.com.ar\/wp-content\/uploads\/2021\/05\/92168414-2657-4d3e-bf21-5ff46af7a2f2-768x576.jpg 768w, https:\/\/www.celttv.com.ar\/wp-content\/uploads\/2021\/05\/92168414-2657-4d3e-bf21-5ff46af7a2f2-750x563.jpg 750w, https:\/\/www.celttv.com.ar\/wp-content\/uploads\/2021\/05\/92168414-2657-4d3e-bf21-5ff46af7a2f2-1140x855.jpg 1140w\" sizes=\"auto, (max-width: 1280px) 100vw, 1280px\" \/><\/figure>\n\n\n\n<p><\/p>\n","protected":false},"excerpt":{"rendered":"<p>Un grupo de docentes representando a los gremios de SUTEBA, UDOCBA y FEB, le brindaron un sentido homenaje a los agentes de salud del distrito de Tornquist, en un breve acto realizado en el exterior del Hospital Municipal de la ciudad cabecera. En primer lugar, se dio lectura a una carta donde se resalt\u00f3 el [&hellip;]<\/p>\n","protected":false},"author":1,"featured_media":57430,"comment_status":"closed","ping_status":"open","sticky":false,"template":"","format":"standard","meta":{"footnotes":""},"categories":[54,55,51,52],"tags":[],"class_list":["post-57429","post","type-post","status-publish","format-standard","has-post-thumbnail","hentry","category-atencion-salud","category-celt-tv-noticias","category-comunidad","category-destacadas"],"yoast_head":"<!-- This site is optimized with the Yoast SEO plugin v19.7.1 - https:\/\/yoast.com\/wordpress\/plugins\/seo\/ -->\n<title>Los gremios de SUTEBA, UDOCBA y FEB homenajearon al personal de salud - CELTTV<\/title>\n<meta name=\"description\" content=\"Sitio web de noticias de la localidad de Tornquist, provincia de Buenos Aires, Rep\u00fablica Argentina. Contenido propio originado por periodistas de CELTTV, el canal de TV local de la Cooperativa El\u00e9ctrica de Tornquist. Turismo, Pol\u00edtica, Sociedad, Deporte, Cultura y todo el contenido de inter\u00e9s general que la gente del pueblo y la regi\u00f3n debe conocer.\" \/>\n<meta name=\"robots\" content=\"index, follow, max-snippet:-1, max-image-preview:large, max-video-preview:-1\" \/>\n<link rel=\"canonical\" href=\"https:\/\/www.celttv.com.ar\/index.php\/2021\/05\/01\/los-gremios-de-suteba-udocba-y-feb-homenajearon-al-personal-de-salud\/\" \/>\n<meta property=\"og:locale\" content=\"es_ES\" \/>\n<meta property=\"og:type\" content=\"article\" \/>\n<meta property=\"og:title\" content=\"Los gremios de SUTEBA, UDOCBA y FEB homenajearon al personal de salud - CELTTV\" \/>\n<meta property=\"og:description\" content=\"Sitio web de noticias de la localidad de Tornquist, provincia de Buenos Aires, Rep\u00fablica Argentina. Contenido propio originado por periodistas de CELTTV, el canal de TV local de la Cooperativa El\u00e9ctrica de Tornquist. Turismo, Pol\u00edtica, Sociedad, Deporte, Cultura y todo el contenido de inter\u00e9s general que la gente del pueblo y la regi\u00f3n debe conocer.\" \/>\n<meta property=\"og:url\" content=\"https:\/\/www.celttv.com.ar\/index.php\/2021\/05\/01\/los-gremios-de-suteba-udocba-y-feb-homenajearon-al-personal-de-salud\/\" \/>\n<meta property=\"og:site_name\" content=\"CELTTV\" \/>\n<meta property=\"article:publisher\" content=\"https:\/\/www.facebook.com\/celtTV\/\" \/>\n<meta property=\"article:published_time\" content=\"2021-05-01T13:48:05+00:00\" \/>\n<meta property=\"og:image\" content=\"https:\/\/www.celttv.com.ar\/wp-content\/uploads\/2021\/05\/0f3d1eeb-04e5-4634-8635-ccfcedafbf80.jpg\" \/>\n\t<meta property=\"og:image:width\" content=\"1280\" \/>\n\t<meta property=\"og:image:height\" content=\"960\" \/>\n\t<meta property=\"og:image:type\" content=\"image\/jpeg\" \/>\n<meta name=\"author\" content=\"ulises\" \/>\n<meta name=\"twitter:card\" content=\"summary_large_image\" \/>\n<meta name=\"twitter:label1\" content=\"Escrito por\" \/>\n\t<meta name=\"twitter:data1\" content=\"ulises\" \/>\n\t<meta name=\"twitter:label2\" content=\"Tiempo de lectura\" \/>\n\t<meta name=\"twitter:data2\" content=\"1 minuto\" \/>\n<script type=\"application\/ld+json\" class=\"yoast-schema-graph\">{\"@context\":\"https:\/\/schema.org\",\"@graph\":[{\"@type\":\"NewsArticle\",\"@id\":\"https:\/\/www.celttv.com.ar\/index.php\/2021\/05\/01\/los-gremios-de-suteba-udocba-y-feb-homenajearon-al-personal-de-salud\/#article\",\"isPartOf\":{\"@id\":\"https:\/\/www.celttv.com.ar\/index.php\/2021\/05\/01\/los-gremios-de-suteba-udocba-y-feb-homenajearon-al-personal-de-salud\/\"},\"author\":{\"name\":\"ulises\",\"@id\":\"https:\/\/www.celttv.com.ar\/#\/schema\/person\/6d99c072dba59953809c81446e9d0ace\"},\"headline\":\"Los gremios de SUTEBA, UDOCBA y FEB homenajearon al personal de salud\",\"datePublished\":\"2021-05-01T13:48:05+00:00\",\"dateModified\":\"2021-05-01T13:48:05+00:00\",\"mainEntityOfPage\":{\"@id\":\"https:\/\/www.celttv.com.ar\/index.php\/2021\/05\/01\/los-gremios-de-suteba-udocba-y-feb-homenajearon-al-personal-de-salud\/\"},\"wordCount\":133,\"publisher\":{\"@id\":\"https:\/\/www.celttv.com.ar\/#organization\"},\"articleSection\":[\"Atenci\u00f3n Salud\",\"Celt TV Noticias\",\"Comunidad\",\"Destacadas\"],\"inLanguage\":\"es\"},{\"@type\":\"WebPage\",\"@id\":\"https:\/\/www.celttv.com.ar\/index.php\/2021\/05\/01\/los-gremios-de-suteba-udocba-y-feb-homenajearon-al-personal-de-salud\/\",\"url\":\"https:\/\/www.celttv.com.ar\/index.php\/2021\/05\/01\/los-gremios-de-suteba-udocba-y-feb-homenajearon-al-personal-de-salud\/\",\"name\":\"Los gremios de SUTEBA, UDOCBA y FEB homenajearon al personal de salud - CELTTV\",\"isPartOf\":{\"@id\":\"https:\/\/www.celttv.com.ar\/#website\"},\"datePublished\":\"2021-05-01T13:48:05+00:00\",\"dateModified\":\"2021-05-01T13:48:05+00:00\",\"description\":\"Sitio web de noticias de la localidad de Tornquist, provincia de Buenos Aires, Rep\u00fablica Argentina. Contenido propio originado por periodistas de CELTTV, el canal de TV local de la Cooperativa El\u00e9ctrica de Tornquist. Turismo, Pol\u00edtica, Sociedad, Deporte, Cultura y todo el contenido de inter\u00e9s general que la gente del pueblo y la regi\u00f3n debe conocer.\",\"breadcrumb\":{\"@id\":\"https:\/\/www.celttv.com.ar\/index.php\/2021\/05\/01\/los-gremios-de-suteba-udocba-y-feb-homenajearon-al-personal-de-salud\/#breadcrumb\"},\"inLanguage\":\"es\",\"potentialAction\":[{\"@type\":\"ReadAction\",\"target\":[\"https:\/\/www.celttv.com.ar\/index.php\/2021\/05\/01\/los-gremios-de-suteba-udocba-y-feb-homenajearon-al-personal-de-salud\/\"]}]},{\"@type\":\"BreadcrumbList\",\"@id\":\"https:\/\/www.celttv.com.ar\/index.php\/2021\/05\/01\/los-gremios-de-suteba-udocba-y-feb-homenajearon-al-personal-de-salud\/#breadcrumb\",\"itemListElement\":[{\"@type\":\"ListItem\",\"position\":1,\"name\":\"Inicio\",\"item\":\"https:\/\/www.celttv.com.ar\/\"},{\"@type\":\"ListItem\",\"position\":2,\"name\":\"Los gremios de SUTEBA, UDOCBA y FEB homenajearon al personal de salud\"}]},{\"@type\":\"WebSite\",\"@id\":\"https:\/\/www.celttv.com.ar\/#website\",\"url\":\"https:\/\/www.celttv.com.ar\/\",\"name\":\"CELTTV\",\"description\":\"Cooperativa El\u00e9ctrica de Tornquist\",\"publisher\":{\"@id\":\"https:\/\/www.celttv.com.ar\/#organization\"},\"potentialAction\":[{\"@type\":\"SearchAction\",\"target\":{\"@type\":\"EntryPoint\",\"urlTemplate\":\"https:\/\/www.celttv.com.ar\/?s={search_term_string}\"},\"query-input\":\"required name=search_term_string\"}],\"inLanguage\":\"es\"},{\"@type\":\"Organization\",\"@id\":\"https:\/\/www.celttv.com.ar\/#organization\",\"name\":\"CELTTV\",\"url\":\"https:\/\/www.celttv.com.ar\/\",\"sameAs\":[\"https:\/\/www.youtube.com\/channel\/UCz_oIt8Hig64Ub-EmcNPIhg\",\"https:\/\/www.facebook.com\/celtTV\/\"],\"logo\":{\"@type\":\"ImageObject\",\"inLanguage\":\"es\",\"@id\":\"https:\/\/www.celttv.com.ar\/#\/schema\/logo\/image\/\",\"url\":\"http:\/\/www.celttv.com.ar\/wp-content\/uploads\/2022\/08\/logo-1.png\",\"contentUrl\":\"http:\/\/www.celttv.com.ar\/wp-content\/uploads\/2022\/08\/logo-1.png\",\"width\":461,\"height\":159,\"caption\":\"CELTTV\"},\"image\":{\"@id\":\"https:\/\/www.celttv.com.ar\/#\/schema\/logo\/image\/\"}},{\"@type\":\"Person\",\"@id\":\"https:\/\/www.celttv.com.ar\/#\/schema\/person\/6d99c072dba59953809c81446e9d0ace\",\"name\":\"ulises\",\"image\":{\"@type\":\"ImageObject\",\"inLanguage\":\"es\",\"@id\":\"https:\/\/www.celttv.com.ar\/#\/schema\/person\/image\/\",\"url\":\"https:\/\/secure.gravatar.com\/avatar\/7f2c48bdc33b30088f941fb6082e555f2874c98e20cb159d7b92b50eadfce793?s=96&d=mm&r=g\",\"contentUrl\":\"https:\/\/secure.gravatar.com\/avatar\/7f2c48bdc33b30088f941fb6082e555f2874c98e20cb159d7b92b50eadfce793?s=96&d=mm&r=g\",\"caption\":\"ulises\"},\"sameAs\":[\"http:\/\/www.celttv.com.ar\"]}]}<\/script>\n<!-- \/ Yoast SEO plugin. -->","yoast_head_json":{"title":"Los gremios de SUTEBA, UDOCBA y FEB homenajearon al personal de salud - CELTTV","description":"Sitio web de noticias de la localidad de Tornquist, provincia de Buenos Aires, Rep\u00fablica Argentina. Contenido propio originado por periodistas de CELTTV, el canal de TV local de la Cooperativa El\u00e9ctrica de Tornquist. Turismo, Pol\u00edtica, Sociedad, Deporte, Cultura y todo el contenido de inter\u00e9s general que la gente del pueblo y la regi\u00f3n debe conocer.","robots":{"index":"index","follow":"follow","max-snippet":"max-snippet:-1","max-image-preview":"max-image-preview:large","max-video-preview":"max-video-preview:-1"},"canonical":"https:\/\/www.celttv.com.ar\/index.php\/2021\/05\/01\/los-gremios-de-suteba-udocba-y-feb-homenajearon-al-personal-de-salud\/","og_locale":"es_ES","og_type":"article","og_title":"Los gremios de SUTEBA, UDOCBA y FEB homenajearon al personal de salud - CELTTV","og_description":"Sitio web de noticias de la localidad de Tornquist, provincia de Buenos Aires, Rep\u00fablica Argentina. Contenido propio originado por periodistas de CELTTV, el canal de TV local de la Cooperativa El\u00e9ctrica de Tornquist. Turismo, Pol\u00edtica, Sociedad, Deporte, Cultura y todo el contenido de inter\u00e9s general que la gente del pueblo y la regi\u00f3n debe conocer.","og_url":"https:\/\/www.celttv.com.ar\/index.php\/2021\/05\/01\/los-gremios-de-suteba-udocba-y-feb-homenajearon-al-personal-de-salud\/","og_site_name":"CELTTV","article_publisher":"https:\/\/www.facebook.com\/celtTV\/","article_published_time":"2021-05-01T13:48:05+00:00","og_image":[{"width":1280,"height":960,"url":"https:\/\/www.celttv.com.ar\/wp-content\/uploads\/2021\/05\/0f3d1eeb-04e5-4634-8635-ccfcedafbf80.jpg","type":"image\/jpeg"}],"author":"ulises","twitter_card":"summary_large_image","twitter_misc":{"Escrito por":"ulises","Tiempo de lectura":"1 minuto"},"schema":{"@context":"https:\/\/schema.org","@graph":[{"@type":"NewsArticle","@id":"https:\/\/www.celttv.com.ar\/index.php\/2021\/05\/01\/los-gremios-de-suteba-udocba-y-feb-homenajearon-al-personal-de-salud\/#article","isPartOf":{"@id":"https:\/\/www.celttv.com.ar\/index.php\/2021\/05\/01\/los-gremios-de-suteba-udocba-y-feb-homenajearon-al-personal-de-salud\/"},"author":{"name":"ulises","@id":"https:\/\/www.celttv.com.ar\/#\/schema\/person\/6d99c072dba59953809c81446e9d0ace"},"headline":"Los gremios de SUTEBA, UDOCBA y FEB homenajearon al personal de salud","datePublished":"2021-05-01T13:48:05+00:00","dateModified":"2021-05-01T13:48:05+00:00","mainEntityOfPage":{"@id":"https:\/\/www.celttv.com.ar\/index.php\/2021\/05\/01\/los-gremios-de-suteba-udocba-y-feb-homenajearon-al-personal-de-salud\/"},"wordCount":133,"publisher":{"@id":"https:\/\/www.celttv.com.ar\/#organization"},"articleSection":["Atenci\u00f3n Salud","Celt TV Noticias","Comunidad","Destacadas"],"inLanguage":"es"},{"@type":"WebPage","@id":"https:\/\/www.celttv.com.ar\/index.php\/2021\/05\/01\/los-gremios-de-suteba-udocba-y-feb-homenajearon-al-personal-de-salud\/","url":"https:\/\/www.celttv.com.ar\/index.php\/2021\/05\/01\/los-gremios-de-suteba-udocba-y-feb-homenajearon-al-personal-de-salud\/","name":"Los gremios de SUTEBA, UDOCBA y FEB homenajearon al personal de salud - CELTTV","isPartOf":{"@id":"https:\/\/www.celttv.com.ar\/#website"},"datePublished":"2021-05-01T13:48:05+00:00","dateModified":"2021-05-01T13:48:05+00:00","description":"Sitio web de noticias de la localidad de Tornquist, provincia de Buenos Aires, Rep\u00fablica Argentina. Contenido propio originado por periodistas de CELTTV, el canal de TV local de la Cooperativa El\u00e9ctrica de Tornquist. Turismo, Pol\u00edtica, Sociedad, Deporte, Cultura y todo el contenido de inter\u00e9s general que la gente del pueblo y la regi\u00f3n debe conocer.","breadcrumb":{"@id":"https:\/\/www.celttv.com.ar\/index.php\/2021\/05\/01\/los-gremios-de-suteba-udocba-y-feb-homenajearon-al-personal-de-salud\/#breadcrumb"},"inLanguage":"es","potentialAction":[{"@type":"ReadAction","target":["https:\/\/www.celttv.com.ar\/index.php\/2021\/05\/01\/los-gremios-de-suteba-udocba-y-feb-homenajearon-al-personal-de-salud\/"]}]},{"@type":"BreadcrumbList","@id":"https:\/\/www.celttv.com.ar\/index.php\/2021\/05\/01\/los-gremios-de-suteba-udocba-y-feb-homenajearon-al-personal-de-salud\/#breadcrumb","itemListElement":[{"@type":"ListItem","position":1,"name":"Inicio","item":"https:\/\/www.celttv.com.ar\/"},{"@type":"ListItem","position":2,"name":"Los gremios de SUTEBA, UDOCBA y FEB homenajearon al personal de salud"}]},{"@type":"WebSite","@id":"https:\/\/www.celttv.com.ar\/#website","url":"https:\/\/www.celttv.com.ar\/","name":"CELTTV","description":"Cooperativa El\u00e9ctrica de Tornquist","publisher":{"@id":"https:\/\/www.celttv.com.ar\/#organization"},"potentialAction":[{"@type":"SearchAction","target":{"@type":"EntryPoint","urlTemplate":"https:\/\/www.celttv.com.ar\/?s={search_term_string}"},"query-input":"required name=search_term_string"}],"inLanguage":"es"},{"@type":"Organization","@id":"https:\/\/www.celttv.com.ar\/#organization","name":"CELTTV","url":"https:\/\/www.celttv.com.ar\/","sameAs":["https:\/\/www.youtube.com\/channel\/UCz_oIt8Hig64Ub-EmcNPIhg","https:\/\/www.facebook.com\/celtTV\/"],"logo":{"@type":"ImageObject","inLanguage":"es","@id":"https:\/\/www.celttv.com.ar\/#\/schema\/logo\/image\/","url":"http:\/\/www.celttv.com.ar\/wp-content\/uploads\/2022\/08\/logo-1.png","contentUrl":"http:\/\/www.celttv.com.ar\/wp-content\/uploads\/2022\/08\/logo-1.png","width":461,"height":159,"caption":"CELTTV"},"image":{"@id":"https:\/\/www.celttv.com.ar\/#\/schema\/logo\/image\/"}},{"@type":"Person","@id":"https:\/\/www.celttv.com.ar\/#\/schema\/person\/6d99c072dba59953809c81446e9d0ace","name":"ulises","image":{"@type":"ImageObject","inLanguage":"es","@id":"https:\/\/www.celttv.com.ar\/#\/schema\/person\/image\/","url":"https:\/\/secure.gravatar.com\/avatar\/7f2c48bdc33b30088f941fb6082e555f2874c98e20cb159d7b92b50eadfce793?s=96&d=mm&r=g","contentUrl":"https:\/\/secure.gravatar.com\/avatar\/7f2c48bdc33b30088f941fb6082e555f2874c98e20cb159d7b92b50eadfce793?s=96&d=mm&r=g","caption":"ulises"},"sameAs":["http:\/\/www.celttv.com.ar"]}]}},"_links":{"self":[{"href":"https:\/\/www.celttv.com.ar\/index.php\/wp-json\/wp\/v2\/posts\/57429","targetHints":{"allow":["GET"]}}],"collection":[{"href":"https:\/\/www.celttv.com.ar\/index.php\/wp-json\/wp\/v2\/posts"}],"about":[{"href":"https:\/\/www.celttv.com.ar\/index.php\/wp-json\/wp\/v2\/types\/post"}],"author":[{"embeddable":true,"href":"https:\/\/www.celttv.com.ar\/index.php\/wp-json\/wp\/v2\/users\/1"}],"replies":[{"embeddable":true,"href":"https:\/\/www.celttv.com.ar\/index.php\/wp-json\/wp\/v2\/comments?post=57429"}],"version-history":[{"count":0,"href":"https:\/\/www.celttv.com.ar\/index.php\/wp-json\/wp\/v2\/posts\/57429\/revisions"}],"wp:featuredmedia":[{"embeddable":true,"href":"https:\/\/www.celttv.com.ar\/index.php\/wp-json\/wp\/v2\/media\/57430"}],"wp:attachment":[{"href":"https:\/\/www.celttv.com.ar\/index.php\/wp-json\/wp\/v2\/media?parent=57429"}],"wp:term":[{"taxonomy":"category","embeddable":true,"href":"https:\/\/www.celttv.com.ar\/index.php\/wp-json\/wp\/v2\/categories?post=57429"},{"taxonomy":"post_tag","embeddable":true,"href":"https:\/\/www.celttv.com.ar\/index.php\/wp-json\/wp\/v2\/tags?post=57429"}],"curies":[{"name":"wp","href":"https:\/\/api.w.org\/{rel}","templated":true}]}}