{"id":57660,"date":"2021-05-13T20:27:55","date_gmt":"2021-05-13T20:27:55","guid":{"rendered":"http:\/\/www.celttv.com.ar\/?p=57660"},"modified":"2021-05-13T20:27:55","modified_gmt":"2021-05-13T20:27:55","slug":"invitan-a-la-charla-virtual-sobre-gestion-responsable-de-envases-vacios-de-fitosanitarios","status":"publish","type":"post","link":"https:\/\/www.celttv.com.ar\/index.php\/2021\/05\/13\/invitan-a-la-charla-virtual-sobre-gestion-responsable-de-envases-vacios-de-fitosanitarios\/","title":{"rendered":"Invitan a la charla virtual sobre \u201cGesti\u00f3n Responsable de Envases Vac\u00edos de Fitosanitarios\u201d"},"content":{"rendered":"\n<p>La Direcci\u00f3n de Medio Ambiente invita a&nbsp; productores, aplicadores, profesionales y agronom\u00edas a participar de la charla virtual sobre Gesti\u00f3n Responsable de Envases Vac\u00edos de Fitosanitarios.<\/p>\n\n\n\n<p>La misma, estar\u00e1 a cargo de Leandro Brambilla de la organizaci\u00f3n Campo Limpio, y se llevar\u00e1 a cabo el pr\u00f3ximo 27 de mayo a las 19hs.<\/p>\n\n\n\n<p>Quienes deseen sumarse deber\u00e1n registrarse en el siguiente link: <a href=\"https:\/\/zoom.us\/webinar\/register\/WN_2P_O5PrNSbuDOP6rhcVDfw\">https:\/\/zoom.us\/webinar\/register\/WN_2P_O5PrNSbuDOP6rhcVDfw<\/a> . Una vez realizada la inscripci\u00f3n se les enviar\u00e1 el enlace de la charla.<\/p>\n\n\n\n<figure class=\"wp-block-image size-large\"><img loading=\"lazy\" decoding=\"async\" width=\"903\" height=\"1280\" src=\"http:\/\/www.celttv.com.ar\/wp-content\/uploads\/2021\/05\/FITOSANTARIOS.jpeg\" alt=\"\" class=\"wp-image-57661\" srcset=\"https:\/\/www.celttv.com.ar\/wp-content\/uploads\/2021\/05\/FITOSANTARIOS.jpeg 903w, https:\/\/www.celttv.com.ar\/wp-content\/uploads\/2021\/05\/FITOSANTARIOS-212x300.jpeg 212w, https:\/\/www.celttv.com.ar\/wp-content\/uploads\/2021\/05\/FITOSANTARIOS-722x1024.jpeg 722w, https:\/\/www.celttv.com.ar\/wp-content\/uploads\/2021\/05\/FITOSANTARIOS-768x1089.jpeg 768w, https:\/\/www.celttv.com.ar\/wp-content\/uploads\/2021\/05\/FITOSANTARIOS-750x1063.jpeg 750w\" sizes=\"auto, (max-width: 903px) 100vw, 903px\" \/><\/figure>\n","protected":false},"excerpt":{"rendered":"<p>La Direcci\u00f3n de Medio Ambiente invita a&nbsp; productores, aplicadores, profesionales y agronom\u00edas a participar de la charla virtual sobre Gesti\u00f3n Responsable de Envases Vac\u00edos de Fitosanitarios. La misma, estar\u00e1 a cargo de Leandro Brambilla de la organizaci\u00f3n Campo Limpio, y se llevar\u00e1 a cabo el pr\u00f3ximo 27 de mayo a las 19hs. Quienes deseen sumarse [&hellip;]<\/p>\n","protected":false},"author":1,"featured_media":57661,"comment_status":"closed","ping_status":"open","sticky":false,"template":"","format":"standard","meta":{"footnotes":""},"categories":[51,52,65],"tags":[],"class_list":["post-57660","post","type-post","status-publish","format-standard","has-post-thumbnail","hentry","category-comunidad","category-destacadas","category-produccion"],"yoast_head":"<!-- This site is optimized with the Yoast SEO plugin v19.7.1 - https:\/\/yoast.com\/wordpress\/plugins\/seo\/ -->\n<title>Invitan a la charla virtual sobre \u201cGesti\u00f3n Responsable de Envases Vac\u00edos de Fitosanitarios\u201d - CELTTV<\/title>\n<meta name=\"description\" content=\"Sitio web de noticias de la localidad de Tornquist, provincia de Buenos Aires, Rep\u00fablica Argentina. Contenido propio originado por periodistas de CELTTV, el canal de TV local de la Cooperativa El\u00e9ctrica de Tornquist. Turismo, Pol\u00edtica, Sociedad, Deporte, Cultura y todo el contenido de inter\u00e9s general que la gente del pueblo y la regi\u00f3n debe conocer.\" \/>\n<meta name=\"robots\" content=\"index, follow, max-snippet:-1, max-image-preview:large, max-video-preview:-1\" \/>\n<link rel=\"canonical\" href=\"https:\/\/www.celttv.com.ar\/index.php\/2021\/05\/13\/invitan-a-la-charla-virtual-sobre-gestion-responsable-de-envases-vacios-de-fitosanitarios\/\" \/>\n<meta property=\"og:locale\" content=\"es_ES\" \/>\n<meta property=\"og:type\" content=\"article\" \/>\n<meta property=\"og:title\" content=\"Invitan a la charla virtual sobre \u201cGesti\u00f3n Responsable de Envases Vac\u00edos de Fitosanitarios\u201d - CELTTV\" \/>\n<meta property=\"og:description\" content=\"Sitio web de noticias de la localidad de Tornquist, provincia de Buenos Aires, Rep\u00fablica Argentina. Contenido propio originado por periodistas de CELTTV, el canal de TV local de la Cooperativa El\u00e9ctrica de Tornquist. Turismo, Pol\u00edtica, Sociedad, Deporte, Cultura y todo el contenido de inter\u00e9s general que la gente del pueblo y la regi\u00f3n debe conocer.\" \/>\n<meta property=\"og:url\" content=\"https:\/\/www.celttv.com.ar\/index.php\/2021\/05\/13\/invitan-a-la-charla-virtual-sobre-gestion-responsable-de-envases-vacios-de-fitosanitarios\/\" \/>\n<meta property=\"og:site_name\" content=\"CELTTV\" \/>\n<meta property=\"article:publisher\" content=\"https:\/\/www.facebook.com\/celtTV\/\" \/>\n<meta property=\"article:published_time\" content=\"2021-05-13T20:27:55+00:00\" \/>\n<meta property=\"og:image\" content=\"https:\/\/www.celttv.com.ar\/wp-content\/uploads\/2021\/05\/FITOSANTARIOS.jpeg\" \/>\n\t<meta property=\"og:image:width\" content=\"903\" \/>\n\t<meta property=\"og:image:height\" content=\"1280\" \/>\n\t<meta property=\"og:image:type\" content=\"image\/jpeg\" \/>\n<meta name=\"author\" content=\"ulises\" \/>\n<meta name=\"twitter:card\" content=\"summary_large_image\" \/>\n<meta name=\"twitter:label1\" content=\"Escrito por\" \/>\n\t<meta name=\"twitter:data1\" content=\"ulises\" \/>\n<script type=\"application\/ld+json\" class=\"yoast-schema-graph\">{\"@context\":\"https:\/\/schema.org\",\"@graph\":[{\"@type\":\"NewsArticle\",\"@id\":\"https:\/\/www.celttv.com.ar\/index.php\/2021\/05\/13\/invitan-a-la-charla-virtual-sobre-gestion-responsable-de-envases-vacios-de-fitosanitarios\/#article\",\"isPartOf\":{\"@id\":\"https:\/\/www.celttv.com.ar\/index.php\/2021\/05\/13\/invitan-a-la-charla-virtual-sobre-gestion-responsable-de-envases-vacios-de-fitosanitarios\/\"},\"author\":{\"name\":\"ulises\",\"@id\":\"https:\/\/www.celttv.com.ar\/#\/schema\/person\/6d99c072dba59953809c81446e9d0ace\"},\"headline\":\"Invitan a la charla virtual sobre \u201cGesti\u00f3n Responsable de Envases Vac\u00edos de Fitosanitarios\u201d\",\"datePublished\":\"2021-05-13T20:27:55+00:00\",\"dateModified\":\"2021-05-13T20:27:55+00:00\",\"mainEntityOfPage\":{\"@id\":\"https:\/\/www.celttv.com.ar\/index.php\/2021\/05\/13\/invitan-a-la-charla-virtual-sobre-gestion-responsable-de-envases-vacios-de-fitosanitarios\/\"},\"wordCount\":107,\"publisher\":{\"@id\":\"https:\/\/www.celttv.com.ar\/#organization\"},\"articleSection\":[\"Comunidad\",\"Destacadas\",\"Producci\u00f3n y Medio Ambiente\"],\"inLanguage\":\"es\"},{\"@type\":\"WebPage\",\"@id\":\"https:\/\/www.celttv.com.ar\/index.php\/2021\/05\/13\/invitan-a-la-charla-virtual-sobre-gestion-responsable-de-envases-vacios-de-fitosanitarios\/\",\"url\":\"https:\/\/www.celttv.com.ar\/index.php\/2021\/05\/13\/invitan-a-la-charla-virtual-sobre-gestion-responsable-de-envases-vacios-de-fitosanitarios\/\",\"name\":\"Invitan a la charla virtual sobre \u201cGesti\u00f3n Responsable de Envases Vac\u00edos de Fitosanitarios\u201d - CELTTV\",\"isPartOf\":{\"@id\":\"https:\/\/www.celttv.com.ar\/#website\"},\"datePublished\":\"2021-05-13T20:27:55+00:00\",\"dateModified\":\"2021-05-13T20:27:55+00:00\",\"description\":\"Sitio web de noticias de la localidad de Tornquist, provincia de Buenos Aires, Rep\u00fablica Argentina. Contenido propio originado por periodistas de CELTTV, el canal de TV local de la Cooperativa El\u00e9ctrica de Tornquist. Turismo, Pol\u00edtica, Sociedad, Deporte, Cultura y todo el contenido de inter\u00e9s general que la gente del pueblo y la regi\u00f3n debe conocer.\",\"breadcrumb\":{\"@id\":\"https:\/\/www.celttv.com.ar\/index.php\/2021\/05\/13\/invitan-a-la-charla-virtual-sobre-gestion-responsable-de-envases-vacios-de-fitosanitarios\/#breadcrumb\"},\"inLanguage\":\"es\",\"potentialAction\":[{\"@type\":\"ReadAction\",\"target\":[\"https:\/\/www.celttv.com.ar\/index.php\/2021\/05\/13\/invitan-a-la-charla-virtual-sobre-gestion-responsable-de-envases-vacios-de-fitosanitarios\/\"]}]},{\"@type\":\"BreadcrumbList\",\"@id\":\"https:\/\/www.celttv.com.ar\/index.php\/2021\/05\/13\/invitan-a-la-charla-virtual-sobre-gestion-responsable-de-envases-vacios-de-fitosanitarios\/#breadcrumb\",\"itemListElement\":[{\"@type\":\"ListItem\",\"position\":1,\"name\":\"Inicio\",\"item\":\"https:\/\/www.celttv.com.ar\/\"},{\"@type\":\"ListItem\",\"position\":2,\"name\":\"Invitan a la charla virtual sobre \u201cGesti\u00f3n Responsable de Envases Vac\u00edos de Fitosanitarios\u201d\"}]},{\"@type\":\"WebSite\",\"@id\":\"https:\/\/www.celttv.com.ar\/#website\",\"url\":\"https:\/\/www.celttv.com.ar\/\",\"name\":\"CELTTV\",\"description\":\"Cooperativa El\u00e9ctrica de Tornquist\",\"publisher\":{\"@id\":\"https:\/\/www.celttv.com.ar\/#organization\"},\"potentialAction\":[{\"@type\":\"SearchAction\",\"target\":{\"@type\":\"EntryPoint\",\"urlTemplate\":\"https:\/\/www.celttv.com.ar\/?s={search_term_string}\"},\"query-input\":\"required name=search_term_string\"}],\"inLanguage\":\"es\"},{\"@type\":\"Organization\",\"@id\":\"https:\/\/www.celttv.com.ar\/#organization\",\"name\":\"CELTTV\",\"url\":\"https:\/\/www.celttv.com.ar\/\",\"sameAs\":[\"https:\/\/www.youtube.com\/channel\/UCz_oIt8Hig64Ub-EmcNPIhg\",\"https:\/\/www.facebook.com\/celtTV\/\"],\"logo\":{\"@type\":\"ImageObject\",\"inLanguage\":\"es\",\"@id\":\"https:\/\/www.celttv.com.ar\/#\/schema\/logo\/image\/\",\"url\":\"http:\/\/www.celttv.com.ar\/wp-content\/uploads\/2022\/08\/logo-1.png\",\"contentUrl\":\"http:\/\/www.celttv.com.ar\/wp-content\/uploads\/2022\/08\/logo-1.png\",\"width\":461,\"height\":159,\"caption\":\"CELTTV\"},\"image\":{\"@id\":\"https:\/\/www.celttv.com.ar\/#\/schema\/logo\/image\/\"}},{\"@type\":\"Person\",\"@id\":\"https:\/\/www.celttv.com.ar\/#\/schema\/person\/6d99c072dba59953809c81446e9d0ace\",\"name\":\"ulises\",\"image\":{\"@type\":\"ImageObject\",\"inLanguage\":\"es\",\"@id\":\"https:\/\/www.celttv.com.ar\/#\/schema\/person\/image\/\",\"url\":\"https:\/\/secure.gravatar.com\/avatar\/7f2c48bdc33b30088f941fb6082e555f2874c98e20cb159d7b92b50eadfce793?s=96&d=mm&r=g\",\"contentUrl\":\"https:\/\/secure.gravatar.com\/avatar\/7f2c48bdc33b30088f941fb6082e555f2874c98e20cb159d7b92b50eadfce793?s=96&d=mm&r=g\",\"caption\":\"ulises\"},\"sameAs\":[\"http:\/\/www.celttv.com.ar\"]}]}<\/script>\n<!-- \/ Yoast SEO plugin. -->","yoast_head_json":{"title":"Invitan a la charla virtual sobre \u201cGesti\u00f3n Responsable de Envases Vac\u00edos de Fitosanitarios\u201d - CELTTV","description":"Sitio web de noticias de la localidad de Tornquist, provincia de Buenos Aires, Rep\u00fablica Argentina. Contenido propio originado por periodistas de CELTTV, el canal de TV local de la Cooperativa El\u00e9ctrica de Tornquist. Turismo, Pol\u00edtica, Sociedad, Deporte, Cultura y todo el contenido de inter\u00e9s general que la gente del pueblo y la regi\u00f3n debe conocer.","robots":{"index":"index","follow":"follow","max-snippet":"max-snippet:-1","max-image-preview":"max-image-preview:large","max-video-preview":"max-video-preview:-1"},"canonical":"https:\/\/www.celttv.com.ar\/index.php\/2021\/05\/13\/invitan-a-la-charla-virtual-sobre-gestion-responsable-de-envases-vacios-de-fitosanitarios\/","og_locale":"es_ES","og_type":"article","og_title":"Invitan a la charla virtual sobre \u201cGesti\u00f3n Responsable de Envases Vac\u00edos de Fitosanitarios\u201d - CELTTV","og_description":"Sitio web de noticias de la localidad de Tornquist, provincia de Buenos Aires, Rep\u00fablica Argentina. Contenido propio originado por periodistas de CELTTV, el canal de TV local de la Cooperativa El\u00e9ctrica de Tornquist. Turismo, Pol\u00edtica, Sociedad, Deporte, Cultura y todo el contenido de inter\u00e9s general que la gente del pueblo y la regi\u00f3n debe conocer.","og_url":"https:\/\/www.celttv.com.ar\/index.php\/2021\/05\/13\/invitan-a-la-charla-virtual-sobre-gestion-responsable-de-envases-vacios-de-fitosanitarios\/","og_site_name":"CELTTV","article_publisher":"https:\/\/www.facebook.com\/celtTV\/","article_published_time":"2021-05-13T20:27:55+00:00","og_image":[{"width":903,"height":1280,"url":"https:\/\/www.celttv.com.ar\/wp-content\/uploads\/2021\/05\/FITOSANTARIOS.jpeg","type":"image\/jpeg"}],"author":"ulises","twitter_card":"summary_large_image","twitter_misc":{"Escrito por":"ulises"},"schema":{"@context":"https:\/\/schema.org","@graph":[{"@type":"NewsArticle","@id":"https:\/\/www.celttv.com.ar\/index.php\/2021\/05\/13\/invitan-a-la-charla-virtual-sobre-gestion-responsable-de-envases-vacios-de-fitosanitarios\/#article","isPartOf":{"@id":"https:\/\/www.celttv.com.ar\/index.php\/2021\/05\/13\/invitan-a-la-charla-virtual-sobre-gestion-responsable-de-envases-vacios-de-fitosanitarios\/"},"author":{"name":"ulises","@id":"https:\/\/www.celttv.com.ar\/#\/schema\/person\/6d99c072dba59953809c81446e9d0ace"},"headline":"Invitan a la charla virtual sobre \u201cGesti\u00f3n Responsable de Envases Vac\u00edos de Fitosanitarios\u201d","datePublished":"2021-05-13T20:27:55+00:00","dateModified":"2021-05-13T20:27:55+00:00","mainEntityOfPage":{"@id":"https:\/\/www.celttv.com.ar\/index.php\/2021\/05\/13\/invitan-a-la-charla-virtual-sobre-gestion-responsable-de-envases-vacios-de-fitosanitarios\/"},"wordCount":107,"publisher":{"@id":"https:\/\/www.celttv.com.ar\/#organization"},"articleSection":["Comunidad","Destacadas","Producci\u00f3n y Medio Ambiente"],"inLanguage":"es"},{"@type":"WebPage","@id":"https:\/\/www.celttv.com.ar\/index.php\/2021\/05\/13\/invitan-a-la-charla-virtual-sobre-gestion-responsable-de-envases-vacios-de-fitosanitarios\/","url":"https:\/\/www.celttv.com.ar\/index.php\/2021\/05\/13\/invitan-a-la-charla-virtual-sobre-gestion-responsable-de-envases-vacios-de-fitosanitarios\/","name":"Invitan a la charla virtual sobre \u201cGesti\u00f3n Responsable de Envases Vac\u00edos de Fitosanitarios\u201d - CELTTV","isPartOf":{"@id":"https:\/\/www.celttv.com.ar\/#website"},"datePublished":"2021-05-13T20:27:55+00:00","dateModified":"2021-05-13T20:27:55+00:00","description":"Sitio web de noticias de la localidad de Tornquist, provincia de Buenos Aires, Rep\u00fablica Argentina. Contenido propio originado por periodistas de CELTTV, el canal de TV local de la Cooperativa El\u00e9ctrica de Tornquist. Turismo, Pol\u00edtica, Sociedad, Deporte, Cultura y todo el contenido de inter\u00e9s general que la gente del pueblo y la regi\u00f3n debe conocer.","breadcrumb":{"@id":"https:\/\/www.celttv.com.ar\/index.php\/2021\/05\/13\/invitan-a-la-charla-virtual-sobre-gestion-responsable-de-envases-vacios-de-fitosanitarios\/#breadcrumb"},"inLanguage":"es","potentialAction":[{"@type":"ReadAction","target":["https:\/\/www.celttv.com.ar\/index.php\/2021\/05\/13\/invitan-a-la-charla-virtual-sobre-gestion-responsable-de-envases-vacios-de-fitosanitarios\/"]}]},{"@type":"BreadcrumbList","@id":"https:\/\/www.celttv.com.ar\/index.php\/2021\/05\/13\/invitan-a-la-charla-virtual-sobre-gestion-responsable-de-envases-vacios-de-fitosanitarios\/#breadcrumb","itemListElement":[{"@type":"ListItem","position":1,"name":"Inicio","item":"https:\/\/www.celttv.com.ar\/"},{"@type":"ListItem","position":2,"name":"Invitan a la charla virtual sobre \u201cGesti\u00f3n Responsable de Envases Vac\u00edos de Fitosanitarios\u201d"}]},{"@type":"WebSite","@id":"https:\/\/www.celttv.com.ar\/#website","url":"https:\/\/www.celttv.com.ar\/","name":"CELTTV","description":"Cooperativa El\u00e9ctrica de Tornquist","publisher":{"@id":"https:\/\/www.celttv.com.ar\/#organization"},"potentialAction":[{"@type":"SearchAction","target":{"@type":"EntryPoint","urlTemplate":"https:\/\/www.celttv.com.ar\/?s={search_term_string}"},"query-input":"required name=search_term_string"}],"inLanguage":"es"},{"@type":"Organization","@id":"https:\/\/www.celttv.com.ar\/#organization","name":"CELTTV","url":"https:\/\/www.celttv.com.ar\/","sameAs":["https:\/\/www.youtube.com\/channel\/UCz_oIt8Hig64Ub-EmcNPIhg","https:\/\/www.facebook.com\/celtTV\/"],"logo":{"@type":"ImageObject","inLanguage":"es","@id":"https:\/\/www.celttv.com.ar\/#\/schema\/logo\/image\/","url":"http:\/\/www.celttv.com.ar\/wp-content\/uploads\/2022\/08\/logo-1.png","contentUrl":"http:\/\/www.celttv.com.ar\/wp-content\/uploads\/2022\/08\/logo-1.png","width":461,"height":159,"caption":"CELTTV"},"image":{"@id":"https:\/\/www.celttv.com.ar\/#\/schema\/logo\/image\/"}},{"@type":"Person","@id":"https:\/\/www.celttv.com.ar\/#\/schema\/person\/6d99c072dba59953809c81446e9d0ace","name":"ulises","image":{"@type":"ImageObject","inLanguage":"es","@id":"https:\/\/www.celttv.com.ar\/#\/schema\/person\/image\/","url":"https:\/\/secure.gravatar.com\/avatar\/7f2c48bdc33b30088f941fb6082e555f2874c98e20cb159d7b92b50eadfce793?s=96&d=mm&r=g","contentUrl":"https:\/\/secure.gravatar.com\/avatar\/7f2c48bdc33b30088f941fb6082e555f2874c98e20cb159d7b92b50eadfce793?s=96&d=mm&r=g","caption":"ulises"},"sameAs":["http:\/\/www.celttv.com.ar"]}]}},"_links":{"self":[{"href":"https:\/\/www.celttv.com.ar\/index.php\/wp-json\/wp\/v2\/posts\/57660","targetHints":{"allow":["GET"]}}],"collection":[{"href":"https:\/\/www.celttv.com.ar\/index.php\/wp-json\/wp\/v2\/posts"}],"about":[{"href":"https:\/\/www.celttv.com.ar\/index.php\/wp-json\/wp\/v2\/types\/post"}],"author":[{"embeddable":true,"href":"https:\/\/www.celttv.com.ar\/index.php\/wp-json\/wp\/v2\/users\/1"}],"replies":[{"embeddable":true,"href":"https:\/\/www.celttv.com.ar\/index.php\/wp-json\/wp\/v2\/comments?post=57660"}],"version-history":[{"count":0,"href":"https:\/\/www.celttv.com.ar\/index.php\/wp-json\/wp\/v2\/posts\/57660\/revisions"}],"wp:featuredmedia":[{"embeddable":true,"href":"https:\/\/www.celttv.com.ar\/index.php\/wp-json\/wp\/v2\/media\/57661"}],"wp:attachment":[{"href":"https:\/\/www.celttv.com.ar\/index.php\/wp-json\/wp\/v2\/media?parent=57660"}],"wp:term":[{"taxonomy":"category","embeddable":true,"href":"https:\/\/www.celttv.com.ar\/index.php\/wp-json\/wp\/v2\/categories?post=57660"},{"taxonomy":"post_tag","embeddable":true,"href":"https:\/\/www.celttv.com.ar\/index.php\/wp-json\/wp\/v2\/tags?post=57660"}],"curies":[{"name":"wp","href":"https:\/\/api.w.org\/{rel}","templated":true}]}}