{"id":57663,"date":"2021-05-13T22:12:33","date_gmt":"2021-05-13T22:12:33","guid":{"rendered":"http:\/\/www.celttv.com.ar\/?p=57663"},"modified":"2021-05-13T22:12:33","modified_gmt":"2021-05-13T22:12:33","slug":"57663","status":"publish","type":"post","link":"https:\/\/www.celttv.com.ar\/index.php\/2021\/05\/13\/57663\/","title":{"rendered":"La lechuga, el aceite y la leche, m\u00e1s caros en el interior &#8211; Reporte Mensual de Precios- Fundaci\u00f3n COLSECOR"},"content":{"rendered":"\n<figure class=\"wp-block-table\"><table><tbody><tr><td>F<strong>undaci\u00f3n COLSECOR<br>Reporte mensual de precios | Abril<\/strong><br>\u00a0<strong>La lechuga, el aceite y la leche, m\u00e1s caros en el interior\u00a0<\/strong><br><br>Estos productos volvieron a alejarse del valor registrado en CABA durante abril. La lechuga a la cabeza, con una brecha del 116%.\u00a0<br><br>La\u00a0<strong>Fundaci\u00f3n COLSECOR<\/strong>\u00a0difundi\u00f3 un nuevo Reporte Mensual de Precios, que compara el valor promedio de 15 productos en localidades de nuestro pa\u00eds con el programa precios cuidados o hipermercados de la Ciudad Aut\u00f3noma de Buenos Aires.El informe<strong>\u00a0corresponde a los valores registrados en abril<\/strong>\u00a0en 44 localidades de siete provincias del pa\u00eds. Los productos cotejados conforman una canasta integrada por leche, aceite, harina, yerba mate, az\u00facar, lentejas, huevos, pan, lechuga, manzana, papa, vac\u00edo, nalga y pollo. Tambi\u00e9n se mide la bolsa de 50 kilos de cemento, que desde diciembre reemplaz\u00f3 a la nafta.Ingres\u00e1 al informe\u00a0<a rel=\"noreferrer noopener\" href=\"http:\/\/bit.ly\/RePreAbril2021\" target=\"_blank\">ac\u00e1<\/a><br><br>De los elementos estudiados,\u00a0<strong>la mayor diferencia se observ\u00f3 en la lechuga<\/strong>, cuyo valor promedio se ubic\u00f3 un 116% m\u00e1s que el del programa precios cuidados. Le siguieron el aceite con el 70% y la leche con el 49% mientras que los precios del pollo, la yerba y el az\u00facar se ubicaron entre el 30% y el 45% m\u00e1s elevados que los de referencia nacional.\u00a0<br>\u00a0<br><strong>El pan es el \u00fanico producto<\/strong>\u00a0<strong>que en todas las ediciones del RePre registr\u00f3 un precio m\u00e1s bajo en el interior<\/strong>. <br>En abril esa diferencia fue del -26%. Tambi\u00e9n se encontraron por debajo el los huevos, el cemento y la lenteja, que se situaron entre el -7% y -23%. La manzana por su parte, se ubic\u00f3 en -35%, siempre tomando como referencia los valores de CABA.\u00a0Con respecto a la\u00a0<strong>variaci\u00f3n intermensual<\/strong>, el alimento que mostr\u00f3 mayor diferencia con respecto a marzo fue la leche, que registr\u00f3 un aumento promedio del 12%, en tanto que el aceite subi\u00f3\u00a0 un 8%, la lechuga 7% y en el kilo de nalga y de vac\u00edo se observ\u00f3 un incremento del 6%.\u00a0Por otro lado, hay productos cuyos precios muestran\u00a0<strong>mayor estabilidad<\/strong>\u00a0a lo largo del territorio, como es el caso de los huevos cuyo precio promedio se increment\u00f3 un 2% desde junio, mes en el que comenz\u00f3 el relevamiento, y el az\u00facar, que s\u00f3lo subi\u00f3 4% desde ese momento.\u201cObservamos que hay productos con precios heterog\u00e9neos e inestables a lo largo del territorio, como pueden ser la lechuga y la manzana. Tambi\u00e9n hay otros que se mueven de manera m\u00e1s compacta a lo largo de nuestra geograf\u00eda como la carne, el aceite o la leche. En el caso de la carne, el a\u00f1o pasado se mostr\u00f3 estable con una fuerte suba hacia noviembre, mientras que se observ\u00f3 un comportamiento diferente en los precios del aceite y la leche, que registraron desde fines del a\u00f1o pasado un incremento sostenido e importante en todo el territorio nacional\u201d,\u00a0<strong>se\u00f1al\u00f3 la soci\u00f3loga Natalia Calcagno<\/strong>, coordinadora del proyecto.<br>\u00a0<br><a rel=\"noreferrer noopener\" href=\"http:\/\/bit.ly\/RePreAbril2021\" target=\"_blank\"><strong>Reporte Mensual Precios | Abril 2021 | Click ac\u00e1<\/strong><\/a>\u00a0<br><br><strong>Diferencias en el territorio<\/strong>En el Reporte Mensual de Precios que la Fundaci\u00f3n COLSECOR realiza desde junio del 2020 ininterrumpidamente, tambi\u00e9n se observ\u00f3\u00a0<strong>gran disparidad seg\u00fan el lugar donde se efectuaron los registros<\/strong>. <br>As\u00ed, puede advertirse que la lechuga, cuyo kilo cuesta $252 en Morteros est\u00e1 a $79 en Villa de Soto\u00a0 (ambas localidades de C\u00f3rdoba). Lo mismo sucede con la Manzana que en Pampayasta Sud (C\u00f3rdoba), se encuentra a $289, mientras que en Darregueira (Buenos Aires) se consigue este mes a $72. Otros casos similares tienen que ver con la papa, que est\u00e1 a $90 en Rojas (Buenos Aires) y a $35 en Las Varillas(C\u00f3rdoba) o el kilo de pollo, que puede encontrarse desde $285 en Rojas, Buenos Aires hasta $140 en Santa Trinidad, localidad de la misma provincia.\u00a0<br><br>\u00a0<strong>Las marcas<\/strong><br><br>En el reporte se detallan tambi\u00e9n las marcas que pueden encontrarse en las g\u00f3ndolas de los diferentes puntos estudiados en el pa\u00eds. En este sentido, se identifican varias nacionales que abastecen todo el territorio, con precios variados.<br><br>\u00a0<strong>En general se observan pocas marcas locales<\/strong>.\u00a0 <br><br>La yerba mate y el az\u00facar son los productos con mayor variedad ofertada (35 y 34 marcas respectivamente).\u00a0<br><br><strong>Ranking<\/strong><br><br>El informe elabora adem\u00e1s un ranking que incluye las diez\u00a0<strong>localidades donde se encontraron valores m\u00e1s econ\u00f3micos en los productos y aquellas donde se encontraron precios m\u00e1s elevados<\/strong>.<br><br>\u00a0En la primera categor\u00eda, teniendo siempre en cuenta el mes de abril, seis localidades son de C\u00f3rdoba, (Villa de Soto, Tuclame, Punta del Agua, Las Varillas, Villa Huidobro y Paso Viejo),\u00a0 tres son de Buenos Aires (Santa Trinidad, Tres Arroyos y Darregueira) y una de Santa Fe (San Guillermo).<br>Con respecto a las que registraron precios m\u00e1s elevados, cuatro localidades se encuentran en la provincia de La Pampa (Colonia Santa Mar\u00eda, General Campos, Per\u00fa y Unanue), cuatro de C\u00f3rdoba (Hernando, Morteros, Las Varas y Saturnino Maria Laspiur). <br>Se suman Fuentes (Santa Fe) y Rojas (Buenos Aires).\u00a0<br><br><a rel=\"noreferrer noopener\" href=\"https:\/\/my.visme.co\/view\/1jyy7x4m-abril-2021\" target=\"_blank\"><strong>RePre | Informe interactivo | Click ac\u00e1<\/strong><\/a><\/td><\/tr><tr><td><br><strong>Reporte MensualEl\u00a0Reporte Mensual de Precios\u00a0<\/strong>se realiza en el marco del proyecto del<strong><a rel=\"noreferrer noopener\" href=\"http:\/\/fundacioncolsecor.org.ar\/que-es-el-relevamiento-social-comunitario-2020\/\" target=\"_blank\">\u00a0Relevamiento Social Comunitario<\/a>\u00a0<\/strong>que lleva adelante la<strong>\u00a0Fundaci\u00f3n COLSECOR junto a cooperativas de servicios p\u00fablicos.\u00a0<\/strong><br>El Relevamiento, que se realiz\u00f3 en localidades del interior y va por su tercera edici\u00f3n en este\u00a02021, tiene como objetivo generar informaci\u00f3n actualizada que sea el sustento de iniciativas que contribuyan al desarrollo local. Busca adem\u00e1s conocer la realidad del interior argentino y visibilizar su diversidad.\u00a0<br>La\u00a0<strong>Fundaci\u00f3n COLSECOR naci\u00f3 en el 2018,<\/strong>\u00a0con el fin de promover la Econom\u00eda Social y el desarrollo de las localidades donde las cooperativas se encuentran insertas.\u00a0<br><strong>Su presidente honorario es Jos\u00e9 \u201cPepe\u201d Mujica<\/strong>.<strong>COLSECOR\u00a0<\/strong>es una integraci\u00f3n de cooperativas y Pymes, que desde 1995 re\u00fane a entidades que prestan servicios de televisi\u00f3n por cable y telecomunicaciones en 270 comunidades de Argentina.<\/td><\/tr><\/tbody><\/table><\/figure>\n","protected":false},"excerpt":{"rendered":"<p>Fundaci\u00f3n COLSECORReporte mensual de precios | Abril\u00a0La lechuga, el aceite y la leche, m\u00e1s caros en el interior\u00a0 Estos productos volvieron a alejarse del valor registrado en CABA durante abril. La lechuga a la cabeza, con una brecha del 116%.\u00a0 La\u00a0Fundaci\u00f3n COLSECOR\u00a0difundi\u00f3 un nuevo Reporte Mensual de Precios, que compara el valor promedio de 15 [&hellip;]<\/p>\n","protected":false},"author":1,"featured_media":57664,"comment_status":"closed","ping_status":"open","sticky":false,"template":"","format":"standard","meta":{"footnotes":""},"categories":[51,52,59,65],"tags":[],"class_list":["post-57663","post","type-post","status-publish","format-standard","has-post-thumbnail","hentry","category-comunidad","category-destacadas","category-municipales","category-produccion"],"yoast_head":"<!-- This site is optimized with the Yoast SEO plugin v19.7.1 - https:\/\/yoast.com\/wordpress\/plugins\/seo\/ -->\n<title>La lechuga, el aceite y la leche, m\u00e1s caros en el interior - Reporte Mensual de Precios- Fundaci\u00f3n COLSECOR - CELTTV<\/title>\n<meta name=\"description\" content=\"Sitio web de noticias de la localidad de Tornquist, provincia de Buenos Aires, Rep\u00fablica Argentina. Contenido propio originado por periodistas de CELTTV, el canal de TV local de la Cooperativa El\u00e9ctrica de Tornquist. Turismo, Pol\u00edtica, Sociedad, Deporte, Cultura y todo el contenido de inter\u00e9s general que la gente del pueblo y la regi\u00f3n debe conocer.\" \/>\n<meta name=\"robots\" content=\"index, follow, max-snippet:-1, max-image-preview:large, max-video-preview:-1\" \/>\n<link rel=\"canonical\" href=\"https:\/\/www.celttv.com.ar\/index.php\/2021\/05\/13\/57663\/\" \/>\n<meta property=\"og:locale\" content=\"es_ES\" \/>\n<meta property=\"og:type\" content=\"article\" \/>\n<meta property=\"og:title\" content=\"La lechuga, el aceite y la leche, m\u00e1s caros en el interior - Reporte Mensual de Precios- Fundaci\u00f3n COLSECOR - CELTTV\" \/>\n<meta property=\"og:description\" content=\"Sitio web de noticias de la localidad de Tornquist, provincia de Buenos Aires, Rep\u00fablica Argentina. Contenido propio originado por periodistas de CELTTV, el canal de TV local de la Cooperativa El\u00e9ctrica de Tornquist. Turismo, Pol\u00edtica, Sociedad, Deporte, Cultura y todo el contenido de inter\u00e9s general que la gente del pueblo y la regi\u00f3n debe conocer.\" \/>\n<meta property=\"og:url\" content=\"https:\/\/www.celttv.com.ar\/index.php\/2021\/05\/13\/57663\/\" \/>\n<meta property=\"og:site_name\" content=\"CELTTV\" \/>\n<meta property=\"article:publisher\" content=\"https:\/\/www.facebook.com\/celtTV\/\" \/>\n<meta property=\"article:published_time\" content=\"2021-05-13T22:12:33+00:00\" \/>\n<meta property=\"og:image\" content=\"https:\/\/www.celttv.com.ar\/wp-content\/uploads\/2021\/05\/FUNDACION-PRECIOS.jpg\" \/>\n\t<meta property=\"og:image:width\" content=\"476\" \/>\n\t<meta property=\"og:image:height\" content=\"248\" \/>\n\t<meta property=\"og:image:type\" content=\"image\/jpeg\" \/>\n<meta name=\"author\" content=\"ulises\" \/>\n<meta name=\"twitter:card\" content=\"summary_large_image\" \/>\n<meta name=\"twitter:label1\" content=\"Escrito por\" \/>\n\t<meta name=\"twitter:data1\" content=\"ulises\" \/>\n\t<meta name=\"twitter:label2\" content=\"Tiempo de lectura\" \/>\n\t<meta name=\"twitter:data2\" content=\"5 minutos\" \/>\n<script type=\"application\/ld+json\" class=\"yoast-schema-graph\">{\"@context\":\"https:\/\/schema.org\",\"@graph\":[{\"@type\":\"NewsArticle\",\"@id\":\"https:\/\/www.celttv.com.ar\/index.php\/2021\/05\/13\/57663\/#article\",\"isPartOf\":{\"@id\":\"https:\/\/www.celttv.com.ar\/index.php\/2021\/05\/13\/57663\/\"},\"author\":{\"name\":\"ulises\",\"@id\":\"https:\/\/www.celttv.com.ar\/#\/schema\/person\/6d99c072dba59953809c81446e9d0ace\"},\"headline\":\"La lechuga, el aceite y la leche, m\u00e1s caros en el interior &#8211; Reporte Mensual de Precios- Fundaci\u00f3n COLSECOR\",\"datePublished\":\"2021-05-13T22:12:33+00:00\",\"dateModified\":\"2021-05-13T22:12:33+00:00\",\"mainEntityOfPage\":{\"@id\":\"https:\/\/www.celttv.com.ar\/index.php\/2021\/05\/13\/57663\/\"},\"wordCount\":986,\"publisher\":{\"@id\":\"https:\/\/www.celttv.com.ar\/#organization\"},\"articleSection\":[\"Comunidad\",\"Destacadas\",\"Municipales\",\"Producci\u00f3n y Medio Ambiente\"],\"inLanguage\":\"es\"},{\"@type\":\"WebPage\",\"@id\":\"https:\/\/www.celttv.com.ar\/index.php\/2021\/05\/13\/57663\/\",\"url\":\"https:\/\/www.celttv.com.ar\/index.php\/2021\/05\/13\/57663\/\",\"name\":\"La lechuga, el aceite y la leche, m\u00e1s caros en el interior - Reporte Mensual de Precios- Fundaci\u00f3n COLSECOR - CELTTV\",\"isPartOf\":{\"@id\":\"https:\/\/www.celttv.com.ar\/#website\"},\"datePublished\":\"2021-05-13T22:12:33+00:00\",\"dateModified\":\"2021-05-13T22:12:33+00:00\",\"description\":\"Sitio web de noticias de la localidad de Tornquist, provincia de Buenos Aires, Rep\u00fablica Argentina. Contenido propio originado por periodistas de CELTTV, el canal de TV local de la Cooperativa El\u00e9ctrica de Tornquist. Turismo, Pol\u00edtica, Sociedad, Deporte, Cultura y todo el contenido de inter\u00e9s general que la gente del pueblo y la regi\u00f3n debe conocer.\",\"breadcrumb\":{\"@id\":\"https:\/\/www.celttv.com.ar\/index.php\/2021\/05\/13\/57663\/#breadcrumb\"},\"inLanguage\":\"es\",\"potentialAction\":[{\"@type\":\"ReadAction\",\"target\":[\"https:\/\/www.celttv.com.ar\/index.php\/2021\/05\/13\/57663\/\"]}]},{\"@type\":\"BreadcrumbList\",\"@id\":\"https:\/\/www.celttv.com.ar\/index.php\/2021\/05\/13\/57663\/#breadcrumb\",\"itemListElement\":[{\"@type\":\"ListItem\",\"position\":1,\"name\":\"Inicio\",\"item\":\"https:\/\/www.celttv.com.ar\/\"},{\"@type\":\"ListItem\",\"position\":2,\"name\":\"La lechuga, el aceite y la leche, m\u00e1s caros en el interior &#8211; Reporte Mensual de Precios- Fundaci\u00f3n COLSECOR\"}]},{\"@type\":\"WebSite\",\"@id\":\"https:\/\/www.celttv.com.ar\/#website\",\"url\":\"https:\/\/www.celttv.com.ar\/\",\"name\":\"CELTTV\",\"description\":\"Cooperativa El\u00e9ctrica de Tornquist\",\"publisher\":{\"@id\":\"https:\/\/www.celttv.com.ar\/#organization\"},\"potentialAction\":[{\"@type\":\"SearchAction\",\"target\":{\"@type\":\"EntryPoint\",\"urlTemplate\":\"https:\/\/www.celttv.com.ar\/?s={search_term_string}\"},\"query-input\":\"required name=search_term_string\"}],\"inLanguage\":\"es\"},{\"@type\":\"Organization\",\"@id\":\"https:\/\/www.celttv.com.ar\/#organization\",\"name\":\"CELTTV\",\"url\":\"https:\/\/www.celttv.com.ar\/\",\"sameAs\":[\"https:\/\/www.youtube.com\/channel\/UCz_oIt8Hig64Ub-EmcNPIhg\",\"https:\/\/www.facebook.com\/celtTV\/\"],\"logo\":{\"@type\":\"ImageObject\",\"inLanguage\":\"es\",\"@id\":\"https:\/\/www.celttv.com.ar\/#\/schema\/logo\/image\/\",\"url\":\"http:\/\/www.celttv.com.ar\/wp-content\/uploads\/2022\/08\/logo-1.png\",\"contentUrl\":\"http:\/\/www.celttv.com.ar\/wp-content\/uploads\/2022\/08\/logo-1.png\",\"width\":461,\"height\":159,\"caption\":\"CELTTV\"},\"image\":{\"@id\":\"https:\/\/www.celttv.com.ar\/#\/schema\/logo\/image\/\"}},{\"@type\":\"Person\",\"@id\":\"https:\/\/www.celttv.com.ar\/#\/schema\/person\/6d99c072dba59953809c81446e9d0ace\",\"name\":\"ulises\",\"image\":{\"@type\":\"ImageObject\",\"inLanguage\":\"es\",\"@id\":\"https:\/\/www.celttv.com.ar\/#\/schema\/person\/image\/\",\"url\":\"https:\/\/secure.gravatar.com\/avatar\/7f2c48bdc33b30088f941fb6082e555f2874c98e20cb159d7b92b50eadfce793?s=96&d=mm&r=g\",\"contentUrl\":\"https:\/\/secure.gravatar.com\/avatar\/7f2c48bdc33b30088f941fb6082e555f2874c98e20cb159d7b92b50eadfce793?s=96&d=mm&r=g\",\"caption\":\"ulises\"},\"sameAs\":[\"http:\/\/www.celttv.com.ar\"]}]}<\/script>\n<!-- \/ Yoast SEO plugin. -->","yoast_head_json":{"title":"La lechuga, el aceite y la leche, m\u00e1s caros en el interior - Reporte Mensual de Precios- Fundaci\u00f3n COLSECOR - CELTTV","description":"Sitio web de noticias de la localidad de Tornquist, provincia de Buenos Aires, Rep\u00fablica Argentina. Contenido propio originado por periodistas de CELTTV, el canal de TV local de la Cooperativa El\u00e9ctrica de Tornquist. Turismo, Pol\u00edtica, Sociedad, Deporte, Cultura y todo el contenido de inter\u00e9s general que la gente del pueblo y la regi\u00f3n debe conocer.","robots":{"index":"index","follow":"follow","max-snippet":"max-snippet:-1","max-image-preview":"max-image-preview:large","max-video-preview":"max-video-preview:-1"},"canonical":"https:\/\/www.celttv.com.ar\/index.php\/2021\/05\/13\/57663\/","og_locale":"es_ES","og_type":"article","og_title":"La lechuga, el aceite y la leche, m\u00e1s caros en el interior - Reporte Mensual de Precios- Fundaci\u00f3n COLSECOR - CELTTV","og_description":"Sitio web de noticias de la localidad de Tornquist, provincia de Buenos Aires, Rep\u00fablica Argentina. Contenido propio originado por periodistas de CELTTV, el canal de TV local de la Cooperativa El\u00e9ctrica de Tornquist. Turismo, Pol\u00edtica, Sociedad, Deporte, Cultura y todo el contenido de inter\u00e9s general que la gente del pueblo y la regi\u00f3n debe conocer.","og_url":"https:\/\/www.celttv.com.ar\/index.php\/2021\/05\/13\/57663\/","og_site_name":"CELTTV","article_publisher":"https:\/\/www.facebook.com\/celtTV\/","article_published_time":"2021-05-13T22:12:33+00:00","og_image":[{"width":476,"height":248,"url":"https:\/\/www.celttv.com.ar\/wp-content\/uploads\/2021\/05\/FUNDACION-PRECIOS.jpg","type":"image\/jpeg"}],"author":"ulises","twitter_card":"summary_large_image","twitter_misc":{"Escrito por":"ulises","Tiempo de lectura":"5 minutos"},"schema":{"@context":"https:\/\/schema.org","@graph":[{"@type":"NewsArticle","@id":"https:\/\/www.celttv.com.ar\/index.php\/2021\/05\/13\/57663\/#article","isPartOf":{"@id":"https:\/\/www.celttv.com.ar\/index.php\/2021\/05\/13\/57663\/"},"author":{"name":"ulises","@id":"https:\/\/www.celttv.com.ar\/#\/schema\/person\/6d99c072dba59953809c81446e9d0ace"},"headline":"La lechuga, el aceite y la leche, m\u00e1s caros en el interior &#8211; Reporte Mensual de Precios- Fundaci\u00f3n COLSECOR","datePublished":"2021-05-13T22:12:33+00:00","dateModified":"2021-05-13T22:12:33+00:00","mainEntityOfPage":{"@id":"https:\/\/www.celttv.com.ar\/index.php\/2021\/05\/13\/57663\/"},"wordCount":986,"publisher":{"@id":"https:\/\/www.celttv.com.ar\/#organization"},"articleSection":["Comunidad","Destacadas","Municipales","Producci\u00f3n y Medio Ambiente"],"inLanguage":"es"},{"@type":"WebPage","@id":"https:\/\/www.celttv.com.ar\/index.php\/2021\/05\/13\/57663\/","url":"https:\/\/www.celttv.com.ar\/index.php\/2021\/05\/13\/57663\/","name":"La lechuga, el aceite y la leche, m\u00e1s caros en el interior - Reporte Mensual de Precios- Fundaci\u00f3n COLSECOR - CELTTV","isPartOf":{"@id":"https:\/\/www.celttv.com.ar\/#website"},"datePublished":"2021-05-13T22:12:33+00:00","dateModified":"2021-05-13T22:12:33+00:00","description":"Sitio web de noticias de la localidad de Tornquist, provincia de Buenos Aires, Rep\u00fablica Argentina. Contenido propio originado por periodistas de CELTTV, el canal de TV local de la Cooperativa El\u00e9ctrica de Tornquist. Turismo, Pol\u00edtica, Sociedad, Deporte, Cultura y todo el contenido de inter\u00e9s general que la gente del pueblo y la regi\u00f3n debe conocer.","breadcrumb":{"@id":"https:\/\/www.celttv.com.ar\/index.php\/2021\/05\/13\/57663\/#breadcrumb"},"inLanguage":"es","potentialAction":[{"@type":"ReadAction","target":["https:\/\/www.celttv.com.ar\/index.php\/2021\/05\/13\/57663\/"]}]},{"@type":"BreadcrumbList","@id":"https:\/\/www.celttv.com.ar\/index.php\/2021\/05\/13\/57663\/#breadcrumb","itemListElement":[{"@type":"ListItem","position":1,"name":"Inicio","item":"https:\/\/www.celttv.com.ar\/"},{"@type":"ListItem","position":2,"name":"La lechuga, el aceite y la leche, m\u00e1s caros en el interior &#8211; Reporte Mensual de Precios- Fundaci\u00f3n COLSECOR"}]},{"@type":"WebSite","@id":"https:\/\/www.celttv.com.ar\/#website","url":"https:\/\/www.celttv.com.ar\/","name":"CELTTV","description":"Cooperativa El\u00e9ctrica de Tornquist","publisher":{"@id":"https:\/\/www.celttv.com.ar\/#organization"},"potentialAction":[{"@type":"SearchAction","target":{"@type":"EntryPoint","urlTemplate":"https:\/\/www.celttv.com.ar\/?s={search_term_string}"},"query-input":"required name=search_term_string"}],"inLanguage":"es"},{"@type":"Organization","@id":"https:\/\/www.celttv.com.ar\/#organization","name":"CELTTV","url":"https:\/\/www.celttv.com.ar\/","sameAs":["https:\/\/www.youtube.com\/channel\/UCz_oIt8Hig64Ub-EmcNPIhg","https:\/\/www.facebook.com\/celtTV\/"],"logo":{"@type":"ImageObject","inLanguage":"es","@id":"https:\/\/www.celttv.com.ar\/#\/schema\/logo\/image\/","url":"http:\/\/www.celttv.com.ar\/wp-content\/uploads\/2022\/08\/logo-1.png","contentUrl":"http:\/\/www.celttv.com.ar\/wp-content\/uploads\/2022\/08\/logo-1.png","width":461,"height":159,"caption":"CELTTV"},"image":{"@id":"https:\/\/www.celttv.com.ar\/#\/schema\/logo\/image\/"}},{"@type":"Person","@id":"https:\/\/www.celttv.com.ar\/#\/schema\/person\/6d99c072dba59953809c81446e9d0ace","name":"ulises","image":{"@type":"ImageObject","inLanguage":"es","@id":"https:\/\/www.celttv.com.ar\/#\/schema\/person\/image\/","url":"https:\/\/secure.gravatar.com\/avatar\/7f2c48bdc33b30088f941fb6082e555f2874c98e20cb159d7b92b50eadfce793?s=96&d=mm&r=g","contentUrl":"https:\/\/secure.gravatar.com\/avatar\/7f2c48bdc33b30088f941fb6082e555f2874c98e20cb159d7b92b50eadfce793?s=96&d=mm&r=g","caption":"ulises"},"sameAs":["http:\/\/www.celttv.com.ar"]}]}},"_links":{"self":[{"href":"https:\/\/www.celttv.com.ar\/index.php\/wp-json\/wp\/v2\/posts\/57663","targetHints":{"allow":["GET"]}}],"collection":[{"href":"https:\/\/www.celttv.com.ar\/index.php\/wp-json\/wp\/v2\/posts"}],"about":[{"href":"https:\/\/www.celttv.com.ar\/index.php\/wp-json\/wp\/v2\/types\/post"}],"author":[{"embeddable":true,"href":"https:\/\/www.celttv.com.ar\/index.php\/wp-json\/wp\/v2\/users\/1"}],"replies":[{"embeddable":true,"href":"https:\/\/www.celttv.com.ar\/index.php\/wp-json\/wp\/v2\/comments?post=57663"}],"version-history":[{"count":0,"href":"https:\/\/www.celttv.com.ar\/index.php\/wp-json\/wp\/v2\/posts\/57663\/revisions"}],"wp:featuredmedia":[{"embeddable":true,"href":"https:\/\/www.celttv.com.ar\/index.php\/wp-json\/wp\/v2\/media\/57664"}],"wp:attachment":[{"href":"https:\/\/www.celttv.com.ar\/index.php\/wp-json\/wp\/v2\/media?parent=57663"}],"wp:term":[{"taxonomy":"category","embeddable":true,"href":"https:\/\/www.celttv.com.ar\/index.php\/wp-json\/wp\/v2\/categories?post=57663"},{"taxonomy":"post_tag","embeddable":true,"href":"https:\/\/www.celttv.com.ar\/index.php\/wp-json\/wp\/v2\/tags?post=57663"}],"curies":[{"name":"wp","href":"https:\/\/api.w.org\/{rel}","templated":true}]}}